{"id":28554,"date":"2026-04-15T09:50:48","date_gmt":"2026-04-15T09:50:48","guid":{"rendered":"https:\/\/dpress.ma\/fr\/?p=28554"},"modified":"2026-04-15T09:50:52","modified_gmt":"2026-04-15T09:50:52","slug":"festival-national-des-arts-plastiques-plusieurs-eleves-distingues-lors-de-la-4e-edition-a-casablanca","status":"publish","type":"post","link":"https:\/\/dpress.ma\/fr\/2026\/04\/15\/festival-national-des-arts-plastiques-plusieurs-eleves-distingues-lors-de-la-4e-edition-a-casablanca\/","title":{"rendered":"Festival national des arts plastiques : plusieurs \u00e9l\u00e8ves distingu\u00e9s lors de la 4\u00e8 \u00e9dition \u00e0 Casablanca"},"content":{"rendered":"\n<p class=\"wp-block-paragraph\">Dpress<\/p>\n\n\n\n<p class=\"wp-block-paragraph\">Plusieurs \u00e9l\u00e8ves ont \u00e9t\u00e9 distingu\u00e9s, mardi, au Centre r\u00e9gional des m\u00e9tiers de l\u2019\u00e9ducation et de la formation (CRMEF) de Casablanca, lors de la c\u00e9r\u00e9monie de cl\u00f4ture de la 4\u00e8 \u00e9dition du Festival national des arts plastiques (FNAP), organis\u00e9e autour du th\u00e8me \u201cLes arts plastiques, langage de l\u2019appartenance africaine\u201d.<\/p>\n\n\n\n<p class=\"wp-block-paragraph\">Initi\u00e9e par l\u2019Acad\u00e9mie r\u00e9gionale d\u2019\u00e9ducation et de formation (AREF) de Casablanca-Settat, cette manifestation s\u2019inscrit dans une dynamique nationale visant \u00e0 renforcer la coop\u00e9ration entre les acad\u00e9mies r\u00e9gionales dans les domaines culturel et artistique, tout en offrant aux \u00e9l\u00e8ves un espace d\u2019expression, d\u2019\u00e9change et de valorisation de leurs talents cr\u00e9atifs.<\/p>\n\n\n\n<p class=\"wp-block-paragraph\">La phase finale de cette \u00e9dition du festival a r\u00e9uni 43 participants repr\u00e9sentant quatre cat\u00e9gories, \u00e0 savoir les personnes \u00e0 besoins sp\u00e9cifiques, l\u2019enseignement primaire, le secondaire coll\u00e9gial et le secondaire qualifiant.<\/p>\n\n\n\n<p class=\"wp-block-paragraph\">Ainsi, au niveau de l\u2019enseignement secondaire qualifiant le premier prix est revenu \u00e0 Fatima Zahra Mafrah Eddine, devant Salah Eddine Rezouki et Sara Ezhidi.<\/p>\n\n\n\n<p class=\"wp-block-paragraph\">S\u2019agissant de l\u2019enseignement secondaire coll\u00e9gial, Bouchra Fachar s\u2019est class\u00e9e premi\u00e8re, suivie de Hajar Aiki et Norhan Souna.<\/p>\n\n\n\n<p class=\"wp-block-paragraph\">En ce qui concerne la cat\u00e9gorie des personnes \u00e0 besoins sp\u00e9cifiques, le premier prix a \u00e9t\u00e9 attribu\u00e9 \u00e0 Nouh Tabernite, suivi de Saber El Meskini et de Khaoula Boudlal.<\/p>\n\n\n\n<p class=\"wp-block-paragraph\">Pour l\u2019enseignement primaire, Fatima Zahra Ouldi a remport\u00e9 la premi\u00e8re place, devant Achraf Taha Kabidi et Hafsa Klito.<\/p>\n\n\n\n<p class=\"wp-block-paragraph\">Plusieurs prix d\u2019honneur ont \u00e9galement \u00e9t\u00e9 remis \u00e0 des \u00e9l\u00e8ves des diff\u00e9rentes cat\u00e9gories, en reconnaissance de la qualit\u00e9 artistique de leurs \u0153uvres et de leur engagement cr\u00e9atif.<\/p>\n\n\n\n<p class=\"wp-block-paragraph\">Intervenant \u00e0 cette occasion, le directeur de l\u2019AREF de Casablanca-Settat, Mohamed Dib, a soulign\u00e9 que cet \u00e9v\u00e9nement constitue une plateforme nationale d\u00e9di\u00e9e \u00e0 la promotion de la cr\u00e9ativit\u00e9 artistique des \u00e9l\u00e8ves issus des diff\u00e9rentes r\u00e9gions du Royaume.<\/p>\n\n\n\n<p class=\"wp-block-paragraph\">Il a pr\u00e9cis\u00e9 que cette \u00e9dition s\u2019inscrit dans la mise en \u0153uvre de la feuille de route 2022-2026 pour une \u00e9cole publique de qualit\u00e9, notamment \u00e0 travers le programme relatif au d\u00e9veloppement des activit\u00e9s parascolaires, visant \u00e0 renforcer les comp\u00e9tences des apprenants et \u00e0 affiner leurs talents.<\/p>\n\n\n\n<p class=\"wp-block-paragraph\">De son c\u00f4t\u00e9, le coordonnateur national du programme des activit\u00e9s parascolaires au minist\u00e8re de l\u2019\u00c9ducation nationale, du Pr\u00e9scolaire et des Sports, Mbark Mezene, a indiqu\u00e9 que ce festival repr\u00e9sente un levier essentiel pour l\u2019ancrage des valeurs \u00e0 travers les arts visuels.<\/p>\n\n\n\n<p class=\"wp-block-paragraph\">Il a ajout\u00e9 que cette initiative s\u2019inscrit dans le cadre de la mise en \u0153uvre des dispositions de la loi-cadre 51-17 et de la feuille de route 2022-2026, contribuant ainsi \u00e0 faire de l\u2019\u00e9tablissement scolaire un espace attractif, inclusif et ouvert sur son environnement culturel.<\/p>\n\n\n\n<p class=\"wp-block-paragraph\">Dans une d\u00e9claration \u00e0 la presse, Lahcen Benbouta, inspecteur p\u00e9dagogique r\u00e9gional sp\u00e9cialis\u00e9 en arts plastiques et arts appliqu\u00e9s \u00e0 l\u2019AREF de Casablanca-Settat, a, pour sa part, relev\u00e9 que cette \u00e9dition, organis\u00e9e dans le cadre du r\u00e9seautage th\u00e9matique entre les acad\u00e9mies, a permis de mettre en lumi\u00e8re les talents artistiques des apprenants ainsi que les valeurs v\u00e9hicul\u00e9es \u00e0 travers leurs cr\u00e9ations.<\/p>\n\n\n\n<p class=\"wp-block-paragraph\">La c\u00e9r\u00e9monie de cl\u00f4ture de ce festival a \u00e9t\u00e9 ponctu\u00e9e par des spectacles artistiques pr\u00e9sent\u00e9s par des \u00e9l\u00e8ves de l\u2019AREF Casablanca-Settat.<\/p>\n","protected":false},"excerpt":{"rendered":"<p>Dpress Plusieurs \u00e9l\u00e8ves ont \u00e9t\u00e9 distingu\u00e9s, mardi, au Centre r\u00e9gional des m\u00e9tiers de l\u2019\u00e9ducation et de la formation (CRMEF) de Casablanca, lors de la c\u00e9r\u00e9monie de cl\u00f4ture de la 4\u00e8 \u00e9dition du Festival national des arts plastiques (FNAP), organis\u00e9e autour du th\u00e8me \u201cLes arts plastiques, langage de l\u2019appartenance africaine\u201d. Initi\u00e9e par l\u2019Acad\u00e9mie r\u00e9gionale d\u2019\u00e9ducation et &hellip;<\/p>\n","protected":false},"author":2,"featured_media":28555,"comment_status":"open","ping_status":"open","sticky":false,"template":"","format":"standard","meta":{"footnotes":""},"categories":[31],"tags":[],"class_list":["post-28554","post","type-post","status-publish","format-standard","has-post-thumbnail","hentry","category-art-et-culture"],"yoast_head":"<!-- This site is optimized with the Yoast SEO plugin v28.0 - https:\/\/yoast.com\/product\/yoast-seo-wordpress\/ -->\n<title>Festival national des arts plastiques : plusieurs \u00e9l\u00e8ves distingu\u00e9s lors de la 4\u00e8 \u00e9dition \u00e0 Casablanca - Dpress.ma\/fr<\/title>\n<meta name=\"robots\" content=\"index, follow, max-snippet:-1, max-image-preview:large, max-video-preview:-1\" \/>\n<link rel=\"canonical\" href=\"https:\/\/dpress.ma\/fr\/2026\/04\/15\/festival-national-des-arts-plastiques-plusieurs-eleves-distingues-lors-de-la-4e-edition-a-casablanca\/\" \/>\n<meta property=\"og:locale\" content=\"fr_FR\" \/>\n<meta property=\"og:type\" content=\"article\" \/>\n<meta property=\"og:title\" content=\"Festival national des arts plastiques : plusieurs \u00e9l\u00e8ves distingu\u00e9s lors de la 4\u00e8 \u00e9dition \u00e0 Casablanca - Dpress.ma\/fr\" \/>\n<meta property=\"og:description\" content=\"Dpress Plusieurs \u00e9l\u00e8ves ont \u00e9t\u00e9 distingu\u00e9s, mardi, au Centre r\u00e9gional des m\u00e9tiers de l\u2019\u00e9ducation et de la formation (CRMEF) de Casablanca, lors de la c\u00e9r\u00e9monie de cl\u00f4ture de la 4\u00e8 \u00e9dition du Festival national des arts plastiques (FNAP), organis\u00e9e autour du th\u00e8me \u201cLes arts plastiques, langage de l\u2019appartenance africaine\u201d. Initi\u00e9e par l\u2019Acad\u00e9mie r\u00e9gionale d\u2019\u00e9ducation et &hellip;\" \/>\n<meta property=\"og:url\" content=\"https:\/\/dpress.ma\/fr\/2026\/04\/15\/festival-national-des-arts-plastiques-plusieurs-eleves-distingues-lors-de-la-4e-edition-a-casablanca\/\" \/>\n<meta property=\"og:site_name\" content=\"Dpress.ma\/fr\" \/>\n<meta property=\"article:published_time\" content=\"2026-04-15T09:50:48+00:00\" \/>\n<meta property=\"article:modified_time\" content=\"2026-04-15T09:50:52+00:00\" \/>\n<meta property=\"og:image\" content=\"https:\/\/dpress.ma\/fr\/wp-content\/uploads\/sites\/2\/2026\/04\/49-10.jpg\" \/>\n\t<meta property=\"og:image:width\" content=\"2539\" \/>\n\t<meta property=\"og:image:height\" content=\"1594\" \/>\n\t<meta property=\"og:image:type\" content=\"image\/jpeg\" \/>\n<meta name=\"author\" content=\"Dpress.ma\" \/>\n<meta name=\"twitter:card\" content=\"summary_large_image\" \/>\n<meta name=\"twitter:label1\" content=\"\u00c9crit par\" \/>\n\t<meta name=\"twitter:data1\" content=\"Dpress.ma\" \/>\n\t<meta name=\"twitter:label2\" content=\"Dur\u00e9e de lecture estim\u00e9e\" \/>\n\t<meta name=\"twitter:data2\" content=\"3 minutes\" \/>\n<script type=\"application\/ld+json\" class=\"yoast-schema-graph\">{\"@context\":\"https:\\\/\\\/schema.org\",\"@graph\":[{\"@type\":\"Article\",\"@id\":\"https:\\\/\\\/dpress.ma\\\/fr\\\/2026\\\/04\\\/15\\\/festival-national-des-arts-plastiques-plusieurs-eleves-distingues-lors-de-la-4e-edition-a-casablanca\\\/#article\",\"isPartOf\":{\"@id\":\"https:\\\/\\\/dpress.ma\\\/fr\\\/2026\\\/04\\\/15\\\/festival-national-des-arts-plastiques-plusieurs-eleves-distingues-lors-de-la-4e-edition-a-casablanca\\\/\"},\"author\":{\"name\":\"Dpress.ma\",\"@id\":\"https:\\\/\\\/dpress.ma\\\/fr\\\/#\\\/schema\\\/person\\\/4898febf3ccd59e6578d838656a306a0\"},\"headline\":\"Festival national des arts plastiques : plusieurs \u00e9l\u00e8ves distingu\u00e9s lors de la 4\u00e8 \u00e9dition \u00e0 Casablanca\",\"datePublished\":\"2026-04-15T09:50:48+00:00\",\"dateModified\":\"2026-04-15T09:50:52+00:00\",\"mainEntityOfPage\":{\"@id\":\"https:\\\/\\\/dpress.ma\\\/fr\\\/2026\\\/04\\\/15\\\/festival-national-des-arts-plastiques-plusieurs-eleves-distingues-lors-de-la-4e-edition-a-casablanca\\\/\"},\"wordCount\":581,\"commentCount\":0,\"image\":{\"@id\":\"https:\\\/\\\/dpress.ma\\\/fr\\\/2026\\\/04\\\/15\\\/festival-national-des-arts-plastiques-plusieurs-eleves-distingues-lors-de-la-4e-edition-a-casablanca\\\/#primaryimage\"},\"thumbnailUrl\":\"https:\\\/\\\/dpress.ma\\\/fr\\\/wp-content\\\/uploads\\\/sites\\\/2\\\/2026\\\/04\\\/49-10.jpg\",\"articleSection\":[\"Art et Culture\"],\"inLanguage\":\"fr-FR\",\"potentialAction\":[{\"@type\":\"CommentAction\",\"name\":\"Comment\",\"target\":[\"https:\\\/\\\/dpress.ma\\\/fr\\\/2026\\\/04\\\/15\\\/festival-national-des-arts-plastiques-plusieurs-eleves-distingues-lors-de-la-4e-edition-a-casablanca\\\/#respond\"]}]},{\"@type\":\"WebPage\",\"@id\":\"https:\\\/\\\/dpress.ma\\\/fr\\\/2026\\\/04\\\/15\\\/festival-national-des-arts-plastiques-plusieurs-eleves-distingues-lors-de-la-4e-edition-a-casablanca\\\/\",\"url\":\"https:\\\/\\\/dpress.ma\\\/fr\\\/2026\\\/04\\\/15\\\/festival-national-des-arts-plastiques-plusieurs-eleves-distingues-lors-de-la-4e-edition-a-casablanca\\\/\",\"name\":\"Festival national des arts plastiques : plusieurs \u00e9l\u00e8ves distingu\u00e9s lors de la 4\u00e8 \u00e9dition \u00e0 Casablanca - Dpress.ma\\\/fr\",\"isPartOf\":{\"@id\":\"https:\\\/\\\/dpress.ma\\\/fr\\\/#website\"},\"primaryImageOfPage\":{\"@id\":\"https:\\\/\\\/dpress.ma\\\/fr\\\/2026\\\/04\\\/15\\\/festival-national-des-arts-plastiques-plusieurs-eleves-distingues-lors-de-la-4e-edition-a-casablanca\\\/#primaryimage\"},\"image\":{\"@id\":\"https:\\\/\\\/dpress.ma\\\/fr\\\/2026\\\/04\\\/15\\\/festival-national-des-arts-plastiques-plusieurs-eleves-distingues-lors-de-la-4e-edition-a-casablanca\\\/#primaryimage\"},\"thumbnailUrl\":\"https:\\\/\\\/dpress.ma\\\/fr\\\/wp-content\\\/uploads\\\/sites\\\/2\\\/2026\\\/04\\\/49-10.jpg\",\"datePublished\":\"2026-04-15T09:50:48+00:00\",\"dateModified\":\"2026-04-15T09:50:52+00:00\",\"author\":{\"@id\":\"https:\\\/\\\/dpress.ma\\\/fr\\\/#\\\/schema\\\/person\\\/4898febf3ccd59e6578d838656a306a0\"},\"breadcrumb\":{\"@id\":\"https:\\\/\\\/dpress.ma\\\/fr\\\/2026\\\/04\\\/15\\\/festival-national-des-arts-plastiques-plusieurs-eleves-distingues-lors-de-la-4e-edition-a-casablanca\\\/#breadcrumb\"},\"inLanguage\":\"fr-FR\",\"potentialAction\":[{\"@type\":\"ReadAction\",\"target\":[\"https:\\\/\\\/dpress.ma\\\/fr\\\/2026\\\/04\\\/15\\\/festival-national-des-arts-plastiques-plusieurs-eleves-distingues-lors-de-la-4e-edition-a-casablanca\\\/\"]}]},{\"@type\":\"ImageObject\",\"inLanguage\":\"fr-FR\",\"@id\":\"https:\\\/\\\/dpress.ma\\\/fr\\\/2026\\\/04\\\/15\\\/festival-national-des-arts-plastiques-plusieurs-eleves-distingues-lors-de-la-4e-edition-a-casablanca\\\/#primaryimage\",\"url\":\"https:\\\/\\\/dpress.ma\\\/fr\\\/wp-content\\\/uploads\\\/sites\\\/2\\\/2026\\\/04\\\/49-10.jpg\",\"contentUrl\":\"https:\\\/\\\/dpress.ma\\\/fr\\\/wp-content\\\/uploads\\\/sites\\\/2\\\/2026\\\/04\\\/49-10.jpg\",\"width\":2539,\"height\":1594},{\"@type\":\"BreadcrumbList\",\"@id\":\"https:\\\/\\\/dpress.ma\\\/fr\\\/2026\\\/04\\\/15\\\/festival-national-des-arts-plastiques-plusieurs-eleves-distingues-lors-de-la-4e-edition-a-casablanca\\\/#breadcrumb\",\"itemListElement\":[{\"@type\":\"ListItem\",\"position\":1,\"name\":\"Home\",\"item\":\"https:\\\/\\\/dpress.ma\\\/fr\\\/\"},{\"@type\":\"ListItem\",\"position\":2,\"name\":\"Festival national des arts plastiques : plusieurs \u00e9l\u00e8ves distingu\u00e9s lors de la 4\u00e8 \u00e9dition \u00e0 Casablanca\"}]},{\"@type\":\"WebSite\",\"@id\":\"https:\\\/\\\/dpress.ma\\\/fr\\\/#website\",\"url\":\"https:\\\/\\\/dpress.ma\\\/fr\\\/\",\"name\":\"Dpress.ma\\\/fr\",\"description\":\"\",\"potentialAction\":[{\"@type\":\"SearchAction\",\"target\":{\"@type\":\"EntryPoint\",\"urlTemplate\":\"https:\\\/\\\/dpress.ma\\\/fr\\\/?s={search_term_string}\"},\"query-input\":{\"@type\":\"PropertyValueSpecification\",\"valueRequired\":true,\"valueName\":\"search_term_string\"}}],\"inLanguage\":\"fr-FR\"},{\"@type\":\"Person\",\"@id\":\"https:\\\/\\\/dpress.ma\\\/fr\\\/#\\\/schema\\\/person\\\/4898febf3ccd59e6578d838656a306a0\",\"name\":\"Dpress.ma\",\"image\":{\"@type\":\"ImageObject\",\"inLanguage\":\"fr-FR\",\"@id\":\"https:\\\/\\\/secure.gravatar.com\\\/avatar\\\/72ecc30e9db047a2e0e7176561eb9d564ed77c8108376495b19bd8336405198a?s=96&d=mm&r=g\",\"url\":\"https:\\\/\\\/secure.gravatar.com\\\/avatar\\\/72ecc30e9db047a2e0e7176561eb9d564ed77c8108376495b19bd8336405198a?s=96&d=mm&r=g\",\"contentUrl\":\"https:\\\/\\\/secure.gravatar.com\\\/avatar\\\/72ecc30e9db047a2e0e7176561eb9d564ed77c8108376495b19bd8336405198a?s=96&d=mm&r=g\",\"caption\":\"Dpress.ma\"},\"sameAs\":[\"https:\\\/\\\/www.dpress.ma\"],\"url\":\"https:\\\/\\\/dpress.ma\\\/fr\\\/author\\\/dpress-ma\\\/\"}]}<\/script>\n<!-- \/ Yoast SEO plugin. -->","yoast_head_json":{"title":"Festival national des arts plastiques : plusieurs \u00e9l\u00e8ves distingu\u00e9s lors de la 4\u00e8 \u00e9dition \u00e0 Casablanca - Dpress.ma\/fr","robots":{"index":"index","follow":"follow","max-snippet":"max-snippet:-1","max-image-preview":"max-image-preview:large","max-video-preview":"max-video-preview:-1"},"canonical":"https:\/\/dpress.ma\/fr\/2026\/04\/15\/festival-national-des-arts-plastiques-plusieurs-eleves-distingues-lors-de-la-4e-edition-a-casablanca\/","og_locale":"fr_FR","og_type":"article","og_title":"Festival national des arts plastiques : plusieurs \u00e9l\u00e8ves distingu\u00e9s lors de la 4\u00e8 \u00e9dition \u00e0 Casablanca - Dpress.ma\/fr","og_description":"Dpress Plusieurs \u00e9l\u00e8ves ont \u00e9t\u00e9 distingu\u00e9s, mardi, au Centre r\u00e9gional des m\u00e9tiers de l\u2019\u00e9ducation et de la formation (CRMEF) de Casablanca, lors de la c\u00e9r\u00e9monie de cl\u00f4ture de la 4\u00e8 \u00e9dition du Festival national des arts plastiques (FNAP), organis\u00e9e autour du th\u00e8me \u201cLes arts plastiques, langage de l\u2019appartenance africaine\u201d. Initi\u00e9e par l\u2019Acad\u00e9mie r\u00e9gionale d\u2019\u00e9ducation et &hellip;","og_url":"https:\/\/dpress.ma\/fr\/2026\/04\/15\/festival-national-des-arts-plastiques-plusieurs-eleves-distingues-lors-de-la-4e-edition-a-casablanca\/","og_site_name":"Dpress.ma\/fr","article_published_time":"2026-04-15T09:50:48+00:00","article_modified_time":"2026-04-15T09:50:52+00:00","og_image":[{"width":2539,"height":1594,"url":"https:\/\/dpress.ma\/fr\/wp-content\/uploads\/sites\/2\/2026\/04\/49-10.jpg","type":"image\/jpeg"}],"author":"Dpress.ma","twitter_card":"summary_large_image","twitter_misc":{"\u00c9crit par":"Dpress.ma","Dur\u00e9e de lecture estim\u00e9e":"3 minutes"},"schema":{"@context":"https:\/\/schema.org","@graph":[{"@type":"Article","@id":"https:\/\/dpress.ma\/fr\/2026\/04\/15\/festival-national-des-arts-plastiques-plusieurs-eleves-distingues-lors-de-la-4e-edition-a-casablanca\/#article","isPartOf":{"@id":"https:\/\/dpress.ma\/fr\/2026\/04\/15\/festival-national-des-arts-plastiques-plusieurs-eleves-distingues-lors-de-la-4e-edition-a-casablanca\/"},"author":{"name":"Dpress.ma","@id":"https:\/\/dpress.ma\/fr\/#\/schema\/person\/4898febf3ccd59e6578d838656a306a0"},"headline":"Festival national des arts plastiques : plusieurs \u00e9l\u00e8ves distingu\u00e9s lors de la 4\u00e8 \u00e9dition \u00e0 Casablanca","datePublished":"2026-04-15T09:50:48+00:00","dateModified":"2026-04-15T09:50:52+00:00","mainEntityOfPage":{"@id":"https:\/\/dpress.ma\/fr\/2026\/04\/15\/festival-national-des-arts-plastiques-plusieurs-eleves-distingues-lors-de-la-4e-edition-a-casablanca\/"},"wordCount":581,"commentCount":0,"image":{"@id":"https:\/\/dpress.ma\/fr\/2026\/04\/15\/festival-national-des-arts-plastiques-plusieurs-eleves-distingues-lors-de-la-4e-edition-a-casablanca\/#primaryimage"},"thumbnailUrl":"https:\/\/dpress.ma\/fr\/wp-content\/uploads\/sites\/2\/2026\/04\/49-10.jpg","articleSection":["Art et Culture"],"inLanguage":"fr-FR","potentialAction":[{"@type":"CommentAction","name":"Comment","target":["https:\/\/dpress.ma\/fr\/2026\/04\/15\/festival-national-des-arts-plastiques-plusieurs-eleves-distingues-lors-de-la-4e-edition-a-casablanca\/#respond"]}]},{"@type":"WebPage","@id":"https:\/\/dpress.ma\/fr\/2026\/04\/15\/festival-national-des-arts-plastiques-plusieurs-eleves-distingues-lors-de-la-4e-edition-a-casablanca\/","url":"https:\/\/dpress.ma\/fr\/2026\/04\/15\/festival-national-des-arts-plastiques-plusieurs-eleves-distingues-lors-de-la-4e-edition-a-casablanca\/","name":"Festival national des arts plastiques : plusieurs \u00e9l\u00e8ves distingu\u00e9s lors de la 4\u00e8 \u00e9dition \u00e0 Casablanca - Dpress.ma\/fr","isPartOf":{"@id":"https:\/\/dpress.ma\/fr\/#website"},"primaryImageOfPage":{"@id":"https:\/\/dpress.ma\/fr\/2026\/04\/15\/festival-national-des-arts-plastiques-plusieurs-eleves-distingues-lors-de-la-4e-edition-a-casablanca\/#primaryimage"},"image":{"@id":"https:\/\/dpress.ma\/fr\/2026\/04\/15\/festival-national-des-arts-plastiques-plusieurs-eleves-distingues-lors-de-la-4e-edition-a-casablanca\/#primaryimage"},"thumbnailUrl":"https:\/\/dpress.ma\/fr\/wp-content\/uploads\/sites\/2\/2026\/04\/49-10.jpg","datePublished":"2026-04-15T09:50:48+00:00","dateModified":"2026-04-15T09:50:52+00:00","author":{"@id":"https:\/\/dpress.ma\/fr\/#\/schema\/person\/4898febf3ccd59e6578d838656a306a0"},"breadcrumb":{"@id":"https:\/\/dpress.ma\/fr\/2026\/04\/15\/festival-national-des-arts-plastiques-plusieurs-eleves-distingues-lors-de-la-4e-edition-a-casablanca\/#breadcrumb"},"inLanguage":"fr-FR","potentialAction":[{"@type":"ReadAction","target":["https:\/\/dpress.ma\/fr\/2026\/04\/15\/festival-national-des-arts-plastiques-plusieurs-eleves-distingues-lors-de-la-4e-edition-a-casablanca\/"]}]},{"@type":"ImageObject","inLanguage":"fr-FR","@id":"https:\/\/dpress.ma\/fr\/2026\/04\/15\/festival-national-des-arts-plastiques-plusieurs-eleves-distingues-lors-de-la-4e-edition-a-casablanca\/#primaryimage","url":"https:\/\/dpress.ma\/fr\/wp-content\/uploads\/sites\/2\/2026\/04\/49-10.jpg","contentUrl":"https:\/\/dpress.ma\/fr\/wp-content\/uploads\/sites\/2\/2026\/04\/49-10.jpg","width":2539,"height":1594},{"@type":"BreadcrumbList","@id":"https:\/\/dpress.ma\/fr\/2026\/04\/15\/festival-national-des-arts-plastiques-plusieurs-eleves-distingues-lors-de-la-4e-edition-a-casablanca\/#breadcrumb","itemListElement":[{"@type":"ListItem","position":1,"name":"Home","item":"https:\/\/dpress.ma\/fr\/"},{"@type":"ListItem","position":2,"name":"Festival national des arts plastiques : plusieurs \u00e9l\u00e8ves distingu\u00e9s lors de la 4\u00e8 \u00e9dition \u00e0 Casablanca"}]},{"@type":"WebSite","@id":"https:\/\/dpress.ma\/fr\/#website","url":"https:\/\/dpress.ma\/fr\/","name":"Dpress.ma\/fr","description":"","potentialAction":[{"@type":"SearchAction","target":{"@type":"EntryPoint","urlTemplate":"https:\/\/dpress.ma\/fr\/?s={search_term_string}"},"query-input":{"@type":"PropertyValueSpecification","valueRequired":true,"valueName":"search_term_string"}}],"inLanguage":"fr-FR"},{"@type":"Person","@id":"https:\/\/dpress.ma\/fr\/#\/schema\/person\/4898febf3ccd59e6578d838656a306a0","name":"Dpress.ma","image":{"@type":"ImageObject","inLanguage":"fr-FR","@id":"https:\/\/secure.gravatar.com\/avatar\/72ecc30e9db047a2e0e7176561eb9d564ed77c8108376495b19bd8336405198a?s=96&d=mm&r=g","url":"https:\/\/secure.gravatar.com\/avatar\/72ecc30e9db047a2e0e7176561eb9d564ed77c8108376495b19bd8336405198a?s=96&d=mm&r=g","contentUrl":"https:\/\/secure.gravatar.com\/avatar\/72ecc30e9db047a2e0e7176561eb9d564ed77c8108376495b19bd8336405198a?s=96&d=mm&r=g","caption":"Dpress.ma"},"sameAs":["https:\/\/www.dpress.ma"],"url":"https:\/\/dpress.ma\/fr\/author\/dpress-ma\/"}]}},"amp_enabled":true,"_links":{"self":[{"href":"https:\/\/dpress.ma\/fr\/wp-json\/wp\/v2\/posts\/28554","targetHints":{"allow":["GET"]}}],"collection":[{"href":"https:\/\/dpress.ma\/fr\/wp-json\/wp\/v2\/posts"}],"about":[{"href":"https:\/\/dpress.ma\/fr\/wp-json\/wp\/v2\/types\/post"}],"author":[{"embeddable":true,"href":"https:\/\/dpress.ma\/fr\/wp-json\/wp\/v2\/users\/2"}],"replies":[{"embeddable":true,"href":"https:\/\/dpress.ma\/fr\/wp-json\/wp\/v2\/comments?post=28554"}],"version-history":[{"count":1,"href":"https:\/\/dpress.ma\/fr\/wp-json\/wp\/v2\/posts\/28554\/revisions"}],"predecessor-version":[{"id":28556,"href":"https:\/\/dpress.ma\/fr\/wp-json\/wp\/v2\/posts\/28554\/revisions\/28556"}],"wp:featuredmedia":[{"embeddable":true,"href":"https:\/\/dpress.ma\/fr\/wp-json\/wp\/v2\/media\/28555"}],"wp:attachment":[{"href":"https:\/\/dpress.ma\/fr\/wp-json\/wp\/v2\/media?parent=28554"}],"wp:term":[{"taxonomy":"category","embeddable":true,"href":"https:\/\/dpress.ma\/fr\/wp-json\/wp\/v2\/categories?post=28554"},{"taxonomy":"post_tag","embeddable":true,"href":"https:\/\/dpress.ma\/fr\/wp-json\/wp\/v2\/tags?post=28554"}],"curies":[{"name":"wp","href":"https:\/\/api.w.org\/{rel}","templated":true}]}}