{"id":28489,"date":"2026-04-14T16:27:16","date_gmt":"2026-04-14T16:27:16","guid":{"rendered":"https:\/\/dpress.ma\/fr\/?p=28489"},"modified":"2026-04-14T16:27:18","modified_gmt":"2026-04-14T16:27:18","slug":"maroc-pays-bas-une-volonte-affichee-de-renforcer-la-cooperation-dans-la-recherche-agricole","status":"publish","type":"post","link":"https:\/\/dpress.ma\/fr\/2026\/04\/14\/maroc-pays-bas-une-volonte-affichee-de-renforcer-la-cooperation-dans-la-recherche-agricole\/","title":{"rendered":"Maroc\/Pays-Bas : Une volont\u00e9 affich\u00e9e de renforcer la coop\u00e9ration dans la recherche agricole"},"content":{"rendered":"\n<p>Dpress<\/p>\n\n\n\n<p>Le Maroc et le Royaume des Pays-Bas ont r\u00e9affirm\u00e9, mardi \u00e0 Rabat, leur volont\u00e9 de renforcer leur coop\u00e9ration dans les domaines de l\u2019agriculture, de la recherche agronomique et de l\u2019innovation.<\/p>\n\n\n\n<p>Le conseiller agricole aupr\u00e8s de l\u2019ambassade des Pays-Bas, Frank Buizer, s\u2019est entretenu, avec la directrice de l\u2019Institut National de la Recherche Agronomique (INRA), Lamiae Ghaouti, autour des opportunit\u00e9s de partenariat entre l\u2019INRA et les institutions n\u00e9erlandaises actives dans les domaines de l\u2019agriculture, de la recherche agronomique et du d\u00e9veloppement durable.<\/p>\n\n\n\n<p>Cette rencontre s\u2019inscrit dans le cadre du renforcement des relations bilat\u00e9rales et de la promotion des partenariats scientifiques et techniques, notamment dans les secteurs de la recherche agronomique, de l\u2019innovation et du d\u00e9veloppement durable.<\/p>\n\n\n\n<p>\u00c0 cette occasion, les responsables de l\u2019INRA ont pr\u00e9sent\u00e9 les principales missions de l\u2019Institut ainsi que ses programmes de recherche ax\u00e9s sur l\u2019am\u00e9lioration des syst\u00e8mes de production agricole, l\u2019adaptation aux changements climatiques et la valorisation des ressources naturelles.<\/p>\n\n\n\n<p>Dans une d\u00e9claration \u00e0 la MAP, M Buizer a salu\u00e9 les efforts d\u00e9ploy\u00e9s par l\u2019INRA en mati\u00e8re de recherche scientifique et d\u2019innovation, exprimant l\u2019ambition de renforcer davantage la coop\u00e9ration entre les deux parties \u00e0 travers l\u2019organisation de plusieurs \u00e9v\u00e9nements dans les prochaines semaines.<\/p>\n\n\n\n<p>Il a pr\u00e9cis\u00e9 que ces initiatives porteront notamment sur des domaines tels que l\u2019agriculture \u00e9conome en eau et l\u2019horticulture, dans l\u2019objectif d\u2019intensifier les \u00e9changes et de consolider les partenariats existants entre le Maroc et les Pays-Bas.<\/p>\n\n\n\n<p>De son c\u00f4t\u00e9, Mme Ghaouti, a indiqu\u00e9 que cette visite a permis d\u2019examiner plusieurs pistes de collaboration avec les partenaires n\u00e9erlandais, notamment dans des domaines prioritaires tels que l\u2019agriculture intelligente, la conservation des ressources g\u00e9n\u00e9tiques, l\u2019agriculture biologique et l\u2019agri-tech, en particulier les serres et les cultures mara\u00eech\u00e8res.<\/p>\n\n\n\n<p>Elle a \u00e9galement relev\u00e9 que les deux parties entendent capitaliser sur les axes de coop\u00e9ration d\u00e9j\u00e0 amorc\u00e9s, tout en \u0153uvrant \u00e0 leur intensification \u00e0 travers la programmation de nouvelles visites et d\u2019\u00e9changes au cours de l\u2019ann\u00e9e 2026, notant qu\u2019une participation conjointe est pr\u00e9vue au Salon International de l\u2019Agriculture au Maroc (SIAM).<\/p>\n\n\n\n<p>Mme. Ghaouti a, en outre, soulign\u00e9 que ce partenariat permettra de tirer profit de l\u2019expertise des Pays-Bas, notamment en mati\u00e8re de gestion rationnelle des ressources naturelles, en particulier l\u2019eau, ainsi que des technologies avanc\u00e9es li\u00e9es \u00e0 l\u2019am\u00e9lioration g\u00e9n\u00e9tique et \u00e0 la cr\u00e9ation vari\u00e9tale, en vue de renforcer la performance et la durabilit\u00e9 de l\u2019agriculture marocaine.<\/p>\n\n\n\n<p>Les deux parties ont \u00e9galement examin\u00e9 les opportunit\u00e9s de collaboration en mati\u00e8re de transfert de technologies, de formation et d\u2019\u00e9change d\u2019expertises, en vue de contribuer \u00e0 la modernisation du secteur agricole et au renforcement de sa r\u00e9silience.<\/p>\n\n\n\n<p>Cette visite, marqu\u00e9e par des \u00e9changes jug\u00e9s fructueux, a permis d\u2019identifier plusieurs pistes de coop\u00e9ration future entre les institutions de recherche des deux pays, tout en r\u00e9affirmant l\u2019engagement de l\u2019INRA en faveur de l\u2019ouverture \u00e0 l\u2019international et du d\u00e9veloppement d\u2019une agriculture performante et durable.<\/p>\n","protected":false},"excerpt":{"rendered":"<p>Dpress Le Maroc et le Royaume des Pays-Bas ont r\u00e9affirm\u00e9, mardi \u00e0 Rabat, leur volont\u00e9 de renforcer leur coop\u00e9ration dans les domaines de l\u2019agriculture, de la recherche agronomique et de l\u2019innovation. Le conseiller agricole aupr\u00e8s de l\u2019ambassade des Pays-Bas, Frank Buizer, s\u2019est entretenu, avec la directrice de l\u2019Institut National de la Recherche Agronomique (INRA), Lamiae &hellip;<\/p>\n","protected":false},"author":2,"featured_media":28394,"comment_status":"open","ping_status":"open","sticky":false,"template":"","format":"standard","meta":{"footnotes":""},"categories":[25],"tags":[],"class_list":["post-28489","post","type-post","status-publish","format-standard","has-post-thumbnail","hentry","category-economie"],"yoast_head":"<!-- This site is optimized with the Yoast SEO plugin v27.5 - https:\/\/yoast.com\/product\/yoast-seo-wordpress\/ -->\n<title>Maroc\/Pays-Bas : Une volont\u00e9 affich\u00e9e de renforcer la coop\u00e9ration dans la recherche agricole - Dpress.ma\/fr<\/title>\n<meta name=\"robots\" content=\"index, follow, max-snippet:-1, max-image-preview:large, max-video-preview:-1\" \/>\n<link rel=\"canonical\" href=\"https:\/\/dpress.ma\/fr\/2026\/04\/14\/maroc-pays-bas-une-volonte-affichee-de-renforcer-la-cooperation-dans-la-recherche-agricole\/\" \/>\n<meta property=\"og:locale\" content=\"fr_FR\" \/>\n<meta property=\"og:type\" content=\"article\" \/>\n<meta property=\"og:title\" content=\"Maroc\/Pays-Bas : Une volont\u00e9 affich\u00e9e de renforcer la coop\u00e9ration dans la recherche agricole - Dpress.ma\/fr\" \/>\n<meta property=\"og:description\" content=\"Dpress Le Maroc et le Royaume des Pays-Bas ont r\u00e9affirm\u00e9, mardi \u00e0 Rabat, leur volont\u00e9 de renforcer leur coop\u00e9ration dans les domaines de l\u2019agriculture, de la recherche agronomique et de l\u2019innovation. Le conseiller agricole aupr\u00e8s de l\u2019ambassade des Pays-Bas, Frank Buizer, s\u2019est entretenu, avec la directrice de l\u2019Institut National de la Recherche Agronomique (INRA), Lamiae &hellip;\" \/>\n<meta property=\"og:url\" content=\"https:\/\/dpress.ma\/fr\/2026\/04\/14\/maroc-pays-bas-une-volonte-affichee-de-renforcer-la-cooperation-dans-la-recherche-agricole\/\" \/>\n<meta property=\"og:site_name\" content=\"Dpress.ma\/fr\" \/>\n<meta property=\"article:published_time\" content=\"2026-04-14T16:27:16+00:00\" \/>\n<meta property=\"article:modified_time\" content=\"2026-04-14T16:27:18+00:00\" \/>\n<meta property=\"og:image\" content=\"https:\/\/dpress.ma\/fr\/wp-content\/uploads\/sites\/2\/2026\/04\/17-2.jpg\" \/>\n\t<meta property=\"og:image:width\" content=\"2539\" \/>\n\t<meta property=\"og:image:height\" content=\"1594\" \/>\n\t<meta property=\"og:image:type\" content=\"image\/jpeg\" \/>\n<meta name=\"author\" content=\"Dpress.ma\" \/>\n<meta name=\"twitter:card\" content=\"summary_large_image\" \/>\n<meta name=\"twitter:label1\" content=\"\u00c9crit par\" \/>\n\t<meta name=\"twitter:data1\" content=\"Dpress.ma\" \/>\n\t<meta name=\"twitter:label2\" content=\"Dur\u00e9e de lecture estim\u00e9e\" \/>\n\t<meta name=\"twitter:data2\" content=\"3 minutes\" \/>\n<script type=\"application\/ld+json\" class=\"yoast-schema-graph\">{\"@context\":\"https:\\\/\\\/schema.org\",\"@graph\":[{\"@type\":\"Article\",\"@id\":\"https:\\\/\\\/dpress.ma\\\/fr\\\/2026\\\/04\\\/14\\\/maroc-pays-bas-une-volonte-affichee-de-renforcer-la-cooperation-dans-la-recherche-agricole\\\/#article\",\"isPartOf\":{\"@id\":\"https:\\\/\\\/dpress.ma\\\/fr\\\/2026\\\/04\\\/14\\\/maroc-pays-bas-une-volonte-affichee-de-renforcer-la-cooperation-dans-la-recherche-agricole\\\/\"},\"author\":{\"name\":\"Dpress.ma\",\"@id\":\"https:\\\/\\\/dpress.ma\\\/fr\\\/#\\\/schema\\\/person\\\/4898febf3ccd59e6578d838656a306a0\"},\"headline\":\"Maroc\\\/Pays-Bas : Une volont\u00e9 affich\u00e9e de renforcer la coop\u00e9ration dans la recherche agricole\",\"datePublished\":\"2026-04-14T16:27:16+00:00\",\"dateModified\":\"2026-04-14T16:27:18+00:00\",\"mainEntityOfPage\":{\"@id\":\"https:\\\/\\\/dpress.ma\\\/fr\\\/2026\\\/04\\\/14\\\/maroc-pays-bas-une-volonte-affichee-de-renforcer-la-cooperation-dans-la-recherche-agricole\\\/\"},\"wordCount\":557,\"commentCount\":0,\"image\":{\"@id\":\"https:\\\/\\\/dpress.ma\\\/fr\\\/2026\\\/04\\\/14\\\/maroc-pays-bas-une-volonte-affichee-de-renforcer-la-cooperation-dans-la-recherche-agricole\\\/#primaryimage\"},\"thumbnailUrl\":\"https:\\\/\\\/dpress.ma\\\/fr\\\/wp-content\\\/uploads\\\/sites\\\/2\\\/2026\\\/04\\\/17-2.jpg\",\"articleSection\":[\"\u00c9conomie\"],\"inLanguage\":\"fr-FR\",\"potentialAction\":[{\"@type\":\"CommentAction\",\"name\":\"Comment\",\"target\":[\"https:\\\/\\\/dpress.ma\\\/fr\\\/2026\\\/04\\\/14\\\/maroc-pays-bas-une-volonte-affichee-de-renforcer-la-cooperation-dans-la-recherche-agricole\\\/#respond\"]}]},{\"@type\":\"WebPage\",\"@id\":\"https:\\\/\\\/dpress.ma\\\/fr\\\/2026\\\/04\\\/14\\\/maroc-pays-bas-une-volonte-affichee-de-renforcer-la-cooperation-dans-la-recherche-agricole\\\/\",\"url\":\"https:\\\/\\\/dpress.ma\\\/fr\\\/2026\\\/04\\\/14\\\/maroc-pays-bas-une-volonte-affichee-de-renforcer-la-cooperation-dans-la-recherche-agricole\\\/\",\"name\":\"Maroc\\\/Pays-Bas : Une volont\u00e9 affich\u00e9e de renforcer la coop\u00e9ration dans la recherche agricole - Dpress.ma\\\/fr\",\"isPartOf\":{\"@id\":\"https:\\\/\\\/dpress.ma\\\/fr\\\/#website\"},\"primaryImageOfPage\":{\"@id\":\"https:\\\/\\\/dpress.ma\\\/fr\\\/2026\\\/04\\\/14\\\/maroc-pays-bas-une-volonte-affichee-de-renforcer-la-cooperation-dans-la-recherche-agricole\\\/#primaryimage\"},\"image\":{\"@id\":\"https:\\\/\\\/dpress.ma\\\/fr\\\/2026\\\/04\\\/14\\\/maroc-pays-bas-une-volonte-affichee-de-renforcer-la-cooperation-dans-la-recherche-agricole\\\/#primaryimage\"},\"thumbnailUrl\":\"https:\\\/\\\/dpress.ma\\\/fr\\\/wp-content\\\/uploads\\\/sites\\\/2\\\/2026\\\/04\\\/17-2.jpg\",\"datePublished\":\"2026-04-14T16:27:16+00:00\",\"dateModified\":\"2026-04-14T16:27:18+00:00\",\"author\":{\"@id\":\"https:\\\/\\\/dpress.ma\\\/fr\\\/#\\\/schema\\\/person\\\/4898febf3ccd59e6578d838656a306a0\"},\"breadcrumb\":{\"@id\":\"https:\\\/\\\/dpress.ma\\\/fr\\\/2026\\\/04\\\/14\\\/maroc-pays-bas-une-volonte-affichee-de-renforcer-la-cooperation-dans-la-recherche-agricole\\\/#breadcrumb\"},\"inLanguage\":\"fr-FR\",\"potentialAction\":[{\"@type\":\"ReadAction\",\"target\":[\"https:\\\/\\\/dpress.ma\\\/fr\\\/2026\\\/04\\\/14\\\/maroc-pays-bas-une-volonte-affichee-de-renforcer-la-cooperation-dans-la-recherche-agricole\\\/\"]}]},{\"@type\":\"ImageObject\",\"inLanguage\":\"fr-FR\",\"@id\":\"https:\\\/\\\/dpress.ma\\\/fr\\\/2026\\\/04\\\/14\\\/maroc-pays-bas-une-volonte-affichee-de-renforcer-la-cooperation-dans-la-recherche-agricole\\\/#primaryimage\",\"url\":\"https:\\\/\\\/dpress.ma\\\/fr\\\/wp-content\\\/uploads\\\/sites\\\/2\\\/2026\\\/04\\\/17-2.jpg\",\"contentUrl\":\"https:\\\/\\\/dpress.ma\\\/fr\\\/wp-content\\\/uploads\\\/sites\\\/2\\\/2026\\\/04\\\/17-2.jpg\",\"width\":2539,\"height\":1594},{\"@type\":\"BreadcrumbList\",\"@id\":\"https:\\\/\\\/dpress.ma\\\/fr\\\/2026\\\/04\\\/14\\\/maroc-pays-bas-une-volonte-affichee-de-renforcer-la-cooperation-dans-la-recherche-agricole\\\/#breadcrumb\",\"itemListElement\":[{\"@type\":\"ListItem\",\"position\":1,\"name\":\"Home\",\"item\":\"https:\\\/\\\/dpress.ma\\\/fr\\\/\"},{\"@type\":\"ListItem\",\"position\":2,\"name\":\"Maroc\\\/Pays-Bas : Une volont\u00e9 affich\u00e9e de renforcer la coop\u00e9ration dans la recherche agricole\"}]},{\"@type\":\"WebSite\",\"@id\":\"https:\\\/\\\/dpress.ma\\\/fr\\\/#website\",\"url\":\"https:\\\/\\\/dpress.ma\\\/fr\\\/\",\"name\":\"Dpress.ma\\\/fr\",\"description\":\"\",\"potentialAction\":[{\"@type\":\"SearchAction\",\"target\":{\"@type\":\"EntryPoint\",\"urlTemplate\":\"https:\\\/\\\/dpress.ma\\\/fr\\\/?s={search_term_string}\"},\"query-input\":{\"@type\":\"PropertyValueSpecification\",\"valueRequired\":true,\"valueName\":\"search_term_string\"}}],\"inLanguage\":\"fr-FR\"},{\"@type\":\"Person\",\"@id\":\"https:\\\/\\\/dpress.ma\\\/fr\\\/#\\\/schema\\\/person\\\/4898febf3ccd59e6578d838656a306a0\",\"name\":\"Dpress.ma\",\"image\":{\"@type\":\"ImageObject\",\"inLanguage\":\"fr-FR\",\"@id\":\"https:\\\/\\\/secure.gravatar.com\\\/avatar\\\/72ecc30e9db047a2e0e7176561eb9d564ed77c8108376495b19bd8336405198a?s=96&d=mm&r=g\",\"url\":\"https:\\\/\\\/secure.gravatar.com\\\/avatar\\\/72ecc30e9db047a2e0e7176561eb9d564ed77c8108376495b19bd8336405198a?s=96&d=mm&r=g\",\"contentUrl\":\"https:\\\/\\\/secure.gravatar.com\\\/avatar\\\/72ecc30e9db047a2e0e7176561eb9d564ed77c8108376495b19bd8336405198a?s=96&d=mm&r=g\",\"caption\":\"Dpress.ma\"},\"sameAs\":[\"https:\\\/\\\/www.dpress.ma\"],\"url\":\"https:\\\/\\\/dpress.ma\\\/fr\\\/author\\\/dpress-ma\\\/\"}]}<\/script>\n<!-- \/ Yoast SEO plugin. -->","yoast_head_json":{"title":"Maroc\/Pays-Bas : Une volont\u00e9 affich\u00e9e de renforcer la coop\u00e9ration dans la recherche agricole - Dpress.ma\/fr","robots":{"index":"index","follow":"follow","max-snippet":"max-snippet:-1","max-image-preview":"max-image-preview:large","max-video-preview":"max-video-preview:-1"},"canonical":"https:\/\/dpress.ma\/fr\/2026\/04\/14\/maroc-pays-bas-une-volonte-affichee-de-renforcer-la-cooperation-dans-la-recherche-agricole\/","og_locale":"fr_FR","og_type":"article","og_title":"Maroc\/Pays-Bas : Une volont\u00e9 affich\u00e9e de renforcer la coop\u00e9ration dans la recherche agricole - Dpress.ma\/fr","og_description":"Dpress Le Maroc et le Royaume des Pays-Bas ont r\u00e9affirm\u00e9, mardi \u00e0 Rabat, leur volont\u00e9 de renforcer leur coop\u00e9ration dans les domaines de l\u2019agriculture, de la recherche agronomique et de l\u2019innovation. Le conseiller agricole aupr\u00e8s de l\u2019ambassade des Pays-Bas, Frank Buizer, s\u2019est entretenu, avec la directrice de l\u2019Institut National de la Recherche Agronomique (INRA), Lamiae &hellip;","og_url":"https:\/\/dpress.ma\/fr\/2026\/04\/14\/maroc-pays-bas-une-volonte-affichee-de-renforcer-la-cooperation-dans-la-recherche-agricole\/","og_site_name":"Dpress.ma\/fr","article_published_time":"2026-04-14T16:27:16+00:00","article_modified_time":"2026-04-14T16:27:18+00:00","og_image":[{"width":2539,"height":1594,"url":"https:\/\/dpress.ma\/fr\/wp-content\/uploads\/sites\/2\/2026\/04\/17-2.jpg","type":"image\/jpeg"}],"author":"Dpress.ma","twitter_card":"summary_large_image","twitter_misc":{"\u00c9crit par":"Dpress.ma","Dur\u00e9e de lecture estim\u00e9e":"3 minutes"},"schema":{"@context":"https:\/\/schema.org","@graph":[{"@type":"Article","@id":"https:\/\/dpress.ma\/fr\/2026\/04\/14\/maroc-pays-bas-une-volonte-affichee-de-renforcer-la-cooperation-dans-la-recherche-agricole\/#article","isPartOf":{"@id":"https:\/\/dpress.ma\/fr\/2026\/04\/14\/maroc-pays-bas-une-volonte-affichee-de-renforcer-la-cooperation-dans-la-recherche-agricole\/"},"author":{"name":"Dpress.ma","@id":"https:\/\/dpress.ma\/fr\/#\/schema\/person\/4898febf3ccd59e6578d838656a306a0"},"headline":"Maroc\/Pays-Bas : Une volont\u00e9 affich\u00e9e de renforcer la coop\u00e9ration dans la recherche agricole","datePublished":"2026-04-14T16:27:16+00:00","dateModified":"2026-04-14T16:27:18+00:00","mainEntityOfPage":{"@id":"https:\/\/dpress.ma\/fr\/2026\/04\/14\/maroc-pays-bas-une-volonte-affichee-de-renforcer-la-cooperation-dans-la-recherche-agricole\/"},"wordCount":557,"commentCount":0,"image":{"@id":"https:\/\/dpress.ma\/fr\/2026\/04\/14\/maroc-pays-bas-une-volonte-affichee-de-renforcer-la-cooperation-dans-la-recherche-agricole\/#primaryimage"},"thumbnailUrl":"https:\/\/dpress.ma\/fr\/wp-content\/uploads\/sites\/2\/2026\/04\/17-2.jpg","articleSection":["\u00c9conomie"],"inLanguage":"fr-FR","potentialAction":[{"@type":"CommentAction","name":"Comment","target":["https:\/\/dpress.ma\/fr\/2026\/04\/14\/maroc-pays-bas-une-volonte-affichee-de-renforcer-la-cooperation-dans-la-recherche-agricole\/#respond"]}]},{"@type":"WebPage","@id":"https:\/\/dpress.ma\/fr\/2026\/04\/14\/maroc-pays-bas-une-volonte-affichee-de-renforcer-la-cooperation-dans-la-recherche-agricole\/","url":"https:\/\/dpress.ma\/fr\/2026\/04\/14\/maroc-pays-bas-une-volonte-affichee-de-renforcer-la-cooperation-dans-la-recherche-agricole\/","name":"Maroc\/Pays-Bas : Une volont\u00e9 affich\u00e9e de renforcer la coop\u00e9ration dans la recherche agricole - Dpress.ma\/fr","isPartOf":{"@id":"https:\/\/dpress.ma\/fr\/#website"},"primaryImageOfPage":{"@id":"https:\/\/dpress.ma\/fr\/2026\/04\/14\/maroc-pays-bas-une-volonte-affichee-de-renforcer-la-cooperation-dans-la-recherche-agricole\/#primaryimage"},"image":{"@id":"https:\/\/dpress.ma\/fr\/2026\/04\/14\/maroc-pays-bas-une-volonte-affichee-de-renforcer-la-cooperation-dans-la-recherche-agricole\/#primaryimage"},"thumbnailUrl":"https:\/\/dpress.ma\/fr\/wp-content\/uploads\/sites\/2\/2026\/04\/17-2.jpg","datePublished":"2026-04-14T16:27:16+00:00","dateModified":"2026-04-14T16:27:18+00:00","author":{"@id":"https:\/\/dpress.ma\/fr\/#\/schema\/person\/4898febf3ccd59e6578d838656a306a0"},"breadcrumb":{"@id":"https:\/\/dpress.ma\/fr\/2026\/04\/14\/maroc-pays-bas-une-volonte-affichee-de-renforcer-la-cooperation-dans-la-recherche-agricole\/#breadcrumb"},"inLanguage":"fr-FR","potentialAction":[{"@type":"ReadAction","target":["https:\/\/dpress.ma\/fr\/2026\/04\/14\/maroc-pays-bas-une-volonte-affichee-de-renforcer-la-cooperation-dans-la-recherche-agricole\/"]}]},{"@type":"ImageObject","inLanguage":"fr-FR","@id":"https:\/\/dpress.ma\/fr\/2026\/04\/14\/maroc-pays-bas-une-volonte-affichee-de-renforcer-la-cooperation-dans-la-recherche-agricole\/#primaryimage","url":"https:\/\/dpress.ma\/fr\/wp-content\/uploads\/sites\/2\/2026\/04\/17-2.jpg","contentUrl":"https:\/\/dpress.ma\/fr\/wp-content\/uploads\/sites\/2\/2026\/04\/17-2.jpg","width":2539,"height":1594},{"@type":"BreadcrumbList","@id":"https:\/\/dpress.ma\/fr\/2026\/04\/14\/maroc-pays-bas-une-volonte-affichee-de-renforcer-la-cooperation-dans-la-recherche-agricole\/#breadcrumb","itemListElement":[{"@type":"ListItem","position":1,"name":"Home","item":"https:\/\/dpress.ma\/fr\/"},{"@type":"ListItem","position":2,"name":"Maroc\/Pays-Bas : Une volont\u00e9 affich\u00e9e de renforcer la coop\u00e9ration dans la recherche agricole"}]},{"@type":"WebSite","@id":"https:\/\/dpress.ma\/fr\/#website","url":"https:\/\/dpress.ma\/fr\/","name":"Dpress.ma\/fr","description":"","potentialAction":[{"@type":"SearchAction","target":{"@type":"EntryPoint","urlTemplate":"https:\/\/dpress.ma\/fr\/?s={search_term_string}"},"query-input":{"@type":"PropertyValueSpecification","valueRequired":true,"valueName":"search_term_string"}}],"inLanguage":"fr-FR"},{"@type":"Person","@id":"https:\/\/dpress.ma\/fr\/#\/schema\/person\/4898febf3ccd59e6578d838656a306a0","name":"Dpress.ma","image":{"@type":"ImageObject","inLanguage":"fr-FR","@id":"https:\/\/secure.gravatar.com\/avatar\/72ecc30e9db047a2e0e7176561eb9d564ed77c8108376495b19bd8336405198a?s=96&d=mm&r=g","url":"https:\/\/secure.gravatar.com\/avatar\/72ecc30e9db047a2e0e7176561eb9d564ed77c8108376495b19bd8336405198a?s=96&d=mm&r=g","contentUrl":"https:\/\/secure.gravatar.com\/avatar\/72ecc30e9db047a2e0e7176561eb9d564ed77c8108376495b19bd8336405198a?s=96&d=mm&r=g","caption":"Dpress.ma"},"sameAs":["https:\/\/www.dpress.ma"],"url":"https:\/\/dpress.ma\/fr\/author\/dpress-ma\/"}]}},"amp_enabled":true,"_links":{"self":[{"href":"https:\/\/dpress.ma\/fr\/wp-json\/wp\/v2\/posts\/28489","targetHints":{"allow":["GET"]}}],"collection":[{"href":"https:\/\/dpress.ma\/fr\/wp-json\/wp\/v2\/posts"}],"about":[{"href":"https:\/\/dpress.ma\/fr\/wp-json\/wp\/v2\/types\/post"}],"author":[{"embeddable":true,"href":"https:\/\/dpress.ma\/fr\/wp-json\/wp\/v2\/users\/2"}],"replies":[{"embeddable":true,"href":"https:\/\/dpress.ma\/fr\/wp-json\/wp\/v2\/comments?post=28489"}],"version-history":[{"count":1,"href":"https:\/\/dpress.ma\/fr\/wp-json\/wp\/v2\/posts\/28489\/revisions"}],"predecessor-version":[{"id":28490,"href":"https:\/\/dpress.ma\/fr\/wp-json\/wp\/v2\/posts\/28489\/revisions\/28490"}],"wp:featuredmedia":[{"embeddable":true,"href":"https:\/\/dpress.ma\/fr\/wp-json\/wp\/v2\/media\/28394"}],"wp:attachment":[{"href":"https:\/\/dpress.ma\/fr\/wp-json\/wp\/v2\/media?parent=28489"}],"wp:term":[{"taxonomy":"category","embeddable":true,"href":"https:\/\/dpress.ma\/fr\/wp-json\/wp\/v2\/categories?post=28489"},{"taxonomy":"post_tag","embeddable":true,"href":"https:\/\/dpress.ma\/fr\/wp-json\/wp\/v2\/tags?post=28489"}],"curies":[{"name":"wp","href":"https:\/\/api.w.org\/{rel}","templated":true}]}}