{"id":28428,"date":"2026-04-14T11:08:49","date_gmt":"2026-04-14T11:08:49","guid":{"rendered":"https:\/\/dpress.ma\/fr\/?p=28428"},"modified":"2026-04-14T11:08:51","modified_gmt":"2026-04-14T11:08:51","slug":"les-pdti-incarnent-la-vision-royale-dun-modele-de-developpement-plus-efficace","status":"publish","type":"post","link":"https:\/\/dpress.ma\/fr\/2026\/04\/14\/les-pdti-incarnent-la-vision-royale-dun-modele-de-developpement-plus-efficace\/","title":{"rendered":"Les PDTI incarnent la vision royale d\u2019un mod\u00e8le de d\u00e9veloppement plus efficace"},"content":{"rendered":"\n<p class=\"wp-block-paragraph\">Dpress<\/p>\n\n\n\n<p class=\"wp-block-paragraph\">La nouvelle g\u00e9n\u00e9ration de Programmes de d\u00e9veloppement territorial int\u00e9gr\u00e9 (PDTI) incarne concr\u00e8tement la vision royale clairvoyante visant \u00e0 mettre en place un mod\u00e8le de d\u00e9veloppement plus efficace et \u00e0 renforcer l\u2019\u00e9quit\u00e9 territoriale, a affirm\u00e9 Fouad Rbaa, acteur associatif de la province de Guercif.<\/p>\n\n\n\n<p class=\"wp-block-paragraph\">Dans une d\u00e9claration \u00e0 la MAP, M. Rbaa a pr\u00e9cis\u00e9 que les PDTI sont \u00e9labor\u00e9s conform\u00e9ment aux Hautes Orientations Royales appelant \u00e0 surmonter les d\u00e9fis territoriaux et \u00e0 renforcer la coh\u00e9rence des politiques publiques, afin de garantir un impact tangible sur la vie quotidienne des citoyens dans toutes les r\u00e9gions du Royaume.<\/p>\n\n\n\n<p class=\"wp-block-paragraph\">Il a ajout\u00e9 que cette nouvelle g\u00e9n\u00e9ration de programmes repose sur une philosophie renouvel\u00e9e, fond\u00e9e sur le passage d\u2019une \u00ablogique des moyens\u00bb \u00e0 une \u00ablogique des r\u00e9sultats\u00bb, et d\u2019interventions fragment\u00e9es \u00e0 une vision int\u00e9gr\u00e9e qui place le citoyen au c\u0153ur des politiques publiques.<\/p>\n\n\n\n<p class=\"wp-block-paragraph\">Dans ce contexte, l\u2019acteur associatif a soulign\u00e9 que cette \u00e9volution refl\u00e8te une volont\u00e9 forte d\u2019adopter une approche territoriale qui tienne compte des sp\u00e9cificit\u00e9s locales et r\u00e9ponde aux besoins r\u00e9els de chaque province, dans un cadre d\u2019harmonie et de compl\u00e9mentarit\u00e9 entre les diff\u00e9rents intervenants.<\/p>\n\n\n\n<p class=\"wp-block-paragraph\">En ce qui concerne les sp\u00e9cificit\u00e9s de ces programmes, M. Rbaa a soulign\u00e9 qu\u2019ils s\u2019appuient sur une gouvernance \u00e0 plusieurs niveaux garantissant la coordination entre les niveaux local, r\u00e9gional et national, soutenue par des m\u00e9canismes rigoureux de suivi et d\u2019\u00e9valuation, ce qui renforce la transparence et lie la responsabilit\u00e9 \u00e0 la reddition des comptes.<\/p>\n\n\n\n<p class=\"wp-block-paragraph\">Il a \u00e9galement relev\u00e9 que ces programmes reposent sur une approche participative \u00e9largie, \u00e0 travers l\u2019implication des autorit\u00e9s locales, des \u00e9lus et de la soci\u00e9t\u00e9 civile \u00e0 toutes les \u00e9tapes de la pr\u00e9paration et de la mise en \u0153uvre, ce qui renforce le sentiment d\u2019appropriation commune des projets de d\u00e9veloppement.<\/p>\n\n\n\n<p class=\"wp-block-paragraph\">M. Rbaa a conclu que cette dynamique vise \u00e0 atteindre des objectifs strat\u00e9giques, au premier rang desquels la r\u00e9duction des disparit\u00e9s territoriales, l\u2019am\u00e9lioration de l\u2019acc\u00e8s aux services de base, ainsi que la stimulation de l\u2019investissement et la cr\u00e9ation d\u2019emplois, en particulier au profit des jeunes et des femmes, afin de garantir un d\u00e9veloppement global et durable dans le cadre d\u2019une r\u00e9gionalisation avanc\u00e9e.<\/p>\n","protected":false},"excerpt":{"rendered":"<p>Dpress La nouvelle g\u00e9n\u00e9ration de Programmes de d\u00e9veloppement territorial int\u00e9gr\u00e9 (PDTI) incarne concr\u00e8tement la vision royale clairvoyante visant \u00e0 mettre en place un mod\u00e8le de d\u00e9veloppement plus efficace et \u00e0 renforcer l\u2019\u00e9quit\u00e9 territoriale, a affirm\u00e9 Fouad Rbaa, acteur associatif de la province de Guercif. Dans une d\u00e9claration \u00e0 la MAP, M. Rbaa a pr\u00e9cis\u00e9 que &hellip;<\/p>\n","protected":false},"author":2,"featured_media":28345,"comment_status":"open","ping_status":"open","sticky":false,"template":"","format":"standard","meta":{"footnotes":""},"categories":[41],"tags":[],"class_list":["post-28428","post","type-post","status-publish","format-standard","has-post-thumbnail","hentry","category-opinions-et-debats"],"yoast_head":"<!-- This site is optimized with the Yoast SEO plugin v28.0 - https:\/\/yoast.com\/product\/yoast-seo-wordpress\/ -->\n<title>Les PDTI incarnent la vision royale d\u2019un mod\u00e8le de d\u00e9veloppement plus efficace - Dpress.ma\/fr<\/title>\n<meta name=\"robots\" content=\"index, follow, max-snippet:-1, max-image-preview:large, max-video-preview:-1\" \/>\n<link rel=\"canonical\" href=\"https:\/\/dpress.ma\/fr\/2026\/04\/14\/les-pdti-incarnent-la-vision-royale-dun-modele-de-developpement-plus-efficace\/\" \/>\n<meta property=\"og:locale\" content=\"fr_FR\" \/>\n<meta property=\"og:type\" content=\"article\" \/>\n<meta property=\"og:title\" content=\"Les PDTI incarnent la vision royale d\u2019un mod\u00e8le de d\u00e9veloppement plus efficace - Dpress.ma\/fr\" \/>\n<meta property=\"og:description\" content=\"Dpress La nouvelle g\u00e9n\u00e9ration de Programmes de d\u00e9veloppement territorial int\u00e9gr\u00e9 (PDTI) incarne concr\u00e8tement la vision royale clairvoyante visant \u00e0 mettre en place un mod\u00e8le de d\u00e9veloppement plus efficace et \u00e0 renforcer l\u2019\u00e9quit\u00e9 territoriale, a affirm\u00e9 Fouad Rbaa, acteur associatif de la province de Guercif. Dans une d\u00e9claration \u00e0 la MAP, M. Rbaa a pr\u00e9cis\u00e9 que &hellip;\" \/>\n<meta property=\"og:url\" content=\"https:\/\/dpress.ma\/fr\/2026\/04\/14\/les-pdti-incarnent-la-vision-royale-dun-modele-de-developpement-plus-efficace\/\" \/>\n<meta property=\"og:site_name\" content=\"Dpress.ma\/fr\" \/>\n<meta property=\"article:published_time\" content=\"2026-04-14T11:08:49+00:00\" \/>\n<meta property=\"article:modified_time\" content=\"2026-04-14T11:08:51+00:00\" \/>\n<meta property=\"og:image\" content=\"https:\/\/dpress.ma\/fr\/wp-content\/uploads\/sites\/2\/2026\/04\/15-1.jpg\" \/>\n\t<meta property=\"og:image:width\" content=\"2539\" \/>\n\t<meta property=\"og:image:height\" content=\"1594\" \/>\n\t<meta property=\"og:image:type\" content=\"image\/jpeg\" \/>\n<meta name=\"author\" content=\"Dpress.ma\" \/>\n<meta name=\"twitter:card\" content=\"summary_large_image\" \/>\n<meta name=\"twitter:label1\" content=\"\u00c9crit par\" \/>\n\t<meta name=\"twitter:data1\" content=\"Dpress.ma\" \/>\n\t<meta name=\"twitter:label2\" content=\"Dur\u00e9e de lecture estim\u00e9e\" \/>\n\t<meta name=\"twitter:data2\" content=\"2 minutes\" \/>\n<script type=\"application\/ld+json\" class=\"yoast-schema-graph\">{\"@context\":\"https:\\\/\\\/schema.org\",\"@graph\":[{\"@type\":\"Article\",\"@id\":\"https:\\\/\\\/dpress.ma\\\/fr\\\/2026\\\/04\\\/14\\\/les-pdti-incarnent-la-vision-royale-dun-modele-de-developpement-plus-efficace\\\/#article\",\"isPartOf\":{\"@id\":\"https:\\\/\\\/dpress.ma\\\/fr\\\/2026\\\/04\\\/14\\\/les-pdti-incarnent-la-vision-royale-dun-modele-de-developpement-plus-efficace\\\/\"},\"author\":{\"name\":\"Dpress.ma\",\"@id\":\"https:\\\/\\\/dpress.ma\\\/fr\\\/#\\\/schema\\\/person\\\/4898febf3ccd59e6578d838656a306a0\"},\"headline\":\"Les PDTI incarnent la vision royale d\u2019un mod\u00e8le de d\u00e9veloppement plus efficace\",\"datePublished\":\"2026-04-14T11:08:49+00:00\",\"dateModified\":\"2026-04-14T11:08:51+00:00\",\"mainEntityOfPage\":{\"@id\":\"https:\\\/\\\/dpress.ma\\\/fr\\\/2026\\\/04\\\/14\\\/les-pdti-incarnent-la-vision-royale-dun-modele-de-developpement-plus-efficace\\\/\"},\"wordCount\":414,\"commentCount\":0,\"image\":{\"@id\":\"https:\\\/\\\/dpress.ma\\\/fr\\\/2026\\\/04\\\/14\\\/les-pdti-incarnent-la-vision-royale-dun-modele-de-developpement-plus-efficace\\\/#primaryimage\"},\"thumbnailUrl\":\"https:\\\/\\\/dpress.ma\\\/fr\\\/wp-content\\\/uploads\\\/sites\\\/2\\\/2026\\\/04\\\/15-1.jpg\",\"articleSection\":[\"opinions-et-debats\"],\"inLanguage\":\"fr-FR\",\"potentialAction\":[{\"@type\":\"CommentAction\",\"name\":\"Comment\",\"target\":[\"https:\\\/\\\/dpress.ma\\\/fr\\\/2026\\\/04\\\/14\\\/les-pdti-incarnent-la-vision-royale-dun-modele-de-developpement-plus-efficace\\\/#respond\"]}]},{\"@type\":\"WebPage\",\"@id\":\"https:\\\/\\\/dpress.ma\\\/fr\\\/2026\\\/04\\\/14\\\/les-pdti-incarnent-la-vision-royale-dun-modele-de-developpement-plus-efficace\\\/\",\"url\":\"https:\\\/\\\/dpress.ma\\\/fr\\\/2026\\\/04\\\/14\\\/les-pdti-incarnent-la-vision-royale-dun-modele-de-developpement-plus-efficace\\\/\",\"name\":\"Les PDTI incarnent la vision royale d\u2019un mod\u00e8le de d\u00e9veloppement plus efficace - Dpress.ma\\\/fr\",\"isPartOf\":{\"@id\":\"https:\\\/\\\/dpress.ma\\\/fr\\\/#website\"},\"primaryImageOfPage\":{\"@id\":\"https:\\\/\\\/dpress.ma\\\/fr\\\/2026\\\/04\\\/14\\\/les-pdti-incarnent-la-vision-royale-dun-modele-de-developpement-plus-efficace\\\/#primaryimage\"},\"image\":{\"@id\":\"https:\\\/\\\/dpress.ma\\\/fr\\\/2026\\\/04\\\/14\\\/les-pdti-incarnent-la-vision-royale-dun-modele-de-developpement-plus-efficace\\\/#primaryimage\"},\"thumbnailUrl\":\"https:\\\/\\\/dpress.ma\\\/fr\\\/wp-content\\\/uploads\\\/sites\\\/2\\\/2026\\\/04\\\/15-1.jpg\",\"datePublished\":\"2026-04-14T11:08:49+00:00\",\"dateModified\":\"2026-04-14T11:08:51+00:00\",\"author\":{\"@id\":\"https:\\\/\\\/dpress.ma\\\/fr\\\/#\\\/schema\\\/person\\\/4898febf3ccd59e6578d838656a306a0\"},\"breadcrumb\":{\"@id\":\"https:\\\/\\\/dpress.ma\\\/fr\\\/2026\\\/04\\\/14\\\/les-pdti-incarnent-la-vision-royale-dun-modele-de-developpement-plus-efficace\\\/#breadcrumb\"},\"inLanguage\":\"fr-FR\",\"potentialAction\":[{\"@type\":\"ReadAction\",\"target\":[\"https:\\\/\\\/dpress.ma\\\/fr\\\/2026\\\/04\\\/14\\\/les-pdti-incarnent-la-vision-royale-dun-modele-de-developpement-plus-efficace\\\/\"]}]},{\"@type\":\"ImageObject\",\"inLanguage\":\"fr-FR\",\"@id\":\"https:\\\/\\\/dpress.ma\\\/fr\\\/2026\\\/04\\\/14\\\/les-pdti-incarnent-la-vision-royale-dun-modele-de-developpement-plus-efficace\\\/#primaryimage\",\"url\":\"https:\\\/\\\/dpress.ma\\\/fr\\\/wp-content\\\/uploads\\\/sites\\\/2\\\/2026\\\/04\\\/15-1.jpg\",\"contentUrl\":\"https:\\\/\\\/dpress.ma\\\/fr\\\/wp-content\\\/uploads\\\/sites\\\/2\\\/2026\\\/04\\\/15-1.jpg\",\"width\":2539,\"height\":1594},{\"@type\":\"BreadcrumbList\",\"@id\":\"https:\\\/\\\/dpress.ma\\\/fr\\\/2026\\\/04\\\/14\\\/les-pdti-incarnent-la-vision-royale-dun-modele-de-developpement-plus-efficace\\\/#breadcrumb\",\"itemListElement\":[{\"@type\":\"ListItem\",\"position\":1,\"name\":\"Home\",\"item\":\"https:\\\/\\\/dpress.ma\\\/fr\\\/\"},{\"@type\":\"ListItem\",\"position\":2,\"name\":\"Les PDTI incarnent la vision royale d\u2019un mod\u00e8le de d\u00e9veloppement plus efficace\"}]},{\"@type\":\"WebSite\",\"@id\":\"https:\\\/\\\/dpress.ma\\\/fr\\\/#website\",\"url\":\"https:\\\/\\\/dpress.ma\\\/fr\\\/\",\"name\":\"Dpress.ma\\\/fr\",\"description\":\"\",\"potentialAction\":[{\"@type\":\"SearchAction\",\"target\":{\"@type\":\"EntryPoint\",\"urlTemplate\":\"https:\\\/\\\/dpress.ma\\\/fr\\\/?s={search_term_string}\"},\"query-input\":{\"@type\":\"PropertyValueSpecification\",\"valueRequired\":true,\"valueName\":\"search_term_string\"}}],\"inLanguage\":\"fr-FR\"},{\"@type\":\"Person\",\"@id\":\"https:\\\/\\\/dpress.ma\\\/fr\\\/#\\\/schema\\\/person\\\/4898febf3ccd59e6578d838656a306a0\",\"name\":\"Dpress.ma\",\"image\":{\"@type\":\"ImageObject\",\"inLanguage\":\"fr-FR\",\"@id\":\"https:\\\/\\\/secure.gravatar.com\\\/avatar\\\/72ecc30e9db047a2e0e7176561eb9d564ed77c8108376495b19bd8336405198a?s=96&d=mm&r=g\",\"url\":\"https:\\\/\\\/secure.gravatar.com\\\/avatar\\\/72ecc30e9db047a2e0e7176561eb9d564ed77c8108376495b19bd8336405198a?s=96&d=mm&r=g\",\"contentUrl\":\"https:\\\/\\\/secure.gravatar.com\\\/avatar\\\/72ecc30e9db047a2e0e7176561eb9d564ed77c8108376495b19bd8336405198a?s=96&d=mm&r=g\",\"caption\":\"Dpress.ma\"},\"sameAs\":[\"https:\\\/\\\/www.dpress.ma\"],\"url\":\"https:\\\/\\\/dpress.ma\\\/fr\\\/author\\\/dpress-ma\\\/\"}]}<\/script>\n<!-- \/ Yoast SEO plugin. -->","yoast_head_json":{"title":"Les PDTI incarnent la vision royale d\u2019un mod\u00e8le de d\u00e9veloppement plus efficace - Dpress.ma\/fr","robots":{"index":"index","follow":"follow","max-snippet":"max-snippet:-1","max-image-preview":"max-image-preview:large","max-video-preview":"max-video-preview:-1"},"canonical":"https:\/\/dpress.ma\/fr\/2026\/04\/14\/les-pdti-incarnent-la-vision-royale-dun-modele-de-developpement-plus-efficace\/","og_locale":"fr_FR","og_type":"article","og_title":"Les PDTI incarnent la vision royale d\u2019un mod\u00e8le de d\u00e9veloppement plus efficace - Dpress.ma\/fr","og_description":"Dpress La nouvelle g\u00e9n\u00e9ration de Programmes de d\u00e9veloppement territorial int\u00e9gr\u00e9 (PDTI) incarne concr\u00e8tement la vision royale clairvoyante visant \u00e0 mettre en place un mod\u00e8le de d\u00e9veloppement plus efficace et \u00e0 renforcer l\u2019\u00e9quit\u00e9 territoriale, a affirm\u00e9 Fouad Rbaa, acteur associatif de la province de Guercif. Dans une d\u00e9claration \u00e0 la MAP, M. Rbaa a pr\u00e9cis\u00e9 que &hellip;","og_url":"https:\/\/dpress.ma\/fr\/2026\/04\/14\/les-pdti-incarnent-la-vision-royale-dun-modele-de-developpement-plus-efficace\/","og_site_name":"Dpress.ma\/fr","article_published_time":"2026-04-14T11:08:49+00:00","article_modified_time":"2026-04-14T11:08:51+00:00","og_image":[{"width":2539,"height":1594,"url":"https:\/\/dpress.ma\/fr\/wp-content\/uploads\/sites\/2\/2026\/04\/15-1.jpg","type":"image\/jpeg"}],"author":"Dpress.ma","twitter_card":"summary_large_image","twitter_misc":{"\u00c9crit par":"Dpress.ma","Dur\u00e9e de lecture estim\u00e9e":"2 minutes"},"schema":{"@context":"https:\/\/schema.org","@graph":[{"@type":"Article","@id":"https:\/\/dpress.ma\/fr\/2026\/04\/14\/les-pdti-incarnent-la-vision-royale-dun-modele-de-developpement-plus-efficace\/#article","isPartOf":{"@id":"https:\/\/dpress.ma\/fr\/2026\/04\/14\/les-pdti-incarnent-la-vision-royale-dun-modele-de-developpement-plus-efficace\/"},"author":{"name":"Dpress.ma","@id":"https:\/\/dpress.ma\/fr\/#\/schema\/person\/4898febf3ccd59e6578d838656a306a0"},"headline":"Les PDTI incarnent la vision royale d\u2019un mod\u00e8le de d\u00e9veloppement plus efficace","datePublished":"2026-04-14T11:08:49+00:00","dateModified":"2026-04-14T11:08:51+00:00","mainEntityOfPage":{"@id":"https:\/\/dpress.ma\/fr\/2026\/04\/14\/les-pdti-incarnent-la-vision-royale-dun-modele-de-developpement-plus-efficace\/"},"wordCount":414,"commentCount":0,"image":{"@id":"https:\/\/dpress.ma\/fr\/2026\/04\/14\/les-pdti-incarnent-la-vision-royale-dun-modele-de-developpement-plus-efficace\/#primaryimage"},"thumbnailUrl":"https:\/\/dpress.ma\/fr\/wp-content\/uploads\/sites\/2\/2026\/04\/15-1.jpg","articleSection":["opinions-et-debats"],"inLanguage":"fr-FR","potentialAction":[{"@type":"CommentAction","name":"Comment","target":["https:\/\/dpress.ma\/fr\/2026\/04\/14\/les-pdti-incarnent-la-vision-royale-dun-modele-de-developpement-plus-efficace\/#respond"]}]},{"@type":"WebPage","@id":"https:\/\/dpress.ma\/fr\/2026\/04\/14\/les-pdti-incarnent-la-vision-royale-dun-modele-de-developpement-plus-efficace\/","url":"https:\/\/dpress.ma\/fr\/2026\/04\/14\/les-pdti-incarnent-la-vision-royale-dun-modele-de-developpement-plus-efficace\/","name":"Les PDTI incarnent la vision royale d\u2019un mod\u00e8le de d\u00e9veloppement plus efficace - Dpress.ma\/fr","isPartOf":{"@id":"https:\/\/dpress.ma\/fr\/#website"},"primaryImageOfPage":{"@id":"https:\/\/dpress.ma\/fr\/2026\/04\/14\/les-pdti-incarnent-la-vision-royale-dun-modele-de-developpement-plus-efficace\/#primaryimage"},"image":{"@id":"https:\/\/dpress.ma\/fr\/2026\/04\/14\/les-pdti-incarnent-la-vision-royale-dun-modele-de-developpement-plus-efficace\/#primaryimage"},"thumbnailUrl":"https:\/\/dpress.ma\/fr\/wp-content\/uploads\/sites\/2\/2026\/04\/15-1.jpg","datePublished":"2026-04-14T11:08:49+00:00","dateModified":"2026-04-14T11:08:51+00:00","author":{"@id":"https:\/\/dpress.ma\/fr\/#\/schema\/person\/4898febf3ccd59e6578d838656a306a0"},"breadcrumb":{"@id":"https:\/\/dpress.ma\/fr\/2026\/04\/14\/les-pdti-incarnent-la-vision-royale-dun-modele-de-developpement-plus-efficace\/#breadcrumb"},"inLanguage":"fr-FR","potentialAction":[{"@type":"ReadAction","target":["https:\/\/dpress.ma\/fr\/2026\/04\/14\/les-pdti-incarnent-la-vision-royale-dun-modele-de-developpement-plus-efficace\/"]}]},{"@type":"ImageObject","inLanguage":"fr-FR","@id":"https:\/\/dpress.ma\/fr\/2026\/04\/14\/les-pdti-incarnent-la-vision-royale-dun-modele-de-developpement-plus-efficace\/#primaryimage","url":"https:\/\/dpress.ma\/fr\/wp-content\/uploads\/sites\/2\/2026\/04\/15-1.jpg","contentUrl":"https:\/\/dpress.ma\/fr\/wp-content\/uploads\/sites\/2\/2026\/04\/15-1.jpg","width":2539,"height":1594},{"@type":"BreadcrumbList","@id":"https:\/\/dpress.ma\/fr\/2026\/04\/14\/les-pdti-incarnent-la-vision-royale-dun-modele-de-developpement-plus-efficace\/#breadcrumb","itemListElement":[{"@type":"ListItem","position":1,"name":"Home","item":"https:\/\/dpress.ma\/fr\/"},{"@type":"ListItem","position":2,"name":"Les PDTI incarnent la vision royale d\u2019un mod\u00e8le de d\u00e9veloppement plus efficace"}]},{"@type":"WebSite","@id":"https:\/\/dpress.ma\/fr\/#website","url":"https:\/\/dpress.ma\/fr\/","name":"Dpress.ma\/fr","description":"","potentialAction":[{"@type":"SearchAction","target":{"@type":"EntryPoint","urlTemplate":"https:\/\/dpress.ma\/fr\/?s={search_term_string}"},"query-input":{"@type":"PropertyValueSpecification","valueRequired":true,"valueName":"search_term_string"}}],"inLanguage":"fr-FR"},{"@type":"Person","@id":"https:\/\/dpress.ma\/fr\/#\/schema\/person\/4898febf3ccd59e6578d838656a306a0","name":"Dpress.ma","image":{"@type":"ImageObject","inLanguage":"fr-FR","@id":"https:\/\/secure.gravatar.com\/avatar\/72ecc30e9db047a2e0e7176561eb9d564ed77c8108376495b19bd8336405198a?s=96&d=mm&r=g","url":"https:\/\/secure.gravatar.com\/avatar\/72ecc30e9db047a2e0e7176561eb9d564ed77c8108376495b19bd8336405198a?s=96&d=mm&r=g","contentUrl":"https:\/\/secure.gravatar.com\/avatar\/72ecc30e9db047a2e0e7176561eb9d564ed77c8108376495b19bd8336405198a?s=96&d=mm&r=g","caption":"Dpress.ma"},"sameAs":["https:\/\/www.dpress.ma"],"url":"https:\/\/dpress.ma\/fr\/author\/dpress-ma\/"}]}},"amp_enabled":true,"_links":{"self":[{"href":"https:\/\/dpress.ma\/fr\/wp-json\/wp\/v2\/posts\/28428","targetHints":{"allow":["GET"]}}],"collection":[{"href":"https:\/\/dpress.ma\/fr\/wp-json\/wp\/v2\/posts"}],"about":[{"href":"https:\/\/dpress.ma\/fr\/wp-json\/wp\/v2\/types\/post"}],"author":[{"embeddable":true,"href":"https:\/\/dpress.ma\/fr\/wp-json\/wp\/v2\/users\/2"}],"replies":[{"embeddable":true,"href":"https:\/\/dpress.ma\/fr\/wp-json\/wp\/v2\/comments?post=28428"}],"version-history":[{"count":1,"href":"https:\/\/dpress.ma\/fr\/wp-json\/wp\/v2\/posts\/28428\/revisions"}],"predecessor-version":[{"id":28429,"href":"https:\/\/dpress.ma\/fr\/wp-json\/wp\/v2\/posts\/28428\/revisions\/28429"}],"wp:featuredmedia":[{"embeddable":true,"href":"https:\/\/dpress.ma\/fr\/wp-json\/wp\/v2\/media\/28345"}],"wp:attachment":[{"href":"https:\/\/dpress.ma\/fr\/wp-json\/wp\/v2\/media?parent=28428"}],"wp:term":[{"taxonomy":"category","embeddable":true,"href":"https:\/\/dpress.ma\/fr\/wp-json\/wp\/v2\/categories?post=28428"},{"taxonomy":"post_tag","embeddable":true,"href":"https:\/\/dpress.ma\/fr\/wp-json\/wp\/v2\/tags?post=28428"}],"curies":[{"name":"wp","href":"https:\/\/api.w.org\/{rel}","templated":true}]}}