{"id":28423,"date":"2026-04-14T11:07:11","date_gmt":"2026-04-14T11:07:11","guid":{"rendered":"https:\/\/dpress.ma\/fr\/?p=28423"},"modified":"2026-04-14T11:07:13","modified_gmt":"2026-04-14T11:07:13","slug":"la-nouvelle-generation-de-pdti-consacre-linnovation-comme-levier-de-deploiement-des-politiques-territoriales","status":"publish","type":"post","link":"https:\/\/dpress.ma\/fr\/2026\/04\/14\/la-nouvelle-generation-de-pdti-consacre-linnovation-comme-levier-de-deploiement-des-politiques-territoriales\/","title":{"rendered":"La nouvelle g\u00e9n\u00e9ration de PDTI consacre l\u2019innovation comme levier de d\u00e9ploiement des politiques territoriales"},"content":{"rendered":"\n<p>Dpress<\/p>\n\n\n\n<p>Sous l\u2019impulsion de Sa Majest\u00e9 le Roi Mohammed VI, la nouvelle g\u00e9n\u00e9ration de Programmes de D\u00e9veloppement Territorial Int\u00e9gr\u00e9 (PDTI) consacre l\u2019innovation comme levier de d\u00e9ploiement des politiques territoriales et de renforcement de la performance publique, a soulign\u00e9 la directrice g\u00e9n\u00e9rale du Technopark, Lamiaa Benmakhlouf.<\/p>\n\n\n\n<p>Dans une interview accord\u00e9e \u00e0 la MAP, Mme Benmakhlouf a relev\u00e9 que conform\u00e9ment \u00e0 la vision Royale, cette nouvelle dynamique traduit une \u00e9volution significative des approches de d\u00e9veloppement, d\u00e9sormais fond\u00e9es sur l\u2019int\u00e9gration des outils technologiques et des m\u00e9thodes innovantes dans la conception et la mise en \u0153uvre des politiques territoriales.<\/p>\n\n\n\n<p>Elle a expliqu\u00e9 que l\u2019innovation, dans le cadre des nouveaux PDTI, d\u00e9passe le cadre technologique pour englober \u00e9galement les modes de gouvernance, de pilotage et d\u2019\u00e9valuation des projets, avec un accent particulier sur la mesure de l\u2019impact et l\u2019optimisation des ressources.<\/p>\n\n\n\n<p>La DG du Technopark a, en outre, mis en avant la n\u00e9cessit\u00e9 d\u2019adopter une approche favorisant la collaboration entre les diff\u00e9rents acteurs territoriaux et leur convergence autour de projets structurants, en rupture avec les logiques fragment\u00e9es, notant qu\u2019\u00e0 travers cette approche chaque r\u00e9gion est appel\u00e9e \u00e0 devenir un p\u00f4le de cr\u00e9ation de valeur, d\u2019innovation et d\u2019emploi.<\/p>\n\n\n\n<p>Dans ce sens, elle a not\u00e9 que la nouvelle g\u00e9n\u00e9ration de PDTI vise \u00e0 instaurer une culture de l\u2019innovation au sein des territoires, en s\u2019appuyant sur des m\u00e9canismes de coordination renforc\u00e9s et des outils de gestion modernis\u00e9s, soulignant l\u2019importance des technologies avanc\u00e9es, notamment l\u2019intelligence artificielle et les solutions digitales, en tant que catalyseurs de modernisation de l\u2019action publique et d\u2019am\u00e9lioration de la qualit\u00e9 des services rendus aux citoyens.<\/p>\n","protected":false},"excerpt":{"rendered":"<p>Dpress Sous l\u2019impulsion de Sa Majest\u00e9 le Roi Mohammed VI, la nouvelle g\u00e9n\u00e9ration de Programmes de D\u00e9veloppement Territorial Int\u00e9gr\u00e9 (PDTI) consacre l\u2019innovation comme levier de d\u00e9ploiement des politiques territoriales et de renforcement de la performance publique, a soulign\u00e9 la directrice g\u00e9n\u00e9rale du Technopark, Lamiaa Benmakhlouf. Dans une interview accord\u00e9e \u00e0 la MAP, Mme Benmakhlouf a &hellip;<\/p>\n","protected":false},"author":2,"featured_media":28424,"comment_status":"open","ping_status":"open","sticky":false,"template":"","format":"standard","meta":{"footnotes":""},"categories":[41],"tags":[],"class_list":["post-28423","post","type-post","status-publish","format-standard","has-post-thumbnail","hentry","category-opinions-et-debats"],"yoast_head":"<!-- This site is optimized with the Yoast SEO plugin v27.5 - https:\/\/yoast.com\/product\/yoast-seo-wordpress\/ -->\n<title>La nouvelle g\u00e9n\u00e9ration de PDTI consacre l\u2019innovation comme levier de d\u00e9ploiement des politiques territoriales - Dpress.ma\/fr<\/title>\n<meta name=\"robots\" content=\"index, follow, max-snippet:-1, max-image-preview:large, max-video-preview:-1\" \/>\n<link rel=\"canonical\" href=\"https:\/\/dpress.ma\/fr\/2026\/04\/14\/la-nouvelle-generation-de-pdti-consacre-linnovation-comme-levier-de-deploiement-des-politiques-territoriales\/\" \/>\n<meta property=\"og:locale\" content=\"fr_FR\" \/>\n<meta property=\"og:type\" content=\"article\" \/>\n<meta property=\"og:title\" content=\"La nouvelle g\u00e9n\u00e9ration de PDTI consacre l\u2019innovation comme levier de d\u00e9ploiement des politiques territoriales - Dpress.ma\/fr\" \/>\n<meta property=\"og:description\" content=\"Dpress Sous l\u2019impulsion de Sa Majest\u00e9 le Roi Mohammed VI, la nouvelle g\u00e9n\u00e9ration de Programmes de D\u00e9veloppement Territorial Int\u00e9gr\u00e9 (PDTI) consacre l\u2019innovation comme levier de d\u00e9ploiement des politiques territoriales et de renforcement de la performance publique, a soulign\u00e9 la directrice g\u00e9n\u00e9rale du Technopark, Lamiaa Benmakhlouf. Dans une interview accord\u00e9e \u00e0 la MAP, Mme Benmakhlouf a &hellip;\" \/>\n<meta property=\"og:url\" content=\"https:\/\/dpress.ma\/fr\/2026\/04\/14\/la-nouvelle-generation-de-pdti-consacre-linnovation-comme-levier-de-deploiement-des-politiques-territoriales\/\" \/>\n<meta property=\"og:site_name\" content=\"Dpress.ma\/fr\" \/>\n<meta property=\"article:published_time\" content=\"2026-04-14T11:07:11+00:00\" \/>\n<meta property=\"article:modified_time\" content=\"2026-04-14T11:07:13+00:00\" \/>\n<meta property=\"og:image\" content=\"https:\/\/dpress.ma\/fr\/wp-content\/uploads\/sites\/2\/2026\/04\/27-4.jpg\" \/>\n\t<meta property=\"og:image:width\" content=\"2539\" \/>\n\t<meta property=\"og:image:height\" content=\"1594\" \/>\n\t<meta property=\"og:image:type\" content=\"image\/jpeg\" \/>\n<meta name=\"author\" content=\"Dpress.ma\" \/>\n<meta name=\"twitter:card\" content=\"summary_large_image\" \/>\n<meta name=\"twitter:label1\" content=\"\u00c9crit par\" \/>\n\t<meta name=\"twitter:data1\" content=\"Dpress.ma\" \/>\n\t<meta name=\"twitter:label2\" content=\"Dur\u00e9e de lecture estim\u00e9e\" \/>\n\t<meta name=\"twitter:data2\" content=\"2 minutes\" \/>\n<script type=\"application\/ld+json\" class=\"yoast-schema-graph\">{\"@context\":\"https:\\\/\\\/schema.org\",\"@graph\":[{\"@type\":\"Article\",\"@id\":\"https:\\\/\\\/dpress.ma\\\/fr\\\/2026\\\/04\\\/14\\\/la-nouvelle-generation-de-pdti-consacre-linnovation-comme-levier-de-deploiement-des-politiques-territoriales\\\/#article\",\"isPartOf\":{\"@id\":\"https:\\\/\\\/dpress.ma\\\/fr\\\/2026\\\/04\\\/14\\\/la-nouvelle-generation-de-pdti-consacre-linnovation-comme-levier-de-deploiement-des-politiques-territoriales\\\/\"},\"author\":{\"name\":\"Dpress.ma\",\"@id\":\"https:\\\/\\\/dpress.ma\\\/fr\\\/#\\\/schema\\\/person\\\/4898febf3ccd59e6578d838656a306a0\"},\"headline\":\"La nouvelle g\u00e9n\u00e9ration de PDTI consacre l\u2019innovation comme levier de d\u00e9ploiement des politiques territoriales\",\"datePublished\":\"2026-04-14T11:07:11+00:00\",\"dateModified\":\"2026-04-14T11:07:13+00:00\",\"mainEntityOfPage\":{\"@id\":\"https:\\\/\\\/dpress.ma\\\/fr\\\/2026\\\/04\\\/14\\\/la-nouvelle-generation-de-pdti-consacre-linnovation-comme-levier-de-deploiement-des-politiques-territoriales\\\/\"},\"wordCount\":319,\"commentCount\":0,\"image\":{\"@id\":\"https:\\\/\\\/dpress.ma\\\/fr\\\/2026\\\/04\\\/14\\\/la-nouvelle-generation-de-pdti-consacre-linnovation-comme-levier-de-deploiement-des-politiques-territoriales\\\/#primaryimage\"},\"thumbnailUrl\":\"https:\\\/\\\/dpress.ma\\\/fr\\\/wp-content\\\/uploads\\\/sites\\\/2\\\/2026\\\/04\\\/27-4.jpg\",\"articleSection\":[\"opinions-et-debats\"],\"inLanguage\":\"fr-FR\",\"potentialAction\":[{\"@type\":\"CommentAction\",\"name\":\"Comment\",\"target\":[\"https:\\\/\\\/dpress.ma\\\/fr\\\/2026\\\/04\\\/14\\\/la-nouvelle-generation-de-pdti-consacre-linnovation-comme-levier-de-deploiement-des-politiques-territoriales\\\/#respond\"]}]},{\"@type\":\"WebPage\",\"@id\":\"https:\\\/\\\/dpress.ma\\\/fr\\\/2026\\\/04\\\/14\\\/la-nouvelle-generation-de-pdti-consacre-linnovation-comme-levier-de-deploiement-des-politiques-territoriales\\\/\",\"url\":\"https:\\\/\\\/dpress.ma\\\/fr\\\/2026\\\/04\\\/14\\\/la-nouvelle-generation-de-pdti-consacre-linnovation-comme-levier-de-deploiement-des-politiques-territoriales\\\/\",\"name\":\"La nouvelle g\u00e9n\u00e9ration de PDTI consacre l\u2019innovation comme levier de d\u00e9ploiement des politiques territoriales - Dpress.ma\\\/fr\",\"isPartOf\":{\"@id\":\"https:\\\/\\\/dpress.ma\\\/fr\\\/#website\"},\"primaryImageOfPage\":{\"@id\":\"https:\\\/\\\/dpress.ma\\\/fr\\\/2026\\\/04\\\/14\\\/la-nouvelle-generation-de-pdti-consacre-linnovation-comme-levier-de-deploiement-des-politiques-territoriales\\\/#primaryimage\"},\"image\":{\"@id\":\"https:\\\/\\\/dpress.ma\\\/fr\\\/2026\\\/04\\\/14\\\/la-nouvelle-generation-de-pdti-consacre-linnovation-comme-levier-de-deploiement-des-politiques-territoriales\\\/#primaryimage\"},\"thumbnailUrl\":\"https:\\\/\\\/dpress.ma\\\/fr\\\/wp-content\\\/uploads\\\/sites\\\/2\\\/2026\\\/04\\\/27-4.jpg\",\"datePublished\":\"2026-04-14T11:07:11+00:00\",\"dateModified\":\"2026-04-14T11:07:13+00:00\",\"author\":{\"@id\":\"https:\\\/\\\/dpress.ma\\\/fr\\\/#\\\/schema\\\/person\\\/4898febf3ccd59e6578d838656a306a0\"},\"breadcrumb\":{\"@id\":\"https:\\\/\\\/dpress.ma\\\/fr\\\/2026\\\/04\\\/14\\\/la-nouvelle-generation-de-pdti-consacre-linnovation-comme-levier-de-deploiement-des-politiques-territoriales\\\/#breadcrumb\"},\"inLanguage\":\"fr-FR\",\"potentialAction\":[{\"@type\":\"ReadAction\",\"target\":[\"https:\\\/\\\/dpress.ma\\\/fr\\\/2026\\\/04\\\/14\\\/la-nouvelle-generation-de-pdti-consacre-linnovation-comme-levier-de-deploiement-des-politiques-territoriales\\\/\"]}]},{\"@type\":\"ImageObject\",\"inLanguage\":\"fr-FR\",\"@id\":\"https:\\\/\\\/dpress.ma\\\/fr\\\/2026\\\/04\\\/14\\\/la-nouvelle-generation-de-pdti-consacre-linnovation-comme-levier-de-deploiement-des-politiques-territoriales\\\/#primaryimage\",\"url\":\"https:\\\/\\\/dpress.ma\\\/fr\\\/wp-content\\\/uploads\\\/sites\\\/2\\\/2026\\\/04\\\/27-4.jpg\",\"contentUrl\":\"https:\\\/\\\/dpress.ma\\\/fr\\\/wp-content\\\/uploads\\\/sites\\\/2\\\/2026\\\/04\\\/27-4.jpg\",\"width\":2539,\"height\":1594},{\"@type\":\"BreadcrumbList\",\"@id\":\"https:\\\/\\\/dpress.ma\\\/fr\\\/2026\\\/04\\\/14\\\/la-nouvelle-generation-de-pdti-consacre-linnovation-comme-levier-de-deploiement-des-politiques-territoriales\\\/#breadcrumb\",\"itemListElement\":[{\"@type\":\"ListItem\",\"position\":1,\"name\":\"Home\",\"item\":\"https:\\\/\\\/dpress.ma\\\/fr\\\/\"},{\"@type\":\"ListItem\",\"position\":2,\"name\":\"La nouvelle g\u00e9n\u00e9ration de PDTI consacre l\u2019innovation comme levier de d\u00e9ploiement des politiques territoriales\"}]},{\"@type\":\"WebSite\",\"@id\":\"https:\\\/\\\/dpress.ma\\\/fr\\\/#website\",\"url\":\"https:\\\/\\\/dpress.ma\\\/fr\\\/\",\"name\":\"Dpress.ma\\\/fr\",\"description\":\"\",\"potentialAction\":[{\"@type\":\"SearchAction\",\"target\":{\"@type\":\"EntryPoint\",\"urlTemplate\":\"https:\\\/\\\/dpress.ma\\\/fr\\\/?s={search_term_string}\"},\"query-input\":{\"@type\":\"PropertyValueSpecification\",\"valueRequired\":true,\"valueName\":\"search_term_string\"}}],\"inLanguage\":\"fr-FR\"},{\"@type\":\"Person\",\"@id\":\"https:\\\/\\\/dpress.ma\\\/fr\\\/#\\\/schema\\\/person\\\/4898febf3ccd59e6578d838656a306a0\",\"name\":\"Dpress.ma\",\"image\":{\"@type\":\"ImageObject\",\"inLanguage\":\"fr-FR\",\"@id\":\"https:\\\/\\\/secure.gravatar.com\\\/avatar\\\/72ecc30e9db047a2e0e7176561eb9d564ed77c8108376495b19bd8336405198a?s=96&d=mm&r=g\",\"url\":\"https:\\\/\\\/secure.gravatar.com\\\/avatar\\\/72ecc30e9db047a2e0e7176561eb9d564ed77c8108376495b19bd8336405198a?s=96&d=mm&r=g\",\"contentUrl\":\"https:\\\/\\\/secure.gravatar.com\\\/avatar\\\/72ecc30e9db047a2e0e7176561eb9d564ed77c8108376495b19bd8336405198a?s=96&d=mm&r=g\",\"caption\":\"Dpress.ma\"},\"sameAs\":[\"https:\\\/\\\/www.dpress.ma\"],\"url\":\"https:\\\/\\\/dpress.ma\\\/fr\\\/author\\\/dpress-ma\\\/\"}]}<\/script>\n<!-- \/ Yoast SEO plugin. -->","yoast_head_json":{"title":"La nouvelle g\u00e9n\u00e9ration de PDTI consacre l\u2019innovation comme levier de d\u00e9ploiement des politiques territoriales - Dpress.ma\/fr","robots":{"index":"index","follow":"follow","max-snippet":"max-snippet:-1","max-image-preview":"max-image-preview:large","max-video-preview":"max-video-preview:-1"},"canonical":"https:\/\/dpress.ma\/fr\/2026\/04\/14\/la-nouvelle-generation-de-pdti-consacre-linnovation-comme-levier-de-deploiement-des-politiques-territoriales\/","og_locale":"fr_FR","og_type":"article","og_title":"La nouvelle g\u00e9n\u00e9ration de PDTI consacre l\u2019innovation comme levier de d\u00e9ploiement des politiques territoriales - Dpress.ma\/fr","og_description":"Dpress Sous l\u2019impulsion de Sa Majest\u00e9 le Roi Mohammed VI, la nouvelle g\u00e9n\u00e9ration de Programmes de D\u00e9veloppement Territorial Int\u00e9gr\u00e9 (PDTI) consacre l\u2019innovation comme levier de d\u00e9ploiement des politiques territoriales et de renforcement de la performance publique, a soulign\u00e9 la directrice g\u00e9n\u00e9rale du Technopark, Lamiaa Benmakhlouf. Dans une interview accord\u00e9e \u00e0 la MAP, Mme Benmakhlouf a &hellip;","og_url":"https:\/\/dpress.ma\/fr\/2026\/04\/14\/la-nouvelle-generation-de-pdti-consacre-linnovation-comme-levier-de-deploiement-des-politiques-territoriales\/","og_site_name":"Dpress.ma\/fr","article_published_time":"2026-04-14T11:07:11+00:00","article_modified_time":"2026-04-14T11:07:13+00:00","og_image":[{"width":2539,"height":1594,"url":"https:\/\/dpress.ma\/fr\/wp-content\/uploads\/sites\/2\/2026\/04\/27-4.jpg","type":"image\/jpeg"}],"author":"Dpress.ma","twitter_card":"summary_large_image","twitter_misc":{"\u00c9crit par":"Dpress.ma","Dur\u00e9e de lecture estim\u00e9e":"2 minutes"},"schema":{"@context":"https:\/\/schema.org","@graph":[{"@type":"Article","@id":"https:\/\/dpress.ma\/fr\/2026\/04\/14\/la-nouvelle-generation-de-pdti-consacre-linnovation-comme-levier-de-deploiement-des-politiques-territoriales\/#article","isPartOf":{"@id":"https:\/\/dpress.ma\/fr\/2026\/04\/14\/la-nouvelle-generation-de-pdti-consacre-linnovation-comme-levier-de-deploiement-des-politiques-territoriales\/"},"author":{"name":"Dpress.ma","@id":"https:\/\/dpress.ma\/fr\/#\/schema\/person\/4898febf3ccd59e6578d838656a306a0"},"headline":"La nouvelle g\u00e9n\u00e9ration de PDTI consacre l\u2019innovation comme levier de d\u00e9ploiement des politiques territoriales","datePublished":"2026-04-14T11:07:11+00:00","dateModified":"2026-04-14T11:07:13+00:00","mainEntityOfPage":{"@id":"https:\/\/dpress.ma\/fr\/2026\/04\/14\/la-nouvelle-generation-de-pdti-consacre-linnovation-comme-levier-de-deploiement-des-politiques-territoriales\/"},"wordCount":319,"commentCount":0,"image":{"@id":"https:\/\/dpress.ma\/fr\/2026\/04\/14\/la-nouvelle-generation-de-pdti-consacre-linnovation-comme-levier-de-deploiement-des-politiques-territoriales\/#primaryimage"},"thumbnailUrl":"https:\/\/dpress.ma\/fr\/wp-content\/uploads\/sites\/2\/2026\/04\/27-4.jpg","articleSection":["opinions-et-debats"],"inLanguage":"fr-FR","potentialAction":[{"@type":"CommentAction","name":"Comment","target":["https:\/\/dpress.ma\/fr\/2026\/04\/14\/la-nouvelle-generation-de-pdti-consacre-linnovation-comme-levier-de-deploiement-des-politiques-territoriales\/#respond"]}]},{"@type":"WebPage","@id":"https:\/\/dpress.ma\/fr\/2026\/04\/14\/la-nouvelle-generation-de-pdti-consacre-linnovation-comme-levier-de-deploiement-des-politiques-territoriales\/","url":"https:\/\/dpress.ma\/fr\/2026\/04\/14\/la-nouvelle-generation-de-pdti-consacre-linnovation-comme-levier-de-deploiement-des-politiques-territoriales\/","name":"La nouvelle g\u00e9n\u00e9ration de PDTI consacre l\u2019innovation comme levier de d\u00e9ploiement des politiques territoriales - Dpress.ma\/fr","isPartOf":{"@id":"https:\/\/dpress.ma\/fr\/#website"},"primaryImageOfPage":{"@id":"https:\/\/dpress.ma\/fr\/2026\/04\/14\/la-nouvelle-generation-de-pdti-consacre-linnovation-comme-levier-de-deploiement-des-politiques-territoriales\/#primaryimage"},"image":{"@id":"https:\/\/dpress.ma\/fr\/2026\/04\/14\/la-nouvelle-generation-de-pdti-consacre-linnovation-comme-levier-de-deploiement-des-politiques-territoriales\/#primaryimage"},"thumbnailUrl":"https:\/\/dpress.ma\/fr\/wp-content\/uploads\/sites\/2\/2026\/04\/27-4.jpg","datePublished":"2026-04-14T11:07:11+00:00","dateModified":"2026-04-14T11:07:13+00:00","author":{"@id":"https:\/\/dpress.ma\/fr\/#\/schema\/person\/4898febf3ccd59e6578d838656a306a0"},"breadcrumb":{"@id":"https:\/\/dpress.ma\/fr\/2026\/04\/14\/la-nouvelle-generation-de-pdti-consacre-linnovation-comme-levier-de-deploiement-des-politiques-territoriales\/#breadcrumb"},"inLanguage":"fr-FR","potentialAction":[{"@type":"ReadAction","target":["https:\/\/dpress.ma\/fr\/2026\/04\/14\/la-nouvelle-generation-de-pdti-consacre-linnovation-comme-levier-de-deploiement-des-politiques-territoriales\/"]}]},{"@type":"ImageObject","inLanguage":"fr-FR","@id":"https:\/\/dpress.ma\/fr\/2026\/04\/14\/la-nouvelle-generation-de-pdti-consacre-linnovation-comme-levier-de-deploiement-des-politiques-territoriales\/#primaryimage","url":"https:\/\/dpress.ma\/fr\/wp-content\/uploads\/sites\/2\/2026\/04\/27-4.jpg","contentUrl":"https:\/\/dpress.ma\/fr\/wp-content\/uploads\/sites\/2\/2026\/04\/27-4.jpg","width":2539,"height":1594},{"@type":"BreadcrumbList","@id":"https:\/\/dpress.ma\/fr\/2026\/04\/14\/la-nouvelle-generation-de-pdti-consacre-linnovation-comme-levier-de-deploiement-des-politiques-territoriales\/#breadcrumb","itemListElement":[{"@type":"ListItem","position":1,"name":"Home","item":"https:\/\/dpress.ma\/fr\/"},{"@type":"ListItem","position":2,"name":"La nouvelle g\u00e9n\u00e9ration de PDTI consacre l\u2019innovation comme levier de d\u00e9ploiement des politiques territoriales"}]},{"@type":"WebSite","@id":"https:\/\/dpress.ma\/fr\/#website","url":"https:\/\/dpress.ma\/fr\/","name":"Dpress.ma\/fr","description":"","potentialAction":[{"@type":"SearchAction","target":{"@type":"EntryPoint","urlTemplate":"https:\/\/dpress.ma\/fr\/?s={search_term_string}"},"query-input":{"@type":"PropertyValueSpecification","valueRequired":true,"valueName":"search_term_string"}}],"inLanguage":"fr-FR"},{"@type":"Person","@id":"https:\/\/dpress.ma\/fr\/#\/schema\/person\/4898febf3ccd59e6578d838656a306a0","name":"Dpress.ma","image":{"@type":"ImageObject","inLanguage":"fr-FR","@id":"https:\/\/secure.gravatar.com\/avatar\/72ecc30e9db047a2e0e7176561eb9d564ed77c8108376495b19bd8336405198a?s=96&d=mm&r=g","url":"https:\/\/secure.gravatar.com\/avatar\/72ecc30e9db047a2e0e7176561eb9d564ed77c8108376495b19bd8336405198a?s=96&d=mm&r=g","contentUrl":"https:\/\/secure.gravatar.com\/avatar\/72ecc30e9db047a2e0e7176561eb9d564ed77c8108376495b19bd8336405198a?s=96&d=mm&r=g","caption":"Dpress.ma"},"sameAs":["https:\/\/www.dpress.ma"],"url":"https:\/\/dpress.ma\/fr\/author\/dpress-ma\/"}]}},"amp_enabled":true,"_links":{"self":[{"href":"https:\/\/dpress.ma\/fr\/wp-json\/wp\/v2\/posts\/28423","targetHints":{"allow":["GET"]}}],"collection":[{"href":"https:\/\/dpress.ma\/fr\/wp-json\/wp\/v2\/posts"}],"about":[{"href":"https:\/\/dpress.ma\/fr\/wp-json\/wp\/v2\/types\/post"}],"author":[{"embeddable":true,"href":"https:\/\/dpress.ma\/fr\/wp-json\/wp\/v2\/users\/2"}],"replies":[{"embeddable":true,"href":"https:\/\/dpress.ma\/fr\/wp-json\/wp\/v2\/comments?post=28423"}],"version-history":[{"count":1,"href":"https:\/\/dpress.ma\/fr\/wp-json\/wp\/v2\/posts\/28423\/revisions"}],"predecessor-version":[{"id":28425,"href":"https:\/\/dpress.ma\/fr\/wp-json\/wp\/v2\/posts\/28423\/revisions\/28425"}],"wp:featuredmedia":[{"embeddable":true,"href":"https:\/\/dpress.ma\/fr\/wp-json\/wp\/v2\/media\/28424"}],"wp:attachment":[{"href":"https:\/\/dpress.ma\/fr\/wp-json\/wp\/v2\/media?parent=28423"}],"wp:term":[{"taxonomy":"category","embeddable":true,"href":"https:\/\/dpress.ma\/fr\/wp-json\/wp\/v2\/categories?post=28423"},{"taxonomy":"post_tag","embeddable":true,"href":"https:\/\/dpress.ma\/fr\/wp-json\/wp\/v2\/tags?post=28423"}],"curies":[{"name":"wp","href":"https:\/\/api.w.org\/{rel}","templated":true}]}}