{"id":28420,"date":"2026-04-14T11:05:37","date_gmt":"2026-04-14T11:05:37","guid":{"rendered":"https:\/\/dpress.ma\/fr\/?p=28420"},"modified":"2026-04-14T11:05:38","modified_gmt":"2026-04-14T11:05:38","slug":"la-9e-edition-du-marathon-international-de-rabat-le-10-mai","status":"publish","type":"post","link":"https:\/\/dpress.ma\/fr\/2026\/04\/14\/la-9e-edition-du-marathon-international-de-rabat-le-10-mai\/","title":{"rendered":"La 9e \u00e9dition du Marathon international de Rabat le 10 mai"},"content":{"rendered":"\n<p>Dpress<\/p>\n\n\n\n<p>La 9e \u00e9dition du marathon international de Rabat aura lieu le 10 mai prochain, ont annonc\u00e9 les organisateurs, lundi.<\/p>\n\n\n\n<p>Organis\u00e9e sous le Haut Patronage de Sa Majest\u00e9 le Roi Mohammed VI, cette \u00e9dition sera anim\u00e9e par l\u2019ambition de r\u00e9aliser des performances mondiales remarquables au marathon et au semi-marathon, ainsi que l\u2019enregistrement d\u2019un nouveau record de participation, ont affirm\u00e9 les organisateurs lors d\u2019une conf\u00e9rence de presse \u00e0 Rabat.<\/p>\n\n\n\n<p>\u00c0 cet \u00e9gard, le secr\u00e9taire g\u00e9n\u00e9ral de la F\u00e9d\u00e9ration royale marocaine d\u2019athl\u00e9tisme (FRMA), Mohamed Ghozlane, a indiqu\u00e9 que cette \u00e9dition intervient alors que le Marathon de Rabat poursuit son \u00e9volution avec constance apr\u00e8s avoir obtenu le label \u201cElite\u201d de World Athletics, soulignant que l\u2019objectif cette ann\u00e9e est l\u2019obtention du label d\u2019excellence \u201cGold\u201d.<\/p>\n\n\n\n<p>Dans une allocution lue au nom du pr\u00e9sident de la FRMA, Abdeslam Ahizoune, M. Ghozlane a rappel\u00e9 que la 8e \u00e9dition a connu un grand succ\u00e8s, avec la participation de plus de 19.000 coureurs repr\u00e9sentant 77 pays, en plus d\u2019un nouveau record dans le marathon f\u00e9minin.<\/p>\n\n\n\n<p>Le responsable a ajout\u00e9 que la F\u00e9d\u00e9ration a pris toutes les mesures n\u00e9cessaires pour assurer la r\u00e9ussite de cette \u00e9dition, conform\u00e9ment aux normes internationales, notamment apr\u00e8s l\u2019homologation du nouveau parcours du marathon, du semi-marathon et de la course de 10 km par l\u2019Association internationale des courses sur route.<\/p>\n\n\n\n<p>Il a \u00e9galement indiqu\u00e9 que ce parcours met en valeur les principaux sites historiques et les monuments de la capitale, notamment apr\u00e8s la mise \u00e0 niveau remarquable et continue de son tissu urbain.<\/p>\n\n\n\n<p>Sur le plan environnemental, il a affirm\u00e9 que la F\u00e9d\u00e9ration poursuit son engagement dans la strat\u00e9gie nationale de r\u00e9duction des \u00e9missions de carbone et de promotion du d\u00e9veloppement durable.<\/p>\n\n\n\n<p>De son c\u00f4t\u00e9, le responsable de l\u2019organisation au sein de la F\u00e9d\u00e9ration, Mohamed Ouahab, a pr\u00e9cis\u00e9 que la particularit\u00e9 de cette \u00e9dition r\u00e9side dans le d\u00e9part et l\u2019arriv\u00e9e qui seront au m\u00eame point, toutes les courses (10 km, semi-marathon et marathon) partant \u00e0 proximit\u00e9 du Stade olympique de Rabat.<\/p>\n\n\n\n<p>M. Ouahab a ajout\u00e9 que la ligne d\u2019arriv\u00e9e du 10 km sera celle du d\u00e9part, tandis que celles du marathon et du semi-marathon seront situ\u00e9es \u00e0 l\u2019int\u00e9rieur du Stade olympique.<\/p>\n\n\n\n<p>L\u2019\u00e9dition de cette ann\u00e9e conna\u00eetra, dans la cat\u00e9gorie marathon hommes, la participation de coureurs ayant r\u00e9alis\u00e9 des performances remarquables, notamment l\u2019\u00c9thiopien Chalu Deso Gelmisa (2h 04min 53s), son compatriote Fantahun Bekele Molaling (2:06.48), le K\u00e9nyan Wilfred Kirwa Kigen (2:06.47), ainsi que les Marocains Mohamed Reda El Aaraby (2:06.45) et Omar Ait Chitachen (2:07.57).<\/p>\n\n\n\n<p>Dans la cat\u00e9gorie marathon femmes, plusieurs athl\u00e8tes de haut niveau seront pr\u00e9sentes, notamment l\u2019\u00c9thiopienne Meseret Abebayahau (2:19.50), ses compatriotes Tiringo Mulu (2:21.12) et Siranesh Yirga (2:21.08), ainsi que les Marocaines Kaoutar Farkoussi (2:25.12) et Oumaima Saoud (2:25.36), dans une course qui s\u2019annonce tr\u00e8s disput\u00e9e en raison du niveau rapproch\u00e9.<\/p>\n\n\n\n<p>Dans le semi-marathon hommes, des athl\u00e8tes de renom prendront part \u00e0 la comp\u00e9tition, tels que l\u2019\u00c9thiopien Lulu Babsa (1:00.02), le K\u00e9nyan Timothy Kibet Kosgei (1:00.22), son compatriote Robert Keter (1:00.21), ainsi que le Marocain Mustapha Akkaoui (1:00.38), ce qui promet une forte concurrence pour les premi\u00e8res places.<\/p>\n\n\n\n<p>Chez les femmes, la comp\u00e9tition verra la participation de noms de premier plan, notamment la K\u00e9nyane Amana Mursi (1:06.52), sa compatriote Regina Wambui (1:07.10), ainsi que les Marocaines Soukaina Atanane (1:09.52) et Meryem Azrour (1:09.46), dans une course ouverte \u00e0 plusieurs sc\u00e9narios.<\/p>\n\n\n\n<p>Lors de l\u2019\u00e9dition pr\u00e9c\u00e9dente, le titre du marathon avait \u00e9t\u00e9 remport\u00e9 par l\u2019Ougandais Abel Chelangat (hommes) et la Marocaine Rahma Tahiri (femmes), tandis que celui du semi-marathon \u00e9tait revenu au Marocain Omar Ait Chitachen (hommes) et \u00e0 l\u2019\u00c9thiopienne Kalkidan Fentie Debeb (femmes).<\/p>\n","protected":false},"excerpt":{"rendered":"<p>Dpress La 9e \u00e9dition du marathon international de Rabat aura lieu le 10 mai prochain, ont annonc\u00e9 les organisateurs, lundi. Organis\u00e9e sous le Haut Patronage de Sa Majest\u00e9 le Roi Mohammed VI, cette \u00e9dition sera anim\u00e9e par l\u2019ambition de r\u00e9aliser des performances mondiales remarquables au marathon et au semi-marathon, ainsi que l\u2019enregistrement d\u2019un nouveau record &hellip;<\/p>\n","protected":false},"author":2,"featured_media":28421,"comment_status":"open","ping_status":"open","sticky":false,"template":"","format":"standard","meta":{"footnotes":""},"categories":[27],"tags":[],"class_list":["post-28420","post","type-post","status-publish","format-standard","has-post-thumbnail","hentry","category-sport"],"yoast_head":"<!-- This site is optimized with the Yoast SEO plugin v27.5 - https:\/\/yoast.com\/product\/yoast-seo-wordpress\/ -->\n<title>La 9e \u00e9dition du Marathon international de Rabat le 10 mai - Dpress.ma\/fr<\/title>\n<meta name=\"robots\" content=\"index, follow, max-snippet:-1, max-image-preview:large, max-video-preview:-1\" \/>\n<link rel=\"canonical\" href=\"https:\/\/dpress.ma\/fr\/2026\/04\/14\/la-9e-edition-du-marathon-international-de-rabat-le-10-mai\/\" \/>\n<meta property=\"og:locale\" content=\"fr_FR\" \/>\n<meta property=\"og:type\" content=\"article\" \/>\n<meta property=\"og:title\" content=\"La 9e \u00e9dition du Marathon international de Rabat le 10 mai - Dpress.ma\/fr\" \/>\n<meta property=\"og:description\" content=\"Dpress La 9e \u00e9dition du marathon international de Rabat aura lieu le 10 mai prochain, ont annonc\u00e9 les organisateurs, lundi. Organis\u00e9e sous le Haut Patronage de Sa Majest\u00e9 le Roi Mohammed VI, cette \u00e9dition sera anim\u00e9e par l\u2019ambition de r\u00e9aliser des performances mondiales remarquables au marathon et au semi-marathon, ainsi que l\u2019enregistrement d\u2019un nouveau record &hellip;\" \/>\n<meta property=\"og:url\" content=\"https:\/\/dpress.ma\/fr\/2026\/04\/14\/la-9e-edition-du-marathon-international-de-rabat-le-10-mai\/\" \/>\n<meta property=\"og:site_name\" content=\"Dpress.ma\/fr\" \/>\n<meta property=\"article:published_time\" content=\"2026-04-14T11:05:37+00:00\" \/>\n<meta property=\"article:modified_time\" content=\"2026-04-14T11:05:38+00:00\" \/>\n<meta property=\"og:image\" content=\"https:\/\/dpress.ma\/fr\/wp-content\/uploads\/sites\/2\/2026\/04\/262.jpg\" \/>\n\t<meta property=\"og:image:width\" content=\"2539\" \/>\n\t<meta property=\"og:image:height\" content=\"1594\" \/>\n\t<meta property=\"og:image:type\" content=\"image\/jpeg\" \/>\n<meta name=\"author\" content=\"Dpress.ma\" \/>\n<meta name=\"twitter:card\" content=\"summary_large_image\" \/>\n<meta name=\"twitter:label1\" content=\"\u00c9crit par\" \/>\n\t<meta name=\"twitter:data1\" content=\"Dpress.ma\" \/>\n\t<meta name=\"twitter:label2\" content=\"Dur\u00e9e de lecture estim\u00e9e\" \/>\n\t<meta name=\"twitter:data2\" content=\"4 minutes\" \/>\n<script type=\"application\/ld+json\" class=\"yoast-schema-graph\">{\"@context\":\"https:\\\/\\\/schema.org\",\"@graph\":[{\"@type\":\"Article\",\"@id\":\"https:\\\/\\\/dpress.ma\\\/fr\\\/2026\\\/04\\\/14\\\/la-9e-edition-du-marathon-international-de-rabat-le-10-mai\\\/#article\",\"isPartOf\":{\"@id\":\"https:\\\/\\\/dpress.ma\\\/fr\\\/2026\\\/04\\\/14\\\/la-9e-edition-du-marathon-international-de-rabat-le-10-mai\\\/\"},\"author\":{\"name\":\"Dpress.ma\",\"@id\":\"https:\\\/\\\/dpress.ma\\\/fr\\\/#\\\/schema\\\/person\\\/4898febf3ccd59e6578d838656a306a0\"},\"headline\":\"La 9e \u00e9dition du Marathon international de Rabat le 10 mai\",\"datePublished\":\"2026-04-14T11:05:37+00:00\",\"dateModified\":\"2026-04-14T11:05:38+00:00\",\"mainEntityOfPage\":{\"@id\":\"https:\\\/\\\/dpress.ma\\\/fr\\\/2026\\\/04\\\/14\\\/la-9e-edition-du-marathon-international-de-rabat-le-10-mai\\\/\"},\"wordCount\":649,\"commentCount\":0,\"image\":{\"@id\":\"https:\\\/\\\/dpress.ma\\\/fr\\\/2026\\\/04\\\/14\\\/la-9e-edition-du-marathon-international-de-rabat-le-10-mai\\\/#primaryimage\"},\"thumbnailUrl\":\"https:\\\/\\\/dpress.ma\\\/fr\\\/wp-content\\\/uploads\\\/sites\\\/2\\\/2026\\\/04\\\/262.jpg\",\"articleSection\":[\"Sport\"],\"inLanguage\":\"fr-FR\",\"potentialAction\":[{\"@type\":\"CommentAction\",\"name\":\"Comment\",\"target\":[\"https:\\\/\\\/dpress.ma\\\/fr\\\/2026\\\/04\\\/14\\\/la-9e-edition-du-marathon-international-de-rabat-le-10-mai\\\/#respond\"]}]},{\"@type\":\"WebPage\",\"@id\":\"https:\\\/\\\/dpress.ma\\\/fr\\\/2026\\\/04\\\/14\\\/la-9e-edition-du-marathon-international-de-rabat-le-10-mai\\\/\",\"url\":\"https:\\\/\\\/dpress.ma\\\/fr\\\/2026\\\/04\\\/14\\\/la-9e-edition-du-marathon-international-de-rabat-le-10-mai\\\/\",\"name\":\"La 9e \u00e9dition du Marathon international de Rabat le 10 mai - Dpress.ma\\\/fr\",\"isPartOf\":{\"@id\":\"https:\\\/\\\/dpress.ma\\\/fr\\\/#website\"},\"primaryImageOfPage\":{\"@id\":\"https:\\\/\\\/dpress.ma\\\/fr\\\/2026\\\/04\\\/14\\\/la-9e-edition-du-marathon-international-de-rabat-le-10-mai\\\/#primaryimage\"},\"image\":{\"@id\":\"https:\\\/\\\/dpress.ma\\\/fr\\\/2026\\\/04\\\/14\\\/la-9e-edition-du-marathon-international-de-rabat-le-10-mai\\\/#primaryimage\"},\"thumbnailUrl\":\"https:\\\/\\\/dpress.ma\\\/fr\\\/wp-content\\\/uploads\\\/sites\\\/2\\\/2026\\\/04\\\/262.jpg\",\"datePublished\":\"2026-04-14T11:05:37+00:00\",\"dateModified\":\"2026-04-14T11:05:38+00:00\",\"author\":{\"@id\":\"https:\\\/\\\/dpress.ma\\\/fr\\\/#\\\/schema\\\/person\\\/4898febf3ccd59e6578d838656a306a0\"},\"breadcrumb\":{\"@id\":\"https:\\\/\\\/dpress.ma\\\/fr\\\/2026\\\/04\\\/14\\\/la-9e-edition-du-marathon-international-de-rabat-le-10-mai\\\/#breadcrumb\"},\"inLanguage\":\"fr-FR\",\"potentialAction\":[{\"@type\":\"ReadAction\",\"target\":[\"https:\\\/\\\/dpress.ma\\\/fr\\\/2026\\\/04\\\/14\\\/la-9e-edition-du-marathon-international-de-rabat-le-10-mai\\\/\"]}]},{\"@type\":\"ImageObject\",\"inLanguage\":\"fr-FR\",\"@id\":\"https:\\\/\\\/dpress.ma\\\/fr\\\/2026\\\/04\\\/14\\\/la-9e-edition-du-marathon-international-de-rabat-le-10-mai\\\/#primaryimage\",\"url\":\"https:\\\/\\\/dpress.ma\\\/fr\\\/wp-content\\\/uploads\\\/sites\\\/2\\\/2026\\\/04\\\/262.jpg\",\"contentUrl\":\"https:\\\/\\\/dpress.ma\\\/fr\\\/wp-content\\\/uploads\\\/sites\\\/2\\\/2026\\\/04\\\/262.jpg\",\"width\":2539,\"height\":1594},{\"@type\":\"BreadcrumbList\",\"@id\":\"https:\\\/\\\/dpress.ma\\\/fr\\\/2026\\\/04\\\/14\\\/la-9e-edition-du-marathon-international-de-rabat-le-10-mai\\\/#breadcrumb\",\"itemListElement\":[{\"@type\":\"ListItem\",\"position\":1,\"name\":\"Home\",\"item\":\"https:\\\/\\\/dpress.ma\\\/fr\\\/\"},{\"@type\":\"ListItem\",\"position\":2,\"name\":\"La 9e \u00e9dition du Marathon international de Rabat le 10 mai\"}]},{\"@type\":\"WebSite\",\"@id\":\"https:\\\/\\\/dpress.ma\\\/fr\\\/#website\",\"url\":\"https:\\\/\\\/dpress.ma\\\/fr\\\/\",\"name\":\"Dpress.ma\\\/fr\",\"description\":\"\",\"potentialAction\":[{\"@type\":\"SearchAction\",\"target\":{\"@type\":\"EntryPoint\",\"urlTemplate\":\"https:\\\/\\\/dpress.ma\\\/fr\\\/?s={search_term_string}\"},\"query-input\":{\"@type\":\"PropertyValueSpecification\",\"valueRequired\":true,\"valueName\":\"search_term_string\"}}],\"inLanguage\":\"fr-FR\"},{\"@type\":\"Person\",\"@id\":\"https:\\\/\\\/dpress.ma\\\/fr\\\/#\\\/schema\\\/person\\\/4898febf3ccd59e6578d838656a306a0\",\"name\":\"Dpress.ma\",\"image\":{\"@type\":\"ImageObject\",\"inLanguage\":\"fr-FR\",\"@id\":\"https:\\\/\\\/secure.gravatar.com\\\/avatar\\\/72ecc30e9db047a2e0e7176561eb9d564ed77c8108376495b19bd8336405198a?s=96&d=mm&r=g\",\"url\":\"https:\\\/\\\/secure.gravatar.com\\\/avatar\\\/72ecc30e9db047a2e0e7176561eb9d564ed77c8108376495b19bd8336405198a?s=96&d=mm&r=g\",\"contentUrl\":\"https:\\\/\\\/secure.gravatar.com\\\/avatar\\\/72ecc30e9db047a2e0e7176561eb9d564ed77c8108376495b19bd8336405198a?s=96&d=mm&r=g\",\"caption\":\"Dpress.ma\"},\"sameAs\":[\"https:\\\/\\\/www.dpress.ma\"],\"url\":\"https:\\\/\\\/dpress.ma\\\/fr\\\/author\\\/dpress-ma\\\/\"}]}<\/script>\n<!-- \/ Yoast SEO plugin. -->","yoast_head_json":{"title":"La 9e \u00e9dition du Marathon international de Rabat le 10 mai - Dpress.ma\/fr","robots":{"index":"index","follow":"follow","max-snippet":"max-snippet:-1","max-image-preview":"max-image-preview:large","max-video-preview":"max-video-preview:-1"},"canonical":"https:\/\/dpress.ma\/fr\/2026\/04\/14\/la-9e-edition-du-marathon-international-de-rabat-le-10-mai\/","og_locale":"fr_FR","og_type":"article","og_title":"La 9e \u00e9dition du Marathon international de Rabat le 10 mai - Dpress.ma\/fr","og_description":"Dpress La 9e \u00e9dition du marathon international de Rabat aura lieu le 10 mai prochain, ont annonc\u00e9 les organisateurs, lundi. Organis\u00e9e sous le Haut Patronage de Sa Majest\u00e9 le Roi Mohammed VI, cette \u00e9dition sera anim\u00e9e par l\u2019ambition de r\u00e9aliser des performances mondiales remarquables au marathon et au semi-marathon, ainsi que l\u2019enregistrement d\u2019un nouveau record &hellip;","og_url":"https:\/\/dpress.ma\/fr\/2026\/04\/14\/la-9e-edition-du-marathon-international-de-rabat-le-10-mai\/","og_site_name":"Dpress.ma\/fr","article_published_time":"2026-04-14T11:05:37+00:00","article_modified_time":"2026-04-14T11:05:38+00:00","og_image":[{"width":2539,"height":1594,"url":"https:\/\/dpress.ma\/fr\/wp-content\/uploads\/sites\/2\/2026\/04\/262.jpg","type":"image\/jpeg"}],"author":"Dpress.ma","twitter_card":"summary_large_image","twitter_misc":{"\u00c9crit par":"Dpress.ma","Dur\u00e9e de lecture estim\u00e9e":"4 minutes"},"schema":{"@context":"https:\/\/schema.org","@graph":[{"@type":"Article","@id":"https:\/\/dpress.ma\/fr\/2026\/04\/14\/la-9e-edition-du-marathon-international-de-rabat-le-10-mai\/#article","isPartOf":{"@id":"https:\/\/dpress.ma\/fr\/2026\/04\/14\/la-9e-edition-du-marathon-international-de-rabat-le-10-mai\/"},"author":{"name":"Dpress.ma","@id":"https:\/\/dpress.ma\/fr\/#\/schema\/person\/4898febf3ccd59e6578d838656a306a0"},"headline":"La 9e \u00e9dition du Marathon international de Rabat le 10 mai","datePublished":"2026-04-14T11:05:37+00:00","dateModified":"2026-04-14T11:05:38+00:00","mainEntityOfPage":{"@id":"https:\/\/dpress.ma\/fr\/2026\/04\/14\/la-9e-edition-du-marathon-international-de-rabat-le-10-mai\/"},"wordCount":649,"commentCount":0,"image":{"@id":"https:\/\/dpress.ma\/fr\/2026\/04\/14\/la-9e-edition-du-marathon-international-de-rabat-le-10-mai\/#primaryimage"},"thumbnailUrl":"https:\/\/dpress.ma\/fr\/wp-content\/uploads\/sites\/2\/2026\/04\/262.jpg","articleSection":["Sport"],"inLanguage":"fr-FR","potentialAction":[{"@type":"CommentAction","name":"Comment","target":["https:\/\/dpress.ma\/fr\/2026\/04\/14\/la-9e-edition-du-marathon-international-de-rabat-le-10-mai\/#respond"]}]},{"@type":"WebPage","@id":"https:\/\/dpress.ma\/fr\/2026\/04\/14\/la-9e-edition-du-marathon-international-de-rabat-le-10-mai\/","url":"https:\/\/dpress.ma\/fr\/2026\/04\/14\/la-9e-edition-du-marathon-international-de-rabat-le-10-mai\/","name":"La 9e \u00e9dition du Marathon international de Rabat le 10 mai - Dpress.ma\/fr","isPartOf":{"@id":"https:\/\/dpress.ma\/fr\/#website"},"primaryImageOfPage":{"@id":"https:\/\/dpress.ma\/fr\/2026\/04\/14\/la-9e-edition-du-marathon-international-de-rabat-le-10-mai\/#primaryimage"},"image":{"@id":"https:\/\/dpress.ma\/fr\/2026\/04\/14\/la-9e-edition-du-marathon-international-de-rabat-le-10-mai\/#primaryimage"},"thumbnailUrl":"https:\/\/dpress.ma\/fr\/wp-content\/uploads\/sites\/2\/2026\/04\/262.jpg","datePublished":"2026-04-14T11:05:37+00:00","dateModified":"2026-04-14T11:05:38+00:00","author":{"@id":"https:\/\/dpress.ma\/fr\/#\/schema\/person\/4898febf3ccd59e6578d838656a306a0"},"breadcrumb":{"@id":"https:\/\/dpress.ma\/fr\/2026\/04\/14\/la-9e-edition-du-marathon-international-de-rabat-le-10-mai\/#breadcrumb"},"inLanguage":"fr-FR","potentialAction":[{"@type":"ReadAction","target":["https:\/\/dpress.ma\/fr\/2026\/04\/14\/la-9e-edition-du-marathon-international-de-rabat-le-10-mai\/"]}]},{"@type":"ImageObject","inLanguage":"fr-FR","@id":"https:\/\/dpress.ma\/fr\/2026\/04\/14\/la-9e-edition-du-marathon-international-de-rabat-le-10-mai\/#primaryimage","url":"https:\/\/dpress.ma\/fr\/wp-content\/uploads\/sites\/2\/2026\/04\/262.jpg","contentUrl":"https:\/\/dpress.ma\/fr\/wp-content\/uploads\/sites\/2\/2026\/04\/262.jpg","width":2539,"height":1594},{"@type":"BreadcrumbList","@id":"https:\/\/dpress.ma\/fr\/2026\/04\/14\/la-9e-edition-du-marathon-international-de-rabat-le-10-mai\/#breadcrumb","itemListElement":[{"@type":"ListItem","position":1,"name":"Home","item":"https:\/\/dpress.ma\/fr\/"},{"@type":"ListItem","position":2,"name":"La 9e \u00e9dition du Marathon international de Rabat le 10 mai"}]},{"@type":"WebSite","@id":"https:\/\/dpress.ma\/fr\/#website","url":"https:\/\/dpress.ma\/fr\/","name":"Dpress.ma\/fr","description":"","potentialAction":[{"@type":"SearchAction","target":{"@type":"EntryPoint","urlTemplate":"https:\/\/dpress.ma\/fr\/?s={search_term_string}"},"query-input":{"@type":"PropertyValueSpecification","valueRequired":true,"valueName":"search_term_string"}}],"inLanguage":"fr-FR"},{"@type":"Person","@id":"https:\/\/dpress.ma\/fr\/#\/schema\/person\/4898febf3ccd59e6578d838656a306a0","name":"Dpress.ma","image":{"@type":"ImageObject","inLanguage":"fr-FR","@id":"https:\/\/secure.gravatar.com\/avatar\/72ecc30e9db047a2e0e7176561eb9d564ed77c8108376495b19bd8336405198a?s=96&d=mm&r=g","url":"https:\/\/secure.gravatar.com\/avatar\/72ecc30e9db047a2e0e7176561eb9d564ed77c8108376495b19bd8336405198a?s=96&d=mm&r=g","contentUrl":"https:\/\/secure.gravatar.com\/avatar\/72ecc30e9db047a2e0e7176561eb9d564ed77c8108376495b19bd8336405198a?s=96&d=mm&r=g","caption":"Dpress.ma"},"sameAs":["https:\/\/www.dpress.ma"],"url":"https:\/\/dpress.ma\/fr\/author\/dpress-ma\/"}]}},"amp_enabled":true,"_links":{"self":[{"href":"https:\/\/dpress.ma\/fr\/wp-json\/wp\/v2\/posts\/28420","targetHints":{"allow":["GET"]}}],"collection":[{"href":"https:\/\/dpress.ma\/fr\/wp-json\/wp\/v2\/posts"}],"about":[{"href":"https:\/\/dpress.ma\/fr\/wp-json\/wp\/v2\/types\/post"}],"author":[{"embeddable":true,"href":"https:\/\/dpress.ma\/fr\/wp-json\/wp\/v2\/users\/2"}],"replies":[{"embeddable":true,"href":"https:\/\/dpress.ma\/fr\/wp-json\/wp\/v2\/comments?post=28420"}],"version-history":[{"count":1,"href":"https:\/\/dpress.ma\/fr\/wp-json\/wp\/v2\/posts\/28420\/revisions"}],"predecessor-version":[{"id":28422,"href":"https:\/\/dpress.ma\/fr\/wp-json\/wp\/v2\/posts\/28420\/revisions\/28422"}],"wp:featuredmedia":[{"embeddable":true,"href":"https:\/\/dpress.ma\/fr\/wp-json\/wp\/v2\/media\/28421"}],"wp:attachment":[{"href":"https:\/\/dpress.ma\/fr\/wp-json\/wp\/v2\/media?parent=28420"}],"wp:term":[{"taxonomy":"category","embeddable":true,"href":"https:\/\/dpress.ma\/fr\/wp-json\/wp\/v2\/categories?post=28420"},{"taxonomy":"post_tag","embeddable":true,"href":"https:\/\/dpress.ma\/fr\/wp-json\/wp\/v2\/tags?post=28420"}],"curies":[{"name":"wp","href":"https:\/\/api.w.org\/{rel}","templated":true}]}}