{"id":28417,"date":"2026-04-14T11:03:45","date_gmt":"2026-04-14T11:03:45","guid":{"rendered":"https:\/\/dpress.ma\/fr\/?p=28417"},"modified":"2026-04-14T11:03:48","modified_gmt":"2026-04-14T11:03:48","slug":"abdelhadi-anebarou-derriere-el-mardi-un-sitcom-a-lame-marocaine","status":"publish","type":"post","link":"https:\/\/dpress.ma\/fr\/2026\/04\/14\/abdelhadi-anebarou-derriere-el-mardi-un-sitcom-a-lame-marocaine\/","title":{"rendered":"Abdelhadi Anebarou derri\u00e8re \u201cEl Mardi\u201d : un sitcom \u00e0 l\u2019\u00e2me marocaine"},"content":{"rendered":"\n<p class=\"wp-block-paragraph\">Dpress<\/p>\n\n\n\n<p class=\"wp-block-paragraph\">Le r\u00e9alisateur Abdelhadi Anebarou a exprim\u00e9, dans le tournage de la s\u00e9rie ramadanesque \u201cEl Mardi\u201d, une volont\u00e9 affirm\u00e9e de proposer un sitcom profond\u00e9ment enracin\u00e9 dans l\u2019identit\u00e9 marocaine, port\u00e9 par une vision r\u00e9aliste, et incarn\u00e9 par un m\u00e9lange harmonieux de g\u00e9n\u00e9rations de com\u00e9diens.<\/p>\n\n\n\n<p class=\"wp-block-paragraph\">Le r\u00e9alisateur marocain, install\u00e9 au Canada, semble naturellement attir\u00e9 par la com\u00e9die de situation, en tant que mode d\u2019expression qui na\u00eet du r\u00e9el, convoque la m\u00e9moire individuelle et collective, et se nourrit des espaces intimes du quotidien des Marocains et de leurs relations de tous les jours.<\/p>\n\n\n\n<p class=\"wp-block-paragraph\">Il en mesure pleinement les exigences : un rythme d\u2019une grande pr\u00e9cision, une sensibilit\u00e9 artistique \u00e9lev\u00e9e. Ici, il ne s\u2019agit pas d\u2019une course contre la montre pour provoquer le rire, mais d\u2019une construction dramatique rigoureuse et d\u2019une mise en sc\u00e8ne ma\u00eetris\u00e9e, appuy\u00e9es par une \u00e9criture consciente.<\/p>\n\n\n\n<p class=\"wp-block-paragraph\">Et pour cause : le moindre mot de travers impose de reprendre la sc\u00e8ne depuis le d\u00e9but. C\u2019est un genre qui exige un respect strict du texte, car le rire n\u2019est pas une finalit\u00e9 permanente, mais un processus int\u00e9gr\u00e9 \u00e0 une trame narrative qui porte des messages bien tr\u00e8s s\u00e9rieux.<\/p>\n\n\n\n<p class=\"wp-block-paragraph\">Dans un entretien \u00e0 la MAP, Abdelhadi Anebarou, r\u00e9alisateur de la s\u00e9rie r\u00e9cemment prim\u00e9e au Festival du th\u00e9\u00e2tre t\u00e9l\u00e9visuel de Mekn\u00e8s comme meilleure s\u00e9rie comique, exprime sa satisfaction de collaborer avec des partenaires capables de capter les contours de la vie sociale marocaine \u00e0 travers une approche soign\u00e9e, pla\u00e7ant le spectateur au c\u0153ur de situations finement \u00e9crites, loin de la facilit\u00e9 et de la caricature.<\/p>\n\n\n\n<p class=\"wp-block-paragraph\">La s\u00e9rie \u201cEl Mardi\u201d, en t\u00eate des audiences sur la cha\u00eene Al Aoula durant le Ramadan 2026, est le fruit d\u2019une maturation lente et r\u00e9fl\u00e9chie, port\u00e9e par ses cr\u00e9ateurs (producteur, sc\u00e9nariste et r\u00e9alisateur) autour d\u2019une ambition claire : offrir une com\u00e9die originale, exigeante et comp\u00e9titive dans un paysage audiovisuel tr\u00e8s concurrentiel durant le mois sacr\u00e9.<\/p>\n\n\n\n<p class=\"wp-block-paragraph\">L\u2019accord s\u2019est construit autour de r\u00e9cits profond\u00e9ment ancr\u00e9s dans l\u2019identit\u00e9 marocaine et de valeurs sociales authentiques : vivre-ensemble, voisinage, solidarit\u00e9 et affection m\u00eame au c\u0153ur des conflits du quotidien, \u201cces valeurs qui nous accompagnent au pays comme \u00e0 l\u2019\u00e9tranger\u201d, souligne Anebarou.<\/p>\n\n\n\n<p class=\"wp-block-paragraph\">Mais quel style de mise en sc\u00e8ne pour traduire cette vision ? Le r\u00e9alisateur privil\u00e9gie une approche simple et r\u00e9aliste, sans effets ostentatoires ni surench\u00e8re visuelle. Cela se refl\u00e8te dans la mise en sc\u00e8ne des situations, l\u2019\u00e9clairage, le cadrage, les costumes et les d\u00e9cors. L\u2019objectif est de supprimer toute barri\u00e8re avec le spectateur afin de l\u2019immerger totalement dans l\u2019univers social de l\u2019histoire.<\/p>\n\n\n\n<p class=\"wp-block-paragraph\">Anebarou \u00e9voque \u00e0 ce titre des exp\u00e9riences ant\u00e9rieures telles que \u201cLalla Fatima\u201d, \u201cA\u00eflat Ssi Mabrouk\u201d ou encore \u201cDar Lwaratha\u201d, dont le point commun est la valorisation de d\u00e9tails du quotidien des quartiers populaires marocains, renfor\u00e7ant la cr\u00e9dibilit\u00e9 des repr\u00e9sentations sociales.<\/p>\n\n\n\n<p class=\"wp-block-paragraph\">Dans \u201cEl Mardi\u201d, par exemple, des sc\u00e8nes se d\u00e9roulent dans les escaliers d\u2019immeubles, lieux de rencontres et d\u2019\u00e9changes entre voisins.<\/p>\n\n\n\n<p class=\"wp-block-paragraph\">Autre signature du r\u00e9alisateur : \u00e9viter le format classique du sitcom. Il adopte une approche dynamique qui exige un travail technique minutieux sur le mouvement de la cam\u00e9ra, les dialogues et la mise en espace, afin de renforcer l\u2019immersion du spectateur dans le temps, le lieu et l\u2019action.<\/p>\n\n\n\n<p class=\"wp-block-paragraph\">Anebarou se fait un motif de fiert\u00e9 de diriger un casting m\u00ealant jeunes talents de la com\u00e9die, comme les acteurs principaux Haytham Miftah et Oussama Ramzi, et figures confirm\u00e9es telles que Hasna Tamtaoui, Khadija Adly, Meryem Za\u00efmi, Adil Abatourab, Sandia Tajdin, entre autres.<\/p>\n\n\n\n<p class=\"wp-block-paragraph\">En tant que nouveau venu sur la sc\u00e8ne audiovisuelle marocaine, il savait qu\u2019il n\u2019\u00e9tait pas \u00e9vident de travailler avec des acteurs d\u00e9j\u00e0 \u00e9tablis et peu familiers de son parcours. Ce fut une relation d\u2019abord faite de d\u00e9couverte et d\u2019aventure.<\/p>\n\n\n\n<p class=\"wp-block-paragraph\">Mais apr\u00e8s les premi\u00e8res lectures et les \u00e9changes de vision, une confiance s\u2019est install\u00e9e. \u201cLe professionnalisme est essentiel pour construire une relation de confiance et une dynamique positive qui lib\u00e8re les \u00e9nergies des partenaires du projet\u201d, affirme-t-il.<\/p>\n\n\n\n<p class=\"wp-block-paragraph\">Entre exp\u00e9riences au Maroc et \u00e0 l\u2019\u00e9tranger, Anebarou se montre optimiste quant \u00e0 l\u2019avenir de la cr\u00e9ation t\u00e9l\u00e9visuelle nationale. Il salue le retour \u00e0 l\u2019authenticit\u00e9 culturelle et fait observer que l\u2019imitation de mod\u00e8les \u00e9trangers recule progressivement, la culture marocaine \u00e9tant suffisamment riche pour \u00eatre mise en valeur dans toute sa singularit\u00e9 esth\u00e9tique et humaine.<\/p>\n\n\n\n<p class=\"wp-block-paragraph\">\u201cNous sommes en train de cr\u00e9er une sp\u00e9cificit\u00e9 marocaine et un style comique \u00e0 part enti\u00e8re\u201d, dira-t-il.<\/p>\n\n\n\n<p class=\"wp-block-paragraph\">S\u2019agissant de la saison ramadanesque, il souligne qu\u2019elle constitue \u00e0 la fois une opportunit\u00e9 de dynamisation de la production audiovisuelle et un espace de forte pression concurrentielle sur les \u00e9quipes de cr\u00e9ation.<\/p>\n\n\n\n<p class=\"wp-block-paragraph\">Pour le r\u00e9alisateur, la cons\u00e9cration de \u201cEl Mardi\u201d \u00e0 Mekn\u00e8s rev\u00eat une signification particuli\u00e8re, tant il s\u2019agit de sa premi\u00e8re \u0153uvre t\u00e9l\u00e9visuelle r\u00e9alis\u00e9e au Maroc, pays o\u00f9 tout a commenc\u00e9 en 2011 avec un premier court-m\u00e9trage avant son d\u00e9part au Canada.<\/p>\n\n\n\n<p class=\"wp-block-paragraph\">L\u00e0-bas, il poursuit une formation \u00e0 la production audiovisuelle \u00e0 l\u2019Institut Andr\u00e9-Grasset, puis \u00e0 la r\u00e9alisation de films documentaires et de fiction \u00e0 l\u2019Institut national de l\u2019image et du son, ainsi qu\u2019\u00e0 l\u2019Universit\u00e9 de Montr\u00e9al.<\/p>\n\n\n\n<p class=\"wp-block-paragraph\">Toujours tourn\u00e9 vers le long terme, Anebarou garde la cam\u00e9ra orient\u00e9e vers le cin\u00e9ma. Mais il suit une trajectoire m\u00e9thodique avant de franchir pleinement ce cap : diversifier ses exp\u00e9riences entre films institutionnels, clips musicaux avec de grands artistes et productions publicitaires, afin de construire un profil de cr\u00e9ateur polyvalent alliant vision artistique et ma\u00eetrise technique.<\/p>\n\n\n\n<p class=\"wp-block-paragraph\">Dans ce parcours de maturation, plusieurs jalons marquants \u00e9mergent : la r\u00e9alisation du spectacle \u201cA\u00efn Seba\u00e2\u201d de Hassan El Fad \u00e0 Montr\u00e9al (2017), un clip pour la chanteuse Le\u00efla Gouchi (2019), puis deux courts-m\u00e9trages et un documentaire intitul\u00e9 \u201cDerri\u00e8re les masques\u201d (2024).<\/p>\n\n\n\n<p class=\"wp-block-paragraph\">Il travaille actuellement sur une mini-s\u00e9rie en fran\u00e7ais au Canada, r\u00e9unissant des artistes marocains, ainsi que sur un projet de documentaire intitul\u00e9 \u201cEdderb\u201d qui replongera la cam\u00e9ra au c\u0153ur du quartier o\u00f9 il a grandi. Une mani\u00e8re de t\u00e9moigner que les racines demeurent un appel persistant, une m\u00e9moire que l\u2019exil ne parvient jamais \u00e0 estomper.<\/p>\n","protected":false},"excerpt":{"rendered":"<p>Dpress Le r\u00e9alisateur Abdelhadi Anebarou a exprim\u00e9, dans le tournage de la s\u00e9rie ramadanesque \u201cEl Mardi\u201d, une volont\u00e9 affirm\u00e9e de proposer un sitcom profond\u00e9ment enracin\u00e9 dans l\u2019identit\u00e9 marocaine, port\u00e9 par une vision r\u00e9aliste, et incarn\u00e9 par un m\u00e9lange harmonieux de g\u00e9n\u00e9rations de com\u00e9diens. Le r\u00e9alisateur marocain, install\u00e9 au Canada, semble naturellement attir\u00e9 par la com\u00e9die &hellip;<\/p>\n","protected":false},"author":2,"featured_media":28418,"comment_status":"open","ping_status":"open","sticky":false,"template":"","format":"standard","meta":{"footnotes":""},"categories":[31],"tags":[],"class_list":["post-28417","post","type-post","status-publish","format-standard","has-post-thumbnail","hentry","category-art-et-culture"],"yoast_head":"<!-- This site is optimized with the Yoast SEO plugin v28.0 - https:\/\/yoast.com\/product\/yoast-seo-wordpress\/ -->\n<title>Abdelhadi Anebarou derri\u00e8re \u201cEl Mardi\u201d : un sitcom \u00e0 l\u2019\u00e2me marocaine - Dpress.ma\/fr<\/title>\n<meta name=\"robots\" content=\"index, follow, max-snippet:-1, max-image-preview:large, max-video-preview:-1\" \/>\n<link rel=\"canonical\" href=\"https:\/\/dpress.ma\/fr\/2026\/04\/14\/abdelhadi-anebarou-derriere-el-mardi-un-sitcom-a-lame-marocaine\/\" \/>\n<meta property=\"og:locale\" content=\"fr_FR\" \/>\n<meta property=\"og:type\" content=\"article\" \/>\n<meta property=\"og:title\" content=\"Abdelhadi Anebarou derri\u00e8re \u201cEl Mardi\u201d : un sitcom \u00e0 l\u2019\u00e2me marocaine - Dpress.ma\/fr\" \/>\n<meta property=\"og:description\" content=\"Dpress Le r\u00e9alisateur Abdelhadi Anebarou a exprim\u00e9, dans le tournage de la s\u00e9rie ramadanesque \u201cEl Mardi\u201d, une volont\u00e9 affirm\u00e9e de proposer un sitcom profond\u00e9ment enracin\u00e9 dans l\u2019identit\u00e9 marocaine, port\u00e9 par une vision r\u00e9aliste, et incarn\u00e9 par un m\u00e9lange harmonieux de g\u00e9n\u00e9rations de com\u00e9diens. Le r\u00e9alisateur marocain, install\u00e9 au Canada, semble naturellement attir\u00e9 par la com\u00e9die &hellip;\" \/>\n<meta property=\"og:url\" content=\"https:\/\/dpress.ma\/fr\/2026\/04\/14\/abdelhadi-anebarou-derriere-el-mardi-un-sitcom-a-lame-marocaine\/\" \/>\n<meta property=\"og:site_name\" content=\"Dpress.ma\/fr\" \/>\n<meta property=\"article:published_time\" content=\"2026-04-14T11:03:45+00:00\" \/>\n<meta property=\"article:modified_time\" content=\"2026-04-14T11:03:48+00:00\" \/>\n<meta property=\"og:image\" content=\"https:\/\/dpress.ma\/fr\/wp-content\/uploads\/sites\/2\/2026\/04\/25-7.jpg\" \/>\n\t<meta property=\"og:image:width\" content=\"2539\" \/>\n\t<meta property=\"og:image:height\" content=\"1594\" \/>\n\t<meta property=\"og:image:type\" content=\"image\/jpeg\" \/>\n<meta name=\"author\" content=\"Dpress.ma\" \/>\n<meta name=\"twitter:card\" content=\"summary_large_image\" \/>\n<meta name=\"twitter:label1\" content=\"\u00c9crit par\" \/>\n\t<meta name=\"twitter:data1\" content=\"Dpress.ma\" \/>\n\t<meta name=\"twitter:label2\" content=\"Dur\u00e9e de lecture estim\u00e9e\" \/>\n\t<meta name=\"twitter:data2\" content=\"6 minutes\" \/>\n<script type=\"application\/ld+json\" class=\"yoast-schema-graph\">{\"@context\":\"https:\\\/\\\/schema.org\",\"@graph\":[{\"@type\":\"Article\",\"@id\":\"https:\\\/\\\/dpress.ma\\\/fr\\\/2026\\\/04\\\/14\\\/abdelhadi-anebarou-derriere-el-mardi-un-sitcom-a-lame-marocaine\\\/#article\",\"isPartOf\":{\"@id\":\"https:\\\/\\\/dpress.ma\\\/fr\\\/2026\\\/04\\\/14\\\/abdelhadi-anebarou-derriere-el-mardi-un-sitcom-a-lame-marocaine\\\/\"},\"author\":{\"name\":\"Dpress.ma\",\"@id\":\"https:\\\/\\\/dpress.ma\\\/fr\\\/#\\\/schema\\\/person\\\/4898febf3ccd59e6578d838656a306a0\"},\"headline\":\"Abdelhadi Anebarou derri\u00e8re \u201cEl Mardi\u201d : un sitcom \u00e0 l\u2019\u00e2me marocaine\",\"datePublished\":\"2026-04-14T11:03:45+00:00\",\"dateModified\":\"2026-04-14T11:03:48+00:00\",\"mainEntityOfPage\":{\"@id\":\"https:\\\/\\\/dpress.ma\\\/fr\\\/2026\\\/04\\\/14\\\/abdelhadi-anebarou-derriere-el-mardi-un-sitcom-a-lame-marocaine\\\/\"},\"wordCount\":1122,\"commentCount\":0,\"image\":{\"@id\":\"https:\\\/\\\/dpress.ma\\\/fr\\\/2026\\\/04\\\/14\\\/abdelhadi-anebarou-derriere-el-mardi-un-sitcom-a-lame-marocaine\\\/#primaryimage\"},\"thumbnailUrl\":\"https:\\\/\\\/dpress.ma\\\/fr\\\/wp-content\\\/uploads\\\/sites\\\/2\\\/2026\\\/04\\\/25-7.jpg\",\"articleSection\":[\"Art et Culture\"],\"inLanguage\":\"fr-FR\",\"potentialAction\":[{\"@type\":\"CommentAction\",\"name\":\"Comment\",\"target\":[\"https:\\\/\\\/dpress.ma\\\/fr\\\/2026\\\/04\\\/14\\\/abdelhadi-anebarou-derriere-el-mardi-un-sitcom-a-lame-marocaine\\\/#respond\"]}]},{\"@type\":\"WebPage\",\"@id\":\"https:\\\/\\\/dpress.ma\\\/fr\\\/2026\\\/04\\\/14\\\/abdelhadi-anebarou-derriere-el-mardi-un-sitcom-a-lame-marocaine\\\/\",\"url\":\"https:\\\/\\\/dpress.ma\\\/fr\\\/2026\\\/04\\\/14\\\/abdelhadi-anebarou-derriere-el-mardi-un-sitcom-a-lame-marocaine\\\/\",\"name\":\"Abdelhadi Anebarou derri\u00e8re \u201cEl Mardi\u201d : un sitcom \u00e0 l\u2019\u00e2me marocaine - Dpress.ma\\\/fr\",\"isPartOf\":{\"@id\":\"https:\\\/\\\/dpress.ma\\\/fr\\\/#website\"},\"primaryImageOfPage\":{\"@id\":\"https:\\\/\\\/dpress.ma\\\/fr\\\/2026\\\/04\\\/14\\\/abdelhadi-anebarou-derriere-el-mardi-un-sitcom-a-lame-marocaine\\\/#primaryimage\"},\"image\":{\"@id\":\"https:\\\/\\\/dpress.ma\\\/fr\\\/2026\\\/04\\\/14\\\/abdelhadi-anebarou-derriere-el-mardi-un-sitcom-a-lame-marocaine\\\/#primaryimage\"},\"thumbnailUrl\":\"https:\\\/\\\/dpress.ma\\\/fr\\\/wp-content\\\/uploads\\\/sites\\\/2\\\/2026\\\/04\\\/25-7.jpg\",\"datePublished\":\"2026-04-14T11:03:45+00:00\",\"dateModified\":\"2026-04-14T11:03:48+00:00\",\"author\":{\"@id\":\"https:\\\/\\\/dpress.ma\\\/fr\\\/#\\\/schema\\\/person\\\/4898febf3ccd59e6578d838656a306a0\"},\"breadcrumb\":{\"@id\":\"https:\\\/\\\/dpress.ma\\\/fr\\\/2026\\\/04\\\/14\\\/abdelhadi-anebarou-derriere-el-mardi-un-sitcom-a-lame-marocaine\\\/#breadcrumb\"},\"inLanguage\":\"fr-FR\",\"potentialAction\":[{\"@type\":\"ReadAction\",\"target\":[\"https:\\\/\\\/dpress.ma\\\/fr\\\/2026\\\/04\\\/14\\\/abdelhadi-anebarou-derriere-el-mardi-un-sitcom-a-lame-marocaine\\\/\"]}]},{\"@type\":\"ImageObject\",\"inLanguage\":\"fr-FR\",\"@id\":\"https:\\\/\\\/dpress.ma\\\/fr\\\/2026\\\/04\\\/14\\\/abdelhadi-anebarou-derriere-el-mardi-un-sitcom-a-lame-marocaine\\\/#primaryimage\",\"url\":\"https:\\\/\\\/dpress.ma\\\/fr\\\/wp-content\\\/uploads\\\/sites\\\/2\\\/2026\\\/04\\\/25-7.jpg\",\"contentUrl\":\"https:\\\/\\\/dpress.ma\\\/fr\\\/wp-content\\\/uploads\\\/sites\\\/2\\\/2026\\\/04\\\/25-7.jpg\",\"width\":2539,\"height\":1594},{\"@type\":\"BreadcrumbList\",\"@id\":\"https:\\\/\\\/dpress.ma\\\/fr\\\/2026\\\/04\\\/14\\\/abdelhadi-anebarou-derriere-el-mardi-un-sitcom-a-lame-marocaine\\\/#breadcrumb\",\"itemListElement\":[{\"@type\":\"ListItem\",\"position\":1,\"name\":\"Home\",\"item\":\"https:\\\/\\\/dpress.ma\\\/fr\\\/\"},{\"@type\":\"ListItem\",\"position\":2,\"name\":\"Abdelhadi Anebarou derri\u00e8re \u201cEl Mardi\u201d : un sitcom \u00e0 l\u2019\u00e2me marocaine\"}]},{\"@type\":\"WebSite\",\"@id\":\"https:\\\/\\\/dpress.ma\\\/fr\\\/#website\",\"url\":\"https:\\\/\\\/dpress.ma\\\/fr\\\/\",\"name\":\"Dpress.ma\\\/fr\",\"description\":\"\",\"potentialAction\":[{\"@type\":\"SearchAction\",\"target\":{\"@type\":\"EntryPoint\",\"urlTemplate\":\"https:\\\/\\\/dpress.ma\\\/fr\\\/?s={search_term_string}\"},\"query-input\":{\"@type\":\"PropertyValueSpecification\",\"valueRequired\":true,\"valueName\":\"search_term_string\"}}],\"inLanguage\":\"fr-FR\"},{\"@type\":\"Person\",\"@id\":\"https:\\\/\\\/dpress.ma\\\/fr\\\/#\\\/schema\\\/person\\\/4898febf3ccd59e6578d838656a306a0\",\"name\":\"Dpress.ma\",\"image\":{\"@type\":\"ImageObject\",\"inLanguage\":\"fr-FR\",\"@id\":\"https:\\\/\\\/secure.gravatar.com\\\/avatar\\\/72ecc30e9db047a2e0e7176561eb9d564ed77c8108376495b19bd8336405198a?s=96&d=mm&r=g\",\"url\":\"https:\\\/\\\/secure.gravatar.com\\\/avatar\\\/72ecc30e9db047a2e0e7176561eb9d564ed77c8108376495b19bd8336405198a?s=96&d=mm&r=g\",\"contentUrl\":\"https:\\\/\\\/secure.gravatar.com\\\/avatar\\\/72ecc30e9db047a2e0e7176561eb9d564ed77c8108376495b19bd8336405198a?s=96&d=mm&r=g\",\"caption\":\"Dpress.ma\"},\"sameAs\":[\"https:\\\/\\\/www.dpress.ma\"],\"url\":\"https:\\\/\\\/dpress.ma\\\/fr\\\/author\\\/dpress-ma\\\/\"}]}<\/script>\n<!-- \/ Yoast SEO plugin. -->","yoast_head_json":{"title":"Abdelhadi Anebarou derri\u00e8re \u201cEl Mardi\u201d : un sitcom \u00e0 l\u2019\u00e2me marocaine - Dpress.ma\/fr","robots":{"index":"index","follow":"follow","max-snippet":"max-snippet:-1","max-image-preview":"max-image-preview:large","max-video-preview":"max-video-preview:-1"},"canonical":"https:\/\/dpress.ma\/fr\/2026\/04\/14\/abdelhadi-anebarou-derriere-el-mardi-un-sitcom-a-lame-marocaine\/","og_locale":"fr_FR","og_type":"article","og_title":"Abdelhadi Anebarou derri\u00e8re \u201cEl Mardi\u201d : un sitcom \u00e0 l\u2019\u00e2me marocaine - Dpress.ma\/fr","og_description":"Dpress Le r\u00e9alisateur Abdelhadi Anebarou a exprim\u00e9, dans le tournage de la s\u00e9rie ramadanesque \u201cEl Mardi\u201d, une volont\u00e9 affirm\u00e9e de proposer un sitcom profond\u00e9ment enracin\u00e9 dans l\u2019identit\u00e9 marocaine, port\u00e9 par une vision r\u00e9aliste, et incarn\u00e9 par un m\u00e9lange harmonieux de g\u00e9n\u00e9rations de com\u00e9diens. Le r\u00e9alisateur marocain, install\u00e9 au Canada, semble naturellement attir\u00e9 par la com\u00e9die &hellip;","og_url":"https:\/\/dpress.ma\/fr\/2026\/04\/14\/abdelhadi-anebarou-derriere-el-mardi-un-sitcom-a-lame-marocaine\/","og_site_name":"Dpress.ma\/fr","article_published_time":"2026-04-14T11:03:45+00:00","article_modified_time":"2026-04-14T11:03:48+00:00","og_image":[{"width":2539,"height":1594,"url":"https:\/\/dpress.ma\/fr\/wp-content\/uploads\/sites\/2\/2026\/04\/25-7.jpg","type":"image\/jpeg"}],"author":"Dpress.ma","twitter_card":"summary_large_image","twitter_misc":{"\u00c9crit par":"Dpress.ma","Dur\u00e9e de lecture estim\u00e9e":"6 minutes"},"schema":{"@context":"https:\/\/schema.org","@graph":[{"@type":"Article","@id":"https:\/\/dpress.ma\/fr\/2026\/04\/14\/abdelhadi-anebarou-derriere-el-mardi-un-sitcom-a-lame-marocaine\/#article","isPartOf":{"@id":"https:\/\/dpress.ma\/fr\/2026\/04\/14\/abdelhadi-anebarou-derriere-el-mardi-un-sitcom-a-lame-marocaine\/"},"author":{"name":"Dpress.ma","@id":"https:\/\/dpress.ma\/fr\/#\/schema\/person\/4898febf3ccd59e6578d838656a306a0"},"headline":"Abdelhadi Anebarou derri\u00e8re \u201cEl Mardi\u201d : un sitcom \u00e0 l\u2019\u00e2me marocaine","datePublished":"2026-04-14T11:03:45+00:00","dateModified":"2026-04-14T11:03:48+00:00","mainEntityOfPage":{"@id":"https:\/\/dpress.ma\/fr\/2026\/04\/14\/abdelhadi-anebarou-derriere-el-mardi-un-sitcom-a-lame-marocaine\/"},"wordCount":1122,"commentCount":0,"image":{"@id":"https:\/\/dpress.ma\/fr\/2026\/04\/14\/abdelhadi-anebarou-derriere-el-mardi-un-sitcom-a-lame-marocaine\/#primaryimage"},"thumbnailUrl":"https:\/\/dpress.ma\/fr\/wp-content\/uploads\/sites\/2\/2026\/04\/25-7.jpg","articleSection":["Art et Culture"],"inLanguage":"fr-FR","potentialAction":[{"@type":"CommentAction","name":"Comment","target":["https:\/\/dpress.ma\/fr\/2026\/04\/14\/abdelhadi-anebarou-derriere-el-mardi-un-sitcom-a-lame-marocaine\/#respond"]}]},{"@type":"WebPage","@id":"https:\/\/dpress.ma\/fr\/2026\/04\/14\/abdelhadi-anebarou-derriere-el-mardi-un-sitcom-a-lame-marocaine\/","url":"https:\/\/dpress.ma\/fr\/2026\/04\/14\/abdelhadi-anebarou-derriere-el-mardi-un-sitcom-a-lame-marocaine\/","name":"Abdelhadi Anebarou derri\u00e8re \u201cEl Mardi\u201d : un sitcom \u00e0 l\u2019\u00e2me marocaine - Dpress.ma\/fr","isPartOf":{"@id":"https:\/\/dpress.ma\/fr\/#website"},"primaryImageOfPage":{"@id":"https:\/\/dpress.ma\/fr\/2026\/04\/14\/abdelhadi-anebarou-derriere-el-mardi-un-sitcom-a-lame-marocaine\/#primaryimage"},"image":{"@id":"https:\/\/dpress.ma\/fr\/2026\/04\/14\/abdelhadi-anebarou-derriere-el-mardi-un-sitcom-a-lame-marocaine\/#primaryimage"},"thumbnailUrl":"https:\/\/dpress.ma\/fr\/wp-content\/uploads\/sites\/2\/2026\/04\/25-7.jpg","datePublished":"2026-04-14T11:03:45+00:00","dateModified":"2026-04-14T11:03:48+00:00","author":{"@id":"https:\/\/dpress.ma\/fr\/#\/schema\/person\/4898febf3ccd59e6578d838656a306a0"},"breadcrumb":{"@id":"https:\/\/dpress.ma\/fr\/2026\/04\/14\/abdelhadi-anebarou-derriere-el-mardi-un-sitcom-a-lame-marocaine\/#breadcrumb"},"inLanguage":"fr-FR","potentialAction":[{"@type":"ReadAction","target":["https:\/\/dpress.ma\/fr\/2026\/04\/14\/abdelhadi-anebarou-derriere-el-mardi-un-sitcom-a-lame-marocaine\/"]}]},{"@type":"ImageObject","inLanguage":"fr-FR","@id":"https:\/\/dpress.ma\/fr\/2026\/04\/14\/abdelhadi-anebarou-derriere-el-mardi-un-sitcom-a-lame-marocaine\/#primaryimage","url":"https:\/\/dpress.ma\/fr\/wp-content\/uploads\/sites\/2\/2026\/04\/25-7.jpg","contentUrl":"https:\/\/dpress.ma\/fr\/wp-content\/uploads\/sites\/2\/2026\/04\/25-7.jpg","width":2539,"height":1594},{"@type":"BreadcrumbList","@id":"https:\/\/dpress.ma\/fr\/2026\/04\/14\/abdelhadi-anebarou-derriere-el-mardi-un-sitcom-a-lame-marocaine\/#breadcrumb","itemListElement":[{"@type":"ListItem","position":1,"name":"Home","item":"https:\/\/dpress.ma\/fr\/"},{"@type":"ListItem","position":2,"name":"Abdelhadi Anebarou derri\u00e8re \u201cEl Mardi\u201d : un sitcom \u00e0 l\u2019\u00e2me marocaine"}]},{"@type":"WebSite","@id":"https:\/\/dpress.ma\/fr\/#website","url":"https:\/\/dpress.ma\/fr\/","name":"Dpress.ma\/fr","description":"","potentialAction":[{"@type":"SearchAction","target":{"@type":"EntryPoint","urlTemplate":"https:\/\/dpress.ma\/fr\/?s={search_term_string}"},"query-input":{"@type":"PropertyValueSpecification","valueRequired":true,"valueName":"search_term_string"}}],"inLanguage":"fr-FR"},{"@type":"Person","@id":"https:\/\/dpress.ma\/fr\/#\/schema\/person\/4898febf3ccd59e6578d838656a306a0","name":"Dpress.ma","image":{"@type":"ImageObject","inLanguage":"fr-FR","@id":"https:\/\/secure.gravatar.com\/avatar\/72ecc30e9db047a2e0e7176561eb9d564ed77c8108376495b19bd8336405198a?s=96&d=mm&r=g","url":"https:\/\/secure.gravatar.com\/avatar\/72ecc30e9db047a2e0e7176561eb9d564ed77c8108376495b19bd8336405198a?s=96&d=mm&r=g","contentUrl":"https:\/\/secure.gravatar.com\/avatar\/72ecc30e9db047a2e0e7176561eb9d564ed77c8108376495b19bd8336405198a?s=96&d=mm&r=g","caption":"Dpress.ma"},"sameAs":["https:\/\/www.dpress.ma"],"url":"https:\/\/dpress.ma\/fr\/author\/dpress-ma\/"}]}},"amp_enabled":true,"_links":{"self":[{"href":"https:\/\/dpress.ma\/fr\/wp-json\/wp\/v2\/posts\/28417","targetHints":{"allow":["GET"]}}],"collection":[{"href":"https:\/\/dpress.ma\/fr\/wp-json\/wp\/v2\/posts"}],"about":[{"href":"https:\/\/dpress.ma\/fr\/wp-json\/wp\/v2\/types\/post"}],"author":[{"embeddable":true,"href":"https:\/\/dpress.ma\/fr\/wp-json\/wp\/v2\/users\/2"}],"replies":[{"embeddable":true,"href":"https:\/\/dpress.ma\/fr\/wp-json\/wp\/v2\/comments?post=28417"}],"version-history":[{"count":1,"href":"https:\/\/dpress.ma\/fr\/wp-json\/wp\/v2\/posts\/28417\/revisions"}],"predecessor-version":[{"id":28419,"href":"https:\/\/dpress.ma\/fr\/wp-json\/wp\/v2\/posts\/28417\/revisions\/28419"}],"wp:featuredmedia":[{"embeddable":true,"href":"https:\/\/dpress.ma\/fr\/wp-json\/wp\/v2\/media\/28418"}],"wp:attachment":[{"href":"https:\/\/dpress.ma\/fr\/wp-json\/wp\/v2\/media?parent=28417"}],"wp:term":[{"taxonomy":"category","embeddable":true,"href":"https:\/\/dpress.ma\/fr\/wp-json\/wp\/v2\/categories?post=28417"},{"taxonomy":"post_tag","embeddable":true,"href":"https:\/\/dpress.ma\/fr\/wp-json\/wp\/v2\/tags?post=28417"}],"curies":[{"name":"wp","href":"https:\/\/api.w.org\/{rel}","templated":true}]}}