{"id":28414,"date":"2026-04-14T10:59:24","date_gmt":"2026-04-14T10:59:24","guid":{"rendered":"https:\/\/dpress.ma\/fr\/?p=28414"},"modified":"2026-04-14T10:59:26","modified_gmt":"2026-04-14T10:59:26","slug":"nouvelle-jeunesse-pour-le-musee-dessaouira","status":"publish","type":"post","link":"https:\/\/dpress.ma\/fr\/2026\/04\/14\/nouvelle-jeunesse-pour-le-musee-dessaouira\/","title":{"rendered":"Nouvelle jeunesse pour le Mus\u00e9e d\u2019Essaouira"},"content":{"rendered":"\n<p class=\"wp-block-paragraph\">Dpress<\/p>\n\n\n\n<p class=\"wp-block-paragraph\">La renaissance et la refondation du Mus\u00e9e Sidi Mohammed Ben Abdallah va consolider et \u00e9largir le tissu des infrastructures culturelles et artistiques qui sont au c\u0153ur de la dynamique \u00e9conomique et sociale que conna\u00eet Essaouira, a d\u00e9clar\u00e9, lundi \u00e0 Rabat, M. Andr\u00e9 Azoulay, Pr\u00e9sident Fondateur de l\u2019Association Essaouira Mogador.<\/p>\n\n\n\n<p class=\"wp-block-paragraph\">S\u2019exprimant aux c\u00f4t\u00e9s du ministre de la Jeunesse, de la Culture et de la Communication, Mohamed Mehdi Bensaid, du Pr\u00e9sident de la Fondation Nationale des Mus\u00e9es, Mehdi Qotbi, et du Pr\u00e9sident du Conseil Communal d\u2019Essaouira, Tarik Ottmani, M. Azoulay s\u2019est f\u00e9licit\u00e9 du partenariat qui r\u00e9unit d\u00e9sormais ces trois institutions pour \u201cdonner une nouvelle jeunesse \u00e0 ce Mus\u00e9e qui a longtemps \u00e9t\u00e9 l\u2019institution culturelle de r\u00e9f\u00e9rence de la ville, avant de ne plus \u00eatre que l\u2019ombre de lui m\u00eame et de son glorieux pass\u00e9\u201d.<\/p>\n\n\n\n<p class=\"wp-block-paragraph\">L\u2019\u00e9cole souirie des Arts Plastiques \u201cfait flor\u00e8s au Maroc et dans le monde\u201d, a soulign\u00e9 M. Azoulay, en insistant sur la \u201cl\u00e9gitimit\u00e9 et l\u2019urgence de donner une adresse, un espace et une maison commune aux peintres, sculpteurs et photographes qui ont donn\u00e9 corps et r\u00e9alit\u00e9 \u00e0 la tr\u00e8s riche cr\u00e9ativit\u00e9 qui signe la singularit\u00e9 de l\u2019\u00e9cole souirie des arts plastiques\u201d.<\/p>\n\n\n\n<p class=\"wp-block-paragraph\">Une \u00e9cole \u201cqui a depuis longtemps fait son entr\u00e9e dans les grands mus\u00e9es occidentaux des arts contemporains et dans les collections des amateurs et des professionnels m\u00e9c\u00e8nes priv\u00e9s\u201d, a ajout\u00e9 M. Azoulay, en rappelant l\u2019exp\u00e9rience plus que concluante des espaces souiris \u201cm\u00e9moriels ou d\u2019exposition qui se multiplient et qui connaissent aujourd\u2019hui un succ\u00e8s qui ne se d\u00e9ment pas\u201d.<\/p>\n\n\n\n<p class=\"wp-block-paragraph\">\u201cBayt Dakira inaugur\u00e9e \u00e0 Essaouira par SM le Roi Mohammed VI le 15 janvier 2020 en est la d\u00e9monstration la plus \u00e9loquente et la plus spectaculaire avec 97.500 visiteurs en 2024 et un peu plus de 120.000 en 2025\u201d, a conclu M. Azoulay, en rappelant \u201cl\u2019ancrage volontariste de la dynamique souirie dans une synth\u00e8se qui a le talent d\u2019additionner l\u2019universalit\u00e9 des richesses de notre patrimoine, la diversit\u00e9 de nos cultures et l\u2019immense potentiel de nos arts cr\u00e9atifs jamais en retard d\u2019une mutation, voire d\u2019une r\u00e9volution technologique des march\u00e9s et des sc\u00e8nes mondiales de la Culture et des Arts\u201d.<\/p>\n","protected":false},"excerpt":{"rendered":"<p>Dpress La renaissance et la refondation du Mus\u00e9e Sidi Mohammed Ben Abdallah va consolider et \u00e9largir le tissu des infrastructures culturelles et artistiques qui sont au c\u0153ur de la dynamique \u00e9conomique et sociale que conna\u00eet Essaouira, a d\u00e9clar\u00e9, lundi \u00e0 Rabat, M. Andr\u00e9 Azoulay, Pr\u00e9sident Fondateur de l\u2019Association Essaouira Mogador. S\u2019exprimant aux c\u00f4t\u00e9s du ministre &hellip;<\/p>\n","protected":false},"author":2,"featured_media":28415,"comment_status":"open","ping_status":"open","sticky":false,"template":"","format":"standard","meta":{"footnotes":""},"categories":[31],"tags":[],"class_list":["post-28414","post","type-post","status-publish","format-standard","has-post-thumbnail","hentry","category-art-et-culture"],"yoast_head":"<!-- This site is optimized with the Yoast SEO plugin v28.0 - https:\/\/yoast.com\/product\/yoast-seo-wordpress\/ -->\n<title>Nouvelle jeunesse pour le Mus\u00e9e d\u2019Essaouira - Dpress.ma\/fr<\/title>\n<meta name=\"robots\" content=\"index, follow, max-snippet:-1, max-image-preview:large, max-video-preview:-1\" \/>\n<link rel=\"canonical\" href=\"https:\/\/dpress.ma\/fr\/2026\/04\/14\/nouvelle-jeunesse-pour-le-musee-dessaouira\/\" \/>\n<meta property=\"og:locale\" content=\"fr_FR\" \/>\n<meta property=\"og:type\" content=\"article\" \/>\n<meta property=\"og:title\" content=\"Nouvelle jeunesse pour le Mus\u00e9e d\u2019Essaouira - Dpress.ma\/fr\" \/>\n<meta property=\"og:description\" content=\"Dpress La renaissance et la refondation du Mus\u00e9e Sidi Mohammed Ben Abdallah va consolider et \u00e9largir le tissu des infrastructures culturelles et artistiques qui sont au c\u0153ur de la dynamique \u00e9conomique et sociale que conna\u00eet Essaouira, a d\u00e9clar\u00e9, lundi \u00e0 Rabat, M. Andr\u00e9 Azoulay, Pr\u00e9sident Fondateur de l\u2019Association Essaouira Mogador. S\u2019exprimant aux c\u00f4t\u00e9s du ministre &hellip;\" \/>\n<meta property=\"og:url\" content=\"https:\/\/dpress.ma\/fr\/2026\/04\/14\/nouvelle-jeunesse-pour-le-musee-dessaouira\/\" \/>\n<meta property=\"og:site_name\" content=\"Dpress.ma\/fr\" \/>\n<meta property=\"article:published_time\" content=\"2026-04-14T10:59:24+00:00\" \/>\n<meta property=\"article:modified_time\" content=\"2026-04-14T10:59:26+00:00\" \/>\n<meta property=\"og:image\" content=\"https:\/\/dpress.ma\/fr\/wp-content\/uploads\/sites\/2\/2026\/04\/24-5.jpg\" \/>\n\t<meta property=\"og:image:width\" content=\"2539\" \/>\n\t<meta property=\"og:image:height\" content=\"1594\" \/>\n\t<meta property=\"og:image:type\" content=\"image\/jpeg\" \/>\n<meta name=\"author\" content=\"Dpress.ma\" \/>\n<meta name=\"twitter:card\" content=\"summary_large_image\" \/>\n<meta name=\"twitter:label1\" content=\"\u00c9crit par\" \/>\n\t<meta name=\"twitter:data1\" content=\"Dpress.ma\" \/>\n\t<meta name=\"twitter:label2\" content=\"Dur\u00e9e de lecture estim\u00e9e\" \/>\n\t<meta name=\"twitter:data2\" content=\"2 minutes\" \/>\n<script type=\"application\/ld+json\" class=\"yoast-schema-graph\">{\"@context\":\"https:\\\/\\\/schema.org\",\"@graph\":[{\"@type\":\"Article\",\"@id\":\"https:\\\/\\\/dpress.ma\\\/fr\\\/2026\\\/04\\\/14\\\/nouvelle-jeunesse-pour-le-musee-dessaouira\\\/#article\",\"isPartOf\":{\"@id\":\"https:\\\/\\\/dpress.ma\\\/fr\\\/2026\\\/04\\\/14\\\/nouvelle-jeunesse-pour-le-musee-dessaouira\\\/\"},\"author\":{\"name\":\"Dpress.ma\",\"@id\":\"https:\\\/\\\/dpress.ma\\\/fr\\\/#\\\/schema\\\/person\\\/4898febf3ccd59e6578d838656a306a0\"},\"headline\":\"Nouvelle jeunesse pour le Mus\u00e9e d\u2019Essaouira\",\"datePublished\":\"2026-04-14T10:59:24+00:00\",\"dateModified\":\"2026-04-14T10:59:26+00:00\",\"mainEntityOfPage\":{\"@id\":\"https:\\\/\\\/dpress.ma\\\/fr\\\/2026\\\/04\\\/14\\\/nouvelle-jeunesse-pour-le-musee-dessaouira\\\/\"},\"wordCount\":403,\"commentCount\":0,\"image\":{\"@id\":\"https:\\\/\\\/dpress.ma\\\/fr\\\/2026\\\/04\\\/14\\\/nouvelle-jeunesse-pour-le-musee-dessaouira\\\/#primaryimage\"},\"thumbnailUrl\":\"https:\\\/\\\/dpress.ma\\\/fr\\\/wp-content\\\/uploads\\\/sites\\\/2\\\/2026\\\/04\\\/24-5.jpg\",\"articleSection\":[\"Art et Culture\"],\"inLanguage\":\"fr-FR\",\"potentialAction\":[{\"@type\":\"CommentAction\",\"name\":\"Comment\",\"target\":[\"https:\\\/\\\/dpress.ma\\\/fr\\\/2026\\\/04\\\/14\\\/nouvelle-jeunesse-pour-le-musee-dessaouira\\\/#respond\"]}]},{\"@type\":\"WebPage\",\"@id\":\"https:\\\/\\\/dpress.ma\\\/fr\\\/2026\\\/04\\\/14\\\/nouvelle-jeunesse-pour-le-musee-dessaouira\\\/\",\"url\":\"https:\\\/\\\/dpress.ma\\\/fr\\\/2026\\\/04\\\/14\\\/nouvelle-jeunesse-pour-le-musee-dessaouira\\\/\",\"name\":\"Nouvelle jeunesse pour le Mus\u00e9e d\u2019Essaouira - Dpress.ma\\\/fr\",\"isPartOf\":{\"@id\":\"https:\\\/\\\/dpress.ma\\\/fr\\\/#website\"},\"primaryImageOfPage\":{\"@id\":\"https:\\\/\\\/dpress.ma\\\/fr\\\/2026\\\/04\\\/14\\\/nouvelle-jeunesse-pour-le-musee-dessaouira\\\/#primaryimage\"},\"image\":{\"@id\":\"https:\\\/\\\/dpress.ma\\\/fr\\\/2026\\\/04\\\/14\\\/nouvelle-jeunesse-pour-le-musee-dessaouira\\\/#primaryimage\"},\"thumbnailUrl\":\"https:\\\/\\\/dpress.ma\\\/fr\\\/wp-content\\\/uploads\\\/sites\\\/2\\\/2026\\\/04\\\/24-5.jpg\",\"datePublished\":\"2026-04-14T10:59:24+00:00\",\"dateModified\":\"2026-04-14T10:59:26+00:00\",\"author\":{\"@id\":\"https:\\\/\\\/dpress.ma\\\/fr\\\/#\\\/schema\\\/person\\\/4898febf3ccd59e6578d838656a306a0\"},\"breadcrumb\":{\"@id\":\"https:\\\/\\\/dpress.ma\\\/fr\\\/2026\\\/04\\\/14\\\/nouvelle-jeunesse-pour-le-musee-dessaouira\\\/#breadcrumb\"},\"inLanguage\":\"fr-FR\",\"potentialAction\":[{\"@type\":\"ReadAction\",\"target\":[\"https:\\\/\\\/dpress.ma\\\/fr\\\/2026\\\/04\\\/14\\\/nouvelle-jeunesse-pour-le-musee-dessaouira\\\/\"]}]},{\"@type\":\"ImageObject\",\"inLanguage\":\"fr-FR\",\"@id\":\"https:\\\/\\\/dpress.ma\\\/fr\\\/2026\\\/04\\\/14\\\/nouvelle-jeunesse-pour-le-musee-dessaouira\\\/#primaryimage\",\"url\":\"https:\\\/\\\/dpress.ma\\\/fr\\\/wp-content\\\/uploads\\\/sites\\\/2\\\/2026\\\/04\\\/24-5.jpg\",\"contentUrl\":\"https:\\\/\\\/dpress.ma\\\/fr\\\/wp-content\\\/uploads\\\/sites\\\/2\\\/2026\\\/04\\\/24-5.jpg\",\"width\":2539,\"height\":1594},{\"@type\":\"BreadcrumbList\",\"@id\":\"https:\\\/\\\/dpress.ma\\\/fr\\\/2026\\\/04\\\/14\\\/nouvelle-jeunesse-pour-le-musee-dessaouira\\\/#breadcrumb\",\"itemListElement\":[{\"@type\":\"ListItem\",\"position\":1,\"name\":\"Home\",\"item\":\"https:\\\/\\\/dpress.ma\\\/fr\\\/\"},{\"@type\":\"ListItem\",\"position\":2,\"name\":\"Nouvelle jeunesse pour le Mus\u00e9e d\u2019Essaouira\"}]},{\"@type\":\"WebSite\",\"@id\":\"https:\\\/\\\/dpress.ma\\\/fr\\\/#website\",\"url\":\"https:\\\/\\\/dpress.ma\\\/fr\\\/\",\"name\":\"Dpress.ma\\\/fr\",\"description\":\"\",\"potentialAction\":[{\"@type\":\"SearchAction\",\"target\":{\"@type\":\"EntryPoint\",\"urlTemplate\":\"https:\\\/\\\/dpress.ma\\\/fr\\\/?s={search_term_string}\"},\"query-input\":{\"@type\":\"PropertyValueSpecification\",\"valueRequired\":true,\"valueName\":\"search_term_string\"}}],\"inLanguage\":\"fr-FR\"},{\"@type\":\"Person\",\"@id\":\"https:\\\/\\\/dpress.ma\\\/fr\\\/#\\\/schema\\\/person\\\/4898febf3ccd59e6578d838656a306a0\",\"name\":\"Dpress.ma\",\"image\":{\"@type\":\"ImageObject\",\"inLanguage\":\"fr-FR\",\"@id\":\"https:\\\/\\\/secure.gravatar.com\\\/avatar\\\/72ecc30e9db047a2e0e7176561eb9d564ed77c8108376495b19bd8336405198a?s=96&d=mm&r=g\",\"url\":\"https:\\\/\\\/secure.gravatar.com\\\/avatar\\\/72ecc30e9db047a2e0e7176561eb9d564ed77c8108376495b19bd8336405198a?s=96&d=mm&r=g\",\"contentUrl\":\"https:\\\/\\\/secure.gravatar.com\\\/avatar\\\/72ecc30e9db047a2e0e7176561eb9d564ed77c8108376495b19bd8336405198a?s=96&d=mm&r=g\",\"caption\":\"Dpress.ma\"},\"sameAs\":[\"https:\\\/\\\/www.dpress.ma\"],\"url\":\"https:\\\/\\\/dpress.ma\\\/fr\\\/author\\\/dpress-ma\\\/\"}]}<\/script>\n<!-- \/ Yoast SEO plugin. -->","yoast_head_json":{"title":"Nouvelle jeunesse pour le Mus\u00e9e d\u2019Essaouira - Dpress.ma\/fr","robots":{"index":"index","follow":"follow","max-snippet":"max-snippet:-1","max-image-preview":"max-image-preview:large","max-video-preview":"max-video-preview:-1"},"canonical":"https:\/\/dpress.ma\/fr\/2026\/04\/14\/nouvelle-jeunesse-pour-le-musee-dessaouira\/","og_locale":"fr_FR","og_type":"article","og_title":"Nouvelle jeunesse pour le Mus\u00e9e d\u2019Essaouira - Dpress.ma\/fr","og_description":"Dpress La renaissance et la refondation du Mus\u00e9e Sidi Mohammed Ben Abdallah va consolider et \u00e9largir le tissu des infrastructures culturelles et artistiques qui sont au c\u0153ur de la dynamique \u00e9conomique et sociale que conna\u00eet Essaouira, a d\u00e9clar\u00e9, lundi \u00e0 Rabat, M. Andr\u00e9 Azoulay, Pr\u00e9sident Fondateur de l\u2019Association Essaouira Mogador. S\u2019exprimant aux c\u00f4t\u00e9s du ministre &hellip;","og_url":"https:\/\/dpress.ma\/fr\/2026\/04\/14\/nouvelle-jeunesse-pour-le-musee-dessaouira\/","og_site_name":"Dpress.ma\/fr","article_published_time":"2026-04-14T10:59:24+00:00","article_modified_time":"2026-04-14T10:59:26+00:00","og_image":[{"width":2539,"height":1594,"url":"https:\/\/dpress.ma\/fr\/wp-content\/uploads\/sites\/2\/2026\/04\/24-5.jpg","type":"image\/jpeg"}],"author":"Dpress.ma","twitter_card":"summary_large_image","twitter_misc":{"\u00c9crit par":"Dpress.ma","Dur\u00e9e de lecture estim\u00e9e":"2 minutes"},"schema":{"@context":"https:\/\/schema.org","@graph":[{"@type":"Article","@id":"https:\/\/dpress.ma\/fr\/2026\/04\/14\/nouvelle-jeunesse-pour-le-musee-dessaouira\/#article","isPartOf":{"@id":"https:\/\/dpress.ma\/fr\/2026\/04\/14\/nouvelle-jeunesse-pour-le-musee-dessaouira\/"},"author":{"name":"Dpress.ma","@id":"https:\/\/dpress.ma\/fr\/#\/schema\/person\/4898febf3ccd59e6578d838656a306a0"},"headline":"Nouvelle jeunesse pour le Mus\u00e9e d\u2019Essaouira","datePublished":"2026-04-14T10:59:24+00:00","dateModified":"2026-04-14T10:59:26+00:00","mainEntityOfPage":{"@id":"https:\/\/dpress.ma\/fr\/2026\/04\/14\/nouvelle-jeunesse-pour-le-musee-dessaouira\/"},"wordCount":403,"commentCount":0,"image":{"@id":"https:\/\/dpress.ma\/fr\/2026\/04\/14\/nouvelle-jeunesse-pour-le-musee-dessaouira\/#primaryimage"},"thumbnailUrl":"https:\/\/dpress.ma\/fr\/wp-content\/uploads\/sites\/2\/2026\/04\/24-5.jpg","articleSection":["Art et Culture"],"inLanguage":"fr-FR","potentialAction":[{"@type":"CommentAction","name":"Comment","target":["https:\/\/dpress.ma\/fr\/2026\/04\/14\/nouvelle-jeunesse-pour-le-musee-dessaouira\/#respond"]}]},{"@type":"WebPage","@id":"https:\/\/dpress.ma\/fr\/2026\/04\/14\/nouvelle-jeunesse-pour-le-musee-dessaouira\/","url":"https:\/\/dpress.ma\/fr\/2026\/04\/14\/nouvelle-jeunesse-pour-le-musee-dessaouira\/","name":"Nouvelle jeunesse pour le Mus\u00e9e d\u2019Essaouira - Dpress.ma\/fr","isPartOf":{"@id":"https:\/\/dpress.ma\/fr\/#website"},"primaryImageOfPage":{"@id":"https:\/\/dpress.ma\/fr\/2026\/04\/14\/nouvelle-jeunesse-pour-le-musee-dessaouira\/#primaryimage"},"image":{"@id":"https:\/\/dpress.ma\/fr\/2026\/04\/14\/nouvelle-jeunesse-pour-le-musee-dessaouira\/#primaryimage"},"thumbnailUrl":"https:\/\/dpress.ma\/fr\/wp-content\/uploads\/sites\/2\/2026\/04\/24-5.jpg","datePublished":"2026-04-14T10:59:24+00:00","dateModified":"2026-04-14T10:59:26+00:00","author":{"@id":"https:\/\/dpress.ma\/fr\/#\/schema\/person\/4898febf3ccd59e6578d838656a306a0"},"breadcrumb":{"@id":"https:\/\/dpress.ma\/fr\/2026\/04\/14\/nouvelle-jeunesse-pour-le-musee-dessaouira\/#breadcrumb"},"inLanguage":"fr-FR","potentialAction":[{"@type":"ReadAction","target":["https:\/\/dpress.ma\/fr\/2026\/04\/14\/nouvelle-jeunesse-pour-le-musee-dessaouira\/"]}]},{"@type":"ImageObject","inLanguage":"fr-FR","@id":"https:\/\/dpress.ma\/fr\/2026\/04\/14\/nouvelle-jeunesse-pour-le-musee-dessaouira\/#primaryimage","url":"https:\/\/dpress.ma\/fr\/wp-content\/uploads\/sites\/2\/2026\/04\/24-5.jpg","contentUrl":"https:\/\/dpress.ma\/fr\/wp-content\/uploads\/sites\/2\/2026\/04\/24-5.jpg","width":2539,"height":1594},{"@type":"BreadcrumbList","@id":"https:\/\/dpress.ma\/fr\/2026\/04\/14\/nouvelle-jeunesse-pour-le-musee-dessaouira\/#breadcrumb","itemListElement":[{"@type":"ListItem","position":1,"name":"Home","item":"https:\/\/dpress.ma\/fr\/"},{"@type":"ListItem","position":2,"name":"Nouvelle jeunesse pour le Mus\u00e9e d\u2019Essaouira"}]},{"@type":"WebSite","@id":"https:\/\/dpress.ma\/fr\/#website","url":"https:\/\/dpress.ma\/fr\/","name":"Dpress.ma\/fr","description":"","potentialAction":[{"@type":"SearchAction","target":{"@type":"EntryPoint","urlTemplate":"https:\/\/dpress.ma\/fr\/?s={search_term_string}"},"query-input":{"@type":"PropertyValueSpecification","valueRequired":true,"valueName":"search_term_string"}}],"inLanguage":"fr-FR"},{"@type":"Person","@id":"https:\/\/dpress.ma\/fr\/#\/schema\/person\/4898febf3ccd59e6578d838656a306a0","name":"Dpress.ma","image":{"@type":"ImageObject","inLanguage":"fr-FR","@id":"https:\/\/secure.gravatar.com\/avatar\/72ecc30e9db047a2e0e7176561eb9d564ed77c8108376495b19bd8336405198a?s=96&d=mm&r=g","url":"https:\/\/secure.gravatar.com\/avatar\/72ecc30e9db047a2e0e7176561eb9d564ed77c8108376495b19bd8336405198a?s=96&d=mm&r=g","contentUrl":"https:\/\/secure.gravatar.com\/avatar\/72ecc30e9db047a2e0e7176561eb9d564ed77c8108376495b19bd8336405198a?s=96&d=mm&r=g","caption":"Dpress.ma"},"sameAs":["https:\/\/www.dpress.ma"],"url":"https:\/\/dpress.ma\/fr\/author\/dpress-ma\/"}]}},"amp_enabled":true,"_links":{"self":[{"href":"https:\/\/dpress.ma\/fr\/wp-json\/wp\/v2\/posts\/28414","targetHints":{"allow":["GET"]}}],"collection":[{"href":"https:\/\/dpress.ma\/fr\/wp-json\/wp\/v2\/posts"}],"about":[{"href":"https:\/\/dpress.ma\/fr\/wp-json\/wp\/v2\/types\/post"}],"author":[{"embeddable":true,"href":"https:\/\/dpress.ma\/fr\/wp-json\/wp\/v2\/users\/2"}],"replies":[{"embeddable":true,"href":"https:\/\/dpress.ma\/fr\/wp-json\/wp\/v2\/comments?post=28414"}],"version-history":[{"count":1,"href":"https:\/\/dpress.ma\/fr\/wp-json\/wp\/v2\/posts\/28414\/revisions"}],"predecessor-version":[{"id":28416,"href":"https:\/\/dpress.ma\/fr\/wp-json\/wp\/v2\/posts\/28414\/revisions\/28416"}],"wp:featuredmedia":[{"embeddable":true,"href":"https:\/\/dpress.ma\/fr\/wp-json\/wp\/v2\/media\/28415"}],"wp:attachment":[{"href":"https:\/\/dpress.ma\/fr\/wp-json\/wp\/v2\/media?parent=28414"}],"wp:term":[{"taxonomy":"category","embeddable":true,"href":"https:\/\/dpress.ma\/fr\/wp-json\/wp\/v2\/categories?post=28414"},{"taxonomy":"post_tag","embeddable":true,"href":"https:\/\/dpress.ma\/fr\/wp-json\/wp\/v2\/tags?post=28414"}],"curies":[{"name":"wp","href":"https:\/\/api.w.org\/{rel}","templated":true}]}}