{"id":28408,"date":"2026-04-14T10:57:19","date_gmt":"2026-04-14T10:57:19","guid":{"rendered":"https:\/\/dpress.ma\/fr\/?p=28408"},"modified":"2026-04-14T10:57:21","modified_gmt":"2026-04-14T10:57:21","slug":"ccm-cinq-projets-selectionnes-pour-participer-au-marche-international-du-film-danimation-dannecy","status":"publish","type":"post","link":"https:\/\/dpress.ma\/fr\/2026\/04\/14\/ccm-cinq-projets-selectionnes-pour-participer-au-marche-international-du-film-danimation-dannecy\/","title":{"rendered":"CCM: Cinq projets s\u00e9lectionn\u00e9s pour participer au March\u00e9 international du film d\u2019animation d\u2019Annecy"},"content":{"rendered":"\n<p class=\"wp-block-paragraph\">Dpress<\/p>\n\n\n\n<p class=\"wp-block-paragraph\">Le Centre Cin\u00e9matographique Marocain (CCM) a annonc\u00e9 la s\u00e9lection officielle de cinq projets de films d\u2019animation, appel\u00e9s \u00e0 participer au March\u00e9 international du film d\u2019animation d\u2019Annecy, pr\u00e9vu du 23 au 26 juin 2026, dans le cadre de la 50e \u00e9dition du Festival international du film d\u2019animation d\u2019Annecy.<\/p>\n\n\n\n<p class=\"wp-block-paragraph\">A l\u2019issue du processus de s\u00e9lection, ont \u00e9t\u00e9 retenus le court m\u00e9trage \u201cFati la poule\u201d de Ilias Khlifat, le long m\u00e9trage \u201cLoucham\u201d de Samia Zerrou, la s\u00e9rie \u201cMini Maestro\u201d de Yassine Lahrichi, le court m\u00e9trage \u201cSe\u00f1or Braga\u201d de Lamisse Khairat, et le long m\u00e9trage \u201cZiryab- Strings Of Time\u201d de Ghita Amrati, pr\u00e9cise le CCM dans un communiqu\u00e9.<\/p>\n\n\n\n<p class=\"wp-block-paragraph\">Un appel \u00e0 projets a \u00e9t\u00e9 lanc\u00e9 \u00e0 destination des professionnels marocains porteurs de projets en cin\u00e9ma d\u2019animation, afin d\u2019identifier des projets prometteurs et de leur offrir une visibilit\u00e9 \u00e0 l\u2019international, \u00e0 travers des sessions de pr\u00e9sentation de projets \u201cPitch\u201d organis\u00e9es dans le cadre du March\u00e9 international du film d\u2019animation, qui constitue l\u2019un des rendez-vous majeurs de l\u2019industrie mondiale du cin\u00e9ma d\u2019animation, indique la m\u00eame source.<\/p>\n\n\n\n<p class=\"wp-block-paragraph\">\u00c0 la cl\u00f4ture des candidatures, 25 projets ont \u00e9t\u00e9 enregistr\u00e9s, couvrant des longs m\u00e9trages, des courts m\u00e9trages ainsi que des s\u00e9ries, tous conformes aux conditions de participation. Ces projets ont \u00e9t\u00e9 examin\u00e9s en vue de s\u00e9lectionner ceux qui repr\u00e9senteront le Maroc lors de cet \u00e9v\u00e9nement.<\/p>\n\n\n\n<p class=\"wp-block-paragraph\">L\u2019\u00e9valuation et la s\u00e9lection ont \u00e9t\u00e9 confi\u00e9es \u00e0 un comit\u00e9 compos\u00e9 de professionnels reconnus du secteur, comprenant, Sofia Khyari, r\u00e9alisatrice, productrice et distributrice sp\u00e9cialis\u00e9e en cin\u00e9ma d\u2019animation, Mohamed Beyoud, charg\u00e9 de l\u2019audiovisuel et du cin\u00e9ma \u00e0 l\u2019Institut fran\u00e7ais du Maroc, et ancien directeur artistique du Festival international du cin\u00e9ma d\u2019animation de Mekn\u00e8s, et Tariq Khalami, repr\u00e9sentant du CCM.<\/p>\n\n\n\n<p class=\"wp-block-paragraph\">Les porteurs des projets s\u00e9lectionn\u00e9s auront l\u2019opportunit\u00e9 de pr\u00e9senter leurs travaux devant des professionnels internationaux sp\u00e9cialis\u00e9s, lors d\u2019une session de pr\u00e9sentation Pitch d\u00e9di\u00e9e aux projets marocains.<\/p>\n\n\n\n<p class=\"wp-block-paragraph\">\u00c0 travers cette initiative, le CCM poursuit son engagement en faveur du d\u00e9veloppement du cin\u00e9ma d\u2019animation national, en accompagnant les talents et en facilitant leur acc\u00e8s aux plateformes internationales de cr\u00e9ation, de production et de diffusion, conclut le communiqu\u00e9.<\/p>\n","protected":false},"excerpt":{"rendered":"<p>Dpress Le Centre Cin\u00e9matographique Marocain (CCM) a annonc\u00e9 la s\u00e9lection officielle de cinq projets de films d\u2019animation, appel\u00e9s \u00e0 participer au March\u00e9 international du film d\u2019animation d\u2019Annecy, pr\u00e9vu du 23 au 26 juin 2026, dans le cadre de la 50e \u00e9dition du Festival international du film d\u2019animation d\u2019Annecy. A l\u2019issue du processus de s\u00e9lection, ont &hellip;<\/p>\n","protected":false},"author":2,"featured_media":28409,"comment_status":"open","ping_status":"open","sticky":false,"template":"","format":"standard","meta":{"footnotes":""},"categories":[31],"tags":[],"class_list":["post-28408","post","type-post","status-publish","format-standard","has-post-thumbnail","hentry","category-art-et-culture"],"yoast_head":"<!-- This site is optimized with the Yoast SEO plugin v28.0 - https:\/\/yoast.com\/product\/yoast-seo-wordpress\/ -->\n<title>CCM: Cinq projets s\u00e9lectionn\u00e9s pour participer au March\u00e9 international du film d\u2019animation d\u2019Annecy - Dpress.ma\/fr<\/title>\n<meta name=\"robots\" content=\"index, follow, max-snippet:-1, max-image-preview:large, max-video-preview:-1\" \/>\n<link rel=\"canonical\" href=\"https:\/\/dpress.ma\/fr\/2026\/04\/14\/ccm-cinq-projets-selectionnes-pour-participer-au-marche-international-du-film-danimation-dannecy\/\" \/>\n<meta property=\"og:locale\" content=\"fr_FR\" \/>\n<meta property=\"og:type\" content=\"article\" \/>\n<meta property=\"og:title\" content=\"CCM: Cinq projets s\u00e9lectionn\u00e9s pour participer au March\u00e9 international du film d\u2019animation d\u2019Annecy - Dpress.ma\/fr\" \/>\n<meta property=\"og:description\" content=\"Dpress Le Centre Cin\u00e9matographique Marocain (CCM) a annonc\u00e9 la s\u00e9lection officielle de cinq projets de films d\u2019animation, appel\u00e9s \u00e0 participer au March\u00e9 international du film d\u2019animation d\u2019Annecy, pr\u00e9vu du 23 au 26 juin 2026, dans le cadre de la 50e \u00e9dition du Festival international du film d\u2019animation d\u2019Annecy. A l\u2019issue du processus de s\u00e9lection, ont &hellip;\" \/>\n<meta property=\"og:url\" content=\"https:\/\/dpress.ma\/fr\/2026\/04\/14\/ccm-cinq-projets-selectionnes-pour-participer-au-marche-international-du-film-danimation-dannecy\/\" \/>\n<meta property=\"og:site_name\" content=\"Dpress.ma\/fr\" \/>\n<meta property=\"article:published_time\" content=\"2026-04-14T10:57:19+00:00\" \/>\n<meta property=\"article:modified_time\" content=\"2026-04-14T10:57:21+00:00\" \/>\n<meta property=\"og:image\" content=\"https:\/\/dpress.ma\/fr\/wp-content\/uploads\/sites\/2\/2026\/04\/22-5.jpg\" \/>\n\t<meta property=\"og:image:width\" content=\"2539\" \/>\n\t<meta property=\"og:image:height\" content=\"1594\" \/>\n\t<meta property=\"og:image:type\" content=\"image\/jpeg\" \/>\n<meta name=\"author\" content=\"Dpress.ma\" \/>\n<meta name=\"twitter:card\" content=\"summary_large_image\" \/>\n<meta name=\"twitter:label1\" content=\"\u00c9crit par\" \/>\n\t<meta name=\"twitter:data1\" content=\"Dpress.ma\" \/>\n\t<meta name=\"twitter:label2\" content=\"Dur\u00e9e de lecture estim\u00e9e\" \/>\n\t<meta name=\"twitter:data2\" content=\"2 minutes\" \/>\n<script type=\"application\/ld+json\" class=\"yoast-schema-graph\">{\"@context\":\"https:\\\/\\\/schema.org\",\"@graph\":[{\"@type\":\"Article\",\"@id\":\"https:\\\/\\\/dpress.ma\\\/fr\\\/2026\\\/04\\\/14\\\/ccm-cinq-projets-selectionnes-pour-participer-au-marche-international-du-film-danimation-dannecy\\\/#article\",\"isPartOf\":{\"@id\":\"https:\\\/\\\/dpress.ma\\\/fr\\\/2026\\\/04\\\/14\\\/ccm-cinq-projets-selectionnes-pour-participer-au-marche-international-du-film-danimation-dannecy\\\/\"},\"author\":{\"name\":\"Dpress.ma\",\"@id\":\"https:\\\/\\\/dpress.ma\\\/fr\\\/#\\\/schema\\\/person\\\/4898febf3ccd59e6578d838656a306a0\"},\"headline\":\"CCM: Cinq projets s\u00e9lectionn\u00e9s pour participer au March\u00e9 international du film d\u2019animation d\u2019Annecy\",\"datePublished\":\"2026-04-14T10:57:19+00:00\",\"dateModified\":\"2026-04-14T10:57:21+00:00\",\"mainEntityOfPage\":{\"@id\":\"https:\\\/\\\/dpress.ma\\\/fr\\\/2026\\\/04\\\/14\\\/ccm-cinq-projets-selectionnes-pour-participer-au-marche-international-du-film-danimation-dannecy\\\/\"},\"wordCount\":413,\"commentCount\":0,\"image\":{\"@id\":\"https:\\\/\\\/dpress.ma\\\/fr\\\/2026\\\/04\\\/14\\\/ccm-cinq-projets-selectionnes-pour-participer-au-marche-international-du-film-danimation-dannecy\\\/#primaryimage\"},\"thumbnailUrl\":\"https:\\\/\\\/dpress.ma\\\/fr\\\/wp-content\\\/uploads\\\/sites\\\/2\\\/2026\\\/04\\\/22-5.jpg\",\"articleSection\":[\"Art et Culture\"],\"inLanguage\":\"fr-FR\",\"potentialAction\":[{\"@type\":\"CommentAction\",\"name\":\"Comment\",\"target\":[\"https:\\\/\\\/dpress.ma\\\/fr\\\/2026\\\/04\\\/14\\\/ccm-cinq-projets-selectionnes-pour-participer-au-marche-international-du-film-danimation-dannecy\\\/#respond\"]}]},{\"@type\":\"WebPage\",\"@id\":\"https:\\\/\\\/dpress.ma\\\/fr\\\/2026\\\/04\\\/14\\\/ccm-cinq-projets-selectionnes-pour-participer-au-marche-international-du-film-danimation-dannecy\\\/\",\"url\":\"https:\\\/\\\/dpress.ma\\\/fr\\\/2026\\\/04\\\/14\\\/ccm-cinq-projets-selectionnes-pour-participer-au-marche-international-du-film-danimation-dannecy\\\/\",\"name\":\"CCM: Cinq projets s\u00e9lectionn\u00e9s pour participer au March\u00e9 international du film d\u2019animation d\u2019Annecy - Dpress.ma\\\/fr\",\"isPartOf\":{\"@id\":\"https:\\\/\\\/dpress.ma\\\/fr\\\/#website\"},\"primaryImageOfPage\":{\"@id\":\"https:\\\/\\\/dpress.ma\\\/fr\\\/2026\\\/04\\\/14\\\/ccm-cinq-projets-selectionnes-pour-participer-au-marche-international-du-film-danimation-dannecy\\\/#primaryimage\"},\"image\":{\"@id\":\"https:\\\/\\\/dpress.ma\\\/fr\\\/2026\\\/04\\\/14\\\/ccm-cinq-projets-selectionnes-pour-participer-au-marche-international-du-film-danimation-dannecy\\\/#primaryimage\"},\"thumbnailUrl\":\"https:\\\/\\\/dpress.ma\\\/fr\\\/wp-content\\\/uploads\\\/sites\\\/2\\\/2026\\\/04\\\/22-5.jpg\",\"datePublished\":\"2026-04-14T10:57:19+00:00\",\"dateModified\":\"2026-04-14T10:57:21+00:00\",\"author\":{\"@id\":\"https:\\\/\\\/dpress.ma\\\/fr\\\/#\\\/schema\\\/person\\\/4898febf3ccd59e6578d838656a306a0\"},\"breadcrumb\":{\"@id\":\"https:\\\/\\\/dpress.ma\\\/fr\\\/2026\\\/04\\\/14\\\/ccm-cinq-projets-selectionnes-pour-participer-au-marche-international-du-film-danimation-dannecy\\\/#breadcrumb\"},\"inLanguage\":\"fr-FR\",\"potentialAction\":[{\"@type\":\"ReadAction\",\"target\":[\"https:\\\/\\\/dpress.ma\\\/fr\\\/2026\\\/04\\\/14\\\/ccm-cinq-projets-selectionnes-pour-participer-au-marche-international-du-film-danimation-dannecy\\\/\"]}]},{\"@type\":\"ImageObject\",\"inLanguage\":\"fr-FR\",\"@id\":\"https:\\\/\\\/dpress.ma\\\/fr\\\/2026\\\/04\\\/14\\\/ccm-cinq-projets-selectionnes-pour-participer-au-marche-international-du-film-danimation-dannecy\\\/#primaryimage\",\"url\":\"https:\\\/\\\/dpress.ma\\\/fr\\\/wp-content\\\/uploads\\\/sites\\\/2\\\/2026\\\/04\\\/22-5.jpg\",\"contentUrl\":\"https:\\\/\\\/dpress.ma\\\/fr\\\/wp-content\\\/uploads\\\/sites\\\/2\\\/2026\\\/04\\\/22-5.jpg\",\"width\":2539,\"height\":1594},{\"@type\":\"BreadcrumbList\",\"@id\":\"https:\\\/\\\/dpress.ma\\\/fr\\\/2026\\\/04\\\/14\\\/ccm-cinq-projets-selectionnes-pour-participer-au-marche-international-du-film-danimation-dannecy\\\/#breadcrumb\",\"itemListElement\":[{\"@type\":\"ListItem\",\"position\":1,\"name\":\"Home\",\"item\":\"https:\\\/\\\/dpress.ma\\\/fr\\\/\"},{\"@type\":\"ListItem\",\"position\":2,\"name\":\"CCM: Cinq projets s\u00e9lectionn\u00e9s pour participer au March\u00e9 international du film d\u2019animation d\u2019Annecy\"}]},{\"@type\":\"WebSite\",\"@id\":\"https:\\\/\\\/dpress.ma\\\/fr\\\/#website\",\"url\":\"https:\\\/\\\/dpress.ma\\\/fr\\\/\",\"name\":\"Dpress.ma\\\/fr\",\"description\":\"\",\"potentialAction\":[{\"@type\":\"SearchAction\",\"target\":{\"@type\":\"EntryPoint\",\"urlTemplate\":\"https:\\\/\\\/dpress.ma\\\/fr\\\/?s={search_term_string}\"},\"query-input\":{\"@type\":\"PropertyValueSpecification\",\"valueRequired\":true,\"valueName\":\"search_term_string\"}}],\"inLanguage\":\"fr-FR\"},{\"@type\":\"Person\",\"@id\":\"https:\\\/\\\/dpress.ma\\\/fr\\\/#\\\/schema\\\/person\\\/4898febf3ccd59e6578d838656a306a0\",\"name\":\"Dpress.ma\",\"image\":{\"@type\":\"ImageObject\",\"inLanguage\":\"fr-FR\",\"@id\":\"https:\\\/\\\/secure.gravatar.com\\\/avatar\\\/72ecc30e9db047a2e0e7176561eb9d564ed77c8108376495b19bd8336405198a?s=96&d=mm&r=g\",\"url\":\"https:\\\/\\\/secure.gravatar.com\\\/avatar\\\/72ecc30e9db047a2e0e7176561eb9d564ed77c8108376495b19bd8336405198a?s=96&d=mm&r=g\",\"contentUrl\":\"https:\\\/\\\/secure.gravatar.com\\\/avatar\\\/72ecc30e9db047a2e0e7176561eb9d564ed77c8108376495b19bd8336405198a?s=96&d=mm&r=g\",\"caption\":\"Dpress.ma\"},\"sameAs\":[\"https:\\\/\\\/www.dpress.ma\"],\"url\":\"https:\\\/\\\/dpress.ma\\\/fr\\\/author\\\/dpress-ma\\\/\"}]}<\/script>\n<!-- \/ Yoast SEO plugin. -->","yoast_head_json":{"title":"CCM: Cinq projets s\u00e9lectionn\u00e9s pour participer au March\u00e9 international du film d\u2019animation d\u2019Annecy - Dpress.ma\/fr","robots":{"index":"index","follow":"follow","max-snippet":"max-snippet:-1","max-image-preview":"max-image-preview:large","max-video-preview":"max-video-preview:-1"},"canonical":"https:\/\/dpress.ma\/fr\/2026\/04\/14\/ccm-cinq-projets-selectionnes-pour-participer-au-marche-international-du-film-danimation-dannecy\/","og_locale":"fr_FR","og_type":"article","og_title":"CCM: Cinq projets s\u00e9lectionn\u00e9s pour participer au March\u00e9 international du film d\u2019animation d\u2019Annecy - Dpress.ma\/fr","og_description":"Dpress Le Centre Cin\u00e9matographique Marocain (CCM) a annonc\u00e9 la s\u00e9lection officielle de cinq projets de films d\u2019animation, appel\u00e9s \u00e0 participer au March\u00e9 international du film d\u2019animation d\u2019Annecy, pr\u00e9vu du 23 au 26 juin 2026, dans le cadre de la 50e \u00e9dition du Festival international du film d\u2019animation d\u2019Annecy. A l\u2019issue du processus de s\u00e9lection, ont &hellip;","og_url":"https:\/\/dpress.ma\/fr\/2026\/04\/14\/ccm-cinq-projets-selectionnes-pour-participer-au-marche-international-du-film-danimation-dannecy\/","og_site_name":"Dpress.ma\/fr","article_published_time":"2026-04-14T10:57:19+00:00","article_modified_time":"2026-04-14T10:57:21+00:00","og_image":[{"width":2539,"height":1594,"url":"https:\/\/dpress.ma\/fr\/wp-content\/uploads\/sites\/2\/2026\/04\/22-5.jpg","type":"image\/jpeg"}],"author":"Dpress.ma","twitter_card":"summary_large_image","twitter_misc":{"\u00c9crit par":"Dpress.ma","Dur\u00e9e de lecture estim\u00e9e":"2 minutes"},"schema":{"@context":"https:\/\/schema.org","@graph":[{"@type":"Article","@id":"https:\/\/dpress.ma\/fr\/2026\/04\/14\/ccm-cinq-projets-selectionnes-pour-participer-au-marche-international-du-film-danimation-dannecy\/#article","isPartOf":{"@id":"https:\/\/dpress.ma\/fr\/2026\/04\/14\/ccm-cinq-projets-selectionnes-pour-participer-au-marche-international-du-film-danimation-dannecy\/"},"author":{"name":"Dpress.ma","@id":"https:\/\/dpress.ma\/fr\/#\/schema\/person\/4898febf3ccd59e6578d838656a306a0"},"headline":"CCM: Cinq projets s\u00e9lectionn\u00e9s pour participer au March\u00e9 international du film d\u2019animation d\u2019Annecy","datePublished":"2026-04-14T10:57:19+00:00","dateModified":"2026-04-14T10:57:21+00:00","mainEntityOfPage":{"@id":"https:\/\/dpress.ma\/fr\/2026\/04\/14\/ccm-cinq-projets-selectionnes-pour-participer-au-marche-international-du-film-danimation-dannecy\/"},"wordCount":413,"commentCount":0,"image":{"@id":"https:\/\/dpress.ma\/fr\/2026\/04\/14\/ccm-cinq-projets-selectionnes-pour-participer-au-marche-international-du-film-danimation-dannecy\/#primaryimage"},"thumbnailUrl":"https:\/\/dpress.ma\/fr\/wp-content\/uploads\/sites\/2\/2026\/04\/22-5.jpg","articleSection":["Art et Culture"],"inLanguage":"fr-FR","potentialAction":[{"@type":"CommentAction","name":"Comment","target":["https:\/\/dpress.ma\/fr\/2026\/04\/14\/ccm-cinq-projets-selectionnes-pour-participer-au-marche-international-du-film-danimation-dannecy\/#respond"]}]},{"@type":"WebPage","@id":"https:\/\/dpress.ma\/fr\/2026\/04\/14\/ccm-cinq-projets-selectionnes-pour-participer-au-marche-international-du-film-danimation-dannecy\/","url":"https:\/\/dpress.ma\/fr\/2026\/04\/14\/ccm-cinq-projets-selectionnes-pour-participer-au-marche-international-du-film-danimation-dannecy\/","name":"CCM: Cinq projets s\u00e9lectionn\u00e9s pour participer au March\u00e9 international du film d\u2019animation d\u2019Annecy - Dpress.ma\/fr","isPartOf":{"@id":"https:\/\/dpress.ma\/fr\/#website"},"primaryImageOfPage":{"@id":"https:\/\/dpress.ma\/fr\/2026\/04\/14\/ccm-cinq-projets-selectionnes-pour-participer-au-marche-international-du-film-danimation-dannecy\/#primaryimage"},"image":{"@id":"https:\/\/dpress.ma\/fr\/2026\/04\/14\/ccm-cinq-projets-selectionnes-pour-participer-au-marche-international-du-film-danimation-dannecy\/#primaryimage"},"thumbnailUrl":"https:\/\/dpress.ma\/fr\/wp-content\/uploads\/sites\/2\/2026\/04\/22-5.jpg","datePublished":"2026-04-14T10:57:19+00:00","dateModified":"2026-04-14T10:57:21+00:00","author":{"@id":"https:\/\/dpress.ma\/fr\/#\/schema\/person\/4898febf3ccd59e6578d838656a306a0"},"breadcrumb":{"@id":"https:\/\/dpress.ma\/fr\/2026\/04\/14\/ccm-cinq-projets-selectionnes-pour-participer-au-marche-international-du-film-danimation-dannecy\/#breadcrumb"},"inLanguage":"fr-FR","potentialAction":[{"@type":"ReadAction","target":["https:\/\/dpress.ma\/fr\/2026\/04\/14\/ccm-cinq-projets-selectionnes-pour-participer-au-marche-international-du-film-danimation-dannecy\/"]}]},{"@type":"ImageObject","inLanguage":"fr-FR","@id":"https:\/\/dpress.ma\/fr\/2026\/04\/14\/ccm-cinq-projets-selectionnes-pour-participer-au-marche-international-du-film-danimation-dannecy\/#primaryimage","url":"https:\/\/dpress.ma\/fr\/wp-content\/uploads\/sites\/2\/2026\/04\/22-5.jpg","contentUrl":"https:\/\/dpress.ma\/fr\/wp-content\/uploads\/sites\/2\/2026\/04\/22-5.jpg","width":2539,"height":1594},{"@type":"BreadcrumbList","@id":"https:\/\/dpress.ma\/fr\/2026\/04\/14\/ccm-cinq-projets-selectionnes-pour-participer-au-marche-international-du-film-danimation-dannecy\/#breadcrumb","itemListElement":[{"@type":"ListItem","position":1,"name":"Home","item":"https:\/\/dpress.ma\/fr\/"},{"@type":"ListItem","position":2,"name":"CCM: Cinq projets s\u00e9lectionn\u00e9s pour participer au March\u00e9 international du film d\u2019animation d\u2019Annecy"}]},{"@type":"WebSite","@id":"https:\/\/dpress.ma\/fr\/#website","url":"https:\/\/dpress.ma\/fr\/","name":"Dpress.ma\/fr","description":"","potentialAction":[{"@type":"SearchAction","target":{"@type":"EntryPoint","urlTemplate":"https:\/\/dpress.ma\/fr\/?s={search_term_string}"},"query-input":{"@type":"PropertyValueSpecification","valueRequired":true,"valueName":"search_term_string"}}],"inLanguage":"fr-FR"},{"@type":"Person","@id":"https:\/\/dpress.ma\/fr\/#\/schema\/person\/4898febf3ccd59e6578d838656a306a0","name":"Dpress.ma","image":{"@type":"ImageObject","inLanguage":"fr-FR","@id":"https:\/\/secure.gravatar.com\/avatar\/72ecc30e9db047a2e0e7176561eb9d564ed77c8108376495b19bd8336405198a?s=96&d=mm&r=g","url":"https:\/\/secure.gravatar.com\/avatar\/72ecc30e9db047a2e0e7176561eb9d564ed77c8108376495b19bd8336405198a?s=96&d=mm&r=g","contentUrl":"https:\/\/secure.gravatar.com\/avatar\/72ecc30e9db047a2e0e7176561eb9d564ed77c8108376495b19bd8336405198a?s=96&d=mm&r=g","caption":"Dpress.ma"},"sameAs":["https:\/\/www.dpress.ma"],"url":"https:\/\/dpress.ma\/fr\/author\/dpress-ma\/"}]}},"amp_enabled":true,"_links":{"self":[{"href":"https:\/\/dpress.ma\/fr\/wp-json\/wp\/v2\/posts\/28408","targetHints":{"allow":["GET"]}}],"collection":[{"href":"https:\/\/dpress.ma\/fr\/wp-json\/wp\/v2\/posts"}],"about":[{"href":"https:\/\/dpress.ma\/fr\/wp-json\/wp\/v2\/types\/post"}],"author":[{"embeddable":true,"href":"https:\/\/dpress.ma\/fr\/wp-json\/wp\/v2\/users\/2"}],"replies":[{"embeddable":true,"href":"https:\/\/dpress.ma\/fr\/wp-json\/wp\/v2\/comments?post=28408"}],"version-history":[{"count":1,"href":"https:\/\/dpress.ma\/fr\/wp-json\/wp\/v2\/posts\/28408\/revisions"}],"predecessor-version":[{"id":28410,"href":"https:\/\/dpress.ma\/fr\/wp-json\/wp\/v2\/posts\/28408\/revisions\/28410"}],"wp:featuredmedia":[{"embeddable":true,"href":"https:\/\/dpress.ma\/fr\/wp-json\/wp\/v2\/media\/28409"}],"wp:attachment":[{"href":"https:\/\/dpress.ma\/fr\/wp-json\/wp\/v2\/media?parent=28408"}],"wp:term":[{"taxonomy":"category","embeddable":true,"href":"https:\/\/dpress.ma\/fr\/wp-json\/wp\/v2\/categories?post=28408"},{"taxonomy":"post_tag","embeddable":true,"href":"https:\/\/dpress.ma\/fr\/wp-json\/wp\/v2\/tags?post=28408"}],"curies":[{"name":"wp","href":"https:\/\/api.w.org\/{rel}","templated":true}]}}