{"id":28405,"date":"2026-04-14T10:54:42","date_gmt":"2026-04-14T10:54:42","guid":{"rendered":"https:\/\/dpress.ma\/fr\/?p=28405"},"modified":"2026-04-14T10:54:43","modified_gmt":"2026-04-14T10:54:43","slug":"programme-dalphabetisation-fonctionnelle-signature-a-rabat-dune-convention-de-partenariat-pour-la-qualification-des-artisans","status":"publish","type":"post","link":"https:\/\/dpress.ma\/fr\/2026\/04\/14\/programme-dalphabetisation-fonctionnelle-signature-a-rabat-dune-convention-de-partenariat-pour-la-qualification-des-artisans\/","title":{"rendered":"Programme d\u2019alphab\u00e9tisation fonctionnelle: Signature \u00e0 Rabat d\u2019une convention de partenariat pour la qualification des artisans"},"content":{"rendered":"\n<p class=\"wp-block-paragraph\">Dpress<\/p>\n\n\n\n<p class=\"wp-block-paragraph\">Une convention de partenariat portant sur le programme d\u2019alphab\u00e9tisation fonctionnelle dans le domaine de l\u2019artisanat, plac\u00e9 sous le signe \u201cPour un artisan instruit\u201d, a \u00e9t\u00e9 conclue, lundi \u00e0 Rabat, entre le secr\u00e9tariat d\u2019\u00c9tat charg\u00e9 de l\u2019Artisanat et de l\u2019\u00c9conomie sociale et solidaire et l\u2019Agence nationale de lutte contre l\u2019analphab\u00e9tisme (ANLCA).<\/p>\n\n\n\n<p class=\"wp-block-paragraph\">Sign\u00e9e par le secr\u00e9taire d\u2019\u00c9tat charg\u00e9 de l\u2019Artisanat et de l\u2019\u00c9conomie sociale et solidaire, Lahcen Essa\u00e2di, et le directeur de l\u2019ANLCA, Abdelouadoud Kharbouch, cette convention vise \u00e0 adopter une approche int\u00e9gr\u00e9e fond\u00e9e sur la compl\u00e9mentarit\u00e9 entre l\u2019alphab\u00e9tisation fonctionnelle et la formation par apprentissage, afin de permettre aux b\u00e9n\u00e9ficiaires d\u2019acqu\u00e9rir les comp\u00e9tences de base en lecture, \u00e9criture et calcul, tout en les orientant vers la poursuite de leur formation selon ce mode.<\/p>\n\n\n\n<p class=\"wp-block-paragraph\">Ce partenariat traduit ainsi une volont\u00e9 commune d\u2019instaurer un mod\u00e8le int\u00e9gr\u00e9 et efficient qui contribue \u00e0 la formation d\u2019une g\u00e9n\u00e9ration d\u2019artisans qualifi\u00e9s, capables d\u2019assurer l\u2019encadrement et de favoriser la transmission interg\u00e9n\u00e9rationnelle des savoirs, tout en veillant \u00e0 la pr\u00e9servation et \u00e0 la valorisation du patrimoine immat\u00e9riel des m\u00e9tiers de l\u2019artisanat.<\/p>\n\n\n\n<p class=\"wp-block-paragraph\">Initi\u00e9e dans le cadre de la dynamique de renforcement du partenariat entre le secr\u00e9tariat d\u2019\u00c9tat charg\u00e9 de l\u2019Artisanat et de l\u2019\u00c9conomie sociale et solidaire et l\u2019ANLCA, cette convention vient \u00e9galement appuyer l\u2019\u00e9lan national en faveur de l\u2019\u00e9radication du fl\u00e9au de l\u2019analphab\u00e9tisme, en consolidant des partenariats institutionnels efficaces.<\/p>\n\n\n\n<p class=\"wp-block-paragraph\">S\u2019exprimant \u00e0 cette occasion, M. Essa\u00e2di a indiqu\u00e9 que ce partenariat destin\u00e9 \u00e0 renforcer l\u2019investissement dans le capital humain en tant que levier de d\u00e9veloppement, refl\u00e8te une transformation majeure dans l\u2019approche de lutte contre l\u2019analphab\u00e9tisme, l\u2019objectif \u00e9tant d\u2019am\u00e9liorer la formation professionnelle des artisans.<\/p>\n\n\n\n<p class=\"wp-block-paragraph\">S\u2019inscrivant en droite ligne des Hautes Orientations Royales appelant \u00e0 une mobilisation nationale globale pour promouvoir le capital humain, cette initiative marque aussi l\u2019amorce d\u2019une nouvelle \u00e9tape dans le partenariat avec l\u2019ANLCA qui ambitionne de renforcer davantage les comp\u00e9tences des artisans, a-t-il pr\u00e9cis\u00e9.<\/p>\n\n\n\n<p class=\"wp-block-paragraph\">Se f\u00e9licitant du bilan positif du Programme d\u2019alphab\u00e9tisation fonctionnelle dans le secteur de l\u2019artisanat, M. Essa\u00e2di a relev\u00e9 que le nombre des b\u00e9n\u00e9ficiaires s\u2019est \u00e9lev\u00e9 \u00e0 plus de 96.000 entre 2014 et 2025, mettant l\u2019accent sur la collaboration \u00e9troite avec le secteur de la formation professionnelle pour la mise en \u0153uvre de mesures visant \u00e0 renforcer le financement de ce mode de formation, dans le but d\u2019atteindre les objectifs escompt\u00e9s.<\/p>\n\n\n\n<p class=\"wp-block-paragraph\">De son c\u00f4t\u00e9, M. Kharbouch a fait observer que ce partenariat s\u2019inscrit dans le cadre d\u2019une dynamique nationale continue visant \u00e0 renforcer la coh\u00e9rence des politiques publiques et \u00e0 am\u00e9liorer l\u2019efficacit\u00e9 des programmes destin\u00e9s au d\u00e9veloppement du capital humain.<\/p>\n\n\n\n<p class=\"wp-block-paragraph\">Cette initiative constitue aussi une \u00e9tape charni\u00e8re pour renforcer la continuit\u00e9 et la p\u00e9rennit\u00e9 des programmes et consolider leurs acquis \u00e0 la faveur d\u2019un partenariat institutionnel renouvel\u00e9, dans le sillage de la mise en \u0153uvre de la Strat\u00e9gie nationale d\u2019alphab\u00e9tisation 2023-2035, a-t-il ajout\u00e9.<\/p>\n\n\n\n<p class=\"wp-block-paragraph\">M. Kharbouch a, en outre, soulign\u00e9 l\u2019importance \u201cd\u2019\u00e9tablir un lien entre les programmes d\u2019alphab\u00e9tisation et l\u2019insertion \u00e9conomique et sociale de l\u2019artisan\u201d, estimant que cette initiative traduit une volont\u00e9 commune de renforcer l\u2019efficacit\u00e9 des interventions publiques, \u00e0 travers l\u2019adoption de l\u2019approche \u201cartisan alphab\u00e9tis\u00e9\u201d, qui \u00e9tend les efforts d\u2019alphab\u00e9tisation \u00e0 la formation professionnelle et la gestion d\u2019entreprise.<\/p>\n\n\n\n<p class=\"wp-block-paragraph\">Il a \u00e9galement pass\u00e9 en revue les r\u00e9alisations accomplies dans le cadre du programme d\u2019alphab\u00e9tisation fonctionnelle au sein du secteur de l\u2019artisanat, faisant \u00e9tat de 3.000 b\u00e9n\u00e9ficiaires annuellement sur les cinq derni\u00e8res ann\u00e9es, pour un budget total de 15.000.000 dirhams.<\/p>\n\n\n\n<p class=\"wp-block-paragraph\">La c\u00e9r\u00e9monie de signature de la convention, \u00e0 laquelle ont assist\u00e9 plusieurs professionnels du secteur, a \u00e9t\u00e9 marqu\u00e9e par une pr\u00e9sentation des objectifs et de l\u2019organisation p\u00e9dagogique du programme d\u2019alphab\u00e9tisation fonctionnelle dans le secteur de l\u2019artisanat.<\/p>\n","protected":false},"excerpt":{"rendered":"<p>Dpress Une convention de partenariat portant sur le programme d\u2019alphab\u00e9tisation fonctionnelle dans le domaine de l\u2019artisanat, plac\u00e9 sous le signe \u201cPour un artisan instruit\u201d, a \u00e9t\u00e9 conclue, lundi \u00e0 Rabat, entre le secr\u00e9tariat d\u2019\u00c9tat charg\u00e9 de l\u2019Artisanat et de l\u2019\u00c9conomie sociale et solidaire et l\u2019Agence nationale de lutte contre l\u2019analphab\u00e9tisme (ANLCA). Sign\u00e9e par le secr\u00e9taire &hellip;<\/p>\n","protected":false},"author":2,"featured_media":28406,"comment_status":"open","ping_status":"open","sticky":false,"template":"","format":"standard","meta":{"footnotes":""},"categories":[25],"tags":[],"class_list":["post-28405","post","type-post","status-publish","format-standard","has-post-thumbnail","hentry","category-economie"],"yoast_head":"<!-- This site is optimized with the Yoast SEO plugin v28.0 - https:\/\/yoast.com\/product\/yoast-seo-wordpress\/ -->\n<title>Programme d\u2019alphab\u00e9tisation fonctionnelle: Signature \u00e0 Rabat d\u2019une convention de partenariat pour la qualification des artisans - Dpress.ma\/fr<\/title>\n<meta name=\"robots\" content=\"index, follow, max-snippet:-1, max-image-preview:large, max-video-preview:-1\" \/>\n<link rel=\"canonical\" href=\"https:\/\/dpress.ma\/fr\/2026\/04\/14\/programme-dalphabetisation-fonctionnelle-signature-a-rabat-dune-convention-de-partenariat-pour-la-qualification-des-artisans\/\" \/>\n<meta property=\"og:locale\" content=\"fr_FR\" \/>\n<meta property=\"og:type\" content=\"article\" \/>\n<meta property=\"og:title\" content=\"Programme d\u2019alphab\u00e9tisation fonctionnelle: Signature \u00e0 Rabat d\u2019une convention de partenariat pour la qualification des artisans - Dpress.ma\/fr\" \/>\n<meta property=\"og:description\" content=\"Dpress Une convention de partenariat portant sur le programme d\u2019alphab\u00e9tisation fonctionnelle dans le domaine de l\u2019artisanat, plac\u00e9 sous le signe \u201cPour un artisan instruit\u201d, a \u00e9t\u00e9 conclue, lundi \u00e0 Rabat, entre le secr\u00e9tariat d\u2019\u00c9tat charg\u00e9 de l\u2019Artisanat et de l\u2019\u00c9conomie sociale et solidaire et l\u2019Agence nationale de lutte contre l\u2019analphab\u00e9tisme (ANLCA). Sign\u00e9e par le secr\u00e9taire &hellip;\" \/>\n<meta property=\"og:url\" content=\"https:\/\/dpress.ma\/fr\/2026\/04\/14\/programme-dalphabetisation-fonctionnelle-signature-a-rabat-dune-convention-de-partenariat-pour-la-qualification-des-artisans\/\" \/>\n<meta property=\"og:site_name\" content=\"Dpress.ma\/fr\" \/>\n<meta property=\"article:published_time\" content=\"2026-04-14T10:54:42+00:00\" \/>\n<meta property=\"article:modified_time\" content=\"2026-04-14T10:54:43+00:00\" \/>\n<meta property=\"og:image\" content=\"https:\/\/dpress.ma\/fr\/wp-content\/uploads\/sites\/2\/2026\/04\/21-5.jpg\" \/>\n\t<meta property=\"og:image:width\" content=\"2539\" \/>\n\t<meta property=\"og:image:height\" content=\"1594\" \/>\n\t<meta property=\"og:image:type\" content=\"image\/jpeg\" \/>\n<meta name=\"author\" content=\"Dpress.ma\" \/>\n<meta name=\"twitter:card\" content=\"summary_large_image\" \/>\n<meta name=\"twitter:label1\" content=\"\u00c9crit par\" \/>\n\t<meta name=\"twitter:data1\" content=\"Dpress.ma\" \/>\n\t<meta name=\"twitter:label2\" content=\"Dur\u00e9e de lecture estim\u00e9e\" \/>\n\t<meta name=\"twitter:data2\" content=\"4 minutes\" \/>\n<script type=\"application\/ld+json\" class=\"yoast-schema-graph\">{\"@context\":\"https:\\\/\\\/schema.org\",\"@graph\":[{\"@type\":\"Article\",\"@id\":\"https:\\\/\\\/dpress.ma\\\/fr\\\/2026\\\/04\\\/14\\\/programme-dalphabetisation-fonctionnelle-signature-a-rabat-dune-convention-de-partenariat-pour-la-qualification-des-artisans\\\/#article\",\"isPartOf\":{\"@id\":\"https:\\\/\\\/dpress.ma\\\/fr\\\/2026\\\/04\\\/14\\\/programme-dalphabetisation-fonctionnelle-signature-a-rabat-dune-convention-de-partenariat-pour-la-qualification-des-artisans\\\/\"},\"author\":{\"name\":\"Dpress.ma\",\"@id\":\"https:\\\/\\\/dpress.ma\\\/fr\\\/#\\\/schema\\\/person\\\/4898febf3ccd59e6578d838656a306a0\"},\"headline\":\"Programme d\u2019alphab\u00e9tisation fonctionnelle: Signature \u00e0 Rabat d\u2019une convention de partenariat pour la qualification des artisans\",\"datePublished\":\"2026-04-14T10:54:42+00:00\",\"dateModified\":\"2026-04-14T10:54:43+00:00\",\"mainEntityOfPage\":{\"@id\":\"https:\\\/\\\/dpress.ma\\\/fr\\\/2026\\\/04\\\/14\\\/programme-dalphabetisation-fonctionnelle-signature-a-rabat-dune-convention-de-partenariat-pour-la-qualification-des-artisans\\\/\"},\"wordCount\":711,\"commentCount\":0,\"image\":{\"@id\":\"https:\\\/\\\/dpress.ma\\\/fr\\\/2026\\\/04\\\/14\\\/programme-dalphabetisation-fonctionnelle-signature-a-rabat-dune-convention-de-partenariat-pour-la-qualification-des-artisans\\\/#primaryimage\"},\"thumbnailUrl\":\"https:\\\/\\\/dpress.ma\\\/fr\\\/wp-content\\\/uploads\\\/sites\\\/2\\\/2026\\\/04\\\/21-5.jpg\",\"articleSection\":[\"\u00c9conomie\"],\"inLanguage\":\"fr-FR\",\"potentialAction\":[{\"@type\":\"CommentAction\",\"name\":\"Comment\",\"target\":[\"https:\\\/\\\/dpress.ma\\\/fr\\\/2026\\\/04\\\/14\\\/programme-dalphabetisation-fonctionnelle-signature-a-rabat-dune-convention-de-partenariat-pour-la-qualification-des-artisans\\\/#respond\"]}]},{\"@type\":\"WebPage\",\"@id\":\"https:\\\/\\\/dpress.ma\\\/fr\\\/2026\\\/04\\\/14\\\/programme-dalphabetisation-fonctionnelle-signature-a-rabat-dune-convention-de-partenariat-pour-la-qualification-des-artisans\\\/\",\"url\":\"https:\\\/\\\/dpress.ma\\\/fr\\\/2026\\\/04\\\/14\\\/programme-dalphabetisation-fonctionnelle-signature-a-rabat-dune-convention-de-partenariat-pour-la-qualification-des-artisans\\\/\",\"name\":\"Programme d\u2019alphab\u00e9tisation fonctionnelle: Signature \u00e0 Rabat d\u2019une convention de partenariat pour la qualification des artisans - Dpress.ma\\\/fr\",\"isPartOf\":{\"@id\":\"https:\\\/\\\/dpress.ma\\\/fr\\\/#website\"},\"primaryImageOfPage\":{\"@id\":\"https:\\\/\\\/dpress.ma\\\/fr\\\/2026\\\/04\\\/14\\\/programme-dalphabetisation-fonctionnelle-signature-a-rabat-dune-convention-de-partenariat-pour-la-qualification-des-artisans\\\/#primaryimage\"},\"image\":{\"@id\":\"https:\\\/\\\/dpress.ma\\\/fr\\\/2026\\\/04\\\/14\\\/programme-dalphabetisation-fonctionnelle-signature-a-rabat-dune-convention-de-partenariat-pour-la-qualification-des-artisans\\\/#primaryimage\"},\"thumbnailUrl\":\"https:\\\/\\\/dpress.ma\\\/fr\\\/wp-content\\\/uploads\\\/sites\\\/2\\\/2026\\\/04\\\/21-5.jpg\",\"datePublished\":\"2026-04-14T10:54:42+00:00\",\"dateModified\":\"2026-04-14T10:54:43+00:00\",\"author\":{\"@id\":\"https:\\\/\\\/dpress.ma\\\/fr\\\/#\\\/schema\\\/person\\\/4898febf3ccd59e6578d838656a306a0\"},\"breadcrumb\":{\"@id\":\"https:\\\/\\\/dpress.ma\\\/fr\\\/2026\\\/04\\\/14\\\/programme-dalphabetisation-fonctionnelle-signature-a-rabat-dune-convention-de-partenariat-pour-la-qualification-des-artisans\\\/#breadcrumb\"},\"inLanguage\":\"fr-FR\",\"potentialAction\":[{\"@type\":\"ReadAction\",\"target\":[\"https:\\\/\\\/dpress.ma\\\/fr\\\/2026\\\/04\\\/14\\\/programme-dalphabetisation-fonctionnelle-signature-a-rabat-dune-convention-de-partenariat-pour-la-qualification-des-artisans\\\/\"]}]},{\"@type\":\"ImageObject\",\"inLanguage\":\"fr-FR\",\"@id\":\"https:\\\/\\\/dpress.ma\\\/fr\\\/2026\\\/04\\\/14\\\/programme-dalphabetisation-fonctionnelle-signature-a-rabat-dune-convention-de-partenariat-pour-la-qualification-des-artisans\\\/#primaryimage\",\"url\":\"https:\\\/\\\/dpress.ma\\\/fr\\\/wp-content\\\/uploads\\\/sites\\\/2\\\/2026\\\/04\\\/21-5.jpg\",\"contentUrl\":\"https:\\\/\\\/dpress.ma\\\/fr\\\/wp-content\\\/uploads\\\/sites\\\/2\\\/2026\\\/04\\\/21-5.jpg\",\"width\":2539,\"height\":1594},{\"@type\":\"BreadcrumbList\",\"@id\":\"https:\\\/\\\/dpress.ma\\\/fr\\\/2026\\\/04\\\/14\\\/programme-dalphabetisation-fonctionnelle-signature-a-rabat-dune-convention-de-partenariat-pour-la-qualification-des-artisans\\\/#breadcrumb\",\"itemListElement\":[{\"@type\":\"ListItem\",\"position\":1,\"name\":\"Home\",\"item\":\"https:\\\/\\\/dpress.ma\\\/fr\\\/\"},{\"@type\":\"ListItem\",\"position\":2,\"name\":\"Programme d\u2019alphab\u00e9tisation fonctionnelle: Signature \u00e0 Rabat d\u2019une convention de partenariat pour la qualification des artisans\"}]},{\"@type\":\"WebSite\",\"@id\":\"https:\\\/\\\/dpress.ma\\\/fr\\\/#website\",\"url\":\"https:\\\/\\\/dpress.ma\\\/fr\\\/\",\"name\":\"Dpress.ma\\\/fr\",\"description\":\"\",\"potentialAction\":[{\"@type\":\"SearchAction\",\"target\":{\"@type\":\"EntryPoint\",\"urlTemplate\":\"https:\\\/\\\/dpress.ma\\\/fr\\\/?s={search_term_string}\"},\"query-input\":{\"@type\":\"PropertyValueSpecification\",\"valueRequired\":true,\"valueName\":\"search_term_string\"}}],\"inLanguage\":\"fr-FR\"},{\"@type\":\"Person\",\"@id\":\"https:\\\/\\\/dpress.ma\\\/fr\\\/#\\\/schema\\\/person\\\/4898febf3ccd59e6578d838656a306a0\",\"name\":\"Dpress.ma\",\"image\":{\"@type\":\"ImageObject\",\"inLanguage\":\"fr-FR\",\"@id\":\"https:\\\/\\\/secure.gravatar.com\\\/avatar\\\/72ecc30e9db047a2e0e7176561eb9d564ed77c8108376495b19bd8336405198a?s=96&d=mm&r=g\",\"url\":\"https:\\\/\\\/secure.gravatar.com\\\/avatar\\\/72ecc30e9db047a2e0e7176561eb9d564ed77c8108376495b19bd8336405198a?s=96&d=mm&r=g\",\"contentUrl\":\"https:\\\/\\\/secure.gravatar.com\\\/avatar\\\/72ecc30e9db047a2e0e7176561eb9d564ed77c8108376495b19bd8336405198a?s=96&d=mm&r=g\",\"caption\":\"Dpress.ma\"},\"sameAs\":[\"https:\\\/\\\/www.dpress.ma\"],\"url\":\"https:\\\/\\\/dpress.ma\\\/fr\\\/author\\\/dpress-ma\\\/\"}]}<\/script>\n<!-- \/ Yoast SEO plugin. -->","yoast_head_json":{"title":"Programme d\u2019alphab\u00e9tisation fonctionnelle: Signature \u00e0 Rabat d\u2019une convention de partenariat pour la qualification des artisans - Dpress.ma\/fr","robots":{"index":"index","follow":"follow","max-snippet":"max-snippet:-1","max-image-preview":"max-image-preview:large","max-video-preview":"max-video-preview:-1"},"canonical":"https:\/\/dpress.ma\/fr\/2026\/04\/14\/programme-dalphabetisation-fonctionnelle-signature-a-rabat-dune-convention-de-partenariat-pour-la-qualification-des-artisans\/","og_locale":"fr_FR","og_type":"article","og_title":"Programme d\u2019alphab\u00e9tisation fonctionnelle: Signature \u00e0 Rabat d\u2019une convention de partenariat pour la qualification des artisans - Dpress.ma\/fr","og_description":"Dpress Une convention de partenariat portant sur le programme d\u2019alphab\u00e9tisation fonctionnelle dans le domaine de l\u2019artisanat, plac\u00e9 sous le signe \u201cPour un artisan instruit\u201d, a \u00e9t\u00e9 conclue, lundi \u00e0 Rabat, entre le secr\u00e9tariat d\u2019\u00c9tat charg\u00e9 de l\u2019Artisanat et de l\u2019\u00c9conomie sociale et solidaire et l\u2019Agence nationale de lutte contre l\u2019analphab\u00e9tisme (ANLCA). Sign\u00e9e par le secr\u00e9taire &hellip;","og_url":"https:\/\/dpress.ma\/fr\/2026\/04\/14\/programme-dalphabetisation-fonctionnelle-signature-a-rabat-dune-convention-de-partenariat-pour-la-qualification-des-artisans\/","og_site_name":"Dpress.ma\/fr","article_published_time":"2026-04-14T10:54:42+00:00","article_modified_time":"2026-04-14T10:54:43+00:00","og_image":[{"width":2539,"height":1594,"url":"https:\/\/dpress.ma\/fr\/wp-content\/uploads\/sites\/2\/2026\/04\/21-5.jpg","type":"image\/jpeg"}],"author":"Dpress.ma","twitter_card":"summary_large_image","twitter_misc":{"\u00c9crit par":"Dpress.ma","Dur\u00e9e de lecture estim\u00e9e":"4 minutes"},"schema":{"@context":"https:\/\/schema.org","@graph":[{"@type":"Article","@id":"https:\/\/dpress.ma\/fr\/2026\/04\/14\/programme-dalphabetisation-fonctionnelle-signature-a-rabat-dune-convention-de-partenariat-pour-la-qualification-des-artisans\/#article","isPartOf":{"@id":"https:\/\/dpress.ma\/fr\/2026\/04\/14\/programme-dalphabetisation-fonctionnelle-signature-a-rabat-dune-convention-de-partenariat-pour-la-qualification-des-artisans\/"},"author":{"name":"Dpress.ma","@id":"https:\/\/dpress.ma\/fr\/#\/schema\/person\/4898febf3ccd59e6578d838656a306a0"},"headline":"Programme d\u2019alphab\u00e9tisation fonctionnelle: Signature \u00e0 Rabat d\u2019une convention de partenariat pour la qualification des artisans","datePublished":"2026-04-14T10:54:42+00:00","dateModified":"2026-04-14T10:54:43+00:00","mainEntityOfPage":{"@id":"https:\/\/dpress.ma\/fr\/2026\/04\/14\/programme-dalphabetisation-fonctionnelle-signature-a-rabat-dune-convention-de-partenariat-pour-la-qualification-des-artisans\/"},"wordCount":711,"commentCount":0,"image":{"@id":"https:\/\/dpress.ma\/fr\/2026\/04\/14\/programme-dalphabetisation-fonctionnelle-signature-a-rabat-dune-convention-de-partenariat-pour-la-qualification-des-artisans\/#primaryimage"},"thumbnailUrl":"https:\/\/dpress.ma\/fr\/wp-content\/uploads\/sites\/2\/2026\/04\/21-5.jpg","articleSection":["\u00c9conomie"],"inLanguage":"fr-FR","potentialAction":[{"@type":"CommentAction","name":"Comment","target":["https:\/\/dpress.ma\/fr\/2026\/04\/14\/programme-dalphabetisation-fonctionnelle-signature-a-rabat-dune-convention-de-partenariat-pour-la-qualification-des-artisans\/#respond"]}]},{"@type":"WebPage","@id":"https:\/\/dpress.ma\/fr\/2026\/04\/14\/programme-dalphabetisation-fonctionnelle-signature-a-rabat-dune-convention-de-partenariat-pour-la-qualification-des-artisans\/","url":"https:\/\/dpress.ma\/fr\/2026\/04\/14\/programme-dalphabetisation-fonctionnelle-signature-a-rabat-dune-convention-de-partenariat-pour-la-qualification-des-artisans\/","name":"Programme d\u2019alphab\u00e9tisation fonctionnelle: Signature \u00e0 Rabat d\u2019une convention de partenariat pour la qualification des artisans - Dpress.ma\/fr","isPartOf":{"@id":"https:\/\/dpress.ma\/fr\/#website"},"primaryImageOfPage":{"@id":"https:\/\/dpress.ma\/fr\/2026\/04\/14\/programme-dalphabetisation-fonctionnelle-signature-a-rabat-dune-convention-de-partenariat-pour-la-qualification-des-artisans\/#primaryimage"},"image":{"@id":"https:\/\/dpress.ma\/fr\/2026\/04\/14\/programme-dalphabetisation-fonctionnelle-signature-a-rabat-dune-convention-de-partenariat-pour-la-qualification-des-artisans\/#primaryimage"},"thumbnailUrl":"https:\/\/dpress.ma\/fr\/wp-content\/uploads\/sites\/2\/2026\/04\/21-5.jpg","datePublished":"2026-04-14T10:54:42+00:00","dateModified":"2026-04-14T10:54:43+00:00","author":{"@id":"https:\/\/dpress.ma\/fr\/#\/schema\/person\/4898febf3ccd59e6578d838656a306a0"},"breadcrumb":{"@id":"https:\/\/dpress.ma\/fr\/2026\/04\/14\/programme-dalphabetisation-fonctionnelle-signature-a-rabat-dune-convention-de-partenariat-pour-la-qualification-des-artisans\/#breadcrumb"},"inLanguage":"fr-FR","potentialAction":[{"@type":"ReadAction","target":["https:\/\/dpress.ma\/fr\/2026\/04\/14\/programme-dalphabetisation-fonctionnelle-signature-a-rabat-dune-convention-de-partenariat-pour-la-qualification-des-artisans\/"]}]},{"@type":"ImageObject","inLanguage":"fr-FR","@id":"https:\/\/dpress.ma\/fr\/2026\/04\/14\/programme-dalphabetisation-fonctionnelle-signature-a-rabat-dune-convention-de-partenariat-pour-la-qualification-des-artisans\/#primaryimage","url":"https:\/\/dpress.ma\/fr\/wp-content\/uploads\/sites\/2\/2026\/04\/21-5.jpg","contentUrl":"https:\/\/dpress.ma\/fr\/wp-content\/uploads\/sites\/2\/2026\/04\/21-5.jpg","width":2539,"height":1594},{"@type":"BreadcrumbList","@id":"https:\/\/dpress.ma\/fr\/2026\/04\/14\/programme-dalphabetisation-fonctionnelle-signature-a-rabat-dune-convention-de-partenariat-pour-la-qualification-des-artisans\/#breadcrumb","itemListElement":[{"@type":"ListItem","position":1,"name":"Home","item":"https:\/\/dpress.ma\/fr\/"},{"@type":"ListItem","position":2,"name":"Programme d\u2019alphab\u00e9tisation fonctionnelle: Signature \u00e0 Rabat d\u2019une convention de partenariat pour la qualification des artisans"}]},{"@type":"WebSite","@id":"https:\/\/dpress.ma\/fr\/#website","url":"https:\/\/dpress.ma\/fr\/","name":"Dpress.ma\/fr","description":"","potentialAction":[{"@type":"SearchAction","target":{"@type":"EntryPoint","urlTemplate":"https:\/\/dpress.ma\/fr\/?s={search_term_string}"},"query-input":{"@type":"PropertyValueSpecification","valueRequired":true,"valueName":"search_term_string"}}],"inLanguage":"fr-FR"},{"@type":"Person","@id":"https:\/\/dpress.ma\/fr\/#\/schema\/person\/4898febf3ccd59e6578d838656a306a0","name":"Dpress.ma","image":{"@type":"ImageObject","inLanguage":"fr-FR","@id":"https:\/\/secure.gravatar.com\/avatar\/72ecc30e9db047a2e0e7176561eb9d564ed77c8108376495b19bd8336405198a?s=96&d=mm&r=g","url":"https:\/\/secure.gravatar.com\/avatar\/72ecc30e9db047a2e0e7176561eb9d564ed77c8108376495b19bd8336405198a?s=96&d=mm&r=g","contentUrl":"https:\/\/secure.gravatar.com\/avatar\/72ecc30e9db047a2e0e7176561eb9d564ed77c8108376495b19bd8336405198a?s=96&d=mm&r=g","caption":"Dpress.ma"},"sameAs":["https:\/\/www.dpress.ma"],"url":"https:\/\/dpress.ma\/fr\/author\/dpress-ma\/"}]}},"amp_enabled":true,"_links":{"self":[{"href":"https:\/\/dpress.ma\/fr\/wp-json\/wp\/v2\/posts\/28405","targetHints":{"allow":["GET"]}}],"collection":[{"href":"https:\/\/dpress.ma\/fr\/wp-json\/wp\/v2\/posts"}],"about":[{"href":"https:\/\/dpress.ma\/fr\/wp-json\/wp\/v2\/types\/post"}],"author":[{"embeddable":true,"href":"https:\/\/dpress.ma\/fr\/wp-json\/wp\/v2\/users\/2"}],"replies":[{"embeddable":true,"href":"https:\/\/dpress.ma\/fr\/wp-json\/wp\/v2\/comments?post=28405"}],"version-history":[{"count":1,"href":"https:\/\/dpress.ma\/fr\/wp-json\/wp\/v2\/posts\/28405\/revisions"}],"predecessor-version":[{"id":28407,"href":"https:\/\/dpress.ma\/fr\/wp-json\/wp\/v2\/posts\/28405\/revisions\/28407"}],"wp:featuredmedia":[{"embeddable":true,"href":"https:\/\/dpress.ma\/fr\/wp-json\/wp\/v2\/media\/28406"}],"wp:attachment":[{"href":"https:\/\/dpress.ma\/fr\/wp-json\/wp\/v2\/media?parent=28405"}],"wp:term":[{"taxonomy":"category","embeddable":true,"href":"https:\/\/dpress.ma\/fr\/wp-json\/wp\/v2\/categories?post=28405"},{"taxonomy":"post_tag","embeddable":true,"href":"https:\/\/dpress.ma\/fr\/wp-json\/wp\/v2\/tags?post=28405"}],"curies":[{"name":"wp","href":"https:\/\/api.w.org\/{rel}","templated":true}]}}