{"id":28399,"date":"2026-04-14T10:51:47","date_gmt":"2026-04-14T10:51:47","guid":{"rendered":"https:\/\/dpress.ma\/fr\/?p=28399"},"modified":"2026-04-14T10:51:50","modified_gmt":"2026-04-14T10:51:50","slug":"sm-le-roi-felicite-m-nizar-amidi-suite-a-son-election-president-de-la-republique-dirak","status":"publish","type":"post","link":"https:\/\/dpress.ma\/fr\/2026\/04\/14\/sm-le-roi-felicite-m-nizar-amidi-suite-a-son-election-president-de-la-republique-dirak\/","title":{"rendered":"SM le Roi f\u00e9licite M. Nizar Amidi suite \u00e0 son \u00e9lection Pr\u00e9sident de la R\u00e9publique d\u2019Irak"},"content":{"rendered":"\n<p class=\"wp-block-paragraph\">Dpress<\/p>\n\n\n\n<p class=\"wp-block-paragraph\">Sa Majest\u00e9 le Roi Mohammed VI a adress\u00e9 un message de f\u00e9licitations \u00e0 M. Nizar Amidi suite \u00e0 son \u00e9lection Pr\u00e9sident de la R\u00e9publique d\u2019Irak.<\/p>\n\n\n\n<p class=\"wp-block-paragraph\">Dans ce message, Sa Majest\u00e9 le Roi exprime \u00e0 M. Amidi Ses chaleureuses f\u00e9licitations et Ses sinc\u00e8res v\u0153ux de plein succ\u00e8s dans l\u2019accomplissement de ses hautes fonctions afin de r\u00e9aliser les aspirations du peuple irakien fr\u00e8re \u00e0 davantage de progr\u00e8s et de prosp\u00e9rit\u00e9 dans la s\u00e9curit\u00e9 et la stabilit\u00e9.<\/p>\n\n\n\n<p class=\"wp-block-paragraph\">Par la m\u00eame occasion, le Souverain fait part de Sa fiert\u00e9 des liens solides de fraternit\u00e9 et d\u2019estime mutuelle unissant les deux pays, r\u00e9affirmant Sa ferme d\u00e9termination \u00e0 \u0153uvrer de concert avec le Pr\u00e9sident irakien pour le d\u00e9veloppement des relations de coop\u00e9ration \u00e9troite et de solidarit\u00e9 agissante entre les deux pays fr\u00e8res.<\/p>\n","protected":false},"excerpt":{"rendered":"<p>Dpress Sa Majest\u00e9 le Roi Mohammed VI a adress\u00e9 un message de f\u00e9licitations \u00e0 M. Nizar Amidi suite \u00e0 son \u00e9lection Pr\u00e9sident de la R\u00e9publique d\u2019Irak. Dans ce message, Sa Majest\u00e9 le Roi exprime \u00e0 M. Amidi Ses chaleureuses f\u00e9licitations et Ses sinc\u00e8res v\u0153ux de plein succ\u00e8s dans l\u2019accomplissement de ses hautes fonctions afin de &hellip;<\/p>\n","protected":false},"author":2,"featured_media":28400,"comment_status":"open","ping_status":"open","sticky":false,"template":"","format":"standard","meta":{"footnotes":""},"categories":[29],"tags":[],"class_list":["post-28399","post","type-post","status-publish","format-standard","has-post-thumbnail","hentry","category-activites-royales"],"yoast_head":"<!-- This site is optimized with the Yoast SEO plugin v28.0 - https:\/\/yoast.com\/product\/yoast-seo-wordpress\/ -->\n<title>SM le Roi f\u00e9licite M. Nizar Amidi suite \u00e0 son \u00e9lection Pr\u00e9sident de la R\u00e9publique d\u2019Irak - Dpress.ma\/fr<\/title>\n<meta name=\"robots\" content=\"index, follow, max-snippet:-1, max-image-preview:large, max-video-preview:-1\" \/>\n<link rel=\"canonical\" href=\"https:\/\/dpress.ma\/fr\/2026\/04\/14\/sm-le-roi-felicite-m-nizar-amidi-suite-a-son-election-president-de-la-republique-dirak\/\" \/>\n<meta property=\"og:locale\" content=\"fr_FR\" \/>\n<meta property=\"og:type\" content=\"article\" \/>\n<meta property=\"og:title\" content=\"SM le Roi f\u00e9licite M. Nizar Amidi suite \u00e0 son \u00e9lection Pr\u00e9sident de la R\u00e9publique d\u2019Irak - Dpress.ma\/fr\" \/>\n<meta property=\"og:description\" content=\"Dpress Sa Majest\u00e9 le Roi Mohammed VI a adress\u00e9 un message de f\u00e9licitations \u00e0 M. Nizar Amidi suite \u00e0 son \u00e9lection Pr\u00e9sident de la R\u00e9publique d\u2019Irak. Dans ce message, Sa Majest\u00e9 le Roi exprime \u00e0 M. Amidi Ses chaleureuses f\u00e9licitations et Ses sinc\u00e8res v\u0153ux de plein succ\u00e8s dans l\u2019accomplissement de ses hautes fonctions afin de &hellip;\" \/>\n<meta property=\"og:url\" content=\"https:\/\/dpress.ma\/fr\/2026\/04\/14\/sm-le-roi-felicite-m-nizar-amidi-suite-a-son-election-president-de-la-republique-dirak\/\" \/>\n<meta property=\"og:site_name\" content=\"Dpress.ma\/fr\" \/>\n<meta property=\"article:published_time\" content=\"2026-04-14T10:51:47+00:00\" \/>\n<meta property=\"article:modified_time\" content=\"2026-04-14T10:51:50+00:00\" \/>\n<meta property=\"og:image\" content=\"https:\/\/dpress.ma\/fr\/wp-content\/uploads\/sites\/2\/2026\/04\/192.jpg\" \/>\n\t<meta property=\"og:image:width\" content=\"2539\" \/>\n\t<meta property=\"og:image:height\" content=\"1594\" \/>\n\t<meta property=\"og:image:type\" content=\"image\/jpeg\" \/>\n<meta name=\"author\" content=\"Dpress.ma\" \/>\n<meta name=\"twitter:card\" content=\"summary_large_image\" \/>\n<meta name=\"twitter:label1\" content=\"\u00c9crit par\" \/>\n\t<meta name=\"twitter:data1\" content=\"Dpress.ma\" \/>\n\t<meta name=\"twitter:label2\" content=\"Dur\u00e9e de lecture estim\u00e9e\" \/>\n\t<meta name=\"twitter:data2\" content=\"1 minute\" \/>\n<script type=\"application\/ld+json\" class=\"yoast-schema-graph\">{\"@context\":\"https:\\\/\\\/schema.org\",\"@graph\":[{\"@type\":\"Article\",\"@id\":\"https:\\\/\\\/dpress.ma\\\/fr\\\/2026\\\/04\\\/14\\\/sm-le-roi-felicite-m-nizar-amidi-suite-a-son-election-president-de-la-republique-dirak\\\/#article\",\"isPartOf\":{\"@id\":\"https:\\\/\\\/dpress.ma\\\/fr\\\/2026\\\/04\\\/14\\\/sm-le-roi-felicite-m-nizar-amidi-suite-a-son-election-president-de-la-republique-dirak\\\/\"},\"author\":{\"name\":\"Dpress.ma\",\"@id\":\"https:\\\/\\\/dpress.ma\\\/fr\\\/#\\\/schema\\\/person\\\/4898febf3ccd59e6578d838656a306a0\"},\"headline\":\"SM le Roi f\u00e9licite M. Nizar Amidi suite \u00e0 son \u00e9lection Pr\u00e9sident de la R\u00e9publique d\u2019Irak\",\"datePublished\":\"2026-04-14T10:51:47+00:00\",\"dateModified\":\"2026-04-14T10:51:50+00:00\",\"mainEntityOfPage\":{\"@id\":\"https:\\\/\\\/dpress.ma\\\/fr\\\/2026\\\/04\\\/14\\\/sm-le-roi-felicite-m-nizar-amidi-suite-a-son-election-president-de-la-republique-dirak\\\/\"},\"wordCount\":163,\"commentCount\":0,\"image\":{\"@id\":\"https:\\\/\\\/dpress.ma\\\/fr\\\/2026\\\/04\\\/14\\\/sm-le-roi-felicite-m-nizar-amidi-suite-a-son-election-president-de-la-republique-dirak\\\/#primaryimage\"},\"thumbnailUrl\":\"https:\\\/\\\/dpress.ma\\\/fr\\\/wp-content\\\/uploads\\\/sites\\\/2\\\/2026\\\/04\\\/192.jpg\",\"articleSection\":[\"Activit\u00e9s Royales\"],\"inLanguage\":\"fr-FR\",\"potentialAction\":[{\"@type\":\"CommentAction\",\"name\":\"Comment\",\"target\":[\"https:\\\/\\\/dpress.ma\\\/fr\\\/2026\\\/04\\\/14\\\/sm-le-roi-felicite-m-nizar-amidi-suite-a-son-election-president-de-la-republique-dirak\\\/#respond\"]}]},{\"@type\":\"WebPage\",\"@id\":\"https:\\\/\\\/dpress.ma\\\/fr\\\/2026\\\/04\\\/14\\\/sm-le-roi-felicite-m-nizar-amidi-suite-a-son-election-president-de-la-republique-dirak\\\/\",\"url\":\"https:\\\/\\\/dpress.ma\\\/fr\\\/2026\\\/04\\\/14\\\/sm-le-roi-felicite-m-nizar-amidi-suite-a-son-election-president-de-la-republique-dirak\\\/\",\"name\":\"SM le Roi f\u00e9licite M. Nizar Amidi suite \u00e0 son \u00e9lection Pr\u00e9sident de la R\u00e9publique d\u2019Irak - Dpress.ma\\\/fr\",\"isPartOf\":{\"@id\":\"https:\\\/\\\/dpress.ma\\\/fr\\\/#website\"},\"primaryImageOfPage\":{\"@id\":\"https:\\\/\\\/dpress.ma\\\/fr\\\/2026\\\/04\\\/14\\\/sm-le-roi-felicite-m-nizar-amidi-suite-a-son-election-president-de-la-republique-dirak\\\/#primaryimage\"},\"image\":{\"@id\":\"https:\\\/\\\/dpress.ma\\\/fr\\\/2026\\\/04\\\/14\\\/sm-le-roi-felicite-m-nizar-amidi-suite-a-son-election-president-de-la-republique-dirak\\\/#primaryimage\"},\"thumbnailUrl\":\"https:\\\/\\\/dpress.ma\\\/fr\\\/wp-content\\\/uploads\\\/sites\\\/2\\\/2026\\\/04\\\/192.jpg\",\"datePublished\":\"2026-04-14T10:51:47+00:00\",\"dateModified\":\"2026-04-14T10:51:50+00:00\",\"author\":{\"@id\":\"https:\\\/\\\/dpress.ma\\\/fr\\\/#\\\/schema\\\/person\\\/4898febf3ccd59e6578d838656a306a0\"},\"breadcrumb\":{\"@id\":\"https:\\\/\\\/dpress.ma\\\/fr\\\/2026\\\/04\\\/14\\\/sm-le-roi-felicite-m-nizar-amidi-suite-a-son-election-president-de-la-republique-dirak\\\/#breadcrumb\"},\"inLanguage\":\"fr-FR\",\"potentialAction\":[{\"@type\":\"ReadAction\",\"target\":[\"https:\\\/\\\/dpress.ma\\\/fr\\\/2026\\\/04\\\/14\\\/sm-le-roi-felicite-m-nizar-amidi-suite-a-son-election-president-de-la-republique-dirak\\\/\"]}]},{\"@type\":\"ImageObject\",\"inLanguage\":\"fr-FR\",\"@id\":\"https:\\\/\\\/dpress.ma\\\/fr\\\/2026\\\/04\\\/14\\\/sm-le-roi-felicite-m-nizar-amidi-suite-a-son-election-president-de-la-republique-dirak\\\/#primaryimage\",\"url\":\"https:\\\/\\\/dpress.ma\\\/fr\\\/wp-content\\\/uploads\\\/sites\\\/2\\\/2026\\\/04\\\/192.jpg\",\"contentUrl\":\"https:\\\/\\\/dpress.ma\\\/fr\\\/wp-content\\\/uploads\\\/sites\\\/2\\\/2026\\\/04\\\/192.jpg\",\"width\":2539,\"height\":1594},{\"@type\":\"BreadcrumbList\",\"@id\":\"https:\\\/\\\/dpress.ma\\\/fr\\\/2026\\\/04\\\/14\\\/sm-le-roi-felicite-m-nizar-amidi-suite-a-son-election-president-de-la-republique-dirak\\\/#breadcrumb\",\"itemListElement\":[{\"@type\":\"ListItem\",\"position\":1,\"name\":\"Home\",\"item\":\"https:\\\/\\\/dpress.ma\\\/fr\\\/\"},{\"@type\":\"ListItem\",\"position\":2,\"name\":\"SM le Roi f\u00e9licite M. Nizar Amidi suite \u00e0 son \u00e9lection Pr\u00e9sident de la R\u00e9publique d\u2019Irak\"}]},{\"@type\":\"WebSite\",\"@id\":\"https:\\\/\\\/dpress.ma\\\/fr\\\/#website\",\"url\":\"https:\\\/\\\/dpress.ma\\\/fr\\\/\",\"name\":\"Dpress.ma\\\/fr\",\"description\":\"\",\"potentialAction\":[{\"@type\":\"SearchAction\",\"target\":{\"@type\":\"EntryPoint\",\"urlTemplate\":\"https:\\\/\\\/dpress.ma\\\/fr\\\/?s={search_term_string}\"},\"query-input\":{\"@type\":\"PropertyValueSpecification\",\"valueRequired\":true,\"valueName\":\"search_term_string\"}}],\"inLanguage\":\"fr-FR\"},{\"@type\":\"Person\",\"@id\":\"https:\\\/\\\/dpress.ma\\\/fr\\\/#\\\/schema\\\/person\\\/4898febf3ccd59e6578d838656a306a0\",\"name\":\"Dpress.ma\",\"image\":{\"@type\":\"ImageObject\",\"inLanguage\":\"fr-FR\",\"@id\":\"https:\\\/\\\/secure.gravatar.com\\\/avatar\\\/72ecc30e9db047a2e0e7176561eb9d564ed77c8108376495b19bd8336405198a?s=96&d=mm&r=g\",\"url\":\"https:\\\/\\\/secure.gravatar.com\\\/avatar\\\/72ecc30e9db047a2e0e7176561eb9d564ed77c8108376495b19bd8336405198a?s=96&d=mm&r=g\",\"contentUrl\":\"https:\\\/\\\/secure.gravatar.com\\\/avatar\\\/72ecc30e9db047a2e0e7176561eb9d564ed77c8108376495b19bd8336405198a?s=96&d=mm&r=g\",\"caption\":\"Dpress.ma\"},\"sameAs\":[\"https:\\\/\\\/www.dpress.ma\"],\"url\":\"https:\\\/\\\/dpress.ma\\\/fr\\\/author\\\/dpress-ma\\\/\"}]}<\/script>\n<!-- \/ Yoast SEO plugin. -->","yoast_head_json":{"title":"SM le Roi f\u00e9licite M. Nizar Amidi suite \u00e0 son \u00e9lection Pr\u00e9sident de la R\u00e9publique d\u2019Irak - Dpress.ma\/fr","robots":{"index":"index","follow":"follow","max-snippet":"max-snippet:-1","max-image-preview":"max-image-preview:large","max-video-preview":"max-video-preview:-1"},"canonical":"https:\/\/dpress.ma\/fr\/2026\/04\/14\/sm-le-roi-felicite-m-nizar-amidi-suite-a-son-election-president-de-la-republique-dirak\/","og_locale":"fr_FR","og_type":"article","og_title":"SM le Roi f\u00e9licite M. Nizar Amidi suite \u00e0 son \u00e9lection Pr\u00e9sident de la R\u00e9publique d\u2019Irak - Dpress.ma\/fr","og_description":"Dpress Sa Majest\u00e9 le Roi Mohammed VI a adress\u00e9 un message de f\u00e9licitations \u00e0 M. Nizar Amidi suite \u00e0 son \u00e9lection Pr\u00e9sident de la R\u00e9publique d\u2019Irak. Dans ce message, Sa Majest\u00e9 le Roi exprime \u00e0 M. Amidi Ses chaleureuses f\u00e9licitations et Ses sinc\u00e8res v\u0153ux de plein succ\u00e8s dans l\u2019accomplissement de ses hautes fonctions afin de &hellip;","og_url":"https:\/\/dpress.ma\/fr\/2026\/04\/14\/sm-le-roi-felicite-m-nizar-amidi-suite-a-son-election-president-de-la-republique-dirak\/","og_site_name":"Dpress.ma\/fr","article_published_time":"2026-04-14T10:51:47+00:00","article_modified_time":"2026-04-14T10:51:50+00:00","og_image":[{"width":2539,"height":1594,"url":"https:\/\/dpress.ma\/fr\/wp-content\/uploads\/sites\/2\/2026\/04\/192.jpg","type":"image\/jpeg"}],"author":"Dpress.ma","twitter_card":"summary_large_image","twitter_misc":{"\u00c9crit par":"Dpress.ma","Dur\u00e9e de lecture estim\u00e9e":"1 minute"},"schema":{"@context":"https:\/\/schema.org","@graph":[{"@type":"Article","@id":"https:\/\/dpress.ma\/fr\/2026\/04\/14\/sm-le-roi-felicite-m-nizar-amidi-suite-a-son-election-president-de-la-republique-dirak\/#article","isPartOf":{"@id":"https:\/\/dpress.ma\/fr\/2026\/04\/14\/sm-le-roi-felicite-m-nizar-amidi-suite-a-son-election-president-de-la-republique-dirak\/"},"author":{"name":"Dpress.ma","@id":"https:\/\/dpress.ma\/fr\/#\/schema\/person\/4898febf3ccd59e6578d838656a306a0"},"headline":"SM le Roi f\u00e9licite M. Nizar Amidi suite \u00e0 son \u00e9lection Pr\u00e9sident de la R\u00e9publique d\u2019Irak","datePublished":"2026-04-14T10:51:47+00:00","dateModified":"2026-04-14T10:51:50+00:00","mainEntityOfPage":{"@id":"https:\/\/dpress.ma\/fr\/2026\/04\/14\/sm-le-roi-felicite-m-nizar-amidi-suite-a-son-election-president-de-la-republique-dirak\/"},"wordCount":163,"commentCount":0,"image":{"@id":"https:\/\/dpress.ma\/fr\/2026\/04\/14\/sm-le-roi-felicite-m-nizar-amidi-suite-a-son-election-president-de-la-republique-dirak\/#primaryimage"},"thumbnailUrl":"https:\/\/dpress.ma\/fr\/wp-content\/uploads\/sites\/2\/2026\/04\/192.jpg","articleSection":["Activit\u00e9s Royales"],"inLanguage":"fr-FR","potentialAction":[{"@type":"CommentAction","name":"Comment","target":["https:\/\/dpress.ma\/fr\/2026\/04\/14\/sm-le-roi-felicite-m-nizar-amidi-suite-a-son-election-president-de-la-republique-dirak\/#respond"]}]},{"@type":"WebPage","@id":"https:\/\/dpress.ma\/fr\/2026\/04\/14\/sm-le-roi-felicite-m-nizar-amidi-suite-a-son-election-president-de-la-republique-dirak\/","url":"https:\/\/dpress.ma\/fr\/2026\/04\/14\/sm-le-roi-felicite-m-nizar-amidi-suite-a-son-election-president-de-la-republique-dirak\/","name":"SM le Roi f\u00e9licite M. Nizar Amidi suite \u00e0 son \u00e9lection Pr\u00e9sident de la R\u00e9publique d\u2019Irak - Dpress.ma\/fr","isPartOf":{"@id":"https:\/\/dpress.ma\/fr\/#website"},"primaryImageOfPage":{"@id":"https:\/\/dpress.ma\/fr\/2026\/04\/14\/sm-le-roi-felicite-m-nizar-amidi-suite-a-son-election-president-de-la-republique-dirak\/#primaryimage"},"image":{"@id":"https:\/\/dpress.ma\/fr\/2026\/04\/14\/sm-le-roi-felicite-m-nizar-amidi-suite-a-son-election-president-de-la-republique-dirak\/#primaryimage"},"thumbnailUrl":"https:\/\/dpress.ma\/fr\/wp-content\/uploads\/sites\/2\/2026\/04\/192.jpg","datePublished":"2026-04-14T10:51:47+00:00","dateModified":"2026-04-14T10:51:50+00:00","author":{"@id":"https:\/\/dpress.ma\/fr\/#\/schema\/person\/4898febf3ccd59e6578d838656a306a0"},"breadcrumb":{"@id":"https:\/\/dpress.ma\/fr\/2026\/04\/14\/sm-le-roi-felicite-m-nizar-amidi-suite-a-son-election-president-de-la-republique-dirak\/#breadcrumb"},"inLanguage":"fr-FR","potentialAction":[{"@type":"ReadAction","target":["https:\/\/dpress.ma\/fr\/2026\/04\/14\/sm-le-roi-felicite-m-nizar-amidi-suite-a-son-election-president-de-la-republique-dirak\/"]}]},{"@type":"ImageObject","inLanguage":"fr-FR","@id":"https:\/\/dpress.ma\/fr\/2026\/04\/14\/sm-le-roi-felicite-m-nizar-amidi-suite-a-son-election-president-de-la-republique-dirak\/#primaryimage","url":"https:\/\/dpress.ma\/fr\/wp-content\/uploads\/sites\/2\/2026\/04\/192.jpg","contentUrl":"https:\/\/dpress.ma\/fr\/wp-content\/uploads\/sites\/2\/2026\/04\/192.jpg","width":2539,"height":1594},{"@type":"BreadcrumbList","@id":"https:\/\/dpress.ma\/fr\/2026\/04\/14\/sm-le-roi-felicite-m-nizar-amidi-suite-a-son-election-president-de-la-republique-dirak\/#breadcrumb","itemListElement":[{"@type":"ListItem","position":1,"name":"Home","item":"https:\/\/dpress.ma\/fr\/"},{"@type":"ListItem","position":2,"name":"SM le Roi f\u00e9licite M. Nizar Amidi suite \u00e0 son \u00e9lection Pr\u00e9sident de la R\u00e9publique d\u2019Irak"}]},{"@type":"WebSite","@id":"https:\/\/dpress.ma\/fr\/#website","url":"https:\/\/dpress.ma\/fr\/","name":"Dpress.ma\/fr","description":"","potentialAction":[{"@type":"SearchAction","target":{"@type":"EntryPoint","urlTemplate":"https:\/\/dpress.ma\/fr\/?s={search_term_string}"},"query-input":{"@type":"PropertyValueSpecification","valueRequired":true,"valueName":"search_term_string"}}],"inLanguage":"fr-FR"},{"@type":"Person","@id":"https:\/\/dpress.ma\/fr\/#\/schema\/person\/4898febf3ccd59e6578d838656a306a0","name":"Dpress.ma","image":{"@type":"ImageObject","inLanguage":"fr-FR","@id":"https:\/\/secure.gravatar.com\/avatar\/72ecc30e9db047a2e0e7176561eb9d564ed77c8108376495b19bd8336405198a?s=96&d=mm&r=g","url":"https:\/\/secure.gravatar.com\/avatar\/72ecc30e9db047a2e0e7176561eb9d564ed77c8108376495b19bd8336405198a?s=96&d=mm&r=g","contentUrl":"https:\/\/secure.gravatar.com\/avatar\/72ecc30e9db047a2e0e7176561eb9d564ed77c8108376495b19bd8336405198a?s=96&d=mm&r=g","caption":"Dpress.ma"},"sameAs":["https:\/\/www.dpress.ma"],"url":"https:\/\/dpress.ma\/fr\/author\/dpress-ma\/"}]}},"amp_enabled":true,"_links":{"self":[{"href":"https:\/\/dpress.ma\/fr\/wp-json\/wp\/v2\/posts\/28399","targetHints":{"allow":["GET"]}}],"collection":[{"href":"https:\/\/dpress.ma\/fr\/wp-json\/wp\/v2\/posts"}],"about":[{"href":"https:\/\/dpress.ma\/fr\/wp-json\/wp\/v2\/types\/post"}],"author":[{"embeddable":true,"href":"https:\/\/dpress.ma\/fr\/wp-json\/wp\/v2\/users\/2"}],"replies":[{"embeddable":true,"href":"https:\/\/dpress.ma\/fr\/wp-json\/wp\/v2\/comments?post=28399"}],"version-history":[{"count":1,"href":"https:\/\/dpress.ma\/fr\/wp-json\/wp\/v2\/posts\/28399\/revisions"}],"predecessor-version":[{"id":28401,"href":"https:\/\/dpress.ma\/fr\/wp-json\/wp\/v2\/posts\/28399\/revisions\/28401"}],"wp:featuredmedia":[{"embeddable":true,"href":"https:\/\/dpress.ma\/fr\/wp-json\/wp\/v2\/media\/28400"}],"wp:attachment":[{"href":"https:\/\/dpress.ma\/fr\/wp-json\/wp\/v2\/media?parent=28399"}],"wp:term":[{"taxonomy":"category","embeddable":true,"href":"https:\/\/dpress.ma\/fr\/wp-json\/wp\/v2\/categories?post=28399"},{"taxonomy":"post_tag","embeddable":true,"href":"https:\/\/dpress.ma\/fr\/wp-json\/wp\/v2\/tags?post=28399"}],"curies":[{"name":"wp","href":"https:\/\/api.w.org\/{rel}","templated":true}]}}