{"id":28396,"date":"2026-04-14T10:49:23","date_gmt":"2026-04-14T10:49:23","guid":{"rendered":"https:\/\/dpress.ma\/fr\/?p=28396"},"modified":"2026-04-14T10:49:25","modified_gmt":"2026-04-14T10:49:25","slug":"sale-lancement-de-la-20e-edition-du-programme-moussalaha","status":"publish","type":"post","link":"https:\/\/dpress.ma\/fr\/2026\/04\/14\/sale-lancement-de-la-20e-edition-du-programme-moussalaha\/","title":{"rendered":"Sal\u00e9 : lancement de la 20e \u00e9dition du programme \u201cMoussalaha\u201d"},"content":{"rendered":"\n<p class=\"wp-block-paragraph\">Dpress<\/p>\n\n\n\n<p class=\"wp-block-paragraph\">Le Centre Moussalaha a organis\u00e9, lundi \u00e0 la prison locale de Sal\u00e9, la c\u00e9r\u00e9monie de cl\u00f4ture de la 19e \u00e9dition du programme Moussalaha, et proc\u00e9d\u00e9 au lancement officiel de la 20e \u00e9dition du m\u00eame programme.<\/p>\n\n\n\n<p class=\"wp-block-paragraph\">La 19e \u00e9dition du programme, lanc\u00e9 en 2017, a connu la participation de 24 pensionnaires portant ainsi le nombre total des b\u00e9n\u00e9ficiaires \u00e0 436, indique un communiqu\u00e9 du Centre Moussalaha.<\/p>\n\n\n\n<p class=\"wp-block-paragraph\">Cet \u00e9v\u00e8nement a \u00e9t\u00e9 marqu\u00e9 par la projection d\u2019un film documentaire retra\u00e7ant les principales \u00e9tapes de la 19e \u00e9dition, qui s\u2019est \u00e9tal\u00e9e sur trois mois et demi et a \u00e9t\u00e9 marqu\u00e9 par une s\u00e9rie d\u2019activit\u00e9s de formation et de r\u00e9habilitation, poursuit la m\u00eame source.<\/p>\n\n\n\n<p class=\"wp-block-paragraph\">A cette occasion, la 20e \u00e9dition a \u00e9t\u00e9 officiellement lanc\u00e9e, avec la participation de 20 d\u00e9tenus (19 hommes et une femme) condamn\u00e9s dans des affaires li\u00e9es au terrorisme.<\/p>\n\n\n\n<p class=\"wp-block-paragraph\">Dans une allocution d\u2019orientation prononc\u00e9e \u00e0 cette occasion, le pr\u00e9sident du Centre Moussalaha a pass\u00e9 en revue les piliers fondamentaux des contenus de formation et de r\u00e9habilitation pr\u00e9vus par le programme, couvrant divers domaines, notamment les volets intellectuel et religieux, juridique, des droits de l\u2019Homme et psychologique, en plus de la r\u00e9habilitation socioprofessionnelle.<\/p>\n\n\n\n<p class=\"wp-block-paragraph\">La c\u00e9r\u00e9monie s\u2019est d\u00e9roul\u00e9e en pr\u00e9sence du d\u00e9l\u00e9gu\u00e9 g\u00e9n\u00e9ral \u00e0 l\u2019Administration p\u00e9nitentiaire et \u00e0 la r\u00e9insertion, du Secr\u00e9taire g\u00e9n\u00e9ral de la Rabita Mohammedia des Oul\u00e9mas, du pr\u00e9sident du Centre Moussalaha, de la Pr\u00e9sidente du Conseil national des droits de l\u2019homme, ainsi que des repr\u00e9sentants des partenaires institutionnels et plusieurs experts et cadres charg\u00e9s de l\u2019encadrement des diff\u00e9rentes segments du programme.<\/p>\n","protected":false},"excerpt":{"rendered":"<p>Dpress Le Centre Moussalaha a organis\u00e9, lundi \u00e0 la prison locale de Sal\u00e9, la c\u00e9r\u00e9monie de cl\u00f4ture de la 19e \u00e9dition du programme Moussalaha, et proc\u00e9d\u00e9 au lancement officiel de la 20e \u00e9dition du m\u00eame programme. La 19e \u00e9dition du programme, lanc\u00e9 en 2017, a connu la participation de 24 pensionnaires portant ainsi le nombre &hellip;<\/p>\n","protected":false},"author":2,"featured_media":28397,"comment_status":"open","ping_status":"open","sticky":false,"template":"","format":"standard","meta":{"footnotes":""},"categories":[40],"tags":[],"class_list":["post-28396","post","type-post","status-publish","format-standard","has-post-thumbnail","hentry","category-societe-et-regions"],"yoast_head":"<!-- This site is optimized with the Yoast SEO plugin v28.0 - https:\/\/yoast.com\/product\/yoast-seo-wordpress\/ -->\n<title>Sal\u00e9 : lancement de la 20e \u00e9dition du programme \u201cMoussalaha\u201d - Dpress.ma\/fr<\/title>\n<meta name=\"robots\" content=\"index, follow, max-snippet:-1, max-image-preview:large, max-video-preview:-1\" \/>\n<link rel=\"canonical\" href=\"https:\/\/dpress.ma\/fr\/2026\/04\/14\/sale-lancement-de-la-20e-edition-du-programme-moussalaha\/\" \/>\n<meta property=\"og:locale\" content=\"fr_FR\" \/>\n<meta property=\"og:type\" content=\"article\" \/>\n<meta property=\"og:title\" content=\"Sal\u00e9 : lancement de la 20e \u00e9dition du programme \u201cMoussalaha\u201d - Dpress.ma\/fr\" \/>\n<meta property=\"og:description\" content=\"Dpress Le Centre Moussalaha a organis\u00e9, lundi \u00e0 la prison locale de Sal\u00e9, la c\u00e9r\u00e9monie de cl\u00f4ture de la 19e \u00e9dition du programme Moussalaha, et proc\u00e9d\u00e9 au lancement officiel de la 20e \u00e9dition du m\u00eame programme. La 19e \u00e9dition du programme, lanc\u00e9 en 2017, a connu la participation de 24 pensionnaires portant ainsi le nombre &hellip;\" \/>\n<meta property=\"og:url\" content=\"https:\/\/dpress.ma\/fr\/2026\/04\/14\/sale-lancement-de-la-20e-edition-du-programme-moussalaha\/\" \/>\n<meta property=\"og:site_name\" content=\"Dpress.ma\/fr\" \/>\n<meta property=\"article:published_time\" content=\"2026-04-14T10:49:23+00:00\" \/>\n<meta property=\"article:modified_time\" content=\"2026-04-14T10:49:25+00:00\" \/>\n<meta property=\"og:image\" content=\"https:\/\/dpress.ma\/fr\/wp-content\/uploads\/sites\/2\/2026\/04\/18-3.jpg\" \/>\n\t<meta property=\"og:image:width\" content=\"2539\" \/>\n\t<meta property=\"og:image:height\" content=\"1594\" \/>\n\t<meta property=\"og:image:type\" content=\"image\/jpeg\" \/>\n<meta name=\"author\" content=\"Dpress.ma\" \/>\n<meta name=\"twitter:card\" content=\"summary_large_image\" \/>\n<meta name=\"twitter:label1\" content=\"\u00c9crit par\" \/>\n\t<meta name=\"twitter:data1\" content=\"Dpress.ma\" \/>\n\t<meta name=\"twitter:label2\" content=\"Dur\u00e9e de lecture estim\u00e9e\" \/>\n\t<meta name=\"twitter:data2\" content=\"2 minutes\" \/>\n<script type=\"application\/ld+json\" class=\"yoast-schema-graph\">{\"@context\":\"https:\\\/\\\/schema.org\",\"@graph\":[{\"@type\":\"Article\",\"@id\":\"https:\\\/\\\/dpress.ma\\\/fr\\\/2026\\\/04\\\/14\\\/sale-lancement-de-la-20e-edition-du-programme-moussalaha\\\/#article\",\"isPartOf\":{\"@id\":\"https:\\\/\\\/dpress.ma\\\/fr\\\/2026\\\/04\\\/14\\\/sale-lancement-de-la-20e-edition-du-programme-moussalaha\\\/\"},\"author\":{\"name\":\"Dpress.ma\",\"@id\":\"https:\\\/\\\/dpress.ma\\\/fr\\\/#\\\/schema\\\/person\\\/4898febf3ccd59e6578d838656a306a0\"},\"headline\":\"Sal\u00e9 : lancement de la 20e \u00e9dition du programme \u201cMoussalaha\u201d\",\"datePublished\":\"2026-04-14T10:49:23+00:00\",\"dateModified\":\"2026-04-14T10:49:25+00:00\",\"mainEntityOfPage\":{\"@id\":\"https:\\\/\\\/dpress.ma\\\/fr\\\/2026\\\/04\\\/14\\\/sale-lancement-de-la-20e-edition-du-programme-moussalaha\\\/\"},\"wordCount\":302,\"commentCount\":0,\"image\":{\"@id\":\"https:\\\/\\\/dpress.ma\\\/fr\\\/2026\\\/04\\\/14\\\/sale-lancement-de-la-20e-edition-du-programme-moussalaha\\\/#primaryimage\"},\"thumbnailUrl\":\"https:\\\/\\\/dpress.ma\\\/fr\\\/wp-content\\\/uploads\\\/sites\\\/2\\\/2026\\\/04\\\/18-3.jpg\",\"articleSection\":[\"societe et regions\"],\"inLanguage\":\"fr-FR\",\"potentialAction\":[{\"@type\":\"CommentAction\",\"name\":\"Comment\",\"target\":[\"https:\\\/\\\/dpress.ma\\\/fr\\\/2026\\\/04\\\/14\\\/sale-lancement-de-la-20e-edition-du-programme-moussalaha\\\/#respond\"]}]},{\"@type\":\"WebPage\",\"@id\":\"https:\\\/\\\/dpress.ma\\\/fr\\\/2026\\\/04\\\/14\\\/sale-lancement-de-la-20e-edition-du-programme-moussalaha\\\/\",\"url\":\"https:\\\/\\\/dpress.ma\\\/fr\\\/2026\\\/04\\\/14\\\/sale-lancement-de-la-20e-edition-du-programme-moussalaha\\\/\",\"name\":\"Sal\u00e9 : lancement de la 20e \u00e9dition du programme \u201cMoussalaha\u201d - Dpress.ma\\\/fr\",\"isPartOf\":{\"@id\":\"https:\\\/\\\/dpress.ma\\\/fr\\\/#website\"},\"primaryImageOfPage\":{\"@id\":\"https:\\\/\\\/dpress.ma\\\/fr\\\/2026\\\/04\\\/14\\\/sale-lancement-de-la-20e-edition-du-programme-moussalaha\\\/#primaryimage\"},\"image\":{\"@id\":\"https:\\\/\\\/dpress.ma\\\/fr\\\/2026\\\/04\\\/14\\\/sale-lancement-de-la-20e-edition-du-programme-moussalaha\\\/#primaryimage\"},\"thumbnailUrl\":\"https:\\\/\\\/dpress.ma\\\/fr\\\/wp-content\\\/uploads\\\/sites\\\/2\\\/2026\\\/04\\\/18-3.jpg\",\"datePublished\":\"2026-04-14T10:49:23+00:00\",\"dateModified\":\"2026-04-14T10:49:25+00:00\",\"author\":{\"@id\":\"https:\\\/\\\/dpress.ma\\\/fr\\\/#\\\/schema\\\/person\\\/4898febf3ccd59e6578d838656a306a0\"},\"breadcrumb\":{\"@id\":\"https:\\\/\\\/dpress.ma\\\/fr\\\/2026\\\/04\\\/14\\\/sale-lancement-de-la-20e-edition-du-programme-moussalaha\\\/#breadcrumb\"},\"inLanguage\":\"fr-FR\",\"potentialAction\":[{\"@type\":\"ReadAction\",\"target\":[\"https:\\\/\\\/dpress.ma\\\/fr\\\/2026\\\/04\\\/14\\\/sale-lancement-de-la-20e-edition-du-programme-moussalaha\\\/\"]}]},{\"@type\":\"ImageObject\",\"inLanguage\":\"fr-FR\",\"@id\":\"https:\\\/\\\/dpress.ma\\\/fr\\\/2026\\\/04\\\/14\\\/sale-lancement-de-la-20e-edition-du-programme-moussalaha\\\/#primaryimage\",\"url\":\"https:\\\/\\\/dpress.ma\\\/fr\\\/wp-content\\\/uploads\\\/sites\\\/2\\\/2026\\\/04\\\/18-3.jpg\",\"contentUrl\":\"https:\\\/\\\/dpress.ma\\\/fr\\\/wp-content\\\/uploads\\\/sites\\\/2\\\/2026\\\/04\\\/18-3.jpg\",\"width\":2539,\"height\":1594},{\"@type\":\"BreadcrumbList\",\"@id\":\"https:\\\/\\\/dpress.ma\\\/fr\\\/2026\\\/04\\\/14\\\/sale-lancement-de-la-20e-edition-du-programme-moussalaha\\\/#breadcrumb\",\"itemListElement\":[{\"@type\":\"ListItem\",\"position\":1,\"name\":\"Home\",\"item\":\"https:\\\/\\\/dpress.ma\\\/fr\\\/\"},{\"@type\":\"ListItem\",\"position\":2,\"name\":\"Sal\u00e9 : lancement de la 20e \u00e9dition du programme \u201cMoussalaha\u201d\"}]},{\"@type\":\"WebSite\",\"@id\":\"https:\\\/\\\/dpress.ma\\\/fr\\\/#website\",\"url\":\"https:\\\/\\\/dpress.ma\\\/fr\\\/\",\"name\":\"Dpress.ma\\\/fr\",\"description\":\"\",\"potentialAction\":[{\"@type\":\"SearchAction\",\"target\":{\"@type\":\"EntryPoint\",\"urlTemplate\":\"https:\\\/\\\/dpress.ma\\\/fr\\\/?s={search_term_string}\"},\"query-input\":{\"@type\":\"PropertyValueSpecification\",\"valueRequired\":true,\"valueName\":\"search_term_string\"}}],\"inLanguage\":\"fr-FR\"},{\"@type\":\"Person\",\"@id\":\"https:\\\/\\\/dpress.ma\\\/fr\\\/#\\\/schema\\\/person\\\/4898febf3ccd59e6578d838656a306a0\",\"name\":\"Dpress.ma\",\"image\":{\"@type\":\"ImageObject\",\"inLanguage\":\"fr-FR\",\"@id\":\"https:\\\/\\\/secure.gravatar.com\\\/avatar\\\/72ecc30e9db047a2e0e7176561eb9d564ed77c8108376495b19bd8336405198a?s=96&d=mm&r=g\",\"url\":\"https:\\\/\\\/secure.gravatar.com\\\/avatar\\\/72ecc30e9db047a2e0e7176561eb9d564ed77c8108376495b19bd8336405198a?s=96&d=mm&r=g\",\"contentUrl\":\"https:\\\/\\\/secure.gravatar.com\\\/avatar\\\/72ecc30e9db047a2e0e7176561eb9d564ed77c8108376495b19bd8336405198a?s=96&d=mm&r=g\",\"caption\":\"Dpress.ma\"},\"sameAs\":[\"https:\\\/\\\/www.dpress.ma\"],\"url\":\"https:\\\/\\\/dpress.ma\\\/fr\\\/author\\\/dpress-ma\\\/\"}]}<\/script>\n<!-- \/ Yoast SEO plugin. -->","yoast_head_json":{"title":"Sal\u00e9 : lancement de la 20e \u00e9dition du programme \u201cMoussalaha\u201d - Dpress.ma\/fr","robots":{"index":"index","follow":"follow","max-snippet":"max-snippet:-1","max-image-preview":"max-image-preview:large","max-video-preview":"max-video-preview:-1"},"canonical":"https:\/\/dpress.ma\/fr\/2026\/04\/14\/sale-lancement-de-la-20e-edition-du-programme-moussalaha\/","og_locale":"fr_FR","og_type":"article","og_title":"Sal\u00e9 : lancement de la 20e \u00e9dition du programme \u201cMoussalaha\u201d - Dpress.ma\/fr","og_description":"Dpress Le Centre Moussalaha a organis\u00e9, lundi \u00e0 la prison locale de Sal\u00e9, la c\u00e9r\u00e9monie de cl\u00f4ture de la 19e \u00e9dition du programme Moussalaha, et proc\u00e9d\u00e9 au lancement officiel de la 20e \u00e9dition du m\u00eame programme. La 19e \u00e9dition du programme, lanc\u00e9 en 2017, a connu la participation de 24 pensionnaires portant ainsi le nombre &hellip;","og_url":"https:\/\/dpress.ma\/fr\/2026\/04\/14\/sale-lancement-de-la-20e-edition-du-programme-moussalaha\/","og_site_name":"Dpress.ma\/fr","article_published_time":"2026-04-14T10:49:23+00:00","article_modified_time":"2026-04-14T10:49:25+00:00","og_image":[{"width":2539,"height":1594,"url":"https:\/\/dpress.ma\/fr\/wp-content\/uploads\/sites\/2\/2026\/04\/18-3.jpg","type":"image\/jpeg"}],"author":"Dpress.ma","twitter_card":"summary_large_image","twitter_misc":{"\u00c9crit par":"Dpress.ma","Dur\u00e9e de lecture estim\u00e9e":"2 minutes"},"schema":{"@context":"https:\/\/schema.org","@graph":[{"@type":"Article","@id":"https:\/\/dpress.ma\/fr\/2026\/04\/14\/sale-lancement-de-la-20e-edition-du-programme-moussalaha\/#article","isPartOf":{"@id":"https:\/\/dpress.ma\/fr\/2026\/04\/14\/sale-lancement-de-la-20e-edition-du-programme-moussalaha\/"},"author":{"name":"Dpress.ma","@id":"https:\/\/dpress.ma\/fr\/#\/schema\/person\/4898febf3ccd59e6578d838656a306a0"},"headline":"Sal\u00e9 : lancement de la 20e \u00e9dition du programme \u201cMoussalaha\u201d","datePublished":"2026-04-14T10:49:23+00:00","dateModified":"2026-04-14T10:49:25+00:00","mainEntityOfPage":{"@id":"https:\/\/dpress.ma\/fr\/2026\/04\/14\/sale-lancement-de-la-20e-edition-du-programme-moussalaha\/"},"wordCount":302,"commentCount":0,"image":{"@id":"https:\/\/dpress.ma\/fr\/2026\/04\/14\/sale-lancement-de-la-20e-edition-du-programme-moussalaha\/#primaryimage"},"thumbnailUrl":"https:\/\/dpress.ma\/fr\/wp-content\/uploads\/sites\/2\/2026\/04\/18-3.jpg","articleSection":["societe et regions"],"inLanguage":"fr-FR","potentialAction":[{"@type":"CommentAction","name":"Comment","target":["https:\/\/dpress.ma\/fr\/2026\/04\/14\/sale-lancement-de-la-20e-edition-du-programme-moussalaha\/#respond"]}]},{"@type":"WebPage","@id":"https:\/\/dpress.ma\/fr\/2026\/04\/14\/sale-lancement-de-la-20e-edition-du-programme-moussalaha\/","url":"https:\/\/dpress.ma\/fr\/2026\/04\/14\/sale-lancement-de-la-20e-edition-du-programme-moussalaha\/","name":"Sal\u00e9 : lancement de la 20e \u00e9dition du programme \u201cMoussalaha\u201d - Dpress.ma\/fr","isPartOf":{"@id":"https:\/\/dpress.ma\/fr\/#website"},"primaryImageOfPage":{"@id":"https:\/\/dpress.ma\/fr\/2026\/04\/14\/sale-lancement-de-la-20e-edition-du-programme-moussalaha\/#primaryimage"},"image":{"@id":"https:\/\/dpress.ma\/fr\/2026\/04\/14\/sale-lancement-de-la-20e-edition-du-programme-moussalaha\/#primaryimage"},"thumbnailUrl":"https:\/\/dpress.ma\/fr\/wp-content\/uploads\/sites\/2\/2026\/04\/18-3.jpg","datePublished":"2026-04-14T10:49:23+00:00","dateModified":"2026-04-14T10:49:25+00:00","author":{"@id":"https:\/\/dpress.ma\/fr\/#\/schema\/person\/4898febf3ccd59e6578d838656a306a0"},"breadcrumb":{"@id":"https:\/\/dpress.ma\/fr\/2026\/04\/14\/sale-lancement-de-la-20e-edition-du-programme-moussalaha\/#breadcrumb"},"inLanguage":"fr-FR","potentialAction":[{"@type":"ReadAction","target":["https:\/\/dpress.ma\/fr\/2026\/04\/14\/sale-lancement-de-la-20e-edition-du-programme-moussalaha\/"]}]},{"@type":"ImageObject","inLanguage":"fr-FR","@id":"https:\/\/dpress.ma\/fr\/2026\/04\/14\/sale-lancement-de-la-20e-edition-du-programme-moussalaha\/#primaryimage","url":"https:\/\/dpress.ma\/fr\/wp-content\/uploads\/sites\/2\/2026\/04\/18-3.jpg","contentUrl":"https:\/\/dpress.ma\/fr\/wp-content\/uploads\/sites\/2\/2026\/04\/18-3.jpg","width":2539,"height":1594},{"@type":"BreadcrumbList","@id":"https:\/\/dpress.ma\/fr\/2026\/04\/14\/sale-lancement-de-la-20e-edition-du-programme-moussalaha\/#breadcrumb","itemListElement":[{"@type":"ListItem","position":1,"name":"Home","item":"https:\/\/dpress.ma\/fr\/"},{"@type":"ListItem","position":2,"name":"Sal\u00e9 : lancement de la 20e \u00e9dition du programme \u201cMoussalaha\u201d"}]},{"@type":"WebSite","@id":"https:\/\/dpress.ma\/fr\/#website","url":"https:\/\/dpress.ma\/fr\/","name":"Dpress.ma\/fr","description":"","potentialAction":[{"@type":"SearchAction","target":{"@type":"EntryPoint","urlTemplate":"https:\/\/dpress.ma\/fr\/?s={search_term_string}"},"query-input":{"@type":"PropertyValueSpecification","valueRequired":true,"valueName":"search_term_string"}}],"inLanguage":"fr-FR"},{"@type":"Person","@id":"https:\/\/dpress.ma\/fr\/#\/schema\/person\/4898febf3ccd59e6578d838656a306a0","name":"Dpress.ma","image":{"@type":"ImageObject","inLanguage":"fr-FR","@id":"https:\/\/secure.gravatar.com\/avatar\/72ecc30e9db047a2e0e7176561eb9d564ed77c8108376495b19bd8336405198a?s=96&d=mm&r=g","url":"https:\/\/secure.gravatar.com\/avatar\/72ecc30e9db047a2e0e7176561eb9d564ed77c8108376495b19bd8336405198a?s=96&d=mm&r=g","contentUrl":"https:\/\/secure.gravatar.com\/avatar\/72ecc30e9db047a2e0e7176561eb9d564ed77c8108376495b19bd8336405198a?s=96&d=mm&r=g","caption":"Dpress.ma"},"sameAs":["https:\/\/www.dpress.ma"],"url":"https:\/\/dpress.ma\/fr\/author\/dpress-ma\/"}]}},"amp_enabled":true,"_links":{"self":[{"href":"https:\/\/dpress.ma\/fr\/wp-json\/wp\/v2\/posts\/28396","targetHints":{"allow":["GET"]}}],"collection":[{"href":"https:\/\/dpress.ma\/fr\/wp-json\/wp\/v2\/posts"}],"about":[{"href":"https:\/\/dpress.ma\/fr\/wp-json\/wp\/v2\/types\/post"}],"author":[{"embeddable":true,"href":"https:\/\/dpress.ma\/fr\/wp-json\/wp\/v2\/users\/2"}],"replies":[{"embeddable":true,"href":"https:\/\/dpress.ma\/fr\/wp-json\/wp\/v2\/comments?post=28396"}],"version-history":[{"count":1,"href":"https:\/\/dpress.ma\/fr\/wp-json\/wp\/v2\/posts\/28396\/revisions"}],"predecessor-version":[{"id":28398,"href":"https:\/\/dpress.ma\/fr\/wp-json\/wp\/v2\/posts\/28396\/revisions\/28398"}],"wp:featuredmedia":[{"embeddable":true,"href":"https:\/\/dpress.ma\/fr\/wp-json\/wp\/v2\/media\/28397"}],"wp:attachment":[{"href":"https:\/\/dpress.ma\/fr\/wp-json\/wp\/v2\/media?parent=28396"}],"wp:term":[{"taxonomy":"category","embeddable":true,"href":"https:\/\/dpress.ma\/fr\/wp-json\/wp\/v2\/categories?post=28396"},{"taxonomy":"post_tag","embeddable":true,"href":"https:\/\/dpress.ma\/fr\/wp-json\/wp\/v2\/tags?post=28396"}],"curies":[{"name":"wp","href":"https:\/\/api.w.org\/{rel}","templated":true}]}}