{"id":28393,"date":"2026-04-14T10:48:13","date_gmt":"2026-04-14T10:48:13","guid":{"rendered":"https:\/\/dpress.ma\/fr\/?p=28393"},"modified":"2026-04-14T10:48:16","modified_gmt":"2026-04-14T10:48:16","slug":"zagora-linra-met-en-avant-les-efforts-de-recherche-agronomique-pour-le-developpement-des-zones-oasiennes","status":"publish","type":"post","link":"https:\/\/dpress.ma\/fr\/2026\/04\/14\/zagora-linra-met-en-avant-les-efforts-de-recherche-agronomique-pour-le-developpement-des-zones-oasiennes\/","title":{"rendered":"Zagora : l\u2019INRA met en avant les efforts de recherche agronomique pour le d\u00e9veloppement des zones oasiennes"},"content":{"rendered":"\n<p>Dpress<\/p>\n\n\n\n<p>Les efforts de la recherche agronomique entrepris afin d\u2019accompagner la strat\u00e9gie \u201cG\u00e9n\u00e9ration Green\u201d pour le d\u00e9veloppement des zones oasiennes et la pr\u00e9servation et la valorisation du patrimoine g\u00e9n\u00e9tique phoenicicole national, ont \u00e9t\u00e9 mis en avant \u00e0 Zagora, par l\u2019Institut national de la recherche agronomique (INRA), lors du Forum National des Oasis (10-12 avril).<\/p>\n\n\n\n<p>Au cours de ce forum, plac\u00e9 sous le th\u00e8me \u201cLes oasis, enjeux de durabilit\u00e9 et de d\u00e9veloppement humain\u201d, la directrice de l\u2019INRA, Lamiae Ghaouti, a d\u00e9voil\u00e9 la vision des recherches r\u00e9alis\u00e9es \u00e0 l\u2019INRA et par les membres du Consortium national de formation et de recherche agricole pour accompagner la transition vers des syst\u00e8mes oasiens durables et r\u00e9silients, indique un communiqu\u00e9 de l\u2019Institut.<\/p>\n\n\n\n<p>Dans ce sens, Mme Ghaouti a indiqu\u00e9 que ces recherches sont au c\u0153ur des pr\u00e9occupations de l\u2019institut, qui adopte une approche pluridisciplinaire incluant tous les maillons de la cha\u00eene (recherche, oasiens, territoires, fili\u00e8res et syst\u00e8mes agroalimentaires), sans occulter le r\u00f4le des sciences sociales et \u00e9conomiques.<\/p>\n\n\n\n<p>La c\u00e9r\u00e9monie inaugurale, pr\u00e9sid\u00e9e par le ministre de l\u2019Agriculture, de la P\u00eache Maritime, du D\u00e9veloppement Rural et des Eaux et F\u00f4rets, Ahmed El Bouari, accompagn\u00e9 d\u2019une d\u00e9l\u00e9gation d\u2019officiels, a \u00e9t\u00e9 enrichie par la pr\u00e9sentation d\u2019expos\u00e9s abordant la strat\u00e9gie du secteur agricole dans les zones oasiennes, les d\u00e9fis li\u00e9s \u00e0 leur d\u00e9veloppement et \u00e0 leur valorisation, ainsi que le r\u00f4le crucial de la recherche scientifique agricole comme moteur essentiel de la durabilit\u00e9 de ces zones et du renforcement de leur r\u00e9silience face aux diverses formes de vuln\u00e9rabilit\u00e9 et de pressions environnementales.<\/p>\n\n\n\n<p>Ce Forum, organis\u00e9 par la Pr\u00e9fecture de la Province de Zagora, en partenariat avec la Direction des affaires rurales du minist\u00e8re de l\u2019Int\u00e9rieur, le minist\u00e8re de l\u2019Agriculture, de la P\u00eache maritime, du D\u00e9veloppement rural et des Eaux et des For\u00eats, l\u2019Agence nationale pour le d\u00e9veloppement des zones oasiennes et de l\u2019arganier (ANDZOA) et de l\u2019INRA, a \u00e9t\u00e9 marqu\u00e9 par des journ\u00e9es scientifiques ax\u00e9es sur la gestion durable des ressources naturelles, la Pr\u00e9servation de la biodiversit\u00e9, l\u2019Adaptation au changement climatique et le R\u00f4le strat\u00e9gique du palmier dattier dans la r\u00e9silience des oasis.<\/p>\n\n\n\n<p>Anim\u00e9es par une pl\u00e9iade de chercheurs et scientifiques issus de l\u2019INRA, l\u2019Ecole Nationale d\u2019Agriculture de Mekn\u00e8s (ENAM), l\u2019\u00c9cole Nationale Foresti\u00e8re d\u2019Ing\u00e9nieurs (ENFI), ainsi que des universit\u00e9s, des facult\u00e9s des sciences et techniques (FST), du Centre international de recherche agricole dans les zones arides (ICARDA) et autres partenaires, ces conf\u00e9rences scientifiques ont essay\u00e9 d\u2019adopter une d\u00e9marche de recherche participative pour construire et co-construire des \u00e9cosyst\u00e8mes oasiens durables et r\u00e9silients en tenant compte de leur fragilit\u00e9, particularit\u00e9 et leur impact grandissante du changement climatique sur leur survie et p\u00e9rennit\u00e9 et bien-\u00eatre des populations locales.<\/p>\n\n\n\n<p>Lors de ce Forum, poursuit la m\u00eame source, il a \u00e9t\u00e9 proc\u00e9d\u00e9 \u00e0 la signature d\u2019une Convention de collaboration entre l\u2019INRA et la Soci\u00e9t\u00e9 DIGICROP, pionni\u00e8re en mati\u00e8re d\u2019agriculture digitale au Maroc, rel\u00e8ve le communiqu\u00e9, pr\u00e9cisant qu\u2019\u00e0 travers celle-ci, les deux parties ont scell\u00e9 leur alliance strat\u00e9gique pour acc\u00e9l\u00e9rer l\u2019int\u00e9gration des technologies num\u00e9riques au service de l\u2019agriculture marocaine et des agriculteurs.<\/p>\n\n\n\n<p>En marge de l\u2019inauguration de l\u2019exposition officielle du Forum, le ministre de l\u2019Agriculture s\u2019est rendu au stand de l\u2019INRA o\u00f9 la Directrice de l\u2019INRA lui a pr\u00e9sent\u00e9 les derni\u00e8res innovations et acquis de la recherche au service de la fili\u00e8re phoenicicole et des zones oasiennes.<\/p>\n\n\n\n<p>Par la m\u00eame occasion, le ministre, accompagn\u00e9 du Gouverneur de la Province de Zagora et d\u2019une importante d\u00e9l\u00e9gation des officiels, a visit\u00e9 le domaine Exp\u00e9rimental Nebch de l\u2019INRA \u00e0 Zagora.<\/p>\n\n\n\n<p>Lors de cette visite, la directrice de l\u2019INRA a mis en avant le r\u00f4le strat\u00e9gique de ce site, v\u00e9ritable plateforme de recherche d\u00e9di\u00e9e au palmier dattier. Un domaine dont la cr\u00e9ation remonte \u00e0 l\u2019ann\u00e9e 1964 et qui abrite de nombreuses collections in vivo de vari\u00e9t\u00e9s locales et internationales de palmier dattier, constituant un patrimoine g\u00e9n\u00e9tique de grande valeur pour la pr\u00e9servation de la biodiversit\u00e9 phoenicicole nationale.<\/p>\n\n\n\n<p>S\u2019inscrivant dans la dynamique visant \u00e0 soutenir le d\u00e9veloppement des zones oasiennes et \u00e0 renforcer les fili\u00e8res de production, en particulier la fili\u00e8re phoenicicole, l\u2019INRA a particip\u00e9 massivement \u00e0 la r\u00e9ussite de cet \u00e9v\u00e9nement de taille.<\/p>\n","protected":false},"excerpt":{"rendered":"<p>Dpress Les efforts de la recherche agronomique entrepris afin d\u2019accompagner la strat\u00e9gie \u201cG\u00e9n\u00e9ration Green\u201d pour le d\u00e9veloppement des zones oasiennes et la pr\u00e9servation et la valorisation du patrimoine g\u00e9n\u00e9tique phoenicicole national, ont \u00e9t\u00e9 mis en avant \u00e0 Zagora, par l\u2019Institut national de la recherche agronomique (INRA), lors du Forum National des Oasis (10-12 avril). Au &hellip;<\/p>\n","protected":false},"author":2,"featured_media":28394,"comment_status":"open","ping_status":"open","sticky":false,"template":"","format":"standard","meta":{"footnotes":""},"categories":[40],"tags":[],"class_list":["post-28393","post","type-post","status-publish","format-standard","has-post-thumbnail","hentry","category-societe-et-regions"],"yoast_head":"<!-- This site is optimized with the Yoast SEO plugin v27.5 - https:\/\/yoast.com\/product\/yoast-seo-wordpress\/ -->\n<title>Zagora : l\u2019INRA met en avant les efforts de recherche agronomique pour le d\u00e9veloppement des zones oasiennes - Dpress.ma\/fr<\/title>\n<meta name=\"robots\" content=\"index, follow, max-snippet:-1, max-image-preview:large, max-video-preview:-1\" \/>\n<link rel=\"canonical\" href=\"https:\/\/dpress.ma\/fr\/2026\/04\/14\/zagora-linra-met-en-avant-les-efforts-de-recherche-agronomique-pour-le-developpement-des-zones-oasiennes\/\" \/>\n<meta property=\"og:locale\" content=\"fr_FR\" \/>\n<meta property=\"og:type\" content=\"article\" \/>\n<meta property=\"og:title\" content=\"Zagora : l\u2019INRA met en avant les efforts de recherche agronomique pour le d\u00e9veloppement des zones oasiennes - Dpress.ma\/fr\" \/>\n<meta property=\"og:description\" content=\"Dpress Les efforts de la recherche agronomique entrepris afin d\u2019accompagner la strat\u00e9gie \u201cG\u00e9n\u00e9ration Green\u201d pour le d\u00e9veloppement des zones oasiennes et la pr\u00e9servation et la valorisation du patrimoine g\u00e9n\u00e9tique phoenicicole national, ont \u00e9t\u00e9 mis en avant \u00e0 Zagora, par l\u2019Institut national de la recherche agronomique (INRA), lors du Forum National des Oasis (10-12 avril). Au &hellip;\" \/>\n<meta property=\"og:url\" content=\"https:\/\/dpress.ma\/fr\/2026\/04\/14\/zagora-linra-met-en-avant-les-efforts-de-recherche-agronomique-pour-le-developpement-des-zones-oasiennes\/\" \/>\n<meta property=\"og:site_name\" content=\"Dpress.ma\/fr\" \/>\n<meta property=\"article:published_time\" content=\"2026-04-14T10:48:13+00:00\" \/>\n<meta property=\"article:modified_time\" content=\"2026-04-14T10:48:16+00:00\" \/>\n<meta property=\"og:image\" content=\"https:\/\/dpress.ma\/fr\/wp-content\/uploads\/sites\/2\/2026\/04\/17-2.jpg\" \/>\n\t<meta property=\"og:image:width\" content=\"2539\" \/>\n\t<meta property=\"og:image:height\" content=\"1594\" \/>\n\t<meta property=\"og:image:type\" content=\"image\/jpeg\" \/>\n<meta name=\"author\" content=\"Dpress.ma\" \/>\n<meta name=\"twitter:card\" content=\"summary_large_image\" \/>\n<meta name=\"twitter:label1\" content=\"\u00c9crit par\" \/>\n\t<meta name=\"twitter:data1\" content=\"Dpress.ma\" \/>\n\t<meta name=\"twitter:label2\" content=\"Dur\u00e9e de lecture estim\u00e9e\" \/>\n\t<meta name=\"twitter:data2\" content=\"4 minutes\" \/>\n<script type=\"application\/ld+json\" class=\"yoast-schema-graph\">{\"@context\":\"https:\\\/\\\/schema.org\",\"@graph\":[{\"@type\":\"Article\",\"@id\":\"https:\\\/\\\/dpress.ma\\\/fr\\\/2026\\\/04\\\/14\\\/zagora-linra-met-en-avant-les-efforts-de-recherche-agronomique-pour-le-developpement-des-zones-oasiennes\\\/#article\",\"isPartOf\":{\"@id\":\"https:\\\/\\\/dpress.ma\\\/fr\\\/2026\\\/04\\\/14\\\/zagora-linra-met-en-avant-les-efforts-de-recherche-agronomique-pour-le-developpement-des-zones-oasiennes\\\/\"},\"author\":{\"name\":\"Dpress.ma\",\"@id\":\"https:\\\/\\\/dpress.ma\\\/fr\\\/#\\\/schema\\\/person\\\/4898febf3ccd59e6578d838656a306a0\"},\"headline\":\"Zagora : l\u2019INRA met en avant les efforts de recherche agronomique pour le d\u00e9veloppement des zones oasiennes\",\"datePublished\":\"2026-04-14T10:48:13+00:00\",\"dateModified\":\"2026-04-14T10:48:16+00:00\",\"mainEntityOfPage\":{\"@id\":\"https:\\\/\\\/dpress.ma\\\/fr\\\/2026\\\/04\\\/14\\\/zagora-linra-met-en-avant-les-efforts-de-recherche-agronomique-pour-le-developpement-des-zones-oasiennes\\\/\"},\"wordCount\":819,\"commentCount\":0,\"image\":{\"@id\":\"https:\\\/\\\/dpress.ma\\\/fr\\\/2026\\\/04\\\/14\\\/zagora-linra-met-en-avant-les-efforts-de-recherche-agronomique-pour-le-developpement-des-zones-oasiennes\\\/#primaryimage\"},\"thumbnailUrl\":\"https:\\\/\\\/dpress.ma\\\/fr\\\/wp-content\\\/uploads\\\/sites\\\/2\\\/2026\\\/04\\\/17-2.jpg\",\"articleSection\":[\"societe et regions\"],\"inLanguage\":\"fr-FR\",\"potentialAction\":[{\"@type\":\"CommentAction\",\"name\":\"Comment\",\"target\":[\"https:\\\/\\\/dpress.ma\\\/fr\\\/2026\\\/04\\\/14\\\/zagora-linra-met-en-avant-les-efforts-de-recherche-agronomique-pour-le-developpement-des-zones-oasiennes\\\/#respond\"]}]},{\"@type\":\"WebPage\",\"@id\":\"https:\\\/\\\/dpress.ma\\\/fr\\\/2026\\\/04\\\/14\\\/zagora-linra-met-en-avant-les-efforts-de-recherche-agronomique-pour-le-developpement-des-zones-oasiennes\\\/\",\"url\":\"https:\\\/\\\/dpress.ma\\\/fr\\\/2026\\\/04\\\/14\\\/zagora-linra-met-en-avant-les-efforts-de-recherche-agronomique-pour-le-developpement-des-zones-oasiennes\\\/\",\"name\":\"Zagora : l\u2019INRA met en avant les efforts de recherche agronomique pour le d\u00e9veloppement des zones oasiennes - Dpress.ma\\\/fr\",\"isPartOf\":{\"@id\":\"https:\\\/\\\/dpress.ma\\\/fr\\\/#website\"},\"primaryImageOfPage\":{\"@id\":\"https:\\\/\\\/dpress.ma\\\/fr\\\/2026\\\/04\\\/14\\\/zagora-linra-met-en-avant-les-efforts-de-recherche-agronomique-pour-le-developpement-des-zones-oasiennes\\\/#primaryimage\"},\"image\":{\"@id\":\"https:\\\/\\\/dpress.ma\\\/fr\\\/2026\\\/04\\\/14\\\/zagora-linra-met-en-avant-les-efforts-de-recherche-agronomique-pour-le-developpement-des-zones-oasiennes\\\/#primaryimage\"},\"thumbnailUrl\":\"https:\\\/\\\/dpress.ma\\\/fr\\\/wp-content\\\/uploads\\\/sites\\\/2\\\/2026\\\/04\\\/17-2.jpg\",\"datePublished\":\"2026-04-14T10:48:13+00:00\",\"dateModified\":\"2026-04-14T10:48:16+00:00\",\"author\":{\"@id\":\"https:\\\/\\\/dpress.ma\\\/fr\\\/#\\\/schema\\\/person\\\/4898febf3ccd59e6578d838656a306a0\"},\"breadcrumb\":{\"@id\":\"https:\\\/\\\/dpress.ma\\\/fr\\\/2026\\\/04\\\/14\\\/zagora-linra-met-en-avant-les-efforts-de-recherche-agronomique-pour-le-developpement-des-zones-oasiennes\\\/#breadcrumb\"},\"inLanguage\":\"fr-FR\",\"potentialAction\":[{\"@type\":\"ReadAction\",\"target\":[\"https:\\\/\\\/dpress.ma\\\/fr\\\/2026\\\/04\\\/14\\\/zagora-linra-met-en-avant-les-efforts-de-recherche-agronomique-pour-le-developpement-des-zones-oasiennes\\\/\"]}]},{\"@type\":\"ImageObject\",\"inLanguage\":\"fr-FR\",\"@id\":\"https:\\\/\\\/dpress.ma\\\/fr\\\/2026\\\/04\\\/14\\\/zagora-linra-met-en-avant-les-efforts-de-recherche-agronomique-pour-le-developpement-des-zones-oasiennes\\\/#primaryimage\",\"url\":\"https:\\\/\\\/dpress.ma\\\/fr\\\/wp-content\\\/uploads\\\/sites\\\/2\\\/2026\\\/04\\\/17-2.jpg\",\"contentUrl\":\"https:\\\/\\\/dpress.ma\\\/fr\\\/wp-content\\\/uploads\\\/sites\\\/2\\\/2026\\\/04\\\/17-2.jpg\",\"width\":2539,\"height\":1594},{\"@type\":\"BreadcrumbList\",\"@id\":\"https:\\\/\\\/dpress.ma\\\/fr\\\/2026\\\/04\\\/14\\\/zagora-linra-met-en-avant-les-efforts-de-recherche-agronomique-pour-le-developpement-des-zones-oasiennes\\\/#breadcrumb\",\"itemListElement\":[{\"@type\":\"ListItem\",\"position\":1,\"name\":\"Home\",\"item\":\"https:\\\/\\\/dpress.ma\\\/fr\\\/\"},{\"@type\":\"ListItem\",\"position\":2,\"name\":\"Zagora : l\u2019INRA met en avant les efforts de recherche agronomique pour le d\u00e9veloppement des zones oasiennes\"}]},{\"@type\":\"WebSite\",\"@id\":\"https:\\\/\\\/dpress.ma\\\/fr\\\/#website\",\"url\":\"https:\\\/\\\/dpress.ma\\\/fr\\\/\",\"name\":\"Dpress.ma\\\/fr\",\"description\":\"\",\"potentialAction\":[{\"@type\":\"SearchAction\",\"target\":{\"@type\":\"EntryPoint\",\"urlTemplate\":\"https:\\\/\\\/dpress.ma\\\/fr\\\/?s={search_term_string}\"},\"query-input\":{\"@type\":\"PropertyValueSpecification\",\"valueRequired\":true,\"valueName\":\"search_term_string\"}}],\"inLanguage\":\"fr-FR\"},{\"@type\":\"Person\",\"@id\":\"https:\\\/\\\/dpress.ma\\\/fr\\\/#\\\/schema\\\/person\\\/4898febf3ccd59e6578d838656a306a0\",\"name\":\"Dpress.ma\",\"image\":{\"@type\":\"ImageObject\",\"inLanguage\":\"fr-FR\",\"@id\":\"https:\\\/\\\/secure.gravatar.com\\\/avatar\\\/72ecc30e9db047a2e0e7176561eb9d564ed77c8108376495b19bd8336405198a?s=96&d=mm&r=g\",\"url\":\"https:\\\/\\\/secure.gravatar.com\\\/avatar\\\/72ecc30e9db047a2e0e7176561eb9d564ed77c8108376495b19bd8336405198a?s=96&d=mm&r=g\",\"contentUrl\":\"https:\\\/\\\/secure.gravatar.com\\\/avatar\\\/72ecc30e9db047a2e0e7176561eb9d564ed77c8108376495b19bd8336405198a?s=96&d=mm&r=g\",\"caption\":\"Dpress.ma\"},\"sameAs\":[\"https:\\\/\\\/www.dpress.ma\"],\"url\":\"https:\\\/\\\/dpress.ma\\\/fr\\\/author\\\/dpress-ma\\\/\"}]}<\/script>\n<!-- \/ Yoast SEO plugin. -->","yoast_head_json":{"title":"Zagora : l\u2019INRA met en avant les efforts de recherche agronomique pour le d\u00e9veloppement des zones oasiennes - Dpress.ma\/fr","robots":{"index":"index","follow":"follow","max-snippet":"max-snippet:-1","max-image-preview":"max-image-preview:large","max-video-preview":"max-video-preview:-1"},"canonical":"https:\/\/dpress.ma\/fr\/2026\/04\/14\/zagora-linra-met-en-avant-les-efforts-de-recherche-agronomique-pour-le-developpement-des-zones-oasiennes\/","og_locale":"fr_FR","og_type":"article","og_title":"Zagora : l\u2019INRA met en avant les efforts de recherche agronomique pour le d\u00e9veloppement des zones oasiennes - Dpress.ma\/fr","og_description":"Dpress Les efforts de la recherche agronomique entrepris afin d\u2019accompagner la strat\u00e9gie \u201cG\u00e9n\u00e9ration Green\u201d pour le d\u00e9veloppement des zones oasiennes et la pr\u00e9servation et la valorisation du patrimoine g\u00e9n\u00e9tique phoenicicole national, ont \u00e9t\u00e9 mis en avant \u00e0 Zagora, par l\u2019Institut national de la recherche agronomique (INRA), lors du Forum National des Oasis (10-12 avril). Au &hellip;","og_url":"https:\/\/dpress.ma\/fr\/2026\/04\/14\/zagora-linra-met-en-avant-les-efforts-de-recherche-agronomique-pour-le-developpement-des-zones-oasiennes\/","og_site_name":"Dpress.ma\/fr","article_published_time":"2026-04-14T10:48:13+00:00","article_modified_time":"2026-04-14T10:48:16+00:00","og_image":[{"width":2539,"height":1594,"url":"https:\/\/dpress.ma\/fr\/wp-content\/uploads\/sites\/2\/2026\/04\/17-2.jpg","type":"image\/jpeg"}],"author":"Dpress.ma","twitter_card":"summary_large_image","twitter_misc":{"\u00c9crit par":"Dpress.ma","Dur\u00e9e de lecture estim\u00e9e":"4 minutes"},"schema":{"@context":"https:\/\/schema.org","@graph":[{"@type":"Article","@id":"https:\/\/dpress.ma\/fr\/2026\/04\/14\/zagora-linra-met-en-avant-les-efforts-de-recherche-agronomique-pour-le-developpement-des-zones-oasiennes\/#article","isPartOf":{"@id":"https:\/\/dpress.ma\/fr\/2026\/04\/14\/zagora-linra-met-en-avant-les-efforts-de-recherche-agronomique-pour-le-developpement-des-zones-oasiennes\/"},"author":{"name":"Dpress.ma","@id":"https:\/\/dpress.ma\/fr\/#\/schema\/person\/4898febf3ccd59e6578d838656a306a0"},"headline":"Zagora : l\u2019INRA met en avant les efforts de recherche agronomique pour le d\u00e9veloppement des zones oasiennes","datePublished":"2026-04-14T10:48:13+00:00","dateModified":"2026-04-14T10:48:16+00:00","mainEntityOfPage":{"@id":"https:\/\/dpress.ma\/fr\/2026\/04\/14\/zagora-linra-met-en-avant-les-efforts-de-recherche-agronomique-pour-le-developpement-des-zones-oasiennes\/"},"wordCount":819,"commentCount":0,"image":{"@id":"https:\/\/dpress.ma\/fr\/2026\/04\/14\/zagora-linra-met-en-avant-les-efforts-de-recherche-agronomique-pour-le-developpement-des-zones-oasiennes\/#primaryimage"},"thumbnailUrl":"https:\/\/dpress.ma\/fr\/wp-content\/uploads\/sites\/2\/2026\/04\/17-2.jpg","articleSection":["societe et regions"],"inLanguage":"fr-FR","potentialAction":[{"@type":"CommentAction","name":"Comment","target":["https:\/\/dpress.ma\/fr\/2026\/04\/14\/zagora-linra-met-en-avant-les-efforts-de-recherche-agronomique-pour-le-developpement-des-zones-oasiennes\/#respond"]}]},{"@type":"WebPage","@id":"https:\/\/dpress.ma\/fr\/2026\/04\/14\/zagora-linra-met-en-avant-les-efforts-de-recherche-agronomique-pour-le-developpement-des-zones-oasiennes\/","url":"https:\/\/dpress.ma\/fr\/2026\/04\/14\/zagora-linra-met-en-avant-les-efforts-de-recherche-agronomique-pour-le-developpement-des-zones-oasiennes\/","name":"Zagora : l\u2019INRA met en avant les efforts de recherche agronomique pour le d\u00e9veloppement des zones oasiennes - Dpress.ma\/fr","isPartOf":{"@id":"https:\/\/dpress.ma\/fr\/#website"},"primaryImageOfPage":{"@id":"https:\/\/dpress.ma\/fr\/2026\/04\/14\/zagora-linra-met-en-avant-les-efforts-de-recherche-agronomique-pour-le-developpement-des-zones-oasiennes\/#primaryimage"},"image":{"@id":"https:\/\/dpress.ma\/fr\/2026\/04\/14\/zagora-linra-met-en-avant-les-efforts-de-recherche-agronomique-pour-le-developpement-des-zones-oasiennes\/#primaryimage"},"thumbnailUrl":"https:\/\/dpress.ma\/fr\/wp-content\/uploads\/sites\/2\/2026\/04\/17-2.jpg","datePublished":"2026-04-14T10:48:13+00:00","dateModified":"2026-04-14T10:48:16+00:00","author":{"@id":"https:\/\/dpress.ma\/fr\/#\/schema\/person\/4898febf3ccd59e6578d838656a306a0"},"breadcrumb":{"@id":"https:\/\/dpress.ma\/fr\/2026\/04\/14\/zagora-linra-met-en-avant-les-efforts-de-recherche-agronomique-pour-le-developpement-des-zones-oasiennes\/#breadcrumb"},"inLanguage":"fr-FR","potentialAction":[{"@type":"ReadAction","target":["https:\/\/dpress.ma\/fr\/2026\/04\/14\/zagora-linra-met-en-avant-les-efforts-de-recherche-agronomique-pour-le-developpement-des-zones-oasiennes\/"]}]},{"@type":"ImageObject","inLanguage":"fr-FR","@id":"https:\/\/dpress.ma\/fr\/2026\/04\/14\/zagora-linra-met-en-avant-les-efforts-de-recherche-agronomique-pour-le-developpement-des-zones-oasiennes\/#primaryimage","url":"https:\/\/dpress.ma\/fr\/wp-content\/uploads\/sites\/2\/2026\/04\/17-2.jpg","contentUrl":"https:\/\/dpress.ma\/fr\/wp-content\/uploads\/sites\/2\/2026\/04\/17-2.jpg","width":2539,"height":1594},{"@type":"BreadcrumbList","@id":"https:\/\/dpress.ma\/fr\/2026\/04\/14\/zagora-linra-met-en-avant-les-efforts-de-recherche-agronomique-pour-le-developpement-des-zones-oasiennes\/#breadcrumb","itemListElement":[{"@type":"ListItem","position":1,"name":"Home","item":"https:\/\/dpress.ma\/fr\/"},{"@type":"ListItem","position":2,"name":"Zagora : l\u2019INRA met en avant les efforts de recherche agronomique pour le d\u00e9veloppement des zones oasiennes"}]},{"@type":"WebSite","@id":"https:\/\/dpress.ma\/fr\/#website","url":"https:\/\/dpress.ma\/fr\/","name":"Dpress.ma\/fr","description":"","potentialAction":[{"@type":"SearchAction","target":{"@type":"EntryPoint","urlTemplate":"https:\/\/dpress.ma\/fr\/?s={search_term_string}"},"query-input":{"@type":"PropertyValueSpecification","valueRequired":true,"valueName":"search_term_string"}}],"inLanguage":"fr-FR"},{"@type":"Person","@id":"https:\/\/dpress.ma\/fr\/#\/schema\/person\/4898febf3ccd59e6578d838656a306a0","name":"Dpress.ma","image":{"@type":"ImageObject","inLanguage":"fr-FR","@id":"https:\/\/secure.gravatar.com\/avatar\/72ecc30e9db047a2e0e7176561eb9d564ed77c8108376495b19bd8336405198a?s=96&d=mm&r=g","url":"https:\/\/secure.gravatar.com\/avatar\/72ecc30e9db047a2e0e7176561eb9d564ed77c8108376495b19bd8336405198a?s=96&d=mm&r=g","contentUrl":"https:\/\/secure.gravatar.com\/avatar\/72ecc30e9db047a2e0e7176561eb9d564ed77c8108376495b19bd8336405198a?s=96&d=mm&r=g","caption":"Dpress.ma"},"sameAs":["https:\/\/www.dpress.ma"],"url":"https:\/\/dpress.ma\/fr\/author\/dpress-ma\/"}]}},"amp_enabled":true,"_links":{"self":[{"href":"https:\/\/dpress.ma\/fr\/wp-json\/wp\/v2\/posts\/28393","targetHints":{"allow":["GET"]}}],"collection":[{"href":"https:\/\/dpress.ma\/fr\/wp-json\/wp\/v2\/posts"}],"about":[{"href":"https:\/\/dpress.ma\/fr\/wp-json\/wp\/v2\/types\/post"}],"author":[{"embeddable":true,"href":"https:\/\/dpress.ma\/fr\/wp-json\/wp\/v2\/users\/2"}],"replies":[{"embeddable":true,"href":"https:\/\/dpress.ma\/fr\/wp-json\/wp\/v2\/comments?post=28393"}],"version-history":[{"count":1,"href":"https:\/\/dpress.ma\/fr\/wp-json\/wp\/v2\/posts\/28393\/revisions"}],"predecessor-version":[{"id":28395,"href":"https:\/\/dpress.ma\/fr\/wp-json\/wp\/v2\/posts\/28393\/revisions\/28395"}],"wp:featuredmedia":[{"embeddable":true,"href":"https:\/\/dpress.ma\/fr\/wp-json\/wp\/v2\/media\/28394"}],"wp:attachment":[{"href":"https:\/\/dpress.ma\/fr\/wp-json\/wp\/v2\/media?parent=28393"}],"wp:term":[{"taxonomy":"category","embeddable":true,"href":"https:\/\/dpress.ma\/fr\/wp-json\/wp\/v2\/categories?post=28393"},{"taxonomy":"post_tag","embeddable":true,"href":"https:\/\/dpress.ma\/fr\/wp-json\/wp\/v2\/tags?post=28393"}],"curies":[{"name":"wp","href":"https:\/\/api.w.org\/{rel}","templated":true}]}}