{"id":28385,"date":"2026-04-13T17:16:57","date_gmt":"2026-04-13T17:16:57","guid":{"rendered":"https:\/\/dpress.ma\/fr\/?p=28385"},"modified":"2026-04-13T17:17:00","modified_gmt":"2026-04-13T17:17:00","slug":"le-ministere-des-habous-et-des-affaires-islamiques-lance-lapplication-le-moushaf-mohammadi-numerique","status":"publish","type":"post","link":"https:\/\/dpress.ma\/fr\/2026\/04\/13\/le-ministere-des-habous-et-des-affaires-islamiques-lance-lapplication-le-moushaf-mohammadi-numerique\/","title":{"rendered":"Le minist\u00e8re des Habous et des Affaires islamiques lance l\u2019application \u201cLe Moushaf Mohammadi num\u00e9rique\u201d"},"content":{"rendered":"\n<p>Dpress<\/p>\n\n\n\n<p>Le minist\u00e8re des Habous et des Affaires islamiques a annonc\u00e9 le lancement du \u201cMoushaf Mohammadi num\u00e9rique\u201d, une application visant \u00e0 faciliter au grand public la r\u00e9citation du Coran, son analyse grammaticale (i\u2019rab), son ex\u00e9g\u00e8se (tafsir) ainsi que sa traduction.<\/p>\n\n\n\n<p>S\u2019inscrivant dans le cadre de la Haute Sollicitude dont Sa Majest\u00e9 le Roi Mohammed VI, Amir Al-Mouminine, que Dieu L\u2019assiste, entoure le Saint Coran, cette initiative vise \u00e0 promouvoir la diffusion du Livre de Dieu, \u00e0 accompagner la transformation num\u00e9rique et \u00e0 faciliter l\u2019acc\u00e8s au Coran, selon la r\u00e9citation de Warsh \u2018an Nafi\u2018 , indique le minist\u00e8re sur son site \u00e9lectronique.<\/p>\n\n\n\n<p>Cette application permet aux utilisateurs de consulter l\u2019int\u00e9gralit\u00e9 du versets coraniques avec acc\u00e8s \u00e0 des services scientifiques, dont le tafsir, l\u2019i\u2019rab et la traduction (anglais, espagnol et fran\u00e7ais) pour une exp\u00e9rience fluide et accessible \u00e0 diff\u00e9rents publics au Maroc comme \u00e0 l\u2019\u00e9tranger.<\/p>\n\n\n\n<p>Elle offre \u00e9galement la possibilit\u00e9 d\u2019\u00e9couter la r\u00e9citation des versets par une s\u00e9lection d\u2019\u00e9minents r\u00e9citateurs marocains, avec une navigation fluide entre lecture et \u00e9coute et un acc\u00e8s au contenu scientifique associ\u00e9.<\/p>\n\n\n\n<p>L\u2019application comprend plusieurs fonctionnalit\u00e9s, notamment un \u201cassistant de m\u00e9morisation\u201d permettant de r\u00e9\u00e9couter les passages d\u00e9finis, les horaires des pri\u00e8res par villes avec Adh\u00e2n, l\u2019indication de la direction de la Qibla ainsi qu\u2019un lien vers le streaming en direct de la cha\u00eene et de la radio Mohammed VI du Saint Coran.<\/p>\n\n\n\n<p>Il s\u2019agit aussi de la possibilit\u00e9 de copier le texte coranique sur ordinateur avec adaptation de la police pour les chercheurs, ainsi que d\u2019outils facilitant la recherche dans les versets, l\u2019organisation de la navigation et l\u2019acc\u00e8s rapide au contenu.<\/p>\n\n\n\n<p>\u201cLe Moushaf Mohammadi num\u00e9rique\u201d est t\u00e9l\u00e9chargeable via les plateformes Google Play et App Store ainsi que sur le site \u00e9lectronique du minist\u00e8re https:\/\/almoshaf-almohammadi.ma\/.<\/p>\n","protected":false},"excerpt":{"rendered":"<p>Dpress Le minist\u00e8re des Habous et des Affaires islamiques a annonc\u00e9 le lancement du \u201cMoushaf Mohammadi num\u00e9rique\u201d, une application visant \u00e0 faciliter au grand public la r\u00e9citation du Coran, son analyse grammaticale (i\u2019rab), son ex\u00e9g\u00e8se (tafsir) ainsi que sa traduction. S\u2019inscrivant dans le cadre de la Haute Sollicitude dont Sa Majest\u00e9 le Roi Mohammed VI, &hellip;<\/p>\n","protected":false},"author":2,"featured_media":28386,"comment_status":"open","ping_status":"open","sticky":false,"template":"","format":"standard","meta":{"footnotes":""},"categories":[40],"tags":[],"class_list":["post-28385","post","type-post","status-publish","format-standard","has-post-thumbnail","hentry","category-societe-et-regions"],"yoast_head":"<!-- This site is optimized with the Yoast SEO plugin v27.5 - https:\/\/yoast.com\/product\/yoast-seo-wordpress\/ -->\n<title>Le minist\u00e8re des Habous et des Affaires islamiques lance l\u2019application \u201cLe Moushaf Mohammadi num\u00e9rique\u201d - Dpress.ma\/fr<\/title>\n<meta name=\"robots\" content=\"index, follow, max-snippet:-1, max-image-preview:large, max-video-preview:-1\" \/>\n<link rel=\"canonical\" href=\"https:\/\/dpress.ma\/fr\/2026\/04\/13\/le-ministere-des-habous-et-des-affaires-islamiques-lance-lapplication-le-moushaf-mohammadi-numerique\/\" \/>\n<meta property=\"og:locale\" content=\"fr_FR\" \/>\n<meta property=\"og:type\" content=\"article\" \/>\n<meta property=\"og:title\" content=\"Le minist\u00e8re des Habous et des Affaires islamiques lance l\u2019application \u201cLe Moushaf Mohammadi num\u00e9rique\u201d - Dpress.ma\/fr\" \/>\n<meta property=\"og:description\" content=\"Dpress Le minist\u00e8re des Habous et des Affaires islamiques a annonc\u00e9 le lancement du \u201cMoushaf Mohammadi num\u00e9rique\u201d, une application visant \u00e0 faciliter au grand public la r\u00e9citation du Coran, son analyse grammaticale (i\u2019rab), son ex\u00e9g\u00e8se (tafsir) ainsi que sa traduction. S\u2019inscrivant dans le cadre de la Haute Sollicitude dont Sa Majest\u00e9 le Roi Mohammed VI, &hellip;\" \/>\n<meta property=\"og:url\" content=\"https:\/\/dpress.ma\/fr\/2026\/04\/13\/le-ministere-des-habous-et-des-affaires-islamiques-lance-lapplication-le-moushaf-mohammadi-numerique\/\" \/>\n<meta property=\"og:site_name\" content=\"Dpress.ma\/fr\" \/>\n<meta property=\"article:published_time\" content=\"2026-04-13T17:16:57+00:00\" \/>\n<meta property=\"article:modified_time\" content=\"2026-04-13T17:17:00+00:00\" \/>\n<meta property=\"og:image\" content=\"https:\/\/dpress.ma\/fr\/wp-content\/uploads\/sites\/2\/2026\/04\/1-1.jpg\" \/>\n\t<meta property=\"og:image:width\" content=\"2539\" \/>\n\t<meta property=\"og:image:height\" content=\"1594\" \/>\n\t<meta property=\"og:image:type\" content=\"image\/jpeg\" \/>\n<meta name=\"author\" content=\"Dpress.ma\" \/>\n<meta name=\"twitter:card\" content=\"summary_large_image\" \/>\n<meta name=\"twitter:label1\" content=\"\u00c9crit par\" \/>\n\t<meta name=\"twitter:data1\" content=\"Dpress.ma\" \/>\n\t<meta name=\"twitter:label2\" content=\"Dur\u00e9e de lecture estim\u00e9e\" \/>\n\t<meta name=\"twitter:data2\" content=\"2 minutes\" \/>\n<script type=\"application\/ld+json\" class=\"yoast-schema-graph\">{\"@context\":\"https:\\\/\\\/schema.org\",\"@graph\":[{\"@type\":\"Article\",\"@id\":\"https:\\\/\\\/dpress.ma\\\/fr\\\/2026\\\/04\\\/13\\\/le-ministere-des-habous-et-des-affaires-islamiques-lance-lapplication-le-moushaf-mohammadi-numerique\\\/#article\",\"isPartOf\":{\"@id\":\"https:\\\/\\\/dpress.ma\\\/fr\\\/2026\\\/04\\\/13\\\/le-ministere-des-habous-et-des-affaires-islamiques-lance-lapplication-le-moushaf-mohammadi-numerique\\\/\"},\"author\":{\"name\":\"Dpress.ma\",\"@id\":\"https:\\\/\\\/dpress.ma\\\/fr\\\/#\\\/schema\\\/person\\\/4898febf3ccd59e6578d838656a306a0\"},\"headline\":\"Le minist\u00e8re des Habous et des Affaires islamiques lance l\u2019application \u201cLe Moushaf Mohammadi num\u00e9rique\u201d\",\"datePublished\":\"2026-04-13T17:16:57+00:00\",\"dateModified\":\"2026-04-13T17:17:00+00:00\",\"mainEntityOfPage\":{\"@id\":\"https:\\\/\\\/dpress.ma\\\/fr\\\/2026\\\/04\\\/13\\\/le-ministere-des-habous-et-des-affaires-islamiques-lance-lapplication-le-moushaf-mohammadi-numerique\\\/\"},\"wordCount\":344,\"commentCount\":0,\"image\":{\"@id\":\"https:\\\/\\\/dpress.ma\\\/fr\\\/2026\\\/04\\\/13\\\/le-ministere-des-habous-et-des-affaires-islamiques-lance-lapplication-le-moushaf-mohammadi-numerique\\\/#primaryimage\"},\"thumbnailUrl\":\"https:\\\/\\\/dpress.ma\\\/fr\\\/wp-content\\\/uploads\\\/sites\\\/2\\\/2026\\\/04\\\/1-1.jpg\",\"articleSection\":[\"societe et regions\"],\"inLanguage\":\"fr-FR\",\"potentialAction\":[{\"@type\":\"CommentAction\",\"name\":\"Comment\",\"target\":[\"https:\\\/\\\/dpress.ma\\\/fr\\\/2026\\\/04\\\/13\\\/le-ministere-des-habous-et-des-affaires-islamiques-lance-lapplication-le-moushaf-mohammadi-numerique\\\/#respond\"]}]},{\"@type\":\"WebPage\",\"@id\":\"https:\\\/\\\/dpress.ma\\\/fr\\\/2026\\\/04\\\/13\\\/le-ministere-des-habous-et-des-affaires-islamiques-lance-lapplication-le-moushaf-mohammadi-numerique\\\/\",\"url\":\"https:\\\/\\\/dpress.ma\\\/fr\\\/2026\\\/04\\\/13\\\/le-ministere-des-habous-et-des-affaires-islamiques-lance-lapplication-le-moushaf-mohammadi-numerique\\\/\",\"name\":\"Le minist\u00e8re des Habous et des Affaires islamiques lance l\u2019application \u201cLe Moushaf Mohammadi num\u00e9rique\u201d - Dpress.ma\\\/fr\",\"isPartOf\":{\"@id\":\"https:\\\/\\\/dpress.ma\\\/fr\\\/#website\"},\"primaryImageOfPage\":{\"@id\":\"https:\\\/\\\/dpress.ma\\\/fr\\\/2026\\\/04\\\/13\\\/le-ministere-des-habous-et-des-affaires-islamiques-lance-lapplication-le-moushaf-mohammadi-numerique\\\/#primaryimage\"},\"image\":{\"@id\":\"https:\\\/\\\/dpress.ma\\\/fr\\\/2026\\\/04\\\/13\\\/le-ministere-des-habous-et-des-affaires-islamiques-lance-lapplication-le-moushaf-mohammadi-numerique\\\/#primaryimage\"},\"thumbnailUrl\":\"https:\\\/\\\/dpress.ma\\\/fr\\\/wp-content\\\/uploads\\\/sites\\\/2\\\/2026\\\/04\\\/1-1.jpg\",\"datePublished\":\"2026-04-13T17:16:57+00:00\",\"dateModified\":\"2026-04-13T17:17:00+00:00\",\"author\":{\"@id\":\"https:\\\/\\\/dpress.ma\\\/fr\\\/#\\\/schema\\\/person\\\/4898febf3ccd59e6578d838656a306a0\"},\"breadcrumb\":{\"@id\":\"https:\\\/\\\/dpress.ma\\\/fr\\\/2026\\\/04\\\/13\\\/le-ministere-des-habous-et-des-affaires-islamiques-lance-lapplication-le-moushaf-mohammadi-numerique\\\/#breadcrumb\"},\"inLanguage\":\"fr-FR\",\"potentialAction\":[{\"@type\":\"ReadAction\",\"target\":[\"https:\\\/\\\/dpress.ma\\\/fr\\\/2026\\\/04\\\/13\\\/le-ministere-des-habous-et-des-affaires-islamiques-lance-lapplication-le-moushaf-mohammadi-numerique\\\/\"]}]},{\"@type\":\"ImageObject\",\"inLanguage\":\"fr-FR\",\"@id\":\"https:\\\/\\\/dpress.ma\\\/fr\\\/2026\\\/04\\\/13\\\/le-ministere-des-habous-et-des-affaires-islamiques-lance-lapplication-le-moushaf-mohammadi-numerique\\\/#primaryimage\",\"url\":\"https:\\\/\\\/dpress.ma\\\/fr\\\/wp-content\\\/uploads\\\/sites\\\/2\\\/2026\\\/04\\\/1-1.jpg\",\"contentUrl\":\"https:\\\/\\\/dpress.ma\\\/fr\\\/wp-content\\\/uploads\\\/sites\\\/2\\\/2026\\\/04\\\/1-1.jpg\",\"width\":2539,\"height\":1594},{\"@type\":\"BreadcrumbList\",\"@id\":\"https:\\\/\\\/dpress.ma\\\/fr\\\/2026\\\/04\\\/13\\\/le-ministere-des-habous-et-des-affaires-islamiques-lance-lapplication-le-moushaf-mohammadi-numerique\\\/#breadcrumb\",\"itemListElement\":[{\"@type\":\"ListItem\",\"position\":1,\"name\":\"Home\",\"item\":\"https:\\\/\\\/dpress.ma\\\/fr\\\/\"},{\"@type\":\"ListItem\",\"position\":2,\"name\":\"Le minist\u00e8re des Habous et des Affaires islamiques lance l\u2019application \u201cLe Moushaf Mohammadi num\u00e9rique\u201d\"}]},{\"@type\":\"WebSite\",\"@id\":\"https:\\\/\\\/dpress.ma\\\/fr\\\/#website\",\"url\":\"https:\\\/\\\/dpress.ma\\\/fr\\\/\",\"name\":\"Dpress.ma\\\/fr\",\"description\":\"\",\"potentialAction\":[{\"@type\":\"SearchAction\",\"target\":{\"@type\":\"EntryPoint\",\"urlTemplate\":\"https:\\\/\\\/dpress.ma\\\/fr\\\/?s={search_term_string}\"},\"query-input\":{\"@type\":\"PropertyValueSpecification\",\"valueRequired\":true,\"valueName\":\"search_term_string\"}}],\"inLanguage\":\"fr-FR\"},{\"@type\":\"Person\",\"@id\":\"https:\\\/\\\/dpress.ma\\\/fr\\\/#\\\/schema\\\/person\\\/4898febf3ccd59e6578d838656a306a0\",\"name\":\"Dpress.ma\",\"image\":{\"@type\":\"ImageObject\",\"inLanguage\":\"fr-FR\",\"@id\":\"https:\\\/\\\/secure.gravatar.com\\\/avatar\\\/72ecc30e9db047a2e0e7176561eb9d564ed77c8108376495b19bd8336405198a?s=96&d=mm&r=g\",\"url\":\"https:\\\/\\\/secure.gravatar.com\\\/avatar\\\/72ecc30e9db047a2e0e7176561eb9d564ed77c8108376495b19bd8336405198a?s=96&d=mm&r=g\",\"contentUrl\":\"https:\\\/\\\/secure.gravatar.com\\\/avatar\\\/72ecc30e9db047a2e0e7176561eb9d564ed77c8108376495b19bd8336405198a?s=96&d=mm&r=g\",\"caption\":\"Dpress.ma\"},\"sameAs\":[\"https:\\\/\\\/www.dpress.ma\"],\"url\":\"https:\\\/\\\/dpress.ma\\\/fr\\\/author\\\/dpress-ma\\\/\"}]}<\/script>\n<!-- \/ Yoast SEO plugin. -->","yoast_head_json":{"title":"Le minist\u00e8re des Habous et des Affaires islamiques lance l\u2019application \u201cLe Moushaf Mohammadi num\u00e9rique\u201d - Dpress.ma\/fr","robots":{"index":"index","follow":"follow","max-snippet":"max-snippet:-1","max-image-preview":"max-image-preview:large","max-video-preview":"max-video-preview:-1"},"canonical":"https:\/\/dpress.ma\/fr\/2026\/04\/13\/le-ministere-des-habous-et-des-affaires-islamiques-lance-lapplication-le-moushaf-mohammadi-numerique\/","og_locale":"fr_FR","og_type":"article","og_title":"Le minist\u00e8re des Habous et des Affaires islamiques lance l\u2019application \u201cLe Moushaf Mohammadi num\u00e9rique\u201d - Dpress.ma\/fr","og_description":"Dpress Le minist\u00e8re des Habous et des Affaires islamiques a annonc\u00e9 le lancement du \u201cMoushaf Mohammadi num\u00e9rique\u201d, une application visant \u00e0 faciliter au grand public la r\u00e9citation du Coran, son analyse grammaticale (i\u2019rab), son ex\u00e9g\u00e8se (tafsir) ainsi que sa traduction. S\u2019inscrivant dans le cadre de la Haute Sollicitude dont Sa Majest\u00e9 le Roi Mohammed VI, &hellip;","og_url":"https:\/\/dpress.ma\/fr\/2026\/04\/13\/le-ministere-des-habous-et-des-affaires-islamiques-lance-lapplication-le-moushaf-mohammadi-numerique\/","og_site_name":"Dpress.ma\/fr","article_published_time":"2026-04-13T17:16:57+00:00","article_modified_time":"2026-04-13T17:17:00+00:00","og_image":[{"width":2539,"height":1594,"url":"https:\/\/dpress.ma\/fr\/wp-content\/uploads\/sites\/2\/2026\/04\/1-1.jpg","type":"image\/jpeg"}],"author":"Dpress.ma","twitter_card":"summary_large_image","twitter_misc":{"\u00c9crit par":"Dpress.ma","Dur\u00e9e de lecture estim\u00e9e":"2 minutes"},"schema":{"@context":"https:\/\/schema.org","@graph":[{"@type":"Article","@id":"https:\/\/dpress.ma\/fr\/2026\/04\/13\/le-ministere-des-habous-et-des-affaires-islamiques-lance-lapplication-le-moushaf-mohammadi-numerique\/#article","isPartOf":{"@id":"https:\/\/dpress.ma\/fr\/2026\/04\/13\/le-ministere-des-habous-et-des-affaires-islamiques-lance-lapplication-le-moushaf-mohammadi-numerique\/"},"author":{"name":"Dpress.ma","@id":"https:\/\/dpress.ma\/fr\/#\/schema\/person\/4898febf3ccd59e6578d838656a306a0"},"headline":"Le minist\u00e8re des Habous et des Affaires islamiques lance l\u2019application \u201cLe Moushaf Mohammadi num\u00e9rique\u201d","datePublished":"2026-04-13T17:16:57+00:00","dateModified":"2026-04-13T17:17:00+00:00","mainEntityOfPage":{"@id":"https:\/\/dpress.ma\/fr\/2026\/04\/13\/le-ministere-des-habous-et-des-affaires-islamiques-lance-lapplication-le-moushaf-mohammadi-numerique\/"},"wordCount":344,"commentCount":0,"image":{"@id":"https:\/\/dpress.ma\/fr\/2026\/04\/13\/le-ministere-des-habous-et-des-affaires-islamiques-lance-lapplication-le-moushaf-mohammadi-numerique\/#primaryimage"},"thumbnailUrl":"https:\/\/dpress.ma\/fr\/wp-content\/uploads\/sites\/2\/2026\/04\/1-1.jpg","articleSection":["societe et regions"],"inLanguage":"fr-FR","potentialAction":[{"@type":"CommentAction","name":"Comment","target":["https:\/\/dpress.ma\/fr\/2026\/04\/13\/le-ministere-des-habous-et-des-affaires-islamiques-lance-lapplication-le-moushaf-mohammadi-numerique\/#respond"]}]},{"@type":"WebPage","@id":"https:\/\/dpress.ma\/fr\/2026\/04\/13\/le-ministere-des-habous-et-des-affaires-islamiques-lance-lapplication-le-moushaf-mohammadi-numerique\/","url":"https:\/\/dpress.ma\/fr\/2026\/04\/13\/le-ministere-des-habous-et-des-affaires-islamiques-lance-lapplication-le-moushaf-mohammadi-numerique\/","name":"Le minist\u00e8re des Habous et des Affaires islamiques lance l\u2019application \u201cLe Moushaf Mohammadi num\u00e9rique\u201d - Dpress.ma\/fr","isPartOf":{"@id":"https:\/\/dpress.ma\/fr\/#website"},"primaryImageOfPage":{"@id":"https:\/\/dpress.ma\/fr\/2026\/04\/13\/le-ministere-des-habous-et-des-affaires-islamiques-lance-lapplication-le-moushaf-mohammadi-numerique\/#primaryimage"},"image":{"@id":"https:\/\/dpress.ma\/fr\/2026\/04\/13\/le-ministere-des-habous-et-des-affaires-islamiques-lance-lapplication-le-moushaf-mohammadi-numerique\/#primaryimage"},"thumbnailUrl":"https:\/\/dpress.ma\/fr\/wp-content\/uploads\/sites\/2\/2026\/04\/1-1.jpg","datePublished":"2026-04-13T17:16:57+00:00","dateModified":"2026-04-13T17:17:00+00:00","author":{"@id":"https:\/\/dpress.ma\/fr\/#\/schema\/person\/4898febf3ccd59e6578d838656a306a0"},"breadcrumb":{"@id":"https:\/\/dpress.ma\/fr\/2026\/04\/13\/le-ministere-des-habous-et-des-affaires-islamiques-lance-lapplication-le-moushaf-mohammadi-numerique\/#breadcrumb"},"inLanguage":"fr-FR","potentialAction":[{"@type":"ReadAction","target":["https:\/\/dpress.ma\/fr\/2026\/04\/13\/le-ministere-des-habous-et-des-affaires-islamiques-lance-lapplication-le-moushaf-mohammadi-numerique\/"]}]},{"@type":"ImageObject","inLanguage":"fr-FR","@id":"https:\/\/dpress.ma\/fr\/2026\/04\/13\/le-ministere-des-habous-et-des-affaires-islamiques-lance-lapplication-le-moushaf-mohammadi-numerique\/#primaryimage","url":"https:\/\/dpress.ma\/fr\/wp-content\/uploads\/sites\/2\/2026\/04\/1-1.jpg","contentUrl":"https:\/\/dpress.ma\/fr\/wp-content\/uploads\/sites\/2\/2026\/04\/1-1.jpg","width":2539,"height":1594},{"@type":"BreadcrumbList","@id":"https:\/\/dpress.ma\/fr\/2026\/04\/13\/le-ministere-des-habous-et-des-affaires-islamiques-lance-lapplication-le-moushaf-mohammadi-numerique\/#breadcrumb","itemListElement":[{"@type":"ListItem","position":1,"name":"Home","item":"https:\/\/dpress.ma\/fr\/"},{"@type":"ListItem","position":2,"name":"Le minist\u00e8re des Habous et des Affaires islamiques lance l\u2019application \u201cLe Moushaf Mohammadi num\u00e9rique\u201d"}]},{"@type":"WebSite","@id":"https:\/\/dpress.ma\/fr\/#website","url":"https:\/\/dpress.ma\/fr\/","name":"Dpress.ma\/fr","description":"","potentialAction":[{"@type":"SearchAction","target":{"@type":"EntryPoint","urlTemplate":"https:\/\/dpress.ma\/fr\/?s={search_term_string}"},"query-input":{"@type":"PropertyValueSpecification","valueRequired":true,"valueName":"search_term_string"}}],"inLanguage":"fr-FR"},{"@type":"Person","@id":"https:\/\/dpress.ma\/fr\/#\/schema\/person\/4898febf3ccd59e6578d838656a306a0","name":"Dpress.ma","image":{"@type":"ImageObject","inLanguage":"fr-FR","@id":"https:\/\/secure.gravatar.com\/avatar\/72ecc30e9db047a2e0e7176561eb9d564ed77c8108376495b19bd8336405198a?s=96&d=mm&r=g","url":"https:\/\/secure.gravatar.com\/avatar\/72ecc30e9db047a2e0e7176561eb9d564ed77c8108376495b19bd8336405198a?s=96&d=mm&r=g","contentUrl":"https:\/\/secure.gravatar.com\/avatar\/72ecc30e9db047a2e0e7176561eb9d564ed77c8108376495b19bd8336405198a?s=96&d=mm&r=g","caption":"Dpress.ma"},"sameAs":["https:\/\/www.dpress.ma"],"url":"https:\/\/dpress.ma\/fr\/author\/dpress-ma\/"}]}},"amp_enabled":true,"_links":{"self":[{"href":"https:\/\/dpress.ma\/fr\/wp-json\/wp\/v2\/posts\/28385","targetHints":{"allow":["GET"]}}],"collection":[{"href":"https:\/\/dpress.ma\/fr\/wp-json\/wp\/v2\/posts"}],"about":[{"href":"https:\/\/dpress.ma\/fr\/wp-json\/wp\/v2\/types\/post"}],"author":[{"embeddable":true,"href":"https:\/\/dpress.ma\/fr\/wp-json\/wp\/v2\/users\/2"}],"replies":[{"embeddable":true,"href":"https:\/\/dpress.ma\/fr\/wp-json\/wp\/v2\/comments?post=28385"}],"version-history":[{"count":1,"href":"https:\/\/dpress.ma\/fr\/wp-json\/wp\/v2\/posts\/28385\/revisions"}],"predecessor-version":[{"id":28387,"href":"https:\/\/dpress.ma\/fr\/wp-json\/wp\/v2\/posts\/28385\/revisions\/28387"}],"wp:featuredmedia":[{"embeddable":true,"href":"https:\/\/dpress.ma\/fr\/wp-json\/wp\/v2\/media\/28386"}],"wp:attachment":[{"href":"https:\/\/dpress.ma\/fr\/wp-json\/wp\/v2\/media?parent=28385"}],"wp:term":[{"taxonomy":"category","embeddable":true,"href":"https:\/\/dpress.ma\/fr\/wp-json\/wp\/v2\/categories?post=28385"},{"taxonomy":"post_tag","embeddable":true,"href":"https:\/\/dpress.ma\/fr\/wp-json\/wp\/v2\/tags?post=28385"}],"curies":[{"name":"wp","href":"https:\/\/api.w.org\/{rel}","templated":true}]}}