{"id":28382,"date":"2026-04-13T17:14:11","date_gmt":"2026-04-13T17:14:11","guid":{"rendered":"https:\/\/dpress.ma\/fr\/?p=28382"},"modified":"2026-04-13T17:14:13","modified_gmt":"2026-04-13T17:14:13","slug":"rabat-lancement-de-la-version-actualisee-de-la-plateforme-chikaya-visant-lamelioration-des-services-de-sante","status":"publish","type":"post","link":"https:\/\/dpress.ma\/fr\/2026\/04\/13\/rabat-lancement-de-la-version-actualisee-de-la-plateforme-chikaya-visant-lamelioration-des-services-de-sante\/","title":{"rendered":"Rabat : lancement de la version actualis\u00e9e de la plateforme \u201cchikaya\u201d visant l\u2019am\u00e9lioration des services de sant\u00e9"},"content":{"rendered":"\n<p>Dpress<\/p>\n\n\n\n<p>Le projet d\u2019actualisation et de modernisation de la plateforme num\u00e9rique de sant\u00e9 \u201cchikaya\u201d, accessible via le portail \u00e9lectronique \u201cwww.chikayasante.ma\u201d\u2060, a \u00e9t\u00e9 lanc\u00e9 lundi \u00e0 Rabat, \u00e0 travers la mise en place d\u2019un syst\u00e8me national int\u00e9gr\u00e9 sp\u00e9cialis\u00e9 dans la r\u00e9ception et le traitement des r\u00e9clamations li\u00e9es aux services de sant\u00e9 \u00e0 l\u2019\u00e9chelle nationale.<\/p>\n\n\n\n<p>Ce dispositif, qui comprend un centre national d\u2019\u00e9coute appuy\u00e9 par des outils num\u00e9riques avanc\u00e9s permettant un suivi pr\u00e9cis et efficace des dol\u00e9ances des citoyens, s\u2019inscrit dans le cadre de la poursuite de la modernisation du syst\u00e8me actuellement en vigueur pour le traitement des r\u00e9clamations relatives aux services de sant\u00e9.<\/p>\n\n\n\n<p>Il a pour objectif de consacrer les principes de transparence et de renforcer les m\u00e9canismes de confiance et d\u2019interaction avec les attentes des citoyens, en conformit\u00e9 avec les Hautes Orientations de Sa Majest\u00e9 le Roi Mohammed VI visant \u00e0 op\u00e9rer une r\u00e9forme profonde et structurelle du syst\u00e8me national de sant\u00e9, ainsi qu\u2019\u00e0 l\u2019am\u00e9lioration de la qualit\u00e9 des services et \u00e0 leur rapprochement des citoyens.<\/p>\n\n\n\n<p>Cette nouvelle version de la plateforme recevra les r\u00e9clamations des citoyens en lien avec les services de sant\u00e9 aussi bien dans les secteurs public que priv\u00e9, \u00e0 travers le portail \u00e9lectronique, le t\u00e9l\u00e9phone, l\u2019application WhatsApp, les SMS et le courrier \u00e9lectronique, afin de permettre aux usagers de d\u00e9poser leurs r\u00e9clamations, a d\u00e9clar\u00e9 \u00e0 la presse le ministre de la Sant\u00e9 et de la Protection sociale, Amine Tahraoui.<\/p>\n\n\n\n<p>Ces r\u00e9clamations seront trait\u00e9es selon leur nature et leur type, a indiqu\u00e9 M. Tahraoui, pr\u00e9cisant que les plaintes simples seront trait\u00e9es dans de courts d\u00e9lais, tandis que les plus complexes n\u00e9cessiteront davantage de temps, avec un suivi et un accompagnement de chaque \u00e9tape de leur traitement.<\/p>\n\n\n\n<p>Ce m\u00e9canisme vise \u00e0 garantir la communication avec les plaignants et \u00e0 am\u00e9liorer la qualit\u00e9 des services de sant\u00e9, tout en les rapprochant davantage des citoyens, dans le cadre de la poursuite de la r\u00e9forme du syst\u00e8me de sant\u00e9, a-t-il soulign\u00e9.<\/p>\n\n\n\n<p>Le nouveau syst\u00e8me repose sur des m\u00e9canismes d\u00e9velopp\u00e9s de suivi et de traitement, \u00e0 travers le Centre national d\u2019\u00e9coute op\u00e9rant selon un sch\u00e9ma organisationnel rigoureux, appuy\u00e9 par une plateforme num\u00e9rique moderne permettant l\u2019enregistrement et le suivi des r\u00e9clamations.<\/p>\n\n\n\n<p>Mobilis\u00e9s pour assurer le bon fonctionnement de ce centre, 15 cadres, assist\u00e9s de 2 superviseurs, sont charg\u00e9s de la r\u00e9ception, de la classification, de l\u2019enregistrement et de l\u2019orientation des plaintes, tout en garantissant leur suivi m\u00e9thodique jusqu\u2019\u00e0 leur traitement final.<\/p>\n\n\n\n<p>Cette structure regroupe des cadres du minist\u00e8re de la Sant\u00e9 et de la Protection sociale ainsi que des ressources humaines relevant du Centre d\u2019appel, en plus de la cellule centrale du minist\u00e8re charg\u00e9e de l\u2019encadrement, du suivi strat\u00e9gique et du traitement des r\u00e9clamations complexes.<\/p>\n\n\n\n<p>Au total, plus de vingt cadres sont mobilis\u00e9s pour assurer la continuit\u00e9 du service, l\u2019acc\u00e9l\u00e9ration du rythme de traitement et l\u2019am\u00e9lioration de la qualit\u00e9 des r\u00e9ponses.<\/p>\n\n\n\n<p>Le syst\u00e8me repose \u00e9galement sur un processus clair et int\u00e9gr\u00e9 pour le traitement des dossiers \u00e0 travers les diff\u00e9rents niveaux du syst\u00e8me de sant\u00e9, incluant la coordination territoriale et la gestion des cas complexes aux niveaux r\u00e9gional et central, tout en respectant les d\u00e9lais de traitement avec un suivi pr\u00e9cis et transparent de chaque r\u00e9clamation.<\/p>\n\n\n\n<p>Ce projet vise \u00e0 am\u00e9liorer la qualit\u00e9 de la prise en charge des r\u00e9clamations des usagers \u00e0 la faveur d\u2019une approche fond\u00e9e sur l\u2019\u00e9coute active, l\u2019analyse des donn\u00e9es et la r\u00e9ponse rapide, de fa\u00e7on \u00e0 renforcer la satisfaction des citoyens et r\u00e9duire les dysfonctionnements potentiels.<\/p>\n\n\n\n<p>Il cherche \u00e9galement \u00e0 renforcer les m\u00e9canismes de prise de d\u00e9cision, fond\u00e9s sur des indicateurs pr\u00e9cis issus du traitement m\u00e9thodique des diff\u00e9rentes plaintes re\u00e7ues, afin d\u2019assurer une plus grande efficacit\u00e9 dans la gestion du syst\u00e8me national de sant\u00e9.<\/p>\n\n\n\n<p>Le Centre constitue un levier essentiel pour acc\u00e9l\u00e9rer le traitement des r\u00e9clamations des citoyens, am\u00e9liorer la transparence des services de sant\u00e9 et renforcer la tra\u00e7abilit\u00e9 des dossiers, ce qui aura un impact positif sur la qualit\u00e9 de la prise en charge des usagers.<\/p>\n\n\n\n<p>Ce chantier repr\u00e9sente, en outre, un outil structurant pour soutenir la transformation num\u00e9rique du secteur et consolider les principes de proximit\u00e9 et d\u2019\u00e9coute, tout en pla\u00e7ant l\u2019usager au c\u0153ur du syst\u00e8me de sant\u00e9 et de la protection sociale.<\/p>\n\n\n\n<p>La cr\u00e9ation de ce centre confirme l\u2019engagement du minist\u00e8re de la Sant\u00e9 et de la Protection sociale \u00e0 poursuivre la mise en \u0153uvre des r\u00e9formes structurelles visant \u00e0 am\u00e9liorer la gouvernance du secteur et \u00e0 renforcer la qualit\u00e9 des services, \u00e0 travers l\u2019instauration de m\u00e9canismes modernes d\u2019\u00e9coute et d\u2019interaction r\u00e9pondant aux attentes des citoyens, en cons\u00e9cration des principes du service public fond\u00e9s sur l\u2019efficacit\u00e9, la transparence et l\u2019\u00e9quit\u00e9.<\/p>\n\n\n\n<p>Le minist\u00e8re met \u00e0 la disposition des citoyens la plateforme num\u00e9rique \u201cwww.chikayasante.ma\u2060\u201d, ainsi que le num\u00e9ro vert 0801005353, accessible par t\u00e9l\u00e9phone, via l\u2019application WhatsApp et \u00e9galement par SMS, pour le d\u00e9p\u00f4t et le suivi des r\u00e9clamations.<\/p>\n","protected":false},"excerpt":{"rendered":"<p>Dpress Le projet d\u2019actualisation et de modernisation de la plateforme num\u00e9rique de sant\u00e9 \u201cchikaya\u201d, accessible via le portail \u00e9lectronique \u201cwww.chikayasante.ma\u201d\u2060, a \u00e9t\u00e9 lanc\u00e9 lundi \u00e0 Rabat, \u00e0 travers la mise en place d\u2019un syst\u00e8me national int\u00e9gr\u00e9 sp\u00e9cialis\u00e9 dans la r\u00e9ception et le traitement des r\u00e9clamations li\u00e9es aux services de sant\u00e9 \u00e0 l\u2019\u00e9chelle nationale. Ce dispositif, &hellip;<\/p>\n","protected":false},"author":2,"featured_media":28383,"comment_status":"open","ping_status":"open","sticky":false,"template":"","format":"standard","meta":{"footnotes":""},"categories":[40],"tags":[],"class_list":["post-28382","post","type-post","status-publish","format-standard","has-post-thumbnail","hentry","category-societe-et-regions"],"yoast_head":"<!-- This site is optimized with the Yoast SEO plugin v27.5 - https:\/\/yoast.com\/product\/yoast-seo-wordpress\/ -->\n<title>Rabat : lancement de la version actualis\u00e9e de la plateforme \u201cchikaya\u201d visant l\u2019am\u00e9lioration des services de sant\u00e9 - Dpress.ma\/fr<\/title>\n<meta name=\"robots\" content=\"index, follow, max-snippet:-1, max-image-preview:large, max-video-preview:-1\" \/>\n<link rel=\"canonical\" href=\"https:\/\/dpress.ma\/fr\/2026\/04\/13\/rabat-lancement-de-la-version-actualisee-de-la-plateforme-chikaya-visant-lamelioration-des-services-de-sante\/\" \/>\n<meta property=\"og:locale\" content=\"fr_FR\" \/>\n<meta property=\"og:type\" content=\"article\" \/>\n<meta property=\"og:title\" content=\"Rabat : lancement de la version actualis\u00e9e de la plateforme \u201cchikaya\u201d visant l\u2019am\u00e9lioration des services de sant\u00e9 - Dpress.ma\/fr\" \/>\n<meta property=\"og:description\" content=\"Dpress Le projet d\u2019actualisation et de modernisation de la plateforme num\u00e9rique de sant\u00e9 \u201cchikaya\u201d, accessible via le portail \u00e9lectronique \u201cwww.chikayasante.ma\u201d\u2060, a \u00e9t\u00e9 lanc\u00e9 lundi \u00e0 Rabat, \u00e0 travers la mise en place d\u2019un syst\u00e8me national int\u00e9gr\u00e9 sp\u00e9cialis\u00e9 dans la r\u00e9ception et le traitement des r\u00e9clamations li\u00e9es aux services de sant\u00e9 \u00e0 l\u2019\u00e9chelle nationale. Ce dispositif, &hellip;\" \/>\n<meta property=\"og:url\" content=\"https:\/\/dpress.ma\/fr\/2026\/04\/13\/rabat-lancement-de-la-version-actualisee-de-la-plateforme-chikaya-visant-lamelioration-des-services-de-sante\/\" \/>\n<meta property=\"og:site_name\" content=\"Dpress.ma\/fr\" \/>\n<meta property=\"article:published_time\" content=\"2026-04-13T17:14:11+00:00\" \/>\n<meta property=\"article:modified_time\" content=\"2026-04-13T17:14:13+00:00\" \/>\n<meta property=\"og:image\" content=\"https:\/\/dpress.ma\/fr\/wp-content\/uploads\/sites\/2\/2026\/04\/0-3.jpg\" \/>\n\t<meta property=\"og:image:width\" content=\"2539\" \/>\n\t<meta property=\"og:image:height\" content=\"1594\" \/>\n\t<meta property=\"og:image:type\" content=\"image\/jpeg\" \/>\n<meta name=\"author\" content=\"Dpress.ma\" \/>\n<meta name=\"twitter:card\" content=\"summary_large_image\" \/>\n<meta name=\"twitter:label1\" content=\"\u00c9crit par\" \/>\n\t<meta name=\"twitter:data1\" content=\"Dpress.ma\" \/>\n\t<meta name=\"twitter:label2\" content=\"Dur\u00e9e de lecture estim\u00e9e\" \/>\n\t<meta name=\"twitter:data2\" content=\"5 minutes\" \/>\n<script type=\"application\/ld+json\" class=\"yoast-schema-graph\">{\"@context\":\"https:\\\/\\\/schema.org\",\"@graph\":[{\"@type\":\"Article\",\"@id\":\"https:\\\/\\\/dpress.ma\\\/fr\\\/2026\\\/04\\\/13\\\/rabat-lancement-de-la-version-actualisee-de-la-plateforme-chikaya-visant-lamelioration-des-services-de-sante\\\/#article\",\"isPartOf\":{\"@id\":\"https:\\\/\\\/dpress.ma\\\/fr\\\/2026\\\/04\\\/13\\\/rabat-lancement-de-la-version-actualisee-de-la-plateforme-chikaya-visant-lamelioration-des-services-de-sante\\\/\"},\"author\":{\"name\":\"Dpress.ma\",\"@id\":\"https:\\\/\\\/dpress.ma\\\/fr\\\/#\\\/schema\\\/person\\\/4898febf3ccd59e6578d838656a306a0\"},\"headline\":\"Rabat : lancement de la version actualis\u00e9e de la plateforme \u201cchikaya\u201d visant l\u2019am\u00e9lioration des services de sant\u00e9\",\"datePublished\":\"2026-04-13T17:14:11+00:00\",\"dateModified\":\"2026-04-13T17:14:13+00:00\",\"mainEntityOfPage\":{\"@id\":\"https:\\\/\\\/dpress.ma\\\/fr\\\/2026\\\/04\\\/13\\\/rabat-lancement-de-la-version-actualisee-de-la-plateforme-chikaya-visant-lamelioration-des-services-de-sante\\\/\"},\"wordCount\":926,\"commentCount\":0,\"image\":{\"@id\":\"https:\\\/\\\/dpress.ma\\\/fr\\\/2026\\\/04\\\/13\\\/rabat-lancement-de-la-version-actualisee-de-la-plateforme-chikaya-visant-lamelioration-des-services-de-sante\\\/#primaryimage\"},\"thumbnailUrl\":\"https:\\\/\\\/dpress.ma\\\/fr\\\/wp-content\\\/uploads\\\/sites\\\/2\\\/2026\\\/04\\\/0-3.jpg\",\"articleSection\":[\"societe et regions\"],\"inLanguage\":\"fr-FR\",\"potentialAction\":[{\"@type\":\"CommentAction\",\"name\":\"Comment\",\"target\":[\"https:\\\/\\\/dpress.ma\\\/fr\\\/2026\\\/04\\\/13\\\/rabat-lancement-de-la-version-actualisee-de-la-plateforme-chikaya-visant-lamelioration-des-services-de-sante\\\/#respond\"]}]},{\"@type\":\"WebPage\",\"@id\":\"https:\\\/\\\/dpress.ma\\\/fr\\\/2026\\\/04\\\/13\\\/rabat-lancement-de-la-version-actualisee-de-la-plateforme-chikaya-visant-lamelioration-des-services-de-sante\\\/\",\"url\":\"https:\\\/\\\/dpress.ma\\\/fr\\\/2026\\\/04\\\/13\\\/rabat-lancement-de-la-version-actualisee-de-la-plateforme-chikaya-visant-lamelioration-des-services-de-sante\\\/\",\"name\":\"Rabat : lancement de la version actualis\u00e9e de la plateforme \u201cchikaya\u201d visant l\u2019am\u00e9lioration des services de sant\u00e9 - Dpress.ma\\\/fr\",\"isPartOf\":{\"@id\":\"https:\\\/\\\/dpress.ma\\\/fr\\\/#website\"},\"primaryImageOfPage\":{\"@id\":\"https:\\\/\\\/dpress.ma\\\/fr\\\/2026\\\/04\\\/13\\\/rabat-lancement-de-la-version-actualisee-de-la-plateforme-chikaya-visant-lamelioration-des-services-de-sante\\\/#primaryimage\"},\"image\":{\"@id\":\"https:\\\/\\\/dpress.ma\\\/fr\\\/2026\\\/04\\\/13\\\/rabat-lancement-de-la-version-actualisee-de-la-plateforme-chikaya-visant-lamelioration-des-services-de-sante\\\/#primaryimage\"},\"thumbnailUrl\":\"https:\\\/\\\/dpress.ma\\\/fr\\\/wp-content\\\/uploads\\\/sites\\\/2\\\/2026\\\/04\\\/0-3.jpg\",\"datePublished\":\"2026-04-13T17:14:11+00:00\",\"dateModified\":\"2026-04-13T17:14:13+00:00\",\"author\":{\"@id\":\"https:\\\/\\\/dpress.ma\\\/fr\\\/#\\\/schema\\\/person\\\/4898febf3ccd59e6578d838656a306a0\"},\"breadcrumb\":{\"@id\":\"https:\\\/\\\/dpress.ma\\\/fr\\\/2026\\\/04\\\/13\\\/rabat-lancement-de-la-version-actualisee-de-la-plateforme-chikaya-visant-lamelioration-des-services-de-sante\\\/#breadcrumb\"},\"inLanguage\":\"fr-FR\",\"potentialAction\":[{\"@type\":\"ReadAction\",\"target\":[\"https:\\\/\\\/dpress.ma\\\/fr\\\/2026\\\/04\\\/13\\\/rabat-lancement-de-la-version-actualisee-de-la-plateforme-chikaya-visant-lamelioration-des-services-de-sante\\\/\"]}]},{\"@type\":\"ImageObject\",\"inLanguage\":\"fr-FR\",\"@id\":\"https:\\\/\\\/dpress.ma\\\/fr\\\/2026\\\/04\\\/13\\\/rabat-lancement-de-la-version-actualisee-de-la-plateforme-chikaya-visant-lamelioration-des-services-de-sante\\\/#primaryimage\",\"url\":\"https:\\\/\\\/dpress.ma\\\/fr\\\/wp-content\\\/uploads\\\/sites\\\/2\\\/2026\\\/04\\\/0-3.jpg\",\"contentUrl\":\"https:\\\/\\\/dpress.ma\\\/fr\\\/wp-content\\\/uploads\\\/sites\\\/2\\\/2026\\\/04\\\/0-3.jpg\",\"width\":2539,\"height\":1594},{\"@type\":\"BreadcrumbList\",\"@id\":\"https:\\\/\\\/dpress.ma\\\/fr\\\/2026\\\/04\\\/13\\\/rabat-lancement-de-la-version-actualisee-de-la-plateforme-chikaya-visant-lamelioration-des-services-de-sante\\\/#breadcrumb\",\"itemListElement\":[{\"@type\":\"ListItem\",\"position\":1,\"name\":\"Home\",\"item\":\"https:\\\/\\\/dpress.ma\\\/fr\\\/\"},{\"@type\":\"ListItem\",\"position\":2,\"name\":\"Rabat : lancement de la version actualis\u00e9e de la plateforme \u201cchikaya\u201d visant l\u2019am\u00e9lioration des services de sant\u00e9\"}]},{\"@type\":\"WebSite\",\"@id\":\"https:\\\/\\\/dpress.ma\\\/fr\\\/#website\",\"url\":\"https:\\\/\\\/dpress.ma\\\/fr\\\/\",\"name\":\"Dpress.ma\\\/fr\",\"description\":\"\",\"potentialAction\":[{\"@type\":\"SearchAction\",\"target\":{\"@type\":\"EntryPoint\",\"urlTemplate\":\"https:\\\/\\\/dpress.ma\\\/fr\\\/?s={search_term_string}\"},\"query-input\":{\"@type\":\"PropertyValueSpecification\",\"valueRequired\":true,\"valueName\":\"search_term_string\"}}],\"inLanguage\":\"fr-FR\"},{\"@type\":\"Person\",\"@id\":\"https:\\\/\\\/dpress.ma\\\/fr\\\/#\\\/schema\\\/person\\\/4898febf3ccd59e6578d838656a306a0\",\"name\":\"Dpress.ma\",\"image\":{\"@type\":\"ImageObject\",\"inLanguage\":\"fr-FR\",\"@id\":\"https:\\\/\\\/secure.gravatar.com\\\/avatar\\\/72ecc30e9db047a2e0e7176561eb9d564ed77c8108376495b19bd8336405198a?s=96&d=mm&r=g\",\"url\":\"https:\\\/\\\/secure.gravatar.com\\\/avatar\\\/72ecc30e9db047a2e0e7176561eb9d564ed77c8108376495b19bd8336405198a?s=96&d=mm&r=g\",\"contentUrl\":\"https:\\\/\\\/secure.gravatar.com\\\/avatar\\\/72ecc30e9db047a2e0e7176561eb9d564ed77c8108376495b19bd8336405198a?s=96&d=mm&r=g\",\"caption\":\"Dpress.ma\"},\"sameAs\":[\"https:\\\/\\\/www.dpress.ma\"],\"url\":\"https:\\\/\\\/dpress.ma\\\/fr\\\/author\\\/dpress-ma\\\/\"}]}<\/script>\n<!-- \/ Yoast SEO plugin. -->","yoast_head_json":{"title":"Rabat : lancement de la version actualis\u00e9e de la plateforme \u201cchikaya\u201d visant l\u2019am\u00e9lioration des services de sant\u00e9 - Dpress.ma\/fr","robots":{"index":"index","follow":"follow","max-snippet":"max-snippet:-1","max-image-preview":"max-image-preview:large","max-video-preview":"max-video-preview:-1"},"canonical":"https:\/\/dpress.ma\/fr\/2026\/04\/13\/rabat-lancement-de-la-version-actualisee-de-la-plateforme-chikaya-visant-lamelioration-des-services-de-sante\/","og_locale":"fr_FR","og_type":"article","og_title":"Rabat : lancement de la version actualis\u00e9e de la plateforme \u201cchikaya\u201d visant l\u2019am\u00e9lioration des services de sant\u00e9 - Dpress.ma\/fr","og_description":"Dpress Le projet d\u2019actualisation et de modernisation de la plateforme num\u00e9rique de sant\u00e9 \u201cchikaya\u201d, accessible via le portail \u00e9lectronique \u201cwww.chikayasante.ma\u201d\u2060, a \u00e9t\u00e9 lanc\u00e9 lundi \u00e0 Rabat, \u00e0 travers la mise en place d\u2019un syst\u00e8me national int\u00e9gr\u00e9 sp\u00e9cialis\u00e9 dans la r\u00e9ception et le traitement des r\u00e9clamations li\u00e9es aux services de sant\u00e9 \u00e0 l\u2019\u00e9chelle nationale. Ce dispositif, &hellip;","og_url":"https:\/\/dpress.ma\/fr\/2026\/04\/13\/rabat-lancement-de-la-version-actualisee-de-la-plateforme-chikaya-visant-lamelioration-des-services-de-sante\/","og_site_name":"Dpress.ma\/fr","article_published_time":"2026-04-13T17:14:11+00:00","article_modified_time":"2026-04-13T17:14:13+00:00","og_image":[{"width":2539,"height":1594,"url":"https:\/\/dpress.ma\/fr\/wp-content\/uploads\/sites\/2\/2026\/04\/0-3.jpg","type":"image\/jpeg"}],"author":"Dpress.ma","twitter_card":"summary_large_image","twitter_misc":{"\u00c9crit par":"Dpress.ma","Dur\u00e9e de lecture estim\u00e9e":"5 minutes"},"schema":{"@context":"https:\/\/schema.org","@graph":[{"@type":"Article","@id":"https:\/\/dpress.ma\/fr\/2026\/04\/13\/rabat-lancement-de-la-version-actualisee-de-la-plateforme-chikaya-visant-lamelioration-des-services-de-sante\/#article","isPartOf":{"@id":"https:\/\/dpress.ma\/fr\/2026\/04\/13\/rabat-lancement-de-la-version-actualisee-de-la-plateforme-chikaya-visant-lamelioration-des-services-de-sante\/"},"author":{"name":"Dpress.ma","@id":"https:\/\/dpress.ma\/fr\/#\/schema\/person\/4898febf3ccd59e6578d838656a306a0"},"headline":"Rabat : lancement de la version actualis\u00e9e de la plateforme \u201cchikaya\u201d visant l\u2019am\u00e9lioration des services de sant\u00e9","datePublished":"2026-04-13T17:14:11+00:00","dateModified":"2026-04-13T17:14:13+00:00","mainEntityOfPage":{"@id":"https:\/\/dpress.ma\/fr\/2026\/04\/13\/rabat-lancement-de-la-version-actualisee-de-la-plateforme-chikaya-visant-lamelioration-des-services-de-sante\/"},"wordCount":926,"commentCount":0,"image":{"@id":"https:\/\/dpress.ma\/fr\/2026\/04\/13\/rabat-lancement-de-la-version-actualisee-de-la-plateforme-chikaya-visant-lamelioration-des-services-de-sante\/#primaryimage"},"thumbnailUrl":"https:\/\/dpress.ma\/fr\/wp-content\/uploads\/sites\/2\/2026\/04\/0-3.jpg","articleSection":["societe et regions"],"inLanguage":"fr-FR","potentialAction":[{"@type":"CommentAction","name":"Comment","target":["https:\/\/dpress.ma\/fr\/2026\/04\/13\/rabat-lancement-de-la-version-actualisee-de-la-plateforme-chikaya-visant-lamelioration-des-services-de-sante\/#respond"]}]},{"@type":"WebPage","@id":"https:\/\/dpress.ma\/fr\/2026\/04\/13\/rabat-lancement-de-la-version-actualisee-de-la-plateforme-chikaya-visant-lamelioration-des-services-de-sante\/","url":"https:\/\/dpress.ma\/fr\/2026\/04\/13\/rabat-lancement-de-la-version-actualisee-de-la-plateforme-chikaya-visant-lamelioration-des-services-de-sante\/","name":"Rabat : lancement de la version actualis\u00e9e de la plateforme \u201cchikaya\u201d visant l\u2019am\u00e9lioration des services de sant\u00e9 - Dpress.ma\/fr","isPartOf":{"@id":"https:\/\/dpress.ma\/fr\/#website"},"primaryImageOfPage":{"@id":"https:\/\/dpress.ma\/fr\/2026\/04\/13\/rabat-lancement-de-la-version-actualisee-de-la-plateforme-chikaya-visant-lamelioration-des-services-de-sante\/#primaryimage"},"image":{"@id":"https:\/\/dpress.ma\/fr\/2026\/04\/13\/rabat-lancement-de-la-version-actualisee-de-la-plateforme-chikaya-visant-lamelioration-des-services-de-sante\/#primaryimage"},"thumbnailUrl":"https:\/\/dpress.ma\/fr\/wp-content\/uploads\/sites\/2\/2026\/04\/0-3.jpg","datePublished":"2026-04-13T17:14:11+00:00","dateModified":"2026-04-13T17:14:13+00:00","author":{"@id":"https:\/\/dpress.ma\/fr\/#\/schema\/person\/4898febf3ccd59e6578d838656a306a0"},"breadcrumb":{"@id":"https:\/\/dpress.ma\/fr\/2026\/04\/13\/rabat-lancement-de-la-version-actualisee-de-la-plateforme-chikaya-visant-lamelioration-des-services-de-sante\/#breadcrumb"},"inLanguage":"fr-FR","potentialAction":[{"@type":"ReadAction","target":["https:\/\/dpress.ma\/fr\/2026\/04\/13\/rabat-lancement-de-la-version-actualisee-de-la-plateforme-chikaya-visant-lamelioration-des-services-de-sante\/"]}]},{"@type":"ImageObject","inLanguage":"fr-FR","@id":"https:\/\/dpress.ma\/fr\/2026\/04\/13\/rabat-lancement-de-la-version-actualisee-de-la-plateforme-chikaya-visant-lamelioration-des-services-de-sante\/#primaryimage","url":"https:\/\/dpress.ma\/fr\/wp-content\/uploads\/sites\/2\/2026\/04\/0-3.jpg","contentUrl":"https:\/\/dpress.ma\/fr\/wp-content\/uploads\/sites\/2\/2026\/04\/0-3.jpg","width":2539,"height":1594},{"@type":"BreadcrumbList","@id":"https:\/\/dpress.ma\/fr\/2026\/04\/13\/rabat-lancement-de-la-version-actualisee-de-la-plateforme-chikaya-visant-lamelioration-des-services-de-sante\/#breadcrumb","itemListElement":[{"@type":"ListItem","position":1,"name":"Home","item":"https:\/\/dpress.ma\/fr\/"},{"@type":"ListItem","position":2,"name":"Rabat : lancement de la version actualis\u00e9e de la plateforme \u201cchikaya\u201d visant l\u2019am\u00e9lioration des services de sant\u00e9"}]},{"@type":"WebSite","@id":"https:\/\/dpress.ma\/fr\/#website","url":"https:\/\/dpress.ma\/fr\/","name":"Dpress.ma\/fr","description":"","potentialAction":[{"@type":"SearchAction","target":{"@type":"EntryPoint","urlTemplate":"https:\/\/dpress.ma\/fr\/?s={search_term_string}"},"query-input":{"@type":"PropertyValueSpecification","valueRequired":true,"valueName":"search_term_string"}}],"inLanguage":"fr-FR"},{"@type":"Person","@id":"https:\/\/dpress.ma\/fr\/#\/schema\/person\/4898febf3ccd59e6578d838656a306a0","name":"Dpress.ma","image":{"@type":"ImageObject","inLanguage":"fr-FR","@id":"https:\/\/secure.gravatar.com\/avatar\/72ecc30e9db047a2e0e7176561eb9d564ed77c8108376495b19bd8336405198a?s=96&d=mm&r=g","url":"https:\/\/secure.gravatar.com\/avatar\/72ecc30e9db047a2e0e7176561eb9d564ed77c8108376495b19bd8336405198a?s=96&d=mm&r=g","contentUrl":"https:\/\/secure.gravatar.com\/avatar\/72ecc30e9db047a2e0e7176561eb9d564ed77c8108376495b19bd8336405198a?s=96&d=mm&r=g","caption":"Dpress.ma"},"sameAs":["https:\/\/www.dpress.ma"],"url":"https:\/\/dpress.ma\/fr\/author\/dpress-ma\/"}]}},"amp_enabled":true,"_links":{"self":[{"href":"https:\/\/dpress.ma\/fr\/wp-json\/wp\/v2\/posts\/28382","targetHints":{"allow":["GET"]}}],"collection":[{"href":"https:\/\/dpress.ma\/fr\/wp-json\/wp\/v2\/posts"}],"about":[{"href":"https:\/\/dpress.ma\/fr\/wp-json\/wp\/v2\/types\/post"}],"author":[{"embeddable":true,"href":"https:\/\/dpress.ma\/fr\/wp-json\/wp\/v2\/users\/2"}],"replies":[{"embeddable":true,"href":"https:\/\/dpress.ma\/fr\/wp-json\/wp\/v2\/comments?post=28382"}],"version-history":[{"count":1,"href":"https:\/\/dpress.ma\/fr\/wp-json\/wp\/v2\/posts\/28382\/revisions"}],"predecessor-version":[{"id":28384,"href":"https:\/\/dpress.ma\/fr\/wp-json\/wp\/v2\/posts\/28382\/revisions\/28384"}],"wp:featuredmedia":[{"embeddable":true,"href":"https:\/\/dpress.ma\/fr\/wp-json\/wp\/v2\/media\/28383"}],"wp:attachment":[{"href":"https:\/\/dpress.ma\/fr\/wp-json\/wp\/v2\/media?parent=28382"}],"wp:term":[{"taxonomy":"category","embeddable":true,"href":"https:\/\/dpress.ma\/fr\/wp-json\/wp\/v2\/categories?post=28382"},{"taxonomy":"post_tag","embeddable":true,"href":"https:\/\/dpress.ma\/fr\/wp-json\/wp\/v2\/tags?post=28382"}],"curies":[{"name":"wp","href":"https:\/\/api.w.org\/{rel}","templated":true}]}}