{"id":28379,"date":"2026-04-13T16:26:43","date_gmt":"2026-04-13T16:26:43","guid":{"rendered":"https:\/\/dpress.ma\/fr\/?p=28379"},"modified":"2026-04-13T16:26:47","modified_gmt":"2026-04-13T16:26:47","slug":"utrecht-mon-pere-nest-pas-mort-dadil-el-fadili-prime-au-festival-du-cinema-et-de-la-migration","status":"publish","type":"post","link":"https:\/\/dpress.ma\/fr\/2026\/04\/13\/utrecht-mon-pere-nest-pas-mort-dadil-el-fadili-prime-au-festival-du-cinema-et-de-la-migration\/","title":{"rendered":"Utrecht : \u201cMon p\u00e8re n\u2019est pas mort\u201d d\u2019Adil El Fadili, prim\u00e9 au Festival du cin\u00e9ma et de la migration"},"content":{"rendered":"\n<p>Dpress<\/p>\n\n\n\n<p>Le film \u201cMon p\u00e8re n\u2019est pas mort\u201d du r\u00e9alisateur Adil El Fadili a \u00e9t\u00e9 doublement r\u00e9compens\u00e9 lors de la 6e \u00e9dition du Festival international du cin\u00e9ma et de la migration d\u2019Utrecht, d\u00e9crochant \u00e0 la fois le Grand Prix et le prix du jury.<\/p>\n\n\n\n<p>Ce long-m\u00e9trage raconte l\u2019histoire de Malik, un jeune gar\u00e7on vivant avec son p\u00e8re Mehdi dans une f\u00eate foraine. Leur quotidien est boulevers\u00e9 lorsque Mehdi offre \u00e0 son fils cinq toiles myst\u00e9rieuses et fascinantes. Leur vie bascule tragiquement \u00e0 la disparition soudaine et inexpliqu\u00e9e du p\u00e8re. Face \u00e0 cela, Malik se lance dans une qu\u00eate effr\u00e9n\u00e9e pour retrouver son papa, aid\u00e9 par la communaut\u00e9 des forains.<\/p>\n\n\n\n<p>Pour sa part, le film \u201cCasablanca-Dakar\u201d d\u2019Ahmed Boulane a remport\u00e9 le prix du sc\u00e9nario, tandis que le prix de la r\u00e9alisation a \u00e9t\u00e9 attribu\u00e9 ex \u00e6quo \u00e0 \u201cUn cadavre sur le rivage\u201d de Mohammed Fauzi (Aksel) et \u201cEmpreintes du vent\u201d de Layla Triqui.<\/p>\n\n\n\n<p>Ce palmar\u00e8s a \u00e9t\u00e9 d\u00e9voil\u00e9 par le jury du festival, compos\u00e9 notamment de l\u2019actrice Kholoud El Battioui et de la r\u00e9alisatrice Malika Zairi, lors de la c\u00e9r\u00e9monie de cl\u00f4ture tenue dimanche soir, en pr\u00e9sence de professionnels du cin\u00e9ma venus du Maroc ainsi que de plusieurs pays europ\u00e9ens et arabes.<\/p>\n\n\n\n<p>Dans son discours de cl\u00f4ture, le directeur du festival, Benyounes Bahkani, a indiqu\u00e9 que cette manifestation vise \u00e0 consolider une dynamique culturelle et artistique au sein de la communaut\u00e9 marocaine \u00e9tablie \u00e0 l\u2019\u00e9tranger, en favorisant les \u00e9changes entre passionn\u00e9s de cin\u00e9ma et en cr\u00e9ant un espace de dialogue et de partage culturel. Il a \u00e9galement mis en avant le r\u00f4le du festival comme plateforme de valorisation de la richesse de la cr\u00e9ation cin\u00e9matographique marocaine.<\/p>\n\n\n\n<p>M. Bahkani a ajout\u00e9 que les \u0153uvres pr\u00e9sent\u00e9es lors de cette \u00e9dition se distinguent par leur qualit\u00e9 artistique et leur capacit\u00e9 \u00e0 aborder des enjeux humains et sociaux contemporains, ce qui a contribu\u00e9 \u00e0 enrichir les \u00e9changes tenus le long du festival sur le r\u00f4le du cin\u00e9ma dans la lecture des transformations sociales.<\/p>\n\n\n\n<p>Lors de cette \u00e9dition, le festival international du cin\u00e9ma et de la migration d\u2019Utrecht a rendu hommage appuy\u00e9 au r\u00e9alisateur Ahmed Boulane et \u00e0 l\u2019actrice Khouloud El Battioui, en reconnaissance de leurs riches parcours artistiques et contribution au cin\u00e9ma marocain.<\/p>\n\n\n\n<p>Organis\u00e9 par la fondation \u201cTawasol\u201d pour la culture et les m\u00e9dias, cet \u00e9v\u00e9nement cin\u00e9matographique consacre le r\u00f4le du 7\u00e8 art comme vecteur de dialogue interculturel, \u00e0 travers une programmation \u00e9clectique de films qui explorent les dimensions humaines, sociales et culturelles de la migration.<\/p>\n\n\n\n<p>Les \u0153uvres retenues pour la comp\u00e9tition officielle de cette \u00e9dition abordaient les th\u00e9matiques migratoires et les mutations sociales qui en d\u00e9coulent, offrant au public marocain et \u00e9tranger une immersion dans des r\u00e9cits pluriels et des exp\u00e9riences humaines diverses, marqu\u00e9es par des trajectoires et des identit\u00e9s en mouvement.<\/p>\n\n\n\n<p>Le programme de cette \u00e9dition (10 au 12 avril) comprenait une s\u00e9rie de conf\u00e9rences et de rencontres ax\u00e9es sur des questions culturelles d\u2019actualit\u00e9, telles que l\u2019industrie cin\u00e9matographique dans les diasporas, anim\u00e9es par des experts et des sp\u00e9cialistes du Maroc, d\u2019Europe et du monde arabe.<\/p>\n","protected":false},"excerpt":{"rendered":"<p>Dpress Le film \u201cMon p\u00e8re n\u2019est pas mort\u201d du r\u00e9alisateur Adil El Fadili a \u00e9t\u00e9 doublement r\u00e9compens\u00e9 lors de la 6e \u00e9dition du Festival international du cin\u00e9ma et de la migration d\u2019Utrecht, d\u00e9crochant \u00e0 la fois le Grand Prix et le prix du jury. Ce long-m\u00e9trage raconte l\u2019histoire de Malik, un jeune gar\u00e7on vivant avec &hellip;<\/p>\n","protected":false},"author":2,"featured_media":28380,"comment_status":"open","ping_status":"open","sticky":false,"template":"","format":"standard","meta":{"footnotes":""},"categories":[31],"tags":[],"class_list":["post-28379","post","type-post","status-publish","format-standard","has-post-thumbnail","hentry","category-art-et-culture"],"yoast_head":"<!-- This site is optimized with the Yoast SEO plugin v27.5 - https:\/\/yoast.com\/product\/yoast-seo-wordpress\/ -->\n<title>Utrecht : \u201cMon p\u00e8re n\u2019est pas mort\u201d d\u2019Adil El Fadili, prim\u00e9 au Festival du cin\u00e9ma et de la migration - Dpress.ma\/fr<\/title>\n<meta name=\"robots\" content=\"index, follow, max-snippet:-1, max-image-preview:large, max-video-preview:-1\" \/>\n<link rel=\"canonical\" href=\"https:\/\/dpress.ma\/fr\/2026\/04\/13\/utrecht-mon-pere-nest-pas-mort-dadil-el-fadili-prime-au-festival-du-cinema-et-de-la-migration\/\" \/>\n<meta property=\"og:locale\" content=\"fr_FR\" \/>\n<meta property=\"og:type\" content=\"article\" \/>\n<meta property=\"og:title\" content=\"Utrecht : \u201cMon p\u00e8re n\u2019est pas mort\u201d d\u2019Adil El Fadili, prim\u00e9 au Festival du cin\u00e9ma et de la migration - Dpress.ma\/fr\" \/>\n<meta property=\"og:description\" content=\"Dpress Le film \u201cMon p\u00e8re n\u2019est pas mort\u201d du r\u00e9alisateur Adil El Fadili a \u00e9t\u00e9 doublement r\u00e9compens\u00e9 lors de la 6e \u00e9dition du Festival international du cin\u00e9ma et de la migration d\u2019Utrecht, d\u00e9crochant \u00e0 la fois le Grand Prix et le prix du jury. Ce long-m\u00e9trage raconte l\u2019histoire de Malik, un jeune gar\u00e7on vivant avec &hellip;\" \/>\n<meta property=\"og:url\" content=\"https:\/\/dpress.ma\/fr\/2026\/04\/13\/utrecht-mon-pere-nest-pas-mort-dadil-el-fadili-prime-au-festival-du-cinema-et-de-la-migration\/\" \/>\n<meta property=\"og:site_name\" content=\"Dpress.ma\/fr\" \/>\n<meta property=\"article:published_time\" content=\"2026-04-13T16:26:43+00:00\" \/>\n<meta property=\"article:modified_time\" content=\"2026-04-13T16:26:47+00:00\" \/>\n<meta property=\"og:image\" content=\"https:\/\/dpress.ma\/fr\/wp-content\/uploads\/sites\/2\/2026\/04\/49-9.jpg\" \/>\n\t<meta property=\"og:image:width\" content=\"2539\" \/>\n\t<meta property=\"og:image:height\" content=\"1594\" \/>\n\t<meta property=\"og:image:type\" content=\"image\/jpeg\" \/>\n<meta name=\"author\" content=\"Dpress.ma\" \/>\n<meta name=\"twitter:card\" content=\"summary_large_image\" \/>\n<meta name=\"twitter:label1\" content=\"\u00c9crit par\" \/>\n\t<meta name=\"twitter:data1\" content=\"Dpress.ma\" \/>\n\t<meta name=\"twitter:label2\" content=\"Dur\u00e9e de lecture estim\u00e9e\" \/>\n\t<meta name=\"twitter:data2\" content=\"3 minutes\" \/>\n<script type=\"application\/ld+json\" class=\"yoast-schema-graph\">{\"@context\":\"https:\\\/\\\/schema.org\",\"@graph\":[{\"@type\":\"Article\",\"@id\":\"https:\\\/\\\/dpress.ma\\\/fr\\\/2026\\\/04\\\/13\\\/utrecht-mon-pere-nest-pas-mort-dadil-el-fadili-prime-au-festival-du-cinema-et-de-la-migration\\\/#article\",\"isPartOf\":{\"@id\":\"https:\\\/\\\/dpress.ma\\\/fr\\\/2026\\\/04\\\/13\\\/utrecht-mon-pere-nest-pas-mort-dadil-el-fadili-prime-au-festival-du-cinema-et-de-la-migration\\\/\"},\"author\":{\"name\":\"Dpress.ma\",\"@id\":\"https:\\\/\\\/dpress.ma\\\/fr\\\/#\\\/schema\\\/person\\\/4898febf3ccd59e6578d838656a306a0\"},\"headline\":\"Utrecht : \u201cMon p\u00e8re n\u2019est pas mort\u201d d\u2019Adil El Fadili, prim\u00e9 au Festival du cin\u00e9ma et de la migration\",\"datePublished\":\"2026-04-13T16:26:43+00:00\",\"dateModified\":\"2026-04-13T16:26:47+00:00\",\"mainEntityOfPage\":{\"@id\":\"https:\\\/\\\/dpress.ma\\\/fr\\\/2026\\\/04\\\/13\\\/utrecht-mon-pere-nest-pas-mort-dadil-el-fadili-prime-au-festival-du-cinema-et-de-la-migration\\\/\"},\"wordCount\":578,\"commentCount\":0,\"image\":{\"@id\":\"https:\\\/\\\/dpress.ma\\\/fr\\\/2026\\\/04\\\/13\\\/utrecht-mon-pere-nest-pas-mort-dadil-el-fadili-prime-au-festival-du-cinema-et-de-la-migration\\\/#primaryimage\"},\"thumbnailUrl\":\"https:\\\/\\\/dpress.ma\\\/fr\\\/wp-content\\\/uploads\\\/sites\\\/2\\\/2026\\\/04\\\/49-9.jpg\",\"articleSection\":[\"Art et Culture\"],\"inLanguage\":\"fr-FR\",\"potentialAction\":[{\"@type\":\"CommentAction\",\"name\":\"Comment\",\"target\":[\"https:\\\/\\\/dpress.ma\\\/fr\\\/2026\\\/04\\\/13\\\/utrecht-mon-pere-nest-pas-mort-dadil-el-fadili-prime-au-festival-du-cinema-et-de-la-migration\\\/#respond\"]}]},{\"@type\":\"WebPage\",\"@id\":\"https:\\\/\\\/dpress.ma\\\/fr\\\/2026\\\/04\\\/13\\\/utrecht-mon-pere-nest-pas-mort-dadil-el-fadili-prime-au-festival-du-cinema-et-de-la-migration\\\/\",\"url\":\"https:\\\/\\\/dpress.ma\\\/fr\\\/2026\\\/04\\\/13\\\/utrecht-mon-pere-nest-pas-mort-dadil-el-fadili-prime-au-festival-du-cinema-et-de-la-migration\\\/\",\"name\":\"Utrecht : \u201cMon p\u00e8re n\u2019est pas mort\u201d d\u2019Adil El Fadili, prim\u00e9 au Festival du cin\u00e9ma et de la migration - Dpress.ma\\\/fr\",\"isPartOf\":{\"@id\":\"https:\\\/\\\/dpress.ma\\\/fr\\\/#website\"},\"primaryImageOfPage\":{\"@id\":\"https:\\\/\\\/dpress.ma\\\/fr\\\/2026\\\/04\\\/13\\\/utrecht-mon-pere-nest-pas-mort-dadil-el-fadili-prime-au-festival-du-cinema-et-de-la-migration\\\/#primaryimage\"},\"image\":{\"@id\":\"https:\\\/\\\/dpress.ma\\\/fr\\\/2026\\\/04\\\/13\\\/utrecht-mon-pere-nest-pas-mort-dadil-el-fadili-prime-au-festival-du-cinema-et-de-la-migration\\\/#primaryimage\"},\"thumbnailUrl\":\"https:\\\/\\\/dpress.ma\\\/fr\\\/wp-content\\\/uploads\\\/sites\\\/2\\\/2026\\\/04\\\/49-9.jpg\",\"datePublished\":\"2026-04-13T16:26:43+00:00\",\"dateModified\":\"2026-04-13T16:26:47+00:00\",\"author\":{\"@id\":\"https:\\\/\\\/dpress.ma\\\/fr\\\/#\\\/schema\\\/person\\\/4898febf3ccd59e6578d838656a306a0\"},\"breadcrumb\":{\"@id\":\"https:\\\/\\\/dpress.ma\\\/fr\\\/2026\\\/04\\\/13\\\/utrecht-mon-pere-nest-pas-mort-dadil-el-fadili-prime-au-festival-du-cinema-et-de-la-migration\\\/#breadcrumb\"},\"inLanguage\":\"fr-FR\",\"potentialAction\":[{\"@type\":\"ReadAction\",\"target\":[\"https:\\\/\\\/dpress.ma\\\/fr\\\/2026\\\/04\\\/13\\\/utrecht-mon-pere-nest-pas-mort-dadil-el-fadili-prime-au-festival-du-cinema-et-de-la-migration\\\/\"]}]},{\"@type\":\"ImageObject\",\"inLanguage\":\"fr-FR\",\"@id\":\"https:\\\/\\\/dpress.ma\\\/fr\\\/2026\\\/04\\\/13\\\/utrecht-mon-pere-nest-pas-mort-dadil-el-fadili-prime-au-festival-du-cinema-et-de-la-migration\\\/#primaryimage\",\"url\":\"https:\\\/\\\/dpress.ma\\\/fr\\\/wp-content\\\/uploads\\\/sites\\\/2\\\/2026\\\/04\\\/49-9.jpg\",\"contentUrl\":\"https:\\\/\\\/dpress.ma\\\/fr\\\/wp-content\\\/uploads\\\/sites\\\/2\\\/2026\\\/04\\\/49-9.jpg\",\"width\":2539,\"height\":1594},{\"@type\":\"BreadcrumbList\",\"@id\":\"https:\\\/\\\/dpress.ma\\\/fr\\\/2026\\\/04\\\/13\\\/utrecht-mon-pere-nest-pas-mort-dadil-el-fadili-prime-au-festival-du-cinema-et-de-la-migration\\\/#breadcrumb\",\"itemListElement\":[{\"@type\":\"ListItem\",\"position\":1,\"name\":\"Home\",\"item\":\"https:\\\/\\\/dpress.ma\\\/fr\\\/\"},{\"@type\":\"ListItem\",\"position\":2,\"name\":\"Utrecht : \u201cMon p\u00e8re n\u2019est pas mort\u201d d\u2019Adil El Fadili, prim\u00e9 au Festival du cin\u00e9ma et de la migration\"}]},{\"@type\":\"WebSite\",\"@id\":\"https:\\\/\\\/dpress.ma\\\/fr\\\/#website\",\"url\":\"https:\\\/\\\/dpress.ma\\\/fr\\\/\",\"name\":\"Dpress.ma\\\/fr\",\"description\":\"\",\"potentialAction\":[{\"@type\":\"SearchAction\",\"target\":{\"@type\":\"EntryPoint\",\"urlTemplate\":\"https:\\\/\\\/dpress.ma\\\/fr\\\/?s={search_term_string}\"},\"query-input\":{\"@type\":\"PropertyValueSpecification\",\"valueRequired\":true,\"valueName\":\"search_term_string\"}}],\"inLanguage\":\"fr-FR\"},{\"@type\":\"Person\",\"@id\":\"https:\\\/\\\/dpress.ma\\\/fr\\\/#\\\/schema\\\/person\\\/4898febf3ccd59e6578d838656a306a0\",\"name\":\"Dpress.ma\",\"image\":{\"@type\":\"ImageObject\",\"inLanguage\":\"fr-FR\",\"@id\":\"https:\\\/\\\/secure.gravatar.com\\\/avatar\\\/72ecc30e9db047a2e0e7176561eb9d564ed77c8108376495b19bd8336405198a?s=96&d=mm&r=g\",\"url\":\"https:\\\/\\\/secure.gravatar.com\\\/avatar\\\/72ecc30e9db047a2e0e7176561eb9d564ed77c8108376495b19bd8336405198a?s=96&d=mm&r=g\",\"contentUrl\":\"https:\\\/\\\/secure.gravatar.com\\\/avatar\\\/72ecc30e9db047a2e0e7176561eb9d564ed77c8108376495b19bd8336405198a?s=96&d=mm&r=g\",\"caption\":\"Dpress.ma\"},\"sameAs\":[\"https:\\\/\\\/www.dpress.ma\"],\"url\":\"https:\\\/\\\/dpress.ma\\\/fr\\\/author\\\/dpress-ma\\\/\"}]}<\/script>\n<!-- \/ Yoast SEO plugin. -->","yoast_head_json":{"title":"Utrecht : \u201cMon p\u00e8re n\u2019est pas mort\u201d d\u2019Adil El Fadili, prim\u00e9 au Festival du cin\u00e9ma et de la migration - Dpress.ma\/fr","robots":{"index":"index","follow":"follow","max-snippet":"max-snippet:-1","max-image-preview":"max-image-preview:large","max-video-preview":"max-video-preview:-1"},"canonical":"https:\/\/dpress.ma\/fr\/2026\/04\/13\/utrecht-mon-pere-nest-pas-mort-dadil-el-fadili-prime-au-festival-du-cinema-et-de-la-migration\/","og_locale":"fr_FR","og_type":"article","og_title":"Utrecht : \u201cMon p\u00e8re n\u2019est pas mort\u201d d\u2019Adil El Fadili, prim\u00e9 au Festival du cin\u00e9ma et de la migration - Dpress.ma\/fr","og_description":"Dpress Le film \u201cMon p\u00e8re n\u2019est pas mort\u201d du r\u00e9alisateur Adil El Fadili a \u00e9t\u00e9 doublement r\u00e9compens\u00e9 lors de la 6e \u00e9dition du Festival international du cin\u00e9ma et de la migration d\u2019Utrecht, d\u00e9crochant \u00e0 la fois le Grand Prix et le prix du jury. Ce long-m\u00e9trage raconte l\u2019histoire de Malik, un jeune gar\u00e7on vivant avec &hellip;","og_url":"https:\/\/dpress.ma\/fr\/2026\/04\/13\/utrecht-mon-pere-nest-pas-mort-dadil-el-fadili-prime-au-festival-du-cinema-et-de-la-migration\/","og_site_name":"Dpress.ma\/fr","article_published_time":"2026-04-13T16:26:43+00:00","article_modified_time":"2026-04-13T16:26:47+00:00","og_image":[{"width":2539,"height":1594,"url":"https:\/\/dpress.ma\/fr\/wp-content\/uploads\/sites\/2\/2026\/04\/49-9.jpg","type":"image\/jpeg"}],"author":"Dpress.ma","twitter_card":"summary_large_image","twitter_misc":{"\u00c9crit par":"Dpress.ma","Dur\u00e9e de lecture estim\u00e9e":"3 minutes"},"schema":{"@context":"https:\/\/schema.org","@graph":[{"@type":"Article","@id":"https:\/\/dpress.ma\/fr\/2026\/04\/13\/utrecht-mon-pere-nest-pas-mort-dadil-el-fadili-prime-au-festival-du-cinema-et-de-la-migration\/#article","isPartOf":{"@id":"https:\/\/dpress.ma\/fr\/2026\/04\/13\/utrecht-mon-pere-nest-pas-mort-dadil-el-fadili-prime-au-festival-du-cinema-et-de-la-migration\/"},"author":{"name":"Dpress.ma","@id":"https:\/\/dpress.ma\/fr\/#\/schema\/person\/4898febf3ccd59e6578d838656a306a0"},"headline":"Utrecht : \u201cMon p\u00e8re n\u2019est pas mort\u201d d\u2019Adil El Fadili, prim\u00e9 au Festival du cin\u00e9ma et de la migration","datePublished":"2026-04-13T16:26:43+00:00","dateModified":"2026-04-13T16:26:47+00:00","mainEntityOfPage":{"@id":"https:\/\/dpress.ma\/fr\/2026\/04\/13\/utrecht-mon-pere-nest-pas-mort-dadil-el-fadili-prime-au-festival-du-cinema-et-de-la-migration\/"},"wordCount":578,"commentCount":0,"image":{"@id":"https:\/\/dpress.ma\/fr\/2026\/04\/13\/utrecht-mon-pere-nest-pas-mort-dadil-el-fadili-prime-au-festival-du-cinema-et-de-la-migration\/#primaryimage"},"thumbnailUrl":"https:\/\/dpress.ma\/fr\/wp-content\/uploads\/sites\/2\/2026\/04\/49-9.jpg","articleSection":["Art et Culture"],"inLanguage":"fr-FR","potentialAction":[{"@type":"CommentAction","name":"Comment","target":["https:\/\/dpress.ma\/fr\/2026\/04\/13\/utrecht-mon-pere-nest-pas-mort-dadil-el-fadili-prime-au-festival-du-cinema-et-de-la-migration\/#respond"]}]},{"@type":"WebPage","@id":"https:\/\/dpress.ma\/fr\/2026\/04\/13\/utrecht-mon-pere-nest-pas-mort-dadil-el-fadili-prime-au-festival-du-cinema-et-de-la-migration\/","url":"https:\/\/dpress.ma\/fr\/2026\/04\/13\/utrecht-mon-pere-nest-pas-mort-dadil-el-fadili-prime-au-festival-du-cinema-et-de-la-migration\/","name":"Utrecht : \u201cMon p\u00e8re n\u2019est pas mort\u201d d\u2019Adil El Fadili, prim\u00e9 au Festival du cin\u00e9ma et de la migration - Dpress.ma\/fr","isPartOf":{"@id":"https:\/\/dpress.ma\/fr\/#website"},"primaryImageOfPage":{"@id":"https:\/\/dpress.ma\/fr\/2026\/04\/13\/utrecht-mon-pere-nest-pas-mort-dadil-el-fadili-prime-au-festival-du-cinema-et-de-la-migration\/#primaryimage"},"image":{"@id":"https:\/\/dpress.ma\/fr\/2026\/04\/13\/utrecht-mon-pere-nest-pas-mort-dadil-el-fadili-prime-au-festival-du-cinema-et-de-la-migration\/#primaryimage"},"thumbnailUrl":"https:\/\/dpress.ma\/fr\/wp-content\/uploads\/sites\/2\/2026\/04\/49-9.jpg","datePublished":"2026-04-13T16:26:43+00:00","dateModified":"2026-04-13T16:26:47+00:00","author":{"@id":"https:\/\/dpress.ma\/fr\/#\/schema\/person\/4898febf3ccd59e6578d838656a306a0"},"breadcrumb":{"@id":"https:\/\/dpress.ma\/fr\/2026\/04\/13\/utrecht-mon-pere-nest-pas-mort-dadil-el-fadili-prime-au-festival-du-cinema-et-de-la-migration\/#breadcrumb"},"inLanguage":"fr-FR","potentialAction":[{"@type":"ReadAction","target":["https:\/\/dpress.ma\/fr\/2026\/04\/13\/utrecht-mon-pere-nest-pas-mort-dadil-el-fadili-prime-au-festival-du-cinema-et-de-la-migration\/"]}]},{"@type":"ImageObject","inLanguage":"fr-FR","@id":"https:\/\/dpress.ma\/fr\/2026\/04\/13\/utrecht-mon-pere-nest-pas-mort-dadil-el-fadili-prime-au-festival-du-cinema-et-de-la-migration\/#primaryimage","url":"https:\/\/dpress.ma\/fr\/wp-content\/uploads\/sites\/2\/2026\/04\/49-9.jpg","contentUrl":"https:\/\/dpress.ma\/fr\/wp-content\/uploads\/sites\/2\/2026\/04\/49-9.jpg","width":2539,"height":1594},{"@type":"BreadcrumbList","@id":"https:\/\/dpress.ma\/fr\/2026\/04\/13\/utrecht-mon-pere-nest-pas-mort-dadil-el-fadili-prime-au-festival-du-cinema-et-de-la-migration\/#breadcrumb","itemListElement":[{"@type":"ListItem","position":1,"name":"Home","item":"https:\/\/dpress.ma\/fr\/"},{"@type":"ListItem","position":2,"name":"Utrecht : \u201cMon p\u00e8re n\u2019est pas mort\u201d d\u2019Adil El Fadili, prim\u00e9 au Festival du cin\u00e9ma et de la migration"}]},{"@type":"WebSite","@id":"https:\/\/dpress.ma\/fr\/#website","url":"https:\/\/dpress.ma\/fr\/","name":"Dpress.ma\/fr","description":"","potentialAction":[{"@type":"SearchAction","target":{"@type":"EntryPoint","urlTemplate":"https:\/\/dpress.ma\/fr\/?s={search_term_string}"},"query-input":{"@type":"PropertyValueSpecification","valueRequired":true,"valueName":"search_term_string"}}],"inLanguage":"fr-FR"},{"@type":"Person","@id":"https:\/\/dpress.ma\/fr\/#\/schema\/person\/4898febf3ccd59e6578d838656a306a0","name":"Dpress.ma","image":{"@type":"ImageObject","inLanguage":"fr-FR","@id":"https:\/\/secure.gravatar.com\/avatar\/72ecc30e9db047a2e0e7176561eb9d564ed77c8108376495b19bd8336405198a?s=96&d=mm&r=g","url":"https:\/\/secure.gravatar.com\/avatar\/72ecc30e9db047a2e0e7176561eb9d564ed77c8108376495b19bd8336405198a?s=96&d=mm&r=g","contentUrl":"https:\/\/secure.gravatar.com\/avatar\/72ecc30e9db047a2e0e7176561eb9d564ed77c8108376495b19bd8336405198a?s=96&d=mm&r=g","caption":"Dpress.ma"},"sameAs":["https:\/\/www.dpress.ma"],"url":"https:\/\/dpress.ma\/fr\/author\/dpress-ma\/"}]}},"amp_enabled":true,"_links":{"self":[{"href":"https:\/\/dpress.ma\/fr\/wp-json\/wp\/v2\/posts\/28379","targetHints":{"allow":["GET"]}}],"collection":[{"href":"https:\/\/dpress.ma\/fr\/wp-json\/wp\/v2\/posts"}],"about":[{"href":"https:\/\/dpress.ma\/fr\/wp-json\/wp\/v2\/types\/post"}],"author":[{"embeddable":true,"href":"https:\/\/dpress.ma\/fr\/wp-json\/wp\/v2\/users\/2"}],"replies":[{"embeddable":true,"href":"https:\/\/dpress.ma\/fr\/wp-json\/wp\/v2\/comments?post=28379"}],"version-history":[{"count":1,"href":"https:\/\/dpress.ma\/fr\/wp-json\/wp\/v2\/posts\/28379\/revisions"}],"predecessor-version":[{"id":28381,"href":"https:\/\/dpress.ma\/fr\/wp-json\/wp\/v2\/posts\/28379\/revisions\/28381"}],"wp:featuredmedia":[{"embeddable":true,"href":"https:\/\/dpress.ma\/fr\/wp-json\/wp\/v2\/media\/28380"}],"wp:attachment":[{"href":"https:\/\/dpress.ma\/fr\/wp-json\/wp\/v2\/media?parent=28379"}],"wp:term":[{"taxonomy":"category","embeddable":true,"href":"https:\/\/dpress.ma\/fr\/wp-json\/wp\/v2\/categories?post=28379"},{"taxonomy":"post_tag","embeddable":true,"href":"https:\/\/dpress.ma\/fr\/wp-json\/wp\/v2\/tags?post=28379"}],"curies":[{"name":"wp","href":"https:\/\/api.w.org\/{rel}","templated":true}]}}