{"id":28376,"date":"2026-04-13T16:24:07","date_gmt":"2026-04-13T16:24:07","guid":{"rendered":"https:\/\/dpress.ma\/fr\/?p=28376"},"modified":"2026-04-13T16:24:09","modified_gmt":"2026-04-13T16:24:09","slug":"nouakchott-le-maroc-prend-part-au-segment-des-hauts-fonctionnaires-de-la-34e-conference-regionale-de-la-fao","status":"publish","type":"post","link":"https:\/\/dpress.ma\/fr\/2026\/04\/13\/nouakchott-le-maroc-prend-part-au-segment-des-hauts-fonctionnaires-de-la-34e-conference-regionale-de-la-fao\/","title":{"rendered":"Nouakchott : le Maroc prend part au Segment des hauts fonctionnaires de la 34e Conf\u00e9rence r\u00e9gionale de la FAO"},"content":{"rendered":"\n<p>Dpress<\/p>\n\n\n\n<p>Une d\u00e9l\u00e9gation du Royaume du Maroc a pris part, lundi \u00e0 Nouakchott, au segment des hauts fonctionnaires, dans le cadre la 34e Conf\u00e9rence r\u00e9gionale de la FAO pour l\u2019Afrique (ARC34), qui se tient du 13 au 17 avril.<\/p>\n\n\n\n<p>La d\u00e9l\u00e9gation marocaine participant \u00e0 cette r\u00e9union, qui pr\u00e9c\u00e8de le segment minist\u00e9riel de la Conf\u00e9rence organis\u00e9e sous le th\u00e8me \u201cMaintenir la transformation des syst\u00e8mes agroalimentaires en Afrique : innover, collaborer et investir\u201d, est conduite par l\u2019ambassadeur repr\u00e9sentant permanent du Maroc aupr\u00e8s des agences des Nations Unies bas\u00e9es \u00e0 Rome, Youssef Balla.<\/p>\n\n\n\n<p>Le Segment r\u00e9unit des repr\u00e9sentants de haut niveau charg\u00e9s d\u2019examiner les documents de travail et de formuler des recommandations strat\u00e9giques qui seront soumises \u00e0 l\u2019adoption des ministres.<\/p>\n\n\n\n<p>La participation du Maroc \u00e0 ce segment illustre son engagement constant en faveur d\u2019une agriculture durable, r\u00e9siliente et inclusive en Afrique. Dans ce cadre, le Maroc contribue activement aux discussions portant notamment sur les priorit\u00e9s r\u00e9gionales en mati\u00e8re de transformation des syst\u00e8mes agroalimentaires, les m\u00e9canismes de mise en \u0153uvre des programmes de la FAO en Afrique, ainsi que le renforcement de la r\u00e9silience face aux d\u00e9fis climatiques et \u00e9conomiques.<\/p>\n\n\n\n<p>En reconnaissance de son engagement constant et de son r\u00f4le actif au sein des instances de gouvernance des agences des Nations Unies \u00e0 Rome, le Royaume du Maroc a \u00e9t\u00e9 \u00e9lu Vice-Pr\u00e9sident de la Conf\u00e9rence. Cette nomination t\u00e9moigne de la confiance des \u00c9tats membres africains et souligne la contribution constructive du Maroc aux travaux de la FAO ainsi qu\u2019\u00e0 la promotion d\u2019une coop\u00e9ration africaine renforc\u00e9e en mati\u00e8re de s\u00e9curit\u00e9 alimentaire et de d\u00e9veloppement agricole.<\/p>\n\n\n\n<p>Fort de son exp\u00e9rience, notamment apr\u00e8s avoir accueilli la pr\u00e9c\u00e9dente \u00e9dition (ARC33) en 2024, la participation active du Maroc \u00e0 l\u2019ARC34 confirme son attachement au multilat\u00e9ralisme et son engagement \u00e0 soutenir les efforts collectifs en faveur de la s\u00e9curit\u00e9 alimentaire et du d\u00e9veloppement agricole durable en Afrique.<\/p>\n\n\n\n<p>Cet \u00e9v\u00e9nement r\u00e9gional, qui connait une large participation de ministres, d\u2019experts et de chercheurs sp\u00e9cialis\u00e9s dans les domaines de l\u2019agriculture et de la s\u00e9curit\u00e9 alimentaire, constitue une plateforme strat\u00e9gique pour l\u2019\u00e9change de connaissances, le partage d\u2019exp\u00e9riences et d\u2019expertises sur les d\u00e9fis li\u00e9s aux syst\u00e8mes agricoles et alimentaires en Afrique, notamment les effets du changement climatique et les pressions croissantes sur les ressources naturelles.<\/p>\n\n\n\n<p>Les participants aborderont des th\u00e8mes portant sur \u201cla transformation des syst\u00e8mes agroalimentaires en Afrique\u201d, le \u201crenforcement de la r\u00e9silience des communaut\u00e9s rurales locales\u201d, \u201cla mobilisation des investissements, du soutien \u00e0 l\u2019innovation\u201d et \u201cl\u2019\u00e9tablissement de partenariats efficaces entre les pays membres, le secteur priv\u00e9 et les partenaires au d\u00e9veloppement\u201d.<\/p>\n","protected":false},"excerpt":{"rendered":"<p>Dpress Une d\u00e9l\u00e9gation du Royaume du Maroc a pris part, lundi \u00e0 Nouakchott, au segment des hauts fonctionnaires, dans le cadre la 34e Conf\u00e9rence r\u00e9gionale de la FAO pour l\u2019Afrique (ARC34), qui se tient du 13 au 17 avril. La d\u00e9l\u00e9gation marocaine participant \u00e0 cette r\u00e9union, qui pr\u00e9c\u00e8de le segment minist\u00e9riel de la Conf\u00e9rence organis\u00e9e &hellip;<\/p>\n","protected":false},"author":2,"featured_media":28377,"comment_status":"open","ping_status":"open","sticky":false,"template":"","format":"standard","meta":{"footnotes":""},"categories":[42],"tags":[],"class_list":["post-28376","post","type-post","status-publish","format-standard","has-post-thumbnail","hentry","category-monde"],"yoast_head":"<!-- This site is optimized with the Yoast SEO plugin v27.5 - https:\/\/yoast.com\/product\/yoast-seo-wordpress\/ -->\n<title>Nouakchott : le Maroc prend part au Segment des hauts fonctionnaires de la 34e Conf\u00e9rence r\u00e9gionale de la FAO - Dpress.ma\/fr<\/title>\n<meta name=\"robots\" content=\"index, follow, max-snippet:-1, max-image-preview:large, max-video-preview:-1\" \/>\n<link rel=\"canonical\" href=\"https:\/\/dpress.ma\/fr\/2026\/04\/13\/nouakchott-le-maroc-prend-part-au-segment-des-hauts-fonctionnaires-de-la-34e-conference-regionale-de-la-fao\/\" \/>\n<meta property=\"og:locale\" content=\"fr_FR\" \/>\n<meta property=\"og:type\" content=\"article\" \/>\n<meta property=\"og:title\" content=\"Nouakchott : le Maroc prend part au Segment des hauts fonctionnaires de la 34e Conf\u00e9rence r\u00e9gionale de la FAO - Dpress.ma\/fr\" \/>\n<meta property=\"og:description\" content=\"Dpress Une d\u00e9l\u00e9gation du Royaume du Maroc a pris part, lundi \u00e0 Nouakchott, au segment des hauts fonctionnaires, dans le cadre la 34e Conf\u00e9rence r\u00e9gionale de la FAO pour l\u2019Afrique (ARC34), qui se tient du 13 au 17 avril. La d\u00e9l\u00e9gation marocaine participant \u00e0 cette r\u00e9union, qui pr\u00e9c\u00e8de le segment minist\u00e9riel de la Conf\u00e9rence organis\u00e9e &hellip;\" \/>\n<meta property=\"og:url\" content=\"https:\/\/dpress.ma\/fr\/2026\/04\/13\/nouakchott-le-maroc-prend-part-au-segment-des-hauts-fonctionnaires-de-la-34e-conference-regionale-de-la-fao\/\" \/>\n<meta property=\"og:site_name\" content=\"Dpress.ma\/fr\" \/>\n<meta property=\"article:published_time\" content=\"2026-04-13T16:24:07+00:00\" \/>\n<meta property=\"article:modified_time\" content=\"2026-04-13T16:24:09+00:00\" \/>\n<meta property=\"og:image\" content=\"https:\/\/dpress.ma\/fr\/wp-content\/uploads\/sites\/2\/2026\/04\/48-9.jpg\" \/>\n\t<meta property=\"og:image:width\" content=\"2539\" \/>\n\t<meta property=\"og:image:height\" content=\"1594\" \/>\n\t<meta property=\"og:image:type\" content=\"image\/jpeg\" \/>\n<meta name=\"author\" content=\"Dpress.ma\" \/>\n<meta name=\"twitter:card\" content=\"summary_large_image\" \/>\n<meta name=\"twitter:label1\" content=\"\u00c9crit par\" \/>\n\t<meta name=\"twitter:data1\" content=\"Dpress.ma\" \/>\n\t<meta name=\"twitter:label2\" content=\"Dur\u00e9e de lecture estim\u00e9e\" \/>\n\t<meta name=\"twitter:data2\" content=\"3 minutes\" \/>\n<script type=\"application\/ld+json\" class=\"yoast-schema-graph\">{\"@context\":\"https:\\\/\\\/schema.org\",\"@graph\":[{\"@type\":\"Article\",\"@id\":\"https:\\\/\\\/dpress.ma\\\/fr\\\/2026\\\/04\\\/13\\\/nouakchott-le-maroc-prend-part-au-segment-des-hauts-fonctionnaires-de-la-34e-conference-regionale-de-la-fao\\\/#article\",\"isPartOf\":{\"@id\":\"https:\\\/\\\/dpress.ma\\\/fr\\\/2026\\\/04\\\/13\\\/nouakchott-le-maroc-prend-part-au-segment-des-hauts-fonctionnaires-de-la-34e-conference-regionale-de-la-fao\\\/\"},\"author\":{\"name\":\"Dpress.ma\",\"@id\":\"https:\\\/\\\/dpress.ma\\\/fr\\\/#\\\/schema\\\/person\\\/4898febf3ccd59e6578d838656a306a0\"},\"headline\":\"Nouakchott : le Maroc prend part au Segment des hauts fonctionnaires de la 34e Conf\u00e9rence r\u00e9gionale de la FAO\",\"datePublished\":\"2026-04-13T16:24:07+00:00\",\"dateModified\":\"2026-04-13T16:24:09+00:00\",\"mainEntityOfPage\":{\"@id\":\"https:\\\/\\\/dpress.ma\\\/fr\\\/2026\\\/04\\\/13\\\/nouakchott-le-maroc-prend-part-au-segment-des-hauts-fonctionnaires-de-la-34e-conference-regionale-de-la-fao\\\/\"},\"wordCount\":499,\"commentCount\":0,\"image\":{\"@id\":\"https:\\\/\\\/dpress.ma\\\/fr\\\/2026\\\/04\\\/13\\\/nouakchott-le-maroc-prend-part-au-segment-des-hauts-fonctionnaires-de-la-34e-conference-regionale-de-la-fao\\\/#primaryimage\"},\"thumbnailUrl\":\"https:\\\/\\\/dpress.ma\\\/fr\\\/wp-content\\\/uploads\\\/sites\\\/2\\\/2026\\\/04\\\/48-9.jpg\",\"articleSection\":[\"monde\"],\"inLanguage\":\"fr-FR\",\"potentialAction\":[{\"@type\":\"CommentAction\",\"name\":\"Comment\",\"target\":[\"https:\\\/\\\/dpress.ma\\\/fr\\\/2026\\\/04\\\/13\\\/nouakchott-le-maroc-prend-part-au-segment-des-hauts-fonctionnaires-de-la-34e-conference-regionale-de-la-fao\\\/#respond\"]}]},{\"@type\":\"WebPage\",\"@id\":\"https:\\\/\\\/dpress.ma\\\/fr\\\/2026\\\/04\\\/13\\\/nouakchott-le-maroc-prend-part-au-segment-des-hauts-fonctionnaires-de-la-34e-conference-regionale-de-la-fao\\\/\",\"url\":\"https:\\\/\\\/dpress.ma\\\/fr\\\/2026\\\/04\\\/13\\\/nouakchott-le-maroc-prend-part-au-segment-des-hauts-fonctionnaires-de-la-34e-conference-regionale-de-la-fao\\\/\",\"name\":\"Nouakchott : le Maroc prend part au Segment des hauts fonctionnaires de la 34e Conf\u00e9rence r\u00e9gionale de la FAO - Dpress.ma\\\/fr\",\"isPartOf\":{\"@id\":\"https:\\\/\\\/dpress.ma\\\/fr\\\/#website\"},\"primaryImageOfPage\":{\"@id\":\"https:\\\/\\\/dpress.ma\\\/fr\\\/2026\\\/04\\\/13\\\/nouakchott-le-maroc-prend-part-au-segment-des-hauts-fonctionnaires-de-la-34e-conference-regionale-de-la-fao\\\/#primaryimage\"},\"image\":{\"@id\":\"https:\\\/\\\/dpress.ma\\\/fr\\\/2026\\\/04\\\/13\\\/nouakchott-le-maroc-prend-part-au-segment-des-hauts-fonctionnaires-de-la-34e-conference-regionale-de-la-fao\\\/#primaryimage\"},\"thumbnailUrl\":\"https:\\\/\\\/dpress.ma\\\/fr\\\/wp-content\\\/uploads\\\/sites\\\/2\\\/2026\\\/04\\\/48-9.jpg\",\"datePublished\":\"2026-04-13T16:24:07+00:00\",\"dateModified\":\"2026-04-13T16:24:09+00:00\",\"author\":{\"@id\":\"https:\\\/\\\/dpress.ma\\\/fr\\\/#\\\/schema\\\/person\\\/4898febf3ccd59e6578d838656a306a0\"},\"breadcrumb\":{\"@id\":\"https:\\\/\\\/dpress.ma\\\/fr\\\/2026\\\/04\\\/13\\\/nouakchott-le-maroc-prend-part-au-segment-des-hauts-fonctionnaires-de-la-34e-conference-regionale-de-la-fao\\\/#breadcrumb\"},\"inLanguage\":\"fr-FR\",\"potentialAction\":[{\"@type\":\"ReadAction\",\"target\":[\"https:\\\/\\\/dpress.ma\\\/fr\\\/2026\\\/04\\\/13\\\/nouakchott-le-maroc-prend-part-au-segment-des-hauts-fonctionnaires-de-la-34e-conference-regionale-de-la-fao\\\/\"]}]},{\"@type\":\"ImageObject\",\"inLanguage\":\"fr-FR\",\"@id\":\"https:\\\/\\\/dpress.ma\\\/fr\\\/2026\\\/04\\\/13\\\/nouakchott-le-maroc-prend-part-au-segment-des-hauts-fonctionnaires-de-la-34e-conference-regionale-de-la-fao\\\/#primaryimage\",\"url\":\"https:\\\/\\\/dpress.ma\\\/fr\\\/wp-content\\\/uploads\\\/sites\\\/2\\\/2026\\\/04\\\/48-9.jpg\",\"contentUrl\":\"https:\\\/\\\/dpress.ma\\\/fr\\\/wp-content\\\/uploads\\\/sites\\\/2\\\/2026\\\/04\\\/48-9.jpg\",\"width\":2539,\"height\":1594},{\"@type\":\"BreadcrumbList\",\"@id\":\"https:\\\/\\\/dpress.ma\\\/fr\\\/2026\\\/04\\\/13\\\/nouakchott-le-maroc-prend-part-au-segment-des-hauts-fonctionnaires-de-la-34e-conference-regionale-de-la-fao\\\/#breadcrumb\",\"itemListElement\":[{\"@type\":\"ListItem\",\"position\":1,\"name\":\"Home\",\"item\":\"https:\\\/\\\/dpress.ma\\\/fr\\\/\"},{\"@type\":\"ListItem\",\"position\":2,\"name\":\"Nouakchott : le Maroc prend part au Segment des hauts fonctionnaires de la 34e Conf\u00e9rence r\u00e9gionale de la FAO\"}]},{\"@type\":\"WebSite\",\"@id\":\"https:\\\/\\\/dpress.ma\\\/fr\\\/#website\",\"url\":\"https:\\\/\\\/dpress.ma\\\/fr\\\/\",\"name\":\"Dpress.ma\\\/fr\",\"description\":\"\",\"potentialAction\":[{\"@type\":\"SearchAction\",\"target\":{\"@type\":\"EntryPoint\",\"urlTemplate\":\"https:\\\/\\\/dpress.ma\\\/fr\\\/?s={search_term_string}\"},\"query-input\":{\"@type\":\"PropertyValueSpecification\",\"valueRequired\":true,\"valueName\":\"search_term_string\"}}],\"inLanguage\":\"fr-FR\"},{\"@type\":\"Person\",\"@id\":\"https:\\\/\\\/dpress.ma\\\/fr\\\/#\\\/schema\\\/person\\\/4898febf3ccd59e6578d838656a306a0\",\"name\":\"Dpress.ma\",\"image\":{\"@type\":\"ImageObject\",\"inLanguage\":\"fr-FR\",\"@id\":\"https:\\\/\\\/secure.gravatar.com\\\/avatar\\\/72ecc30e9db047a2e0e7176561eb9d564ed77c8108376495b19bd8336405198a?s=96&d=mm&r=g\",\"url\":\"https:\\\/\\\/secure.gravatar.com\\\/avatar\\\/72ecc30e9db047a2e0e7176561eb9d564ed77c8108376495b19bd8336405198a?s=96&d=mm&r=g\",\"contentUrl\":\"https:\\\/\\\/secure.gravatar.com\\\/avatar\\\/72ecc30e9db047a2e0e7176561eb9d564ed77c8108376495b19bd8336405198a?s=96&d=mm&r=g\",\"caption\":\"Dpress.ma\"},\"sameAs\":[\"https:\\\/\\\/www.dpress.ma\"],\"url\":\"https:\\\/\\\/dpress.ma\\\/fr\\\/author\\\/dpress-ma\\\/\"}]}<\/script>\n<!-- \/ Yoast SEO plugin. -->","yoast_head_json":{"title":"Nouakchott : le Maroc prend part au Segment des hauts fonctionnaires de la 34e Conf\u00e9rence r\u00e9gionale de la FAO - Dpress.ma\/fr","robots":{"index":"index","follow":"follow","max-snippet":"max-snippet:-1","max-image-preview":"max-image-preview:large","max-video-preview":"max-video-preview:-1"},"canonical":"https:\/\/dpress.ma\/fr\/2026\/04\/13\/nouakchott-le-maroc-prend-part-au-segment-des-hauts-fonctionnaires-de-la-34e-conference-regionale-de-la-fao\/","og_locale":"fr_FR","og_type":"article","og_title":"Nouakchott : le Maroc prend part au Segment des hauts fonctionnaires de la 34e Conf\u00e9rence r\u00e9gionale de la FAO - Dpress.ma\/fr","og_description":"Dpress Une d\u00e9l\u00e9gation du Royaume du Maroc a pris part, lundi \u00e0 Nouakchott, au segment des hauts fonctionnaires, dans le cadre la 34e Conf\u00e9rence r\u00e9gionale de la FAO pour l\u2019Afrique (ARC34), qui se tient du 13 au 17 avril. La d\u00e9l\u00e9gation marocaine participant \u00e0 cette r\u00e9union, qui pr\u00e9c\u00e8de le segment minist\u00e9riel de la Conf\u00e9rence organis\u00e9e &hellip;","og_url":"https:\/\/dpress.ma\/fr\/2026\/04\/13\/nouakchott-le-maroc-prend-part-au-segment-des-hauts-fonctionnaires-de-la-34e-conference-regionale-de-la-fao\/","og_site_name":"Dpress.ma\/fr","article_published_time":"2026-04-13T16:24:07+00:00","article_modified_time":"2026-04-13T16:24:09+00:00","og_image":[{"width":2539,"height":1594,"url":"https:\/\/dpress.ma\/fr\/wp-content\/uploads\/sites\/2\/2026\/04\/48-9.jpg","type":"image\/jpeg"}],"author":"Dpress.ma","twitter_card":"summary_large_image","twitter_misc":{"\u00c9crit par":"Dpress.ma","Dur\u00e9e de lecture estim\u00e9e":"3 minutes"},"schema":{"@context":"https:\/\/schema.org","@graph":[{"@type":"Article","@id":"https:\/\/dpress.ma\/fr\/2026\/04\/13\/nouakchott-le-maroc-prend-part-au-segment-des-hauts-fonctionnaires-de-la-34e-conference-regionale-de-la-fao\/#article","isPartOf":{"@id":"https:\/\/dpress.ma\/fr\/2026\/04\/13\/nouakchott-le-maroc-prend-part-au-segment-des-hauts-fonctionnaires-de-la-34e-conference-regionale-de-la-fao\/"},"author":{"name":"Dpress.ma","@id":"https:\/\/dpress.ma\/fr\/#\/schema\/person\/4898febf3ccd59e6578d838656a306a0"},"headline":"Nouakchott : le Maroc prend part au Segment des hauts fonctionnaires de la 34e Conf\u00e9rence r\u00e9gionale de la FAO","datePublished":"2026-04-13T16:24:07+00:00","dateModified":"2026-04-13T16:24:09+00:00","mainEntityOfPage":{"@id":"https:\/\/dpress.ma\/fr\/2026\/04\/13\/nouakchott-le-maroc-prend-part-au-segment-des-hauts-fonctionnaires-de-la-34e-conference-regionale-de-la-fao\/"},"wordCount":499,"commentCount":0,"image":{"@id":"https:\/\/dpress.ma\/fr\/2026\/04\/13\/nouakchott-le-maroc-prend-part-au-segment-des-hauts-fonctionnaires-de-la-34e-conference-regionale-de-la-fao\/#primaryimage"},"thumbnailUrl":"https:\/\/dpress.ma\/fr\/wp-content\/uploads\/sites\/2\/2026\/04\/48-9.jpg","articleSection":["monde"],"inLanguage":"fr-FR","potentialAction":[{"@type":"CommentAction","name":"Comment","target":["https:\/\/dpress.ma\/fr\/2026\/04\/13\/nouakchott-le-maroc-prend-part-au-segment-des-hauts-fonctionnaires-de-la-34e-conference-regionale-de-la-fao\/#respond"]}]},{"@type":"WebPage","@id":"https:\/\/dpress.ma\/fr\/2026\/04\/13\/nouakchott-le-maroc-prend-part-au-segment-des-hauts-fonctionnaires-de-la-34e-conference-regionale-de-la-fao\/","url":"https:\/\/dpress.ma\/fr\/2026\/04\/13\/nouakchott-le-maroc-prend-part-au-segment-des-hauts-fonctionnaires-de-la-34e-conference-regionale-de-la-fao\/","name":"Nouakchott : le Maroc prend part au Segment des hauts fonctionnaires de la 34e Conf\u00e9rence r\u00e9gionale de la FAO - Dpress.ma\/fr","isPartOf":{"@id":"https:\/\/dpress.ma\/fr\/#website"},"primaryImageOfPage":{"@id":"https:\/\/dpress.ma\/fr\/2026\/04\/13\/nouakchott-le-maroc-prend-part-au-segment-des-hauts-fonctionnaires-de-la-34e-conference-regionale-de-la-fao\/#primaryimage"},"image":{"@id":"https:\/\/dpress.ma\/fr\/2026\/04\/13\/nouakchott-le-maroc-prend-part-au-segment-des-hauts-fonctionnaires-de-la-34e-conference-regionale-de-la-fao\/#primaryimage"},"thumbnailUrl":"https:\/\/dpress.ma\/fr\/wp-content\/uploads\/sites\/2\/2026\/04\/48-9.jpg","datePublished":"2026-04-13T16:24:07+00:00","dateModified":"2026-04-13T16:24:09+00:00","author":{"@id":"https:\/\/dpress.ma\/fr\/#\/schema\/person\/4898febf3ccd59e6578d838656a306a0"},"breadcrumb":{"@id":"https:\/\/dpress.ma\/fr\/2026\/04\/13\/nouakchott-le-maroc-prend-part-au-segment-des-hauts-fonctionnaires-de-la-34e-conference-regionale-de-la-fao\/#breadcrumb"},"inLanguage":"fr-FR","potentialAction":[{"@type":"ReadAction","target":["https:\/\/dpress.ma\/fr\/2026\/04\/13\/nouakchott-le-maroc-prend-part-au-segment-des-hauts-fonctionnaires-de-la-34e-conference-regionale-de-la-fao\/"]}]},{"@type":"ImageObject","inLanguage":"fr-FR","@id":"https:\/\/dpress.ma\/fr\/2026\/04\/13\/nouakchott-le-maroc-prend-part-au-segment-des-hauts-fonctionnaires-de-la-34e-conference-regionale-de-la-fao\/#primaryimage","url":"https:\/\/dpress.ma\/fr\/wp-content\/uploads\/sites\/2\/2026\/04\/48-9.jpg","contentUrl":"https:\/\/dpress.ma\/fr\/wp-content\/uploads\/sites\/2\/2026\/04\/48-9.jpg","width":2539,"height":1594},{"@type":"BreadcrumbList","@id":"https:\/\/dpress.ma\/fr\/2026\/04\/13\/nouakchott-le-maroc-prend-part-au-segment-des-hauts-fonctionnaires-de-la-34e-conference-regionale-de-la-fao\/#breadcrumb","itemListElement":[{"@type":"ListItem","position":1,"name":"Home","item":"https:\/\/dpress.ma\/fr\/"},{"@type":"ListItem","position":2,"name":"Nouakchott : le Maroc prend part au Segment des hauts fonctionnaires de la 34e Conf\u00e9rence r\u00e9gionale de la FAO"}]},{"@type":"WebSite","@id":"https:\/\/dpress.ma\/fr\/#website","url":"https:\/\/dpress.ma\/fr\/","name":"Dpress.ma\/fr","description":"","potentialAction":[{"@type":"SearchAction","target":{"@type":"EntryPoint","urlTemplate":"https:\/\/dpress.ma\/fr\/?s={search_term_string}"},"query-input":{"@type":"PropertyValueSpecification","valueRequired":true,"valueName":"search_term_string"}}],"inLanguage":"fr-FR"},{"@type":"Person","@id":"https:\/\/dpress.ma\/fr\/#\/schema\/person\/4898febf3ccd59e6578d838656a306a0","name":"Dpress.ma","image":{"@type":"ImageObject","inLanguage":"fr-FR","@id":"https:\/\/secure.gravatar.com\/avatar\/72ecc30e9db047a2e0e7176561eb9d564ed77c8108376495b19bd8336405198a?s=96&d=mm&r=g","url":"https:\/\/secure.gravatar.com\/avatar\/72ecc30e9db047a2e0e7176561eb9d564ed77c8108376495b19bd8336405198a?s=96&d=mm&r=g","contentUrl":"https:\/\/secure.gravatar.com\/avatar\/72ecc30e9db047a2e0e7176561eb9d564ed77c8108376495b19bd8336405198a?s=96&d=mm&r=g","caption":"Dpress.ma"},"sameAs":["https:\/\/www.dpress.ma"],"url":"https:\/\/dpress.ma\/fr\/author\/dpress-ma\/"}]}},"amp_enabled":true,"_links":{"self":[{"href":"https:\/\/dpress.ma\/fr\/wp-json\/wp\/v2\/posts\/28376","targetHints":{"allow":["GET"]}}],"collection":[{"href":"https:\/\/dpress.ma\/fr\/wp-json\/wp\/v2\/posts"}],"about":[{"href":"https:\/\/dpress.ma\/fr\/wp-json\/wp\/v2\/types\/post"}],"author":[{"embeddable":true,"href":"https:\/\/dpress.ma\/fr\/wp-json\/wp\/v2\/users\/2"}],"replies":[{"embeddable":true,"href":"https:\/\/dpress.ma\/fr\/wp-json\/wp\/v2\/comments?post=28376"}],"version-history":[{"count":1,"href":"https:\/\/dpress.ma\/fr\/wp-json\/wp\/v2\/posts\/28376\/revisions"}],"predecessor-version":[{"id":28378,"href":"https:\/\/dpress.ma\/fr\/wp-json\/wp\/v2\/posts\/28376\/revisions\/28378"}],"wp:featuredmedia":[{"embeddable":true,"href":"https:\/\/dpress.ma\/fr\/wp-json\/wp\/v2\/media\/28377"}],"wp:attachment":[{"href":"https:\/\/dpress.ma\/fr\/wp-json\/wp\/v2\/media?parent=28376"}],"wp:term":[{"taxonomy":"category","embeddable":true,"href":"https:\/\/dpress.ma\/fr\/wp-json\/wp\/v2\/categories?post=28376"},{"taxonomy":"post_tag","embeddable":true,"href":"https:\/\/dpress.ma\/fr\/wp-json\/wp\/v2\/tags?post=28376"}],"curies":[{"name":"wp","href":"https:\/\/api.w.org\/{rel}","templated":true}]}}