{"id":28373,"date":"2026-04-13T16:22:51","date_gmt":"2026-04-13T16:22:51","guid":{"rendered":"https:\/\/dpress.ma\/fr\/?p=28373"},"modified":"2026-04-13T16:22:53","modified_gmt":"2026-04-13T16:22:53","slug":"presidentielle-au-benin-la-haca-en-mission-dobservation-de-la-couverture-mediatique","status":"publish","type":"post","link":"https:\/\/dpress.ma\/fr\/2026\/04\/13\/presidentielle-au-benin-la-haca-en-mission-dobservation-de-la-couverture-mediatique\/","title":{"rendered":"Pr\u00e9sidentielle au B\u00e9nin : la HACA en mission d\u2019observation de la couverture m\u00e9diatique"},"content":{"rendered":"\n<p>Dpress<\/p>\n\n\n\n<p>&nbsp;La Haute Autorit\u00e9 de la Communication Audiovisuelle (HACA) a pris part, dans le cadre de son engagement panafricain, du 10 au 13 avril 2026 au B\u00e9nin, \u00e0 une mission d\u2019observation \u00e9lectorale consacr\u00e9e \u00e0 la couverture m\u00e9diatique de l\u2019\u00e9lection pr\u00e9sidentielle tenue le 12 avril.<\/p>\n\n\n\n<p>Organis\u00e9e sous l\u2019\u00e9gide du R\u00e9seau des Instances Africaines de R\u00e9gulation de la Communication, \u00e0 l\u2019initiative de la Haute Autorit\u00e9 de l\u2019Audiovisuel et de la Communication&nbsp;du B\u00e9nin, cette mission s\u2019inscrit dans l\u2019action du r\u00e9seau panafricain en faveur de la pr\u00e9servation de l\u2019int\u00e9grit\u00e9 des processus \u00e9lectoraux et du renforcement de la d\u00e9mocratie sur&nbsp;le continent.<\/p>\n\n\n\n<p>Aux c\u00f4t\u00e9s des pr\u00e9sidents des instances de r\u00e9gulation de C\u00f4te d\u2019Ivoire, du Tchad et du Togo, la d\u00e9l\u00e9gation marocaine, compos\u00e9e de Mme Latifa Akharbach, pr\u00e9sidente de la HACA, et de M. Talal Salahdine, Manager des Affaires africaines et internationales au sein de l\u2019instance marocaine, a pris part \u00e0 plusieurs visites de terrain et r\u00e9unions de travail consacr\u00e9es aux dispositifs mis en place pour garantir la transparence du scrutin, notamment en mati\u00e8re d\u2019acc\u00e8s \u00e9quitable des deux bin\u00f4mes de candidats aux m\u00e9dias publics et priv\u00e9s.<\/p>\n\n\n\n<p>Au si\u00e8ge de la salle de situation \u00e9lectorale mise en place par la Plateforme \u00e9lectorale des organisations de la soci\u00e9t\u00e9 civile du B\u00e9nin, la d\u00e9l\u00e9gation des r\u00e9gulateurs africains des m\u00e9dias a tenu une r\u00e9union d\u2019\u00e9change consacr\u00e9e, entre autres, aux m\u00e9canismes d\u2019alerte pr\u00e9coce d\u00e9ploy\u00e9s par cette plateforme citoyenne ainsi qu\u2019\u00e0 l\u2019attention qu\u2019elle accorde aux risques informationnels en p\u00e9riode \u00e9lectorale.<\/p>\n\n\n\n<p>Par ailleurs, plusieurs r\u00e9unions ont \u00e9t\u00e9 organis\u00e9es avec les diff\u00e9rentes missions d\u2019observation internationale d\u00e9ploy\u00e9es \u00e0 l\u2019occasion de cette \u00e9lection pr\u00e9sidentielle,&nbsp;notamment par l\u2019Union africaine, la Communaut\u00e9 \u00e9conomique des \u00c9tats de l\u2019Afrique de l\u2019Ouest, l\u2019Organisation internationale de la Francophonie, le Conseil de l\u2019Entente, ainsi que par la mission conjointe de la Nouvelle Perspective Suisse et du Centre de Droit public de l\u2019Universit\u00e9 de Lom\u00e9.<\/p>\n\n\n\n<p>Les principes fondamentaux d\u2019impartialit\u00e9, de transparence et d\u2019\u00e9quit\u00e9 encadrant le processus \u00e9lectoral b\u00e9ninois ont \u00e9t\u00e9 au c\u0153ur des \u00e9changes lors de l\u2019ensemble de ces rencontres.<\/p>\n","protected":false},"excerpt":{"rendered":"<p>Dpress &nbsp;La Haute Autorit\u00e9 de la Communication Audiovisuelle (HACA) a pris part, dans le cadre de son engagement panafricain, du 10 au 13 avril 2026 au B\u00e9nin, \u00e0 une mission d\u2019observation \u00e9lectorale consacr\u00e9e \u00e0 la couverture m\u00e9diatique de l\u2019\u00e9lection pr\u00e9sidentielle tenue le 12 avril. Organis\u00e9e sous l\u2019\u00e9gide du R\u00e9seau des Instances Africaines de R\u00e9gulation de &hellip;<\/p>\n","protected":false},"author":2,"featured_media":28374,"comment_status":"open","ping_status":"open","sticky":false,"template":"","format":"standard","meta":{"footnotes":""},"categories":[42],"tags":[],"class_list":["post-28373","post","type-post","status-publish","format-standard","has-post-thumbnail","hentry","category-monde"],"yoast_head":"<!-- This site is optimized with the Yoast SEO plugin v27.5 - https:\/\/yoast.com\/product\/yoast-seo-wordpress\/ -->\n<title>Pr\u00e9sidentielle au B\u00e9nin : la HACA en mission d\u2019observation de la couverture m\u00e9diatique - Dpress.ma\/fr<\/title>\n<meta name=\"robots\" content=\"index, follow, max-snippet:-1, max-image-preview:large, max-video-preview:-1\" \/>\n<link rel=\"canonical\" href=\"https:\/\/dpress.ma\/fr\/2026\/04\/13\/presidentielle-au-benin-la-haca-en-mission-dobservation-de-la-couverture-mediatique\/\" \/>\n<meta property=\"og:locale\" content=\"fr_FR\" \/>\n<meta property=\"og:type\" content=\"article\" \/>\n<meta property=\"og:title\" content=\"Pr\u00e9sidentielle au B\u00e9nin : la HACA en mission d\u2019observation de la couverture m\u00e9diatique - Dpress.ma\/fr\" \/>\n<meta property=\"og:description\" content=\"Dpress &nbsp;La Haute Autorit\u00e9 de la Communication Audiovisuelle (HACA) a pris part, dans le cadre de son engagement panafricain, du 10 au 13 avril 2026 au B\u00e9nin, \u00e0 une mission d\u2019observation \u00e9lectorale consacr\u00e9e \u00e0 la couverture m\u00e9diatique de l\u2019\u00e9lection pr\u00e9sidentielle tenue le 12 avril. Organis\u00e9e sous l\u2019\u00e9gide du R\u00e9seau des Instances Africaines de R\u00e9gulation de &hellip;\" \/>\n<meta property=\"og:url\" content=\"https:\/\/dpress.ma\/fr\/2026\/04\/13\/presidentielle-au-benin-la-haca-en-mission-dobservation-de-la-couverture-mediatique\/\" \/>\n<meta property=\"og:site_name\" content=\"Dpress.ma\/fr\" \/>\n<meta property=\"article:published_time\" content=\"2026-04-13T16:22:51+00:00\" \/>\n<meta property=\"article:modified_time\" content=\"2026-04-13T16:22:53+00:00\" \/>\n<meta property=\"og:image\" content=\"https:\/\/dpress.ma\/fr\/wp-content\/uploads\/sites\/2\/2026\/04\/47-8.jpg\" \/>\n\t<meta property=\"og:image:width\" content=\"2539\" \/>\n\t<meta property=\"og:image:height\" content=\"1594\" \/>\n\t<meta property=\"og:image:type\" content=\"image\/jpeg\" \/>\n<meta name=\"author\" content=\"Dpress.ma\" \/>\n<meta name=\"twitter:card\" content=\"summary_large_image\" \/>\n<meta name=\"twitter:label1\" content=\"\u00c9crit par\" \/>\n\t<meta name=\"twitter:data1\" content=\"Dpress.ma\" \/>\n\t<meta name=\"twitter:label2\" content=\"Dur\u00e9e de lecture estim\u00e9e\" \/>\n\t<meta name=\"twitter:data2\" content=\"2 minutes\" \/>\n<script type=\"application\/ld+json\" class=\"yoast-schema-graph\">{\"@context\":\"https:\\\/\\\/schema.org\",\"@graph\":[{\"@type\":\"Article\",\"@id\":\"https:\\\/\\\/dpress.ma\\\/fr\\\/2026\\\/04\\\/13\\\/presidentielle-au-benin-la-haca-en-mission-dobservation-de-la-couverture-mediatique\\\/#article\",\"isPartOf\":{\"@id\":\"https:\\\/\\\/dpress.ma\\\/fr\\\/2026\\\/04\\\/13\\\/presidentielle-au-benin-la-haca-en-mission-dobservation-de-la-couverture-mediatique\\\/\"},\"author\":{\"name\":\"Dpress.ma\",\"@id\":\"https:\\\/\\\/dpress.ma\\\/fr\\\/#\\\/schema\\\/person\\\/4898febf3ccd59e6578d838656a306a0\"},\"headline\":\"Pr\u00e9sidentielle au B\u00e9nin : la HACA en mission d\u2019observation de la couverture m\u00e9diatique\",\"datePublished\":\"2026-04-13T16:22:51+00:00\",\"dateModified\":\"2026-04-13T16:22:53+00:00\",\"mainEntityOfPage\":{\"@id\":\"https:\\\/\\\/dpress.ma\\\/fr\\\/2026\\\/04\\\/13\\\/presidentielle-au-benin-la-haca-en-mission-dobservation-de-la-couverture-mediatique\\\/\"},\"wordCount\":414,\"commentCount\":0,\"image\":{\"@id\":\"https:\\\/\\\/dpress.ma\\\/fr\\\/2026\\\/04\\\/13\\\/presidentielle-au-benin-la-haca-en-mission-dobservation-de-la-couverture-mediatique\\\/#primaryimage\"},\"thumbnailUrl\":\"https:\\\/\\\/dpress.ma\\\/fr\\\/wp-content\\\/uploads\\\/sites\\\/2\\\/2026\\\/04\\\/47-8.jpg\",\"articleSection\":[\"monde\"],\"inLanguage\":\"fr-FR\",\"potentialAction\":[{\"@type\":\"CommentAction\",\"name\":\"Comment\",\"target\":[\"https:\\\/\\\/dpress.ma\\\/fr\\\/2026\\\/04\\\/13\\\/presidentielle-au-benin-la-haca-en-mission-dobservation-de-la-couverture-mediatique\\\/#respond\"]}]},{\"@type\":\"WebPage\",\"@id\":\"https:\\\/\\\/dpress.ma\\\/fr\\\/2026\\\/04\\\/13\\\/presidentielle-au-benin-la-haca-en-mission-dobservation-de-la-couverture-mediatique\\\/\",\"url\":\"https:\\\/\\\/dpress.ma\\\/fr\\\/2026\\\/04\\\/13\\\/presidentielle-au-benin-la-haca-en-mission-dobservation-de-la-couverture-mediatique\\\/\",\"name\":\"Pr\u00e9sidentielle au B\u00e9nin : la HACA en mission d\u2019observation de la couverture m\u00e9diatique - Dpress.ma\\\/fr\",\"isPartOf\":{\"@id\":\"https:\\\/\\\/dpress.ma\\\/fr\\\/#website\"},\"primaryImageOfPage\":{\"@id\":\"https:\\\/\\\/dpress.ma\\\/fr\\\/2026\\\/04\\\/13\\\/presidentielle-au-benin-la-haca-en-mission-dobservation-de-la-couverture-mediatique\\\/#primaryimage\"},\"image\":{\"@id\":\"https:\\\/\\\/dpress.ma\\\/fr\\\/2026\\\/04\\\/13\\\/presidentielle-au-benin-la-haca-en-mission-dobservation-de-la-couverture-mediatique\\\/#primaryimage\"},\"thumbnailUrl\":\"https:\\\/\\\/dpress.ma\\\/fr\\\/wp-content\\\/uploads\\\/sites\\\/2\\\/2026\\\/04\\\/47-8.jpg\",\"datePublished\":\"2026-04-13T16:22:51+00:00\",\"dateModified\":\"2026-04-13T16:22:53+00:00\",\"author\":{\"@id\":\"https:\\\/\\\/dpress.ma\\\/fr\\\/#\\\/schema\\\/person\\\/4898febf3ccd59e6578d838656a306a0\"},\"breadcrumb\":{\"@id\":\"https:\\\/\\\/dpress.ma\\\/fr\\\/2026\\\/04\\\/13\\\/presidentielle-au-benin-la-haca-en-mission-dobservation-de-la-couverture-mediatique\\\/#breadcrumb\"},\"inLanguage\":\"fr-FR\",\"potentialAction\":[{\"@type\":\"ReadAction\",\"target\":[\"https:\\\/\\\/dpress.ma\\\/fr\\\/2026\\\/04\\\/13\\\/presidentielle-au-benin-la-haca-en-mission-dobservation-de-la-couverture-mediatique\\\/\"]}]},{\"@type\":\"ImageObject\",\"inLanguage\":\"fr-FR\",\"@id\":\"https:\\\/\\\/dpress.ma\\\/fr\\\/2026\\\/04\\\/13\\\/presidentielle-au-benin-la-haca-en-mission-dobservation-de-la-couverture-mediatique\\\/#primaryimage\",\"url\":\"https:\\\/\\\/dpress.ma\\\/fr\\\/wp-content\\\/uploads\\\/sites\\\/2\\\/2026\\\/04\\\/47-8.jpg\",\"contentUrl\":\"https:\\\/\\\/dpress.ma\\\/fr\\\/wp-content\\\/uploads\\\/sites\\\/2\\\/2026\\\/04\\\/47-8.jpg\",\"width\":2539,\"height\":1594},{\"@type\":\"BreadcrumbList\",\"@id\":\"https:\\\/\\\/dpress.ma\\\/fr\\\/2026\\\/04\\\/13\\\/presidentielle-au-benin-la-haca-en-mission-dobservation-de-la-couverture-mediatique\\\/#breadcrumb\",\"itemListElement\":[{\"@type\":\"ListItem\",\"position\":1,\"name\":\"Home\",\"item\":\"https:\\\/\\\/dpress.ma\\\/fr\\\/\"},{\"@type\":\"ListItem\",\"position\":2,\"name\":\"Pr\u00e9sidentielle au B\u00e9nin : la HACA en mission d\u2019observation de la couverture m\u00e9diatique\"}]},{\"@type\":\"WebSite\",\"@id\":\"https:\\\/\\\/dpress.ma\\\/fr\\\/#website\",\"url\":\"https:\\\/\\\/dpress.ma\\\/fr\\\/\",\"name\":\"Dpress.ma\\\/fr\",\"description\":\"\",\"potentialAction\":[{\"@type\":\"SearchAction\",\"target\":{\"@type\":\"EntryPoint\",\"urlTemplate\":\"https:\\\/\\\/dpress.ma\\\/fr\\\/?s={search_term_string}\"},\"query-input\":{\"@type\":\"PropertyValueSpecification\",\"valueRequired\":true,\"valueName\":\"search_term_string\"}}],\"inLanguage\":\"fr-FR\"},{\"@type\":\"Person\",\"@id\":\"https:\\\/\\\/dpress.ma\\\/fr\\\/#\\\/schema\\\/person\\\/4898febf3ccd59e6578d838656a306a0\",\"name\":\"Dpress.ma\",\"image\":{\"@type\":\"ImageObject\",\"inLanguage\":\"fr-FR\",\"@id\":\"https:\\\/\\\/secure.gravatar.com\\\/avatar\\\/72ecc30e9db047a2e0e7176561eb9d564ed77c8108376495b19bd8336405198a?s=96&d=mm&r=g\",\"url\":\"https:\\\/\\\/secure.gravatar.com\\\/avatar\\\/72ecc30e9db047a2e0e7176561eb9d564ed77c8108376495b19bd8336405198a?s=96&d=mm&r=g\",\"contentUrl\":\"https:\\\/\\\/secure.gravatar.com\\\/avatar\\\/72ecc30e9db047a2e0e7176561eb9d564ed77c8108376495b19bd8336405198a?s=96&d=mm&r=g\",\"caption\":\"Dpress.ma\"},\"sameAs\":[\"https:\\\/\\\/www.dpress.ma\"],\"url\":\"https:\\\/\\\/dpress.ma\\\/fr\\\/author\\\/dpress-ma\\\/\"}]}<\/script>\n<!-- \/ Yoast SEO plugin. -->","yoast_head_json":{"title":"Pr\u00e9sidentielle au B\u00e9nin : la HACA en mission d\u2019observation de la couverture m\u00e9diatique - Dpress.ma\/fr","robots":{"index":"index","follow":"follow","max-snippet":"max-snippet:-1","max-image-preview":"max-image-preview:large","max-video-preview":"max-video-preview:-1"},"canonical":"https:\/\/dpress.ma\/fr\/2026\/04\/13\/presidentielle-au-benin-la-haca-en-mission-dobservation-de-la-couverture-mediatique\/","og_locale":"fr_FR","og_type":"article","og_title":"Pr\u00e9sidentielle au B\u00e9nin : la HACA en mission d\u2019observation de la couverture m\u00e9diatique - Dpress.ma\/fr","og_description":"Dpress &nbsp;La Haute Autorit\u00e9 de la Communication Audiovisuelle (HACA) a pris part, dans le cadre de son engagement panafricain, du 10 au 13 avril 2026 au B\u00e9nin, \u00e0 une mission d\u2019observation \u00e9lectorale consacr\u00e9e \u00e0 la couverture m\u00e9diatique de l\u2019\u00e9lection pr\u00e9sidentielle tenue le 12 avril. Organis\u00e9e sous l\u2019\u00e9gide du R\u00e9seau des Instances Africaines de R\u00e9gulation de &hellip;","og_url":"https:\/\/dpress.ma\/fr\/2026\/04\/13\/presidentielle-au-benin-la-haca-en-mission-dobservation-de-la-couverture-mediatique\/","og_site_name":"Dpress.ma\/fr","article_published_time":"2026-04-13T16:22:51+00:00","article_modified_time":"2026-04-13T16:22:53+00:00","og_image":[{"width":2539,"height":1594,"url":"https:\/\/dpress.ma\/fr\/wp-content\/uploads\/sites\/2\/2026\/04\/47-8.jpg","type":"image\/jpeg"}],"author":"Dpress.ma","twitter_card":"summary_large_image","twitter_misc":{"\u00c9crit par":"Dpress.ma","Dur\u00e9e de lecture estim\u00e9e":"2 minutes"},"schema":{"@context":"https:\/\/schema.org","@graph":[{"@type":"Article","@id":"https:\/\/dpress.ma\/fr\/2026\/04\/13\/presidentielle-au-benin-la-haca-en-mission-dobservation-de-la-couverture-mediatique\/#article","isPartOf":{"@id":"https:\/\/dpress.ma\/fr\/2026\/04\/13\/presidentielle-au-benin-la-haca-en-mission-dobservation-de-la-couverture-mediatique\/"},"author":{"name":"Dpress.ma","@id":"https:\/\/dpress.ma\/fr\/#\/schema\/person\/4898febf3ccd59e6578d838656a306a0"},"headline":"Pr\u00e9sidentielle au B\u00e9nin : la HACA en mission d\u2019observation de la couverture m\u00e9diatique","datePublished":"2026-04-13T16:22:51+00:00","dateModified":"2026-04-13T16:22:53+00:00","mainEntityOfPage":{"@id":"https:\/\/dpress.ma\/fr\/2026\/04\/13\/presidentielle-au-benin-la-haca-en-mission-dobservation-de-la-couverture-mediatique\/"},"wordCount":414,"commentCount":0,"image":{"@id":"https:\/\/dpress.ma\/fr\/2026\/04\/13\/presidentielle-au-benin-la-haca-en-mission-dobservation-de-la-couverture-mediatique\/#primaryimage"},"thumbnailUrl":"https:\/\/dpress.ma\/fr\/wp-content\/uploads\/sites\/2\/2026\/04\/47-8.jpg","articleSection":["monde"],"inLanguage":"fr-FR","potentialAction":[{"@type":"CommentAction","name":"Comment","target":["https:\/\/dpress.ma\/fr\/2026\/04\/13\/presidentielle-au-benin-la-haca-en-mission-dobservation-de-la-couverture-mediatique\/#respond"]}]},{"@type":"WebPage","@id":"https:\/\/dpress.ma\/fr\/2026\/04\/13\/presidentielle-au-benin-la-haca-en-mission-dobservation-de-la-couverture-mediatique\/","url":"https:\/\/dpress.ma\/fr\/2026\/04\/13\/presidentielle-au-benin-la-haca-en-mission-dobservation-de-la-couverture-mediatique\/","name":"Pr\u00e9sidentielle au B\u00e9nin : la HACA en mission d\u2019observation de la couverture m\u00e9diatique - Dpress.ma\/fr","isPartOf":{"@id":"https:\/\/dpress.ma\/fr\/#website"},"primaryImageOfPage":{"@id":"https:\/\/dpress.ma\/fr\/2026\/04\/13\/presidentielle-au-benin-la-haca-en-mission-dobservation-de-la-couverture-mediatique\/#primaryimage"},"image":{"@id":"https:\/\/dpress.ma\/fr\/2026\/04\/13\/presidentielle-au-benin-la-haca-en-mission-dobservation-de-la-couverture-mediatique\/#primaryimage"},"thumbnailUrl":"https:\/\/dpress.ma\/fr\/wp-content\/uploads\/sites\/2\/2026\/04\/47-8.jpg","datePublished":"2026-04-13T16:22:51+00:00","dateModified":"2026-04-13T16:22:53+00:00","author":{"@id":"https:\/\/dpress.ma\/fr\/#\/schema\/person\/4898febf3ccd59e6578d838656a306a0"},"breadcrumb":{"@id":"https:\/\/dpress.ma\/fr\/2026\/04\/13\/presidentielle-au-benin-la-haca-en-mission-dobservation-de-la-couverture-mediatique\/#breadcrumb"},"inLanguage":"fr-FR","potentialAction":[{"@type":"ReadAction","target":["https:\/\/dpress.ma\/fr\/2026\/04\/13\/presidentielle-au-benin-la-haca-en-mission-dobservation-de-la-couverture-mediatique\/"]}]},{"@type":"ImageObject","inLanguage":"fr-FR","@id":"https:\/\/dpress.ma\/fr\/2026\/04\/13\/presidentielle-au-benin-la-haca-en-mission-dobservation-de-la-couverture-mediatique\/#primaryimage","url":"https:\/\/dpress.ma\/fr\/wp-content\/uploads\/sites\/2\/2026\/04\/47-8.jpg","contentUrl":"https:\/\/dpress.ma\/fr\/wp-content\/uploads\/sites\/2\/2026\/04\/47-8.jpg","width":2539,"height":1594},{"@type":"BreadcrumbList","@id":"https:\/\/dpress.ma\/fr\/2026\/04\/13\/presidentielle-au-benin-la-haca-en-mission-dobservation-de-la-couverture-mediatique\/#breadcrumb","itemListElement":[{"@type":"ListItem","position":1,"name":"Home","item":"https:\/\/dpress.ma\/fr\/"},{"@type":"ListItem","position":2,"name":"Pr\u00e9sidentielle au B\u00e9nin : la HACA en mission d\u2019observation de la couverture m\u00e9diatique"}]},{"@type":"WebSite","@id":"https:\/\/dpress.ma\/fr\/#website","url":"https:\/\/dpress.ma\/fr\/","name":"Dpress.ma\/fr","description":"","potentialAction":[{"@type":"SearchAction","target":{"@type":"EntryPoint","urlTemplate":"https:\/\/dpress.ma\/fr\/?s={search_term_string}"},"query-input":{"@type":"PropertyValueSpecification","valueRequired":true,"valueName":"search_term_string"}}],"inLanguage":"fr-FR"},{"@type":"Person","@id":"https:\/\/dpress.ma\/fr\/#\/schema\/person\/4898febf3ccd59e6578d838656a306a0","name":"Dpress.ma","image":{"@type":"ImageObject","inLanguage":"fr-FR","@id":"https:\/\/secure.gravatar.com\/avatar\/72ecc30e9db047a2e0e7176561eb9d564ed77c8108376495b19bd8336405198a?s=96&d=mm&r=g","url":"https:\/\/secure.gravatar.com\/avatar\/72ecc30e9db047a2e0e7176561eb9d564ed77c8108376495b19bd8336405198a?s=96&d=mm&r=g","contentUrl":"https:\/\/secure.gravatar.com\/avatar\/72ecc30e9db047a2e0e7176561eb9d564ed77c8108376495b19bd8336405198a?s=96&d=mm&r=g","caption":"Dpress.ma"},"sameAs":["https:\/\/www.dpress.ma"],"url":"https:\/\/dpress.ma\/fr\/author\/dpress-ma\/"}]}},"amp_enabled":true,"_links":{"self":[{"href":"https:\/\/dpress.ma\/fr\/wp-json\/wp\/v2\/posts\/28373","targetHints":{"allow":["GET"]}}],"collection":[{"href":"https:\/\/dpress.ma\/fr\/wp-json\/wp\/v2\/posts"}],"about":[{"href":"https:\/\/dpress.ma\/fr\/wp-json\/wp\/v2\/types\/post"}],"author":[{"embeddable":true,"href":"https:\/\/dpress.ma\/fr\/wp-json\/wp\/v2\/users\/2"}],"replies":[{"embeddable":true,"href":"https:\/\/dpress.ma\/fr\/wp-json\/wp\/v2\/comments?post=28373"}],"version-history":[{"count":1,"href":"https:\/\/dpress.ma\/fr\/wp-json\/wp\/v2\/posts\/28373\/revisions"}],"predecessor-version":[{"id":28375,"href":"https:\/\/dpress.ma\/fr\/wp-json\/wp\/v2\/posts\/28373\/revisions\/28375"}],"wp:featuredmedia":[{"embeddable":true,"href":"https:\/\/dpress.ma\/fr\/wp-json\/wp\/v2\/media\/28374"}],"wp:attachment":[{"href":"https:\/\/dpress.ma\/fr\/wp-json\/wp\/v2\/media?parent=28373"}],"wp:term":[{"taxonomy":"category","embeddable":true,"href":"https:\/\/dpress.ma\/fr\/wp-json\/wp\/v2\/categories?post=28373"},{"taxonomy":"post_tag","embeddable":true,"href":"https:\/\/dpress.ma\/fr\/wp-json\/wp\/v2\/tags?post=28373"}],"curies":[{"name":"wp","href":"https:\/\/api.w.org\/{rel}","templated":true}]}}