{"id":28370,"date":"2026-04-13T16:18:33","date_gmt":"2026-04-13T16:18:33","guid":{"rendered":"https:\/\/dpress.ma\/fr\/?p=28370"},"modified":"2026-04-13T16:18:36","modified_gmt":"2026-04-13T16:18:36","slug":"rabat-debut-de-la-reunion-du-bureau-executif-de-la-federation-africaine-des-journalistes","status":"publish","type":"post","link":"https:\/\/dpress.ma\/fr\/2026\/04\/13\/rabat-debut-de-la-reunion-du-bureau-executif-de-la-federation-africaine-des-journalistes\/","title":{"rendered":"Rabat: d\u00e9but de la r\u00e9union du Bureau ex\u00e9cutif de la F\u00e9d\u00e9ration Africaine des Journalistes"},"content":{"rendered":"\n<p>Dpress<\/p>\n\n\n\n<p>Les travaux de la&nbsp;r\u00e9union du Bureau ex\u00e9cutif de la&nbsp;F\u00e9d\u00e9ration Africaine des Journalistes (FAJ) se sont ouverts, lundi \u00e0 Rabat, en pr\u00e9sence de dirigeants de la F\u00e9d\u00e9ration Internationale des Journalistes (FIJ).<\/p>\n\n\n\n<p>Accueillie jusqu\u2019au 15 avril par le Syndicat National de la Presse Marocaine (SNPM),&nbsp;cette rencontre s\u2019inscrit dans la dynamique organisationnelle de l\u2019action syndicale journalistique au niveau continental et dans le cadre des pr\u00e9paratifs du Congr\u00e8s de la FIJ, pr\u00e9vu&nbsp;en mai prochain&nbsp;\u00e0 Paris.<\/p>\n\n\n\n<p>Dans une d\u00e9claration \u00e0 la MAP \u00e0 cette occasion, le vice-pr\u00e9sident du SNPM et membre du bureau ex\u00e9cutif de la FAJ, Mohamed Talbi, a indiqu\u00e9 que cette r\u00e9union s\u2019inscrit dans le cadre des pr\u00e9paratifs du Congr\u00e8s international pr\u00e9vu \u00e0 Paris, mettant l\u2019accent sur l\u2019importance particuli\u00e8re que rev\u00eat cet \u00e9v\u00e9nement.<\/p>\n\n\n\n<p>Plusieurs questions int\u00e9ressant la profession seront abord\u00e9es lors de cette rencontre, notamment la situation des journalistes dans le continent africain, dans un contexte difficile marqu\u00e9 par les d\u00e9fis auxquels fait face la presse dans la r\u00e9gion, ainsi que la participation de la FAJ au Congr\u00e8s de Paris, a pr\u00e9cis\u00e9 M. Talbi.<\/p>\n\n\n\n<p>Les discussions porteront aussi sur plusieurs questions d\u2019actualit\u00e9, notamment les enjeux li\u00e9s au genre et aux libert\u00e9s en Afrique, en plus de dossiers d\u2019int\u00e9r\u00eat majeur tels que les d\u00e9fis environnementaux, la d\u00e9sertification et les migrations, qui pr\u00e9occupent aussi bien les journalistes africains que le continent dans son ensemble, a-t-il ajout\u00e9.<\/p>\n\n\n\n<p>\u00c0 l\u2019issue de cette rencontre, le \u201cRapport de Rabat\u201d sera \u00e9labor\u00e9, porteur d\u2019une vision strat\u00e9gique pour la FAJ en perspective du Congr\u00e8s de Paris, avec l\u2019ambition de rendre son action plus efficace et de permettre au continent africain de retrouver sa repr\u00e9sentativit\u00e9 qu\u2019il occupait auparavant au sein de la FIJ, a-t-il relev\u00e9.<\/p>\n\n\n\n<p>Dans une d\u00e9claration similaire, le pr\u00e9sident de la FAJ, Omar Faruk Osman, a soulign\u00e9 que cette r\u00e9union de haut niveau aborde des questions cruciales pour l\u2019Afrique, notamment la libert\u00e9 de la presse, le soutien aux journalistes, l\u2019\u00e9thique professionnelle ainsi que la protection des professionnels des m\u00e9dias \u00e0 travers le monde.<\/p>\n\n\n\n<p>Exprimant sa satisfaction quant \u00e0 l\u2019organisation de cette rencontre \u00e0 Rabat, berceau de la cr\u00e9ation de la FAJ, M. Osman a exprim\u00e9 sa reconnaissance pour l\u2019appui constant du SNPM et son r\u00f4le cl\u00e9 dans la r\u00e9ussite de cet \u00e9v\u00e9nement.<\/p>\n\n\n\n<p>Cette rencontre vise \u00e0 renforcer la coop\u00e9ration entre les structures syndicales africaines et internationales, notamment pour la d\u00e9fense de la libert\u00e9 de la presse, la protection des droits \u00e9conomiques et sociaux des journalistes et l\u2019accompagnement des mutations num\u00e9riques dans le secteur des m\u00e9dias.<\/p>\n\n\n\n<p>La r\u00e9union permettra \u00e9galement d\u2019\u00e9valuer le bilan de la FAJ et d\u2019examiner les moyens de renforcer son r\u00f4le en tant que force de proposition et de plaidoyer sur la sc\u00e8ne internationale.<\/p>\n","protected":false},"excerpt":{"rendered":"<p>Dpress Les travaux de la&nbsp;r\u00e9union du Bureau ex\u00e9cutif de la&nbsp;F\u00e9d\u00e9ration Africaine des Journalistes (FAJ) se sont ouverts, lundi \u00e0 Rabat, en pr\u00e9sence de dirigeants de la F\u00e9d\u00e9ration Internationale des Journalistes (FIJ). Accueillie jusqu\u2019au 15 avril par le Syndicat National de la Presse Marocaine (SNPM),&nbsp;cette rencontre s\u2019inscrit dans la dynamique organisationnelle de l\u2019action syndicale journalistique au &hellip;<\/p>\n","protected":false},"author":2,"featured_media":28371,"comment_status":"open","ping_status":"open","sticky":false,"template":"","format":"standard","meta":{"footnotes":""},"categories":[40],"tags":[],"class_list":["post-28370","post","type-post","status-publish","format-standard","has-post-thumbnail","hentry","category-societe-et-regions"],"yoast_head":"<!-- This site is optimized with the Yoast SEO plugin v27.5 - https:\/\/yoast.com\/product\/yoast-seo-wordpress\/ -->\n<title>Rabat: d\u00e9but de la r\u00e9union du Bureau ex\u00e9cutif de la F\u00e9d\u00e9ration Africaine des Journalistes - Dpress.ma\/fr<\/title>\n<meta name=\"robots\" content=\"index, follow, max-snippet:-1, max-image-preview:large, max-video-preview:-1\" \/>\n<link rel=\"canonical\" href=\"https:\/\/dpress.ma\/fr\/2026\/04\/13\/rabat-debut-de-la-reunion-du-bureau-executif-de-la-federation-africaine-des-journalistes\/\" \/>\n<meta property=\"og:locale\" content=\"fr_FR\" \/>\n<meta property=\"og:type\" content=\"article\" \/>\n<meta property=\"og:title\" content=\"Rabat: d\u00e9but de la r\u00e9union du Bureau ex\u00e9cutif de la F\u00e9d\u00e9ration Africaine des Journalistes - Dpress.ma\/fr\" \/>\n<meta property=\"og:description\" content=\"Dpress Les travaux de la&nbsp;r\u00e9union du Bureau ex\u00e9cutif de la&nbsp;F\u00e9d\u00e9ration Africaine des Journalistes (FAJ) se sont ouverts, lundi \u00e0 Rabat, en pr\u00e9sence de dirigeants de la F\u00e9d\u00e9ration Internationale des Journalistes (FIJ). Accueillie jusqu\u2019au 15 avril par le Syndicat National de la Presse Marocaine (SNPM),&nbsp;cette rencontre s\u2019inscrit dans la dynamique organisationnelle de l\u2019action syndicale journalistique au &hellip;\" \/>\n<meta property=\"og:url\" content=\"https:\/\/dpress.ma\/fr\/2026\/04\/13\/rabat-debut-de-la-reunion-du-bureau-executif-de-la-federation-africaine-des-journalistes\/\" \/>\n<meta property=\"og:site_name\" content=\"Dpress.ma\/fr\" \/>\n<meta property=\"article:published_time\" content=\"2026-04-13T16:18:33+00:00\" \/>\n<meta property=\"article:modified_time\" content=\"2026-04-13T16:18:36+00:00\" \/>\n<meta property=\"og:image\" content=\"https:\/\/dpress.ma\/fr\/wp-content\/uploads\/sites\/2\/2026\/04\/46-8.jpg\" \/>\n\t<meta property=\"og:image:width\" content=\"2539\" \/>\n\t<meta property=\"og:image:height\" content=\"1594\" \/>\n\t<meta property=\"og:image:type\" content=\"image\/jpeg\" \/>\n<meta name=\"author\" content=\"Dpress.ma\" \/>\n<meta name=\"twitter:card\" content=\"summary_large_image\" \/>\n<meta name=\"twitter:label1\" content=\"\u00c9crit par\" \/>\n\t<meta name=\"twitter:data1\" content=\"Dpress.ma\" \/>\n\t<meta name=\"twitter:label2\" content=\"Dur\u00e9e de lecture estim\u00e9e\" \/>\n\t<meta name=\"twitter:data2\" content=\"3 minutes\" \/>\n<script type=\"application\/ld+json\" class=\"yoast-schema-graph\">{\"@context\":\"https:\\\/\\\/schema.org\",\"@graph\":[{\"@type\":\"Article\",\"@id\":\"https:\\\/\\\/dpress.ma\\\/fr\\\/2026\\\/04\\\/13\\\/rabat-debut-de-la-reunion-du-bureau-executif-de-la-federation-africaine-des-journalistes\\\/#article\",\"isPartOf\":{\"@id\":\"https:\\\/\\\/dpress.ma\\\/fr\\\/2026\\\/04\\\/13\\\/rabat-debut-de-la-reunion-du-bureau-executif-de-la-federation-africaine-des-journalistes\\\/\"},\"author\":{\"name\":\"Dpress.ma\",\"@id\":\"https:\\\/\\\/dpress.ma\\\/fr\\\/#\\\/schema\\\/person\\\/4898febf3ccd59e6578d838656a306a0\"},\"headline\":\"Rabat: d\u00e9but de la r\u00e9union du Bureau ex\u00e9cutif de la F\u00e9d\u00e9ration Africaine des Journalistes\",\"datePublished\":\"2026-04-13T16:18:33+00:00\",\"dateModified\":\"2026-04-13T16:18:36+00:00\",\"mainEntityOfPage\":{\"@id\":\"https:\\\/\\\/dpress.ma\\\/fr\\\/2026\\\/04\\\/13\\\/rabat-debut-de-la-reunion-du-bureau-executif-de-la-federation-africaine-des-journalistes\\\/\"},\"wordCount\":525,\"commentCount\":0,\"image\":{\"@id\":\"https:\\\/\\\/dpress.ma\\\/fr\\\/2026\\\/04\\\/13\\\/rabat-debut-de-la-reunion-du-bureau-executif-de-la-federation-africaine-des-journalistes\\\/#primaryimage\"},\"thumbnailUrl\":\"https:\\\/\\\/dpress.ma\\\/fr\\\/wp-content\\\/uploads\\\/sites\\\/2\\\/2026\\\/04\\\/46-8.jpg\",\"articleSection\":[\"societe et regions\"],\"inLanguage\":\"fr-FR\",\"potentialAction\":[{\"@type\":\"CommentAction\",\"name\":\"Comment\",\"target\":[\"https:\\\/\\\/dpress.ma\\\/fr\\\/2026\\\/04\\\/13\\\/rabat-debut-de-la-reunion-du-bureau-executif-de-la-federation-africaine-des-journalistes\\\/#respond\"]}]},{\"@type\":\"WebPage\",\"@id\":\"https:\\\/\\\/dpress.ma\\\/fr\\\/2026\\\/04\\\/13\\\/rabat-debut-de-la-reunion-du-bureau-executif-de-la-federation-africaine-des-journalistes\\\/\",\"url\":\"https:\\\/\\\/dpress.ma\\\/fr\\\/2026\\\/04\\\/13\\\/rabat-debut-de-la-reunion-du-bureau-executif-de-la-federation-africaine-des-journalistes\\\/\",\"name\":\"Rabat: d\u00e9but de la r\u00e9union du Bureau ex\u00e9cutif de la F\u00e9d\u00e9ration Africaine des Journalistes - Dpress.ma\\\/fr\",\"isPartOf\":{\"@id\":\"https:\\\/\\\/dpress.ma\\\/fr\\\/#website\"},\"primaryImageOfPage\":{\"@id\":\"https:\\\/\\\/dpress.ma\\\/fr\\\/2026\\\/04\\\/13\\\/rabat-debut-de-la-reunion-du-bureau-executif-de-la-federation-africaine-des-journalistes\\\/#primaryimage\"},\"image\":{\"@id\":\"https:\\\/\\\/dpress.ma\\\/fr\\\/2026\\\/04\\\/13\\\/rabat-debut-de-la-reunion-du-bureau-executif-de-la-federation-africaine-des-journalistes\\\/#primaryimage\"},\"thumbnailUrl\":\"https:\\\/\\\/dpress.ma\\\/fr\\\/wp-content\\\/uploads\\\/sites\\\/2\\\/2026\\\/04\\\/46-8.jpg\",\"datePublished\":\"2026-04-13T16:18:33+00:00\",\"dateModified\":\"2026-04-13T16:18:36+00:00\",\"author\":{\"@id\":\"https:\\\/\\\/dpress.ma\\\/fr\\\/#\\\/schema\\\/person\\\/4898febf3ccd59e6578d838656a306a0\"},\"breadcrumb\":{\"@id\":\"https:\\\/\\\/dpress.ma\\\/fr\\\/2026\\\/04\\\/13\\\/rabat-debut-de-la-reunion-du-bureau-executif-de-la-federation-africaine-des-journalistes\\\/#breadcrumb\"},\"inLanguage\":\"fr-FR\",\"potentialAction\":[{\"@type\":\"ReadAction\",\"target\":[\"https:\\\/\\\/dpress.ma\\\/fr\\\/2026\\\/04\\\/13\\\/rabat-debut-de-la-reunion-du-bureau-executif-de-la-federation-africaine-des-journalistes\\\/\"]}]},{\"@type\":\"ImageObject\",\"inLanguage\":\"fr-FR\",\"@id\":\"https:\\\/\\\/dpress.ma\\\/fr\\\/2026\\\/04\\\/13\\\/rabat-debut-de-la-reunion-du-bureau-executif-de-la-federation-africaine-des-journalistes\\\/#primaryimage\",\"url\":\"https:\\\/\\\/dpress.ma\\\/fr\\\/wp-content\\\/uploads\\\/sites\\\/2\\\/2026\\\/04\\\/46-8.jpg\",\"contentUrl\":\"https:\\\/\\\/dpress.ma\\\/fr\\\/wp-content\\\/uploads\\\/sites\\\/2\\\/2026\\\/04\\\/46-8.jpg\",\"width\":2539,\"height\":1594},{\"@type\":\"BreadcrumbList\",\"@id\":\"https:\\\/\\\/dpress.ma\\\/fr\\\/2026\\\/04\\\/13\\\/rabat-debut-de-la-reunion-du-bureau-executif-de-la-federation-africaine-des-journalistes\\\/#breadcrumb\",\"itemListElement\":[{\"@type\":\"ListItem\",\"position\":1,\"name\":\"Home\",\"item\":\"https:\\\/\\\/dpress.ma\\\/fr\\\/\"},{\"@type\":\"ListItem\",\"position\":2,\"name\":\"Rabat: d\u00e9but de la r\u00e9union du Bureau ex\u00e9cutif de la F\u00e9d\u00e9ration Africaine des Journalistes\"}]},{\"@type\":\"WebSite\",\"@id\":\"https:\\\/\\\/dpress.ma\\\/fr\\\/#website\",\"url\":\"https:\\\/\\\/dpress.ma\\\/fr\\\/\",\"name\":\"Dpress.ma\\\/fr\",\"description\":\"\",\"potentialAction\":[{\"@type\":\"SearchAction\",\"target\":{\"@type\":\"EntryPoint\",\"urlTemplate\":\"https:\\\/\\\/dpress.ma\\\/fr\\\/?s={search_term_string}\"},\"query-input\":{\"@type\":\"PropertyValueSpecification\",\"valueRequired\":true,\"valueName\":\"search_term_string\"}}],\"inLanguage\":\"fr-FR\"},{\"@type\":\"Person\",\"@id\":\"https:\\\/\\\/dpress.ma\\\/fr\\\/#\\\/schema\\\/person\\\/4898febf3ccd59e6578d838656a306a0\",\"name\":\"Dpress.ma\",\"image\":{\"@type\":\"ImageObject\",\"inLanguage\":\"fr-FR\",\"@id\":\"https:\\\/\\\/secure.gravatar.com\\\/avatar\\\/72ecc30e9db047a2e0e7176561eb9d564ed77c8108376495b19bd8336405198a?s=96&d=mm&r=g\",\"url\":\"https:\\\/\\\/secure.gravatar.com\\\/avatar\\\/72ecc30e9db047a2e0e7176561eb9d564ed77c8108376495b19bd8336405198a?s=96&d=mm&r=g\",\"contentUrl\":\"https:\\\/\\\/secure.gravatar.com\\\/avatar\\\/72ecc30e9db047a2e0e7176561eb9d564ed77c8108376495b19bd8336405198a?s=96&d=mm&r=g\",\"caption\":\"Dpress.ma\"},\"sameAs\":[\"https:\\\/\\\/www.dpress.ma\"],\"url\":\"https:\\\/\\\/dpress.ma\\\/fr\\\/author\\\/dpress-ma\\\/\"}]}<\/script>\n<!-- \/ Yoast SEO plugin. -->","yoast_head_json":{"title":"Rabat: d\u00e9but de la r\u00e9union du Bureau ex\u00e9cutif de la F\u00e9d\u00e9ration Africaine des Journalistes - Dpress.ma\/fr","robots":{"index":"index","follow":"follow","max-snippet":"max-snippet:-1","max-image-preview":"max-image-preview:large","max-video-preview":"max-video-preview:-1"},"canonical":"https:\/\/dpress.ma\/fr\/2026\/04\/13\/rabat-debut-de-la-reunion-du-bureau-executif-de-la-federation-africaine-des-journalistes\/","og_locale":"fr_FR","og_type":"article","og_title":"Rabat: d\u00e9but de la r\u00e9union du Bureau ex\u00e9cutif de la F\u00e9d\u00e9ration Africaine des Journalistes - Dpress.ma\/fr","og_description":"Dpress Les travaux de la&nbsp;r\u00e9union du Bureau ex\u00e9cutif de la&nbsp;F\u00e9d\u00e9ration Africaine des Journalistes (FAJ) se sont ouverts, lundi \u00e0 Rabat, en pr\u00e9sence de dirigeants de la F\u00e9d\u00e9ration Internationale des Journalistes (FIJ). Accueillie jusqu\u2019au 15 avril par le Syndicat National de la Presse Marocaine (SNPM),&nbsp;cette rencontre s\u2019inscrit dans la dynamique organisationnelle de l\u2019action syndicale journalistique au &hellip;","og_url":"https:\/\/dpress.ma\/fr\/2026\/04\/13\/rabat-debut-de-la-reunion-du-bureau-executif-de-la-federation-africaine-des-journalistes\/","og_site_name":"Dpress.ma\/fr","article_published_time":"2026-04-13T16:18:33+00:00","article_modified_time":"2026-04-13T16:18:36+00:00","og_image":[{"width":2539,"height":1594,"url":"https:\/\/dpress.ma\/fr\/wp-content\/uploads\/sites\/2\/2026\/04\/46-8.jpg","type":"image\/jpeg"}],"author":"Dpress.ma","twitter_card":"summary_large_image","twitter_misc":{"\u00c9crit par":"Dpress.ma","Dur\u00e9e de lecture estim\u00e9e":"3 minutes"},"schema":{"@context":"https:\/\/schema.org","@graph":[{"@type":"Article","@id":"https:\/\/dpress.ma\/fr\/2026\/04\/13\/rabat-debut-de-la-reunion-du-bureau-executif-de-la-federation-africaine-des-journalistes\/#article","isPartOf":{"@id":"https:\/\/dpress.ma\/fr\/2026\/04\/13\/rabat-debut-de-la-reunion-du-bureau-executif-de-la-federation-africaine-des-journalistes\/"},"author":{"name":"Dpress.ma","@id":"https:\/\/dpress.ma\/fr\/#\/schema\/person\/4898febf3ccd59e6578d838656a306a0"},"headline":"Rabat: d\u00e9but de la r\u00e9union du Bureau ex\u00e9cutif de la F\u00e9d\u00e9ration Africaine des Journalistes","datePublished":"2026-04-13T16:18:33+00:00","dateModified":"2026-04-13T16:18:36+00:00","mainEntityOfPage":{"@id":"https:\/\/dpress.ma\/fr\/2026\/04\/13\/rabat-debut-de-la-reunion-du-bureau-executif-de-la-federation-africaine-des-journalistes\/"},"wordCount":525,"commentCount":0,"image":{"@id":"https:\/\/dpress.ma\/fr\/2026\/04\/13\/rabat-debut-de-la-reunion-du-bureau-executif-de-la-federation-africaine-des-journalistes\/#primaryimage"},"thumbnailUrl":"https:\/\/dpress.ma\/fr\/wp-content\/uploads\/sites\/2\/2026\/04\/46-8.jpg","articleSection":["societe et regions"],"inLanguage":"fr-FR","potentialAction":[{"@type":"CommentAction","name":"Comment","target":["https:\/\/dpress.ma\/fr\/2026\/04\/13\/rabat-debut-de-la-reunion-du-bureau-executif-de-la-federation-africaine-des-journalistes\/#respond"]}]},{"@type":"WebPage","@id":"https:\/\/dpress.ma\/fr\/2026\/04\/13\/rabat-debut-de-la-reunion-du-bureau-executif-de-la-federation-africaine-des-journalistes\/","url":"https:\/\/dpress.ma\/fr\/2026\/04\/13\/rabat-debut-de-la-reunion-du-bureau-executif-de-la-federation-africaine-des-journalistes\/","name":"Rabat: d\u00e9but de la r\u00e9union du Bureau ex\u00e9cutif de la F\u00e9d\u00e9ration Africaine des Journalistes - Dpress.ma\/fr","isPartOf":{"@id":"https:\/\/dpress.ma\/fr\/#website"},"primaryImageOfPage":{"@id":"https:\/\/dpress.ma\/fr\/2026\/04\/13\/rabat-debut-de-la-reunion-du-bureau-executif-de-la-federation-africaine-des-journalistes\/#primaryimage"},"image":{"@id":"https:\/\/dpress.ma\/fr\/2026\/04\/13\/rabat-debut-de-la-reunion-du-bureau-executif-de-la-federation-africaine-des-journalistes\/#primaryimage"},"thumbnailUrl":"https:\/\/dpress.ma\/fr\/wp-content\/uploads\/sites\/2\/2026\/04\/46-8.jpg","datePublished":"2026-04-13T16:18:33+00:00","dateModified":"2026-04-13T16:18:36+00:00","author":{"@id":"https:\/\/dpress.ma\/fr\/#\/schema\/person\/4898febf3ccd59e6578d838656a306a0"},"breadcrumb":{"@id":"https:\/\/dpress.ma\/fr\/2026\/04\/13\/rabat-debut-de-la-reunion-du-bureau-executif-de-la-federation-africaine-des-journalistes\/#breadcrumb"},"inLanguage":"fr-FR","potentialAction":[{"@type":"ReadAction","target":["https:\/\/dpress.ma\/fr\/2026\/04\/13\/rabat-debut-de-la-reunion-du-bureau-executif-de-la-federation-africaine-des-journalistes\/"]}]},{"@type":"ImageObject","inLanguage":"fr-FR","@id":"https:\/\/dpress.ma\/fr\/2026\/04\/13\/rabat-debut-de-la-reunion-du-bureau-executif-de-la-federation-africaine-des-journalistes\/#primaryimage","url":"https:\/\/dpress.ma\/fr\/wp-content\/uploads\/sites\/2\/2026\/04\/46-8.jpg","contentUrl":"https:\/\/dpress.ma\/fr\/wp-content\/uploads\/sites\/2\/2026\/04\/46-8.jpg","width":2539,"height":1594},{"@type":"BreadcrumbList","@id":"https:\/\/dpress.ma\/fr\/2026\/04\/13\/rabat-debut-de-la-reunion-du-bureau-executif-de-la-federation-africaine-des-journalistes\/#breadcrumb","itemListElement":[{"@type":"ListItem","position":1,"name":"Home","item":"https:\/\/dpress.ma\/fr\/"},{"@type":"ListItem","position":2,"name":"Rabat: d\u00e9but de la r\u00e9union du Bureau ex\u00e9cutif de la F\u00e9d\u00e9ration Africaine des Journalistes"}]},{"@type":"WebSite","@id":"https:\/\/dpress.ma\/fr\/#website","url":"https:\/\/dpress.ma\/fr\/","name":"Dpress.ma\/fr","description":"","potentialAction":[{"@type":"SearchAction","target":{"@type":"EntryPoint","urlTemplate":"https:\/\/dpress.ma\/fr\/?s={search_term_string}"},"query-input":{"@type":"PropertyValueSpecification","valueRequired":true,"valueName":"search_term_string"}}],"inLanguage":"fr-FR"},{"@type":"Person","@id":"https:\/\/dpress.ma\/fr\/#\/schema\/person\/4898febf3ccd59e6578d838656a306a0","name":"Dpress.ma","image":{"@type":"ImageObject","inLanguage":"fr-FR","@id":"https:\/\/secure.gravatar.com\/avatar\/72ecc30e9db047a2e0e7176561eb9d564ed77c8108376495b19bd8336405198a?s=96&d=mm&r=g","url":"https:\/\/secure.gravatar.com\/avatar\/72ecc30e9db047a2e0e7176561eb9d564ed77c8108376495b19bd8336405198a?s=96&d=mm&r=g","contentUrl":"https:\/\/secure.gravatar.com\/avatar\/72ecc30e9db047a2e0e7176561eb9d564ed77c8108376495b19bd8336405198a?s=96&d=mm&r=g","caption":"Dpress.ma"},"sameAs":["https:\/\/www.dpress.ma"],"url":"https:\/\/dpress.ma\/fr\/author\/dpress-ma\/"}]}},"amp_enabled":true,"_links":{"self":[{"href":"https:\/\/dpress.ma\/fr\/wp-json\/wp\/v2\/posts\/28370","targetHints":{"allow":["GET"]}}],"collection":[{"href":"https:\/\/dpress.ma\/fr\/wp-json\/wp\/v2\/posts"}],"about":[{"href":"https:\/\/dpress.ma\/fr\/wp-json\/wp\/v2\/types\/post"}],"author":[{"embeddable":true,"href":"https:\/\/dpress.ma\/fr\/wp-json\/wp\/v2\/users\/2"}],"replies":[{"embeddable":true,"href":"https:\/\/dpress.ma\/fr\/wp-json\/wp\/v2\/comments?post=28370"}],"version-history":[{"count":1,"href":"https:\/\/dpress.ma\/fr\/wp-json\/wp\/v2\/posts\/28370\/revisions"}],"predecessor-version":[{"id":28372,"href":"https:\/\/dpress.ma\/fr\/wp-json\/wp\/v2\/posts\/28370\/revisions\/28372"}],"wp:featuredmedia":[{"embeddable":true,"href":"https:\/\/dpress.ma\/fr\/wp-json\/wp\/v2\/media\/28371"}],"wp:attachment":[{"href":"https:\/\/dpress.ma\/fr\/wp-json\/wp\/v2\/media?parent=28370"}],"wp:term":[{"taxonomy":"category","embeddable":true,"href":"https:\/\/dpress.ma\/fr\/wp-json\/wp\/v2\/categories?post=28370"},{"taxonomy":"post_tag","embeddable":true,"href":"https:\/\/dpress.ma\/fr\/wp-json\/wp\/v2\/tags?post=28370"}],"curies":[{"name":"wp","href":"https:\/\/api.w.org\/{rel}","templated":true}]}}