{"id":28362,"date":"2026-04-13T16:13:38","date_gmt":"2026-04-13T16:13:38","guid":{"rendered":"https:\/\/dpress.ma\/fr\/?p=28362"},"modified":"2026-04-13T16:15:29","modified_gmt":"2026-04-13T16:15:29","slug":"linra-sengage-activement-au-programme-national-de-plantation-de-5-millions-de-palmiers-dattiers","status":"publish","type":"post","link":"https:\/\/dpress.ma\/fr\/2026\/04\/13\/linra-sengage-activement-au-programme-national-de-plantation-de-5-millions-de-palmiers-dattiers\/","title":{"rendered":"L\u2019INRA s\u2019engage activement au programme national de plantation de 5 millions de palmiers-dattiers"},"content":{"rendered":"\n<p class=\"wp-block-paragraph\">Dpress<\/p>\n\n\n\n<p class=\"wp-block-paragraph\">L\u2019Institut National de la Recherche Agronomique (INRA) s\u2019engage activement au programme national de plantation de 5 millions de plants de palmiers-dattiers \u00e0 l\u2019horizon 2030, a indiqu\u00e9 la directrice de l\u2019Institut, Lamiae Ghaouti.<\/p>\n\n\n\n<p class=\"wp-block-paragraph\">L\u2019INRA joue un r\u00f4le central en fournissant des vitroplants s\u00e9lectionn\u00e9s et en garantissant la qualit\u00e9 g\u00e9n\u00e9tique, tout en assurant le d\u00e9veloppement de souches phoenicicoles r\u00e9sistantes aux maladies en particulier le Bayoud, (fusariose vasculaire du palmier dattier), a expliqu\u00e9 Mme Ghaouti dans une d\u00e9claration \u00e0 la MAP, en marge de la premi\u00e8re \u00e9dition du Forum national des oasis, organis\u00e9e \u00e0 Zagora du 09 au 12 avril.<\/p>\n\n\n\n<p class=\"wp-block-paragraph\">Dans le cadre du programme national de plantation de 5 millions de plants de palmiers-dattiers \u00e0 l\u2019horizon 2030, l\u2019INRA s\u2019engage \u00e0 alimenter l\u2019amont de la fili\u00e8re en souches bourgeonnantes, le but \u00e9tant d\u2019assurer la r\u00e9habilitation et la reconstitution des palmeraies traditionnelles et les extensions (plantations modernes), a-t-elle ajout\u00e9.<\/p>\n\n\n\n<p class=\"wp-block-paragraph\">Elle a, par ailleurs, not\u00e9 que le Forum national des oasis se veut une plateforme ayant permis de mettre l\u2019accent sur les d\u00e9fis auxquels font face les oasis, et de proposer des solutions innovantes dans le cadre de la durabilit\u00e9 et de la pr\u00e9servation du patrimoine que rec\u00e8lent ces \u00e9cosyst\u00e8mes naturels.<\/p>\n\n\n\n<p class=\"wp-block-paragraph\">L\u2019INRA, poursuit Mme Ghaouti, a organis\u00e9 des journ\u00e9es scientifiques en coordination avec l\u2019Agence nationale pour le d\u00e9veloppement des zones oasiennes et de l\u2019arganier (ANDZOA), portant sur une panoplie de th\u00e9matiques dont les moyens \u00e0 m\u00eame d\u2019assurer l\u2019adaptation aux changements climatiques, l\u2019utilisation efficiente et optimale des ressources naturelles, la pr\u00e9servation de la diversit\u00e9 biologique ainsi que la valorisation des produits oasiens.<\/p>\n\n\n\n<p class=\"wp-block-paragraph\">Mme Ghaouti a soulign\u00e9 l\u2019importance des partenariats de coop\u00e9ration, rappelant dans ce sens la signature de la convention de partenariat entre l\u2019INRA et l\u2019entreprise DigiCrop, visant \u00e0 consolider la recherche appliqu\u00e9e et \u00e0 promouvoir l\u2019innovation en mati\u00e8re d\u2019agriculture intelligente.<\/p>\n\n\n\n<p class=\"wp-block-paragraph\">Cette coop\u00e9ration s\u2019inscrit pleinement dans les orientations de la strat\u00e9gie G\u00e9n\u00e9ration Green 2020\u20112030, qui fait du digital un levier central de modernisation, de durabilit\u00e9 et de comp\u00e9titivit\u00e9 du secteur agricole.<\/p>\n","protected":false},"excerpt":{"rendered":"<p>Dpress L\u2019Institut National de la Recherche Agronomique (INRA) s\u2019engage activement au programme national de plantation de 5 millions de plants de palmiers-dattiers \u00e0 l\u2019horizon 2030, a indiqu\u00e9 la directrice de l\u2019Institut, Lamiae Ghaouti. L\u2019INRA joue un r\u00f4le central en fournissant des vitroplants s\u00e9lectionn\u00e9s et en garantissant la qualit\u00e9 g\u00e9n\u00e9tique, tout en assurant le d\u00e9veloppement de &hellip;<\/p>\n","protected":false},"author":2,"featured_media":28366,"comment_status":"open","ping_status":"open","sticky":false,"template":"","format":"standard","meta":{"footnotes":""},"categories":[25],"tags":[],"class_list":["post-28362","post","type-post","status-publish","format-standard","has-post-thumbnail","hentry","category-economie"],"yoast_head":"<!-- This site is optimized with the Yoast SEO plugin v28.0 - https:\/\/yoast.com\/product\/yoast-seo-wordpress\/ -->\n<title>L\u2019INRA s\u2019engage activement au programme national de plantation de 5 millions de palmiers-dattiers - Dpress.ma\/fr<\/title>\n<meta name=\"robots\" content=\"index, follow, max-snippet:-1, max-image-preview:large, max-video-preview:-1\" \/>\n<link rel=\"canonical\" href=\"https:\/\/dpress.ma\/fr\/2026\/04\/13\/linra-sengage-activement-au-programme-national-de-plantation-de-5-millions-de-palmiers-dattiers\/\" \/>\n<meta property=\"og:locale\" content=\"fr_FR\" \/>\n<meta property=\"og:type\" content=\"article\" \/>\n<meta property=\"og:title\" content=\"L\u2019INRA s\u2019engage activement au programme national de plantation de 5 millions de palmiers-dattiers - Dpress.ma\/fr\" \/>\n<meta property=\"og:description\" content=\"Dpress L\u2019Institut National de la Recherche Agronomique (INRA) s\u2019engage activement au programme national de plantation de 5 millions de plants de palmiers-dattiers \u00e0 l\u2019horizon 2030, a indiqu\u00e9 la directrice de l\u2019Institut, Lamiae Ghaouti. L\u2019INRA joue un r\u00f4le central en fournissant des vitroplants s\u00e9lectionn\u00e9s et en garantissant la qualit\u00e9 g\u00e9n\u00e9tique, tout en assurant le d\u00e9veloppement de &hellip;\" \/>\n<meta property=\"og:url\" content=\"https:\/\/dpress.ma\/fr\/2026\/04\/13\/linra-sengage-activement-au-programme-national-de-plantation-de-5-millions-de-palmiers-dattiers\/\" \/>\n<meta property=\"og:site_name\" content=\"Dpress.ma\/fr\" \/>\n<meta property=\"article:published_time\" content=\"2026-04-13T16:13:38+00:00\" \/>\n<meta property=\"article:modified_time\" content=\"2026-04-13T16:15:29+00:00\" \/>\n<meta property=\"og:image\" content=\"https:\/\/dpress.ma\/fr\/wp-content\/uploads\/sites\/2\/2026\/04\/44-8.jpg\" \/>\n\t<meta property=\"og:image:width\" content=\"2539\" \/>\n\t<meta property=\"og:image:height\" content=\"1594\" \/>\n\t<meta property=\"og:image:type\" content=\"image\/jpeg\" \/>\n<meta name=\"author\" content=\"Dpress.ma\" \/>\n<meta name=\"twitter:card\" content=\"summary_large_image\" \/>\n<meta name=\"twitter:label1\" content=\"\u00c9crit par\" \/>\n\t<meta name=\"twitter:data1\" content=\"Dpress.ma\" \/>\n\t<meta name=\"twitter:label2\" content=\"Dur\u00e9e de lecture estim\u00e9e\" \/>\n\t<meta name=\"twitter:data2\" content=\"2 minutes\" \/>\n<script type=\"application\/ld+json\" class=\"yoast-schema-graph\">{\"@context\":\"https:\\\/\\\/schema.org\",\"@graph\":[{\"@type\":\"Article\",\"@id\":\"https:\\\/\\\/dpress.ma\\\/fr\\\/2026\\\/04\\\/13\\\/linra-sengage-activement-au-programme-national-de-plantation-de-5-millions-de-palmiers-dattiers\\\/#article\",\"isPartOf\":{\"@id\":\"https:\\\/\\\/dpress.ma\\\/fr\\\/2026\\\/04\\\/13\\\/linra-sengage-activement-au-programme-national-de-plantation-de-5-millions-de-palmiers-dattiers\\\/\"},\"author\":{\"name\":\"Dpress.ma\",\"@id\":\"https:\\\/\\\/dpress.ma\\\/fr\\\/#\\\/schema\\\/person\\\/4898febf3ccd59e6578d838656a306a0\"},\"headline\":\"L\u2019INRA s\u2019engage activement au programme national de plantation de 5 millions de palmiers-dattiers\",\"datePublished\":\"2026-04-13T16:13:38+00:00\",\"dateModified\":\"2026-04-13T16:15:29+00:00\",\"mainEntityOfPage\":{\"@id\":\"https:\\\/\\\/dpress.ma\\\/fr\\\/2026\\\/04\\\/13\\\/linra-sengage-activement-au-programme-national-de-plantation-de-5-millions-de-palmiers-dattiers\\\/\"},\"wordCount\":377,\"commentCount\":0,\"image\":{\"@id\":\"https:\\\/\\\/dpress.ma\\\/fr\\\/2026\\\/04\\\/13\\\/linra-sengage-activement-au-programme-national-de-plantation-de-5-millions-de-palmiers-dattiers\\\/#primaryimage\"},\"thumbnailUrl\":\"https:\\\/\\\/dpress.ma\\\/fr\\\/wp-content\\\/uploads\\\/sites\\\/2\\\/2026\\\/04\\\/44-8.jpg\",\"articleSection\":[\"\u00c9conomie\"],\"inLanguage\":\"fr-FR\",\"potentialAction\":[{\"@type\":\"CommentAction\",\"name\":\"Comment\",\"target\":[\"https:\\\/\\\/dpress.ma\\\/fr\\\/2026\\\/04\\\/13\\\/linra-sengage-activement-au-programme-national-de-plantation-de-5-millions-de-palmiers-dattiers\\\/#respond\"]}]},{\"@type\":\"WebPage\",\"@id\":\"https:\\\/\\\/dpress.ma\\\/fr\\\/2026\\\/04\\\/13\\\/linra-sengage-activement-au-programme-national-de-plantation-de-5-millions-de-palmiers-dattiers\\\/\",\"url\":\"https:\\\/\\\/dpress.ma\\\/fr\\\/2026\\\/04\\\/13\\\/linra-sengage-activement-au-programme-national-de-plantation-de-5-millions-de-palmiers-dattiers\\\/\",\"name\":\"L\u2019INRA s\u2019engage activement au programme national de plantation de 5 millions de palmiers-dattiers - Dpress.ma\\\/fr\",\"isPartOf\":{\"@id\":\"https:\\\/\\\/dpress.ma\\\/fr\\\/#website\"},\"primaryImageOfPage\":{\"@id\":\"https:\\\/\\\/dpress.ma\\\/fr\\\/2026\\\/04\\\/13\\\/linra-sengage-activement-au-programme-national-de-plantation-de-5-millions-de-palmiers-dattiers\\\/#primaryimage\"},\"image\":{\"@id\":\"https:\\\/\\\/dpress.ma\\\/fr\\\/2026\\\/04\\\/13\\\/linra-sengage-activement-au-programme-national-de-plantation-de-5-millions-de-palmiers-dattiers\\\/#primaryimage\"},\"thumbnailUrl\":\"https:\\\/\\\/dpress.ma\\\/fr\\\/wp-content\\\/uploads\\\/sites\\\/2\\\/2026\\\/04\\\/44-8.jpg\",\"datePublished\":\"2026-04-13T16:13:38+00:00\",\"dateModified\":\"2026-04-13T16:15:29+00:00\",\"author\":{\"@id\":\"https:\\\/\\\/dpress.ma\\\/fr\\\/#\\\/schema\\\/person\\\/4898febf3ccd59e6578d838656a306a0\"},\"breadcrumb\":{\"@id\":\"https:\\\/\\\/dpress.ma\\\/fr\\\/2026\\\/04\\\/13\\\/linra-sengage-activement-au-programme-national-de-plantation-de-5-millions-de-palmiers-dattiers\\\/#breadcrumb\"},\"inLanguage\":\"fr-FR\",\"potentialAction\":[{\"@type\":\"ReadAction\",\"target\":[\"https:\\\/\\\/dpress.ma\\\/fr\\\/2026\\\/04\\\/13\\\/linra-sengage-activement-au-programme-national-de-plantation-de-5-millions-de-palmiers-dattiers\\\/\"]}]},{\"@type\":\"ImageObject\",\"inLanguage\":\"fr-FR\",\"@id\":\"https:\\\/\\\/dpress.ma\\\/fr\\\/2026\\\/04\\\/13\\\/linra-sengage-activement-au-programme-national-de-plantation-de-5-millions-de-palmiers-dattiers\\\/#primaryimage\",\"url\":\"https:\\\/\\\/dpress.ma\\\/fr\\\/wp-content\\\/uploads\\\/sites\\\/2\\\/2026\\\/04\\\/44-8.jpg\",\"contentUrl\":\"https:\\\/\\\/dpress.ma\\\/fr\\\/wp-content\\\/uploads\\\/sites\\\/2\\\/2026\\\/04\\\/44-8.jpg\",\"width\":2539,\"height\":1594},{\"@type\":\"BreadcrumbList\",\"@id\":\"https:\\\/\\\/dpress.ma\\\/fr\\\/2026\\\/04\\\/13\\\/linra-sengage-activement-au-programme-national-de-plantation-de-5-millions-de-palmiers-dattiers\\\/#breadcrumb\",\"itemListElement\":[{\"@type\":\"ListItem\",\"position\":1,\"name\":\"Home\",\"item\":\"https:\\\/\\\/dpress.ma\\\/fr\\\/\"},{\"@type\":\"ListItem\",\"position\":2,\"name\":\"L\u2019INRA s\u2019engage activement au programme national de plantation de 5 millions de palmiers-dattiers\"}]},{\"@type\":\"WebSite\",\"@id\":\"https:\\\/\\\/dpress.ma\\\/fr\\\/#website\",\"url\":\"https:\\\/\\\/dpress.ma\\\/fr\\\/\",\"name\":\"Dpress.ma\\\/fr\",\"description\":\"\",\"potentialAction\":[{\"@type\":\"SearchAction\",\"target\":{\"@type\":\"EntryPoint\",\"urlTemplate\":\"https:\\\/\\\/dpress.ma\\\/fr\\\/?s={search_term_string}\"},\"query-input\":{\"@type\":\"PropertyValueSpecification\",\"valueRequired\":true,\"valueName\":\"search_term_string\"}}],\"inLanguage\":\"fr-FR\"},{\"@type\":\"Person\",\"@id\":\"https:\\\/\\\/dpress.ma\\\/fr\\\/#\\\/schema\\\/person\\\/4898febf3ccd59e6578d838656a306a0\",\"name\":\"Dpress.ma\",\"image\":{\"@type\":\"ImageObject\",\"inLanguage\":\"fr-FR\",\"@id\":\"https:\\\/\\\/secure.gravatar.com\\\/avatar\\\/72ecc30e9db047a2e0e7176561eb9d564ed77c8108376495b19bd8336405198a?s=96&d=mm&r=g\",\"url\":\"https:\\\/\\\/secure.gravatar.com\\\/avatar\\\/72ecc30e9db047a2e0e7176561eb9d564ed77c8108376495b19bd8336405198a?s=96&d=mm&r=g\",\"contentUrl\":\"https:\\\/\\\/secure.gravatar.com\\\/avatar\\\/72ecc30e9db047a2e0e7176561eb9d564ed77c8108376495b19bd8336405198a?s=96&d=mm&r=g\",\"caption\":\"Dpress.ma\"},\"sameAs\":[\"https:\\\/\\\/www.dpress.ma\"],\"url\":\"https:\\\/\\\/dpress.ma\\\/fr\\\/author\\\/dpress-ma\\\/\"}]}<\/script>\n<!-- \/ Yoast SEO plugin. -->","yoast_head_json":{"title":"L\u2019INRA s\u2019engage activement au programme national de plantation de 5 millions de palmiers-dattiers - Dpress.ma\/fr","robots":{"index":"index","follow":"follow","max-snippet":"max-snippet:-1","max-image-preview":"max-image-preview:large","max-video-preview":"max-video-preview:-1"},"canonical":"https:\/\/dpress.ma\/fr\/2026\/04\/13\/linra-sengage-activement-au-programme-national-de-plantation-de-5-millions-de-palmiers-dattiers\/","og_locale":"fr_FR","og_type":"article","og_title":"L\u2019INRA s\u2019engage activement au programme national de plantation de 5 millions de palmiers-dattiers - Dpress.ma\/fr","og_description":"Dpress L\u2019Institut National de la Recherche Agronomique (INRA) s\u2019engage activement au programme national de plantation de 5 millions de plants de palmiers-dattiers \u00e0 l\u2019horizon 2030, a indiqu\u00e9 la directrice de l\u2019Institut, Lamiae Ghaouti. L\u2019INRA joue un r\u00f4le central en fournissant des vitroplants s\u00e9lectionn\u00e9s et en garantissant la qualit\u00e9 g\u00e9n\u00e9tique, tout en assurant le d\u00e9veloppement de &hellip;","og_url":"https:\/\/dpress.ma\/fr\/2026\/04\/13\/linra-sengage-activement-au-programme-national-de-plantation-de-5-millions-de-palmiers-dattiers\/","og_site_name":"Dpress.ma\/fr","article_published_time":"2026-04-13T16:13:38+00:00","article_modified_time":"2026-04-13T16:15:29+00:00","og_image":[{"width":2539,"height":1594,"url":"https:\/\/dpress.ma\/fr\/wp-content\/uploads\/sites\/2\/2026\/04\/44-8.jpg","type":"image\/jpeg"}],"author":"Dpress.ma","twitter_card":"summary_large_image","twitter_misc":{"\u00c9crit par":"Dpress.ma","Dur\u00e9e de lecture estim\u00e9e":"2 minutes"},"schema":{"@context":"https:\/\/schema.org","@graph":[{"@type":"Article","@id":"https:\/\/dpress.ma\/fr\/2026\/04\/13\/linra-sengage-activement-au-programme-national-de-plantation-de-5-millions-de-palmiers-dattiers\/#article","isPartOf":{"@id":"https:\/\/dpress.ma\/fr\/2026\/04\/13\/linra-sengage-activement-au-programme-national-de-plantation-de-5-millions-de-palmiers-dattiers\/"},"author":{"name":"Dpress.ma","@id":"https:\/\/dpress.ma\/fr\/#\/schema\/person\/4898febf3ccd59e6578d838656a306a0"},"headline":"L\u2019INRA s\u2019engage activement au programme national de plantation de 5 millions de palmiers-dattiers","datePublished":"2026-04-13T16:13:38+00:00","dateModified":"2026-04-13T16:15:29+00:00","mainEntityOfPage":{"@id":"https:\/\/dpress.ma\/fr\/2026\/04\/13\/linra-sengage-activement-au-programme-national-de-plantation-de-5-millions-de-palmiers-dattiers\/"},"wordCount":377,"commentCount":0,"image":{"@id":"https:\/\/dpress.ma\/fr\/2026\/04\/13\/linra-sengage-activement-au-programme-national-de-plantation-de-5-millions-de-palmiers-dattiers\/#primaryimage"},"thumbnailUrl":"https:\/\/dpress.ma\/fr\/wp-content\/uploads\/sites\/2\/2026\/04\/44-8.jpg","articleSection":["\u00c9conomie"],"inLanguage":"fr-FR","potentialAction":[{"@type":"CommentAction","name":"Comment","target":["https:\/\/dpress.ma\/fr\/2026\/04\/13\/linra-sengage-activement-au-programme-national-de-plantation-de-5-millions-de-palmiers-dattiers\/#respond"]}]},{"@type":"WebPage","@id":"https:\/\/dpress.ma\/fr\/2026\/04\/13\/linra-sengage-activement-au-programme-national-de-plantation-de-5-millions-de-palmiers-dattiers\/","url":"https:\/\/dpress.ma\/fr\/2026\/04\/13\/linra-sengage-activement-au-programme-national-de-plantation-de-5-millions-de-palmiers-dattiers\/","name":"L\u2019INRA s\u2019engage activement au programme national de plantation de 5 millions de palmiers-dattiers - Dpress.ma\/fr","isPartOf":{"@id":"https:\/\/dpress.ma\/fr\/#website"},"primaryImageOfPage":{"@id":"https:\/\/dpress.ma\/fr\/2026\/04\/13\/linra-sengage-activement-au-programme-national-de-plantation-de-5-millions-de-palmiers-dattiers\/#primaryimage"},"image":{"@id":"https:\/\/dpress.ma\/fr\/2026\/04\/13\/linra-sengage-activement-au-programme-national-de-plantation-de-5-millions-de-palmiers-dattiers\/#primaryimage"},"thumbnailUrl":"https:\/\/dpress.ma\/fr\/wp-content\/uploads\/sites\/2\/2026\/04\/44-8.jpg","datePublished":"2026-04-13T16:13:38+00:00","dateModified":"2026-04-13T16:15:29+00:00","author":{"@id":"https:\/\/dpress.ma\/fr\/#\/schema\/person\/4898febf3ccd59e6578d838656a306a0"},"breadcrumb":{"@id":"https:\/\/dpress.ma\/fr\/2026\/04\/13\/linra-sengage-activement-au-programme-national-de-plantation-de-5-millions-de-palmiers-dattiers\/#breadcrumb"},"inLanguage":"fr-FR","potentialAction":[{"@type":"ReadAction","target":["https:\/\/dpress.ma\/fr\/2026\/04\/13\/linra-sengage-activement-au-programme-national-de-plantation-de-5-millions-de-palmiers-dattiers\/"]}]},{"@type":"ImageObject","inLanguage":"fr-FR","@id":"https:\/\/dpress.ma\/fr\/2026\/04\/13\/linra-sengage-activement-au-programme-national-de-plantation-de-5-millions-de-palmiers-dattiers\/#primaryimage","url":"https:\/\/dpress.ma\/fr\/wp-content\/uploads\/sites\/2\/2026\/04\/44-8.jpg","contentUrl":"https:\/\/dpress.ma\/fr\/wp-content\/uploads\/sites\/2\/2026\/04\/44-8.jpg","width":2539,"height":1594},{"@type":"BreadcrumbList","@id":"https:\/\/dpress.ma\/fr\/2026\/04\/13\/linra-sengage-activement-au-programme-national-de-plantation-de-5-millions-de-palmiers-dattiers\/#breadcrumb","itemListElement":[{"@type":"ListItem","position":1,"name":"Home","item":"https:\/\/dpress.ma\/fr\/"},{"@type":"ListItem","position":2,"name":"L\u2019INRA s\u2019engage activement au programme national de plantation de 5 millions de palmiers-dattiers"}]},{"@type":"WebSite","@id":"https:\/\/dpress.ma\/fr\/#website","url":"https:\/\/dpress.ma\/fr\/","name":"Dpress.ma\/fr","description":"","potentialAction":[{"@type":"SearchAction","target":{"@type":"EntryPoint","urlTemplate":"https:\/\/dpress.ma\/fr\/?s={search_term_string}"},"query-input":{"@type":"PropertyValueSpecification","valueRequired":true,"valueName":"search_term_string"}}],"inLanguage":"fr-FR"},{"@type":"Person","@id":"https:\/\/dpress.ma\/fr\/#\/schema\/person\/4898febf3ccd59e6578d838656a306a0","name":"Dpress.ma","image":{"@type":"ImageObject","inLanguage":"fr-FR","@id":"https:\/\/secure.gravatar.com\/avatar\/72ecc30e9db047a2e0e7176561eb9d564ed77c8108376495b19bd8336405198a?s=96&d=mm&r=g","url":"https:\/\/secure.gravatar.com\/avatar\/72ecc30e9db047a2e0e7176561eb9d564ed77c8108376495b19bd8336405198a?s=96&d=mm&r=g","contentUrl":"https:\/\/secure.gravatar.com\/avatar\/72ecc30e9db047a2e0e7176561eb9d564ed77c8108376495b19bd8336405198a?s=96&d=mm&r=g","caption":"Dpress.ma"},"sameAs":["https:\/\/www.dpress.ma"],"url":"https:\/\/dpress.ma\/fr\/author\/dpress-ma\/"}]}},"amp_enabled":true,"_links":{"self":[{"href":"https:\/\/dpress.ma\/fr\/wp-json\/wp\/v2\/posts\/28362","targetHints":{"allow":["GET"]}}],"collection":[{"href":"https:\/\/dpress.ma\/fr\/wp-json\/wp\/v2\/posts"}],"about":[{"href":"https:\/\/dpress.ma\/fr\/wp-json\/wp\/v2\/types\/post"}],"author":[{"embeddable":true,"href":"https:\/\/dpress.ma\/fr\/wp-json\/wp\/v2\/users\/2"}],"replies":[{"embeddable":true,"href":"https:\/\/dpress.ma\/fr\/wp-json\/wp\/v2\/comments?post=28362"}],"version-history":[{"count":1,"href":"https:\/\/dpress.ma\/fr\/wp-json\/wp\/v2\/posts\/28362\/revisions"}],"predecessor-version":[{"id":28364,"href":"https:\/\/dpress.ma\/fr\/wp-json\/wp\/v2\/posts\/28362\/revisions\/28364"}],"wp:featuredmedia":[{"embeddable":true,"href":"https:\/\/dpress.ma\/fr\/wp-json\/wp\/v2\/media\/28366"}],"wp:attachment":[{"href":"https:\/\/dpress.ma\/fr\/wp-json\/wp\/v2\/media?parent=28362"}],"wp:term":[{"taxonomy":"category","embeddable":true,"href":"https:\/\/dpress.ma\/fr\/wp-json\/wp\/v2\/categories?post=28362"},{"taxonomy":"post_tag","embeddable":true,"href":"https:\/\/dpress.ma\/fr\/wp-json\/wp\/v2\/tags?post=28362"}],"curies":[{"name":"wp","href":"https:\/\/api.w.org\/{rel}","templated":true}]}}