{"id":28347,"date":"2026-04-13T09:07:44","date_gmt":"2026-04-13T09:07:44","guid":{"rendered":"https:\/\/dpress.ma\/fr\/?p=28347"},"modified":"2026-04-13T09:07:46","modified_gmt":"2026-04-13T09:07:46","slug":"les-pdti-une-reforme-salvatrice-en-matiere-de-gouvernance-des-programmes-de-developpement-territorial","status":"publish","type":"post","link":"https:\/\/dpress.ma\/fr\/2026\/04\/13\/les-pdti-une-reforme-salvatrice-en-matiere-de-gouvernance-des-programmes-de-developpement-territorial\/","title":{"rendered":"Les PDTI, une r\u00e9forme salvatrice en mati\u00e8re de gouvernance des programmes de d\u00e9veloppement territorial"},"content":{"rendered":"\n<p>Dpress<\/p>\n\n\n\n<p>La nouvelle g\u00e9n\u00e9ration de Programmes de D\u00e9veloppement Territorial Int\u00e9gr\u00e9 (PDTI) constitue une r\u00e9forme salvatrice en mati\u00e8re de gouvernance des programmes de d\u00e9veloppement territorial, a indiqu\u00e9, samedi, l\u2019enseignant chercheur \u00e0 la Facult\u00e9 polydisciplinaire d\u2019Errachidia, Reda Chalfi.<\/p>\n\n\n\n<p>Dans une d\u00e9claration \u00e0 la MAP, M. Chalfi, a affirm\u00e9 que la nouvelle g\u00e9n\u00e9ration des PDTI, qui intervient en application des Hautes Orientations de Sa Majest\u00e9 le Roi Mohammed VI, se veut un chantier ambitieux et novateur qui implique et place le citoyen au c\u0153ur de la production des politiques publiques.<\/p>\n\n\n\n<p>Il a, dans ce sens, mis en avant l\u2019approche ayant accompagn\u00e9 l\u2019\u00e9laboration de cette nouvelle g\u00e9n\u00e9ration des PDTI, fond\u00e9e sur l\u2019\u00e9coute des citoyens, le diagnostic territorial pr\u00e9cis et l\u2019analyse diff\u00e9rents indicateurs socio-\u00e9conomiques en vue d\u2019identifier les points de force mais aussi les d\u00e9ficits de chaque territoire afin d\u2019en trouver les solutions ad\u00e9quates visant notamment la promotion des secteurs de la sant\u00e9, de l\u2019\u00e9ducation, de l\u2019emploi, des infrastructures et de la lutte contre la pr\u00e9carit\u00e9.<\/p>\n\n\n\n<p>La nouvelle dynamique, enclench\u00e9e sous l\u2019Impulsion du Souverain, s\u2019inscrit dans la continuit\u00e9 des r\u00e9alisations \u00e9conomiques et sociales de ces derni\u00e8res d\u00e9cennies, qui ont permis d\u2019am\u00e9liorer les infrastructures de base, d\u2019\u00e9largir l\u2019acc\u00e8s aux services publics, et de renforcer les fondamentaux du d\u00e9veloppement humain \u00e0 l\u2019\u00e9chelle nationale, a-t-il dit.<\/p>\n\n\n\n<p>M. Chalfi, \u00e9galement pr\u00e9sident du Centre international du tourisme, du patrimoine et de l\u2019environnement, a de m\u00eame insist\u00e9 sur l\u2019importance de la recherche scientifique et acad\u00e9mique qui demeure un levier majeur \u00e0 m\u00eame de concr\u00e9tiser ce chantier relatif au d\u00e9veloppement territorial int\u00e9gr\u00e9.<\/p>\n\n\n\n<p>Le Maroc, sous l\u2019impulsion de Sa Majest\u00e9 le Roi, consolide, \u00e0 travers les Programmes de D\u00e9veloppement Territorial Int\u00e9gr\u00e9, un mod\u00e8le de d\u00e9veloppement fond\u00e9 sur la performance, l\u2019\u00e9quit\u00e9 territoriale, la bonne gouvernance et la projection vers l\u2019avenir., a-t-il conclu.<\/p>\n","protected":false},"excerpt":{"rendered":"<p>Dpress La nouvelle g\u00e9n\u00e9ration de Programmes de D\u00e9veloppement Territorial Int\u00e9gr\u00e9 (PDTI) constitue une r\u00e9forme salvatrice en mati\u00e8re de gouvernance des programmes de d\u00e9veloppement territorial, a indiqu\u00e9, samedi, l\u2019enseignant chercheur \u00e0 la Facult\u00e9 polydisciplinaire d\u2019Errachidia, Reda Chalfi. Dans une d\u00e9claration \u00e0 la MAP, M. Chalfi, a affirm\u00e9 que la nouvelle g\u00e9n\u00e9ration des PDTI, qui intervient en &hellip;<\/p>\n","protected":false},"author":2,"featured_media":28348,"comment_status":"open","ping_status":"open","sticky":false,"template":"","format":"standard","meta":{"footnotes":""},"categories":[41],"tags":[],"class_list":["post-28347","post","type-post","status-publish","format-standard","has-post-thumbnail","hentry","category-opinions-et-debats"],"yoast_head":"<!-- This site is optimized with the Yoast SEO plugin v27.5 - https:\/\/yoast.com\/product\/yoast-seo-wordpress\/ -->\n<title>Les PDTI, une r\u00e9forme salvatrice en mati\u00e8re de gouvernance des programmes de d\u00e9veloppement territorial - Dpress.ma\/fr<\/title>\n<meta name=\"robots\" content=\"index, follow, max-snippet:-1, max-image-preview:large, max-video-preview:-1\" \/>\n<link rel=\"canonical\" href=\"https:\/\/dpress.ma\/fr\/2026\/04\/13\/les-pdti-une-reforme-salvatrice-en-matiere-de-gouvernance-des-programmes-de-developpement-territorial\/\" \/>\n<meta property=\"og:locale\" content=\"fr_FR\" \/>\n<meta property=\"og:type\" content=\"article\" \/>\n<meta property=\"og:title\" content=\"Les PDTI, une r\u00e9forme salvatrice en mati\u00e8re de gouvernance des programmes de d\u00e9veloppement territorial - Dpress.ma\/fr\" \/>\n<meta property=\"og:description\" content=\"Dpress La nouvelle g\u00e9n\u00e9ration de Programmes de D\u00e9veloppement Territorial Int\u00e9gr\u00e9 (PDTI) constitue une r\u00e9forme salvatrice en mati\u00e8re de gouvernance des programmes de d\u00e9veloppement territorial, a indiqu\u00e9, samedi, l\u2019enseignant chercheur \u00e0 la Facult\u00e9 polydisciplinaire d\u2019Errachidia, Reda Chalfi. Dans une d\u00e9claration \u00e0 la MAP, M. Chalfi, a affirm\u00e9 que la nouvelle g\u00e9n\u00e9ration des PDTI, qui intervient en &hellip;\" \/>\n<meta property=\"og:url\" content=\"https:\/\/dpress.ma\/fr\/2026\/04\/13\/les-pdti-une-reforme-salvatrice-en-matiere-de-gouvernance-des-programmes-de-developpement-territorial\/\" \/>\n<meta property=\"og:site_name\" content=\"Dpress.ma\/fr\" \/>\n<meta property=\"article:published_time\" content=\"2026-04-13T09:07:44+00:00\" \/>\n<meta property=\"article:modified_time\" content=\"2026-04-13T09:07:46+00:00\" \/>\n<meta property=\"og:image\" content=\"https:\/\/dpress.ma\/fr\/wp-content\/uploads\/sites\/2\/2026\/04\/15-2.jpg\" \/>\n\t<meta property=\"og:image:width\" content=\"2539\" \/>\n\t<meta property=\"og:image:height\" content=\"1594\" \/>\n\t<meta property=\"og:image:type\" content=\"image\/jpeg\" \/>\n<meta name=\"author\" content=\"Dpress.ma\" \/>\n<meta name=\"twitter:card\" content=\"summary_large_image\" \/>\n<meta name=\"twitter:label1\" content=\"\u00c9crit par\" \/>\n\t<meta name=\"twitter:data1\" content=\"Dpress.ma\" \/>\n\t<meta name=\"twitter:label2\" content=\"Dur\u00e9e de lecture estim\u00e9e\" \/>\n\t<meta name=\"twitter:data2\" content=\"2 minutes\" \/>\n<script type=\"application\/ld+json\" class=\"yoast-schema-graph\">{\"@context\":\"https:\\\/\\\/schema.org\",\"@graph\":[{\"@type\":\"Article\",\"@id\":\"https:\\\/\\\/dpress.ma\\\/fr\\\/2026\\\/04\\\/13\\\/les-pdti-une-reforme-salvatrice-en-matiere-de-gouvernance-des-programmes-de-developpement-territorial\\\/#article\",\"isPartOf\":{\"@id\":\"https:\\\/\\\/dpress.ma\\\/fr\\\/2026\\\/04\\\/13\\\/les-pdti-une-reforme-salvatrice-en-matiere-de-gouvernance-des-programmes-de-developpement-territorial\\\/\"},\"author\":{\"name\":\"Dpress.ma\",\"@id\":\"https:\\\/\\\/dpress.ma\\\/fr\\\/#\\\/schema\\\/person\\\/4898febf3ccd59e6578d838656a306a0\"},\"headline\":\"Les PDTI, une r\u00e9forme salvatrice en mati\u00e8re de gouvernance des programmes de d\u00e9veloppement territorial\",\"datePublished\":\"2026-04-13T09:07:44+00:00\",\"dateModified\":\"2026-04-13T09:07:46+00:00\",\"mainEntityOfPage\":{\"@id\":\"https:\\\/\\\/dpress.ma\\\/fr\\\/2026\\\/04\\\/13\\\/les-pdti-une-reforme-salvatrice-en-matiere-de-gouvernance-des-programmes-de-developpement-territorial\\\/\"},\"wordCount\":359,\"commentCount\":0,\"image\":{\"@id\":\"https:\\\/\\\/dpress.ma\\\/fr\\\/2026\\\/04\\\/13\\\/les-pdti-une-reforme-salvatrice-en-matiere-de-gouvernance-des-programmes-de-developpement-territorial\\\/#primaryimage\"},\"thumbnailUrl\":\"https:\\\/\\\/dpress.ma\\\/fr\\\/wp-content\\\/uploads\\\/sites\\\/2\\\/2026\\\/04\\\/15-2.jpg\",\"articleSection\":[\"opinions-et-debats\"],\"inLanguage\":\"fr-FR\",\"potentialAction\":[{\"@type\":\"CommentAction\",\"name\":\"Comment\",\"target\":[\"https:\\\/\\\/dpress.ma\\\/fr\\\/2026\\\/04\\\/13\\\/les-pdti-une-reforme-salvatrice-en-matiere-de-gouvernance-des-programmes-de-developpement-territorial\\\/#respond\"]}]},{\"@type\":\"WebPage\",\"@id\":\"https:\\\/\\\/dpress.ma\\\/fr\\\/2026\\\/04\\\/13\\\/les-pdti-une-reforme-salvatrice-en-matiere-de-gouvernance-des-programmes-de-developpement-territorial\\\/\",\"url\":\"https:\\\/\\\/dpress.ma\\\/fr\\\/2026\\\/04\\\/13\\\/les-pdti-une-reforme-salvatrice-en-matiere-de-gouvernance-des-programmes-de-developpement-territorial\\\/\",\"name\":\"Les PDTI, une r\u00e9forme salvatrice en mati\u00e8re de gouvernance des programmes de d\u00e9veloppement territorial - Dpress.ma\\\/fr\",\"isPartOf\":{\"@id\":\"https:\\\/\\\/dpress.ma\\\/fr\\\/#website\"},\"primaryImageOfPage\":{\"@id\":\"https:\\\/\\\/dpress.ma\\\/fr\\\/2026\\\/04\\\/13\\\/les-pdti-une-reforme-salvatrice-en-matiere-de-gouvernance-des-programmes-de-developpement-territorial\\\/#primaryimage\"},\"image\":{\"@id\":\"https:\\\/\\\/dpress.ma\\\/fr\\\/2026\\\/04\\\/13\\\/les-pdti-une-reforme-salvatrice-en-matiere-de-gouvernance-des-programmes-de-developpement-territorial\\\/#primaryimage\"},\"thumbnailUrl\":\"https:\\\/\\\/dpress.ma\\\/fr\\\/wp-content\\\/uploads\\\/sites\\\/2\\\/2026\\\/04\\\/15-2.jpg\",\"datePublished\":\"2026-04-13T09:07:44+00:00\",\"dateModified\":\"2026-04-13T09:07:46+00:00\",\"author\":{\"@id\":\"https:\\\/\\\/dpress.ma\\\/fr\\\/#\\\/schema\\\/person\\\/4898febf3ccd59e6578d838656a306a0\"},\"breadcrumb\":{\"@id\":\"https:\\\/\\\/dpress.ma\\\/fr\\\/2026\\\/04\\\/13\\\/les-pdti-une-reforme-salvatrice-en-matiere-de-gouvernance-des-programmes-de-developpement-territorial\\\/#breadcrumb\"},\"inLanguage\":\"fr-FR\",\"potentialAction\":[{\"@type\":\"ReadAction\",\"target\":[\"https:\\\/\\\/dpress.ma\\\/fr\\\/2026\\\/04\\\/13\\\/les-pdti-une-reforme-salvatrice-en-matiere-de-gouvernance-des-programmes-de-developpement-territorial\\\/\"]}]},{\"@type\":\"ImageObject\",\"inLanguage\":\"fr-FR\",\"@id\":\"https:\\\/\\\/dpress.ma\\\/fr\\\/2026\\\/04\\\/13\\\/les-pdti-une-reforme-salvatrice-en-matiere-de-gouvernance-des-programmes-de-developpement-territorial\\\/#primaryimage\",\"url\":\"https:\\\/\\\/dpress.ma\\\/fr\\\/wp-content\\\/uploads\\\/sites\\\/2\\\/2026\\\/04\\\/15-2.jpg\",\"contentUrl\":\"https:\\\/\\\/dpress.ma\\\/fr\\\/wp-content\\\/uploads\\\/sites\\\/2\\\/2026\\\/04\\\/15-2.jpg\",\"width\":2539,\"height\":1594},{\"@type\":\"BreadcrumbList\",\"@id\":\"https:\\\/\\\/dpress.ma\\\/fr\\\/2026\\\/04\\\/13\\\/les-pdti-une-reforme-salvatrice-en-matiere-de-gouvernance-des-programmes-de-developpement-territorial\\\/#breadcrumb\",\"itemListElement\":[{\"@type\":\"ListItem\",\"position\":1,\"name\":\"Home\",\"item\":\"https:\\\/\\\/dpress.ma\\\/fr\\\/\"},{\"@type\":\"ListItem\",\"position\":2,\"name\":\"Les PDTI, une r\u00e9forme salvatrice en mati\u00e8re de gouvernance des programmes de d\u00e9veloppement territorial\"}]},{\"@type\":\"WebSite\",\"@id\":\"https:\\\/\\\/dpress.ma\\\/fr\\\/#website\",\"url\":\"https:\\\/\\\/dpress.ma\\\/fr\\\/\",\"name\":\"Dpress.ma\\\/fr\",\"description\":\"\",\"potentialAction\":[{\"@type\":\"SearchAction\",\"target\":{\"@type\":\"EntryPoint\",\"urlTemplate\":\"https:\\\/\\\/dpress.ma\\\/fr\\\/?s={search_term_string}\"},\"query-input\":{\"@type\":\"PropertyValueSpecification\",\"valueRequired\":true,\"valueName\":\"search_term_string\"}}],\"inLanguage\":\"fr-FR\"},{\"@type\":\"Person\",\"@id\":\"https:\\\/\\\/dpress.ma\\\/fr\\\/#\\\/schema\\\/person\\\/4898febf3ccd59e6578d838656a306a0\",\"name\":\"Dpress.ma\",\"image\":{\"@type\":\"ImageObject\",\"inLanguage\":\"fr-FR\",\"@id\":\"https:\\\/\\\/secure.gravatar.com\\\/avatar\\\/72ecc30e9db047a2e0e7176561eb9d564ed77c8108376495b19bd8336405198a?s=96&d=mm&r=g\",\"url\":\"https:\\\/\\\/secure.gravatar.com\\\/avatar\\\/72ecc30e9db047a2e0e7176561eb9d564ed77c8108376495b19bd8336405198a?s=96&d=mm&r=g\",\"contentUrl\":\"https:\\\/\\\/secure.gravatar.com\\\/avatar\\\/72ecc30e9db047a2e0e7176561eb9d564ed77c8108376495b19bd8336405198a?s=96&d=mm&r=g\",\"caption\":\"Dpress.ma\"},\"sameAs\":[\"https:\\\/\\\/www.dpress.ma\"],\"url\":\"https:\\\/\\\/dpress.ma\\\/fr\\\/author\\\/dpress-ma\\\/\"}]}<\/script>\n<!-- \/ Yoast SEO plugin. -->","yoast_head_json":{"title":"Les PDTI, une r\u00e9forme salvatrice en mati\u00e8re de gouvernance des programmes de d\u00e9veloppement territorial - Dpress.ma\/fr","robots":{"index":"index","follow":"follow","max-snippet":"max-snippet:-1","max-image-preview":"max-image-preview:large","max-video-preview":"max-video-preview:-1"},"canonical":"https:\/\/dpress.ma\/fr\/2026\/04\/13\/les-pdti-une-reforme-salvatrice-en-matiere-de-gouvernance-des-programmes-de-developpement-territorial\/","og_locale":"fr_FR","og_type":"article","og_title":"Les PDTI, une r\u00e9forme salvatrice en mati\u00e8re de gouvernance des programmes de d\u00e9veloppement territorial - Dpress.ma\/fr","og_description":"Dpress La nouvelle g\u00e9n\u00e9ration de Programmes de D\u00e9veloppement Territorial Int\u00e9gr\u00e9 (PDTI) constitue une r\u00e9forme salvatrice en mati\u00e8re de gouvernance des programmes de d\u00e9veloppement territorial, a indiqu\u00e9, samedi, l\u2019enseignant chercheur \u00e0 la Facult\u00e9 polydisciplinaire d\u2019Errachidia, Reda Chalfi. Dans une d\u00e9claration \u00e0 la MAP, M. Chalfi, a affirm\u00e9 que la nouvelle g\u00e9n\u00e9ration des PDTI, qui intervient en &hellip;","og_url":"https:\/\/dpress.ma\/fr\/2026\/04\/13\/les-pdti-une-reforme-salvatrice-en-matiere-de-gouvernance-des-programmes-de-developpement-territorial\/","og_site_name":"Dpress.ma\/fr","article_published_time":"2026-04-13T09:07:44+00:00","article_modified_time":"2026-04-13T09:07:46+00:00","og_image":[{"width":2539,"height":1594,"url":"https:\/\/dpress.ma\/fr\/wp-content\/uploads\/sites\/2\/2026\/04\/15-2.jpg","type":"image\/jpeg"}],"author":"Dpress.ma","twitter_card":"summary_large_image","twitter_misc":{"\u00c9crit par":"Dpress.ma","Dur\u00e9e de lecture estim\u00e9e":"2 minutes"},"schema":{"@context":"https:\/\/schema.org","@graph":[{"@type":"Article","@id":"https:\/\/dpress.ma\/fr\/2026\/04\/13\/les-pdti-une-reforme-salvatrice-en-matiere-de-gouvernance-des-programmes-de-developpement-territorial\/#article","isPartOf":{"@id":"https:\/\/dpress.ma\/fr\/2026\/04\/13\/les-pdti-une-reforme-salvatrice-en-matiere-de-gouvernance-des-programmes-de-developpement-territorial\/"},"author":{"name":"Dpress.ma","@id":"https:\/\/dpress.ma\/fr\/#\/schema\/person\/4898febf3ccd59e6578d838656a306a0"},"headline":"Les PDTI, une r\u00e9forme salvatrice en mati\u00e8re de gouvernance des programmes de d\u00e9veloppement territorial","datePublished":"2026-04-13T09:07:44+00:00","dateModified":"2026-04-13T09:07:46+00:00","mainEntityOfPage":{"@id":"https:\/\/dpress.ma\/fr\/2026\/04\/13\/les-pdti-une-reforme-salvatrice-en-matiere-de-gouvernance-des-programmes-de-developpement-territorial\/"},"wordCount":359,"commentCount":0,"image":{"@id":"https:\/\/dpress.ma\/fr\/2026\/04\/13\/les-pdti-une-reforme-salvatrice-en-matiere-de-gouvernance-des-programmes-de-developpement-territorial\/#primaryimage"},"thumbnailUrl":"https:\/\/dpress.ma\/fr\/wp-content\/uploads\/sites\/2\/2026\/04\/15-2.jpg","articleSection":["opinions-et-debats"],"inLanguage":"fr-FR","potentialAction":[{"@type":"CommentAction","name":"Comment","target":["https:\/\/dpress.ma\/fr\/2026\/04\/13\/les-pdti-une-reforme-salvatrice-en-matiere-de-gouvernance-des-programmes-de-developpement-territorial\/#respond"]}]},{"@type":"WebPage","@id":"https:\/\/dpress.ma\/fr\/2026\/04\/13\/les-pdti-une-reforme-salvatrice-en-matiere-de-gouvernance-des-programmes-de-developpement-territorial\/","url":"https:\/\/dpress.ma\/fr\/2026\/04\/13\/les-pdti-une-reforme-salvatrice-en-matiere-de-gouvernance-des-programmes-de-developpement-territorial\/","name":"Les PDTI, une r\u00e9forme salvatrice en mati\u00e8re de gouvernance des programmes de d\u00e9veloppement territorial - Dpress.ma\/fr","isPartOf":{"@id":"https:\/\/dpress.ma\/fr\/#website"},"primaryImageOfPage":{"@id":"https:\/\/dpress.ma\/fr\/2026\/04\/13\/les-pdti-une-reforme-salvatrice-en-matiere-de-gouvernance-des-programmes-de-developpement-territorial\/#primaryimage"},"image":{"@id":"https:\/\/dpress.ma\/fr\/2026\/04\/13\/les-pdti-une-reforme-salvatrice-en-matiere-de-gouvernance-des-programmes-de-developpement-territorial\/#primaryimage"},"thumbnailUrl":"https:\/\/dpress.ma\/fr\/wp-content\/uploads\/sites\/2\/2026\/04\/15-2.jpg","datePublished":"2026-04-13T09:07:44+00:00","dateModified":"2026-04-13T09:07:46+00:00","author":{"@id":"https:\/\/dpress.ma\/fr\/#\/schema\/person\/4898febf3ccd59e6578d838656a306a0"},"breadcrumb":{"@id":"https:\/\/dpress.ma\/fr\/2026\/04\/13\/les-pdti-une-reforme-salvatrice-en-matiere-de-gouvernance-des-programmes-de-developpement-territorial\/#breadcrumb"},"inLanguage":"fr-FR","potentialAction":[{"@type":"ReadAction","target":["https:\/\/dpress.ma\/fr\/2026\/04\/13\/les-pdti-une-reforme-salvatrice-en-matiere-de-gouvernance-des-programmes-de-developpement-territorial\/"]}]},{"@type":"ImageObject","inLanguage":"fr-FR","@id":"https:\/\/dpress.ma\/fr\/2026\/04\/13\/les-pdti-une-reforme-salvatrice-en-matiere-de-gouvernance-des-programmes-de-developpement-territorial\/#primaryimage","url":"https:\/\/dpress.ma\/fr\/wp-content\/uploads\/sites\/2\/2026\/04\/15-2.jpg","contentUrl":"https:\/\/dpress.ma\/fr\/wp-content\/uploads\/sites\/2\/2026\/04\/15-2.jpg","width":2539,"height":1594},{"@type":"BreadcrumbList","@id":"https:\/\/dpress.ma\/fr\/2026\/04\/13\/les-pdti-une-reforme-salvatrice-en-matiere-de-gouvernance-des-programmes-de-developpement-territorial\/#breadcrumb","itemListElement":[{"@type":"ListItem","position":1,"name":"Home","item":"https:\/\/dpress.ma\/fr\/"},{"@type":"ListItem","position":2,"name":"Les PDTI, une r\u00e9forme salvatrice en mati\u00e8re de gouvernance des programmes de d\u00e9veloppement territorial"}]},{"@type":"WebSite","@id":"https:\/\/dpress.ma\/fr\/#website","url":"https:\/\/dpress.ma\/fr\/","name":"Dpress.ma\/fr","description":"","potentialAction":[{"@type":"SearchAction","target":{"@type":"EntryPoint","urlTemplate":"https:\/\/dpress.ma\/fr\/?s={search_term_string}"},"query-input":{"@type":"PropertyValueSpecification","valueRequired":true,"valueName":"search_term_string"}}],"inLanguage":"fr-FR"},{"@type":"Person","@id":"https:\/\/dpress.ma\/fr\/#\/schema\/person\/4898febf3ccd59e6578d838656a306a0","name":"Dpress.ma","image":{"@type":"ImageObject","inLanguage":"fr-FR","@id":"https:\/\/secure.gravatar.com\/avatar\/72ecc30e9db047a2e0e7176561eb9d564ed77c8108376495b19bd8336405198a?s=96&d=mm&r=g","url":"https:\/\/secure.gravatar.com\/avatar\/72ecc30e9db047a2e0e7176561eb9d564ed77c8108376495b19bd8336405198a?s=96&d=mm&r=g","contentUrl":"https:\/\/secure.gravatar.com\/avatar\/72ecc30e9db047a2e0e7176561eb9d564ed77c8108376495b19bd8336405198a?s=96&d=mm&r=g","caption":"Dpress.ma"},"sameAs":["https:\/\/www.dpress.ma"],"url":"https:\/\/dpress.ma\/fr\/author\/dpress-ma\/"}]}},"amp_enabled":true,"_links":{"self":[{"href":"https:\/\/dpress.ma\/fr\/wp-json\/wp\/v2\/posts\/28347","targetHints":{"allow":["GET"]}}],"collection":[{"href":"https:\/\/dpress.ma\/fr\/wp-json\/wp\/v2\/posts"}],"about":[{"href":"https:\/\/dpress.ma\/fr\/wp-json\/wp\/v2\/types\/post"}],"author":[{"embeddable":true,"href":"https:\/\/dpress.ma\/fr\/wp-json\/wp\/v2\/users\/2"}],"replies":[{"embeddable":true,"href":"https:\/\/dpress.ma\/fr\/wp-json\/wp\/v2\/comments?post=28347"}],"version-history":[{"count":1,"href":"https:\/\/dpress.ma\/fr\/wp-json\/wp\/v2\/posts\/28347\/revisions"}],"predecessor-version":[{"id":28349,"href":"https:\/\/dpress.ma\/fr\/wp-json\/wp\/v2\/posts\/28347\/revisions\/28349"}],"wp:featuredmedia":[{"embeddable":true,"href":"https:\/\/dpress.ma\/fr\/wp-json\/wp\/v2\/media\/28348"}],"wp:attachment":[{"href":"https:\/\/dpress.ma\/fr\/wp-json\/wp\/v2\/media?parent=28347"}],"wp:term":[{"taxonomy":"category","embeddable":true,"href":"https:\/\/dpress.ma\/fr\/wp-json\/wp\/v2\/categories?post=28347"},{"taxonomy":"post_tag","embeddable":true,"href":"https:\/\/dpress.ma\/fr\/wp-json\/wp\/v2\/tags?post=28347"}],"curies":[{"name":"wp","href":"https:\/\/api.w.org\/{rel}","templated":true}]}}