{"id":28344,"date":"2026-04-13T09:05:34","date_gmt":"2026-04-13T09:05:34","guid":{"rendered":"https:\/\/dpress.ma\/fr\/?p=28344"},"modified":"2026-04-13T09:05:36","modified_gmt":"2026-04-13T09:05:36","slug":"les-pdti-incarnent-une-dynamique-renouvelee-en-matiere-de-gouvernance-territoriale","status":"publish","type":"post","link":"https:\/\/dpress.ma\/fr\/2026\/04\/13\/les-pdti-incarnent-une-dynamique-renouvelee-en-matiere-de-gouvernance-territoriale\/","title":{"rendered":"Les PDTI incarnent une dynamique renouvel\u00e9e en mati\u00e8re de gouvernance territoriale"},"content":{"rendered":"\n<p>Dpress<\/p>\n\n\n\n<p>La nouvelle g\u00e9n\u00e9ration des Programmes de D\u00e9veloppement Territorial Int\u00e9gr\u00e9 (PDTI) qui intervient en application des Hautes Orientations de Sa Majest\u00e9 le Roi Mohammed VI, incarne une dynamique renouvel\u00e9e en mati\u00e8re de gouvernance territoriale, a indiqu\u00e9 le chercheur en questions de d\u00e9veloppement et d\u2019am\u00e9nagement du territoire, M\u2019hamed Afkir.<\/p>\n\n\n\n<p>Dans une d\u00e9claration \u00e0 la MAP, M, Afkir&nbsp;a soulign\u00e9 que cette dynamique repose sur la mise en \u0153uvre des politiques publiques qui placent le citoyen au centre des pr\u00e9occupations, sur la base d\u2019une planification territoriale plus efficace fond\u00e9e sur des \u00e9valuations de terrain pr\u00e9cises et une utilisation optimale des ressources locales.<\/p>\n\n\n\n<p>Et d\u2019ajouter que cette initiative strat\u00e9gique s\u2019inscrit dans le cadre de l\u2019application des Directives Royales qui ont inspir\u00e9 le lancement de cette nouvelle g\u00e9n\u00e9ration des PDTI, relevant que l\u2019approche adopt\u00e9e \u00e0 cet effet repose sur deux volets: un volet consultatif impliquant les \u00e9lus, les acteurs de la soci\u00e9t\u00e9 civile et le grand public, et un volet analytique fond\u00e9 sur l\u2019\u00e9tude des indicateurs de d\u00e9veloppement, notamment dans les domaines de l\u2019\u00e9ducation, de la sant\u00e9, de l\u2019emploi et des infrastructures de base, avec la contribution des responsables des secteurs d\u00e9centralis\u00e9s.<\/p>\n\n\n\n<p>Le chercheur a soulign\u00e9 que la combinaison des r\u00e9sultats de l\u2019\u00e9valuation de terrain et des conclusions de l\u2019analyse des indicateurs avait permis d\u2019\u00e9laborer une vision globale et pr\u00e9cise de la r\u00e9alit\u00e9 du d\u00e9veloppement, jetant ainsi les bases pour l\u2019\u00e9laboration de programmes int\u00e9gr\u00e9s r\u00e9pondant aux besoins r\u00e9els de la population et contribuant \u00e0 r\u00e9duire les disparit\u00e9s spatiales et \u00e0 atteindre un d\u00e9veloppement durable.<\/p>\n\n\n\n<p>Cette nouvelle approche de la gouvernance territoriale repr\u00e9sente un progr\u00e8s qualitatif dans la gestion des programmes de d\u00e9veloppement, gr\u00e2ce \u00e0 la mise en place de m\u00e9canismes fond\u00e9s sur la convergence et l\u2019implication des diff\u00e9rentes parties prenantes, renfor\u00e7ant ainsi l\u2019efficacit\u00e9 des politiques publiques au service d\u2019un d\u00e9veloppement territorial \u00e9quilibr\u00e9 et durable, a-t-il not\u00e9.<\/p>\n","protected":false},"excerpt":{"rendered":"<p>Dpress La nouvelle g\u00e9n\u00e9ration des Programmes de D\u00e9veloppement Territorial Int\u00e9gr\u00e9 (PDTI) qui intervient en application des Hautes Orientations de Sa Majest\u00e9 le Roi Mohammed VI, incarne une dynamique renouvel\u00e9e en mati\u00e8re de gouvernance territoriale, a indiqu\u00e9 le chercheur en questions de d\u00e9veloppement et d\u2019am\u00e9nagement du territoire, M\u2019hamed Afkir. Dans une d\u00e9claration \u00e0 la MAP, M, &hellip;<\/p>\n","protected":false},"author":2,"featured_media":28345,"comment_status":"open","ping_status":"open","sticky":false,"template":"","format":"standard","meta":{"footnotes":""},"categories":[41],"tags":[],"class_list":["post-28344","post","type-post","status-publish","format-standard","has-post-thumbnail","hentry","category-opinions-et-debats"],"yoast_head":"<!-- This site is optimized with the Yoast SEO plugin v27.5 - https:\/\/yoast.com\/product\/yoast-seo-wordpress\/ -->\n<title>Les PDTI incarnent une dynamique renouvel\u00e9e en mati\u00e8re de gouvernance territoriale - Dpress.ma\/fr<\/title>\n<meta name=\"robots\" content=\"index, follow, max-snippet:-1, max-image-preview:large, max-video-preview:-1\" \/>\n<link rel=\"canonical\" href=\"https:\/\/dpress.ma\/fr\/2026\/04\/13\/les-pdti-incarnent-une-dynamique-renouvelee-en-matiere-de-gouvernance-territoriale\/\" \/>\n<meta property=\"og:locale\" content=\"fr_FR\" \/>\n<meta property=\"og:type\" content=\"article\" \/>\n<meta property=\"og:title\" content=\"Les PDTI incarnent une dynamique renouvel\u00e9e en mati\u00e8re de gouvernance territoriale - Dpress.ma\/fr\" \/>\n<meta property=\"og:description\" content=\"Dpress La nouvelle g\u00e9n\u00e9ration des Programmes de D\u00e9veloppement Territorial Int\u00e9gr\u00e9 (PDTI) qui intervient en application des Hautes Orientations de Sa Majest\u00e9 le Roi Mohammed VI, incarne une dynamique renouvel\u00e9e en mati\u00e8re de gouvernance territoriale, a indiqu\u00e9 le chercheur en questions de d\u00e9veloppement et d\u2019am\u00e9nagement du territoire, M\u2019hamed Afkir. Dans une d\u00e9claration \u00e0 la MAP, M, &hellip;\" \/>\n<meta property=\"og:url\" content=\"https:\/\/dpress.ma\/fr\/2026\/04\/13\/les-pdti-incarnent-une-dynamique-renouvelee-en-matiere-de-gouvernance-territoriale\/\" \/>\n<meta property=\"og:site_name\" content=\"Dpress.ma\/fr\" \/>\n<meta property=\"article:published_time\" content=\"2026-04-13T09:05:34+00:00\" \/>\n<meta property=\"article:modified_time\" content=\"2026-04-13T09:05:36+00:00\" \/>\n<meta property=\"og:image\" content=\"https:\/\/dpress.ma\/fr\/wp-content\/uploads\/sites\/2\/2026\/04\/15-1.jpg\" \/>\n\t<meta property=\"og:image:width\" content=\"2539\" \/>\n\t<meta property=\"og:image:height\" content=\"1594\" \/>\n\t<meta property=\"og:image:type\" content=\"image\/jpeg\" \/>\n<meta name=\"author\" content=\"Dpress.ma\" \/>\n<meta name=\"twitter:card\" content=\"summary_large_image\" \/>\n<meta name=\"twitter:label1\" content=\"\u00c9crit par\" \/>\n\t<meta name=\"twitter:data1\" content=\"Dpress.ma\" \/>\n\t<meta name=\"twitter:label2\" content=\"Dur\u00e9e de lecture estim\u00e9e\" \/>\n\t<meta name=\"twitter:data2\" content=\"2 minutes\" \/>\n<script type=\"application\/ld+json\" class=\"yoast-schema-graph\">{\"@context\":\"https:\\\/\\\/schema.org\",\"@graph\":[{\"@type\":\"Article\",\"@id\":\"https:\\\/\\\/dpress.ma\\\/fr\\\/2026\\\/04\\\/13\\\/les-pdti-incarnent-une-dynamique-renouvelee-en-matiere-de-gouvernance-territoriale\\\/#article\",\"isPartOf\":{\"@id\":\"https:\\\/\\\/dpress.ma\\\/fr\\\/2026\\\/04\\\/13\\\/les-pdti-incarnent-une-dynamique-renouvelee-en-matiere-de-gouvernance-territoriale\\\/\"},\"author\":{\"name\":\"Dpress.ma\",\"@id\":\"https:\\\/\\\/dpress.ma\\\/fr\\\/#\\\/schema\\\/person\\\/4898febf3ccd59e6578d838656a306a0\"},\"headline\":\"Les PDTI incarnent une dynamique renouvel\u00e9e en mati\u00e8re de gouvernance territoriale\",\"datePublished\":\"2026-04-13T09:05:34+00:00\",\"dateModified\":\"2026-04-13T09:05:36+00:00\",\"mainEntityOfPage\":{\"@id\":\"https:\\\/\\\/dpress.ma\\\/fr\\\/2026\\\/04\\\/13\\\/les-pdti-incarnent-une-dynamique-renouvelee-en-matiere-de-gouvernance-territoriale\\\/\"},\"wordCount\":368,\"commentCount\":0,\"image\":{\"@id\":\"https:\\\/\\\/dpress.ma\\\/fr\\\/2026\\\/04\\\/13\\\/les-pdti-incarnent-une-dynamique-renouvelee-en-matiere-de-gouvernance-territoriale\\\/#primaryimage\"},\"thumbnailUrl\":\"https:\\\/\\\/dpress.ma\\\/fr\\\/wp-content\\\/uploads\\\/sites\\\/2\\\/2026\\\/04\\\/15-1.jpg\",\"articleSection\":[\"opinions-et-debats\"],\"inLanguage\":\"fr-FR\",\"potentialAction\":[{\"@type\":\"CommentAction\",\"name\":\"Comment\",\"target\":[\"https:\\\/\\\/dpress.ma\\\/fr\\\/2026\\\/04\\\/13\\\/les-pdti-incarnent-une-dynamique-renouvelee-en-matiere-de-gouvernance-territoriale\\\/#respond\"]}]},{\"@type\":\"WebPage\",\"@id\":\"https:\\\/\\\/dpress.ma\\\/fr\\\/2026\\\/04\\\/13\\\/les-pdti-incarnent-une-dynamique-renouvelee-en-matiere-de-gouvernance-territoriale\\\/\",\"url\":\"https:\\\/\\\/dpress.ma\\\/fr\\\/2026\\\/04\\\/13\\\/les-pdti-incarnent-une-dynamique-renouvelee-en-matiere-de-gouvernance-territoriale\\\/\",\"name\":\"Les PDTI incarnent une dynamique renouvel\u00e9e en mati\u00e8re de gouvernance territoriale - Dpress.ma\\\/fr\",\"isPartOf\":{\"@id\":\"https:\\\/\\\/dpress.ma\\\/fr\\\/#website\"},\"primaryImageOfPage\":{\"@id\":\"https:\\\/\\\/dpress.ma\\\/fr\\\/2026\\\/04\\\/13\\\/les-pdti-incarnent-une-dynamique-renouvelee-en-matiere-de-gouvernance-territoriale\\\/#primaryimage\"},\"image\":{\"@id\":\"https:\\\/\\\/dpress.ma\\\/fr\\\/2026\\\/04\\\/13\\\/les-pdti-incarnent-une-dynamique-renouvelee-en-matiere-de-gouvernance-territoriale\\\/#primaryimage\"},\"thumbnailUrl\":\"https:\\\/\\\/dpress.ma\\\/fr\\\/wp-content\\\/uploads\\\/sites\\\/2\\\/2026\\\/04\\\/15-1.jpg\",\"datePublished\":\"2026-04-13T09:05:34+00:00\",\"dateModified\":\"2026-04-13T09:05:36+00:00\",\"author\":{\"@id\":\"https:\\\/\\\/dpress.ma\\\/fr\\\/#\\\/schema\\\/person\\\/4898febf3ccd59e6578d838656a306a0\"},\"breadcrumb\":{\"@id\":\"https:\\\/\\\/dpress.ma\\\/fr\\\/2026\\\/04\\\/13\\\/les-pdti-incarnent-une-dynamique-renouvelee-en-matiere-de-gouvernance-territoriale\\\/#breadcrumb\"},\"inLanguage\":\"fr-FR\",\"potentialAction\":[{\"@type\":\"ReadAction\",\"target\":[\"https:\\\/\\\/dpress.ma\\\/fr\\\/2026\\\/04\\\/13\\\/les-pdti-incarnent-une-dynamique-renouvelee-en-matiere-de-gouvernance-territoriale\\\/\"]}]},{\"@type\":\"ImageObject\",\"inLanguage\":\"fr-FR\",\"@id\":\"https:\\\/\\\/dpress.ma\\\/fr\\\/2026\\\/04\\\/13\\\/les-pdti-incarnent-une-dynamique-renouvelee-en-matiere-de-gouvernance-territoriale\\\/#primaryimage\",\"url\":\"https:\\\/\\\/dpress.ma\\\/fr\\\/wp-content\\\/uploads\\\/sites\\\/2\\\/2026\\\/04\\\/15-1.jpg\",\"contentUrl\":\"https:\\\/\\\/dpress.ma\\\/fr\\\/wp-content\\\/uploads\\\/sites\\\/2\\\/2026\\\/04\\\/15-1.jpg\",\"width\":2539,\"height\":1594},{\"@type\":\"BreadcrumbList\",\"@id\":\"https:\\\/\\\/dpress.ma\\\/fr\\\/2026\\\/04\\\/13\\\/les-pdti-incarnent-une-dynamique-renouvelee-en-matiere-de-gouvernance-territoriale\\\/#breadcrumb\",\"itemListElement\":[{\"@type\":\"ListItem\",\"position\":1,\"name\":\"Home\",\"item\":\"https:\\\/\\\/dpress.ma\\\/fr\\\/\"},{\"@type\":\"ListItem\",\"position\":2,\"name\":\"Les PDTI incarnent une dynamique renouvel\u00e9e en mati\u00e8re de gouvernance territoriale\"}]},{\"@type\":\"WebSite\",\"@id\":\"https:\\\/\\\/dpress.ma\\\/fr\\\/#website\",\"url\":\"https:\\\/\\\/dpress.ma\\\/fr\\\/\",\"name\":\"Dpress.ma\\\/fr\",\"description\":\"\",\"potentialAction\":[{\"@type\":\"SearchAction\",\"target\":{\"@type\":\"EntryPoint\",\"urlTemplate\":\"https:\\\/\\\/dpress.ma\\\/fr\\\/?s={search_term_string}\"},\"query-input\":{\"@type\":\"PropertyValueSpecification\",\"valueRequired\":true,\"valueName\":\"search_term_string\"}}],\"inLanguage\":\"fr-FR\"},{\"@type\":\"Person\",\"@id\":\"https:\\\/\\\/dpress.ma\\\/fr\\\/#\\\/schema\\\/person\\\/4898febf3ccd59e6578d838656a306a0\",\"name\":\"Dpress.ma\",\"image\":{\"@type\":\"ImageObject\",\"inLanguage\":\"fr-FR\",\"@id\":\"https:\\\/\\\/secure.gravatar.com\\\/avatar\\\/72ecc30e9db047a2e0e7176561eb9d564ed77c8108376495b19bd8336405198a?s=96&d=mm&r=g\",\"url\":\"https:\\\/\\\/secure.gravatar.com\\\/avatar\\\/72ecc30e9db047a2e0e7176561eb9d564ed77c8108376495b19bd8336405198a?s=96&d=mm&r=g\",\"contentUrl\":\"https:\\\/\\\/secure.gravatar.com\\\/avatar\\\/72ecc30e9db047a2e0e7176561eb9d564ed77c8108376495b19bd8336405198a?s=96&d=mm&r=g\",\"caption\":\"Dpress.ma\"},\"sameAs\":[\"https:\\\/\\\/www.dpress.ma\"],\"url\":\"https:\\\/\\\/dpress.ma\\\/fr\\\/author\\\/dpress-ma\\\/\"}]}<\/script>\n<!-- \/ Yoast SEO plugin. -->","yoast_head_json":{"title":"Les PDTI incarnent une dynamique renouvel\u00e9e en mati\u00e8re de gouvernance territoriale - Dpress.ma\/fr","robots":{"index":"index","follow":"follow","max-snippet":"max-snippet:-1","max-image-preview":"max-image-preview:large","max-video-preview":"max-video-preview:-1"},"canonical":"https:\/\/dpress.ma\/fr\/2026\/04\/13\/les-pdti-incarnent-une-dynamique-renouvelee-en-matiere-de-gouvernance-territoriale\/","og_locale":"fr_FR","og_type":"article","og_title":"Les PDTI incarnent une dynamique renouvel\u00e9e en mati\u00e8re de gouvernance territoriale - Dpress.ma\/fr","og_description":"Dpress La nouvelle g\u00e9n\u00e9ration des Programmes de D\u00e9veloppement Territorial Int\u00e9gr\u00e9 (PDTI) qui intervient en application des Hautes Orientations de Sa Majest\u00e9 le Roi Mohammed VI, incarne une dynamique renouvel\u00e9e en mati\u00e8re de gouvernance territoriale, a indiqu\u00e9 le chercheur en questions de d\u00e9veloppement et d\u2019am\u00e9nagement du territoire, M\u2019hamed Afkir. Dans une d\u00e9claration \u00e0 la MAP, M, &hellip;","og_url":"https:\/\/dpress.ma\/fr\/2026\/04\/13\/les-pdti-incarnent-une-dynamique-renouvelee-en-matiere-de-gouvernance-territoriale\/","og_site_name":"Dpress.ma\/fr","article_published_time":"2026-04-13T09:05:34+00:00","article_modified_time":"2026-04-13T09:05:36+00:00","og_image":[{"width":2539,"height":1594,"url":"https:\/\/dpress.ma\/fr\/wp-content\/uploads\/sites\/2\/2026\/04\/15-1.jpg","type":"image\/jpeg"}],"author":"Dpress.ma","twitter_card":"summary_large_image","twitter_misc":{"\u00c9crit par":"Dpress.ma","Dur\u00e9e de lecture estim\u00e9e":"2 minutes"},"schema":{"@context":"https:\/\/schema.org","@graph":[{"@type":"Article","@id":"https:\/\/dpress.ma\/fr\/2026\/04\/13\/les-pdti-incarnent-une-dynamique-renouvelee-en-matiere-de-gouvernance-territoriale\/#article","isPartOf":{"@id":"https:\/\/dpress.ma\/fr\/2026\/04\/13\/les-pdti-incarnent-une-dynamique-renouvelee-en-matiere-de-gouvernance-territoriale\/"},"author":{"name":"Dpress.ma","@id":"https:\/\/dpress.ma\/fr\/#\/schema\/person\/4898febf3ccd59e6578d838656a306a0"},"headline":"Les PDTI incarnent une dynamique renouvel\u00e9e en mati\u00e8re de gouvernance territoriale","datePublished":"2026-04-13T09:05:34+00:00","dateModified":"2026-04-13T09:05:36+00:00","mainEntityOfPage":{"@id":"https:\/\/dpress.ma\/fr\/2026\/04\/13\/les-pdti-incarnent-une-dynamique-renouvelee-en-matiere-de-gouvernance-territoriale\/"},"wordCount":368,"commentCount":0,"image":{"@id":"https:\/\/dpress.ma\/fr\/2026\/04\/13\/les-pdti-incarnent-une-dynamique-renouvelee-en-matiere-de-gouvernance-territoriale\/#primaryimage"},"thumbnailUrl":"https:\/\/dpress.ma\/fr\/wp-content\/uploads\/sites\/2\/2026\/04\/15-1.jpg","articleSection":["opinions-et-debats"],"inLanguage":"fr-FR","potentialAction":[{"@type":"CommentAction","name":"Comment","target":["https:\/\/dpress.ma\/fr\/2026\/04\/13\/les-pdti-incarnent-une-dynamique-renouvelee-en-matiere-de-gouvernance-territoriale\/#respond"]}]},{"@type":"WebPage","@id":"https:\/\/dpress.ma\/fr\/2026\/04\/13\/les-pdti-incarnent-une-dynamique-renouvelee-en-matiere-de-gouvernance-territoriale\/","url":"https:\/\/dpress.ma\/fr\/2026\/04\/13\/les-pdti-incarnent-une-dynamique-renouvelee-en-matiere-de-gouvernance-territoriale\/","name":"Les PDTI incarnent une dynamique renouvel\u00e9e en mati\u00e8re de gouvernance territoriale - Dpress.ma\/fr","isPartOf":{"@id":"https:\/\/dpress.ma\/fr\/#website"},"primaryImageOfPage":{"@id":"https:\/\/dpress.ma\/fr\/2026\/04\/13\/les-pdti-incarnent-une-dynamique-renouvelee-en-matiere-de-gouvernance-territoriale\/#primaryimage"},"image":{"@id":"https:\/\/dpress.ma\/fr\/2026\/04\/13\/les-pdti-incarnent-une-dynamique-renouvelee-en-matiere-de-gouvernance-territoriale\/#primaryimage"},"thumbnailUrl":"https:\/\/dpress.ma\/fr\/wp-content\/uploads\/sites\/2\/2026\/04\/15-1.jpg","datePublished":"2026-04-13T09:05:34+00:00","dateModified":"2026-04-13T09:05:36+00:00","author":{"@id":"https:\/\/dpress.ma\/fr\/#\/schema\/person\/4898febf3ccd59e6578d838656a306a0"},"breadcrumb":{"@id":"https:\/\/dpress.ma\/fr\/2026\/04\/13\/les-pdti-incarnent-une-dynamique-renouvelee-en-matiere-de-gouvernance-territoriale\/#breadcrumb"},"inLanguage":"fr-FR","potentialAction":[{"@type":"ReadAction","target":["https:\/\/dpress.ma\/fr\/2026\/04\/13\/les-pdti-incarnent-une-dynamique-renouvelee-en-matiere-de-gouvernance-territoriale\/"]}]},{"@type":"ImageObject","inLanguage":"fr-FR","@id":"https:\/\/dpress.ma\/fr\/2026\/04\/13\/les-pdti-incarnent-une-dynamique-renouvelee-en-matiere-de-gouvernance-territoriale\/#primaryimage","url":"https:\/\/dpress.ma\/fr\/wp-content\/uploads\/sites\/2\/2026\/04\/15-1.jpg","contentUrl":"https:\/\/dpress.ma\/fr\/wp-content\/uploads\/sites\/2\/2026\/04\/15-1.jpg","width":2539,"height":1594},{"@type":"BreadcrumbList","@id":"https:\/\/dpress.ma\/fr\/2026\/04\/13\/les-pdti-incarnent-une-dynamique-renouvelee-en-matiere-de-gouvernance-territoriale\/#breadcrumb","itemListElement":[{"@type":"ListItem","position":1,"name":"Home","item":"https:\/\/dpress.ma\/fr\/"},{"@type":"ListItem","position":2,"name":"Les PDTI incarnent une dynamique renouvel\u00e9e en mati\u00e8re de gouvernance territoriale"}]},{"@type":"WebSite","@id":"https:\/\/dpress.ma\/fr\/#website","url":"https:\/\/dpress.ma\/fr\/","name":"Dpress.ma\/fr","description":"","potentialAction":[{"@type":"SearchAction","target":{"@type":"EntryPoint","urlTemplate":"https:\/\/dpress.ma\/fr\/?s={search_term_string}"},"query-input":{"@type":"PropertyValueSpecification","valueRequired":true,"valueName":"search_term_string"}}],"inLanguage":"fr-FR"},{"@type":"Person","@id":"https:\/\/dpress.ma\/fr\/#\/schema\/person\/4898febf3ccd59e6578d838656a306a0","name":"Dpress.ma","image":{"@type":"ImageObject","inLanguage":"fr-FR","@id":"https:\/\/secure.gravatar.com\/avatar\/72ecc30e9db047a2e0e7176561eb9d564ed77c8108376495b19bd8336405198a?s=96&d=mm&r=g","url":"https:\/\/secure.gravatar.com\/avatar\/72ecc30e9db047a2e0e7176561eb9d564ed77c8108376495b19bd8336405198a?s=96&d=mm&r=g","contentUrl":"https:\/\/secure.gravatar.com\/avatar\/72ecc30e9db047a2e0e7176561eb9d564ed77c8108376495b19bd8336405198a?s=96&d=mm&r=g","caption":"Dpress.ma"},"sameAs":["https:\/\/www.dpress.ma"],"url":"https:\/\/dpress.ma\/fr\/author\/dpress-ma\/"}]}},"amp_enabled":true,"_links":{"self":[{"href":"https:\/\/dpress.ma\/fr\/wp-json\/wp\/v2\/posts\/28344","targetHints":{"allow":["GET"]}}],"collection":[{"href":"https:\/\/dpress.ma\/fr\/wp-json\/wp\/v2\/posts"}],"about":[{"href":"https:\/\/dpress.ma\/fr\/wp-json\/wp\/v2\/types\/post"}],"author":[{"embeddable":true,"href":"https:\/\/dpress.ma\/fr\/wp-json\/wp\/v2\/users\/2"}],"replies":[{"embeddable":true,"href":"https:\/\/dpress.ma\/fr\/wp-json\/wp\/v2\/comments?post=28344"}],"version-history":[{"count":1,"href":"https:\/\/dpress.ma\/fr\/wp-json\/wp\/v2\/posts\/28344\/revisions"}],"predecessor-version":[{"id":28346,"href":"https:\/\/dpress.ma\/fr\/wp-json\/wp\/v2\/posts\/28344\/revisions\/28346"}],"wp:featuredmedia":[{"embeddable":true,"href":"https:\/\/dpress.ma\/fr\/wp-json\/wp\/v2\/media\/28345"}],"wp:attachment":[{"href":"https:\/\/dpress.ma\/fr\/wp-json\/wp\/v2\/media?parent=28344"}],"wp:term":[{"taxonomy":"category","embeddable":true,"href":"https:\/\/dpress.ma\/fr\/wp-json\/wp\/v2\/categories?post=28344"},{"taxonomy":"post_tag","embeddable":true,"href":"https:\/\/dpress.ma\/fr\/wp-json\/wp\/v2\/tags?post=28344"}],"curies":[{"name":"wp","href":"https:\/\/api.w.org\/{rel}","templated":true}]}}