{"id":28338,"date":"2026-04-13T08:58:07","date_gmt":"2026-04-13T08:58:07","guid":{"rendered":"https:\/\/dpress.ma\/fr\/?p=28338"},"modified":"2026-04-13T08:58:08","modified_gmt":"2026-04-13T08:58:08","slug":"pres-de-3-000-participants-au-2eme-marathon-spirituel-de-fes","status":"publish","type":"post","link":"https:\/\/dpress.ma\/fr\/2026\/04\/13\/pres-de-3-000-participants-au-2eme-marathon-spirituel-de-fes\/","title":{"rendered":"Pr\u00e8s de 3.000 participants au 2\u00e8me Marathon Spirituel de F\u00e8s"},"content":{"rendered":"\n<p>Dpress<\/p>\n\n\n\n<p>Pr\u00e8s de 3.000 coureurs ont particip\u00e9, dimanche, \u00e0 la deuxi\u00e8me \u00e9dition du Marathon Spirituel de F\u00e8s, un \u00e9v\u00e9nement sportif qui m\u00eale d\u00e9fi sportif et dimension culturelle.<\/p>\n\n\n\n<p>Organis\u00e9 par l\u2019Association DILA Athl\u00e9tique de F\u00e8s, sous l\u2019\u00e9gide de la wilaya de la r\u00e9gion F\u00e8s-Mekn\u00e8s, cet \u00e9v\u00e8nement proposait un marathon, un semi-marathon, une \u00e9preuve de 10 kilom\u00e8tres, ainsi que des courses pour enfants.<\/p>\n\n\n\n<p>\u00c0 l\u2019issue de cette comp\u00e9tition, qui r\u00e9unissait des coureurs professionnels et amateurs, le K\u00e9nyan Erickleon Ndiema a remport\u00e9 le marathon en 2h 20min 10 sec, suivi du Marocain Azzedine Faraoun (2H 20min 59 sec). Chez les femmes, la Marocaine Hanane Kallouj s\u2019est impos\u00e9e en 2h 45min.<\/p>\n\n\n\n<p>Au semi-marathon masculin, Hicham Ouasmi a remport\u00e9 la premi\u00e8re place avec un chrono de 1h 4 min 32 sec, suivi de Youssef Moufidi, qui a parcouru la distance en 1h 4min 33sec. Chez les femmes, Fatima Zahra Raki s\u2019est impos\u00e9e en 1h 18min et 23sec, devant Fridi Sakina, (1h 22min 3sec).<\/p>\n\n\n\n<p>S\u2019agissant de la course de 10 km, Anwar Zaghari a d\u00e9croch\u00e9 la victoire chez les hommes et Hadri Oumaima chez les femmes.<\/p>\n\n\n\n<p>Dans une d\u00e9claration \u00e0 la MAP, Abdelrahim Bourmadane, pr\u00e9sident de l\u2019Association organisatrice s\u2019est f\u00e9licit\u00e9 du succ\u00e8s de cet \u00e9v\u00e9nement sportif, qui a connu une grande participation d\u2019athl\u00e8tes venus de diff\u00e9rentes villes marocaines, ajoutant que le marathon a \u00e9t\u00e9 marqu\u00e9 par un engouement des diff\u00e9rentes cat\u00e9gories.<\/p>\n\n\n\n<p>Il a soulign\u00e9 l\u2019importance d\u2019encourager les jeunes de tous \u00e2ges \u00e0 pratiquer le sport, mettant en avant ses nombreux bienfaits pour la sant\u00e9.<\/p>\n\n\n\n<p>De son c\u00f4t\u00e9, le Kenyan Eriklion Ndiyema a exprim\u00e9 sa grande joie de sa performance lors de ce marathon marqu\u00e9e par une forte comp\u00e9tition, louant la qualit\u00e9 du parcours et l\u2019excellente organisation de l\u2019\u00e9v\u00e9nement.<\/p>\n\n\n\n<p>Selon ses organisateurs, le Marathon Spirituel de F\u00e8s se distingue notamment par une approche combinant exigence sportive et dimension patrimoniale, \u00e0 travers un parcours traversant plusieurs art\u00e8res embl\u00e9matiques de la cit\u00e9 Idrisside, offrant aux participants une immersion au c\u0153ur de l\u2019histoire et de l\u2019identit\u00e9 culturelle de la ville.<\/p>\n\n\n\n<p>Cet \u00e9v\u00e9nement vise, selon la m\u00eame source, de promouvoir la participation massive de coureurs de diff\u00e9rents niveaux et cat\u00e9gories d\u2019\u00e2ge, allant des athl\u00e8tes de haut niveau aux amateurs, en passant par les pratiquants occasionnels et les familles.<\/p>\n\n\n\n<p>Cet \u00e9v\u00e8nement ambitionne de s\u2019inscrire comme un rendez-vous annuel du calendrier sportif national, en contribuant \u00e0 la valorisation du patrimoine et \u00e0 l\u2019attractivit\u00e9 de F\u00e8s, qui se pr\u00e9pare \u00e0 accueillir, aux c\u00f4t\u00e9s d\u2019autres villes marocaines, la Coupe du Monde de football 2030<\/p>\n","protected":false},"excerpt":{"rendered":"<p>Dpress Pr\u00e8s de 3.000 coureurs ont particip\u00e9, dimanche, \u00e0 la deuxi\u00e8me \u00e9dition du Marathon Spirituel de F\u00e8s, un \u00e9v\u00e9nement sportif qui m\u00eale d\u00e9fi sportif et dimension culturelle. Organis\u00e9 par l\u2019Association DILA Athl\u00e9tique de F\u00e8s, sous l\u2019\u00e9gide de la wilaya de la r\u00e9gion F\u00e8s-Mekn\u00e8s, cet \u00e9v\u00e8nement proposait un marathon, un semi-marathon, une \u00e9preuve de 10 kilom\u00e8tres, &hellip;<\/p>\n","protected":false},"author":2,"featured_media":28339,"comment_status":"open","ping_status":"open","sticky":false,"template":"","format":"standard","meta":{"footnotes":""},"categories":[27],"tags":[],"class_list":["post-28338","post","type-post","status-publish","format-standard","has-post-thumbnail","hentry","category-sport"],"yoast_head":"<!-- This site is optimized with the Yoast SEO plugin v27.5 - https:\/\/yoast.com\/product\/yoast-seo-wordpress\/ -->\n<title>Pr\u00e8s de 3.000 participants au 2\u00e8me Marathon Spirituel de F\u00e8s - Dpress.ma\/fr<\/title>\n<meta name=\"robots\" content=\"index, follow, max-snippet:-1, max-image-preview:large, max-video-preview:-1\" \/>\n<link rel=\"canonical\" href=\"https:\/\/dpress.ma\/fr\/2026\/04\/13\/pres-de-3-000-participants-au-2eme-marathon-spirituel-de-fes\/\" \/>\n<meta property=\"og:locale\" content=\"fr_FR\" \/>\n<meta property=\"og:type\" content=\"article\" \/>\n<meta property=\"og:title\" content=\"Pr\u00e8s de 3.000 participants au 2\u00e8me Marathon Spirituel de F\u00e8s - Dpress.ma\/fr\" \/>\n<meta property=\"og:description\" content=\"Dpress Pr\u00e8s de 3.000 coureurs ont particip\u00e9, dimanche, \u00e0 la deuxi\u00e8me \u00e9dition du Marathon Spirituel de F\u00e8s, un \u00e9v\u00e9nement sportif qui m\u00eale d\u00e9fi sportif et dimension culturelle. Organis\u00e9 par l\u2019Association DILA Athl\u00e9tique de F\u00e8s, sous l\u2019\u00e9gide de la wilaya de la r\u00e9gion F\u00e8s-Mekn\u00e8s, cet \u00e9v\u00e8nement proposait un marathon, un semi-marathon, une \u00e9preuve de 10 kilom\u00e8tres, &hellip;\" \/>\n<meta property=\"og:url\" content=\"https:\/\/dpress.ma\/fr\/2026\/04\/13\/pres-de-3-000-participants-au-2eme-marathon-spirituel-de-fes\/\" \/>\n<meta property=\"og:site_name\" content=\"Dpress.ma\/fr\" \/>\n<meta property=\"article:published_time\" content=\"2026-04-13T08:58:07+00:00\" \/>\n<meta property=\"article:modified_time\" content=\"2026-04-13T08:58:08+00:00\" \/>\n<meta property=\"og:image\" content=\"https:\/\/dpress.ma\/fr\/wp-content\/uploads\/sites\/2\/2026\/04\/13-3.jpg\" \/>\n\t<meta property=\"og:image:width\" content=\"2539\" \/>\n\t<meta property=\"og:image:height\" content=\"1594\" \/>\n\t<meta property=\"og:image:type\" content=\"image\/jpeg\" \/>\n<meta name=\"author\" content=\"Dpress.ma\" \/>\n<meta name=\"twitter:card\" content=\"summary_large_image\" \/>\n<meta name=\"twitter:label1\" content=\"\u00c9crit par\" \/>\n\t<meta name=\"twitter:data1\" content=\"Dpress.ma\" \/>\n\t<meta name=\"twitter:label2\" content=\"Dur\u00e9e de lecture estim\u00e9e\" \/>\n\t<meta name=\"twitter:data2\" content=\"3 minutes\" \/>\n<script type=\"application\/ld+json\" class=\"yoast-schema-graph\">{\"@context\":\"https:\\\/\\\/schema.org\",\"@graph\":[{\"@type\":\"Article\",\"@id\":\"https:\\\/\\\/dpress.ma\\\/fr\\\/2026\\\/04\\\/13\\\/pres-de-3-000-participants-au-2eme-marathon-spirituel-de-fes\\\/#article\",\"isPartOf\":{\"@id\":\"https:\\\/\\\/dpress.ma\\\/fr\\\/2026\\\/04\\\/13\\\/pres-de-3-000-participants-au-2eme-marathon-spirituel-de-fes\\\/\"},\"author\":{\"name\":\"Dpress.ma\",\"@id\":\"https:\\\/\\\/dpress.ma\\\/fr\\\/#\\\/schema\\\/person\\\/4898febf3ccd59e6578d838656a306a0\"},\"headline\":\"Pr\u00e8s de 3.000 participants au 2\u00e8me Marathon Spirituel de F\u00e8s\",\"datePublished\":\"2026-04-13T08:58:07+00:00\",\"dateModified\":\"2026-04-13T08:58:08+00:00\",\"mainEntityOfPage\":{\"@id\":\"https:\\\/\\\/dpress.ma\\\/fr\\\/2026\\\/04\\\/13\\\/pres-de-3-000-participants-au-2eme-marathon-spirituel-de-fes\\\/\"},\"wordCount\":470,\"commentCount\":0,\"image\":{\"@id\":\"https:\\\/\\\/dpress.ma\\\/fr\\\/2026\\\/04\\\/13\\\/pres-de-3-000-participants-au-2eme-marathon-spirituel-de-fes\\\/#primaryimage\"},\"thumbnailUrl\":\"https:\\\/\\\/dpress.ma\\\/fr\\\/wp-content\\\/uploads\\\/sites\\\/2\\\/2026\\\/04\\\/13-3.jpg\",\"articleSection\":[\"Sport\"],\"inLanguage\":\"fr-FR\",\"potentialAction\":[{\"@type\":\"CommentAction\",\"name\":\"Comment\",\"target\":[\"https:\\\/\\\/dpress.ma\\\/fr\\\/2026\\\/04\\\/13\\\/pres-de-3-000-participants-au-2eme-marathon-spirituel-de-fes\\\/#respond\"]}]},{\"@type\":\"WebPage\",\"@id\":\"https:\\\/\\\/dpress.ma\\\/fr\\\/2026\\\/04\\\/13\\\/pres-de-3-000-participants-au-2eme-marathon-spirituel-de-fes\\\/\",\"url\":\"https:\\\/\\\/dpress.ma\\\/fr\\\/2026\\\/04\\\/13\\\/pres-de-3-000-participants-au-2eme-marathon-spirituel-de-fes\\\/\",\"name\":\"Pr\u00e8s de 3.000 participants au 2\u00e8me Marathon Spirituel de F\u00e8s - Dpress.ma\\\/fr\",\"isPartOf\":{\"@id\":\"https:\\\/\\\/dpress.ma\\\/fr\\\/#website\"},\"primaryImageOfPage\":{\"@id\":\"https:\\\/\\\/dpress.ma\\\/fr\\\/2026\\\/04\\\/13\\\/pres-de-3-000-participants-au-2eme-marathon-spirituel-de-fes\\\/#primaryimage\"},\"image\":{\"@id\":\"https:\\\/\\\/dpress.ma\\\/fr\\\/2026\\\/04\\\/13\\\/pres-de-3-000-participants-au-2eme-marathon-spirituel-de-fes\\\/#primaryimage\"},\"thumbnailUrl\":\"https:\\\/\\\/dpress.ma\\\/fr\\\/wp-content\\\/uploads\\\/sites\\\/2\\\/2026\\\/04\\\/13-3.jpg\",\"datePublished\":\"2026-04-13T08:58:07+00:00\",\"dateModified\":\"2026-04-13T08:58:08+00:00\",\"author\":{\"@id\":\"https:\\\/\\\/dpress.ma\\\/fr\\\/#\\\/schema\\\/person\\\/4898febf3ccd59e6578d838656a306a0\"},\"breadcrumb\":{\"@id\":\"https:\\\/\\\/dpress.ma\\\/fr\\\/2026\\\/04\\\/13\\\/pres-de-3-000-participants-au-2eme-marathon-spirituel-de-fes\\\/#breadcrumb\"},\"inLanguage\":\"fr-FR\",\"potentialAction\":[{\"@type\":\"ReadAction\",\"target\":[\"https:\\\/\\\/dpress.ma\\\/fr\\\/2026\\\/04\\\/13\\\/pres-de-3-000-participants-au-2eme-marathon-spirituel-de-fes\\\/\"]}]},{\"@type\":\"ImageObject\",\"inLanguage\":\"fr-FR\",\"@id\":\"https:\\\/\\\/dpress.ma\\\/fr\\\/2026\\\/04\\\/13\\\/pres-de-3-000-participants-au-2eme-marathon-spirituel-de-fes\\\/#primaryimage\",\"url\":\"https:\\\/\\\/dpress.ma\\\/fr\\\/wp-content\\\/uploads\\\/sites\\\/2\\\/2026\\\/04\\\/13-3.jpg\",\"contentUrl\":\"https:\\\/\\\/dpress.ma\\\/fr\\\/wp-content\\\/uploads\\\/sites\\\/2\\\/2026\\\/04\\\/13-3.jpg\",\"width\":2539,\"height\":1594},{\"@type\":\"BreadcrumbList\",\"@id\":\"https:\\\/\\\/dpress.ma\\\/fr\\\/2026\\\/04\\\/13\\\/pres-de-3-000-participants-au-2eme-marathon-spirituel-de-fes\\\/#breadcrumb\",\"itemListElement\":[{\"@type\":\"ListItem\",\"position\":1,\"name\":\"Home\",\"item\":\"https:\\\/\\\/dpress.ma\\\/fr\\\/\"},{\"@type\":\"ListItem\",\"position\":2,\"name\":\"Pr\u00e8s de 3.000 participants au 2\u00e8me Marathon Spirituel de F\u00e8s\"}]},{\"@type\":\"WebSite\",\"@id\":\"https:\\\/\\\/dpress.ma\\\/fr\\\/#website\",\"url\":\"https:\\\/\\\/dpress.ma\\\/fr\\\/\",\"name\":\"Dpress.ma\\\/fr\",\"description\":\"\",\"potentialAction\":[{\"@type\":\"SearchAction\",\"target\":{\"@type\":\"EntryPoint\",\"urlTemplate\":\"https:\\\/\\\/dpress.ma\\\/fr\\\/?s={search_term_string}\"},\"query-input\":{\"@type\":\"PropertyValueSpecification\",\"valueRequired\":true,\"valueName\":\"search_term_string\"}}],\"inLanguage\":\"fr-FR\"},{\"@type\":\"Person\",\"@id\":\"https:\\\/\\\/dpress.ma\\\/fr\\\/#\\\/schema\\\/person\\\/4898febf3ccd59e6578d838656a306a0\",\"name\":\"Dpress.ma\",\"image\":{\"@type\":\"ImageObject\",\"inLanguage\":\"fr-FR\",\"@id\":\"https:\\\/\\\/secure.gravatar.com\\\/avatar\\\/72ecc30e9db047a2e0e7176561eb9d564ed77c8108376495b19bd8336405198a?s=96&d=mm&r=g\",\"url\":\"https:\\\/\\\/secure.gravatar.com\\\/avatar\\\/72ecc30e9db047a2e0e7176561eb9d564ed77c8108376495b19bd8336405198a?s=96&d=mm&r=g\",\"contentUrl\":\"https:\\\/\\\/secure.gravatar.com\\\/avatar\\\/72ecc30e9db047a2e0e7176561eb9d564ed77c8108376495b19bd8336405198a?s=96&d=mm&r=g\",\"caption\":\"Dpress.ma\"},\"sameAs\":[\"https:\\\/\\\/www.dpress.ma\"],\"url\":\"https:\\\/\\\/dpress.ma\\\/fr\\\/author\\\/dpress-ma\\\/\"}]}<\/script>\n<!-- \/ Yoast SEO plugin. -->","yoast_head_json":{"title":"Pr\u00e8s de 3.000 participants au 2\u00e8me Marathon Spirituel de F\u00e8s - Dpress.ma\/fr","robots":{"index":"index","follow":"follow","max-snippet":"max-snippet:-1","max-image-preview":"max-image-preview:large","max-video-preview":"max-video-preview:-1"},"canonical":"https:\/\/dpress.ma\/fr\/2026\/04\/13\/pres-de-3-000-participants-au-2eme-marathon-spirituel-de-fes\/","og_locale":"fr_FR","og_type":"article","og_title":"Pr\u00e8s de 3.000 participants au 2\u00e8me Marathon Spirituel de F\u00e8s - Dpress.ma\/fr","og_description":"Dpress Pr\u00e8s de 3.000 coureurs ont particip\u00e9, dimanche, \u00e0 la deuxi\u00e8me \u00e9dition du Marathon Spirituel de F\u00e8s, un \u00e9v\u00e9nement sportif qui m\u00eale d\u00e9fi sportif et dimension culturelle. Organis\u00e9 par l\u2019Association DILA Athl\u00e9tique de F\u00e8s, sous l\u2019\u00e9gide de la wilaya de la r\u00e9gion F\u00e8s-Mekn\u00e8s, cet \u00e9v\u00e8nement proposait un marathon, un semi-marathon, une \u00e9preuve de 10 kilom\u00e8tres, &hellip;","og_url":"https:\/\/dpress.ma\/fr\/2026\/04\/13\/pres-de-3-000-participants-au-2eme-marathon-spirituel-de-fes\/","og_site_name":"Dpress.ma\/fr","article_published_time":"2026-04-13T08:58:07+00:00","article_modified_time":"2026-04-13T08:58:08+00:00","og_image":[{"width":2539,"height":1594,"url":"https:\/\/dpress.ma\/fr\/wp-content\/uploads\/sites\/2\/2026\/04\/13-3.jpg","type":"image\/jpeg"}],"author":"Dpress.ma","twitter_card":"summary_large_image","twitter_misc":{"\u00c9crit par":"Dpress.ma","Dur\u00e9e de lecture estim\u00e9e":"3 minutes"},"schema":{"@context":"https:\/\/schema.org","@graph":[{"@type":"Article","@id":"https:\/\/dpress.ma\/fr\/2026\/04\/13\/pres-de-3-000-participants-au-2eme-marathon-spirituel-de-fes\/#article","isPartOf":{"@id":"https:\/\/dpress.ma\/fr\/2026\/04\/13\/pres-de-3-000-participants-au-2eme-marathon-spirituel-de-fes\/"},"author":{"name":"Dpress.ma","@id":"https:\/\/dpress.ma\/fr\/#\/schema\/person\/4898febf3ccd59e6578d838656a306a0"},"headline":"Pr\u00e8s de 3.000 participants au 2\u00e8me Marathon Spirituel de F\u00e8s","datePublished":"2026-04-13T08:58:07+00:00","dateModified":"2026-04-13T08:58:08+00:00","mainEntityOfPage":{"@id":"https:\/\/dpress.ma\/fr\/2026\/04\/13\/pres-de-3-000-participants-au-2eme-marathon-spirituel-de-fes\/"},"wordCount":470,"commentCount":0,"image":{"@id":"https:\/\/dpress.ma\/fr\/2026\/04\/13\/pres-de-3-000-participants-au-2eme-marathon-spirituel-de-fes\/#primaryimage"},"thumbnailUrl":"https:\/\/dpress.ma\/fr\/wp-content\/uploads\/sites\/2\/2026\/04\/13-3.jpg","articleSection":["Sport"],"inLanguage":"fr-FR","potentialAction":[{"@type":"CommentAction","name":"Comment","target":["https:\/\/dpress.ma\/fr\/2026\/04\/13\/pres-de-3-000-participants-au-2eme-marathon-spirituel-de-fes\/#respond"]}]},{"@type":"WebPage","@id":"https:\/\/dpress.ma\/fr\/2026\/04\/13\/pres-de-3-000-participants-au-2eme-marathon-spirituel-de-fes\/","url":"https:\/\/dpress.ma\/fr\/2026\/04\/13\/pres-de-3-000-participants-au-2eme-marathon-spirituel-de-fes\/","name":"Pr\u00e8s de 3.000 participants au 2\u00e8me Marathon Spirituel de F\u00e8s - Dpress.ma\/fr","isPartOf":{"@id":"https:\/\/dpress.ma\/fr\/#website"},"primaryImageOfPage":{"@id":"https:\/\/dpress.ma\/fr\/2026\/04\/13\/pres-de-3-000-participants-au-2eme-marathon-spirituel-de-fes\/#primaryimage"},"image":{"@id":"https:\/\/dpress.ma\/fr\/2026\/04\/13\/pres-de-3-000-participants-au-2eme-marathon-spirituel-de-fes\/#primaryimage"},"thumbnailUrl":"https:\/\/dpress.ma\/fr\/wp-content\/uploads\/sites\/2\/2026\/04\/13-3.jpg","datePublished":"2026-04-13T08:58:07+00:00","dateModified":"2026-04-13T08:58:08+00:00","author":{"@id":"https:\/\/dpress.ma\/fr\/#\/schema\/person\/4898febf3ccd59e6578d838656a306a0"},"breadcrumb":{"@id":"https:\/\/dpress.ma\/fr\/2026\/04\/13\/pres-de-3-000-participants-au-2eme-marathon-spirituel-de-fes\/#breadcrumb"},"inLanguage":"fr-FR","potentialAction":[{"@type":"ReadAction","target":["https:\/\/dpress.ma\/fr\/2026\/04\/13\/pres-de-3-000-participants-au-2eme-marathon-spirituel-de-fes\/"]}]},{"@type":"ImageObject","inLanguage":"fr-FR","@id":"https:\/\/dpress.ma\/fr\/2026\/04\/13\/pres-de-3-000-participants-au-2eme-marathon-spirituel-de-fes\/#primaryimage","url":"https:\/\/dpress.ma\/fr\/wp-content\/uploads\/sites\/2\/2026\/04\/13-3.jpg","contentUrl":"https:\/\/dpress.ma\/fr\/wp-content\/uploads\/sites\/2\/2026\/04\/13-3.jpg","width":2539,"height":1594},{"@type":"BreadcrumbList","@id":"https:\/\/dpress.ma\/fr\/2026\/04\/13\/pres-de-3-000-participants-au-2eme-marathon-spirituel-de-fes\/#breadcrumb","itemListElement":[{"@type":"ListItem","position":1,"name":"Home","item":"https:\/\/dpress.ma\/fr\/"},{"@type":"ListItem","position":2,"name":"Pr\u00e8s de 3.000 participants au 2\u00e8me Marathon Spirituel de F\u00e8s"}]},{"@type":"WebSite","@id":"https:\/\/dpress.ma\/fr\/#website","url":"https:\/\/dpress.ma\/fr\/","name":"Dpress.ma\/fr","description":"","potentialAction":[{"@type":"SearchAction","target":{"@type":"EntryPoint","urlTemplate":"https:\/\/dpress.ma\/fr\/?s={search_term_string}"},"query-input":{"@type":"PropertyValueSpecification","valueRequired":true,"valueName":"search_term_string"}}],"inLanguage":"fr-FR"},{"@type":"Person","@id":"https:\/\/dpress.ma\/fr\/#\/schema\/person\/4898febf3ccd59e6578d838656a306a0","name":"Dpress.ma","image":{"@type":"ImageObject","inLanguage":"fr-FR","@id":"https:\/\/secure.gravatar.com\/avatar\/72ecc30e9db047a2e0e7176561eb9d564ed77c8108376495b19bd8336405198a?s=96&d=mm&r=g","url":"https:\/\/secure.gravatar.com\/avatar\/72ecc30e9db047a2e0e7176561eb9d564ed77c8108376495b19bd8336405198a?s=96&d=mm&r=g","contentUrl":"https:\/\/secure.gravatar.com\/avatar\/72ecc30e9db047a2e0e7176561eb9d564ed77c8108376495b19bd8336405198a?s=96&d=mm&r=g","caption":"Dpress.ma"},"sameAs":["https:\/\/www.dpress.ma"],"url":"https:\/\/dpress.ma\/fr\/author\/dpress-ma\/"}]}},"amp_enabled":true,"_links":{"self":[{"href":"https:\/\/dpress.ma\/fr\/wp-json\/wp\/v2\/posts\/28338","targetHints":{"allow":["GET"]}}],"collection":[{"href":"https:\/\/dpress.ma\/fr\/wp-json\/wp\/v2\/posts"}],"about":[{"href":"https:\/\/dpress.ma\/fr\/wp-json\/wp\/v2\/types\/post"}],"author":[{"embeddable":true,"href":"https:\/\/dpress.ma\/fr\/wp-json\/wp\/v2\/users\/2"}],"replies":[{"embeddable":true,"href":"https:\/\/dpress.ma\/fr\/wp-json\/wp\/v2\/comments?post=28338"}],"version-history":[{"count":1,"href":"https:\/\/dpress.ma\/fr\/wp-json\/wp\/v2\/posts\/28338\/revisions"}],"predecessor-version":[{"id":28340,"href":"https:\/\/dpress.ma\/fr\/wp-json\/wp\/v2\/posts\/28338\/revisions\/28340"}],"wp:featuredmedia":[{"embeddable":true,"href":"https:\/\/dpress.ma\/fr\/wp-json\/wp\/v2\/media\/28339"}],"wp:attachment":[{"href":"https:\/\/dpress.ma\/fr\/wp-json\/wp\/v2\/media?parent=28338"}],"wp:term":[{"taxonomy":"category","embeddable":true,"href":"https:\/\/dpress.ma\/fr\/wp-json\/wp\/v2\/categories?post=28338"},{"taxonomy":"post_tag","embeddable":true,"href":"https:\/\/dpress.ma\/fr\/wp-json\/wp\/v2\/tags?post=28338"}],"curies":[{"name":"wp","href":"https:\/\/api.w.org\/{rel}","templated":true}]}}