{"id":28327,"date":"2026-04-12T18:40:00","date_gmt":"2026-04-12T18:40:00","guid":{"rendered":"https:\/\/dpress.ma\/fr\/?p=28327"},"modified":"2026-04-12T23:02:37","modified_gmt":"2026-04-12T23:02:37","slug":"cloture-de-la-session-printaniere-du-47e-moussem-culturel-international-dassilah","status":"publish","type":"post","link":"https:\/\/dpress.ma\/fr\/2026\/04\/12\/cloture-de-la-session-printaniere-du-47e-moussem-culturel-international-dassilah\/","title":{"rendered":"Cl\u00f4ture de la session printani\u00e8re du 47\u00e8 Moussem culturel international d\u2019Assilah"},"content":{"rendered":"\n<p>Dpress<\/p>\n\n\n\n<p>La session printani\u00e8re de la 47\u1d49 \u00e9dition du Moussem culturel international d\u2019Assilah, consacr\u00e9e aux ateliers d\u2019arts plastiques avec la participation d\u2019artistes marocains et \u00e9trangers, s\u2019est achev\u00e9e samedi.<\/p>\n\n\n\n<p>Au jardin du Palais de la culture, une collection d\u2019\u0153uvres picturales ainsi que des cr\u00e9ations de gravure et de lithographie ont \u00e9t\u00e9 expos\u00e9es. Ces \u0153uvres ont \u00e9t\u00e9 r\u00e9alis\u00e9es par 16 artistes venus du Maroc, de Bahre\u00efn, de Syrie, d\u2019Espagne, d\u2019Italie, de Su\u00e8de et du Royaume-Uni, qui ont pris part \u00e0 une r\u00e9sidence artistique commune de deux semaines, organis\u00e9e par la Fondation du Forum d\u2019Assilah, organisatrice du Moussem.<\/p>\n\n\n\n<p>Le Palais a accueilli des ateliers de gravure, de lithographie (impression sur pierre) et de peinture, lesquels ont constitu\u00e9 un espace d\u2019\u00e9change artistique entre les cr\u00e9ateurs participants, favorisant le partage de techniques et d\u2019exp\u00e9riences et contribuant ainsi au d\u00e9veloppement des arts plastiques au Maroc, conform\u00e9ment \u00e0 la philosophie et aux objectifs du Moussem culturel international d\u2019Assilah.<\/p>\n\n\n\n<p>Dans une d\u00e9claration \u00e0 la MAP, le vice-secr\u00e9taire g\u00e9n\u00e9ral de la Fondation, Taoufik Louzari, a not\u00e9 que la cl\u00f4ture de la session printani\u00e8re vient couronner les activit\u00e9s organis\u00e9es dans le cadre des ateliers d\u2019arts, avec la participation d\u2019artistes marocains et \u00e9trangers, pr\u00e9cisant que les \u0153uvres r\u00e9alis\u00e9es durant cette \u00e9dition seront expos\u00e9es lors de la prochaine \u00e9dition du Moussem.<\/p>\n\n\n\n<p>Il a ajout\u00e9 que le programme de cette session printani\u00e8re comprenait \u00e9galement l\u2019inauguration de l\u2019exposition \u201cArts plastiques des saisons d\u2019Assilah 25\u201d, qui se poursuivra jusqu\u2019au mois de juillet prochain, ainsi que l\u2019atelier \u201cTalents du Moussem\u201d (atelier pour enfants) et un atelier d\u2019expression litt\u00e9raire et d\u2019\u00e9criture pour enfants.<\/p>\n\n\n\n<p>M. Louzari a par ailleurs annonc\u00e9 que les dates et le programme de la session estivale, d\u00e9di\u00e9e aux fresques murales et aux arts cr\u00e9atifs, ainsi que ceux de la session automnale, comprenant des colloques intellectuels, des soir\u00e9es musicales et des ateliers artistiques, seront bient\u00f4t d\u00e9voil\u00e9s.<\/p>\n\n\n\n<p>De son c\u00f4t\u00e9, le peintre et coordinateur des ateliers d\u2019arts, Abdelkader Melehi, a estim\u00e9 que cette session printani\u00e8re a constitu\u00e9 une opportunit\u00e9 propice pour permettre aux artistes participants, issus d\u2019horizons et d\u2019\u00e9coles diverses, d\u2019\u00e9changer leurs id\u00e9es et leurs techniques.<\/p>\n\n\n\n<p>Il a ajout\u00e9 que la cl\u00f4ture de cette session se distingue par une pr\u00e9sentation pr\u00e9liminaire des \u0153uvres et r\u00e9alisations des artistes, en attendant leur exposition officielle au Centre Hassan II des rencontres internationales.<\/p>\n\n\n\n<p>M. Melehi a \u00e9galement soulign\u00e9 que ces \u0153uvres, v\u00e9ritables empreintes laiss\u00e9es par des artistes ayant particip\u00e9 au Moussem, aux techniques et styles vari\u00e9s, resteront un acquis pr\u00e9cieux pour la ville d\u2019Assilah et pour les g\u00e9n\u00e9rations futures passionn\u00e9es d\u2019arts plastiques.<\/p>\n\n\n\n<p>De son c\u00f4t\u00e9, Beatriz Palomero, artiste espagnole, s\u2019est dite heureuse de participer pour la premi\u00e8re fois \u00e0 la r\u00e9sidence artistique dans le cadre des ateliers d\u2019arts du Moussem, indiquant que cette r\u00e9sidence de deux semaines a \u00e9t\u00e9 une exp\u00e9rience enrichissante, propice au partage de techniques et d\u2019inspirations avec des artistes de diff\u00e9rentes nationalit\u00e9s.<\/p>\n\n\n\n<p>Elle a ajout\u00e9 que cette exp\u00e9rience a \u00e9t\u00e9 \u201ctr\u00e8s enrichissante\u201d, car elle permet aux artistes participants d\u2019apprendre les uns des autres, pr\u00e9cisant notamment avoir exp\u00e9riment\u00e9, lors de l\u2019atelier de gravure, une nouvelle technique qu\u2019elle n\u2019avait jamais test\u00e9e auparavant.<\/p>\n\n\n\n<p>Il convient de noter que la Fondation Forum d\u2019Assilah organise son Moussem culturel international depuis plus de quatre d\u00e9cennies, avec la participation de personnalit\u00e9s \u00e9minentes issues des mondes&nbsp; de la politique, des m\u00e9dias et de la cr\u00e9ation, contribuant ainsi de mani\u00e8re significative au rayonnement culturel du Maroc et au renforcement des initiatives en mati\u00e8re de d\u00e9veloppement culturel.<\/p>\n","protected":false},"excerpt":{"rendered":"<p>Dpress La session printani\u00e8re de la 47\u1d49 \u00e9dition du Moussem culturel international d\u2019Assilah, consacr\u00e9e aux ateliers d\u2019arts plastiques avec la participation d\u2019artistes marocains et \u00e9trangers, s\u2019est achev\u00e9e samedi. Au jardin du Palais de la culture, une collection d\u2019\u0153uvres picturales ainsi que des cr\u00e9ations de gravure et de lithographie ont \u00e9t\u00e9 expos\u00e9es. Ces \u0153uvres ont \u00e9t\u00e9 &hellip;<\/p>\n","protected":false},"author":2,"featured_media":14014,"comment_status":"open","ping_status":"open","sticky":false,"template":"","format":"standard","meta":{"footnotes":""},"categories":[31],"tags":[],"class_list":["post-28327","post","type-post","status-publish","format-standard","has-post-thumbnail","hentry","category-art-et-culture"],"yoast_head":"<!-- This site is optimized with the Yoast SEO plugin v27.5 - https:\/\/yoast.com\/product\/yoast-seo-wordpress\/ -->\n<title>Cl\u00f4ture de la session printani\u00e8re du 47\u00e8 Moussem culturel international d\u2019Assilah - Dpress.ma\/fr<\/title>\n<meta name=\"robots\" content=\"index, follow, max-snippet:-1, max-image-preview:large, max-video-preview:-1\" \/>\n<link rel=\"canonical\" href=\"https:\/\/dpress.ma\/fr\/2026\/04\/12\/cloture-de-la-session-printaniere-du-47e-moussem-culturel-international-dassilah\/\" \/>\n<meta property=\"og:locale\" content=\"fr_FR\" \/>\n<meta property=\"og:type\" content=\"article\" \/>\n<meta property=\"og:title\" content=\"Cl\u00f4ture de la session printani\u00e8re du 47\u00e8 Moussem culturel international d\u2019Assilah - Dpress.ma\/fr\" \/>\n<meta property=\"og:description\" content=\"Dpress La session printani\u00e8re de la 47\u1d49 \u00e9dition du Moussem culturel international d\u2019Assilah, consacr\u00e9e aux ateliers d\u2019arts plastiques avec la participation d\u2019artistes marocains et \u00e9trangers, s\u2019est achev\u00e9e samedi. Au jardin du Palais de la culture, une collection d\u2019\u0153uvres picturales ainsi que des cr\u00e9ations de gravure et de lithographie ont \u00e9t\u00e9 expos\u00e9es. Ces \u0153uvres ont \u00e9t\u00e9 &hellip;\" \/>\n<meta property=\"og:url\" content=\"https:\/\/dpress.ma\/fr\/2026\/04\/12\/cloture-de-la-session-printaniere-du-47e-moussem-culturel-international-dassilah\/\" \/>\n<meta property=\"og:site_name\" content=\"Dpress.ma\/fr\" \/>\n<meta property=\"article:published_time\" content=\"2026-04-12T18:40:00+00:00\" \/>\n<meta property=\"article:modified_time\" content=\"2026-04-12T23:02:37+00:00\" \/>\n<meta property=\"og:image\" content=\"https:\/\/dpress.ma\/fr\/wp-content\/uploads\/sites\/2\/2025\/04\/Moussem-dAssilah.png\" \/>\n\t<meta property=\"og:image:width\" content=\"780\" \/>\n\t<meta property=\"og:image:height\" content=\"470\" \/>\n\t<meta property=\"og:image:type\" content=\"image\/png\" \/>\n<meta name=\"author\" content=\"Dpress.ma\" \/>\n<meta name=\"twitter:card\" content=\"summary_large_image\" \/>\n<meta name=\"twitter:label1\" content=\"\u00c9crit par\" \/>\n\t<meta name=\"twitter:data1\" content=\"Dpress.ma\" \/>\n\t<meta name=\"twitter:label2\" content=\"Dur\u00e9e de lecture estim\u00e9e\" \/>\n\t<meta name=\"twitter:data2\" content=\"4 minutes\" \/>\n<script type=\"application\/ld+json\" class=\"yoast-schema-graph\">{\"@context\":\"https:\\\/\\\/schema.org\",\"@graph\":[{\"@type\":\"Article\",\"@id\":\"https:\\\/\\\/dpress.ma\\\/fr\\\/2026\\\/04\\\/12\\\/cloture-de-la-session-printaniere-du-47e-moussem-culturel-international-dassilah\\\/#article\",\"isPartOf\":{\"@id\":\"https:\\\/\\\/dpress.ma\\\/fr\\\/2026\\\/04\\\/12\\\/cloture-de-la-session-printaniere-du-47e-moussem-culturel-international-dassilah\\\/\"},\"author\":{\"name\":\"Dpress.ma\",\"@id\":\"https:\\\/\\\/dpress.ma\\\/fr\\\/#\\\/schema\\\/person\\\/4898febf3ccd59e6578d838656a306a0\"},\"headline\":\"Cl\u00f4ture de la session printani\u00e8re du 47\u00e8 Moussem culturel international d\u2019Assilah\",\"datePublished\":\"2026-04-12T18:40:00+00:00\",\"dateModified\":\"2026-04-12T23:02:37+00:00\",\"mainEntityOfPage\":{\"@id\":\"https:\\\/\\\/dpress.ma\\\/fr\\\/2026\\\/04\\\/12\\\/cloture-de-la-session-printaniere-du-47e-moussem-culturel-international-dassilah\\\/\"},\"wordCount\":670,\"commentCount\":0,\"image\":{\"@id\":\"https:\\\/\\\/dpress.ma\\\/fr\\\/2026\\\/04\\\/12\\\/cloture-de-la-session-printaniere-du-47e-moussem-culturel-international-dassilah\\\/#primaryimage\"},\"thumbnailUrl\":\"https:\\\/\\\/dpress.ma\\\/fr\\\/wp-content\\\/uploads\\\/sites\\\/2\\\/2025\\\/04\\\/Moussem-dAssilah.png\",\"articleSection\":[\"Art et Culture\"],\"inLanguage\":\"fr-FR\",\"potentialAction\":[{\"@type\":\"CommentAction\",\"name\":\"Comment\",\"target\":[\"https:\\\/\\\/dpress.ma\\\/fr\\\/2026\\\/04\\\/12\\\/cloture-de-la-session-printaniere-du-47e-moussem-culturel-international-dassilah\\\/#respond\"]}]},{\"@type\":\"WebPage\",\"@id\":\"https:\\\/\\\/dpress.ma\\\/fr\\\/2026\\\/04\\\/12\\\/cloture-de-la-session-printaniere-du-47e-moussem-culturel-international-dassilah\\\/\",\"url\":\"https:\\\/\\\/dpress.ma\\\/fr\\\/2026\\\/04\\\/12\\\/cloture-de-la-session-printaniere-du-47e-moussem-culturel-international-dassilah\\\/\",\"name\":\"Cl\u00f4ture de la session printani\u00e8re du 47\u00e8 Moussem culturel international d\u2019Assilah - Dpress.ma\\\/fr\",\"isPartOf\":{\"@id\":\"https:\\\/\\\/dpress.ma\\\/fr\\\/#website\"},\"primaryImageOfPage\":{\"@id\":\"https:\\\/\\\/dpress.ma\\\/fr\\\/2026\\\/04\\\/12\\\/cloture-de-la-session-printaniere-du-47e-moussem-culturel-international-dassilah\\\/#primaryimage\"},\"image\":{\"@id\":\"https:\\\/\\\/dpress.ma\\\/fr\\\/2026\\\/04\\\/12\\\/cloture-de-la-session-printaniere-du-47e-moussem-culturel-international-dassilah\\\/#primaryimage\"},\"thumbnailUrl\":\"https:\\\/\\\/dpress.ma\\\/fr\\\/wp-content\\\/uploads\\\/sites\\\/2\\\/2025\\\/04\\\/Moussem-dAssilah.png\",\"datePublished\":\"2026-04-12T18:40:00+00:00\",\"dateModified\":\"2026-04-12T23:02:37+00:00\",\"author\":{\"@id\":\"https:\\\/\\\/dpress.ma\\\/fr\\\/#\\\/schema\\\/person\\\/4898febf3ccd59e6578d838656a306a0\"},\"breadcrumb\":{\"@id\":\"https:\\\/\\\/dpress.ma\\\/fr\\\/2026\\\/04\\\/12\\\/cloture-de-la-session-printaniere-du-47e-moussem-culturel-international-dassilah\\\/#breadcrumb\"},\"inLanguage\":\"fr-FR\",\"potentialAction\":[{\"@type\":\"ReadAction\",\"target\":[\"https:\\\/\\\/dpress.ma\\\/fr\\\/2026\\\/04\\\/12\\\/cloture-de-la-session-printaniere-du-47e-moussem-culturel-international-dassilah\\\/\"]}]},{\"@type\":\"ImageObject\",\"inLanguage\":\"fr-FR\",\"@id\":\"https:\\\/\\\/dpress.ma\\\/fr\\\/2026\\\/04\\\/12\\\/cloture-de-la-session-printaniere-du-47e-moussem-culturel-international-dassilah\\\/#primaryimage\",\"url\":\"https:\\\/\\\/dpress.ma\\\/fr\\\/wp-content\\\/uploads\\\/sites\\\/2\\\/2025\\\/04\\\/Moussem-dAssilah.png\",\"contentUrl\":\"https:\\\/\\\/dpress.ma\\\/fr\\\/wp-content\\\/uploads\\\/sites\\\/2\\\/2025\\\/04\\\/Moussem-dAssilah.png\",\"width\":780,\"height\":470},{\"@type\":\"BreadcrumbList\",\"@id\":\"https:\\\/\\\/dpress.ma\\\/fr\\\/2026\\\/04\\\/12\\\/cloture-de-la-session-printaniere-du-47e-moussem-culturel-international-dassilah\\\/#breadcrumb\",\"itemListElement\":[{\"@type\":\"ListItem\",\"position\":1,\"name\":\"Home\",\"item\":\"https:\\\/\\\/dpress.ma\\\/fr\\\/\"},{\"@type\":\"ListItem\",\"position\":2,\"name\":\"Cl\u00f4ture de la session printani\u00e8re du 47\u00e8 Moussem culturel international d\u2019Assilah\"}]},{\"@type\":\"WebSite\",\"@id\":\"https:\\\/\\\/dpress.ma\\\/fr\\\/#website\",\"url\":\"https:\\\/\\\/dpress.ma\\\/fr\\\/\",\"name\":\"Dpress.ma\\\/fr\",\"description\":\"\",\"potentialAction\":[{\"@type\":\"SearchAction\",\"target\":{\"@type\":\"EntryPoint\",\"urlTemplate\":\"https:\\\/\\\/dpress.ma\\\/fr\\\/?s={search_term_string}\"},\"query-input\":{\"@type\":\"PropertyValueSpecification\",\"valueRequired\":true,\"valueName\":\"search_term_string\"}}],\"inLanguage\":\"fr-FR\"},{\"@type\":\"Person\",\"@id\":\"https:\\\/\\\/dpress.ma\\\/fr\\\/#\\\/schema\\\/person\\\/4898febf3ccd59e6578d838656a306a0\",\"name\":\"Dpress.ma\",\"image\":{\"@type\":\"ImageObject\",\"inLanguage\":\"fr-FR\",\"@id\":\"https:\\\/\\\/secure.gravatar.com\\\/avatar\\\/72ecc30e9db047a2e0e7176561eb9d564ed77c8108376495b19bd8336405198a?s=96&d=mm&r=g\",\"url\":\"https:\\\/\\\/secure.gravatar.com\\\/avatar\\\/72ecc30e9db047a2e0e7176561eb9d564ed77c8108376495b19bd8336405198a?s=96&d=mm&r=g\",\"contentUrl\":\"https:\\\/\\\/secure.gravatar.com\\\/avatar\\\/72ecc30e9db047a2e0e7176561eb9d564ed77c8108376495b19bd8336405198a?s=96&d=mm&r=g\",\"caption\":\"Dpress.ma\"},\"sameAs\":[\"https:\\\/\\\/www.dpress.ma\"],\"url\":\"https:\\\/\\\/dpress.ma\\\/fr\\\/author\\\/dpress-ma\\\/\"}]}<\/script>\n<!-- \/ Yoast SEO plugin. -->","yoast_head_json":{"title":"Cl\u00f4ture de la session printani\u00e8re du 47\u00e8 Moussem culturel international d\u2019Assilah - Dpress.ma\/fr","robots":{"index":"index","follow":"follow","max-snippet":"max-snippet:-1","max-image-preview":"max-image-preview:large","max-video-preview":"max-video-preview:-1"},"canonical":"https:\/\/dpress.ma\/fr\/2026\/04\/12\/cloture-de-la-session-printaniere-du-47e-moussem-culturel-international-dassilah\/","og_locale":"fr_FR","og_type":"article","og_title":"Cl\u00f4ture de la session printani\u00e8re du 47\u00e8 Moussem culturel international d\u2019Assilah - Dpress.ma\/fr","og_description":"Dpress La session printani\u00e8re de la 47\u1d49 \u00e9dition du Moussem culturel international d\u2019Assilah, consacr\u00e9e aux ateliers d\u2019arts plastiques avec la participation d\u2019artistes marocains et \u00e9trangers, s\u2019est achev\u00e9e samedi. Au jardin du Palais de la culture, une collection d\u2019\u0153uvres picturales ainsi que des cr\u00e9ations de gravure et de lithographie ont \u00e9t\u00e9 expos\u00e9es. Ces \u0153uvres ont \u00e9t\u00e9 &hellip;","og_url":"https:\/\/dpress.ma\/fr\/2026\/04\/12\/cloture-de-la-session-printaniere-du-47e-moussem-culturel-international-dassilah\/","og_site_name":"Dpress.ma\/fr","article_published_time":"2026-04-12T18:40:00+00:00","article_modified_time":"2026-04-12T23:02:37+00:00","og_image":[{"width":780,"height":470,"url":"https:\/\/dpress.ma\/fr\/wp-content\/uploads\/sites\/2\/2025\/04\/Moussem-dAssilah.png","type":"image\/png"}],"author":"Dpress.ma","twitter_card":"summary_large_image","twitter_misc":{"\u00c9crit par":"Dpress.ma","Dur\u00e9e de lecture estim\u00e9e":"4 minutes"},"schema":{"@context":"https:\/\/schema.org","@graph":[{"@type":"Article","@id":"https:\/\/dpress.ma\/fr\/2026\/04\/12\/cloture-de-la-session-printaniere-du-47e-moussem-culturel-international-dassilah\/#article","isPartOf":{"@id":"https:\/\/dpress.ma\/fr\/2026\/04\/12\/cloture-de-la-session-printaniere-du-47e-moussem-culturel-international-dassilah\/"},"author":{"name":"Dpress.ma","@id":"https:\/\/dpress.ma\/fr\/#\/schema\/person\/4898febf3ccd59e6578d838656a306a0"},"headline":"Cl\u00f4ture de la session printani\u00e8re du 47\u00e8 Moussem culturel international d\u2019Assilah","datePublished":"2026-04-12T18:40:00+00:00","dateModified":"2026-04-12T23:02:37+00:00","mainEntityOfPage":{"@id":"https:\/\/dpress.ma\/fr\/2026\/04\/12\/cloture-de-la-session-printaniere-du-47e-moussem-culturel-international-dassilah\/"},"wordCount":670,"commentCount":0,"image":{"@id":"https:\/\/dpress.ma\/fr\/2026\/04\/12\/cloture-de-la-session-printaniere-du-47e-moussem-culturel-international-dassilah\/#primaryimage"},"thumbnailUrl":"https:\/\/dpress.ma\/fr\/wp-content\/uploads\/sites\/2\/2025\/04\/Moussem-dAssilah.png","articleSection":["Art et Culture"],"inLanguage":"fr-FR","potentialAction":[{"@type":"CommentAction","name":"Comment","target":["https:\/\/dpress.ma\/fr\/2026\/04\/12\/cloture-de-la-session-printaniere-du-47e-moussem-culturel-international-dassilah\/#respond"]}]},{"@type":"WebPage","@id":"https:\/\/dpress.ma\/fr\/2026\/04\/12\/cloture-de-la-session-printaniere-du-47e-moussem-culturel-international-dassilah\/","url":"https:\/\/dpress.ma\/fr\/2026\/04\/12\/cloture-de-la-session-printaniere-du-47e-moussem-culturel-international-dassilah\/","name":"Cl\u00f4ture de la session printani\u00e8re du 47\u00e8 Moussem culturel international d\u2019Assilah - Dpress.ma\/fr","isPartOf":{"@id":"https:\/\/dpress.ma\/fr\/#website"},"primaryImageOfPage":{"@id":"https:\/\/dpress.ma\/fr\/2026\/04\/12\/cloture-de-la-session-printaniere-du-47e-moussem-culturel-international-dassilah\/#primaryimage"},"image":{"@id":"https:\/\/dpress.ma\/fr\/2026\/04\/12\/cloture-de-la-session-printaniere-du-47e-moussem-culturel-international-dassilah\/#primaryimage"},"thumbnailUrl":"https:\/\/dpress.ma\/fr\/wp-content\/uploads\/sites\/2\/2025\/04\/Moussem-dAssilah.png","datePublished":"2026-04-12T18:40:00+00:00","dateModified":"2026-04-12T23:02:37+00:00","author":{"@id":"https:\/\/dpress.ma\/fr\/#\/schema\/person\/4898febf3ccd59e6578d838656a306a0"},"breadcrumb":{"@id":"https:\/\/dpress.ma\/fr\/2026\/04\/12\/cloture-de-la-session-printaniere-du-47e-moussem-culturel-international-dassilah\/#breadcrumb"},"inLanguage":"fr-FR","potentialAction":[{"@type":"ReadAction","target":["https:\/\/dpress.ma\/fr\/2026\/04\/12\/cloture-de-la-session-printaniere-du-47e-moussem-culturel-international-dassilah\/"]}]},{"@type":"ImageObject","inLanguage":"fr-FR","@id":"https:\/\/dpress.ma\/fr\/2026\/04\/12\/cloture-de-la-session-printaniere-du-47e-moussem-culturel-international-dassilah\/#primaryimage","url":"https:\/\/dpress.ma\/fr\/wp-content\/uploads\/sites\/2\/2025\/04\/Moussem-dAssilah.png","contentUrl":"https:\/\/dpress.ma\/fr\/wp-content\/uploads\/sites\/2\/2025\/04\/Moussem-dAssilah.png","width":780,"height":470},{"@type":"BreadcrumbList","@id":"https:\/\/dpress.ma\/fr\/2026\/04\/12\/cloture-de-la-session-printaniere-du-47e-moussem-culturel-international-dassilah\/#breadcrumb","itemListElement":[{"@type":"ListItem","position":1,"name":"Home","item":"https:\/\/dpress.ma\/fr\/"},{"@type":"ListItem","position":2,"name":"Cl\u00f4ture de la session printani\u00e8re du 47\u00e8 Moussem culturel international d\u2019Assilah"}]},{"@type":"WebSite","@id":"https:\/\/dpress.ma\/fr\/#website","url":"https:\/\/dpress.ma\/fr\/","name":"Dpress.ma\/fr","description":"","potentialAction":[{"@type":"SearchAction","target":{"@type":"EntryPoint","urlTemplate":"https:\/\/dpress.ma\/fr\/?s={search_term_string}"},"query-input":{"@type":"PropertyValueSpecification","valueRequired":true,"valueName":"search_term_string"}}],"inLanguage":"fr-FR"},{"@type":"Person","@id":"https:\/\/dpress.ma\/fr\/#\/schema\/person\/4898febf3ccd59e6578d838656a306a0","name":"Dpress.ma","image":{"@type":"ImageObject","inLanguage":"fr-FR","@id":"https:\/\/secure.gravatar.com\/avatar\/72ecc30e9db047a2e0e7176561eb9d564ed77c8108376495b19bd8336405198a?s=96&d=mm&r=g","url":"https:\/\/secure.gravatar.com\/avatar\/72ecc30e9db047a2e0e7176561eb9d564ed77c8108376495b19bd8336405198a?s=96&d=mm&r=g","contentUrl":"https:\/\/secure.gravatar.com\/avatar\/72ecc30e9db047a2e0e7176561eb9d564ed77c8108376495b19bd8336405198a?s=96&d=mm&r=g","caption":"Dpress.ma"},"sameAs":["https:\/\/www.dpress.ma"],"url":"https:\/\/dpress.ma\/fr\/author\/dpress-ma\/"}]}},"amp_enabled":true,"_links":{"self":[{"href":"https:\/\/dpress.ma\/fr\/wp-json\/wp\/v2\/posts\/28327","targetHints":{"allow":["GET"]}}],"collection":[{"href":"https:\/\/dpress.ma\/fr\/wp-json\/wp\/v2\/posts"}],"about":[{"href":"https:\/\/dpress.ma\/fr\/wp-json\/wp\/v2\/types\/post"}],"author":[{"embeddable":true,"href":"https:\/\/dpress.ma\/fr\/wp-json\/wp\/v2\/users\/2"}],"replies":[{"embeddable":true,"href":"https:\/\/dpress.ma\/fr\/wp-json\/wp\/v2\/comments?post=28327"}],"version-history":[{"count":1,"href":"https:\/\/dpress.ma\/fr\/wp-json\/wp\/v2\/posts\/28327\/revisions"}],"predecessor-version":[{"id":28328,"href":"https:\/\/dpress.ma\/fr\/wp-json\/wp\/v2\/posts\/28327\/revisions\/28328"}],"wp:featuredmedia":[{"embeddable":true,"href":"https:\/\/dpress.ma\/fr\/wp-json\/wp\/v2\/media\/14014"}],"wp:attachment":[{"href":"https:\/\/dpress.ma\/fr\/wp-json\/wp\/v2\/media?parent=28327"}],"wp:term":[{"taxonomy":"category","embeddable":true,"href":"https:\/\/dpress.ma\/fr\/wp-json\/wp\/v2\/categories?post=28327"},{"taxonomy":"post_tag","embeddable":true,"href":"https:\/\/dpress.ma\/fr\/wp-json\/wp\/v2\/tags?post=28327"}],"curies":[{"name":"wp","href":"https:\/\/api.w.org\/{rel}","templated":true}]}}