{"id":2831,"date":"2022-12-09T14:09:01","date_gmt":"2022-12-09T14:09:01","guid":{"rendered":"https:\/\/dpress.ma\/fr\/?p=2831"},"modified":"2022-12-09T14:09:03","modified_gmt":"2022-12-09T14:09:03","slug":"le-conseil-de-gouvernement-adopte-le-projet-de-loi-sur-lamo-pour-les-personnes-inactives-et-capables-de-sacquitter-des-cotisations","status":"publish","type":"post","link":"https:\/\/dpress.ma\/fr\/2022\/12\/09\/le-conseil-de-gouvernement-adopte-le-projet-de-loi-sur-lamo-pour-les-personnes-inactives-et-capables-de-sacquitter-des-cotisations\/","title":{"rendered":"Le Conseil de gouvernement adopte le projet de loi sur l\u2019AMO pour les personnes inactives et capables de s\u2019acquitter des cotisations"},"content":{"rendered":"\n<p>Dpress<\/p>\n\n\n\n<p>\u2013 Le Conseil de gouvernement, r\u00e9uni jeudi, a adopt\u00e9 le projet de loi 60.22 portant r\u00e9gime d\u2019assurance maladie obligatoire (AMO) d\u00e9di\u00e9 aux personnes capables de s\u2019acquitter de leurs cotisations et n\u2019exer\u00e7ant aucune activit\u00e9 r\u00e9mun\u00e9r\u00e9e ou non r\u00e9mun\u00e9r\u00e9e.<\/p>\n\n\n\n<p>Lors d\u2019un point de presse tenu \u00e0 l\u2019issue du Conseil de gouvernement, le ministre d\u00e9l\u00e9gu\u00e9 charg\u00e9 des Relations avec le Parlement, porte-parole du gouvernement, Mustapha Baitas, a indiqu\u00e9 que ce projet de loi, pr\u00e9sent\u00e9 par le ministre de la Sant\u00e9 et de la protection sociale, Khalid A\u00eft Taleb, intervient en application des dispositions de la loi 65.00 portant code de la couverture m\u00e9dicale de base, tel que modifi\u00e9 et compl\u00e9t\u00e9, notamment l\u2019article 4 qui a fait r\u00e9f\u00e9rence \u00e0 une l\u00e9gislation sp\u00e9ciale d\u00e9terminant les r\u00e8gles et les conditions d\u2019\u00e9ligibilit\u00e9 des personnes capables de s\u2019acquitter de leurs cotisations pour b\u00e9n\u00e9ficier du r\u00e9gime de l\u2019AMO.<\/p>\n\n\n\n<p>Le texte fixe les r\u00e8gles r\u00e9gissant l\u2019AMO pour les personnes capables de s\u2019acquitter des cotisations et n\u2019exer\u00e7ant aucune activit\u00e9 r\u00e9mun\u00e9r\u00e9e ou non r\u00e9mun\u00e9r\u00e9e, a-t-il pr\u00e9cis\u00e9, notant qu\u2019aux termes de ce texte juridique, cette cat\u00e9gorie est soumise aux r\u00e8gles g\u00e9n\u00e9rales partag\u00e9es par l\u2019ensemble des r\u00e9gimes de l\u2019AMO pr\u00e9vus par la loi 65.00 en tant que principe g\u00e9n\u00e9ral.<\/p>\n\n\n\n<p>En outre, ce projet de loi d\u00e9termine la cat\u00e9gorie \u00e9ligible pour b\u00e9n\u00e9ficier de ce r\u00e9gime, \u00e0 savoir les personnes dans la capacit\u00e9 \u00e0 s\u2019acquitter des cotisations a \u00e9t\u00e9 prouv\u00e9e, et qui ne sont soumises \u00e0 aucun autre r\u00e9gime de l\u2019AMO, tout en adoptant le syst\u00e8me de ciblage des b\u00e9n\u00e9ficiaires des programmes de soutien social en vigueur, en tant que m\u00e9canisme de d\u00e9termination de la capacit\u00e9 contributive.<\/p>\n\n\n\n<p>De m\u00eame, le projet de loi confie \u00e0 la Caisse nationale de s\u00e9curit\u00e9 sociale (CNSS) la mission de gestion de ce r\u00e9gime, et fixe le d\u00e9but de l\u2019effectivit\u00e9 de l\u2019adh\u00e9sion au premier jour du mois suivant le mois pendant lequel l\u2019assur\u00e9 a \u00e9t\u00e9 enregistr\u00e9.<\/p>\n","protected":false},"excerpt":{"rendered":"<p>Dpress \u2013 Le Conseil de gouvernement, r\u00e9uni jeudi, a adopt\u00e9 le projet de loi 60.22 portant r\u00e9gime d\u2019assurance maladie obligatoire (AMO) d\u00e9di\u00e9 aux personnes capables de s\u2019acquitter de leurs cotisations et n\u2019exer\u00e7ant aucune activit\u00e9 r\u00e9mun\u00e9r\u00e9e ou non r\u00e9mun\u00e9r\u00e9e. Lors d\u2019un point de presse tenu \u00e0 l\u2019issue du Conseil de gouvernement, le ministre d\u00e9l\u00e9gu\u00e9 charg\u00e9 des &hellip;<\/p>\n","protected":false},"author":2,"featured_media":2821,"comment_status":"open","ping_status":"open","sticky":false,"template":"","format":"standard","meta":{"footnotes":""},"categories":[26],"tags":[],"class_list":["post-2831","post","type-post","status-publish","format-standard","has-post-thumbnail","hentry","category-politiques"],"yoast_head":"<!-- This site is optimized with the Yoast SEO plugin v27.5 - https:\/\/yoast.com\/product\/yoast-seo-wordpress\/ -->\n<title>Le Conseil de gouvernement adopte le projet de loi sur l\u2019AMO pour les personnes inactives et capables de s\u2019acquitter des cotisations - Dpress.ma\/fr<\/title>\n<meta name=\"description\" content=\"Le Conseil de gouvernement, r\u00e9uni jeudi, a adopt\u00e9 le projet de loi 60.22 portant r\u00e9gime d\u2019assurance maladie obligatoire (AMO) d\u00e9di\u00e9 aux personnes capables de s\u2019acquitter de leurs cotisations et n\u2019exer\u00e7ant aucune activit\u00e9 r\u00e9mun\u00e9r\u00e9e ou non r\u00e9mun\u00e9r\u00e9e.\" \/>\n<meta name=\"robots\" content=\"index, follow, max-snippet:-1, max-image-preview:large, max-video-preview:-1\" \/>\n<link rel=\"canonical\" href=\"https:\/\/dpress.ma\/fr\/2022\/12\/09\/le-conseil-de-gouvernement-adopte-le-projet-de-loi-sur-lamo-pour-les-personnes-inactives-et-capables-de-sacquitter-des-cotisations\/\" \/>\n<meta property=\"og:locale\" content=\"fr_FR\" \/>\n<meta property=\"og:type\" content=\"article\" \/>\n<meta property=\"og:title\" content=\"Le Conseil de gouvernement adopte le projet de loi sur l\u2019AMO pour les personnes inactives et capables de s\u2019acquitter des cotisations - Dpress.ma\/fr\" \/>\n<meta property=\"og:description\" content=\"Le Conseil de gouvernement, r\u00e9uni jeudi, a adopt\u00e9 le projet de loi 60.22 portant r\u00e9gime d\u2019assurance maladie obligatoire (AMO) d\u00e9di\u00e9 aux personnes capables de s\u2019acquitter de leurs cotisations et n\u2019exer\u00e7ant aucune activit\u00e9 r\u00e9mun\u00e9r\u00e9e ou non r\u00e9mun\u00e9r\u00e9e.\" \/>\n<meta property=\"og:url\" content=\"https:\/\/dpress.ma\/fr\/2022\/12\/09\/le-conseil-de-gouvernement-adopte-le-projet-de-loi-sur-lamo-pour-les-personnes-inactives-et-capables-de-sacquitter-des-cotisations\/\" \/>\n<meta property=\"og:site_name\" content=\"Dpress.ma\/fr\" \/>\n<meta property=\"article:published_time\" content=\"2022-12-09T14:09:01+00:00\" \/>\n<meta property=\"article:modified_time\" content=\"2022-12-09T14:09:03+00:00\" \/>\n<meta property=\"og:image\" content=\"https:\/\/dpress.ma\/fr\/wp-content\/uploads\/sites\/2\/2022\/12\/dimensions2-28.jpg\" \/>\n\t<meta property=\"og:image:width\" content=\"2539\" \/>\n\t<meta property=\"og:image:height\" content=\"1594\" \/>\n\t<meta property=\"og:image:type\" content=\"image\/jpeg\" \/>\n<meta name=\"author\" content=\"Dpress.ma\" \/>\n<meta name=\"twitter:card\" content=\"summary_large_image\" \/>\n<meta name=\"twitter:label1\" content=\"\u00c9crit par\" \/>\n\t<meta name=\"twitter:data1\" content=\"Dpress.ma\" \/>\n\t<meta name=\"twitter:label2\" content=\"Dur\u00e9e de lecture estim\u00e9e\" \/>\n\t<meta name=\"twitter:data2\" content=\"2 minutes\" \/>\n<script type=\"application\/ld+json\" class=\"yoast-schema-graph\">{\"@context\":\"https:\\\/\\\/schema.org\",\"@graph\":[{\"@type\":\"Article\",\"@id\":\"https:\\\/\\\/dpress.ma\\\/fr\\\/2022\\\/12\\\/09\\\/le-conseil-de-gouvernement-adopte-le-projet-de-loi-sur-lamo-pour-les-personnes-inactives-et-capables-de-sacquitter-des-cotisations\\\/#article\",\"isPartOf\":{\"@id\":\"https:\\\/\\\/dpress.ma\\\/fr\\\/2022\\\/12\\\/09\\\/le-conseil-de-gouvernement-adopte-le-projet-de-loi-sur-lamo-pour-les-personnes-inactives-et-capables-de-sacquitter-des-cotisations\\\/\"},\"author\":{\"name\":\"Dpress.ma\",\"@id\":\"https:\\\/\\\/dpress.ma\\\/fr\\\/#\\\/schema\\\/person\\\/4898febf3ccd59e6578d838656a306a0\"},\"headline\":\"Le Conseil de gouvernement adopte le projet de loi sur l\u2019AMO pour les personnes inactives et capables de s\u2019acquitter des cotisations\",\"datePublished\":\"2022-12-09T14:09:01+00:00\",\"dateModified\":\"2022-12-09T14:09:03+00:00\",\"mainEntityOfPage\":{\"@id\":\"https:\\\/\\\/dpress.ma\\\/fr\\\/2022\\\/12\\\/09\\\/le-conseil-de-gouvernement-adopte-le-projet-de-loi-sur-lamo-pour-les-personnes-inactives-et-capables-de-sacquitter-des-cotisations\\\/\"},\"wordCount\":399,\"commentCount\":0,\"image\":{\"@id\":\"https:\\\/\\\/dpress.ma\\\/fr\\\/2022\\\/12\\\/09\\\/le-conseil-de-gouvernement-adopte-le-projet-de-loi-sur-lamo-pour-les-personnes-inactives-et-capables-de-sacquitter-des-cotisations\\\/#primaryimage\"},\"thumbnailUrl\":\"https:\\\/\\\/dpress.ma\\\/fr\\\/wp-content\\\/uploads\\\/sites\\\/2\\\/2022\\\/12\\\/dimensions2-28.jpg\",\"articleSection\":[\"Politiques\"],\"inLanguage\":\"fr-FR\",\"potentialAction\":[{\"@type\":\"CommentAction\",\"name\":\"Comment\",\"target\":[\"https:\\\/\\\/dpress.ma\\\/fr\\\/2022\\\/12\\\/09\\\/le-conseil-de-gouvernement-adopte-le-projet-de-loi-sur-lamo-pour-les-personnes-inactives-et-capables-de-sacquitter-des-cotisations\\\/#respond\"]}]},{\"@type\":\"WebPage\",\"@id\":\"https:\\\/\\\/dpress.ma\\\/fr\\\/2022\\\/12\\\/09\\\/le-conseil-de-gouvernement-adopte-le-projet-de-loi-sur-lamo-pour-les-personnes-inactives-et-capables-de-sacquitter-des-cotisations\\\/\",\"url\":\"https:\\\/\\\/dpress.ma\\\/fr\\\/2022\\\/12\\\/09\\\/le-conseil-de-gouvernement-adopte-le-projet-de-loi-sur-lamo-pour-les-personnes-inactives-et-capables-de-sacquitter-des-cotisations\\\/\",\"name\":\"Le Conseil de gouvernement adopte le projet de loi sur l\u2019AMO pour les personnes inactives et capables de s\u2019acquitter des cotisations - Dpress.ma\\\/fr\",\"isPartOf\":{\"@id\":\"https:\\\/\\\/dpress.ma\\\/fr\\\/#website\"},\"primaryImageOfPage\":{\"@id\":\"https:\\\/\\\/dpress.ma\\\/fr\\\/2022\\\/12\\\/09\\\/le-conseil-de-gouvernement-adopte-le-projet-de-loi-sur-lamo-pour-les-personnes-inactives-et-capables-de-sacquitter-des-cotisations\\\/#primaryimage\"},\"image\":{\"@id\":\"https:\\\/\\\/dpress.ma\\\/fr\\\/2022\\\/12\\\/09\\\/le-conseil-de-gouvernement-adopte-le-projet-de-loi-sur-lamo-pour-les-personnes-inactives-et-capables-de-sacquitter-des-cotisations\\\/#primaryimage\"},\"thumbnailUrl\":\"https:\\\/\\\/dpress.ma\\\/fr\\\/wp-content\\\/uploads\\\/sites\\\/2\\\/2022\\\/12\\\/dimensions2-28.jpg\",\"datePublished\":\"2022-12-09T14:09:01+00:00\",\"dateModified\":\"2022-12-09T14:09:03+00:00\",\"author\":{\"@id\":\"https:\\\/\\\/dpress.ma\\\/fr\\\/#\\\/schema\\\/person\\\/4898febf3ccd59e6578d838656a306a0\"},\"description\":\"Le Conseil de gouvernement, r\u00e9uni jeudi, a adopt\u00e9 le projet de loi 60.22 portant r\u00e9gime d\u2019assurance maladie obligatoire (AMO) d\u00e9di\u00e9 aux personnes capables de s\u2019acquitter de leurs cotisations et n\u2019exer\u00e7ant aucune activit\u00e9 r\u00e9mun\u00e9r\u00e9e ou non r\u00e9mun\u00e9r\u00e9e.\",\"breadcrumb\":{\"@id\":\"https:\\\/\\\/dpress.ma\\\/fr\\\/2022\\\/12\\\/09\\\/le-conseil-de-gouvernement-adopte-le-projet-de-loi-sur-lamo-pour-les-personnes-inactives-et-capables-de-sacquitter-des-cotisations\\\/#breadcrumb\"},\"inLanguage\":\"fr-FR\",\"potentialAction\":[{\"@type\":\"ReadAction\",\"target\":[\"https:\\\/\\\/dpress.ma\\\/fr\\\/2022\\\/12\\\/09\\\/le-conseil-de-gouvernement-adopte-le-projet-de-loi-sur-lamo-pour-les-personnes-inactives-et-capables-de-sacquitter-des-cotisations\\\/\"]}]},{\"@type\":\"ImageObject\",\"inLanguage\":\"fr-FR\",\"@id\":\"https:\\\/\\\/dpress.ma\\\/fr\\\/2022\\\/12\\\/09\\\/le-conseil-de-gouvernement-adopte-le-projet-de-loi-sur-lamo-pour-les-personnes-inactives-et-capables-de-sacquitter-des-cotisations\\\/#primaryimage\",\"url\":\"https:\\\/\\\/dpress.ma\\\/fr\\\/wp-content\\\/uploads\\\/sites\\\/2\\\/2022\\\/12\\\/dimensions2-28.jpg\",\"contentUrl\":\"https:\\\/\\\/dpress.ma\\\/fr\\\/wp-content\\\/uploads\\\/sites\\\/2\\\/2022\\\/12\\\/dimensions2-28.jpg\",\"width\":2539,\"height\":1594},{\"@type\":\"BreadcrumbList\",\"@id\":\"https:\\\/\\\/dpress.ma\\\/fr\\\/2022\\\/12\\\/09\\\/le-conseil-de-gouvernement-adopte-le-projet-de-loi-sur-lamo-pour-les-personnes-inactives-et-capables-de-sacquitter-des-cotisations\\\/#breadcrumb\",\"itemListElement\":[{\"@type\":\"ListItem\",\"position\":1,\"name\":\"Home\",\"item\":\"https:\\\/\\\/dpress.ma\\\/fr\\\/\"},{\"@type\":\"ListItem\",\"position\":2,\"name\":\"Le Conseil de gouvernement adopte le projet de loi sur l\u2019AMO pour les personnes inactives et capables de s\u2019acquitter des cotisations\"}]},{\"@type\":\"WebSite\",\"@id\":\"https:\\\/\\\/dpress.ma\\\/fr\\\/#website\",\"url\":\"https:\\\/\\\/dpress.ma\\\/fr\\\/\",\"name\":\"Dpress.ma\\\/fr\",\"description\":\"\",\"potentialAction\":[{\"@type\":\"SearchAction\",\"target\":{\"@type\":\"EntryPoint\",\"urlTemplate\":\"https:\\\/\\\/dpress.ma\\\/fr\\\/?s={search_term_string}\"},\"query-input\":{\"@type\":\"PropertyValueSpecification\",\"valueRequired\":true,\"valueName\":\"search_term_string\"}}],\"inLanguage\":\"fr-FR\"},{\"@type\":\"Person\",\"@id\":\"https:\\\/\\\/dpress.ma\\\/fr\\\/#\\\/schema\\\/person\\\/4898febf3ccd59e6578d838656a306a0\",\"name\":\"Dpress.ma\",\"image\":{\"@type\":\"ImageObject\",\"inLanguage\":\"fr-FR\",\"@id\":\"https:\\\/\\\/secure.gravatar.com\\\/avatar\\\/72ecc30e9db047a2e0e7176561eb9d564ed77c8108376495b19bd8336405198a?s=96&d=mm&r=g\",\"url\":\"https:\\\/\\\/secure.gravatar.com\\\/avatar\\\/72ecc30e9db047a2e0e7176561eb9d564ed77c8108376495b19bd8336405198a?s=96&d=mm&r=g\",\"contentUrl\":\"https:\\\/\\\/secure.gravatar.com\\\/avatar\\\/72ecc30e9db047a2e0e7176561eb9d564ed77c8108376495b19bd8336405198a?s=96&d=mm&r=g\",\"caption\":\"Dpress.ma\"},\"sameAs\":[\"https:\\\/\\\/www.dpress.ma\"],\"url\":\"https:\\\/\\\/dpress.ma\\\/fr\\\/author\\\/dpress-ma\\\/\"}]}<\/script>\n<!-- \/ Yoast SEO plugin. -->","yoast_head_json":{"title":"Le Conseil de gouvernement adopte le projet de loi sur l\u2019AMO pour les personnes inactives et capables de s\u2019acquitter des cotisations - Dpress.ma\/fr","description":"Le Conseil de gouvernement, r\u00e9uni jeudi, a adopt\u00e9 le projet de loi 60.22 portant r\u00e9gime d\u2019assurance maladie obligatoire (AMO) d\u00e9di\u00e9 aux personnes capables de s\u2019acquitter de leurs cotisations et n\u2019exer\u00e7ant aucune activit\u00e9 r\u00e9mun\u00e9r\u00e9e ou non r\u00e9mun\u00e9r\u00e9e.","robots":{"index":"index","follow":"follow","max-snippet":"max-snippet:-1","max-image-preview":"max-image-preview:large","max-video-preview":"max-video-preview:-1"},"canonical":"https:\/\/dpress.ma\/fr\/2022\/12\/09\/le-conseil-de-gouvernement-adopte-le-projet-de-loi-sur-lamo-pour-les-personnes-inactives-et-capables-de-sacquitter-des-cotisations\/","og_locale":"fr_FR","og_type":"article","og_title":"Le Conseil de gouvernement adopte le projet de loi sur l\u2019AMO pour les personnes inactives et capables de s\u2019acquitter des cotisations - Dpress.ma\/fr","og_description":"Le Conseil de gouvernement, r\u00e9uni jeudi, a adopt\u00e9 le projet de loi 60.22 portant r\u00e9gime d\u2019assurance maladie obligatoire (AMO) d\u00e9di\u00e9 aux personnes capables de s\u2019acquitter de leurs cotisations et n\u2019exer\u00e7ant aucune activit\u00e9 r\u00e9mun\u00e9r\u00e9e ou non r\u00e9mun\u00e9r\u00e9e.","og_url":"https:\/\/dpress.ma\/fr\/2022\/12\/09\/le-conseil-de-gouvernement-adopte-le-projet-de-loi-sur-lamo-pour-les-personnes-inactives-et-capables-de-sacquitter-des-cotisations\/","og_site_name":"Dpress.ma\/fr","article_published_time":"2022-12-09T14:09:01+00:00","article_modified_time":"2022-12-09T14:09:03+00:00","og_image":[{"width":2539,"height":1594,"url":"https:\/\/dpress.ma\/fr\/wp-content\/uploads\/sites\/2\/2022\/12\/dimensions2-28.jpg","type":"image\/jpeg"}],"author":"Dpress.ma","twitter_card":"summary_large_image","twitter_misc":{"\u00c9crit par":"Dpress.ma","Dur\u00e9e de lecture estim\u00e9e":"2 minutes"},"schema":{"@context":"https:\/\/schema.org","@graph":[{"@type":"Article","@id":"https:\/\/dpress.ma\/fr\/2022\/12\/09\/le-conseil-de-gouvernement-adopte-le-projet-de-loi-sur-lamo-pour-les-personnes-inactives-et-capables-de-sacquitter-des-cotisations\/#article","isPartOf":{"@id":"https:\/\/dpress.ma\/fr\/2022\/12\/09\/le-conseil-de-gouvernement-adopte-le-projet-de-loi-sur-lamo-pour-les-personnes-inactives-et-capables-de-sacquitter-des-cotisations\/"},"author":{"name":"Dpress.ma","@id":"https:\/\/dpress.ma\/fr\/#\/schema\/person\/4898febf3ccd59e6578d838656a306a0"},"headline":"Le Conseil de gouvernement adopte le projet de loi sur l\u2019AMO pour les personnes inactives et capables de s\u2019acquitter des cotisations","datePublished":"2022-12-09T14:09:01+00:00","dateModified":"2022-12-09T14:09:03+00:00","mainEntityOfPage":{"@id":"https:\/\/dpress.ma\/fr\/2022\/12\/09\/le-conseil-de-gouvernement-adopte-le-projet-de-loi-sur-lamo-pour-les-personnes-inactives-et-capables-de-sacquitter-des-cotisations\/"},"wordCount":399,"commentCount":0,"image":{"@id":"https:\/\/dpress.ma\/fr\/2022\/12\/09\/le-conseil-de-gouvernement-adopte-le-projet-de-loi-sur-lamo-pour-les-personnes-inactives-et-capables-de-sacquitter-des-cotisations\/#primaryimage"},"thumbnailUrl":"https:\/\/dpress.ma\/fr\/wp-content\/uploads\/sites\/2\/2022\/12\/dimensions2-28.jpg","articleSection":["Politiques"],"inLanguage":"fr-FR","potentialAction":[{"@type":"CommentAction","name":"Comment","target":["https:\/\/dpress.ma\/fr\/2022\/12\/09\/le-conseil-de-gouvernement-adopte-le-projet-de-loi-sur-lamo-pour-les-personnes-inactives-et-capables-de-sacquitter-des-cotisations\/#respond"]}]},{"@type":"WebPage","@id":"https:\/\/dpress.ma\/fr\/2022\/12\/09\/le-conseil-de-gouvernement-adopte-le-projet-de-loi-sur-lamo-pour-les-personnes-inactives-et-capables-de-sacquitter-des-cotisations\/","url":"https:\/\/dpress.ma\/fr\/2022\/12\/09\/le-conseil-de-gouvernement-adopte-le-projet-de-loi-sur-lamo-pour-les-personnes-inactives-et-capables-de-sacquitter-des-cotisations\/","name":"Le Conseil de gouvernement adopte le projet de loi sur l\u2019AMO pour les personnes inactives et capables de s\u2019acquitter des cotisations - Dpress.ma\/fr","isPartOf":{"@id":"https:\/\/dpress.ma\/fr\/#website"},"primaryImageOfPage":{"@id":"https:\/\/dpress.ma\/fr\/2022\/12\/09\/le-conseil-de-gouvernement-adopte-le-projet-de-loi-sur-lamo-pour-les-personnes-inactives-et-capables-de-sacquitter-des-cotisations\/#primaryimage"},"image":{"@id":"https:\/\/dpress.ma\/fr\/2022\/12\/09\/le-conseil-de-gouvernement-adopte-le-projet-de-loi-sur-lamo-pour-les-personnes-inactives-et-capables-de-sacquitter-des-cotisations\/#primaryimage"},"thumbnailUrl":"https:\/\/dpress.ma\/fr\/wp-content\/uploads\/sites\/2\/2022\/12\/dimensions2-28.jpg","datePublished":"2022-12-09T14:09:01+00:00","dateModified":"2022-12-09T14:09:03+00:00","author":{"@id":"https:\/\/dpress.ma\/fr\/#\/schema\/person\/4898febf3ccd59e6578d838656a306a0"},"description":"Le Conseil de gouvernement, r\u00e9uni jeudi, a adopt\u00e9 le projet de loi 60.22 portant r\u00e9gime d\u2019assurance maladie obligatoire (AMO) d\u00e9di\u00e9 aux personnes capables de s\u2019acquitter de leurs cotisations et n\u2019exer\u00e7ant aucune activit\u00e9 r\u00e9mun\u00e9r\u00e9e ou non r\u00e9mun\u00e9r\u00e9e.","breadcrumb":{"@id":"https:\/\/dpress.ma\/fr\/2022\/12\/09\/le-conseil-de-gouvernement-adopte-le-projet-de-loi-sur-lamo-pour-les-personnes-inactives-et-capables-de-sacquitter-des-cotisations\/#breadcrumb"},"inLanguage":"fr-FR","potentialAction":[{"@type":"ReadAction","target":["https:\/\/dpress.ma\/fr\/2022\/12\/09\/le-conseil-de-gouvernement-adopte-le-projet-de-loi-sur-lamo-pour-les-personnes-inactives-et-capables-de-sacquitter-des-cotisations\/"]}]},{"@type":"ImageObject","inLanguage":"fr-FR","@id":"https:\/\/dpress.ma\/fr\/2022\/12\/09\/le-conseil-de-gouvernement-adopte-le-projet-de-loi-sur-lamo-pour-les-personnes-inactives-et-capables-de-sacquitter-des-cotisations\/#primaryimage","url":"https:\/\/dpress.ma\/fr\/wp-content\/uploads\/sites\/2\/2022\/12\/dimensions2-28.jpg","contentUrl":"https:\/\/dpress.ma\/fr\/wp-content\/uploads\/sites\/2\/2022\/12\/dimensions2-28.jpg","width":2539,"height":1594},{"@type":"BreadcrumbList","@id":"https:\/\/dpress.ma\/fr\/2022\/12\/09\/le-conseil-de-gouvernement-adopte-le-projet-de-loi-sur-lamo-pour-les-personnes-inactives-et-capables-de-sacquitter-des-cotisations\/#breadcrumb","itemListElement":[{"@type":"ListItem","position":1,"name":"Home","item":"https:\/\/dpress.ma\/fr\/"},{"@type":"ListItem","position":2,"name":"Le Conseil de gouvernement adopte le projet de loi sur l\u2019AMO pour les personnes inactives et capables de s\u2019acquitter des cotisations"}]},{"@type":"WebSite","@id":"https:\/\/dpress.ma\/fr\/#website","url":"https:\/\/dpress.ma\/fr\/","name":"Dpress.ma\/fr","description":"","potentialAction":[{"@type":"SearchAction","target":{"@type":"EntryPoint","urlTemplate":"https:\/\/dpress.ma\/fr\/?s={search_term_string}"},"query-input":{"@type":"PropertyValueSpecification","valueRequired":true,"valueName":"search_term_string"}}],"inLanguage":"fr-FR"},{"@type":"Person","@id":"https:\/\/dpress.ma\/fr\/#\/schema\/person\/4898febf3ccd59e6578d838656a306a0","name":"Dpress.ma","image":{"@type":"ImageObject","inLanguage":"fr-FR","@id":"https:\/\/secure.gravatar.com\/avatar\/72ecc30e9db047a2e0e7176561eb9d564ed77c8108376495b19bd8336405198a?s=96&d=mm&r=g","url":"https:\/\/secure.gravatar.com\/avatar\/72ecc30e9db047a2e0e7176561eb9d564ed77c8108376495b19bd8336405198a?s=96&d=mm&r=g","contentUrl":"https:\/\/secure.gravatar.com\/avatar\/72ecc30e9db047a2e0e7176561eb9d564ed77c8108376495b19bd8336405198a?s=96&d=mm&r=g","caption":"Dpress.ma"},"sameAs":["https:\/\/www.dpress.ma"],"url":"https:\/\/dpress.ma\/fr\/author\/dpress-ma\/"}]}},"amp_enabled":true,"_links":{"self":[{"href":"https:\/\/dpress.ma\/fr\/wp-json\/wp\/v2\/posts\/2831","targetHints":{"allow":["GET"]}}],"collection":[{"href":"https:\/\/dpress.ma\/fr\/wp-json\/wp\/v2\/posts"}],"about":[{"href":"https:\/\/dpress.ma\/fr\/wp-json\/wp\/v2\/types\/post"}],"author":[{"embeddable":true,"href":"https:\/\/dpress.ma\/fr\/wp-json\/wp\/v2\/users\/2"}],"replies":[{"embeddable":true,"href":"https:\/\/dpress.ma\/fr\/wp-json\/wp\/v2\/comments?post=2831"}],"version-history":[{"count":1,"href":"https:\/\/dpress.ma\/fr\/wp-json\/wp\/v2\/posts\/2831\/revisions"}],"predecessor-version":[{"id":2832,"href":"https:\/\/dpress.ma\/fr\/wp-json\/wp\/v2\/posts\/2831\/revisions\/2832"}],"wp:featuredmedia":[{"embeddable":true,"href":"https:\/\/dpress.ma\/fr\/wp-json\/wp\/v2\/media\/2821"}],"wp:attachment":[{"href":"https:\/\/dpress.ma\/fr\/wp-json\/wp\/v2\/media?parent=2831"}],"wp:term":[{"taxonomy":"category","embeddable":true,"href":"https:\/\/dpress.ma\/fr\/wp-json\/wp\/v2\/categories?post=2831"},{"taxonomy":"post_tag","embeddable":true,"href":"https:\/\/dpress.ma\/fr\/wp-json\/wp\/v2\/tags?post=2831"}],"curies":[{"name":"wp","href":"https:\/\/api.w.org\/{rel}","templated":true}]}}