{"id":28309,"date":"2026-04-12T12:15:00","date_gmt":"2026-04-12T12:15:00","guid":{"rendered":"https:\/\/dpress.ma\/fr\/?p=28309"},"modified":"2026-04-12T13:18:16","modified_gmt":"2026-04-12T13:18:16","slug":"mdiq-pres-de-700-eleves-participent-a-la-7e-edition-de-la-course-de-la-paix","status":"publish","type":"post","link":"https:\/\/dpress.ma\/fr\/2026\/04\/12\/mdiq-pres-de-700-eleves-participent-a-la-7e-edition-de-la-course-de-la-paix\/","title":{"rendered":"M\u2019diq : Pr\u00e8s de 700 \u00e9l\u00e8ves participent \u00e0 la 7\u00e8 \u00e9dition de la Course de la paix"},"content":{"rendered":"\n<p>Dpress<\/p>\n\n\n\n<p>La 7\u00e8 \u00e9dition de la Course de la paix s\u2019est d\u00e9roul\u00e9e samedi \u00e0 M\u2019diq, \u00e0 l\u2019initiative de l\u2019association \u201cImad\u201d pour la jeunesse et la paix, en partenariat avec la Direction provinciale de l\u2019\u00c9ducation nationale, du Pr\u00e9scolaire et des Sports.<\/p>\n\n\n\n<p>Cette manifestation sportive, plac\u00e9e sous le th\u00e8me \u201c\u00c9levons nos enfants dans l\u2019amour et la paix\u201d a connu la participation d\u2019environ 680 \u00e9l\u00e8ves, filles et gar\u00e7ons, issus de diff\u00e9rents \u00e9tablissements scolaires relevant des cycles secondaire coll\u00e9gial et qualifiant au niveau de la pr\u00e9fecture de M\u2019diq-Fnideq.<\/p>\n\n\n\n<p>La course, d\u2019une distance de 5.000 m\u00e8tres, s\u2019est d\u00e9roul\u00e9e dans les principales art\u00e8res de la ville de M\u2019diq. Le parcours, soigneusement con\u00e7u, a permis d\u2019allier s\u00e9curit\u00e9, visibilit\u00e9 et accessibilit\u00e9, tout en offrant aux participants l\u2019opportunit\u00e9 de d\u00e9couvrir plusieurs sites embl\u00e9matiques de la ville.<\/p>\n\n\n\n<p>Afin d\u2019assurer le bon d\u00e9roulement de cet \u00e9v\u00e9nement, un dispositif organisationnel int\u00e9gr\u00e9 a \u00e9t\u00e9 mis en place, comprenant notamment la s\u00e9curisation et le balisage du parcours, ainsi que la d\u00e9viation de la circulation, avec la mobilisation des services de la police routi\u00e8re pour garantir la s\u00e9curit\u00e9 des participants et des citoyens.<\/p>\n\n\n\n<p>Dans une d\u00e9claration \u00e0 cette occasion, la pr\u00e9sidente de l\u2019Association organisatrice, Latifa Ibn Ziaten, a indiqu\u00e9 que cette manifestation vise \u00e0 ancrer les valeurs de paix dans le c\u0153ur des jeunes g\u00e9n\u00e9rations et \u00e0 promouvoir une culture de tol\u00e9rance et de vivre-ensemble dans un contexte international marqu\u00e9 par un besoin accru de paix.<\/p>\n\n\n\n<p>De son c\u00f4t\u00e9, le directeur provincial de l\u2019\u00c9ducation nationale, du Pr\u00e9scolaire et des Sports de M\u2019diq-Fnideq, Hicham El Hammam, a relev\u00e9 que cette course constitue un espace d\u2019expression pour les \u00e9l\u00e8ves, mettant en avant leur adh\u00e9sion aux valeurs de paix, de s\u00e9curit\u00e9 et de citoyennet\u00e9 responsable.<\/p>\n\n\n\n<p>La Course de la Paix est un \u00e9v\u00e9nement citoyen et \u00e9ducatif \u00e0 port\u00e9e nationale et internationale, port\u00e9 par Mme Ibn Ziaten, en m\u00e9moire de son fils Imad, d\u00e9c\u00e9d\u00e9 lors des attentats du 11 mars 2012 \u00e0 Toulouse.<\/p>\n\n\n\n<p>Au-del\u00e0 de sa dimension sportive, la Course de la Paix constitue un outil de sensibilisation et de coh\u00e9sion sociale, fond\u00e9 sur les valeurs universelles de paix, de respect, de solidarit\u00e9 et de vivre-ensemble.<\/p>\n","protected":false},"excerpt":{"rendered":"<p>Dpress La 7\u00e8 \u00e9dition de la Course de la paix s\u2019est d\u00e9roul\u00e9e samedi \u00e0 M\u2019diq, \u00e0 l\u2019initiative de l\u2019association \u201cImad\u201d pour la jeunesse et la paix, en partenariat avec la Direction provinciale de l\u2019\u00c9ducation nationale, du Pr\u00e9scolaire et des Sports. Cette manifestation sportive, plac\u00e9e sous le th\u00e8me \u201c\u00c9levons nos enfants dans l\u2019amour et la paix\u201d &hellip;<\/p>\n","protected":false},"author":2,"featured_media":28310,"comment_status":"open","ping_status":"open","sticky":false,"template":"","format":"standard","meta":{"footnotes":""},"categories":[27],"tags":[],"class_list":["post-28309","post","type-post","status-publish","format-standard","has-post-thumbnail","hentry","category-sport"],"yoast_head":"<!-- This site is optimized with the Yoast SEO plugin v27.5 - https:\/\/yoast.com\/product\/yoast-seo-wordpress\/ -->\n<title>M\u2019diq : Pr\u00e8s de 700 \u00e9l\u00e8ves participent \u00e0 la 7\u00e8 \u00e9dition de la Course de la paix - Dpress.ma\/fr<\/title>\n<meta name=\"robots\" content=\"index, follow, max-snippet:-1, max-image-preview:large, max-video-preview:-1\" \/>\n<link rel=\"canonical\" href=\"https:\/\/dpress.ma\/fr\/2026\/04\/12\/mdiq-pres-de-700-eleves-participent-a-la-7e-edition-de-la-course-de-la-paix\/\" \/>\n<meta property=\"og:locale\" content=\"fr_FR\" \/>\n<meta property=\"og:type\" content=\"article\" \/>\n<meta property=\"og:title\" content=\"M\u2019diq : Pr\u00e8s de 700 \u00e9l\u00e8ves participent \u00e0 la 7\u00e8 \u00e9dition de la Course de la paix - Dpress.ma\/fr\" \/>\n<meta property=\"og:description\" content=\"Dpress La 7\u00e8 \u00e9dition de la Course de la paix s\u2019est d\u00e9roul\u00e9e samedi \u00e0 M\u2019diq, \u00e0 l\u2019initiative de l\u2019association \u201cImad\u201d pour la jeunesse et la paix, en partenariat avec la Direction provinciale de l\u2019\u00c9ducation nationale, du Pr\u00e9scolaire et des Sports. Cette manifestation sportive, plac\u00e9e sous le th\u00e8me \u201c\u00c9levons nos enfants dans l\u2019amour et la paix\u201d &hellip;\" \/>\n<meta property=\"og:url\" content=\"https:\/\/dpress.ma\/fr\/2026\/04\/12\/mdiq-pres-de-700-eleves-participent-a-la-7e-edition-de-la-course-de-la-paix\/\" \/>\n<meta property=\"og:site_name\" content=\"Dpress.ma\/fr\" \/>\n<meta property=\"article:published_time\" content=\"2026-04-12T12:15:00+00:00\" \/>\n<meta property=\"article:modified_time\" content=\"2026-04-12T13:18:16+00:00\" \/>\n<meta property=\"og:image\" content=\"https:\/\/dpress.ma\/fr\/wp-content\/uploads\/sites\/2\/2026\/04\/la-7e-edition-de-la-Course-de-la-paix.png\" \/>\n\t<meta property=\"og:image:width\" content=\"780\" \/>\n\t<meta property=\"og:image:height\" content=\"470\" \/>\n\t<meta property=\"og:image:type\" content=\"image\/png\" \/>\n<meta name=\"author\" content=\"Dpress.ma\" \/>\n<meta name=\"twitter:card\" content=\"summary_large_image\" \/>\n<meta name=\"twitter:label1\" content=\"\u00c9crit par\" \/>\n\t<meta name=\"twitter:data1\" content=\"Dpress.ma\" \/>\n\t<meta name=\"twitter:label2\" content=\"Dur\u00e9e de lecture estim\u00e9e\" \/>\n\t<meta name=\"twitter:data2\" content=\"2 minutes\" \/>\n<script type=\"application\/ld+json\" class=\"yoast-schema-graph\">{\"@context\":\"https:\\\/\\\/schema.org\",\"@graph\":[{\"@type\":\"Article\",\"@id\":\"https:\\\/\\\/dpress.ma\\\/fr\\\/2026\\\/04\\\/12\\\/mdiq-pres-de-700-eleves-participent-a-la-7e-edition-de-la-course-de-la-paix\\\/#article\",\"isPartOf\":{\"@id\":\"https:\\\/\\\/dpress.ma\\\/fr\\\/2026\\\/04\\\/12\\\/mdiq-pres-de-700-eleves-participent-a-la-7e-edition-de-la-course-de-la-paix\\\/\"},\"author\":{\"name\":\"Dpress.ma\",\"@id\":\"https:\\\/\\\/dpress.ma\\\/fr\\\/#\\\/schema\\\/person\\\/4898febf3ccd59e6578d838656a306a0\"},\"headline\":\"M\u2019diq : Pr\u00e8s de 700 \u00e9l\u00e8ves participent \u00e0 la 7\u00e8 \u00e9dition de la Course de la paix\",\"datePublished\":\"2026-04-12T12:15:00+00:00\",\"dateModified\":\"2026-04-12T13:18:16+00:00\",\"mainEntityOfPage\":{\"@id\":\"https:\\\/\\\/dpress.ma\\\/fr\\\/2026\\\/04\\\/12\\\/mdiq-pres-de-700-eleves-participent-a-la-7e-edition-de-la-course-de-la-paix\\\/\"},\"wordCount\":411,\"commentCount\":0,\"image\":{\"@id\":\"https:\\\/\\\/dpress.ma\\\/fr\\\/2026\\\/04\\\/12\\\/mdiq-pres-de-700-eleves-participent-a-la-7e-edition-de-la-course-de-la-paix\\\/#primaryimage\"},\"thumbnailUrl\":\"https:\\\/\\\/dpress.ma\\\/fr\\\/wp-content\\\/uploads\\\/sites\\\/2\\\/2026\\\/04\\\/la-7e-edition-de-la-Course-de-la-paix.png\",\"articleSection\":[\"Sport\"],\"inLanguage\":\"fr-FR\",\"potentialAction\":[{\"@type\":\"CommentAction\",\"name\":\"Comment\",\"target\":[\"https:\\\/\\\/dpress.ma\\\/fr\\\/2026\\\/04\\\/12\\\/mdiq-pres-de-700-eleves-participent-a-la-7e-edition-de-la-course-de-la-paix\\\/#respond\"]}]},{\"@type\":\"WebPage\",\"@id\":\"https:\\\/\\\/dpress.ma\\\/fr\\\/2026\\\/04\\\/12\\\/mdiq-pres-de-700-eleves-participent-a-la-7e-edition-de-la-course-de-la-paix\\\/\",\"url\":\"https:\\\/\\\/dpress.ma\\\/fr\\\/2026\\\/04\\\/12\\\/mdiq-pres-de-700-eleves-participent-a-la-7e-edition-de-la-course-de-la-paix\\\/\",\"name\":\"M\u2019diq : Pr\u00e8s de 700 \u00e9l\u00e8ves participent \u00e0 la 7\u00e8 \u00e9dition de la Course de la paix - Dpress.ma\\\/fr\",\"isPartOf\":{\"@id\":\"https:\\\/\\\/dpress.ma\\\/fr\\\/#website\"},\"primaryImageOfPage\":{\"@id\":\"https:\\\/\\\/dpress.ma\\\/fr\\\/2026\\\/04\\\/12\\\/mdiq-pres-de-700-eleves-participent-a-la-7e-edition-de-la-course-de-la-paix\\\/#primaryimage\"},\"image\":{\"@id\":\"https:\\\/\\\/dpress.ma\\\/fr\\\/2026\\\/04\\\/12\\\/mdiq-pres-de-700-eleves-participent-a-la-7e-edition-de-la-course-de-la-paix\\\/#primaryimage\"},\"thumbnailUrl\":\"https:\\\/\\\/dpress.ma\\\/fr\\\/wp-content\\\/uploads\\\/sites\\\/2\\\/2026\\\/04\\\/la-7e-edition-de-la-Course-de-la-paix.png\",\"datePublished\":\"2026-04-12T12:15:00+00:00\",\"dateModified\":\"2026-04-12T13:18:16+00:00\",\"author\":{\"@id\":\"https:\\\/\\\/dpress.ma\\\/fr\\\/#\\\/schema\\\/person\\\/4898febf3ccd59e6578d838656a306a0\"},\"breadcrumb\":{\"@id\":\"https:\\\/\\\/dpress.ma\\\/fr\\\/2026\\\/04\\\/12\\\/mdiq-pres-de-700-eleves-participent-a-la-7e-edition-de-la-course-de-la-paix\\\/#breadcrumb\"},\"inLanguage\":\"fr-FR\",\"potentialAction\":[{\"@type\":\"ReadAction\",\"target\":[\"https:\\\/\\\/dpress.ma\\\/fr\\\/2026\\\/04\\\/12\\\/mdiq-pres-de-700-eleves-participent-a-la-7e-edition-de-la-course-de-la-paix\\\/\"]}]},{\"@type\":\"ImageObject\",\"inLanguage\":\"fr-FR\",\"@id\":\"https:\\\/\\\/dpress.ma\\\/fr\\\/2026\\\/04\\\/12\\\/mdiq-pres-de-700-eleves-participent-a-la-7e-edition-de-la-course-de-la-paix\\\/#primaryimage\",\"url\":\"https:\\\/\\\/dpress.ma\\\/fr\\\/wp-content\\\/uploads\\\/sites\\\/2\\\/2026\\\/04\\\/la-7e-edition-de-la-Course-de-la-paix.png\",\"contentUrl\":\"https:\\\/\\\/dpress.ma\\\/fr\\\/wp-content\\\/uploads\\\/sites\\\/2\\\/2026\\\/04\\\/la-7e-edition-de-la-Course-de-la-paix.png\",\"width\":780,\"height\":470},{\"@type\":\"BreadcrumbList\",\"@id\":\"https:\\\/\\\/dpress.ma\\\/fr\\\/2026\\\/04\\\/12\\\/mdiq-pres-de-700-eleves-participent-a-la-7e-edition-de-la-course-de-la-paix\\\/#breadcrumb\",\"itemListElement\":[{\"@type\":\"ListItem\",\"position\":1,\"name\":\"Home\",\"item\":\"https:\\\/\\\/dpress.ma\\\/fr\\\/\"},{\"@type\":\"ListItem\",\"position\":2,\"name\":\"M\u2019diq : Pr\u00e8s de 700 \u00e9l\u00e8ves participent \u00e0 la 7\u00e8 \u00e9dition de la Course de la paix\"}]},{\"@type\":\"WebSite\",\"@id\":\"https:\\\/\\\/dpress.ma\\\/fr\\\/#website\",\"url\":\"https:\\\/\\\/dpress.ma\\\/fr\\\/\",\"name\":\"Dpress.ma\\\/fr\",\"description\":\"\",\"potentialAction\":[{\"@type\":\"SearchAction\",\"target\":{\"@type\":\"EntryPoint\",\"urlTemplate\":\"https:\\\/\\\/dpress.ma\\\/fr\\\/?s={search_term_string}\"},\"query-input\":{\"@type\":\"PropertyValueSpecification\",\"valueRequired\":true,\"valueName\":\"search_term_string\"}}],\"inLanguage\":\"fr-FR\"},{\"@type\":\"Person\",\"@id\":\"https:\\\/\\\/dpress.ma\\\/fr\\\/#\\\/schema\\\/person\\\/4898febf3ccd59e6578d838656a306a0\",\"name\":\"Dpress.ma\",\"image\":{\"@type\":\"ImageObject\",\"inLanguage\":\"fr-FR\",\"@id\":\"https:\\\/\\\/secure.gravatar.com\\\/avatar\\\/72ecc30e9db047a2e0e7176561eb9d564ed77c8108376495b19bd8336405198a?s=96&d=mm&r=g\",\"url\":\"https:\\\/\\\/secure.gravatar.com\\\/avatar\\\/72ecc30e9db047a2e0e7176561eb9d564ed77c8108376495b19bd8336405198a?s=96&d=mm&r=g\",\"contentUrl\":\"https:\\\/\\\/secure.gravatar.com\\\/avatar\\\/72ecc30e9db047a2e0e7176561eb9d564ed77c8108376495b19bd8336405198a?s=96&d=mm&r=g\",\"caption\":\"Dpress.ma\"},\"sameAs\":[\"https:\\\/\\\/www.dpress.ma\"],\"url\":\"https:\\\/\\\/dpress.ma\\\/fr\\\/author\\\/dpress-ma\\\/\"}]}<\/script>\n<!-- \/ Yoast SEO plugin. -->","yoast_head_json":{"title":"M\u2019diq : Pr\u00e8s de 700 \u00e9l\u00e8ves participent \u00e0 la 7\u00e8 \u00e9dition de la Course de la paix - Dpress.ma\/fr","robots":{"index":"index","follow":"follow","max-snippet":"max-snippet:-1","max-image-preview":"max-image-preview:large","max-video-preview":"max-video-preview:-1"},"canonical":"https:\/\/dpress.ma\/fr\/2026\/04\/12\/mdiq-pres-de-700-eleves-participent-a-la-7e-edition-de-la-course-de-la-paix\/","og_locale":"fr_FR","og_type":"article","og_title":"M\u2019diq : Pr\u00e8s de 700 \u00e9l\u00e8ves participent \u00e0 la 7\u00e8 \u00e9dition de la Course de la paix - Dpress.ma\/fr","og_description":"Dpress La 7\u00e8 \u00e9dition de la Course de la paix s\u2019est d\u00e9roul\u00e9e samedi \u00e0 M\u2019diq, \u00e0 l\u2019initiative de l\u2019association \u201cImad\u201d pour la jeunesse et la paix, en partenariat avec la Direction provinciale de l\u2019\u00c9ducation nationale, du Pr\u00e9scolaire et des Sports. Cette manifestation sportive, plac\u00e9e sous le th\u00e8me \u201c\u00c9levons nos enfants dans l\u2019amour et la paix\u201d &hellip;","og_url":"https:\/\/dpress.ma\/fr\/2026\/04\/12\/mdiq-pres-de-700-eleves-participent-a-la-7e-edition-de-la-course-de-la-paix\/","og_site_name":"Dpress.ma\/fr","article_published_time":"2026-04-12T12:15:00+00:00","article_modified_time":"2026-04-12T13:18:16+00:00","og_image":[{"width":780,"height":470,"url":"https:\/\/dpress.ma\/fr\/wp-content\/uploads\/sites\/2\/2026\/04\/la-7e-edition-de-la-Course-de-la-paix.png","type":"image\/png"}],"author":"Dpress.ma","twitter_card":"summary_large_image","twitter_misc":{"\u00c9crit par":"Dpress.ma","Dur\u00e9e de lecture estim\u00e9e":"2 minutes"},"schema":{"@context":"https:\/\/schema.org","@graph":[{"@type":"Article","@id":"https:\/\/dpress.ma\/fr\/2026\/04\/12\/mdiq-pres-de-700-eleves-participent-a-la-7e-edition-de-la-course-de-la-paix\/#article","isPartOf":{"@id":"https:\/\/dpress.ma\/fr\/2026\/04\/12\/mdiq-pres-de-700-eleves-participent-a-la-7e-edition-de-la-course-de-la-paix\/"},"author":{"name":"Dpress.ma","@id":"https:\/\/dpress.ma\/fr\/#\/schema\/person\/4898febf3ccd59e6578d838656a306a0"},"headline":"M\u2019diq : Pr\u00e8s de 700 \u00e9l\u00e8ves participent \u00e0 la 7\u00e8 \u00e9dition de la Course de la paix","datePublished":"2026-04-12T12:15:00+00:00","dateModified":"2026-04-12T13:18:16+00:00","mainEntityOfPage":{"@id":"https:\/\/dpress.ma\/fr\/2026\/04\/12\/mdiq-pres-de-700-eleves-participent-a-la-7e-edition-de-la-course-de-la-paix\/"},"wordCount":411,"commentCount":0,"image":{"@id":"https:\/\/dpress.ma\/fr\/2026\/04\/12\/mdiq-pres-de-700-eleves-participent-a-la-7e-edition-de-la-course-de-la-paix\/#primaryimage"},"thumbnailUrl":"https:\/\/dpress.ma\/fr\/wp-content\/uploads\/sites\/2\/2026\/04\/la-7e-edition-de-la-Course-de-la-paix.png","articleSection":["Sport"],"inLanguage":"fr-FR","potentialAction":[{"@type":"CommentAction","name":"Comment","target":["https:\/\/dpress.ma\/fr\/2026\/04\/12\/mdiq-pres-de-700-eleves-participent-a-la-7e-edition-de-la-course-de-la-paix\/#respond"]}]},{"@type":"WebPage","@id":"https:\/\/dpress.ma\/fr\/2026\/04\/12\/mdiq-pres-de-700-eleves-participent-a-la-7e-edition-de-la-course-de-la-paix\/","url":"https:\/\/dpress.ma\/fr\/2026\/04\/12\/mdiq-pres-de-700-eleves-participent-a-la-7e-edition-de-la-course-de-la-paix\/","name":"M\u2019diq : Pr\u00e8s de 700 \u00e9l\u00e8ves participent \u00e0 la 7\u00e8 \u00e9dition de la Course de la paix - Dpress.ma\/fr","isPartOf":{"@id":"https:\/\/dpress.ma\/fr\/#website"},"primaryImageOfPage":{"@id":"https:\/\/dpress.ma\/fr\/2026\/04\/12\/mdiq-pres-de-700-eleves-participent-a-la-7e-edition-de-la-course-de-la-paix\/#primaryimage"},"image":{"@id":"https:\/\/dpress.ma\/fr\/2026\/04\/12\/mdiq-pres-de-700-eleves-participent-a-la-7e-edition-de-la-course-de-la-paix\/#primaryimage"},"thumbnailUrl":"https:\/\/dpress.ma\/fr\/wp-content\/uploads\/sites\/2\/2026\/04\/la-7e-edition-de-la-Course-de-la-paix.png","datePublished":"2026-04-12T12:15:00+00:00","dateModified":"2026-04-12T13:18:16+00:00","author":{"@id":"https:\/\/dpress.ma\/fr\/#\/schema\/person\/4898febf3ccd59e6578d838656a306a0"},"breadcrumb":{"@id":"https:\/\/dpress.ma\/fr\/2026\/04\/12\/mdiq-pres-de-700-eleves-participent-a-la-7e-edition-de-la-course-de-la-paix\/#breadcrumb"},"inLanguage":"fr-FR","potentialAction":[{"@type":"ReadAction","target":["https:\/\/dpress.ma\/fr\/2026\/04\/12\/mdiq-pres-de-700-eleves-participent-a-la-7e-edition-de-la-course-de-la-paix\/"]}]},{"@type":"ImageObject","inLanguage":"fr-FR","@id":"https:\/\/dpress.ma\/fr\/2026\/04\/12\/mdiq-pres-de-700-eleves-participent-a-la-7e-edition-de-la-course-de-la-paix\/#primaryimage","url":"https:\/\/dpress.ma\/fr\/wp-content\/uploads\/sites\/2\/2026\/04\/la-7e-edition-de-la-Course-de-la-paix.png","contentUrl":"https:\/\/dpress.ma\/fr\/wp-content\/uploads\/sites\/2\/2026\/04\/la-7e-edition-de-la-Course-de-la-paix.png","width":780,"height":470},{"@type":"BreadcrumbList","@id":"https:\/\/dpress.ma\/fr\/2026\/04\/12\/mdiq-pres-de-700-eleves-participent-a-la-7e-edition-de-la-course-de-la-paix\/#breadcrumb","itemListElement":[{"@type":"ListItem","position":1,"name":"Home","item":"https:\/\/dpress.ma\/fr\/"},{"@type":"ListItem","position":2,"name":"M\u2019diq : Pr\u00e8s de 700 \u00e9l\u00e8ves participent \u00e0 la 7\u00e8 \u00e9dition de la Course de la paix"}]},{"@type":"WebSite","@id":"https:\/\/dpress.ma\/fr\/#website","url":"https:\/\/dpress.ma\/fr\/","name":"Dpress.ma\/fr","description":"","potentialAction":[{"@type":"SearchAction","target":{"@type":"EntryPoint","urlTemplate":"https:\/\/dpress.ma\/fr\/?s={search_term_string}"},"query-input":{"@type":"PropertyValueSpecification","valueRequired":true,"valueName":"search_term_string"}}],"inLanguage":"fr-FR"},{"@type":"Person","@id":"https:\/\/dpress.ma\/fr\/#\/schema\/person\/4898febf3ccd59e6578d838656a306a0","name":"Dpress.ma","image":{"@type":"ImageObject","inLanguage":"fr-FR","@id":"https:\/\/secure.gravatar.com\/avatar\/72ecc30e9db047a2e0e7176561eb9d564ed77c8108376495b19bd8336405198a?s=96&d=mm&r=g","url":"https:\/\/secure.gravatar.com\/avatar\/72ecc30e9db047a2e0e7176561eb9d564ed77c8108376495b19bd8336405198a?s=96&d=mm&r=g","contentUrl":"https:\/\/secure.gravatar.com\/avatar\/72ecc30e9db047a2e0e7176561eb9d564ed77c8108376495b19bd8336405198a?s=96&d=mm&r=g","caption":"Dpress.ma"},"sameAs":["https:\/\/www.dpress.ma"],"url":"https:\/\/dpress.ma\/fr\/author\/dpress-ma\/"}]}},"amp_enabled":true,"_links":{"self":[{"href":"https:\/\/dpress.ma\/fr\/wp-json\/wp\/v2\/posts\/28309","targetHints":{"allow":["GET"]}}],"collection":[{"href":"https:\/\/dpress.ma\/fr\/wp-json\/wp\/v2\/posts"}],"about":[{"href":"https:\/\/dpress.ma\/fr\/wp-json\/wp\/v2\/types\/post"}],"author":[{"embeddable":true,"href":"https:\/\/dpress.ma\/fr\/wp-json\/wp\/v2\/users\/2"}],"replies":[{"embeddable":true,"href":"https:\/\/dpress.ma\/fr\/wp-json\/wp\/v2\/comments?post=28309"}],"version-history":[{"count":1,"href":"https:\/\/dpress.ma\/fr\/wp-json\/wp\/v2\/posts\/28309\/revisions"}],"predecessor-version":[{"id":28311,"href":"https:\/\/dpress.ma\/fr\/wp-json\/wp\/v2\/posts\/28309\/revisions\/28311"}],"wp:featuredmedia":[{"embeddable":true,"href":"https:\/\/dpress.ma\/fr\/wp-json\/wp\/v2\/media\/28310"}],"wp:attachment":[{"href":"https:\/\/dpress.ma\/fr\/wp-json\/wp\/v2\/media?parent=28309"}],"wp:term":[{"taxonomy":"category","embeddable":true,"href":"https:\/\/dpress.ma\/fr\/wp-json\/wp\/v2\/categories?post=28309"},{"taxonomy":"post_tag","embeddable":true,"href":"https:\/\/dpress.ma\/fr\/wp-json\/wp\/v2\/tags?post=28309"}],"curies":[{"name":"wp","href":"https:\/\/api.w.org\/{rel}","templated":true}]}}