{"id":28300,"date":"2026-04-11T15:04:00","date_gmt":"2026-04-11T15:04:00","guid":{"rendered":"https:\/\/dpress.ma\/fr\/?p=28300"},"modified":"2026-04-11T22:35:03","modified_gmt":"2026-04-11T22:35:03","slug":"pdti-nouveau-paradigme-de-gouvernance-au-coeur-de-laction-publique-doyenne-de-faculte","status":"publish","type":"post","link":"https:\/\/dpress.ma\/fr\/2026\/04\/11\/pdti-nouveau-paradigme-de-gouvernance-au-coeur-de-laction-publique-doyenne-de-faculte\/","title":{"rendered":"PDTI : Nouveau paradigme de gouvernance au coeur de l\u2019action publique (Doyenne de facult\u00e9)"},"content":{"rendered":"\n<p>Dpress<\/p>\n\n\n\n<p>&nbsp;La nouvelle g\u00e9n\u00e9ration de Programmes de d\u00e9veloppement territorial int\u00e9gr\u00e9 (PDTI) s\u2019inscrit dans une nouvelle dynamique de gouvernance pla\u00e7ant le citoyen au c\u0153ur du processus d\u00e9cisionnel de l\u2019action publique, a affirm\u00e9 la doyenne de la Facult\u00e9 des Sciences Juridiques, \u00c9conomiques et Sociales d\u2019A\u00efn Chock, Fatim Zahra Alami.<\/p>\n\n\n\n<p>Dans une d\u00e9claration \u00e0 la MAP, Mme Alami a indiqu\u00e9 que cette orientation strat\u00e9gique marque \u201cun tournant d\u00e9cisif\u201d dans la mise en \u0153uvre du mod\u00e8le de d\u00e9veloppement national, rompant avec les approches classiques fond\u00e9es sur une conception centralis\u00e9e de l\u2019action publique, conform\u00e9ment aux hautes orientations de Sa Majest\u00e9 le Roi Mohammed VI. \u201cIl s\u2019agit d\u00e9sormais d\u2019une dynamique qui prend forme \u00e0 partir du terrain, des besoins r\u00e9els des citoyennes et des citoyens, pour construire des r\u00e9ponses adapt\u00e9es, concr\u00e8tes et mesurables\u201d, a-t-elle expliqu\u00e9.<\/p>\n\n\n\n<p>Dans ce sens, elle a soulign\u00e9 que le territoire n\u2019est plus appr\u00e9hend\u00e9 comme un simple cadre d\u2019intervention, mais comme un levier structurant du d\u00e9veloppement, porteur d\u2019une nouvelle logique d\u2019int\u00e9gration des politiques publiques et de valorisation des potentialit\u00e9s locales.<\/p>\n\n\n\n<p>La doyenne a, par ailleurs, relev\u00e9 que l\u2019effort financier pr\u00e9vu, d\u00e9passant les 210 milliards de dirhams, refl\u00e8te une volont\u00e9 forte de r\u00e9duire les disparit\u00e9s territoriales de mani\u00e8re structurelle et de faire de la justice spatiale un pilier fondamental de l\u2019action publique.<\/p>\n\n\n\n<p>Elle a \u00e9galement mis en avant les nouveaux m\u00e9canismes de gouvernance et d\u2019ex\u00e9cution qui accompagnent ces programmes, notant qu\u2019ils traduisent une ambition claire d\u2019acc\u00e9l\u00e9rer la r\u00e9alisation des projets, d\u2019am\u00e9liorer l\u2019efficacit\u00e9 de l\u2019action publique et de garantir un impact tangible sur les conditions de vie des citoyens.<\/p>\n\n\n\n<p>Pour Mme Alami, l\u2019enjeu d\u00e9passe d\u00e9sormais la simple mise en \u0153uvre de projets pour s\u2019inscrire dans une refondation de la relation entre l\u2019\u00c9tat, les territoires et les citoyens, bas\u00e9e sur la confiance, la lisibilit\u00e9 et la proximit\u00e9.<\/p>\n\n\n\n<p>Abordant le r\u00f4le de l\u2019universit\u00e9, elle a insist\u00e9 sur la contribution strat\u00e9gique que peut apporter l\u2019institution acad\u00e9mique \u00e0 cette dynamique, notamment \u00e0 travers la mobilisation de la recherche, de l\u2019expertise et de l\u2019innovation au service des politiques territoriales.<\/p>\n\n\n\n<p>Dans cette perspective, elle a indiqu\u00e9 que les programmes de formation en gouvernance territoriale seront appel\u00e9s \u00e0 \u00e9voluer afin d\u2019int\u00e9grer ces nouvelles orientations et de pr\u00e9parer les comp\u00e9tences n\u00e9cessaires \u00e0 l\u2019accompagnement de la mise en \u0153uvre des politiques publiques, en particulier dans le cadre de la r\u00e9gionalisation avanc\u00e9e.<\/p>\n\n\n\n<p>Mme Alami a conclu en soulignant que le Royaume se trouve \u201c\u00e0 l\u2019aube d\u2019une nouvelle \u00e8re\u201d, o\u00f9 le d\u00e9veloppement territorial s\u2019impose comme un levier central de croissance, d\u2019inclusion et de dignit\u00e9 pour l\u2019ensemble des territoires, sous la conduite \u00e9clair\u00e9e de SM le Roi.<\/p>\n","protected":false},"excerpt":{"rendered":"<p>Dpress &nbsp;La nouvelle g\u00e9n\u00e9ration de Programmes de d\u00e9veloppement territorial int\u00e9gr\u00e9 (PDTI) s\u2019inscrit dans une nouvelle dynamique de gouvernance pla\u00e7ant le citoyen au c\u0153ur du processus d\u00e9cisionnel de l\u2019action publique, a affirm\u00e9 la doyenne de la Facult\u00e9 des Sciences Juridiques, \u00c9conomiques et Sociales d\u2019A\u00efn Chock, Fatim Zahra Alami. Dans une d\u00e9claration \u00e0 la MAP, Mme Alami &hellip;<\/p>\n","protected":false},"author":2,"featured_media":28301,"comment_status":"open","ping_status":"open","sticky":false,"template":"","format":"standard","meta":{"footnotes":""},"categories":[40],"tags":[],"class_list":["post-28300","post","type-post","status-publish","format-standard","has-post-thumbnail","hentry","category-societe-et-regions"],"yoast_head":"<!-- This site is optimized with the Yoast SEO plugin v27.4 - https:\/\/yoast.com\/product\/yoast-seo-wordpress\/ -->\n<title>PDTI : Nouveau paradigme de gouvernance au coeur de l\u2019action publique (Doyenne de facult\u00e9) - Dpress.ma\/fr<\/title>\n<meta name=\"robots\" content=\"index, follow, max-snippet:-1, max-image-preview:large, max-video-preview:-1\" \/>\n<link rel=\"canonical\" href=\"https:\/\/dpress.ma\/fr\/2026\/04\/11\/pdti-nouveau-paradigme-de-gouvernance-au-coeur-de-laction-publique-doyenne-de-faculte\/\" \/>\n<meta property=\"og:locale\" content=\"fr_FR\" \/>\n<meta property=\"og:type\" content=\"article\" \/>\n<meta property=\"og:title\" content=\"PDTI : Nouveau paradigme de gouvernance au coeur de l\u2019action publique (Doyenne de facult\u00e9) - Dpress.ma\/fr\" \/>\n<meta property=\"og:description\" content=\"Dpress &nbsp;La nouvelle g\u00e9n\u00e9ration de Programmes de d\u00e9veloppement territorial int\u00e9gr\u00e9 (PDTI) s\u2019inscrit dans une nouvelle dynamique de gouvernance pla\u00e7ant le citoyen au c\u0153ur du processus d\u00e9cisionnel de l\u2019action publique, a affirm\u00e9 la doyenne de la Facult\u00e9 des Sciences Juridiques, \u00c9conomiques et Sociales d\u2019A\u00efn Chock, Fatim Zahra Alami. Dans une d\u00e9claration \u00e0 la MAP, Mme Alami &hellip;\" \/>\n<meta property=\"og:url\" content=\"https:\/\/dpress.ma\/fr\/2026\/04\/11\/pdti-nouveau-paradigme-de-gouvernance-au-coeur-de-laction-publique-doyenne-de-faculte\/\" \/>\n<meta property=\"og:site_name\" content=\"Dpress.ma\/fr\" \/>\n<meta property=\"article:published_time\" content=\"2026-04-11T15:04:00+00:00\" \/>\n<meta property=\"article:modified_time\" content=\"2026-04-11T22:35:03+00:00\" \/>\n<meta property=\"og:image\" content=\"https:\/\/dpress.ma\/fr\/wp-content\/uploads\/sites\/2\/2026\/04\/Fatim-Zahra-Alami.png\" \/>\n\t<meta property=\"og:image:width\" content=\"780\" \/>\n\t<meta property=\"og:image:height\" content=\"470\" \/>\n\t<meta property=\"og:image:type\" content=\"image\/png\" \/>\n<meta name=\"author\" content=\"Dpress.ma\" \/>\n<meta name=\"twitter:card\" content=\"summary_large_image\" \/>\n<meta name=\"twitter:label1\" content=\"\u00c9crit par\" \/>\n\t<meta name=\"twitter:data1\" content=\"Dpress.ma\" \/>\n\t<meta name=\"twitter:label2\" content=\"Dur\u00e9e de lecture estim\u00e9e\" \/>\n\t<meta name=\"twitter:data2\" content=\"3 minutes\" \/>\n<script type=\"application\/ld+json\" class=\"yoast-schema-graph\">{\"@context\":\"https:\\\/\\\/schema.org\",\"@graph\":[{\"@type\":\"Article\",\"@id\":\"https:\\\/\\\/dpress.ma\\\/fr\\\/2026\\\/04\\\/11\\\/pdti-nouveau-paradigme-de-gouvernance-au-coeur-de-laction-publique-doyenne-de-faculte\\\/#article\",\"isPartOf\":{\"@id\":\"https:\\\/\\\/dpress.ma\\\/fr\\\/2026\\\/04\\\/11\\\/pdti-nouveau-paradigme-de-gouvernance-au-coeur-de-laction-publique-doyenne-de-faculte\\\/\"},\"author\":{\"name\":\"Dpress.ma\",\"@id\":\"https:\\\/\\\/dpress.ma\\\/fr\\\/#\\\/schema\\\/person\\\/4898febf3ccd59e6578d838656a306a0\"},\"headline\":\"PDTI : Nouveau paradigme de gouvernance au coeur de l\u2019action publique (Doyenne de facult\u00e9)\",\"datePublished\":\"2026-04-11T15:04:00+00:00\",\"dateModified\":\"2026-04-11T22:35:03+00:00\",\"mainEntityOfPage\":{\"@id\":\"https:\\\/\\\/dpress.ma\\\/fr\\\/2026\\\/04\\\/11\\\/pdti-nouveau-paradigme-de-gouvernance-au-coeur-de-laction-publique-doyenne-de-faculte\\\/\"},\"wordCount\":511,\"commentCount\":0,\"image\":{\"@id\":\"https:\\\/\\\/dpress.ma\\\/fr\\\/2026\\\/04\\\/11\\\/pdti-nouveau-paradigme-de-gouvernance-au-coeur-de-laction-publique-doyenne-de-faculte\\\/#primaryimage\"},\"thumbnailUrl\":\"https:\\\/\\\/dpress.ma\\\/fr\\\/wp-content\\\/uploads\\\/sites\\\/2\\\/2026\\\/04\\\/Fatim-Zahra-Alami.png\",\"articleSection\":[\"societe et regions\"],\"inLanguage\":\"fr-FR\",\"potentialAction\":[{\"@type\":\"CommentAction\",\"name\":\"Comment\",\"target\":[\"https:\\\/\\\/dpress.ma\\\/fr\\\/2026\\\/04\\\/11\\\/pdti-nouveau-paradigme-de-gouvernance-au-coeur-de-laction-publique-doyenne-de-faculte\\\/#respond\"]}]},{\"@type\":\"WebPage\",\"@id\":\"https:\\\/\\\/dpress.ma\\\/fr\\\/2026\\\/04\\\/11\\\/pdti-nouveau-paradigme-de-gouvernance-au-coeur-de-laction-publique-doyenne-de-faculte\\\/\",\"url\":\"https:\\\/\\\/dpress.ma\\\/fr\\\/2026\\\/04\\\/11\\\/pdti-nouveau-paradigme-de-gouvernance-au-coeur-de-laction-publique-doyenne-de-faculte\\\/\",\"name\":\"PDTI : Nouveau paradigme de gouvernance au coeur de l\u2019action publique (Doyenne de facult\u00e9) - Dpress.ma\\\/fr\",\"isPartOf\":{\"@id\":\"https:\\\/\\\/dpress.ma\\\/fr\\\/#website\"},\"primaryImageOfPage\":{\"@id\":\"https:\\\/\\\/dpress.ma\\\/fr\\\/2026\\\/04\\\/11\\\/pdti-nouveau-paradigme-de-gouvernance-au-coeur-de-laction-publique-doyenne-de-faculte\\\/#primaryimage\"},\"image\":{\"@id\":\"https:\\\/\\\/dpress.ma\\\/fr\\\/2026\\\/04\\\/11\\\/pdti-nouveau-paradigme-de-gouvernance-au-coeur-de-laction-publique-doyenne-de-faculte\\\/#primaryimage\"},\"thumbnailUrl\":\"https:\\\/\\\/dpress.ma\\\/fr\\\/wp-content\\\/uploads\\\/sites\\\/2\\\/2026\\\/04\\\/Fatim-Zahra-Alami.png\",\"datePublished\":\"2026-04-11T15:04:00+00:00\",\"dateModified\":\"2026-04-11T22:35:03+00:00\",\"author\":{\"@id\":\"https:\\\/\\\/dpress.ma\\\/fr\\\/#\\\/schema\\\/person\\\/4898febf3ccd59e6578d838656a306a0\"},\"breadcrumb\":{\"@id\":\"https:\\\/\\\/dpress.ma\\\/fr\\\/2026\\\/04\\\/11\\\/pdti-nouveau-paradigme-de-gouvernance-au-coeur-de-laction-publique-doyenne-de-faculte\\\/#breadcrumb\"},\"inLanguage\":\"fr-FR\",\"potentialAction\":[{\"@type\":\"ReadAction\",\"target\":[\"https:\\\/\\\/dpress.ma\\\/fr\\\/2026\\\/04\\\/11\\\/pdti-nouveau-paradigme-de-gouvernance-au-coeur-de-laction-publique-doyenne-de-faculte\\\/\"]}]},{\"@type\":\"ImageObject\",\"inLanguage\":\"fr-FR\",\"@id\":\"https:\\\/\\\/dpress.ma\\\/fr\\\/2026\\\/04\\\/11\\\/pdti-nouveau-paradigme-de-gouvernance-au-coeur-de-laction-publique-doyenne-de-faculte\\\/#primaryimage\",\"url\":\"https:\\\/\\\/dpress.ma\\\/fr\\\/wp-content\\\/uploads\\\/sites\\\/2\\\/2026\\\/04\\\/Fatim-Zahra-Alami.png\",\"contentUrl\":\"https:\\\/\\\/dpress.ma\\\/fr\\\/wp-content\\\/uploads\\\/sites\\\/2\\\/2026\\\/04\\\/Fatim-Zahra-Alami.png\",\"width\":780,\"height\":470},{\"@type\":\"BreadcrumbList\",\"@id\":\"https:\\\/\\\/dpress.ma\\\/fr\\\/2026\\\/04\\\/11\\\/pdti-nouveau-paradigme-de-gouvernance-au-coeur-de-laction-publique-doyenne-de-faculte\\\/#breadcrumb\",\"itemListElement\":[{\"@type\":\"ListItem\",\"position\":1,\"name\":\"Home\",\"item\":\"https:\\\/\\\/dpress.ma\\\/fr\\\/\"},{\"@type\":\"ListItem\",\"position\":2,\"name\":\"PDTI : Nouveau paradigme de gouvernance au coeur de l\u2019action publique (Doyenne de facult\u00e9)\"}]},{\"@type\":\"WebSite\",\"@id\":\"https:\\\/\\\/dpress.ma\\\/fr\\\/#website\",\"url\":\"https:\\\/\\\/dpress.ma\\\/fr\\\/\",\"name\":\"Dpress.ma\\\/fr\",\"description\":\"\",\"potentialAction\":[{\"@type\":\"SearchAction\",\"target\":{\"@type\":\"EntryPoint\",\"urlTemplate\":\"https:\\\/\\\/dpress.ma\\\/fr\\\/?s={search_term_string}\"},\"query-input\":{\"@type\":\"PropertyValueSpecification\",\"valueRequired\":true,\"valueName\":\"search_term_string\"}}],\"inLanguage\":\"fr-FR\"},{\"@type\":\"Person\",\"@id\":\"https:\\\/\\\/dpress.ma\\\/fr\\\/#\\\/schema\\\/person\\\/4898febf3ccd59e6578d838656a306a0\",\"name\":\"Dpress.ma\",\"image\":{\"@type\":\"ImageObject\",\"inLanguage\":\"fr-FR\",\"@id\":\"https:\\\/\\\/secure.gravatar.com\\\/avatar\\\/72ecc30e9db047a2e0e7176561eb9d564ed77c8108376495b19bd8336405198a?s=96&d=mm&r=g\",\"url\":\"https:\\\/\\\/secure.gravatar.com\\\/avatar\\\/72ecc30e9db047a2e0e7176561eb9d564ed77c8108376495b19bd8336405198a?s=96&d=mm&r=g\",\"contentUrl\":\"https:\\\/\\\/secure.gravatar.com\\\/avatar\\\/72ecc30e9db047a2e0e7176561eb9d564ed77c8108376495b19bd8336405198a?s=96&d=mm&r=g\",\"caption\":\"Dpress.ma\"},\"sameAs\":[\"https:\\\/\\\/www.dpress.ma\"],\"url\":\"https:\\\/\\\/dpress.ma\\\/fr\\\/author\\\/dpress-ma\\\/\"}]}<\/script>\n<!-- \/ Yoast SEO plugin. -->","yoast_head_json":{"title":"PDTI : Nouveau paradigme de gouvernance au coeur de l\u2019action publique (Doyenne de facult\u00e9) - Dpress.ma\/fr","robots":{"index":"index","follow":"follow","max-snippet":"max-snippet:-1","max-image-preview":"max-image-preview:large","max-video-preview":"max-video-preview:-1"},"canonical":"https:\/\/dpress.ma\/fr\/2026\/04\/11\/pdti-nouveau-paradigme-de-gouvernance-au-coeur-de-laction-publique-doyenne-de-faculte\/","og_locale":"fr_FR","og_type":"article","og_title":"PDTI : Nouveau paradigme de gouvernance au coeur de l\u2019action publique (Doyenne de facult\u00e9) - Dpress.ma\/fr","og_description":"Dpress &nbsp;La nouvelle g\u00e9n\u00e9ration de Programmes de d\u00e9veloppement territorial int\u00e9gr\u00e9 (PDTI) s\u2019inscrit dans une nouvelle dynamique de gouvernance pla\u00e7ant le citoyen au c\u0153ur du processus d\u00e9cisionnel de l\u2019action publique, a affirm\u00e9 la doyenne de la Facult\u00e9 des Sciences Juridiques, \u00c9conomiques et Sociales d\u2019A\u00efn Chock, Fatim Zahra Alami. Dans une d\u00e9claration \u00e0 la MAP, Mme Alami &hellip;","og_url":"https:\/\/dpress.ma\/fr\/2026\/04\/11\/pdti-nouveau-paradigme-de-gouvernance-au-coeur-de-laction-publique-doyenne-de-faculte\/","og_site_name":"Dpress.ma\/fr","article_published_time":"2026-04-11T15:04:00+00:00","article_modified_time":"2026-04-11T22:35:03+00:00","og_image":[{"width":780,"height":470,"url":"https:\/\/dpress.ma\/fr\/wp-content\/uploads\/sites\/2\/2026\/04\/Fatim-Zahra-Alami.png","type":"image\/png"}],"author":"Dpress.ma","twitter_card":"summary_large_image","twitter_misc":{"\u00c9crit par":"Dpress.ma","Dur\u00e9e de lecture estim\u00e9e":"3 minutes"},"schema":{"@context":"https:\/\/schema.org","@graph":[{"@type":"Article","@id":"https:\/\/dpress.ma\/fr\/2026\/04\/11\/pdti-nouveau-paradigme-de-gouvernance-au-coeur-de-laction-publique-doyenne-de-faculte\/#article","isPartOf":{"@id":"https:\/\/dpress.ma\/fr\/2026\/04\/11\/pdti-nouveau-paradigme-de-gouvernance-au-coeur-de-laction-publique-doyenne-de-faculte\/"},"author":{"name":"Dpress.ma","@id":"https:\/\/dpress.ma\/fr\/#\/schema\/person\/4898febf3ccd59e6578d838656a306a0"},"headline":"PDTI : Nouveau paradigme de gouvernance au coeur de l\u2019action publique (Doyenne de facult\u00e9)","datePublished":"2026-04-11T15:04:00+00:00","dateModified":"2026-04-11T22:35:03+00:00","mainEntityOfPage":{"@id":"https:\/\/dpress.ma\/fr\/2026\/04\/11\/pdti-nouveau-paradigme-de-gouvernance-au-coeur-de-laction-publique-doyenne-de-faculte\/"},"wordCount":511,"commentCount":0,"image":{"@id":"https:\/\/dpress.ma\/fr\/2026\/04\/11\/pdti-nouveau-paradigme-de-gouvernance-au-coeur-de-laction-publique-doyenne-de-faculte\/#primaryimage"},"thumbnailUrl":"https:\/\/dpress.ma\/fr\/wp-content\/uploads\/sites\/2\/2026\/04\/Fatim-Zahra-Alami.png","articleSection":["societe et regions"],"inLanguage":"fr-FR","potentialAction":[{"@type":"CommentAction","name":"Comment","target":["https:\/\/dpress.ma\/fr\/2026\/04\/11\/pdti-nouveau-paradigme-de-gouvernance-au-coeur-de-laction-publique-doyenne-de-faculte\/#respond"]}]},{"@type":"WebPage","@id":"https:\/\/dpress.ma\/fr\/2026\/04\/11\/pdti-nouveau-paradigme-de-gouvernance-au-coeur-de-laction-publique-doyenne-de-faculte\/","url":"https:\/\/dpress.ma\/fr\/2026\/04\/11\/pdti-nouveau-paradigme-de-gouvernance-au-coeur-de-laction-publique-doyenne-de-faculte\/","name":"PDTI : Nouveau paradigme de gouvernance au coeur de l\u2019action publique (Doyenne de facult\u00e9) - Dpress.ma\/fr","isPartOf":{"@id":"https:\/\/dpress.ma\/fr\/#website"},"primaryImageOfPage":{"@id":"https:\/\/dpress.ma\/fr\/2026\/04\/11\/pdti-nouveau-paradigme-de-gouvernance-au-coeur-de-laction-publique-doyenne-de-faculte\/#primaryimage"},"image":{"@id":"https:\/\/dpress.ma\/fr\/2026\/04\/11\/pdti-nouveau-paradigme-de-gouvernance-au-coeur-de-laction-publique-doyenne-de-faculte\/#primaryimage"},"thumbnailUrl":"https:\/\/dpress.ma\/fr\/wp-content\/uploads\/sites\/2\/2026\/04\/Fatim-Zahra-Alami.png","datePublished":"2026-04-11T15:04:00+00:00","dateModified":"2026-04-11T22:35:03+00:00","author":{"@id":"https:\/\/dpress.ma\/fr\/#\/schema\/person\/4898febf3ccd59e6578d838656a306a0"},"breadcrumb":{"@id":"https:\/\/dpress.ma\/fr\/2026\/04\/11\/pdti-nouveau-paradigme-de-gouvernance-au-coeur-de-laction-publique-doyenne-de-faculte\/#breadcrumb"},"inLanguage":"fr-FR","potentialAction":[{"@type":"ReadAction","target":["https:\/\/dpress.ma\/fr\/2026\/04\/11\/pdti-nouveau-paradigme-de-gouvernance-au-coeur-de-laction-publique-doyenne-de-faculte\/"]}]},{"@type":"ImageObject","inLanguage":"fr-FR","@id":"https:\/\/dpress.ma\/fr\/2026\/04\/11\/pdti-nouveau-paradigme-de-gouvernance-au-coeur-de-laction-publique-doyenne-de-faculte\/#primaryimage","url":"https:\/\/dpress.ma\/fr\/wp-content\/uploads\/sites\/2\/2026\/04\/Fatim-Zahra-Alami.png","contentUrl":"https:\/\/dpress.ma\/fr\/wp-content\/uploads\/sites\/2\/2026\/04\/Fatim-Zahra-Alami.png","width":780,"height":470},{"@type":"BreadcrumbList","@id":"https:\/\/dpress.ma\/fr\/2026\/04\/11\/pdti-nouveau-paradigme-de-gouvernance-au-coeur-de-laction-publique-doyenne-de-faculte\/#breadcrumb","itemListElement":[{"@type":"ListItem","position":1,"name":"Home","item":"https:\/\/dpress.ma\/fr\/"},{"@type":"ListItem","position":2,"name":"PDTI : Nouveau paradigme de gouvernance au coeur de l\u2019action publique (Doyenne de facult\u00e9)"}]},{"@type":"WebSite","@id":"https:\/\/dpress.ma\/fr\/#website","url":"https:\/\/dpress.ma\/fr\/","name":"Dpress.ma\/fr","description":"","potentialAction":[{"@type":"SearchAction","target":{"@type":"EntryPoint","urlTemplate":"https:\/\/dpress.ma\/fr\/?s={search_term_string}"},"query-input":{"@type":"PropertyValueSpecification","valueRequired":true,"valueName":"search_term_string"}}],"inLanguage":"fr-FR"},{"@type":"Person","@id":"https:\/\/dpress.ma\/fr\/#\/schema\/person\/4898febf3ccd59e6578d838656a306a0","name":"Dpress.ma","image":{"@type":"ImageObject","inLanguage":"fr-FR","@id":"https:\/\/secure.gravatar.com\/avatar\/72ecc30e9db047a2e0e7176561eb9d564ed77c8108376495b19bd8336405198a?s=96&d=mm&r=g","url":"https:\/\/secure.gravatar.com\/avatar\/72ecc30e9db047a2e0e7176561eb9d564ed77c8108376495b19bd8336405198a?s=96&d=mm&r=g","contentUrl":"https:\/\/secure.gravatar.com\/avatar\/72ecc30e9db047a2e0e7176561eb9d564ed77c8108376495b19bd8336405198a?s=96&d=mm&r=g","caption":"Dpress.ma"},"sameAs":["https:\/\/www.dpress.ma"],"url":"https:\/\/dpress.ma\/fr\/author\/dpress-ma\/"}]}},"amp_enabled":true,"_links":{"self":[{"href":"https:\/\/dpress.ma\/fr\/wp-json\/wp\/v2\/posts\/28300","targetHints":{"allow":["GET"]}}],"collection":[{"href":"https:\/\/dpress.ma\/fr\/wp-json\/wp\/v2\/posts"}],"about":[{"href":"https:\/\/dpress.ma\/fr\/wp-json\/wp\/v2\/types\/post"}],"author":[{"embeddable":true,"href":"https:\/\/dpress.ma\/fr\/wp-json\/wp\/v2\/users\/2"}],"replies":[{"embeddable":true,"href":"https:\/\/dpress.ma\/fr\/wp-json\/wp\/v2\/comments?post=28300"}],"version-history":[{"count":1,"href":"https:\/\/dpress.ma\/fr\/wp-json\/wp\/v2\/posts\/28300\/revisions"}],"predecessor-version":[{"id":28302,"href":"https:\/\/dpress.ma\/fr\/wp-json\/wp\/v2\/posts\/28300\/revisions\/28302"}],"wp:featuredmedia":[{"embeddable":true,"href":"https:\/\/dpress.ma\/fr\/wp-json\/wp\/v2\/media\/28301"}],"wp:attachment":[{"href":"https:\/\/dpress.ma\/fr\/wp-json\/wp\/v2\/media?parent=28300"}],"wp:term":[{"taxonomy":"category","embeddable":true,"href":"https:\/\/dpress.ma\/fr\/wp-json\/wp\/v2\/categories?post=28300"},{"taxonomy":"post_tag","embeddable":true,"href":"https:\/\/dpress.ma\/fr\/wp-json\/wp\/v2\/tags?post=28300"}],"curies":[{"name":"wp","href":"https:\/\/api.w.org\/{rel}","templated":true}]}}