{"id":28293,"date":"2026-04-11T11:15:26","date_gmt":"2026-04-11T11:15:26","guid":{"rendered":"https:\/\/dpress.ma\/fr\/?p=28293"},"modified":"2026-04-11T11:15:28","modified_gmt":"2026-04-11T11:15:28","slug":"maroc-fashion-week-2026-marrakech-vibre-au-rythme-de-la-creation-et-de-lelegance","status":"publish","type":"post","link":"https:\/\/dpress.ma\/fr\/2026\/04\/11\/maroc-fashion-week-2026-marrakech-vibre-au-rythme-de-la-creation-et-de-lelegance\/","title":{"rendered":"Maroc Fashion Week 2026 : Marrakech vibre au rythme de la cr\u00e9ation et de l\u2019\u00e9l\u00e9gance"},"content":{"rendered":"\n<p>Dpress<\/p>\n\n\n\n<p>La Cit\u00e9 ocre a vibr\u00e9 vendredi, au rythme de la cr\u00e9ation et de l\u2019\u00e9l\u00e9gance \u00e0 l\u2019occasion du lancement de la Maroc Fashion Week (MFW), marquant le grand retour de cet \u00e9v\u00e9nement phare dans une version renouvel\u00e9e, ambitieuse et r\u00e9solument tourn\u00e9e vers les standards internationaux.<\/p>\n\n\n\n<p>Organis\u00e9e dans un contexte de renouveau de la mode nationale, cette \u00e9dition se veut bien plus qu\u2019un simple rendez-vous mondain, s\u2019imposant comme une plateforme strat\u00e9gique d\u00e9di\u00e9e \u00e0 la valorisation du savoir-faire marocain et \u00e0 son rayonnement \u00e0 l\u2019\u00e9chelle mondiale.<\/p>\n\n\n\n<p>Pour c\u00e9l\u00e9brer cette renaissance, la MFW accueille en invit\u00e9e d\u2019honneur la maison de Haute Couture de la cr\u00e9atrice marocaine Sara Chra\u00efbi, dont les cr\u00e9ations, alliant finesse et modernit\u00e9, subliment l\u2019\u00e9l\u00e9gance marocaine sur les podiums internationaux.<\/p>\n\n\n\n<p>Le coup d\u2019envoi de cette manifestation, organis\u00e9 au Meydene, a r\u00e9uni un parterre de cr\u00e9ateurs marocains et \u00e9trangers, offrant au public une immersion dans un univers o\u00f9 tradition et modernit\u00e9 dialoguent avec harmonie.<\/p>\n\n\n\n<p>La premi\u00e8re partie du d\u00e9fil\u00e9 a \u00e9t\u00e9 marqu\u00e9e par les cr\u00e9ations de designers internationaux, notamment la Chinoise Shuxuan G, la Turkm\u00e8ne G\u00f6wher Gouvernet et le Fran\u00e7ais Claude Patrick, aux c\u00f4t\u00e9s de la marque marocaine Molida, proposant une lecture contemporaine de la haute couture.<\/p>\n\n\n\n<p>Cet \u00e9v\u00e9nement a r\u00e9ussi \u00e0 transporter l\u2019assistance dans un voyage esth\u00e9tique m\u00ealant textures raffin\u00e9es, et inspirations multiculturelles, sublim\u00e9es par une sc\u00e9nographie soign\u00e9e et une ambiance musicale envo\u00fbtante.<\/p>\n\n\n\n<p>La seconde partie a mis \u00e0 l\u2019honneur le pr\u00eat-\u00e0-porter avec des maisons de renom telles que Max Mara et G\u00e9rard Darel, ainsi que des labels \u00e9mergents, confirmant la vocation internationale de cet \u00e9v\u00e9nement.<\/p>\n\n\n\n<p>Dans une d\u00e9claration \u00e0 la MAP, la fondatrice de la Maroc Fashion Week, Hind Joudar, a soulign\u00e9 que \u201ccet \u00e9v\u00e9nement incarne un Maroc moderne, fier de son h\u00e9ritage et d\u00e9termin\u00e9 \u00e0 s\u2019imposer comme un acteur cl\u00e9 de l\u2019industrie mondiale de la mode\u201d.<\/p>\n\n\n\n<p>Elle a ajout\u00e9 que Marrakech constitue un carrefour naturel entre l\u2019Afrique, l\u2019Europe et le reste du monde, mettant en avant le potentiel de la ville \u00e0 devenir un hub cr\u00e9atif et industriel.<\/p>\n\n\n\n<p>Elle aussi mis l\u2019accent sur l\u2019importance de structurer l\u2019\u00e9cosyst\u00e8me de la mode marocaine afin de cr\u00e9er des passerelles durables entre artisans, designers et investisseurs.<\/p>\n\n\n\n<p>De son c\u00f4t\u00e9, la cr\u00e9atrice G\u00f6wher Gouvernet a mis en avant les similitudes culturelles entre le Maroc et le Turkm\u00e9nistan, notamment en mati\u00e8re d\u2019artisanat et de richesse textile.<\/p>\n\n\n\n<p>Elle a relev\u00e9 que les deux pays partagent une m\u00eame attention aux d\u00e9tails, aux broderies et aux techniques ancestrales, soulignant que cette proximit\u00e9 culturelle constitue une source d\u2019inspiration majeure pour ses cr\u00e9ations.<\/p>\n\n\n\n<p>La designer a, par ailleurs, salu\u00e9 l\u2019accueil chaleureux du public marocain et la richesse du patrimoine local.<\/p>\n\n\n\n<p>Pour sa premi\u00e8re participation, la designer Shuxuan G a exprim\u00e9 son enthousiasme de d\u00e9couvrir la sc\u00e8ne marocaine, notant que \u201cMarrakech offre une \u00e9nergie cr\u00e9ative unique\u201d.<\/p>\n\n\n\n<p>Elle a indiqu\u00e9 \u00eatre particuli\u00e8rement impressionn\u00e9e par la mani\u00e8re dont la tradition est int\u00e9gr\u00e9e dans la cr\u00e9ation contemporaine, estimant que cette approche ouvre de nouvelles perspectives de collaboration entre cr\u00e9ateurs internationaux.<\/p>\n\n\n\n<p>Au-del\u00e0 des d\u00e9fil\u00e9s, la Maroc Fashion Week porte une vision structur\u00e9e autour de la promotion d\u2019un savoir-faire d\u2019excellence, du d\u00e9veloppement d\u2019un hub cr\u00e9atif r\u00e9gional, de l\u2019encouragement d\u2019une mode \u00e9thique et durable, ainsi que de la cr\u00e9ation d\u2019opportunit\u00e9s \u00e9conomiques pour les acteurs du secteur.<\/p>\n\n\n\n<p>Dans une atmosph\u00e8re empreinte de raffinement et d\u2019effervescence, cet \u00e9v\u00e9nement confirme ainsi le r\u00f4le de Marrakech comme \u00e9picentre de la cr\u00e9ation, o\u00f9 se rencontrent talents, cultures et ambitions, pour \u00e9crire une nouvelle page de la mode marocaine et internationale.<\/p>\n","protected":false},"excerpt":{"rendered":"<p>Dpress La Cit\u00e9 ocre a vibr\u00e9 vendredi, au rythme de la cr\u00e9ation et de l\u2019\u00e9l\u00e9gance \u00e0 l\u2019occasion du lancement de la Maroc Fashion Week (MFW), marquant le grand retour de cet \u00e9v\u00e9nement phare dans une version renouvel\u00e9e, ambitieuse et r\u00e9solument tourn\u00e9e vers les standards internationaux. Organis\u00e9e dans un contexte de renouveau de la mode nationale, &hellip;<\/p>\n","protected":false},"author":2,"featured_media":28294,"comment_status":"open","ping_status":"open","sticky":false,"template":"","format":"standard","meta":{"footnotes":""},"categories":[31],"tags":[],"class_list":["post-28293","post","type-post","status-publish","format-standard","has-post-thumbnail","hentry","category-art-et-culture"],"yoast_head":"<!-- This site is optimized with the Yoast SEO plugin v27.4 - https:\/\/yoast.com\/product\/yoast-seo-wordpress\/ -->\n<title>Maroc Fashion Week 2026 : Marrakech vibre au rythme de la cr\u00e9ation et de l\u2019\u00e9l\u00e9gance - Dpress.ma\/fr<\/title>\n<meta name=\"robots\" content=\"index, follow, max-snippet:-1, max-image-preview:large, max-video-preview:-1\" \/>\n<link rel=\"canonical\" href=\"https:\/\/dpress.ma\/fr\/2026\/04\/11\/maroc-fashion-week-2026-marrakech-vibre-au-rythme-de-la-creation-et-de-lelegance\/\" \/>\n<meta property=\"og:locale\" content=\"fr_FR\" \/>\n<meta property=\"og:type\" content=\"article\" \/>\n<meta property=\"og:title\" content=\"Maroc Fashion Week 2026 : Marrakech vibre au rythme de la cr\u00e9ation et de l\u2019\u00e9l\u00e9gance - Dpress.ma\/fr\" \/>\n<meta property=\"og:description\" content=\"Dpress La Cit\u00e9 ocre a vibr\u00e9 vendredi, au rythme de la cr\u00e9ation et de l\u2019\u00e9l\u00e9gance \u00e0 l\u2019occasion du lancement de la Maroc Fashion Week (MFW), marquant le grand retour de cet \u00e9v\u00e9nement phare dans une version renouvel\u00e9e, ambitieuse et r\u00e9solument tourn\u00e9e vers les standards internationaux. Organis\u00e9e dans un contexte de renouveau de la mode nationale, &hellip;\" \/>\n<meta property=\"og:url\" content=\"https:\/\/dpress.ma\/fr\/2026\/04\/11\/maroc-fashion-week-2026-marrakech-vibre-au-rythme-de-la-creation-et-de-lelegance\/\" \/>\n<meta property=\"og:site_name\" content=\"Dpress.ma\/fr\" \/>\n<meta property=\"article:published_time\" content=\"2026-04-11T11:15:26+00:00\" \/>\n<meta property=\"article:modified_time\" content=\"2026-04-11T11:15:28+00:00\" \/>\n<meta property=\"og:image\" content=\"https:\/\/dpress.ma\/fr\/wp-content\/uploads\/sites\/2\/2026\/04\/13-2.jpg\" \/>\n\t<meta property=\"og:image:width\" content=\"2539\" \/>\n\t<meta property=\"og:image:height\" content=\"1594\" \/>\n\t<meta property=\"og:image:type\" content=\"image\/jpeg\" \/>\n<meta name=\"author\" content=\"Dpress.ma\" \/>\n<meta name=\"twitter:card\" content=\"summary_large_image\" \/>\n<meta name=\"twitter:label1\" content=\"\u00c9crit par\" \/>\n\t<meta name=\"twitter:data1\" content=\"Dpress.ma\" \/>\n\t<meta name=\"twitter:label2\" content=\"Dur\u00e9e de lecture estim\u00e9e\" \/>\n\t<meta name=\"twitter:data2\" content=\"3 minutes\" \/>\n<script type=\"application\/ld+json\" class=\"yoast-schema-graph\">{\"@context\":\"https:\\\/\\\/schema.org\",\"@graph\":[{\"@type\":\"Article\",\"@id\":\"https:\\\/\\\/dpress.ma\\\/fr\\\/2026\\\/04\\\/11\\\/maroc-fashion-week-2026-marrakech-vibre-au-rythme-de-la-creation-et-de-lelegance\\\/#article\",\"isPartOf\":{\"@id\":\"https:\\\/\\\/dpress.ma\\\/fr\\\/2026\\\/04\\\/11\\\/maroc-fashion-week-2026-marrakech-vibre-au-rythme-de-la-creation-et-de-lelegance\\\/\"},\"author\":{\"name\":\"Dpress.ma\",\"@id\":\"https:\\\/\\\/dpress.ma\\\/fr\\\/#\\\/schema\\\/person\\\/4898febf3ccd59e6578d838656a306a0\"},\"headline\":\"Maroc Fashion Week 2026 : Marrakech vibre au rythme de la cr\u00e9ation et de l\u2019\u00e9l\u00e9gance\",\"datePublished\":\"2026-04-11T11:15:26+00:00\",\"dateModified\":\"2026-04-11T11:15:28+00:00\",\"mainEntityOfPage\":{\"@id\":\"https:\\\/\\\/dpress.ma\\\/fr\\\/2026\\\/04\\\/11\\\/maroc-fashion-week-2026-marrakech-vibre-au-rythme-de-la-creation-et-de-lelegance\\\/\"},\"wordCount\":681,\"commentCount\":0,\"image\":{\"@id\":\"https:\\\/\\\/dpress.ma\\\/fr\\\/2026\\\/04\\\/11\\\/maroc-fashion-week-2026-marrakech-vibre-au-rythme-de-la-creation-et-de-lelegance\\\/#primaryimage\"},\"thumbnailUrl\":\"https:\\\/\\\/dpress.ma\\\/fr\\\/wp-content\\\/uploads\\\/sites\\\/2\\\/2026\\\/04\\\/13-2.jpg\",\"articleSection\":[\"Art et Culture\"],\"inLanguage\":\"fr-FR\",\"potentialAction\":[{\"@type\":\"CommentAction\",\"name\":\"Comment\",\"target\":[\"https:\\\/\\\/dpress.ma\\\/fr\\\/2026\\\/04\\\/11\\\/maroc-fashion-week-2026-marrakech-vibre-au-rythme-de-la-creation-et-de-lelegance\\\/#respond\"]}]},{\"@type\":\"WebPage\",\"@id\":\"https:\\\/\\\/dpress.ma\\\/fr\\\/2026\\\/04\\\/11\\\/maroc-fashion-week-2026-marrakech-vibre-au-rythme-de-la-creation-et-de-lelegance\\\/\",\"url\":\"https:\\\/\\\/dpress.ma\\\/fr\\\/2026\\\/04\\\/11\\\/maroc-fashion-week-2026-marrakech-vibre-au-rythme-de-la-creation-et-de-lelegance\\\/\",\"name\":\"Maroc Fashion Week 2026 : Marrakech vibre au rythme de la cr\u00e9ation et de l\u2019\u00e9l\u00e9gance - Dpress.ma\\\/fr\",\"isPartOf\":{\"@id\":\"https:\\\/\\\/dpress.ma\\\/fr\\\/#website\"},\"primaryImageOfPage\":{\"@id\":\"https:\\\/\\\/dpress.ma\\\/fr\\\/2026\\\/04\\\/11\\\/maroc-fashion-week-2026-marrakech-vibre-au-rythme-de-la-creation-et-de-lelegance\\\/#primaryimage\"},\"image\":{\"@id\":\"https:\\\/\\\/dpress.ma\\\/fr\\\/2026\\\/04\\\/11\\\/maroc-fashion-week-2026-marrakech-vibre-au-rythme-de-la-creation-et-de-lelegance\\\/#primaryimage\"},\"thumbnailUrl\":\"https:\\\/\\\/dpress.ma\\\/fr\\\/wp-content\\\/uploads\\\/sites\\\/2\\\/2026\\\/04\\\/13-2.jpg\",\"datePublished\":\"2026-04-11T11:15:26+00:00\",\"dateModified\":\"2026-04-11T11:15:28+00:00\",\"author\":{\"@id\":\"https:\\\/\\\/dpress.ma\\\/fr\\\/#\\\/schema\\\/person\\\/4898febf3ccd59e6578d838656a306a0\"},\"breadcrumb\":{\"@id\":\"https:\\\/\\\/dpress.ma\\\/fr\\\/2026\\\/04\\\/11\\\/maroc-fashion-week-2026-marrakech-vibre-au-rythme-de-la-creation-et-de-lelegance\\\/#breadcrumb\"},\"inLanguage\":\"fr-FR\",\"potentialAction\":[{\"@type\":\"ReadAction\",\"target\":[\"https:\\\/\\\/dpress.ma\\\/fr\\\/2026\\\/04\\\/11\\\/maroc-fashion-week-2026-marrakech-vibre-au-rythme-de-la-creation-et-de-lelegance\\\/\"]}]},{\"@type\":\"ImageObject\",\"inLanguage\":\"fr-FR\",\"@id\":\"https:\\\/\\\/dpress.ma\\\/fr\\\/2026\\\/04\\\/11\\\/maroc-fashion-week-2026-marrakech-vibre-au-rythme-de-la-creation-et-de-lelegance\\\/#primaryimage\",\"url\":\"https:\\\/\\\/dpress.ma\\\/fr\\\/wp-content\\\/uploads\\\/sites\\\/2\\\/2026\\\/04\\\/13-2.jpg\",\"contentUrl\":\"https:\\\/\\\/dpress.ma\\\/fr\\\/wp-content\\\/uploads\\\/sites\\\/2\\\/2026\\\/04\\\/13-2.jpg\",\"width\":2539,\"height\":1594},{\"@type\":\"BreadcrumbList\",\"@id\":\"https:\\\/\\\/dpress.ma\\\/fr\\\/2026\\\/04\\\/11\\\/maroc-fashion-week-2026-marrakech-vibre-au-rythme-de-la-creation-et-de-lelegance\\\/#breadcrumb\",\"itemListElement\":[{\"@type\":\"ListItem\",\"position\":1,\"name\":\"Home\",\"item\":\"https:\\\/\\\/dpress.ma\\\/fr\\\/\"},{\"@type\":\"ListItem\",\"position\":2,\"name\":\"Maroc Fashion Week 2026 : Marrakech vibre au rythme de la cr\u00e9ation et de l\u2019\u00e9l\u00e9gance\"}]},{\"@type\":\"WebSite\",\"@id\":\"https:\\\/\\\/dpress.ma\\\/fr\\\/#website\",\"url\":\"https:\\\/\\\/dpress.ma\\\/fr\\\/\",\"name\":\"Dpress.ma\\\/fr\",\"description\":\"\",\"potentialAction\":[{\"@type\":\"SearchAction\",\"target\":{\"@type\":\"EntryPoint\",\"urlTemplate\":\"https:\\\/\\\/dpress.ma\\\/fr\\\/?s={search_term_string}\"},\"query-input\":{\"@type\":\"PropertyValueSpecification\",\"valueRequired\":true,\"valueName\":\"search_term_string\"}}],\"inLanguage\":\"fr-FR\"},{\"@type\":\"Person\",\"@id\":\"https:\\\/\\\/dpress.ma\\\/fr\\\/#\\\/schema\\\/person\\\/4898febf3ccd59e6578d838656a306a0\",\"name\":\"Dpress.ma\",\"image\":{\"@type\":\"ImageObject\",\"inLanguage\":\"fr-FR\",\"@id\":\"https:\\\/\\\/secure.gravatar.com\\\/avatar\\\/72ecc30e9db047a2e0e7176561eb9d564ed77c8108376495b19bd8336405198a?s=96&d=mm&r=g\",\"url\":\"https:\\\/\\\/secure.gravatar.com\\\/avatar\\\/72ecc30e9db047a2e0e7176561eb9d564ed77c8108376495b19bd8336405198a?s=96&d=mm&r=g\",\"contentUrl\":\"https:\\\/\\\/secure.gravatar.com\\\/avatar\\\/72ecc30e9db047a2e0e7176561eb9d564ed77c8108376495b19bd8336405198a?s=96&d=mm&r=g\",\"caption\":\"Dpress.ma\"},\"sameAs\":[\"https:\\\/\\\/www.dpress.ma\"],\"url\":\"https:\\\/\\\/dpress.ma\\\/fr\\\/author\\\/dpress-ma\\\/\"}]}<\/script>\n<!-- \/ Yoast SEO plugin. -->","yoast_head_json":{"title":"Maroc Fashion Week 2026 : Marrakech vibre au rythme de la cr\u00e9ation et de l\u2019\u00e9l\u00e9gance - Dpress.ma\/fr","robots":{"index":"index","follow":"follow","max-snippet":"max-snippet:-1","max-image-preview":"max-image-preview:large","max-video-preview":"max-video-preview:-1"},"canonical":"https:\/\/dpress.ma\/fr\/2026\/04\/11\/maroc-fashion-week-2026-marrakech-vibre-au-rythme-de-la-creation-et-de-lelegance\/","og_locale":"fr_FR","og_type":"article","og_title":"Maroc Fashion Week 2026 : Marrakech vibre au rythme de la cr\u00e9ation et de l\u2019\u00e9l\u00e9gance - Dpress.ma\/fr","og_description":"Dpress La Cit\u00e9 ocre a vibr\u00e9 vendredi, au rythme de la cr\u00e9ation et de l\u2019\u00e9l\u00e9gance \u00e0 l\u2019occasion du lancement de la Maroc Fashion Week (MFW), marquant le grand retour de cet \u00e9v\u00e9nement phare dans une version renouvel\u00e9e, ambitieuse et r\u00e9solument tourn\u00e9e vers les standards internationaux. Organis\u00e9e dans un contexte de renouveau de la mode nationale, &hellip;","og_url":"https:\/\/dpress.ma\/fr\/2026\/04\/11\/maroc-fashion-week-2026-marrakech-vibre-au-rythme-de-la-creation-et-de-lelegance\/","og_site_name":"Dpress.ma\/fr","article_published_time":"2026-04-11T11:15:26+00:00","article_modified_time":"2026-04-11T11:15:28+00:00","og_image":[{"width":2539,"height":1594,"url":"https:\/\/dpress.ma\/fr\/wp-content\/uploads\/sites\/2\/2026\/04\/13-2.jpg","type":"image\/jpeg"}],"author":"Dpress.ma","twitter_card":"summary_large_image","twitter_misc":{"\u00c9crit par":"Dpress.ma","Dur\u00e9e de lecture estim\u00e9e":"3 minutes"},"schema":{"@context":"https:\/\/schema.org","@graph":[{"@type":"Article","@id":"https:\/\/dpress.ma\/fr\/2026\/04\/11\/maroc-fashion-week-2026-marrakech-vibre-au-rythme-de-la-creation-et-de-lelegance\/#article","isPartOf":{"@id":"https:\/\/dpress.ma\/fr\/2026\/04\/11\/maroc-fashion-week-2026-marrakech-vibre-au-rythme-de-la-creation-et-de-lelegance\/"},"author":{"name":"Dpress.ma","@id":"https:\/\/dpress.ma\/fr\/#\/schema\/person\/4898febf3ccd59e6578d838656a306a0"},"headline":"Maroc Fashion Week 2026 : Marrakech vibre au rythme de la cr\u00e9ation et de l\u2019\u00e9l\u00e9gance","datePublished":"2026-04-11T11:15:26+00:00","dateModified":"2026-04-11T11:15:28+00:00","mainEntityOfPage":{"@id":"https:\/\/dpress.ma\/fr\/2026\/04\/11\/maroc-fashion-week-2026-marrakech-vibre-au-rythme-de-la-creation-et-de-lelegance\/"},"wordCount":681,"commentCount":0,"image":{"@id":"https:\/\/dpress.ma\/fr\/2026\/04\/11\/maroc-fashion-week-2026-marrakech-vibre-au-rythme-de-la-creation-et-de-lelegance\/#primaryimage"},"thumbnailUrl":"https:\/\/dpress.ma\/fr\/wp-content\/uploads\/sites\/2\/2026\/04\/13-2.jpg","articleSection":["Art et Culture"],"inLanguage":"fr-FR","potentialAction":[{"@type":"CommentAction","name":"Comment","target":["https:\/\/dpress.ma\/fr\/2026\/04\/11\/maroc-fashion-week-2026-marrakech-vibre-au-rythme-de-la-creation-et-de-lelegance\/#respond"]}]},{"@type":"WebPage","@id":"https:\/\/dpress.ma\/fr\/2026\/04\/11\/maroc-fashion-week-2026-marrakech-vibre-au-rythme-de-la-creation-et-de-lelegance\/","url":"https:\/\/dpress.ma\/fr\/2026\/04\/11\/maroc-fashion-week-2026-marrakech-vibre-au-rythme-de-la-creation-et-de-lelegance\/","name":"Maroc Fashion Week 2026 : Marrakech vibre au rythme de la cr\u00e9ation et de l\u2019\u00e9l\u00e9gance - Dpress.ma\/fr","isPartOf":{"@id":"https:\/\/dpress.ma\/fr\/#website"},"primaryImageOfPage":{"@id":"https:\/\/dpress.ma\/fr\/2026\/04\/11\/maroc-fashion-week-2026-marrakech-vibre-au-rythme-de-la-creation-et-de-lelegance\/#primaryimage"},"image":{"@id":"https:\/\/dpress.ma\/fr\/2026\/04\/11\/maroc-fashion-week-2026-marrakech-vibre-au-rythme-de-la-creation-et-de-lelegance\/#primaryimage"},"thumbnailUrl":"https:\/\/dpress.ma\/fr\/wp-content\/uploads\/sites\/2\/2026\/04\/13-2.jpg","datePublished":"2026-04-11T11:15:26+00:00","dateModified":"2026-04-11T11:15:28+00:00","author":{"@id":"https:\/\/dpress.ma\/fr\/#\/schema\/person\/4898febf3ccd59e6578d838656a306a0"},"breadcrumb":{"@id":"https:\/\/dpress.ma\/fr\/2026\/04\/11\/maroc-fashion-week-2026-marrakech-vibre-au-rythme-de-la-creation-et-de-lelegance\/#breadcrumb"},"inLanguage":"fr-FR","potentialAction":[{"@type":"ReadAction","target":["https:\/\/dpress.ma\/fr\/2026\/04\/11\/maroc-fashion-week-2026-marrakech-vibre-au-rythme-de-la-creation-et-de-lelegance\/"]}]},{"@type":"ImageObject","inLanguage":"fr-FR","@id":"https:\/\/dpress.ma\/fr\/2026\/04\/11\/maroc-fashion-week-2026-marrakech-vibre-au-rythme-de-la-creation-et-de-lelegance\/#primaryimage","url":"https:\/\/dpress.ma\/fr\/wp-content\/uploads\/sites\/2\/2026\/04\/13-2.jpg","contentUrl":"https:\/\/dpress.ma\/fr\/wp-content\/uploads\/sites\/2\/2026\/04\/13-2.jpg","width":2539,"height":1594},{"@type":"BreadcrumbList","@id":"https:\/\/dpress.ma\/fr\/2026\/04\/11\/maroc-fashion-week-2026-marrakech-vibre-au-rythme-de-la-creation-et-de-lelegance\/#breadcrumb","itemListElement":[{"@type":"ListItem","position":1,"name":"Home","item":"https:\/\/dpress.ma\/fr\/"},{"@type":"ListItem","position":2,"name":"Maroc Fashion Week 2026 : Marrakech vibre au rythme de la cr\u00e9ation et de l\u2019\u00e9l\u00e9gance"}]},{"@type":"WebSite","@id":"https:\/\/dpress.ma\/fr\/#website","url":"https:\/\/dpress.ma\/fr\/","name":"Dpress.ma\/fr","description":"","potentialAction":[{"@type":"SearchAction","target":{"@type":"EntryPoint","urlTemplate":"https:\/\/dpress.ma\/fr\/?s={search_term_string}"},"query-input":{"@type":"PropertyValueSpecification","valueRequired":true,"valueName":"search_term_string"}}],"inLanguage":"fr-FR"},{"@type":"Person","@id":"https:\/\/dpress.ma\/fr\/#\/schema\/person\/4898febf3ccd59e6578d838656a306a0","name":"Dpress.ma","image":{"@type":"ImageObject","inLanguage":"fr-FR","@id":"https:\/\/secure.gravatar.com\/avatar\/72ecc30e9db047a2e0e7176561eb9d564ed77c8108376495b19bd8336405198a?s=96&d=mm&r=g","url":"https:\/\/secure.gravatar.com\/avatar\/72ecc30e9db047a2e0e7176561eb9d564ed77c8108376495b19bd8336405198a?s=96&d=mm&r=g","contentUrl":"https:\/\/secure.gravatar.com\/avatar\/72ecc30e9db047a2e0e7176561eb9d564ed77c8108376495b19bd8336405198a?s=96&d=mm&r=g","caption":"Dpress.ma"},"sameAs":["https:\/\/www.dpress.ma"],"url":"https:\/\/dpress.ma\/fr\/author\/dpress-ma\/"}]}},"amp_enabled":true,"_links":{"self":[{"href":"https:\/\/dpress.ma\/fr\/wp-json\/wp\/v2\/posts\/28293","targetHints":{"allow":["GET"]}}],"collection":[{"href":"https:\/\/dpress.ma\/fr\/wp-json\/wp\/v2\/posts"}],"about":[{"href":"https:\/\/dpress.ma\/fr\/wp-json\/wp\/v2\/types\/post"}],"author":[{"embeddable":true,"href":"https:\/\/dpress.ma\/fr\/wp-json\/wp\/v2\/users\/2"}],"replies":[{"embeddable":true,"href":"https:\/\/dpress.ma\/fr\/wp-json\/wp\/v2\/comments?post=28293"}],"version-history":[{"count":1,"href":"https:\/\/dpress.ma\/fr\/wp-json\/wp\/v2\/posts\/28293\/revisions"}],"predecessor-version":[{"id":28295,"href":"https:\/\/dpress.ma\/fr\/wp-json\/wp\/v2\/posts\/28293\/revisions\/28295"}],"wp:featuredmedia":[{"embeddable":true,"href":"https:\/\/dpress.ma\/fr\/wp-json\/wp\/v2\/media\/28294"}],"wp:attachment":[{"href":"https:\/\/dpress.ma\/fr\/wp-json\/wp\/v2\/media?parent=28293"}],"wp:term":[{"taxonomy":"category","embeddable":true,"href":"https:\/\/dpress.ma\/fr\/wp-json\/wp\/v2\/categories?post=28293"},{"taxonomy":"post_tag","embeddable":true,"href":"https:\/\/dpress.ma\/fr\/wp-json\/wp\/v2\/tags?post=28293"}],"curies":[{"name":"wp","href":"https:\/\/api.w.org\/{rel}","templated":true}]}}