{"id":28290,"date":"2026-04-11T11:14:29","date_gmt":"2026-04-11T11:14:29","guid":{"rendered":"https:\/\/dpress.ma\/fr\/?p=28290"},"modified":"2026-04-11T11:14:31","modified_gmt":"2026-04-11T11:14:31","slug":"fes-et-grenade-les-villes-magiques-une-exposition-en-miroir-du-patrimoine-arabo-andalou-signee-rafael-carmona-2","status":"publish","type":"post","link":"https:\/\/dpress.ma\/fr\/2026\/04\/11\/fes-et-grenade-les-villes-magiques-une-exposition-en-miroir-du-patrimoine-arabo-andalou-signee-rafael-carmona-2\/","title":{"rendered":"\u201cF\u00e8s et Grenade, les villes magiques\u201d : une exposition en miroir du patrimoine arabo-andalou sign\u00e9e Rafael Carmona"},"content":{"rendered":"\n<p>Dpress<\/p>\n\n\n\n<p>Le vernissage de l\u2019exposition \u201cF\u00e8s et Grenade, les villes magiques\u201d, de l\u2019artiste-photographe Rafael Carmona, s\u2019est tenu vendredi au Centre culturel \u201cLes \u00c9toiles\u201d \u00e0 F\u00e8s, offrant au public une immersion visuelle captivante dans les similitudes architecturales et culturelles entre ces deux cit\u00e9s embl\u00e9matiques d\u2019h\u00e9ritage andalou.<\/p>\n\n\n\n<p>Organis\u00e9e dans le cadre d\u2019une collaboration entre l\u2019Institut Cervantes de F\u00e8s et le Centre culturel \u201cLes \u00c9toiles\u201d, cette exposition s\u2019inscrit dans une dynamique de valorisation des passerelles culturelles entre le Maroc et l\u2019Espagne. Elle a d\u00e9j\u00e0 \u00e9t\u00e9 pr\u00e9sent\u00e9e notamment \u00e0 l\u2019Institut Cervantes, puis \u00e0 la Facult\u00e9 de m\u00e9decine \u00e0 l\u2019occasion du Congr\u00e8s d\u2019histoire de la m\u00e9decine, avant de poursuivre son itin\u00e9rance au c\u0153ur de la m\u00e9dina de F\u00e8s jusqu\u2019au 15 mai.<\/p>\n\n\n\n<p>A travers une s\u00e9rie de clich\u00e9s soigneusement s\u00e9lectionn\u00e9s, Rafael Carmona propose un v\u00e9ritable dialogue visuel entre F\u00e8s et Grenade, deux villes unies par une histoire commune marqu\u00e9e par l\u2019influence arabo-andalouse. Les photographies mettent en exergue les correspondances frappantes entre les tissus urbains, les ruelles sinueuses, les patios, les arcs et les ornements architecturaux, r\u00e9v\u00e9lant ainsi une proximit\u00e9 esth\u00e9tique qui transcende les fronti\u00e8res g\u00e9ographiques.<\/p>\n\n\n\n<p>L\u2019artiste invite ainsi le visiteur \u00e0 porter un regard attentif sur les d\u00e9tails, \u00e0 observer les jeux de lumi\u00e8re, les textures des murs et la finesse des motifs d\u00e9coratifs, autant d\u2019\u00e9l\u00e9ments qui t\u00e9moignent d\u2019un patrimoine partag\u00e9 et d\u2019une m\u00e9moire collective encore vivante. Cette approche sensible et immersive permet de red\u00e9couvrir ces espaces sous un angle in\u00e9dit, en soulignant leur richesse et leur singularit\u00e9.<\/p>\n\n\n\n<p>L\u2019exposition se distingue \u00e9galement par une dimension interactive et ludique, invitant les visiteurs \u00e0 deviner l\u2019origine des photographies expos\u00e9es. Ce jeu subtil consiste \u00e0 d\u00e9terminer si les clich\u00e9s ont \u00e9t\u00e9 pris \u00e0 F\u00e8s ou \u00e0 Grenade, un exercice souvent d\u00e9licat tant les ressemblances sont saisissantes. Cette d\u00e9marche met en \u00e9vidence la profondeur des liens culturels entre les deux villes et suscite la curiosit\u00e9 du public, tout en enrichissant son exp\u00e9rience de visite.<\/p>\n\n\n\n<p>Dans une d\u00e9claration \u00e0 la MAP, la directrice du Centre culturel \u201cLes \u00c9toiles\u201d \u00e0 F\u00e8s, Najlae Lharti, a soulign\u00e9 que cette exposition vise \u00e0 mettre en lumi\u00e8re les nombreuses similitudes entre F\u00e8s et Grenade, tout en sensibilisant le public \u00e0 l\u2019importance des \u00e9changes culturels entre les deux rives de la M\u00e9diterran\u00e9e.<\/p>\n\n\n\n<p>Elle a pr\u00e9cis\u00e9 que cette initiative s\u2019inscrit dans une volont\u00e9 de promouvoir le dialogue interculturel et de valoriser un h\u00e9ritage commun riche et diversifi\u00e9.<\/p>\n\n\n\n<p>Mme Lharti a \u00e9galement relev\u00e9 que les \u0153uvres pr\u00e9sent\u00e9es ne se limitent pas \u00e0 une simple juxtaposition d\u2019images, mais constituent une v\u00e9ritable narration visuelle, nourrie de r\u00e9f\u00e9rences historiques, litt\u00e9raires et artistiques.<\/p>\n\n\n\n<p>Selon elle, cette approche contribue \u00e0 renforcer la compr\u00e9hension des liens profonds qui unissent les deux cit\u00e9s et \u00e0 encourager une r\u00e9flexion sur la transmission du patrimoine.<\/p>\n\n\n\n<p>De son c\u00f4t\u00e9, le directeur de l\u2019Institut Cervantes de F\u00e8s, Oscar Pujol Riembau, a mis en avant la port\u00e9e symbolique de cette exposition, qui illustre, selon lui, la vitalit\u00e9 de l\u2019h\u00e9ritage arabo-andalou dans la culture espagnole contemporaine.<\/p>\n\n\n\n<p>Il a soulign\u00e9 que la difficult\u00e9 \u00e0 distinguer les clich\u00e9s pris \u00e0 F\u00e8s de ceux r\u00e9alis\u00e9s \u00e0 Grenade t\u00e9moigne de la continuit\u00e9 historique et culturelle entre les deux villes.<\/p>\n\n\n\n<p>M. Pujol Riembau a, en outre, insist\u00e9 sur le r\u00f4le des initiatives culturelles dans le rapprochement des peuples, affirmant que ce type de manifestation contribue \u00e0 consolider les liens entre le Maroc et l\u2019Espagne, tout en favorisant une meilleure connaissance mutuelle.<\/p>\n\n\n\n<p>Il a rappel\u00e9 que l\u2019h\u00e9ritage arabo-andalou constitue un pilier fondamental de l\u2019identit\u00e9 culturelle espagnole et un vecteur privil\u00e9gi\u00e9 de dialogue avec le monde arabe.<\/p>\n","protected":false},"excerpt":{"rendered":"<p>Dpress Le vernissage de l\u2019exposition \u201cF\u00e8s et Grenade, les villes magiques\u201d, de l\u2019artiste-photographe Rafael Carmona, s\u2019est tenu vendredi au Centre culturel \u201cLes \u00c9toiles\u201d \u00e0 F\u00e8s, offrant au public une immersion visuelle captivante dans les similitudes architecturales et culturelles entre ces deux cit\u00e9s embl\u00e9matiques d\u2019h\u00e9ritage andalou. Organis\u00e9e dans le cadre d\u2019une collaboration entre l\u2019Institut Cervantes de &hellip;<\/p>\n","protected":false},"author":2,"featured_media":28291,"comment_status":"open","ping_status":"open","sticky":false,"template":"","format":"standard","meta":{"footnotes":""},"categories":[31],"tags":[],"class_list":["post-28290","post","type-post","status-publish","format-standard","has-post-thumbnail","hentry","category-art-et-culture"],"yoast_head":"<!-- This site is optimized with the Yoast SEO plugin v27.4 - https:\/\/yoast.com\/product\/yoast-seo-wordpress\/ -->\n<title>\u201cF\u00e8s et Grenade, les villes magiques\u201d : une exposition en miroir du patrimoine arabo-andalou sign\u00e9e Rafael Carmona - Dpress.ma\/fr<\/title>\n<meta name=\"robots\" content=\"index, follow, max-snippet:-1, max-image-preview:large, max-video-preview:-1\" \/>\n<link rel=\"canonical\" href=\"https:\/\/dpress.ma\/fr\/2026\/04\/11\/fes-et-grenade-les-villes-magiques-une-exposition-en-miroir-du-patrimoine-arabo-andalou-signee-rafael-carmona-2\/\" \/>\n<meta property=\"og:locale\" content=\"fr_FR\" \/>\n<meta property=\"og:type\" content=\"article\" \/>\n<meta property=\"og:title\" content=\"\u201cF\u00e8s et Grenade, les villes magiques\u201d : une exposition en miroir du patrimoine arabo-andalou sign\u00e9e Rafael Carmona - Dpress.ma\/fr\" \/>\n<meta property=\"og:description\" content=\"Dpress Le vernissage de l\u2019exposition \u201cF\u00e8s et Grenade, les villes magiques\u201d, de l\u2019artiste-photographe Rafael Carmona, s\u2019est tenu vendredi au Centre culturel \u201cLes \u00c9toiles\u201d \u00e0 F\u00e8s, offrant au public une immersion visuelle captivante dans les similitudes architecturales et culturelles entre ces deux cit\u00e9s embl\u00e9matiques d\u2019h\u00e9ritage andalou. Organis\u00e9e dans le cadre d\u2019une collaboration entre l\u2019Institut Cervantes de &hellip;\" \/>\n<meta property=\"og:url\" content=\"https:\/\/dpress.ma\/fr\/2026\/04\/11\/fes-et-grenade-les-villes-magiques-une-exposition-en-miroir-du-patrimoine-arabo-andalou-signee-rafael-carmona-2\/\" \/>\n<meta property=\"og:site_name\" content=\"Dpress.ma\/fr\" \/>\n<meta property=\"article:published_time\" content=\"2026-04-11T11:14:29+00:00\" \/>\n<meta property=\"article:modified_time\" content=\"2026-04-11T11:14:31+00:00\" \/>\n<meta property=\"og:image\" content=\"https:\/\/dpress.ma\/fr\/wp-content\/uploads\/sites\/2\/2026\/04\/12-1.jpg\" \/>\n\t<meta property=\"og:image:width\" content=\"2539\" \/>\n\t<meta property=\"og:image:height\" content=\"1594\" \/>\n\t<meta property=\"og:image:type\" content=\"image\/jpeg\" \/>\n<meta name=\"author\" content=\"Dpress.ma\" \/>\n<meta name=\"twitter:card\" content=\"summary_large_image\" \/>\n<meta name=\"twitter:label1\" content=\"\u00c9crit par\" \/>\n\t<meta name=\"twitter:data1\" content=\"Dpress.ma\" \/>\n\t<meta name=\"twitter:label2\" content=\"Dur\u00e9e de lecture estim\u00e9e\" \/>\n\t<meta name=\"twitter:data2\" content=\"4 minutes\" \/>\n<script type=\"application\/ld+json\" class=\"yoast-schema-graph\">{\"@context\":\"https:\\\/\\\/schema.org\",\"@graph\":[{\"@type\":\"Article\",\"@id\":\"https:\\\/\\\/dpress.ma\\\/fr\\\/2026\\\/04\\\/11\\\/fes-et-grenade-les-villes-magiques-une-exposition-en-miroir-du-patrimoine-arabo-andalou-signee-rafael-carmona-2\\\/#article\",\"isPartOf\":{\"@id\":\"https:\\\/\\\/dpress.ma\\\/fr\\\/2026\\\/04\\\/11\\\/fes-et-grenade-les-villes-magiques-une-exposition-en-miroir-du-patrimoine-arabo-andalou-signee-rafael-carmona-2\\\/\"},\"author\":{\"name\":\"Dpress.ma\",\"@id\":\"https:\\\/\\\/dpress.ma\\\/fr\\\/#\\\/schema\\\/person\\\/4898febf3ccd59e6578d838656a306a0\"},\"headline\":\"\u201cF\u00e8s et Grenade, les villes magiques\u201d : une exposition en miroir du patrimoine arabo-andalou sign\u00e9e Rafael Carmona\",\"datePublished\":\"2026-04-11T11:14:29+00:00\",\"dateModified\":\"2026-04-11T11:14:31+00:00\",\"mainEntityOfPage\":{\"@id\":\"https:\\\/\\\/dpress.ma\\\/fr\\\/2026\\\/04\\\/11\\\/fes-et-grenade-les-villes-magiques-une-exposition-en-miroir-du-patrimoine-arabo-andalou-signee-rafael-carmona-2\\\/\"},\"wordCount\":674,\"commentCount\":0,\"image\":{\"@id\":\"https:\\\/\\\/dpress.ma\\\/fr\\\/2026\\\/04\\\/11\\\/fes-et-grenade-les-villes-magiques-une-exposition-en-miroir-du-patrimoine-arabo-andalou-signee-rafael-carmona-2\\\/#primaryimage\"},\"thumbnailUrl\":\"https:\\\/\\\/dpress.ma\\\/fr\\\/wp-content\\\/uploads\\\/sites\\\/2\\\/2026\\\/04\\\/12-1.jpg\",\"articleSection\":[\"Art et Culture\"],\"inLanguage\":\"fr-FR\",\"potentialAction\":[{\"@type\":\"CommentAction\",\"name\":\"Comment\",\"target\":[\"https:\\\/\\\/dpress.ma\\\/fr\\\/2026\\\/04\\\/11\\\/fes-et-grenade-les-villes-magiques-une-exposition-en-miroir-du-patrimoine-arabo-andalou-signee-rafael-carmona-2\\\/#respond\"]}]},{\"@type\":\"WebPage\",\"@id\":\"https:\\\/\\\/dpress.ma\\\/fr\\\/2026\\\/04\\\/11\\\/fes-et-grenade-les-villes-magiques-une-exposition-en-miroir-du-patrimoine-arabo-andalou-signee-rafael-carmona-2\\\/\",\"url\":\"https:\\\/\\\/dpress.ma\\\/fr\\\/2026\\\/04\\\/11\\\/fes-et-grenade-les-villes-magiques-une-exposition-en-miroir-du-patrimoine-arabo-andalou-signee-rafael-carmona-2\\\/\",\"name\":\"\u201cF\u00e8s et Grenade, les villes magiques\u201d : une exposition en miroir du patrimoine arabo-andalou sign\u00e9e Rafael Carmona - Dpress.ma\\\/fr\",\"isPartOf\":{\"@id\":\"https:\\\/\\\/dpress.ma\\\/fr\\\/#website\"},\"primaryImageOfPage\":{\"@id\":\"https:\\\/\\\/dpress.ma\\\/fr\\\/2026\\\/04\\\/11\\\/fes-et-grenade-les-villes-magiques-une-exposition-en-miroir-du-patrimoine-arabo-andalou-signee-rafael-carmona-2\\\/#primaryimage\"},\"image\":{\"@id\":\"https:\\\/\\\/dpress.ma\\\/fr\\\/2026\\\/04\\\/11\\\/fes-et-grenade-les-villes-magiques-une-exposition-en-miroir-du-patrimoine-arabo-andalou-signee-rafael-carmona-2\\\/#primaryimage\"},\"thumbnailUrl\":\"https:\\\/\\\/dpress.ma\\\/fr\\\/wp-content\\\/uploads\\\/sites\\\/2\\\/2026\\\/04\\\/12-1.jpg\",\"datePublished\":\"2026-04-11T11:14:29+00:00\",\"dateModified\":\"2026-04-11T11:14:31+00:00\",\"author\":{\"@id\":\"https:\\\/\\\/dpress.ma\\\/fr\\\/#\\\/schema\\\/person\\\/4898febf3ccd59e6578d838656a306a0\"},\"breadcrumb\":{\"@id\":\"https:\\\/\\\/dpress.ma\\\/fr\\\/2026\\\/04\\\/11\\\/fes-et-grenade-les-villes-magiques-une-exposition-en-miroir-du-patrimoine-arabo-andalou-signee-rafael-carmona-2\\\/#breadcrumb\"},\"inLanguage\":\"fr-FR\",\"potentialAction\":[{\"@type\":\"ReadAction\",\"target\":[\"https:\\\/\\\/dpress.ma\\\/fr\\\/2026\\\/04\\\/11\\\/fes-et-grenade-les-villes-magiques-une-exposition-en-miroir-du-patrimoine-arabo-andalou-signee-rafael-carmona-2\\\/\"]}]},{\"@type\":\"ImageObject\",\"inLanguage\":\"fr-FR\",\"@id\":\"https:\\\/\\\/dpress.ma\\\/fr\\\/2026\\\/04\\\/11\\\/fes-et-grenade-les-villes-magiques-une-exposition-en-miroir-du-patrimoine-arabo-andalou-signee-rafael-carmona-2\\\/#primaryimage\",\"url\":\"https:\\\/\\\/dpress.ma\\\/fr\\\/wp-content\\\/uploads\\\/sites\\\/2\\\/2026\\\/04\\\/12-1.jpg\",\"contentUrl\":\"https:\\\/\\\/dpress.ma\\\/fr\\\/wp-content\\\/uploads\\\/sites\\\/2\\\/2026\\\/04\\\/12-1.jpg\",\"width\":2539,\"height\":1594},{\"@type\":\"BreadcrumbList\",\"@id\":\"https:\\\/\\\/dpress.ma\\\/fr\\\/2026\\\/04\\\/11\\\/fes-et-grenade-les-villes-magiques-une-exposition-en-miroir-du-patrimoine-arabo-andalou-signee-rafael-carmona-2\\\/#breadcrumb\",\"itemListElement\":[{\"@type\":\"ListItem\",\"position\":1,\"name\":\"Home\",\"item\":\"https:\\\/\\\/dpress.ma\\\/fr\\\/\"},{\"@type\":\"ListItem\",\"position\":2,\"name\":\"\u201cF\u00e8s et Grenade, les villes magiques\u201d : une exposition en miroir du patrimoine arabo-andalou sign\u00e9e Rafael Carmona\"}]},{\"@type\":\"WebSite\",\"@id\":\"https:\\\/\\\/dpress.ma\\\/fr\\\/#website\",\"url\":\"https:\\\/\\\/dpress.ma\\\/fr\\\/\",\"name\":\"Dpress.ma\\\/fr\",\"description\":\"\",\"potentialAction\":[{\"@type\":\"SearchAction\",\"target\":{\"@type\":\"EntryPoint\",\"urlTemplate\":\"https:\\\/\\\/dpress.ma\\\/fr\\\/?s={search_term_string}\"},\"query-input\":{\"@type\":\"PropertyValueSpecification\",\"valueRequired\":true,\"valueName\":\"search_term_string\"}}],\"inLanguage\":\"fr-FR\"},{\"@type\":\"Person\",\"@id\":\"https:\\\/\\\/dpress.ma\\\/fr\\\/#\\\/schema\\\/person\\\/4898febf3ccd59e6578d838656a306a0\",\"name\":\"Dpress.ma\",\"image\":{\"@type\":\"ImageObject\",\"inLanguage\":\"fr-FR\",\"@id\":\"https:\\\/\\\/secure.gravatar.com\\\/avatar\\\/72ecc30e9db047a2e0e7176561eb9d564ed77c8108376495b19bd8336405198a?s=96&d=mm&r=g\",\"url\":\"https:\\\/\\\/secure.gravatar.com\\\/avatar\\\/72ecc30e9db047a2e0e7176561eb9d564ed77c8108376495b19bd8336405198a?s=96&d=mm&r=g\",\"contentUrl\":\"https:\\\/\\\/secure.gravatar.com\\\/avatar\\\/72ecc30e9db047a2e0e7176561eb9d564ed77c8108376495b19bd8336405198a?s=96&d=mm&r=g\",\"caption\":\"Dpress.ma\"},\"sameAs\":[\"https:\\\/\\\/www.dpress.ma\"],\"url\":\"https:\\\/\\\/dpress.ma\\\/fr\\\/author\\\/dpress-ma\\\/\"}]}<\/script>\n<!-- \/ Yoast SEO plugin. -->","yoast_head_json":{"title":"\u201cF\u00e8s et Grenade, les villes magiques\u201d : une exposition en miroir du patrimoine arabo-andalou sign\u00e9e Rafael Carmona - Dpress.ma\/fr","robots":{"index":"index","follow":"follow","max-snippet":"max-snippet:-1","max-image-preview":"max-image-preview:large","max-video-preview":"max-video-preview:-1"},"canonical":"https:\/\/dpress.ma\/fr\/2026\/04\/11\/fes-et-grenade-les-villes-magiques-une-exposition-en-miroir-du-patrimoine-arabo-andalou-signee-rafael-carmona-2\/","og_locale":"fr_FR","og_type":"article","og_title":"\u201cF\u00e8s et Grenade, les villes magiques\u201d : une exposition en miroir du patrimoine arabo-andalou sign\u00e9e Rafael Carmona - Dpress.ma\/fr","og_description":"Dpress Le vernissage de l\u2019exposition \u201cF\u00e8s et Grenade, les villes magiques\u201d, de l\u2019artiste-photographe Rafael Carmona, s\u2019est tenu vendredi au Centre culturel \u201cLes \u00c9toiles\u201d \u00e0 F\u00e8s, offrant au public une immersion visuelle captivante dans les similitudes architecturales et culturelles entre ces deux cit\u00e9s embl\u00e9matiques d\u2019h\u00e9ritage andalou. Organis\u00e9e dans le cadre d\u2019une collaboration entre l\u2019Institut Cervantes de &hellip;","og_url":"https:\/\/dpress.ma\/fr\/2026\/04\/11\/fes-et-grenade-les-villes-magiques-une-exposition-en-miroir-du-patrimoine-arabo-andalou-signee-rafael-carmona-2\/","og_site_name":"Dpress.ma\/fr","article_published_time":"2026-04-11T11:14:29+00:00","article_modified_time":"2026-04-11T11:14:31+00:00","og_image":[{"width":2539,"height":1594,"url":"https:\/\/dpress.ma\/fr\/wp-content\/uploads\/sites\/2\/2026\/04\/12-1.jpg","type":"image\/jpeg"}],"author":"Dpress.ma","twitter_card":"summary_large_image","twitter_misc":{"\u00c9crit par":"Dpress.ma","Dur\u00e9e de lecture estim\u00e9e":"4 minutes"},"schema":{"@context":"https:\/\/schema.org","@graph":[{"@type":"Article","@id":"https:\/\/dpress.ma\/fr\/2026\/04\/11\/fes-et-grenade-les-villes-magiques-une-exposition-en-miroir-du-patrimoine-arabo-andalou-signee-rafael-carmona-2\/#article","isPartOf":{"@id":"https:\/\/dpress.ma\/fr\/2026\/04\/11\/fes-et-grenade-les-villes-magiques-une-exposition-en-miroir-du-patrimoine-arabo-andalou-signee-rafael-carmona-2\/"},"author":{"name":"Dpress.ma","@id":"https:\/\/dpress.ma\/fr\/#\/schema\/person\/4898febf3ccd59e6578d838656a306a0"},"headline":"\u201cF\u00e8s et Grenade, les villes magiques\u201d : une exposition en miroir du patrimoine arabo-andalou sign\u00e9e Rafael Carmona","datePublished":"2026-04-11T11:14:29+00:00","dateModified":"2026-04-11T11:14:31+00:00","mainEntityOfPage":{"@id":"https:\/\/dpress.ma\/fr\/2026\/04\/11\/fes-et-grenade-les-villes-magiques-une-exposition-en-miroir-du-patrimoine-arabo-andalou-signee-rafael-carmona-2\/"},"wordCount":674,"commentCount":0,"image":{"@id":"https:\/\/dpress.ma\/fr\/2026\/04\/11\/fes-et-grenade-les-villes-magiques-une-exposition-en-miroir-du-patrimoine-arabo-andalou-signee-rafael-carmona-2\/#primaryimage"},"thumbnailUrl":"https:\/\/dpress.ma\/fr\/wp-content\/uploads\/sites\/2\/2026\/04\/12-1.jpg","articleSection":["Art et Culture"],"inLanguage":"fr-FR","potentialAction":[{"@type":"CommentAction","name":"Comment","target":["https:\/\/dpress.ma\/fr\/2026\/04\/11\/fes-et-grenade-les-villes-magiques-une-exposition-en-miroir-du-patrimoine-arabo-andalou-signee-rafael-carmona-2\/#respond"]}]},{"@type":"WebPage","@id":"https:\/\/dpress.ma\/fr\/2026\/04\/11\/fes-et-grenade-les-villes-magiques-une-exposition-en-miroir-du-patrimoine-arabo-andalou-signee-rafael-carmona-2\/","url":"https:\/\/dpress.ma\/fr\/2026\/04\/11\/fes-et-grenade-les-villes-magiques-une-exposition-en-miroir-du-patrimoine-arabo-andalou-signee-rafael-carmona-2\/","name":"\u201cF\u00e8s et Grenade, les villes magiques\u201d : une exposition en miroir du patrimoine arabo-andalou sign\u00e9e Rafael Carmona - Dpress.ma\/fr","isPartOf":{"@id":"https:\/\/dpress.ma\/fr\/#website"},"primaryImageOfPage":{"@id":"https:\/\/dpress.ma\/fr\/2026\/04\/11\/fes-et-grenade-les-villes-magiques-une-exposition-en-miroir-du-patrimoine-arabo-andalou-signee-rafael-carmona-2\/#primaryimage"},"image":{"@id":"https:\/\/dpress.ma\/fr\/2026\/04\/11\/fes-et-grenade-les-villes-magiques-une-exposition-en-miroir-du-patrimoine-arabo-andalou-signee-rafael-carmona-2\/#primaryimage"},"thumbnailUrl":"https:\/\/dpress.ma\/fr\/wp-content\/uploads\/sites\/2\/2026\/04\/12-1.jpg","datePublished":"2026-04-11T11:14:29+00:00","dateModified":"2026-04-11T11:14:31+00:00","author":{"@id":"https:\/\/dpress.ma\/fr\/#\/schema\/person\/4898febf3ccd59e6578d838656a306a0"},"breadcrumb":{"@id":"https:\/\/dpress.ma\/fr\/2026\/04\/11\/fes-et-grenade-les-villes-magiques-une-exposition-en-miroir-du-patrimoine-arabo-andalou-signee-rafael-carmona-2\/#breadcrumb"},"inLanguage":"fr-FR","potentialAction":[{"@type":"ReadAction","target":["https:\/\/dpress.ma\/fr\/2026\/04\/11\/fes-et-grenade-les-villes-magiques-une-exposition-en-miroir-du-patrimoine-arabo-andalou-signee-rafael-carmona-2\/"]}]},{"@type":"ImageObject","inLanguage":"fr-FR","@id":"https:\/\/dpress.ma\/fr\/2026\/04\/11\/fes-et-grenade-les-villes-magiques-une-exposition-en-miroir-du-patrimoine-arabo-andalou-signee-rafael-carmona-2\/#primaryimage","url":"https:\/\/dpress.ma\/fr\/wp-content\/uploads\/sites\/2\/2026\/04\/12-1.jpg","contentUrl":"https:\/\/dpress.ma\/fr\/wp-content\/uploads\/sites\/2\/2026\/04\/12-1.jpg","width":2539,"height":1594},{"@type":"BreadcrumbList","@id":"https:\/\/dpress.ma\/fr\/2026\/04\/11\/fes-et-grenade-les-villes-magiques-une-exposition-en-miroir-du-patrimoine-arabo-andalou-signee-rafael-carmona-2\/#breadcrumb","itemListElement":[{"@type":"ListItem","position":1,"name":"Home","item":"https:\/\/dpress.ma\/fr\/"},{"@type":"ListItem","position":2,"name":"\u201cF\u00e8s et Grenade, les villes magiques\u201d : une exposition en miroir du patrimoine arabo-andalou sign\u00e9e Rafael Carmona"}]},{"@type":"WebSite","@id":"https:\/\/dpress.ma\/fr\/#website","url":"https:\/\/dpress.ma\/fr\/","name":"Dpress.ma\/fr","description":"","potentialAction":[{"@type":"SearchAction","target":{"@type":"EntryPoint","urlTemplate":"https:\/\/dpress.ma\/fr\/?s={search_term_string}"},"query-input":{"@type":"PropertyValueSpecification","valueRequired":true,"valueName":"search_term_string"}}],"inLanguage":"fr-FR"},{"@type":"Person","@id":"https:\/\/dpress.ma\/fr\/#\/schema\/person\/4898febf3ccd59e6578d838656a306a0","name":"Dpress.ma","image":{"@type":"ImageObject","inLanguage":"fr-FR","@id":"https:\/\/secure.gravatar.com\/avatar\/72ecc30e9db047a2e0e7176561eb9d564ed77c8108376495b19bd8336405198a?s=96&d=mm&r=g","url":"https:\/\/secure.gravatar.com\/avatar\/72ecc30e9db047a2e0e7176561eb9d564ed77c8108376495b19bd8336405198a?s=96&d=mm&r=g","contentUrl":"https:\/\/secure.gravatar.com\/avatar\/72ecc30e9db047a2e0e7176561eb9d564ed77c8108376495b19bd8336405198a?s=96&d=mm&r=g","caption":"Dpress.ma"},"sameAs":["https:\/\/www.dpress.ma"],"url":"https:\/\/dpress.ma\/fr\/author\/dpress-ma\/"}]}},"amp_enabled":true,"_links":{"self":[{"href":"https:\/\/dpress.ma\/fr\/wp-json\/wp\/v2\/posts\/28290","targetHints":{"allow":["GET"]}}],"collection":[{"href":"https:\/\/dpress.ma\/fr\/wp-json\/wp\/v2\/posts"}],"about":[{"href":"https:\/\/dpress.ma\/fr\/wp-json\/wp\/v2\/types\/post"}],"author":[{"embeddable":true,"href":"https:\/\/dpress.ma\/fr\/wp-json\/wp\/v2\/users\/2"}],"replies":[{"embeddable":true,"href":"https:\/\/dpress.ma\/fr\/wp-json\/wp\/v2\/comments?post=28290"}],"version-history":[{"count":1,"href":"https:\/\/dpress.ma\/fr\/wp-json\/wp\/v2\/posts\/28290\/revisions"}],"predecessor-version":[{"id":28292,"href":"https:\/\/dpress.ma\/fr\/wp-json\/wp\/v2\/posts\/28290\/revisions\/28292"}],"wp:featuredmedia":[{"embeddable":true,"href":"https:\/\/dpress.ma\/fr\/wp-json\/wp\/v2\/media\/28291"}],"wp:attachment":[{"href":"https:\/\/dpress.ma\/fr\/wp-json\/wp\/v2\/media?parent=28290"}],"wp:term":[{"taxonomy":"category","embeddable":true,"href":"https:\/\/dpress.ma\/fr\/wp-json\/wp\/v2\/categories?post=28290"},{"taxonomy":"post_tag","embeddable":true,"href":"https:\/\/dpress.ma\/fr\/wp-json\/wp\/v2\/tags?post=28290"}],"curies":[{"name":"wp","href":"https:\/\/api.w.org\/{rel}","templated":true}]}}