{"id":28284,"date":"2026-04-11T11:10:45","date_gmt":"2026-04-11T11:10:45","guid":{"rendered":"https:\/\/dpress.ma\/fr\/?p=28284"},"modified":"2026-04-11T11:10:47","modified_gmt":"2026-04-11T11:10:47","slug":"el-kelaa-des-sraghna-une-rencontre-pour-la-sensibilisation-des-etudiants-aux-enjeux-lies-a-la-protection-des-donnees-personnelles","status":"publish","type":"post","link":"https:\/\/dpress.ma\/fr\/2026\/04\/11\/el-kelaa-des-sraghna-une-rencontre-pour-la-sensibilisation-des-etudiants-aux-enjeux-lies-a-la-protection-des-donnees-personnelles\/","title":{"rendered":"El Kela\u00e2 des Sraghna : Une rencontre pour la sensibilisation des \u00e9tudiants aux enjeux li\u00e9s \u00e0 la protection des donn\u00e9es personnelles"},"content":{"rendered":"\n<p>Dpress<\/p>\n\n\n\n<p>Une rencontre d\u00e9di\u00e9e \u00e0 la sensibilisation des \u00e9tudiants aux enjeux li\u00e9s \u00e0 la s\u00e9curit\u00e9 des informations personnelles \u00e0 l\u2019\u00e8re du num\u00e9rique a \u00e9t\u00e9 organis\u00e9e, vendredi \u00e0 El Kela\u00e2 des Sraghna, avec la participation de responsables institutionnels, d\u2019enseignants-chercheurs et d\u2019acteurs associatifs \u0153uvrant dans la d\u00e9fense des droits de l\u2019Homme.<\/p>\n\n\n\n<p>Initi\u00e9e par la Facult\u00e9 des Sciences juridiques, \u00e9conomiques et sociales (FSJES) d\u2019El Kela\u00e2 des Sraghna, en partenariat avec la province et la Commission nationale de contr\u00f4le de la protection des donn\u00e9es \u00e0 caract\u00e8re personnel (CNDP), cette conf\u00e9rence interactive avait pour objectif de mettre en lumi\u00e8re les risques li\u00e9s \u00e0 l\u2019utilisation abusive des donn\u00e9es personnelles, notamment les atteintes \u00e0 la vie priv\u00e9e, la cybercriminalit\u00e9 et l\u2019usurpation d\u2019identit\u00e9.<\/p>\n\n\n\n<p>Organis\u00e9 sous le th\u00e8me \u201cCulture de la protection des donn\u00e9es \u00e0 caract\u00e8re personnel au Maroc : cadre l\u00e9gal et solutions techniques\u201d, ce colloque, encadr\u00e9 par des membres de la CNDP et des experts du domaine, a \u00e9galement permis de pr\u00e9senter les pr\u00e9rogatives de cette instance nationale ainsi que ses actions en faveur de la promotion d\u2019une v\u00e9ritable culture de la protection des donn\u00e9es \u00e0 caract\u00e8re personnel au niveau national.<\/p>\n\n\n\n<p>Intervenant \u00e0 cette occasion, le pr\u00e9sident de la CNDP, Omar Seghrouchni, a relev\u00e9 que cette initiative s\u2019inscrit dans le cadre d\u2019un programme \u00e9labor\u00e9 par la Commission afin de sensibiliser le public \u00e0 cette probl\u00e9matique majeure au niveau territorial, relevant que la forte participation des \u00e9tudiants illustre l\u2019importance croissante de cette question dans un contexte marqu\u00e9 par l\u2019essor des technologies de l\u2019information et de la communication, o\u00f9 la collecte et le traitement des donn\u00e9es personnelles sont devenus omnipr\u00e9sents.<\/p>\n\n\n\n<p>De son c\u00f4t\u00e9, le doyen de la FSJES d\u2019El Kela\u00e2 des Sraghna, Mohamed El Ghali, a indiqu\u00e9 que cette rencontre vise \u00e0 renforcer l\u2019ouverture de l\u2019universit\u00e9 sur son environnement institutionnel et \u00e0 promouvoir la culture de la protection des donn\u00e9es personnelles \u00e0 la lumi\u00e8re des mutations num\u00e9riques acc\u00e9l\u00e9r\u00e9es.<\/p>\n\n\n\n<p>Compte tenu de l\u2019actualit\u00e9 de cette th\u00e9matique, cette facult\u00e9 a mis en place plus de dix fili\u00e8res, au niveau du master et de la licence d\u2019excellence, couvrant les diff\u00e9rents volets du num\u00e9rique afin d\u2019accompagner les transformations que conna\u00eet le Royaume, sous la conduite \u00e9clair\u00e9e de Sa Majest\u00e9 le Roi Mohammed VI, a-t-il insist\u00e9.<\/p>\n\n\n\n<p>La rencontre a \u00e9t\u00e9 marqu\u00e9e par la pr\u00e9sentation de deux expos\u00e9s par des membres de la CNDP, dont le premier, assur\u00e9 par Lahcen Madi, portait sur \u201cl\u2019importance de la sensibilisation et de la formation des comp\u00e9tences dans le domaine de la protection des donn\u00e9es \u00e0 caract\u00e8re personnel\u201d.<\/p>\n\n\n\n<p>Ainsi, l\u2019intervenant a mis l\u2019accent sur la n\u00e9cessit\u00e9 de mettre en place des programmes de formation structur\u00e9s, assortis d\u2019objectifs clairs et d\u2019activit\u00e9s p\u00e9dagogiques favorisant l\u2019ancrage de cette culture, soulignant la disposition de la CNDP \u00e0 organiser des formations ciblant les comp\u00e9tences r\u00e9gionales et locales afin de renforcer cette dynamique au niveau territorial.<\/p>\n\n\n\n<p>La seconde pr\u00e9sentation, livr\u00e9e par Zakaria Oulad, s\u2019est attard\u00e9e sur le d\u00e9calage entre la rapidit\u00e9 de la transition num\u00e9rique \u00e0 l\u2019\u00e9chelle mondiale et l\u2019\u00e9volution du cadre juridique.<\/p>\n\n\n\n<p>Dans son intervention intitul\u00e9e \u201cLa ville intelligente comme infrastructure de donn\u00e9es : protection des donn\u00e9es entre exigences de gouvernance et enjeux d\u2019\u00e9quit\u00e9 territoriale\u201d, M. Oulad a not\u00e9 l\u2019absence de textes sp\u00e9cifiques relatifs aux \u201csmart cities\u201d ainsi que le d\u00e9ficit en analyses d\u2019impact relatives \u00e0 la protection des donn\u00e9es (AIPD) au niveau des communes.<\/p>\n\n\n\n<p>Cette conf\u00e9rence ciblant les \u00e9tudiants, en tant qu\u2019utilisateurs intensifs des r\u00e9seaux sociaux et des plateformes num\u00e9riques, souvent expos\u00e9s \u00e0 des risques inh\u00e9rents \u00e0 la divulgation involontaire de leurs informations personnelles, a constitu\u00e9 un espace d\u2019\u00e9change et de r\u00e9flexion enrichissant autour de cette probl\u00e9matique de plus en plus pr\u00e9occupante.<\/p>\n\n\n\n<p>Les \u00e9changes interactifs ont favoris\u00e9 une meilleure compr\u00e9hension des droits et obligations des citoyens dans cet environnement num\u00e9rique en constante \u00e9volution et ont permis de mieux appr\u00e9hender les bonnes pratiques \u00e0 adopter pour prot\u00e9ger les donn\u00e9es \u00e0 caract\u00e8re personnel.<\/p>\n","protected":false},"excerpt":{"rendered":"<p>Dpress Une rencontre d\u00e9di\u00e9e \u00e0 la sensibilisation des \u00e9tudiants aux enjeux li\u00e9s \u00e0 la s\u00e9curit\u00e9 des informations personnelles \u00e0 l\u2019\u00e8re du num\u00e9rique a \u00e9t\u00e9 organis\u00e9e, vendredi \u00e0 El Kela\u00e2 des Sraghna, avec la participation de responsables institutionnels, d\u2019enseignants-chercheurs et d\u2019acteurs associatifs \u0153uvrant dans la d\u00e9fense des droits de l\u2019Homme. Initi\u00e9e par la Facult\u00e9 des Sciences &hellip;<\/p>\n","protected":false},"author":2,"featured_media":28285,"comment_status":"open","ping_status":"open","sticky":false,"template":"","format":"standard","meta":{"footnotes":""},"categories":[40],"tags":[],"class_list":["post-28284","post","type-post","status-publish","format-standard","has-post-thumbnail","hentry","category-societe-et-regions"],"yoast_head":"<!-- This site is optimized with the Yoast SEO plugin v27.4 - https:\/\/yoast.com\/product\/yoast-seo-wordpress\/ -->\n<title>El Kela\u00e2 des Sraghna : Une rencontre pour la sensibilisation des \u00e9tudiants aux enjeux li\u00e9s \u00e0 la protection des donn\u00e9es personnelles - Dpress.ma\/fr<\/title>\n<meta name=\"robots\" content=\"index, follow, max-snippet:-1, max-image-preview:large, max-video-preview:-1\" \/>\n<link rel=\"canonical\" href=\"https:\/\/dpress.ma\/fr\/2026\/04\/11\/el-kelaa-des-sraghna-une-rencontre-pour-la-sensibilisation-des-etudiants-aux-enjeux-lies-a-la-protection-des-donnees-personnelles\/\" \/>\n<meta property=\"og:locale\" content=\"fr_FR\" \/>\n<meta property=\"og:type\" content=\"article\" \/>\n<meta property=\"og:title\" content=\"El Kela\u00e2 des Sraghna : Une rencontre pour la sensibilisation des \u00e9tudiants aux enjeux li\u00e9s \u00e0 la protection des donn\u00e9es personnelles - Dpress.ma\/fr\" \/>\n<meta property=\"og:description\" content=\"Dpress Une rencontre d\u00e9di\u00e9e \u00e0 la sensibilisation des \u00e9tudiants aux enjeux li\u00e9s \u00e0 la s\u00e9curit\u00e9 des informations personnelles \u00e0 l\u2019\u00e8re du num\u00e9rique a \u00e9t\u00e9 organis\u00e9e, vendredi \u00e0 El Kela\u00e2 des Sraghna, avec la participation de responsables institutionnels, d\u2019enseignants-chercheurs et d\u2019acteurs associatifs \u0153uvrant dans la d\u00e9fense des droits de l\u2019Homme. Initi\u00e9e par la Facult\u00e9 des Sciences &hellip;\" \/>\n<meta property=\"og:url\" content=\"https:\/\/dpress.ma\/fr\/2026\/04\/11\/el-kelaa-des-sraghna-une-rencontre-pour-la-sensibilisation-des-etudiants-aux-enjeux-lies-a-la-protection-des-donnees-personnelles\/\" \/>\n<meta property=\"og:site_name\" content=\"Dpress.ma\/fr\" \/>\n<meta property=\"article:published_time\" content=\"2026-04-11T11:10:45+00:00\" \/>\n<meta property=\"article:modified_time\" content=\"2026-04-11T11:10:47+00:00\" \/>\n<meta property=\"og:image\" content=\"https:\/\/dpress.ma\/fr\/wp-content\/uploads\/sites\/2\/2026\/04\/10.jpg\" \/>\n\t<meta property=\"og:image:width\" content=\"2539\" \/>\n\t<meta property=\"og:image:height\" content=\"1594\" \/>\n\t<meta property=\"og:image:type\" content=\"image\/jpeg\" \/>\n<meta name=\"author\" content=\"Dpress.ma\" \/>\n<meta name=\"twitter:card\" content=\"summary_large_image\" \/>\n<meta name=\"twitter:label1\" content=\"\u00c9crit par\" \/>\n\t<meta name=\"twitter:data1\" content=\"Dpress.ma\" \/>\n\t<meta name=\"twitter:label2\" content=\"Dur\u00e9e de lecture estim\u00e9e\" \/>\n\t<meta name=\"twitter:data2\" content=\"4 minutes\" \/>\n<script type=\"application\/ld+json\" class=\"yoast-schema-graph\">{\"@context\":\"https:\\\/\\\/schema.org\",\"@graph\":[{\"@type\":\"Article\",\"@id\":\"https:\\\/\\\/dpress.ma\\\/fr\\\/2026\\\/04\\\/11\\\/el-kelaa-des-sraghna-une-rencontre-pour-la-sensibilisation-des-etudiants-aux-enjeux-lies-a-la-protection-des-donnees-personnelles\\\/#article\",\"isPartOf\":{\"@id\":\"https:\\\/\\\/dpress.ma\\\/fr\\\/2026\\\/04\\\/11\\\/el-kelaa-des-sraghna-une-rencontre-pour-la-sensibilisation-des-etudiants-aux-enjeux-lies-a-la-protection-des-donnees-personnelles\\\/\"},\"author\":{\"name\":\"Dpress.ma\",\"@id\":\"https:\\\/\\\/dpress.ma\\\/fr\\\/#\\\/schema\\\/person\\\/4898febf3ccd59e6578d838656a306a0\"},\"headline\":\"El Kela\u00e2 des Sraghna : Une rencontre pour la sensibilisation des \u00e9tudiants aux enjeux li\u00e9s \u00e0 la protection des donn\u00e9es personnelles\",\"datePublished\":\"2026-04-11T11:10:45+00:00\",\"dateModified\":\"2026-04-11T11:10:47+00:00\",\"mainEntityOfPage\":{\"@id\":\"https:\\\/\\\/dpress.ma\\\/fr\\\/2026\\\/04\\\/11\\\/el-kelaa-des-sraghna-une-rencontre-pour-la-sensibilisation-des-etudiants-aux-enjeux-lies-a-la-protection-des-donnees-personnelles\\\/\"},\"wordCount\":738,\"commentCount\":0,\"image\":{\"@id\":\"https:\\\/\\\/dpress.ma\\\/fr\\\/2026\\\/04\\\/11\\\/el-kelaa-des-sraghna-une-rencontre-pour-la-sensibilisation-des-etudiants-aux-enjeux-lies-a-la-protection-des-donnees-personnelles\\\/#primaryimage\"},\"thumbnailUrl\":\"https:\\\/\\\/dpress.ma\\\/fr\\\/wp-content\\\/uploads\\\/sites\\\/2\\\/2026\\\/04\\\/10.jpg\",\"articleSection\":[\"societe et regions\"],\"inLanguage\":\"fr-FR\",\"potentialAction\":[{\"@type\":\"CommentAction\",\"name\":\"Comment\",\"target\":[\"https:\\\/\\\/dpress.ma\\\/fr\\\/2026\\\/04\\\/11\\\/el-kelaa-des-sraghna-une-rencontre-pour-la-sensibilisation-des-etudiants-aux-enjeux-lies-a-la-protection-des-donnees-personnelles\\\/#respond\"]}]},{\"@type\":\"WebPage\",\"@id\":\"https:\\\/\\\/dpress.ma\\\/fr\\\/2026\\\/04\\\/11\\\/el-kelaa-des-sraghna-une-rencontre-pour-la-sensibilisation-des-etudiants-aux-enjeux-lies-a-la-protection-des-donnees-personnelles\\\/\",\"url\":\"https:\\\/\\\/dpress.ma\\\/fr\\\/2026\\\/04\\\/11\\\/el-kelaa-des-sraghna-une-rencontre-pour-la-sensibilisation-des-etudiants-aux-enjeux-lies-a-la-protection-des-donnees-personnelles\\\/\",\"name\":\"El Kela\u00e2 des Sraghna : Une rencontre pour la sensibilisation des \u00e9tudiants aux enjeux li\u00e9s \u00e0 la protection des donn\u00e9es personnelles - Dpress.ma\\\/fr\",\"isPartOf\":{\"@id\":\"https:\\\/\\\/dpress.ma\\\/fr\\\/#website\"},\"primaryImageOfPage\":{\"@id\":\"https:\\\/\\\/dpress.ma\\\/fr\\\/2026\\\/04\\\/11\\\/el-kelaa-des-sraghna-une-rencontre-pour-la-sensibilisation-des-etudiants-aux-enjeux-lies-a-la-protection-des-donnees-personnelles\\\/#primaryimage\"},\"image\":{\"@id\":\"https:\\\/\\\/dpress.ma\\\/fr\\\/2026\\\/04\\\/11\\\/el-kelaa-des-sraghna-une-rencontre-pour-la-sensibilisation-des-etudiants-aux-enjeux-lies-a-la-protection-des-donnees-personnelles\\\/#primaryimage\"},\"thumbnailUrl\":\"https:\\\/\\\/dpress.ma\\\/fr\\\/wp-content\\\/uploads\\\/sites\\\/2\\\/2026\\\/04\\\/10.jpg\",\"datePublished\":\"2026-04-11T11:10:45+00:00\",\"dateModified\":\"2026-04-11T11:10:47+00:00\",\"author\":{\"@id\":\"https:\\\/\\\/dpress.ma\\\/fr\\\/#\\\/schema\\\/person\\\/4898febf3ccd59e6578d838656a306a0\"},\"breadcrumb\":{\"@id\":\"https:\\\/\\\/dpress.ma\\\/fr\\\/2026\\\/04\\\/11\\\/el-kelaa-des-sraghna-une-rencontre-pour-la-sensibilisation-des-etudiants-aux-enjeux-lies-a-la-protection-des-donnees-personnelles\\\/#breadcrumb\"},\"inLanguage\":\"fr-FR\",\"potentialAction\":[{\"@type\":\"ReadAction\",\"target\":[\"https:\\\/\\\/dpress.ma\\\/fr\\\/2026\\\/04\\\/11\\\/el-kelaa-des-sraghna-une-rencontre-pour-la-sensibilisation-des-etudiants-aux-enjeux-lies-a-la-protection-des-donnees-personnelles\\\/\"]}]},{\"@type\":\"ImageObject\",\"inLanguage\":\"fr-FR\",\"@id\":\"https:\\\/\\\/dpress.ma\\\/fr\\\/2026\\\/04\\\/11\\\/el-kelaa-des-sraghna-une-rencontre-pour-la-sensibilisation-des-etudiants-aux-enjeux-lies-a-la-protection-des-donnees-personnelles\\\/#primaryimage\",\"url\":\"https:\\\/\\\/dpress.ma\\\/fr\\\/wp-content\\\/uploads\\\/sites\\\/2\\\/2026\\\/04\\\/10.jpg\",\"contentUrl\":\"https:\\\/\\\/dpress.ma\\\/fr\\\/wp-content\\\/uploads\\\/sites\\\/2\\\/2026\\\/04\\\/10.jpg\",\"width\":2539,\"height\":1594},{\"@type\":\"BreadcrumbList\",\"@id\":\"https:\\\/\\\/dpress.ma\\\/fr\\\/2026\\\/04\\\/11\\\/el-kelaa-des-sraghna-une-rencontre-pour-la-sensibilisation-des-etudiants-aux-enjeux-lies-a-la-protection-des-donnees-personnelles\\\/#breadcrumb\",\"itemListElement\":[{\"@type\":\"ListItem\",\"position\":1,\"name\":\"Home\",\"item\":\"https:\\\/\\\/dpress.ma\\\/fr\\\/\"},{\"@type\":\"ListItem\",\"position\":2,\"name\":\"El Kela\u00e2 des Sraghna : Une rencontre pour la sensibilisation des \u00e9tudiants aux enjeux li\u00e9s \u00e0 la protection des donn\u00e9es personnelles\"}]},{\"@type\":\"WebSite\",\"@id\":\"https:\\\/\\\/dpress.ma\\\/fr\\\/#website\",\"url\":\"https:\\\/\\\/dpress.ma\\\/fr\\\/\",\"name\":\"Dpress.ma\\\/fr\",\"description\":\"\",\"potentialAction\":[{\"@type\":\"SearchAction\",\"target\":{\"@type\":\"EntryPoint\",\"urlTemplate\":\"https:\\\/\\\/dpress.ma\\\/fr\\\/?s={search_term_string}\"},\"query-input\":{\"@type\":\"PropertyValueSpecification\",\"valueRequired\":true,\"valueName\":\"search_term_string\"}}],\"inLanguage\":\"fr-FR\"},{\"@type\":\"Person\",\"@id\":\"https:\\\/\\\/dpress.ma\\\/fr\\\/#\\\/schema\\\/person\\\/4898febf3ccd59e6578d838656a306a0\",\"name\":\"Dpress.ma\",\"image\":{\"@type\":\"ImageObject\",\"inLanguage\":\"fr-FR\",\"@id\":\"https:\\\/\\\/secure.gravatar.com\\\/avatar\\\/72ecc30e9db047a2e0e7176561eb9d564ed77c8108376495b19bd8336405198a?s=96&d=mm&r=g\",\"url\":\"https:\\\/\\\/secure.gravatar.com\\\/avatar\\\/72ecc30e9db047a2e0e7176561eb9d564ed77c8108376495b19bd8336405198a?s=96&d=mm&r=g\",\"contentUrl\":\"https:\\\/\\\/secure.gravatar.com\\\/avatar\\\/72ecc30e9db047a2e0e7176561eb9d564ed77c8108376495b19bd8336405198a?s=96&d=mm&r=g\",\"caption\":\"Dpress.ma\"},\"sameAs\":[\"https:\\\/\\\/www.dpress.ma\"],\"url\":\"https:\\\/\\\/dpress.ma\\\/fr\\\/author\\\/dpress-ma\\\/\"}]}<\/script>\n<!-- \/ Yoast SEO plugin. -->","yoast_head_json":{"title":"El Kela\u00e2 des Sraghna : Une rencontre pour la sensibilisation des \u00e9tudiants aux enjeux li\u00e9s \u00e0 la protection des donn\u00e9es personnelles - Dpress.ma\/fr","robots":{"index":"index","follow":"follow","max-snippet":"max-snippet:-1","max-image-preview":"max-image-preview:large","max-video-preview":"max-video-preview:-1"},"canonical":"https:\/\/dpress.ma\/fr\/2026\/04\/11\/el-kelaa-des-sraghna-une-rencontre-pour-la-sensibilisation-des-etudiants-aux-enjeux-lies-a-la-protection-des-donnees-personnelles\/","og_locale":"fr_FR","og_type":"article","og_title":"El Kela\u00e2 des Sraghna : Une rencontre pour la sensibilisation des \u00e9tudiants aux enjeux li\u00e9s \u00e0 la protection des donn\u00e9es personnelles - Dpress.ma\/fr","og_description":"Dpress Une rencontre d\u00e9di\u00e9e \u00e0 la sensibilisation des \u00e9tudiants aux enjeux li\u00e9s \u00e0 la s\u00e9curit\u00e9 des informations personnelles \u00e0 l\u2019\u00e8re du num\u00e9rique a \u00e9t\u00e9 organis\u00e9e, vendredi \u00e0 El Kela\u00e2 des Sraghna, avec la participation de responsables institutionnels, d\u2019enseignants-chercheurs et d\u2019acteurs associatifs \u0153uvrant dans la d\u00e9fense des droits de l\u2019Homme. Initi\u00e9e par la Facult\u00e9 des Sciences &hellip;","og_url":"https:\/\/dpress.ma\/fr\/2026\/04\/11\/el-kelaa-des-sraghna-une-rencontre-pour-la-sensibilisation-des-etudiants-aux-enjeux-lies-a-la-protection-des-donnees-personnelles\/","og_site_name":"Dpress.ma\/fr","article_published_time":"2026-04-11T11:10:45+00:00","article_modified_time":"2026-04-11T11:10:47+00:00","og_image":[{"width":2539,"height":1594,"url":"https:\/\/dpress.ma\/fr\/wp-content\/uploads\/sites\/2\/2026\/04\/10.jpg","type":"image\/jpeg"}],"author":"Dpress.ma","twitter_card":"summary_large_image","twitter_misc":{"\u00c9crit par":"Dpress.ma","Dur\u00e9e de lecture estim\u00e9e":"4 minutes"},"schema":{"@context":"https:\/\/schema.org","@graph":[{"@type":"Article","@id":"https:\/\/dpress.ma\/fr\/2026\/04\/11\/el-kelaa-des-sraghna-une-rencontre-pour-la-sensibilisation-des-etudiants-aux-enjeux-lies-a-la-protection-des-donnees-personnelles\/#article","isPartOf":{"@id":"https:\/\/dpress.ma\/fr\/2026\/04\/11\/el-kelaa-des-sraghna-une-rencontre-pour-la-sensibilisation-des-etudiants-aux-enjeux-lies-a-la-protection-des-donnees-personnelles\/"},"author":{"name":"Dpress.ma","@id":"https:\/\/dpress.ma\/fr\/#\/schema\/person\/4898febf3ccd59e6578d838656a306a0"},"headline":"El Kela\u00e2 des Sraghna : Une rencontre pour la sensibilisation des \u00e9tudiants aux enjeux li\u00e9s \u00e0 la protection des donn\u00e9es personnelles","datePublished":"2026-04-11T11:10:45+00:00","dateModified":"2026-04-11T11:10:47+00:00","mainEntityOfPage":{"@id":"https:\/\/dpress.ma\/fr\/2026\/04\/11\/el-kelaa-des-sraghna-une-rencontre-pour-la-sensibilisation-des-etudiants-aux-enjeux-lies-a-la-protection-des-donnees-personnelles\/"},"wordCount":738,"commentCount":0,"image":{"@id":"https:\/\/dpress.ma\/fr\/2026\/04\/11\/el-kelaa-des-sraghna-une-rencontre-pour-la-sensibilisation-des-etudiants-aux-enjeux-lies-a-la-protection-des-donnees-personnelles\/#primaryimage"},"thumbnailUrl":"https:\/\/dpress.ma\/fr\/wp-content\/uploads\/sites\/2\/2026\/04\/10.jpg","articleSection":["societe et regions"],"inLanguage":"fr-FR","potentialAction":[{"@type":"CommentAction","name":"Comment","target":["https:\/\/dpress.ma\/fr\/2026\/04\/11\/el-kelaa-des-sraghna-une-rencontre-pour-la-sensibilisation-des-etudiants-aux-enjeux-lies-a-la-protection-des-donnees-personnelles\/#respond"]}]},{"@type":"WebPage","@id":"https:\/\/dpress.ma\/fr\/2026\/04\/11\/el-kelaa-des-sraghna-une-rencontre-pour-la-sensibilisation-des-etudiants-aux-enjeux-lies-a-la-protection-des-donnees-personnelles\/","url":"https:\/\/dpress.ma\/fr\/2026\/04\/11\/el-kelaa-des-sraghna-une-rencontre-pour-la-sensibilisation-des-etudiants-aux-enjeux-lies-a-la-protection-des-donnees-personnelles\/","name":"El Kela\u00e2 des Sraghna : Une rencontre pour la sensibilisation des \u00e9tudiants aux enjeux li\u00e9s \u00e0 la protection des donn\u00e9es personnelles - Dpress.ma\/fr","isPartOf":{"@id":"https:\/\/dpress.ma\/fr\/#website"},"primaryImageOfPage":{"@id":"https:\/\/dpress.ma\/fr\/2026\/04\/11\/el-kelaa-des-sraghna-une-rencontre-pour-la-sensibilisation-des-etudiants-aux-enjeux-lies-a-la-protection-des-donnees-personnelles\/#primaryimage"},"image":{"@id":"https:\/\/dpress.ma\/fr\/2026\/04\/11\/el-kelaa-des-sraghna-une-rencontre-pour-la-sensibilisation-des-etudiants-aux-enjeux-lies-a-la-protection-des-donnees-personnelles\/#primaryimage"},"thumbnailUrl":"https:\/\/dpress.ma\/fr\/wp-content\/uploads\/sites\/2\/2026\/04\/10.jpg","datePublished":"2026-04-11T11:10:45+00:00","dateModified":"2026-04-11T11:10:47+00:00","author":{"@id":"https:\/\/dpress.ma\/fr\/#\/schema\/person\/4898febf3ccd59e6578d838656a306a0"},"breadcrumb":{"@id":"https:\/\/dpress.ma\/fr\/2026\/04\/11\/el-kelaa-des-sraghna-une-rencontre-pour-la-sensibilisation-des-etudiants-aux-enjeux-lies-a-la-protection-des-donnees-personnelles\/#breadcrumb"},"inLanguage":"fr-FR","potentialAction":[{"@type":"ReadAction","target":["https:\/\/dpress.ma\/fr\/2026\/04\/11\/el-kelaa-des-sraghna-une-rencontre-pour-la-sensibilisation-des-etudiants-aux-enjeux-lies-a-la-protection-des-donnees-personnelles\/"]}]},{"@type":"ImageObject","inLanguage":"fr-FR","@id":"https:\/\/dpress.ma\/fr\/2026\/04\/11\/el-kelaa-des-sraghna-une-rencontre-pour-la-sensibilisation-des-etudiants-aux-enjeux-lies-a-la-protection-des-donnees-personnelles\/#primaryimage","url":"https:\/\/dpress.ma\/fr\/wp-content\/uploads\/sites\/2\/2026\/04\/10.jpg","contentUrl":"https:\/\/dpress.ma\/fr\/wp-content\/uploads\/sites\/2\/2026\/04\/10.jpg","width":2539,"height":1594},{"@type":"BreadcrumbList","@id":"https:\/\/dpress.ma\/fr\/2026\/04\/11\/el-kelaa-des-sraghna-une-rencontre-pour-la-sensibilisation-des-etudiants-aux-enjeux-lies-a-la-protection-des-donnees-personnelles\/#breadcrumb","itemListElement":[{"@type":"ListItem","position":1,"name":"Home","item":"https:\/\/dpress.ma\/fr\/"},{"@type":"ListItem","position":2,"name":"El Kela\u00e2 des Sraghna : Une rencontre pour la sensibilisation des \u00e9tudiants aux enjeux li\u00e9s \u00e0 la protection des donn\u00e9es personnelles"}]},{"@type":"WebSite","@id":"https:\/\/dpress.ma\/fr\/#website","url":"https:\/\/dpress.ma\/fr\/","name":"Dpress.ma\/fr","description":"","potentialAction":[{"@type":"SearchAction","target":{"@type":"EntryPoint","urlTemplate":"https:\/\/dpress.ma\/fr\/?s={search_term_string}"},"query-input":{"@type":"PropertyValueSpecification","valueRequired":true,"valueName":"search_term_string"}}],"inLanguage":"fr-FR"},{"@type":"Person","@id":"https:\/\/dpress.ma\/fr\/#\/schema\/person\/4898febf3ccd59e6578d838656a306a0","name":"Dpress.ma","image":{"@type":"ImageObject","inLanguage":"fr-FR","@id":"https:\/\/secure.gravatar.com\/avatar\/72ecc30e9db047a2e0e7176561eb9d564ed77c8108376495b19bd8336405198a?s=96&d=mm&r=g","url":"https:\/\/secure.gravatar.com\/avatar\/72ecc30e9db047a2e0e7176561eb9d564ed77c8108376495b19bd8336405198a?s=96&d=mm&r=g","contentUrl":"https:\/\/secure.gravatar.com\/avatar\/72ecc30e9db047a2e0e7176561eb9d564ed77c8108376495b19bd8336405198a?s=96&d=mm&r=g","caption":"Dpress.ma"},"sameAs":["https:\/\/www.dpress.ma"],"url":"https:\/\/dpress.ma\/fr\/author\/dpress-ma\/"}]}},"amp_enabled":true,"_links":{"self":[{"href":"https:\/\/dpress.ma\/fr\/wp-json\/wp\/v2\/posts\/28284","targetHints":{"allow":["GET"]}}],"collection":[{"href":"https:\/\/dpress.ma\/fr\/wp-json\/wp\/v2\/posts"}],"about":[{"href":"https:\/\/dpress.ma\/fr\/wp-json\/wp\/v2\/types\/post"}],"author":[{"embeddable":true,"href":"https:\/\/dpress.ma\/fr\/wp-json\/wp\/v2\/users\/2"}],"replies":[{"embeddable":true,"href":"https:\/\/dpress.ma\/fr\/wp-json\/wp\/v2\/comments?post=28284"}],"version-history":[{"count":1,"href":"https:\/\/dpress.ma\/fr\/wp-json\/wp\/v2\/posts\/28284\/revisions"}],"predecessor-version":[{"id":28286,"href":"https:\/\/dpress.ma\/fr\/wp-json\/wp\/v2\/posts\/28284\/revisions\/28286"}],"wp:featuredmedia":[{"embeddable":true,"href":"https:\/\/dpress.ma\/fr\/wp-json\/wp\/v2\/media\/28285"}],"wp:attachment":[{"href":"https:\/\/dpress.ma\/fr\/wp-json\/wp\/v2\/media?parent=28284"}],"wp:term":[{"taxonomy":"category","embeddable":true,"href":"https:\/\/dpress.ma\/fr\/wp-json\/wp\/v2\/categories?post=28284"},{"taxonomy":"post_tag","embeddable":true,"href":"https:\/\/dpress.ma\/fr\/wp-json\/wp\/v2\/tags?post=28284"}],"curies":[{"name":"wp","href":"https:\/\/api.w.org\/{rel}","templated":true}]}}