{"id":28281,"date":"2026-04-11T11:09:47","date_gmt":"2026-04-11T11:09:47","guid":{"rendered":"https:\/\/dpress.ma\/fr\/?p=28281"},"modified":"2026-04-11T11:09:49","modified_gmt":"2026-04-11T11:09:49","slug":"m-el-midaoui-souligne-le-role-central-de-la-medecine-generale-dans-lequite-territoriale-en-matiere-de-sante","status":"publish","type":"post","link":"https:\/\/dpress.ma\/fr\/2026\/04\/11\/m-el-midaoui-souligne-le-role-central-de-la-medecine-generale-dans-lequite-territoriale-en-matiere-de-sante\/","title":{"rendered":"M. El Midaoui souligne le r\u00f4le central de la m\u00e9decine g\u00e9n\u00e9rale dans l\u2019\u00e9quit\u00e9 territoriale en mati\u00e8re de sant\u00e9"},"content":{"rendered":"\n<p>Dpress<\/p>\n\n\n\n<p>Le ministre de l\u2019Enseignement sup\u00e9rieur, de la Recherche scientifique et de l\u2019Innovation, Azzeddine El Midaoui, a mis en avant, vendredi \u00e0 Rabat, le r\u00f4le central de la m\u00e9decine g\u00e9n\u00e9rale dans la promotion de l\u2019\u00e9quit\u00e9 territoriale en mati\u00e8re de sant\u00e9, mettant en avant les efforts d\u00e9ploy\u00e9s par son d\u00e9partement pour \u00e9riger cette discipline en sp\u00e9cialit\u00e9 \u00e0 part enti\u00e8re.<\/p>\n\n\n\n<p>Intervenant lors du 1er Congr\u00e8s national de m\u00e9decine g\u00e9n\u00e9rale de la F\u00e9d\u00e9ration marocaine des omnipraticiens (FMO) et du 10e congr\u00e8s national de m\u00e9decine g\u00e9n\u00e9rale de la F\u00e9d\u00e9ration des omnipraticiens de Rabat-Sal\u00e9-K\u00e9nitra (FORSK), M. Midaoui a affirm\u00e9 que cette ambition r\u00e9pond \u00e0 un enjeu majeur, celui de l\u2019\u00e9quit\u00e9 territoriale, relevant que le m\u00e9decin g\u00e9n\u00e9raliste constitue le maillon essentiel du parcours de soins et le passage oblig\u00e9 du patient avant l\u2019acc\u00e8s \u00e0 la m\u00e9decine sp\u00e9cialis\u00e9e.<\/p>\n\n\n\n<p>S\u2019attardant sur la th\u00e9matique de cet \u00e9v\u00e9nement, intitul\u00e9 \u201cM\u00e9decin g\u00e9n\u00e9raliste, pivot d\u2019une sant\u00e9 territoriale coordonn\u00e9e\u201d, le ministre a estim\u00e9 qu\u2019elle refl\u00e8te avec justesse la place centrale du m\u00e9decin g\u00e9n\u00e9raliste dans le syst\u00e8me de sant\u00e9 et dans la formation m\u00e9dicale, ajoutant que le renforcement de la m\u00e9decine g\u00e9n\u00e9rale s\u2019inscrit dans une dynamique plus large de d\u00e9veloppement de l\u2019offre de formation en sant\u00e9 \u00e0 travers les diff\u00e9rentes r\u00e9gions du Royaume.<\/p>\n\n\n\n<p>Il a cit\u00e9, \u00e0 cet \u00e9gard, plusieurs p\u00f4les universitaires et facult\u00e9s de m\u00e9decine, notamment \u00e0 Dakhla, La\u00e2youne, Guelmim, Marrakech, Agadir, B\u00e9ni Mellal, Settat, F\u00e8s, Oujda et Tanger, relevant que cette extension de la carte de la formation m\u00e9dicale contribuera \u00e0 assurer la continuit\u00e9 des \u00e9tudes et \u00e0 rapprocher les structures de formation des territoires.<\/p>\n\n\n\n<p>De son c\u00f4t\u00e9, la pr\u00e9sidente de la FMO, Fatima Azizi, a soulign\u00e9 que cette importante rencontre constitue une \u00e9tape marquante pour l\u2019\u00e9change de visions, la formulation de propositions et le renforcement du dialogue autour de l\u2019avenir de l\u2019exercice m\u00e9dical et du r\u00f4le du m\u00e9decin g\u00e9n\u00e9raliste au Maroc.<\/p>\n\n\n\n<p>Il s\u2019agit, selon elle, d\u2019un rendez-vous de nature \u00e0 nourrir une r\u00e9flexion collective sur les moyens de consolider la place de ce praticien au sein du syst\u00e8me national de sant\u00e9, affirmant que toute r\u00e9flexion sur le syst\u00e8me de sant\u00e9 demeure incompl\u00e8te sans mettre en lumi\u00e8re la place centrale qu\u2019occupe ce dernier dans tout dispositif sanitaire \u00e9quilibr\u00e9 et efficient.<\/p>\n\n\n\n<p>Le m\u00e9decin g\u00e9n\u00e9raliste, a-t-elle relev\u00e9, constitue non seulement le premier point d\u2019acc\u00e8s du patient aux soins, mais \u00e9galement le garant de leur continuit\u00e9, le principal orientateur du parcours th\u00e9rapeutique et le maillon essentiel entre les diff\u00e9rentes sp\u00e9cialit\u00e9s m\u00e9dicales.<\/p>\n\n\n\n<p>L\u2019intervenant a, dans ce sens, relev\u00e9 que les exp\u00e9riences internationales les plus r\u00e9ussies montrent que les syst\u00e8mes de sant\u00e9 les plus performants reposent sur des soins de sant\u00e9 primaires solides, au sein desquels le m\u00e9decin g\u00e9n\u00e9raliste joue un r\u00f4le d\u00e9terminant.<\/p>\n\n\n\n<p>Pour sa part, le pr\u00e9sident de la FORSK, Azzedine Gmira, a indiqu\u00e9 que la F\u00e9d\u00e9ration a organis\u00e9 les travaux de sa 10e \u00e9dition en partenariat avec la FMO, avec laquelle elle entretient un partenariat fond\u00e9 sur la coop\u00e9ration, la compl\u00e9mentarit\u00e9 et la convergence des valeurs et des objectifs, ajoutant que les deux parties ont convenu d\u2019organiser les prochains congr\u00e8s dans les diff\u00e9rentes r\u00e9gions du Royaume, afin de mieux appr\u00e9hender les pr\u00e9occupations et les probl\u00e9matiques du m\u00e9decin g\u00e9n\u00e9raliste selon les sp\u00e9cificit\u00e9s g\u00e9ographiques et \u00e9conomiques de chaque r\u00e9gion.<\/p>\n\n\n\n<p>Dans ce cadre, il a estim\u00e9 que le m\u00e9decin g\u00e9n\u00e9raliste est appel\u00e9 \u00e0 jouer un r\u00f4le central dans la gestion du parcours de sant\u00e9 du citoyen, en tant que premier interlocuteur du patient, accompagnateur dans la dur\u00e9e, coordinateur des soins et garant de leur int\u00e9gration.<\/p>\n\n\n\n<p>L\u2019organisation de ce congr\u00e8s s\u2019inscrit dans un contexte national qui appelle au renforcement des r\u00f4les de la m\u00e9decine g\u00e9n\u00e9rale, \u00e0 la consolidation de la formation continue et \u00e0 l\u2019am\u00e9lioration des services de sant\u00e9 de base conform\u00e9ment aux Hautes Orientations Royales visant \u00e0 d\u00e9velopper et \u00e0 moderniser le syst\u00e8me de sant\u00e9 au Maroc.<\/p>\n","protected":false},"excerpt":{"rendered":"<p>Dpress Le ministre de l\u2019Enseignement sup\u00e9rieur, de la Recherche scientifique et de l\u2019Innovation, Azzeddine El Midaoui, a mis en avant, vendredi \u00e0 Rabat, le r\u00f4le central de la m\u00e9decine g\u00e9n\u00e9rale dans la promotion de l\u2019\u00e9quit\u00e9 territoriale en mati\u00e8re de sant\u00e9, mettant en avant les efforts d\u00e9ploy\u00e9s par son d\u00e9partement pour \u00e9riger cette discipline en sp\u00e9cialit\u00e9 &hellip;<\/p>\n","protected":false},"author":2,"featured_media":28282,"comment_status":"open","ping_status":"open","sticky":false,"template":"","format":"standard","meta":{"footnotes":""},"categories":[40],"tags":[],"class_list":["post-28281","post","type-post","status-publish","format-standard","has-post-thumbnail","hentry","category-societe-et-regions"],"yoast_head":"<!-- This site is optimized with the Yoast SEO plugin v27.4 - https:\/\/yoast.com\/product\/yoast-seo-wordpress\/ -->\n<title>M. El Midaoui souligne le r\u00f4le central de la m\u00e9decine g\u00e9n\u00e9rale dans l\u2019\u00e9quit\u00e9 territoriale en mati\u00e8re de sant\u00e9 - Dpress.ma\/fr<\/title>\n<meta name=\"robots\" content=\"index, follow, max-snippet:-1, max-image-preview:large, max-video-preview:-1\" \/>\n<link rel=\"canonical\" href=\"https:\/\/dpress.ma\/fr\/2026\/04\/11\/m-el-midaoui-souligne-le-role-central-de-la-medecine-generale-dans-lequite-territoriale-en-matiere-de-sante\/\" \/>\n<meta property=\"og:locale\" content=\"fr_FR\" \/>\n<meta property=\"og:type\" content=\"article\" \/>\n<meta property=\"og:title\" content=\"M. El Midaoui souligne le r\u00f4le central de la m\u00e9decine g\u00e9n\u00e9rale dans l\u2019\u00e9quit\u00e9 territoriale en mati\u00e8re de sant\u00e9 - Dpress.ma\/fr\" \/>\n<meta property=\"og:description\" content=\"Dpress Le ministre de l\u2019Enseignement sup\u00e9rieur, de la Recherche scientifique et de l\u2019Innovation, Azzeddine El Midaoui, a mis en avant, vendredi \u00e0 Rabat, le r\u00f4le central de la m\u00e9decine g\u00e9n\u00e9rale dans la promotion de l\u2019\u00e9quit\u00e9 territoriale en mati\u00e8re de sant\u00e9, mettant en avant les efforts d\u00e9ploy\u00e9s par son d\u00e9partement pour \u00e9riger cette discipline en sp\u00e9cialit\u00e9 &hellip;\" \/>\n<meta property=\"og:url\" content=\"https:\/\/dpress.ma\/fr\/2026\/04\/11\/m-el-midaoui-souligne-le-role-central-de-la-medecine-generale-dans-lequite-territoriale-en-matiere-de-sante\/\" \/>\n<meta property=\"og:site_name\" content=\"Dpress.ma\/fr\" \/>\n<meta property=\"article:published_time\" content=\"2026-04-11T11:09:47+00:00\" \/>\n<meta property=\"article:modified_time\" content=\"2026-04-11T11:09:49+00:00\" \/>\n<meta property=\"og:image\" content=\"https:\/\/dpress.ma\/fr\/wp-content\/uploads\/sites\/2\/2026\/04\/9.jpg\" \/>\n\t<meta property=\"og:image:width\" content=\"2539\" \/>\n\t<meta property=\"og:image:height\" content=\"1594\" \/>\n\t<meta property=\"og:image:type\" content=\"image\/jpeg\" \/>\n<meta name=\"author\" content=\"Dpress.ma\" \/>\n<meta name=\"twitter:card\" content=\"summary_large_image\" \/>\n<meta name=\"twitter:label1\" content=\"\u00c9crit par\" \/>\n\t<meta name=\"twitter:data1\" content=\"Dpress.ma\" \/>\n\t<meta name=\"twitter:label2\" content=\"Dur\u00e9e de lecture estim\u00e9e\" \/>\n\t<meta name=\"twitter:data2\" content=\"4 minutes\" \/>\n<script type=\"application\/ld+json\" class=\"yoast-schema-graph\">{\"@context\":\"https:\\\/\\\/schema.org\",\"@graph\":[{\"@type\":\"Article\",\"@id\":\"https:\\\/\\\/dpress.ma\\\/fr\\\/2026\\\/04\\\/11\\\/m-el-midaoui-souligne-le-role-central-de-la-medecine-generale-dans-lequite-territoriale-en-matiere-de-sante\\\/#article\",\"isPartOf\":{\"@id\":\"https:\\\/\\\/dpress.ma\\\/fr\\\/2026\\\/04\\\/11\\\/m-el-midaoui-souligne-le-role-central-de-la-medecine-generale-dans-lequite-territoriale-en-matiere-de-sante\\\/\"},\"author\":{\"name\":\"Dpress.ma\",\"@id\":\"https:\\\/\\\/dpress.ma\\\/fr\\\/#\\\/schema\\\/person\\\/4898febf3ccd59e6578d838656a306a0\"},\"headline\":\"M. El Midaoui souligne le r\u00f4le central de la m\u00e9decine g\u00e9n\u00e9rale dans l\u2019\u00e9quit\u00e9 territoriale en mati\u00e8re de sant\u00e9\",\"datePublished\":\"2026-04-11T11:09:47+00:00\",\"dateModified\":\"2026-04-11T11:09:49+00:00\",\"mainEntityOfPage\":{\"@id\":\"https:\\\/\\\/dpress.ma\\\/fr\\\/2026\\\/04\\\/11\\\/m-el-midaoui-souligne-le-role-central-de-la-medecine-generale-dans-lequite-territoriale-en-matiere-de-sante\\\/\"},\"wordCount\":771,\"commentCount\":0,\"image\":{\"@id\":\"https:\\\/\\\/dpress.ma\\\/fr\\\/2026\\\/04\\\/11\\\/m-el-midaoui-souligne-le-role-central-de-la-medecine-generale-dans-lequite-territoriale-en-matiere-de-sante\\\/#primaryimage\"},\"thumbnailUrl\":\"https:\\\/\\\/dpress.ma\\\/fr\\\/wp-content\\\/uploads\\\/sites\\\/2\\\/2026\\\/04\\\/9.jpg\",\"articleSection\":[\"societe et regions\"],\"inLanguage\":\"fr-FR\",\"potentialAction\":[{\"@type\":\"CommentAction\",\"name\":\"Comment\",\"target\":[\"https:\\\/\\\/dpress.ma\\\/fr\\\/2026\\\/04\\\/11\\\/m-el-midaoui-souligne-le-role-central-de-la-medecine-generale-dans-lequite-territoriale-en-matiere-de-sante\\\/#respond\"]}]},{\"@type\":\"WebPage\",\"@id\":\"https:\\\/\\\/dpress.ma\\\/fr\\\/2026\\\/04\\\/11\\\/m-el-midaoui-souligne-le-role-central-de-la-medecine-generale-dans-lequite-territoriale-en-matiere-de-sante\\\/\",\"url\":\"https:\\\/\\\/dpress.ma\\\/fr\\\/2026\\\/04\\\/11\\\/m-el-midaoui-souligne-le-role-central-de-la-medecine-generale-dans-lequite-territoriale-en-matiere-de-sante\\\/\",\"name\":\"M. El Midaoui souligne le r\u00f4le central de la m\u00e9decine g\u00e9n\u00e9rale dans l\u2019\u00e9quit\u00e9 territoriale en mati\u00e8re de sant\u00e9 - Dpress.ma\\\/fr\",\"isPartOf\":{\"@id\":\"https:\\\/\\\/dpress.ma\\\/fr\\\/#website\"},\"primaryImageOfPage\":{\"@id\":\"https:\\\/\\\/dpress.ma\\\/fr\\\/2026\\\/04\\\/11\\\/m-el-midaoui-souligne-le-role-central-de-la-medecine-generale-dans-lequite-territoriale-en-matiere-de-sante\\\/#primaryimage\"},\"image\":{\"@id\":\"https:\\\/\\\/dpress.ma\\\/fr\\\/2026\\\/04\\\/11\\\/m-el-midaoui-souligne-le-role-central-de-la-medecine-generale-dans-lequite-territoriale-en-matiere-de-sante\\\/#primaryimage\"},\"thumbnailUrl\":\"https:\\\/\\\/dpress.ma\\\/fr\\\/wp-content\\\/uploads\\\/sites\\\/2\\\/2026\\\/04\\\/9.jpg\",\"datePublished\":\"2026-04-11T11:09:47+00:00\",\"dateModified\":\"2026-04-11T11:09:49+00:00\",\"author\":{\"@id\":\"https:\\\/\\\/dpress.ma\\\/fr\\\/#\\\/schema\\\/person\\\/4898febf3ccd59e6578d838656a306a0\"},\"breadcrumb\":{\"@id\":\"https:\\\/\\\/dpress.ma\\\/fr\\\/2026\\\/04\\\/11\\\/m-el-midaoui-souligne-le-role-central-de-la-medecine-generale-dans-lequite-territoriale-en-matiere-de-sante\\\/#breadcrumb\"},\"inLanguage\":\"fr-FR\",\"potentialAction\":[{\"@type\":\"ReadAction\",\"target\":[\"https:\\\/\\\/dpress.ma\\\/fr\\\/2026\\\/04\\\/11\\\/m-el-midaoui-souligne-le-role-central-de-la-medecine-generale-dans-lequite-territoriale-en-matiere-de-sante\\\/\"]}]},{\"@type\":\"ImageObject\",\"inLanguage\":\"fr-FR\",\"@id\":\"https:\\\/\\\/dpress.ma\\\/fr\\\/2026\\\/04\\\/11\\\/m-el-midaoui-souligne-le-role-central-de-la-medecine-generale-dans-lequite-territoriale-en-matiere-de-sante\\\/#primaryimage\",\"url\":\"https:\\\/\\\/dpress.ma\\\/fr\\\/wp-content\\\/uploads\\\/sites\\\/2\\\/2026\\\/04\\\/9.jpg\",\"contentUrl\":\"https:\\\/\\\/dpress.ma\\\/fr\\\/wp-content\\\/uploads\\\/sites\\\/2\\\/2026\\\/04\\\/9.jpg\",\"width\":2539,\"height\":1594},{\"@type\":\"BreadcrumbList\",\"@id\":\"https:\\\/\\\/dpress.ma\\\/fr\\\/2026\\\/04\\\/11\\\/m-el-midaoui-souligne-le-role-central-de-la-medecine-generale-dans-lequite-territoriale-en-matiere-de-sante\\\/#breadcrumb\",\"itemListElement\":[{\"@type\":\"ListItem\",\"position\":1,\"name\":\"Home\",\"item\":\"https:\\\/\\\/dpress.ma\\\/fr\\\/\"},{\"@type\":\"ListItem\",\"position\":2,\"name\":\"M. El Midaoui souligne le r\u00f4le central de la m\u00e9decine g\u00e9n\u00e9rale dans l\u2019\u00e9quit\u00e9 territoriale en mati\u00e8re de sant\u00e9\"}]},{\"@type\":\"WebSite\",\"@id\":\"https:\\\/\\\/dpress.ma\\\/fr\\\/#website\",\"url\":\"https:\\\/\\\/dpress.ma\\\/fr\\\/\",\"name\":\"Dpress.ma\\\/fr\",\"description\":\"\",\"potentialAction\":[{\"@type\":\"SearchAction\",\"target\":{\"@type\":\"EntryPoint\",\"urlTemplate\":\"https:\\\/\\\/dpress.ma\\\/fr\\\/?s={search_term_string}\"},\"query-input\":{\"@type\":\"PropertyValueSpecification\",\"valueRequired\":true,\"valueName\":\"search_term_string\"}}],\"inLanguage\":\"fr-FR\"},{\"@type\":\"Person\",\"@id\":\"https:\\\/\\\/dpress.ma\\\/fr\\\/#\\\/schema\\\/person\\\/4898febf3ccd59e6578d838656a306a0\",\"name\":\"Dpress.ma\",\"image\":{\"@type\":\"ImageObject\",\"inLanguage\":\"fr-FR\",\"@id\":\"https:\\\/\\\/secure.gravatar.com\\\/avatar\\\/72ecc30e9db047a2e0e7176561eb9d564ed77c8108376495b19bd8336405198a?s=96&d=mm&r=g\",\"url\":\"https:\\\/\\\/secure.gravatar.com\\\/avatar\\\/72ecc30e9db047a2e0e7176561eb9d564ed77c8108376495b19bd8336405198a?s=96&d=mm&r=g\",\"contentUrl\":\"https:\\\/\\\/secure.gravatar.com\\\/avatar\\\/72ecc30e9db047a2e0e7176561eb9d564ed77c8108376495b19bd8336405198a?s=96&d=mm&r=g\",\"caption\":\"Dpress.ma\"},\"sameAs\":[\"https:\\\/\\\/www.dpress.ma\"],\"url\":\"https:\\\/\\\/dpress.ma\\\/fr\\\/author\\\/dpress-ma\\\/\"}]}<\/script>\n<!-- \/ Yoast SEO plugin. -->","yoast_head_json":{"title":"M. El Midaoui souligne le r\u00f4le central de la m\u00e9decine g\u00e9n\u00e9rale dans l\u2019\u00e9quit\u00e9 territoriale en mati\u00e8re de sant\u00e9 - Dpress.ma\/fr","robots":{"index":"index","follow":"follow","max-snippet":"max-snippet:-1","max-image-preview":"max-image-preview:large","max-video-preview":"max-video-preview:-1"},"canonical":"https:\/\/dpress.ma\/fr\/2026\/04\/11\/m-el-midaoui-souligne-le-role-central-de-la-medecine-generale-dans-lequite-territoriale-en-matiere-de-sante\/","og_locale":"fr_FR","og_type":"article","og_title":"M. El Midaoui souligne le r\u00f4le central de la m\u00e9decine g\u00e9n\u00e9rale dans l\u2019\u00e9quit\u00e9 territoriale en mati\u00e8re de sant\u00e9 - Dpress.ma\/fr","og_description":"Dpress Le ministre de l\u2019Enseignement sup\u00e9rieur, de la Recherche scientifique et de l\u2019Innovation, Azzeddine El Midaoui, a mis en avant, vendredi \u00e0 Rabat, le r\u00f4le central de la m\u00e9decine g\u00e9n\u00e9rale dans la promotion de l\u2019\u00e9quit\u00e9 territoriale en mati\u00e8re de sant\u00e9, mettant en avant les efforts d\u00e9ploy\u00e9s par son d\u00e9partement pour \u00e9riger cette discipline en sp\u00e9cialit\u00e9 &hellip;","og_url":"https:\/\/dpress.ma\/fr\/2026\/04\/11\/m-el-midaoui-souligne-le-role-central-de-la-medecine-generale-dans-lequite-territoriale-en-matiere-de-sante\/","og_site_name":"Dpress.ma\/fr","article_published_time":"2026-04-11T11:09:47+00:00","article_modified_time":"2026-04-11T11:09:49+00:00","og_image":[{"width":2539,"height":1594,"url":"https:\/\/dpress.ma\/fr\/wp-content\/uploads\/sites\/2\/2026\/04\/9.jpg","type":"image\/jpeg"}],"author":"Dpress.ma","twitter_card":"summary_large_image","twitter_misc":{"\u00c9crit par":"Dpress.ma","Dur\u00e9e de lecture estim\u00e9e":"4 minutes"},"schema":{"@context":"https:\/\/schema.org","@graph":[{"@type":"Article","@id":"https:\/\/dpress.ma\/fr\/2026\/04\/11\/m-el-midaoui-souligne-le-role-central-de-la-medecine-generale-dans-lequite-territoriale-en-matiere-de-sante\/#article","isPartOf":{"@id":"https:\/\/dpress.ma\/fr\/2026\/04\/11\/m-el-midaoui-souligne-le-role-central-de-la-medecine-generale-dans-lequite-territoriale-en-matiere-de-sante\/"},"author":{"name":"Dpress.ma","@id":"https:\/\/dpress.ma\/fr\/#\/schema\/person\/4898febf3ccd59e6578d838656a306a0"},"headline":"M. El Midaoui souligne le r\u00f4le central de la m\u00e9decine g\u00e9n\u00e9rale dans l\u2019\u00e9quit\u00e9 territoriale en mati\u00e8re de sant\u00e9","datePublished":"2026-04-11T11:09:47+00:00","dateModified":"2026-04-11T11:09:49+00:00","mainEntityOfPage":{"@id":"https:\/\/dpress.ma\/fr\/2026\/04\/11\/m-el-midaoui-souligne-le-role-central-de-la-medecine-generale-dans-lequite-territoriale-en-matiere-de-sante\/"},"wordCount":771,"commentCount":0,"image":{"@id":"https:\/\/dpress.ma\/fr\/2026\/04\/11\/m-el-midaoui-souligne-le-role-central-de-la-medecine-generale-dans-lequite-territoriale-en-matiere-de-sante\/#primaryimage"},"thumbnailUrl":"https:\/\/dpress.ma\/fr\/wp-content\/uploads\/sites\/2\/2026\/04\/9.jpg","articleSection":["societe et regions"],"inLanguage":"fr-FR","potentialAction":[{"@type":"CommentAction","name":"Comment","target":["https:\/\/dpress.ma\/fr\/2026\/04\/11\/m-el-midaoui-souligne-le-role-central-de-la-medecine-generale-dans-lequite-territoriale-en-matiere-de-sante\/#respond"]}]},{"@type":"WebPage","@id":"https:\/\/dpress.ma\/fr\/2026\/04\/11\/m-el-midaoui-souligne-le-role-central-de-la-medecine-generale-dans-lequite-territoriale-en-matiere-de-sante\/","url":"https:\/\/dpress.ma\/fr\/2026\/04\/11\/m-el-midaoui-souligne-le-role-central-de-la-medecine-generale-dans-lequite-territoriale-en-matiere-de-sante\/","name":"M. El Midaoui souligne le r\u00f4le central de la m\u00e9decine g\u00e9n\u00e9rale dans l\u2019\u00e9quit\u00e9 territoriale en mati\u00e8re de sant\u00e9 - Dpress.ma\/fr","isPartOf":{"@id":"https:\/\/dpress.ma\/fr\/#website"},"primaryImageOfPage":{"@id":"https:\/\/dpress.ma\/fr\/2026\/04\/11\/m-el-midaoui-souligne-le-role-central-de-la-medecine-generale-dans-lequite-territoriale-en-matiere-de-sante\/#primaryimage"},"image":{"@id":"https:\/\/dpress.ma\/fr\/2026\/04\/11\/m-el-midaoui-souligne-le-role-central-de-la-medecine-generale-dans-lequite-territoriale-en-matiere-de-sante\/#primaryimage"},"thumbnailUrl":"https:\/\/dpress.ma\/fr\/wp-content\/uploads\/sites\/2\/2026\/04\/9.jpg","datePublished":"2026-04-11T11:09:47+00:00","dateModified":"2026-04-11T11:09:49+00:00","author":{"@id":"https:\/\/dpress.ma\/fr\/#\/schema\/person\/4898febf3ccd59e6578d838656a306a0"},"breadcrumb":{"@id":"https:\/\/dpress.ma\/fr\/2026\/04\/11\/m-el-midaoui-souligne-le-role-central-de-la-medecine-generale-dans-lequite-territoriale-en-matiere-de-sante\/#breadcrumb"},"inLanguage":"fr-FR","potentialAction":[{"@type":"ReadAction","target":["https:\/\/dpress.ma\/fr\/2026\/04\/11\/m-el-midaoui-souligne-le-role-central-de-la-medecine-generale-dans-lequite-territoriale-en-matiere-de-sante\/"]}]},{"@type":"ImageObject","inLanguage":"fr-FR","@id":"https:\/\/dpress.ma\/fr\/2026\/04\/11\/m-el-midaoui-souligne-le-role-central-de-la-medecine-generale-dans-lequite-territoriale-en-matiere-de-sante\/#primaryimage","url":"https:\/\/dpress.ma\/fr\/wp-content\/uploads\/sites\/2\/2026\/04\/9.jpg","contentUrl":"https:\/\/dpress.ma\/fr\/wp-content\/uploads\/sites\/2\/2026\/04\/9.jpg","width":2539,"height":1594},{"@type":"BreadcrumbList","@id":"https:\/\/dpress.ma\/fr\/2026\/04\/11\/m-el-midaoui-souligne-le-role-central-de-la-medecine-generale-dans-lequite-territoriale-en-matiere-de-sante\/#breadcrumb","itemListElement":[{"@type":"ListItem","position":1,"name":"Home","item":"https:\/\/dpress.ma\/fr\/"},{"@type":"ListItem","position":2,"name":"M. El Midaoui souligne le r\u00f4le central de la m\u00e9decine g\u00e9n\u00e9rale dans l\u2019\u00e9quit\u00e9 territoriale en mati\u00e8re de sant\u00e9"}]},{"@type":"WebSite","@id":"https:\/\/dpress.ma\/fr\/#website","url":"https:\/\/dpress.ma\/fr\/","name":"Dpress.ma\/fr","description":"","potentialAction":[{"@type":"SearchAction","target":{"@type":"EntryPoint","urlTemplate":"https:\/\/dpress.ma\/fr\/?s={search_term_string}"},"query-input":{"@type":"PropertyValueSpecification","valueRequired":true,"valueName":"search_term_string"}}],"inLanguage":"fr-FR"},{"@type":"Person","@id":"https:\/\/dpress.ma\/fr\/#\/schema\/person\/4898febf3ccd59e6578d838656a306a0","name":"Dpress.ma","image":{"@type":"ImageObject","inLanguage":"fr-FR","@id":"https:\/\/secure.gravatar.com\/avatar\/72ecc30e9db047a2e0e7176561eb9d564ed77c8108376495b19bd8336405198a?s=96&d=mm&r=g","url":"https:\/\/secure.gravatar.com\/avatar\/72ecc30e9db047a2e0e7176561eb9d564ed77c8108376495b19bd8336405198a?s=96&d=mm&r=g","contentUrl":"https:\/\/secure.gravatar.com\/avatar\/72ecc30e9db047a2e0e7176561eb9d564ed77c8108376495b19bd8336405198a?s=96&d=mm&r=g","caption":"Dpress.ma"},"sameAs":["https:\/\/www.dpress.ma"],"url":"https:\/\/dpress.ma\/fr\/author\/dpress-ma\/"}]}},"amp_enabled":true,"_links":{"self":[{"href":"https:\/\/dpress.ma\/fr\/wp-json\/wp\/v2\/posts\/28281","targetHints":{"allow":["GET"]}}],"collection":[{"href":"https:\/\/dpress.ma\/fr\/wp-json\/wp\/v2\/posts"}],"about":[{"href":"https:\/\/dpress.ma\/fr\/wp-json\/wp\/v2\/types\/post"}],"author":[{"embeddable":true,"href":"https:\/\/dpress.ma\/fr\/wp-json\/wp\/v2\/users\/2"}],"replies":[{"embeddable":true,"href":"https:\/\/dpress.ma\/fr\/wp-json\/wp\/v2\/comments?post=28281"}],"version-history":[{"count":1,"href":"https:\/\/dpress.ma\/fr\/wp-json\/wp\/v2\/posts\/28281\/revisions"}],"predecessor-version":[{"id":28283,"href":"https:\/\/dpress.ma\/fr\/wp-json\/wp\/v2\/posts\/28281\/revisions\/28283"}],"wp:featuredmedia":[{"embeddable":true,"href":"https:\/\/dpress.ma\/fr\/wp-json\/wp\/v2\/media\/28282"}],"wp:attachment":[{"href":"https:\/\/dpress.ma\/fr\/wp-json\/wp\/v2\/media?parent=28281"}],"wp:term":[{"taxonomy":"category","embeddable":true,"href":"https:\/\/dpress.ma\/fr\/wp-json\/wp\/v2\/categories?post=28281"},{"taxonomy":"post_tag","embeddable":true,"href":"https:\/\/dpress.ma\/fr\/wp-json\/wp\/v2\/tags?post=28281"}],"curies":[{"name":"wp","href":"https:\/\/api.w.org\/{rel}","templated":true}]}}