{"id":28261,"date":"2026-04-11T09:34:00","date_gmt":"2026-04-11T09:34:00","guid":{"rendered":"https:\/\/dpress.ma\/fr\/?p=28261"},"modified":"2026-04-11T09:34:03","modified_gmt":"2026-04-11T09:34:03","slug":"quatre-arbitres-marocains-retenus-pour-le-mondial-2026-de-football","status":"publish","type":"post","link":"https:\/\/dpress.ma\/fr\/2026\/04\/11\/quatre-arbitres-marocains-retenus-pour-le-mondial-2026-de-football\/","title":{"rendered":"Quatre arbitres marocains retenus pour le Mondial-2026 de football"},"content":{"rendered":"\n<p>Dpress<\/p>\n\n\n\n<p>Quatre arbitres marocains ont \u00e9t\u00e9 retenus dans la liste finale des arbitres internationaux qui officieront les matches du Mondial 2026 de football, pr\u00e9vu du 11 juin au 19 juillet aux \u00c9tats-Unis, au Canada et au Mexique.<\/p>\n\n\n\n<p>Il s\u2019agit de Jayed Jalal, comme arbitre central, Akarkad Mostafa et Brinsi Zakaria, comme arbitres assistants, et El Fariq Hamza \u00e0 l\u2019assistance vid\u00e9o, qui repr\u00e9senteront le Maroc dans cette \u00e9dition de la Coupe du monde, la plus grande de l\u2019histoire, avec un tableau \u00e0 48 \u00e9quipes et 104 matches r\u00e9partis sur une \u00e9tendue g\u00e9ographique in\u00e9dite.<\/p>\n\n\n\n<p>La FIFA vient de d\u00e9voiler la liste des arbitres de la Coupe du monde 2026, qui compte 52 arbitres centraux, 88 arbitres assistants et 30 arbitres vid\u00e9o, issus des six conf\u00e9d\u00e9rations et de 50 associations membres, soit 41 officiels de plus que l\u2019\u00e9dition pr\u00e9c\u00e9dente au Qatar.<\/p>\n\n\n\n<p>Cette \u201cTeam One\u201d de la FIFA est le plus grand contingent d\u2019officiels de l\u2019histoire de la Coupe du monde, souligne la FIFA dans un communiqu\u00e9, pr\u00e9cisant que les 170 juges retenus ont \u00e9t\u00e9 choisis pour \u201cleur qualit\u00e9 constante au plus haut niveau\u201d, \u00e0 l\u2019issue d\u2019un processus de s\u00e9lection rigoureux \u00e9tal\u00e9 sur plus de trois ans.<\/p>\n\n\n\n<p>\u201cLes arbitres retenus ont \u00e9t\u00e9 choisis parmi un grand nombre de candidats pr\u00e9s\u00e9lectionn\u00e9s et suivis ces trois derni\u00e8res ann\u00e9es. Ils ont particip\u00e9 \u00e0 des s\u00e9minaires et offici\u00e9 lors de comp\u00e9titions de la FIFA. Qui plus est, leur prestation dans des matches nationaux et internationaux a \u00e9t\u00e9 r\u00e9guli\u00e8rement \u00e9valu\u00e9e\u201d, indique Pierluigi Collina, responsable de l\u2019arbitrage et pr\u00e9sident de la Commission des arbitres de la FIFA, cit\u00e9 dans le communiqu\u00e9.<\/p>\n\n\n\n<p>\u00c0 partir du 31 mai, les membres de la \u201cTeam One\u201d participeront \u00e0 un stage de pr\u00e9paration de dix jours \u00e0 Miami. Ensuite, les arbitres vid\u00e9o s\u2019installeront \u00e0 Dallas, ville qui abritera le Centre international de diffusion, tandis que les arbitres centraux et assistants ainsi que le personnel auxiliaire resteront \u00e0 Miami, explique la FIFA.<\/p>\n\n\n\n<p>Elle pr\u00e9cise que les mesures destin\u00e9es \u00e0 am\u00e9liorer la fluidit\u00e9 des matches et \u00e0 r\u00e9duire les pertes de temps, approuv\u00e9es en f\u00e9vrier lors de la 140e Assembl\u00e9e g\u00e9n\u00e9rale annuelle de l\u2019International Football Association Board (IFAB), seront appliqu\u00e9es, de m\u00eame que les trois ajustements approuv\u00e9s au protocole d\u2019assistance vid\u00e9o \u00e0 l\u2019arbitrage (VAR).<\/p>\n\n\n\n<p>Les cam\u00e9ras portatives pour arbitres, dont l\u2019utilisation a \u00e9t\u00e9 un succ\u00e8s l\u2019ann\u00e9e derni\u00e8re lors de la 1re \u00e9dition de la Coupe du monde des clubs de la FIFA, seront de nouveau de la partie. Un logiciel de stabilisation \u00e0 base d\u2019intelligence artificielle permettra d\u2019am\u00e9liorer les images prises en temps r\u00e9el, r\u00e9duisant le flou de mouvement caus\u00e9 par la rapidit\u00e9 des d\u00e9placements, afin que les supporters puissent voir le d\u00e9roulement du match du point de vue de l\u2019arbitre, note la FIFA.<\/p>\n","protected":false},"excerpt":{"rendered":"<p>Dpress Quatre arbitres marocains ont \u00e9t\u00e9 retenus dans la liste finale des arbitres internationaux qui officieront les matches du Mondial 2026 de football, pr\u00e9vu du 11 juin au 19 juillet aux \u00c9tats-Unis, au Canada et au Mexique. Il s\u2019agit de Jayed Jalal, comme arbitre central, Akarkad Mostafa et Brinsi Zakaria, comme arbitres assistants, et El &hellip;<\/p>\n","protected":false},"author":2,"featured_media":28262,"comment_status":"open","ping_status":"open","sticky":false,"template":"","format":"standard","meta":{"footnotes":""},"categories":[27],"tags":[],"class_list":["post-28261","post","type-post","status-publish","format-standard","has-post-thumbnail","hentry","category-sport"],"yoast_head":"<!-- This site is optimized with the Yoast SEO plugin v27.5 - https:\/\/yoast.com\/product\/yoast-seo-wordpress\/ -->\n<title>Quatre arbitres marocains retenus pour le Mondial-2026 de football - Dpress.ma\/fr<\/title>\n<meta name=\"robots\" content=\"index, follow, max-snippet:-1, max-image-preview:large, max-video-preview:-1\" \/>\n<link rel=\"canonical\" href=\"https:\/\/dpress.ma\/fr\/2026\/04\/11\/quatre-arbitres-marocains-retenus-pour-le-mondial-2026-de-football\/\" \/>\n<meta property=\"og:locale\" content=\"fr_FR\" \/>\n<meta property=\"og:type\" content=\"article\" \/>\n<meta property=\"og:title\" content=\"Quatre arbitres marocains retenus pour le Mondial-2026 de football - Dpress.ma\/fr\" \/>\n<meta property=\"og:description\" content=\"Dpress Quatre arbitres marocains ont \u00e9t\u00e9 retenus dans la liste finale des arbitres internationaux qui officieront les matches du Mondial 2026 de football, pr\u00e9vu du 11 juin au 19 juillet aux \u00c9tats-Unis, au Canada et au Mexique. Il s\u2019agit de Jayed Jalal, comme arbitre central, Akarkad Mostafa et Brinsi Zakaria, comme arbitres assistants, et El &hellip;\" \/>\n<meta property=\"og:url\" content=\"https:\/\/dpress.ma\/fr\/2026\/04\/11\/quatre-arbitres-marocains-retenus-pour-le-mondial-2026-de-football\/\" \/>\n<meta property=\"og:site_name\" content=\"Dpress.ma\/fr\" \/>\n<meta property=\"article:published_time\" content=\"2026-04-11T09:34:00+00:00\" \/>\n<meta property=\"article:modified_time\" content=\"2026-04-11T09:34:03+00:00\" \/>\n<meta property=\"og:image\" content=\"https:\/\/dpress.ma\/fr\/wp-content\/uploads\/sites\/2\/2026\/04\/49-8.jpg\" \/>\n\t<meta property=\"og:image:width\" content=\"2539\" \/>\n\t<meta property=\"og:image:height\" content=\"1594\" \/>\n\t<meta property=\"og:image:type\" content=\"image\/jpeg\" \/>\n<meta name=\"author\" content=\"Dpress.ma\" \/>\n<meta name=\"twitter:card\" content=\"summary_large_image\" \/>\n<meta name=\"twitter:label1\" content=\"\u00c9crit par\" \/>\n\t<meta name=\"twitter:data1\" content=\"Dpress.ma\" \/>\n\t<meta name=\"twitter:label2\" content=\"Dur\u00e9e de lecture estim\u00e9e\" \/>\n\t<meta name=\"twitter:data2\" content=\"3 minutes\" \/>\n<script type=\"application\/ld+json\" class=\"yoast-schema-graph\">{\"@context\":\"https:\\\/\\\/schema.org\",\"@graph\":[{\"@type\":\"Article\",\"@id\":\"https:\\\/\\\/dpress.ma\\\/fr\\\/2026\\\/04\\\/11\\\/quatre-arbitres-marocains-retenus-pour-le-mondial-2026-de-football\\\/#article\",\"isPartOf\":{\"@id\":\"https:\\\/\\\/dpress.ma\\\/fr\\\/2026\\\/04\\\/11\\\/quatre-arbitres-marocains-retenus-pour-le-mondial-2026-de-football\\\/\"},\"author\":{\"name\":\"Dpress.ma\",\"@id\":\"https:\\\/\\\/dpress.ma\\\/fr\\\/#\\\/schema\\\/person\\\/4898febf3ccd59e6578d838656a306a0\"},\"headline\":\"Quatre arbitres marocains retenus pour le Mondial-2026 de football\",\"datePublished\":\"2026-04-11T09:34:00+00:00\",\"dateModified\":\"2026-04-11T09:34:03+00:00\",\"mainEntityOfPage\":{\"@id\":\"https:\\\/\\\/dpress.ma\\\/fr\\\/2026\\\/04\\\/11\\\/quatre-arbitres-marocains-retenus-pour-le-mondial-2026-de-football\\\/\"},\"wordCount\":497,\"commentCount\":0,\"image\":{\"@id\":\"https:\\\/\\\/dpress.ma\\\/fr\\\/2026\\\/04\\\/11\\\/quatre-arbitres-marocains-retenus-pour-le-mondial-2026-de-football\\\/#primaryimage\"},\"thumbnailUrl\":\"https:\\\/\\\/dpress.ma\\\/fr\\\/wp-content\\\/uploads\\\/sites\\\/2\\\/2026\\\/04\\\/49-8.jpg\",\"articleSection\":[\"Sport\"],\"inLanguage\":\"fr-FR\",\"potentialAction\":[{\"@type\":\"CommentAction\",\"name\":\"Comment\",\"target\":[\"https:\\\/\\\/dpress.ma\\\/fr\\\/2026\\\/04\\\/11\\\/quatre-arbitres-marocains-retenus-pour-le-mondial-2026-de-football\\\/#respond\"]}]},{\"@type\":\"WebPage\",\"@id\":\"https:\\\/\\\/dpress.ma\\\/fr\\\/2026\\\/04\\\/11\\\/quatre-arbitres-marocains-retenus-pour-le-mondial-2026-de-football\\\/\",\"url\":\"https:\\\/\\\/dpress.ma\\\/fr\\\/2026\\\/04\\\/11\\\/quatre-arbitres-marocains-retenus-pour-le-mondial-2026-de-football\\\/\",\"name\":\"Quatre arbitres marocains retenus pour le Mondial-2026 de football - Dpress.ma\\\/fr\",\"isPartOf\":{\"@id\":\"https:\\\/\\\/dpress.ma\\\/fr\\\/#website\"},\"primaryImageOfPage\":{\"@id\":\"https:\\\/\\\/dpress.ma\\\/fr\\\/2026\\\/04\\\/11\\\/quatre-arbitres-marocains-retenus-pour-le-mondial-2026-de-football\\\/#primaryimage\"},\"image\":{\"@id\":\"https:\\\/\\\/dpress.ma\\\/fr\\\/2026\\\/04\\\/11\\\/quatre-arbitres-marocains-retenus-pour-le-mondial-2026-de-football\\\/#primaryimage\"},\"thumbnailUrl\":\"https:\\\/\\\/dpress.ma\\\/fr\\\/wp-content\\\/uploads\\\/sites\\\/2\\\/2026\\\/04\\\/49-8.jpg\",\"datePublished\":\"2026-04-11T09:34:00+00:00\",\"dateModified\":\"2026-04-11T09:34:03+00:00\",\"author\":{\"@id\":\"https:\\\/\\\/dpress.ma\\\/fr\\\/#\\\/schema\\\/person\\\/4898febf3ccd59e6578d838656a306a0\"},\"breadcrumb\":{\"@id\":\"https:\\\/\\\/dpress.ma\\\/fr\\\/2026\\\/04\\\/11\\\/quatre-arbitres-marocains-retenus-pour-le-mondial-2026-de-football\\\/#breadcrumb\"},\"inLanguage\":\"fr-FR\",\"potentialAction\":[{\"@type\":\"ReadAction\",\"target\":[\"https:\\\/\\\/dpress.ma\\\/fr\\\/2026\\\/04\\\/11\\\/quatre-arbitres-marocains-retenus-pour-le-mondial-2026-de-football\\\/\"]}]},{\"@type\":\"ImageObject\",\"inLanguage\":\"fr-FR\",\"@id\":\"https:\\\/\\\/dpress.ma\\\/fr\\\/2026\\\/04\\\/11\\\/quatre-arbitres-marocains-retenus-pour-le-mondial-2026-de-football\\\/#primaryimage\",\"url\":\"https:\\\/\\\/dpress.ma\\\/fr\\\/wp-content\\\/uploads\\\/sites\\\/2\\\/2026\\\/04\\\/49-8.jpg\",\"contentUrl\":\"https:\\\/\\\/dpress.ma\\\/fr\\\/wp-content\\\/uploads\\\/sites\\\/2\\\/2026\\\/04\\\/49-8.jpg\",\"width\":2539,\"height\":1594},{\"@type\":\"BreadcrumbList\",\"@id\":\"https:\\\/\\\/dpress.ma\\\/fr\\\/2026\\\/04\\\/11\\\/quatre-arbitres-marocains-retenus-pour-le-mondial-2026-de-football\\\/#breadcrumb\",\"itemListElement\":[{\"@type\":\"ListItem\",\"position\":1,\"name\":\"Home\",\"item\":\"https:\\\/\\\/dpress.ma\\\/fr\\\/\"},{\"@type\":\"ListItem\",\"position\":2,\"name\":\"Quatre arbitres marocains retenus pour le Mondial-2026 de football\"}]},{\"@type\":\"WebSite\",\"@id\":\"https:\\\/\\\/dpress.ma\\\/fr\\\/#website\",\"url\":\"https:\\\/\\\/dpress.ma\\\/fr\\\/\",\"name\":\"Dpress.ma\\\/fr\",\"description\":\"\",\"potentialAction\":[{\"@type\":\"SearchAction\",\"target\":{\"@type\":\"EntryPoint\",\"urlTemplate\":\"https:\\\/\\\/dpress.ma\\\/fr\\\/?s={search_term_string}\"},\"query-input\":{\"@type\":\"PropertyValueSpecification\",\"valueRequired\":true,\"valueName\":\"search_term_string\"}}],\"inLanguage\":\"fr-FR\"},{\"@type\":\"Person\",\"@id\":\"https:\\\/\\\/dpress.ma\\\/fr\\\/#\\\/schema\\\/person\\\/4898febf3ccd59e6578d838656a306a0\",\"name\":\"Dpress.ma\",\"image\":{\"@type\":\"ImageObject\",\"inLanguage\":\"fr-FR\",\"@id\":\"https:\\\/\\\/secure.gravatar.com\\\/avatar\\\/72ecc30e9db047a2e0e7176561eb9d564ed77c8108376495b19bd8336405198a?s=96&d=mm&r=g\",\"url\":\"https:\\\/\\\/secure.gravatar.com\\\/avatar\\\/72ecc30e9db047a2e0e7176561eb9d564ed77c8108376495b19bd8336405198a?s=96&d=mm&r=g\",\"contentUrl\":\"https:\\\/\\\/secure.gravatar.com\\\/avatar\\\/72ecc30e9db047a2e0e7176561eb9d564ed77c8108376495b19bd8336405198a?s=96&d=mm&r=g\",\"caption\":\"Dpress.ma\"},\"sameAs\":[\"https:\\\/\\\/www.dpress.ma\"],\"url\":\"https:\\\/\\\/dpress.ma\\\/fr\\\/author\\\/dpress-ma\\\/\"}]}<\/script>\n<!-- \/ Yoast SEO plugin. -->","yoast_head_json":{"title":"Quatre arbitres marocains retenus pour le Mondial-2026 de football - Dpress.ma\/fr","robots":{"index":"index","follow":"follow","max-snippet":"max-snippet:-1","max-image-preview":"max-image-preview:large","max-video-preview":"max-video-preview:-1"},"canonical":"https:\/\/dpress.ma\/fr\/2026\/04\/11\/quatre-arbitres-marocains-retenus-pour-le-mondial-2026-de-football\/","og_locale":"fr_FR","og_type":"article","og_title":"Quatre arbitres marocains retenus pour le Mondial-2026 de football - Dpress.ma\/fr","og_description":"Dpress Quatre arbitres marocains ont \u00e9t\u00e9 retenus dans la liste finale des arbitres internationaux qui officieront les matches du Mondial 2026 de football, pr\u00e9vu du 11 juin au 19 juillet aux \u00c9tats-Unis, au Canada et au Mexique. Il s\u2019agit de Jayed Jalal, comme arbitre central, Akarkad Mostafa et Brinsi Zakaria, comme arbitres assistants, et El &hellip;","og_url":"https:\/\/dpress.ma\/fr\/2026\/04\/11\/quatre-arbitres-marocains-retenus-pour-le-mondial-2026-de-football\/","og_site_name":"Dpress.ma\/fr","article_published_time":"2026-04-11T09:34:00+00:00","article_modified_time":"2026-04-11T09:34:03+00:00","og_image":[{"width":2539,"height":1594,"url":"https:\/\/dpress.ma\/fr\/wp-content\/uploads\/sites\/2\/2026\/04\/49-8.jpg","type":"image\/jpeg"}],"author":"Dpress.ma","twitter_card":"summary_large_image","twitter_misc":{"\u00c9crit par":"Dpress.ma","Dur\u00e9e de lecture estim\u00e9e":"3 minutes"},"schema":{"@context":"https:\/\/schema.org","@graph":[{"@type":"Article","@id":"https:\/\/dpress.ma\/fr\/2026\/04\/11\/quatre-arbitres-marocains-retenus-pour-le-mondial-2026-de-football\/#article","isPartOf":{"@id":"https:\/\/dpress.ma\/fr\/2026\/04\/11\/quatre-arbitres-marocains-retenus-pour-le-mondial-2026-de-football\/"},"author":{"name":"Dpress.ma","@id":"https:\/\/dpress.ma\/fr\/#\/schema\/person\/4898febf3ccd59e6578d838656a306a0"},"headline":"Quatre arbitres marocains retenus pour le Mondial-2026 de football","datePublished":"2026-04-11T09:34:00+00:00","dateModified":"2026-04-11T09:34:03+00:00","mainEntityOfPage":{"@id":"https:\/\/dpress.ma\/fr\/2026\/04\/11\/quatre-arbitres-marocains-retenus-pour-le-mondial-2026-de-football\/"},"wordCount":497,"commentCount":0,"image":{"@id":"https:\/\/dpress.ma\/fr\/2026\/04\/11\/quatre-arbitres-marocains-retenus-pour-le-mondial-2026-de-football\/#primaryimage"},"thumbnailUrl":"https:\/\/dpress.ma\/fr\/wp-content\/uploads\/sites\/2\/2026\/04\/49-8.jpg","articleSection":["Sport"],"inLanguage":"fr-FR","potentialAction":[{"@type":"CommentAction","name":"Comment","target":["https:\/\/dpress.ma\/fr\/2026\/04\/11\/quatre-arbitres-marocains-retenus-pour-le-mondial-2026-de-football\/#respond"]}]},{"@type":"WebPage","@id":"https:\/\/dpress.ma\/fr\/2026\/04\/11\/quatre-arbitres-marocains-retenus-pour-le-mondial-2026-de-football\/","url":"https:\/\/dpress.ma\/fr\/2026\/04\/11\/quatre-arbitres-marocains-retenus-pour-le-mondial-2026-de-football\/","name":"Quatre arbitres marocains retenus pour le Mondial-2026 de football - Dpress.ma\/fr","isPartOf":{"@id":"https:\/\/dpress.ma\/fr\/#website"},"primaryImageOfPage":{"@id":"https:\/\/dpress.ma\/fr\/2026\/04\/11\/quatre-arbitres-marocains-retenus-pour-le-mondial-2026-de-football\/#primaryimage"},"image":{"@id":"https:\/\/dpress.ma\/fr\/2026\/04\/11\/quatre-arbitres-marocains-retenus-pour-le-mondial-2026-de-football\/#primaryimage"},"thumbnailUrl":"https:\/\/dpress.ma\/fr\/wp-content\/uploads\/sites\/2\/2026\/04\/49-8.jpg","datePublished":"2026-04-11T09:34:00+00:00","dateModified":"2026-04-11T09:34:03+00:00","author":{"@id":"https:\/\/dpress.ma\/fr\/#\/schema\/person\/4898febf3ccd59e6578d838656a306a0"},"breadcrumb":{"@id":"https:\/\/dpress.ma\/fr\/2026\/04\/11\/quatre-arbitres-marocains-retenus-pour-le-mondial-2026-de-football\/#breadcrumb"},"inLanguage":"fr-FR","potentialAction":[{"@type":"ReadAction","target":["https:\/\/dpress.ma\/fr\/2026\/04\/11\/quatre-arbitres-marocains-retenus-pour-le-mondial-2026-de-football\/"]}]},{"@type":"ImageObject","inLanguage":"fr-FR","@id":"https:\/\/dpress.ma\/fr\/2026\/04\/11\/quatre-arbitres-marocains-retenus-pour-le-mondial-2026-de-football\/#primaryimage","url":"https:\/\/dpress.ma\/fr\/wp-content\/uploads\/sites\/2\/2026\/04\/49-8.jpg","contentUrl":"https:\/\/dpress.ma\/fr\/wp-content\/uploads\/sites\/2\/2026\/04\/49-8.jpg","width":2539,"height":1594},{"@type":"BreadcrumbList","@id":"https:\/\/dpress.ma\/fr\/2026\/04\/11\/quatre-arbitres-marocains-retenus-pour-le-mondial-2026-de-football\/#breadcrumb","itemListElement":[{"@type":"ListItem","position":1,"name":"Home","item":"https:\/\/dpress.ma\/fr\/"},{"@type":"ListItem","position":2,"name":"Quatre arbitres marocains retenus pour le Mondial-2026 de football"}]},{"@type":"WebSite","@id":"https:\/\/dpress.ma\/fr\/#website","url":"https:\/\/dpress.ma\/fr\/","name":"Dpress.ma\/fr","description":"","potentialAction":[{"@type":"SearchAction","target":{"@type":"EntryPoint","urlTemplate":"https:\/\/dpress.ma\/fr\/?s={search_term_string}"},"query-input":{"@type":"PropertyValueSpecification","valueRequired":true,"valueName":"search_term_string"}}],"inLanguage":"fr-FR"},{"@type":"Person","@id":"https:\/\/dpress.ma\/fr\/#\/schema\/person\/4898febf3ccd59e6578d838656a306a0","name":"Dpress.ma","image":{"@type":"ImageObject","inLanguage":"fr-FR","@id":"https:\/\/secure.gravatar.com\/avatar\/72ecc30e9db047a2e0e7176561eb9d564ed77c8108376495b19bd8336405198a?s=96&d=mm&r=g","url":"https:\/\/secure.gravatar.com\/avatar\/72ecc30e9db047a2e0e7176561eb9d564ed77c8108376495b19bd8336405198a?s=96&d=mm&r=g","contentUrl":"https:\/\/secure.gravatar.com\/avatar\/72ecc30e9db047a2e0e7176561eb9d564ed77c8108376495b19bd8336405198a?s=96&d=mm&r=g","caption":"Dpress.ma"},"sameAs":["https:\/\/www.dpress.ma"],"url":"https:\/\/dpress.ma\/fr\/author\/dpress-ma\/"}]}},"amp_enabled":true,"_links":{"self":[{"href":"https:\/\/dpress.ma\/fr\/wp-json\/wp\/v2\/posts\/28261","targetHints":{"allow":["GET"]}}],"collection":[{"href":"https:\/\/dpress.ma\/fr\/wp-json\/wp\/v2\/posts"}],"about":[{"href":"https:\/\/dpress.ma\/fr\/wp-json\/wp\/v2\/types\/post"}],"author":[{"embeddable":true,"href":"https:\/\/dpress.ma\/fr\/wp-json\/wp\/v2\/users\/2"}],"replies":[{"embeddable":true,"href":"https:\/\/dpress.ma\/fr\/wp-json\/wp\/v2\/comments?post=28261"}],"version-history":[{"count":1,"href":"https:\/\/dpress.ma\/fr\/wp-json\/wp\/v2\/posts\/28261\/revisions"}],"predecessor-version":[{"id":28263,"href":"https:\/\/dpress.ma\/fr\/wp-json\/wp\/v2\/posts\/28261\/revisions\/28263"}],"wp:featuredmedia":[{"embeddable":true,"href":"https:\/\/dpress.ma\/fr\/wp-json\/wp\/v2\/media\/28262"}],"wp:attachment":[{"href":"https:\/\/dpress.ma\/fr\/wp-json\/wp\/v2\/media?parent=28261"}],"wp:term":[{"taxonomy":"category","embeddable":true,"href":"https:\/\/dpress.ma\/fr\/wp-json\/wp\/v2\/categories?post=28261"},{"taxonomy":"post_tag","embeddable":true,"href":"https:\/\/dpress.ma\/fr\/wp-json\/wp\/v2\/tags?post=28261"}],"curies":[{"name":"wp","href":"https:\/\/api.w.org\/{rel}","templated":true}]}}