{"id":28258,"date":"2026-04-11T09:32:17","date_gmt":"2026-04-11T09:32:17","guid":{"rendered":"https:\/\/dpress.ma\/fr\/?p=28258"},"modified":"2026-04-11T09:32:18","modified_gmt":"2026-04-11T09:32:18","slug":"rencontre-cineastes-et-critiques-autour-de-lexperience-du-realisateur-nour-eddine-lakhmari-les-15-et-16-avril-a-kenitra","status":"publish","type":"post","link":"https:\/\/dpress.ma\/fr\/2026\/04\/11\/rencontre-cineastes-et-critiques-autour-de-lexperience-du-realisateur-nour-eddine-lakhmari-les-15-et-16-avril-a-kenitra\/","title":{"rendered":"Rencontre \u201cCin\u00e9astes et critiques\u201d autour de l\u2019exp\u00e9rience du r\u00e9alisateur Nour-Eddine Lakhmari, les 15 et 16 avril \u00e0 K\u00e9nitra"},"content":{"rendered":"\n<p>Dpress<\/p>\n\n\n\n<p>Cet \u00e9v\u00e9nement, initi\u00e9 en partenariat avec la Facult\u00e9 des lettres et des sciences humaines de l\u2019Universit\u00e9 Ibn Tofail, s\u2019inscrit dans le cadre de la manifestation \u201cCin\u00e9astes et critiques\u201d, qui consacre chacune de ses \u00e9ditions \u00e0 l\u2019analyse de diff\u00e9rentes exp\u00e9riences de cin\u00e9astes marocains.<\/p>\n\n\n\n<p>Un communiqu\u00e9 de l\u2019Association indique que cette rencontre sera marqu\u00e9e par la pr\u00e9sentation de l\u2019ouvrage \u201cNour-Eddine Lakhmari: Enjeux du r\u00e9alisme et esth\u00e9tique de la technique\u201d, publi\u00e9 dans le cadre de ses \u00e9ditions, lors d\u2019une s\u00e9ance anim\u00e9e par le pr\u00e9sident de l\u2019Association, le critique Mohammed Chouika.<\/p>\n\n\n\n<p>La programmation pr\u00e9voit \u00e9galement la projection du court m\u00e9trage \u201cLe Dernier Spectacle\u201d, anim\u00e9e par le critique Mohamed Abid, suivie d\u2019une rencontre ouverte avec le r\u00e9alisateur Nour-Eddine Lakhmari, mod\u00e9r\u00e9e par le chercheur Sa\u00efd Labib.<\/p>\n\n\n\n<p>Les approches de l\u2019exp\u00e9rience cin\u00e9matographique du r\u00e9alisateur seront trait\u00e9es selon deux sessions : la premi\u00e8re portera sur \u201cLes enjeux du r\u00e9alisme et la construction de l\u2019image\u201d, tandis que la seconde sera consacr\u00e9e \u00e0 \u201cLa po\u00e9tique et les transformations de l\u2019image dans le cin\u00e9ma de Nour-Eddine Lakhmari\u201d.<\/p>\n\n\n\n<p>Ces deux sessions seront anim\u00e9es par un parterre de critiques et de chercheurs universitaires, parmi lesquels Bouchta Farqizid, Abdellatif Mahfoud, Souleiman El Hakkioui, Azzedine El Ouafi, Mohammed Benaziz, Abdelali Ma\u00e2zouz, Abdelilah Eljaouhary, Noureddine Mhakkak et Hicham Ouadghiri.<\/p>\n","protected":false},"excerpt":{"rendered":"<p>Dpress Cet \u00e9v\u00e9nement, initi\u00e9 en partenariat avec la Facult\u00e9 des lettres et des sciences humaines de l\u2019Universit\u00e9 Ibn Tofail, s\u2019inscrit dans le cadre de la manifestation \u201cCin\u00e9astes et critiques\u201d, qui consacre chacune de ses \u00e9ditions \u00e0 l\u2019analyse de diff\u00e9rentes exp\u00e9riences de cin\u00e9astes marocains. Un communiqu\u00e9 de l\u2019Association indique que cette rencontre sera marqu\u00e9e par la &hellip;<\/p>\n","protected":false},"author":2,"featured_media":28259,"comment_status":"open","ping_status":"open","sticky":false,"template":"","format":"standard","meta":{"footnotes":""},"categories":[31],"tags":[],"class_list":["post-28258","post","type-post","status-publish","format-standard","has-post-thumbnail","hentry","category-art-et-culture"],"yoast_head":"<!-- This site is optimized with the Yoast SEO plugin v27.5 - https:\/\/yoast.com\/product\/yoast-seo-wordpress\/ -->\n<title>Rencontre \u201cCin\u00e9astes et critiques\u201d autour de l\u2019exp\u00e9rience du r\u00e9alisateur Nour-Eddine Lakhmari, les 15 et 16 avril \u00e0 K\u00e9nitra - Dpress.ma\/fr<\/title>\n<meta name=\"robots\" content=\"index, follow, max-snippet:-1, max-image-preview:large, max-video-preview:-1\" \/>\n<link rel=\"canonical\" href=\"https:\/\/dpress.ma\/fr\/2026\/04\/11\/rencontre-cineastes-et-critiques-autour-de-lexperience-du-realisateur-nour-eddine-lakhmari-les-15-et-16-avril-a-kenitra\/\" \/>\n<meta property=\"og:locale\" content=\"fr_FR\" \/>\n<meta property=\"og:type\" content=\"article\" \/>\n<meta property=\"og:title\" content=\"Rencontre \u201cCin\u00e9astes et critiques\u201d autour de l\u2019exp\u00e9rience du r\u00e9alisateur Nour-Eddine Lakhmari, les 15 et 16 avril \u00e0 K\u00e9nitra - Dpress.ma\/fr\" \/>\n<meta property=\"og:description\" content=\"Dpress Cet \u00e9v\u00e9nement, initi\u00e9 en partenariat avec la Facult\u00e9 des lettres et des sciences humaines de l\u2019Universit\u00e9 Ibn Tofail, s\u2019inscrit dans le cadre de la manifestation \u201cCin\u00e9astes et critiques\u201d, qui consacre chacune de ses \u00e9ditions \u00e0 l\u2019analyse de diff\u00e9rentes exp\u00e9riences de cin\u00e9astes marocains. Un communiqu\u00e9 de l\u2019Association indique que cette rencontre sera marqu\u00e9e par la &hellip;\" \/>\n<meta property=\"og:url\" content=\"https:\/\/dpress.ma\/fr\/2026\/04\/11\/rencontre-cineastes-et-critiques-autour-de-lexperience-du-realisateur-nour-eddine-lakhmari-les-15-et-16-avril-a-kenitra\/\" \/>\n<meta property=\"og:site_name\" content=\"Dpress.ma\/fr\" \/>\n<meta property=\"article:published_time\" content=\"2026-04-11T09:32:17+00:00\" \/>\n<meta property=\"article:modified_time\" content=\"2026-04-11T09:32:18+00:00\" \/>\n<meta property=\"og:image\" content=\"https:\/\/dpress.ma\/fr\/wp-content\/uploads\/sites\/2\/2026\/04\/452.jpg\" \/>\n\t<meta property=\"og:image:width\" content=\"2539\" \/>\n\t<meta property=\"og:image:height\" content=\"1594\" \/>\n\t<meta property=\"og:image:type\" content=\"image\/jpeg\" \/>\n<meta name=\"author\" content=\"Dpress.ma\" \/>\n<meta name=\"twitter:card\" content=\"summary_large_image\" \/>\n<meta name=\"twitter:label1\" content=\"\u00c9crit par\" \/>\n\t<meta name=\"twitter:data1\" content=\"Dpress.ma\" \/>\n\t<meta name=\"twitter:label2\" content=\"Dur\u00e9e de lecture estim\u00e9e\" \/>\n\t<meta name=\"twitter:data2\" content=\"2 minutes\" \/>\n<script type=\"application\/ld+json\" class=\"yoast-schema-graph\">{\"@context\":\"https:\\\/\\\/schema.org\",\"@graph\":[{\"@type\":\"Article\",\"@id\":\"https:\\\/\\\/dpress.ma\\\/fr\\\/2026\\\/04\\\/11\\\/rencontre-cineastes-et-critiques-autour-de-lexperience-du-realisateur-nour-eddine-lakhmari-les-15-et-16-avril-a-kenitra\\\/#article\",\"isPartOf\":{\"@id\":\"https:\\\/\\\/dpress.ma\\\/fr\\\/2026\\\/04\\\/11\\\/rencontre-cineastes-et-critiques-autour-de-lexperience-du-realisateur-nour-eddine-lakhmari-les-15-et-16-avril-a-kenitra\\\/\"},\"author\":{\"name\":\"Dpress.ma\",\"@id\":\"https:\\\/\\\/dpress.ma\\\/fr\\\/#\\\/schema\\\/person\\\/4898febf3ccd59e6578d838656a306a0\"},\"headline\":\"Rencontre \u201cCin\u00e9astes et critiques\u201d autour de l\u2019exp\u00e9rience du r\u00e9alisateur Nour-Eddine Lakhmari, les 15 et 16 avril \u00e0 K\u00e9nitra\",\"datePublished\":\"2026-04-11T09:32:17+00:00\",\"dateModified\":\"2026-04-11T09:32:18+00:00\",\"mainEntityOfPage\":{\"@id\":\"https:\\\/\\\/dpress.ma\\\/fr\\\/2026\\\/04\\\/11\\\/rencontre-cineastes-et-critiques-autour-de-lexperience-du-realisateur-nour-eddine-lakhmari-les-15-et-16-avril-a-kenitra\\\/\"},\"wordCount\":262,\"commentCount\":0,\"image\":{\"@id\":\"https:\\\/\\\/dpress.ma\\\/fr\\\/2026\\\/04\\\/11\\\/rencontre-cineastes-et-critiques-autour-de-lexperience-du-realisateur-nour-eddine-lakhmari-les-15-et-16-avril-a-kenitra\\\/#primaryimage\"},\"thumbnailUrl\":\"https:\\\/\\\/dpress.ma\\\/fr\\\/wp-content\\\/uploads\\\/sites\\\/2\\\/2026\\\/04\\\/452.jpg\",\"articleSection\":[\"Art et Culture\"],\"inLanguage\":\"fr-FR\",\"potentialAction\":[{\"@type\":\"CommentAction\",\"name\":\"Comment\",\"target\":[\"https:\\\/\\\/dpress.ma\\\/fr\\\/2026\\\/04\\\/11\\\/rencontre-cineastes-et-critiques-autour-de-lexperience-du-realisateur-nour-eddine-lakhmari-les-15-et-16-avril-a-kenitra\\\/#respond\"]}]},{\"@type\":\"WebPage\",\"@id\":\"https:\\\/\\\/dpress.ma\\\/fr\\\/2026\\\/04\\\/11\\\/rencontre-cineastes-et-critiques-autour-de-lexperience-du-realisateur-nour-eddine-lakhmari-les-15-et-16-avril-a-kenitra\\\/\",\"url\":\"https:\\\/\\\/dpress.ma\\\/fr\\\/2026\\\/04\\\/11\\\/rencontre-cineastes-et-critiques-autour-de-lexperience-du-realisateur-nour-eddine-lakhmari-les-15-et-16-avril-a-kenitra\\\/\",\"name\":\"Rencontre \u201cCin\u00e9astes et critiques\u201d autour de l\u2019exp\u00e9rience du r\u00e9alisateur Nour-Eddine Lakhmari, les 15 et 16 avril \u00e0 K\u00e9nitra - Dpress.ma\\\/fr\",\"isPartOf\":{\"@id\":\"https:\\\/\\\/dpress.ma\\\/fr\\\/#website\"},\"primaryImageOfPage\":{\"@id\":\"https:\\\/\\\/dpress.ma\\\/fr\\\/2026\\\/04\\\/11\\\/rencontre-cineastes-et-critiques-autour-de-lexperience-du-realisateur-nour-eddine-lakhmari-les-15-et-16-avril-a-kenitra\\\/#primaryimage\"},\"image\":{\"@id\":\"https:\\\/\\\/dpress.ma\\\/fr\\\/2026\\\/04\\\/11\\\/rencontre-cineastes-et-critiques-autour-de-lexperience-du-realisateur-nour-eddine-lakhmari-les-15-et-16-avril-a-kenitra\\\/#primaryimage\"},\"thumbnailUrl\":\"https:\\\/\\\/dpress.ma\\\/fr\\\/wp-content\\\/uploads\\\/sites\\\/2\\\/2026\\\/04\\\/452.jpg\",\"datePublished\":\"2026-04-11T09:32:17+00:00\",\"dateModified\":\"2026-04-11T09:32:18+00:00\",\"author\":{\"@id\":\"https:\\\/\\\/dpress.ma\\\/fr\\\/#\\\/schema\\\/person\\\/4898febf3ccd59e6578d838656a306a0\"},\"breadcrumb\":{\"@id\":\"https:\\\/\\\/dpress.ma\\\/fr\\\/2026\\\/04\\\/11\\\/rencontre-cineastes-et-critiques-autour-de-lexperience-du-realisateur-nour-eddine-lakhmari-les-15-et-16-avril-a-kenitra\\\/#breadcrumb\"},\"inLanguage\":\"fr-FR\",\"potentialAction\":[{\"@type\":\"ReadAction\",\"target\":[\"https:\\\/\\\/dpress.ma\\\/fr\\\/2026\\\/04\\\/11\\\/rencontre-cineastes-et-critiques-autour-de-lexperience-du-realisateur-nour-eddine-lakhmari-les-15-et-16-avril-a-kenitra\\\/\"]}]},{\"@type\":\"ImageObject\",\"inLanguage\":\"fr-FR\",\"@id\":\"https:\\\/\\\/dpress.ma\\\/fr\\\/2026\\\/04\\\/11\\\/rencontre-cineastes-et-critiques-autour-de-lexperience-du-realisateur-nour-eddine-lakhmari-les-15-et-16-avril-a-kenitra\\\/#primaryimage\",\"url\":\"https:\\\/\\\/dpress.ma\\\/fr\\\/wp-content\\\/uploads\\\/sites\\\/2\\\/2026\\\/04\\\/452.jpg\",\"contentUrl\":\"https:\\\/\\\/dpress.ma\\\/fr\\\/wp-content\\\/uploads\\\/sites\\\/2\\\/2026\\\/04\\\/452.jpg\",\"width\":2539,\"height\":1594},{\"@type\":\"BreadcrumbList\",\"@id\":\"https:\\\/\\\/dpress.ma\\\/fr\\\/2026\\\/04\\\/11\\\/rencontre-cineastes-et-critiques-autour-de-lexperience-du-realisateur-nour-eddine-lakhmari-les-15-et-16-avril-a-kenitra\\\/#breadcrumb\",\"itemListElement\":[{\"@type\":\"ListItem\",\"position\":1,\"name\":\"Home\",\"item\":\"https:\\\/\\\/dpress.ma\\\/fr\\\/\"},{\"@type\":\"ListItem\",\"position\":2,\"name\":\"Rencontre \u201cCin\u00e9astes et critiques\u201d autour de l\u2019exp\u00e9rience du r\u00e9alisateur Nour-Eddine Lakhmari, les 15 et 16 avril \u00e0 K\u00e9nitra\"}]},{\"@type\":\"WebSite\",\"@id\":\"https:\\\/\\\/dpress.ma\\\/fr\\\/#website\",\"url\":\"https:\\\/\\\/dpress.ma\\\/fr\\\/\",\"name\":\"Dpress.ma\\\/fr\",\"description\":\"\",\"potentialAction\":[{\"@type\":\"SearchAction\",\"target\":{\"@type\":\"EntryPoint\",\"urlTemplate\":\"https:\\\/\\\/dpress.ma\\\/fr\\\/?s={search_term_string}\"},\"query-input\":{\"@type\":\"PropertyValueSpecification\",\"valueRequired\":true,\"valueName\":\"search_term_string\"}}],\"inLanguage\":\"fr-FR\"},{\"@type\":\"Person\",\"@id\":\"https:\\\/\\\/dpress.ma\\\/fr\\\/#\\\/schema\\\/person\\\/4898febf3ccd59e6578d838656a306a0\",\"name\":\"Dpress.ma\",\"image\":{\"@type\":\"ImageObject\",\"inLanguage\":\"fr-FR\",\"@id\":\"https:\\\/\\\/secure.gravatar.com\\\/avatar\\\/72ecc30e9db047a2e0e7176561eb9d564ed77c8108376495b19bd8336405198a?s=96&d=mm&r=g\",\"url\":\"https:\\\/\\\/secure.gravatar.com\\\/avatar\\\/72ecc30e9db047a2e0e7176561eb9d564ed77c8108376495b19bd8336405198a?s=96&d=mm&r=g\",\"contentUrl\":\"https:\\\/\\\/secure.gravatar.com\\\/avatar\\\/72ecc30e9db047a2e0e7176561eb9d564ed77c8108376495b19bd8336405198a?s=96&d=mm&r=g\",\"caption\":\"Dpress.ma\"},\"sameAs\":[\"https:\\\/\\\/www.dpress.ma\"],\"url\":\"https:\\\/\\\/dpress.ma\\\/fr\\\/author\\\/dpress-ma\\\/\"}]}<\/script>\n<!-- \/ Yoast SEO plugin. -->","yoast_head_json":{"title":"Rencontre \u201cCin\u00e9astes et critiques\u201d autour de l\u2019exp\u00e9rience du r\u00e9alisateur Nour-Eddine Lakhmari, les 15 et 16 avril \u00e0 K\u00e9nitra - Dpress.ma\/fr","robots":{"index":"index","follow":"follow","max-snippet":"max-snippet:-1","max-image-preview":"max-image-preview:large","max-video-preview":"max-video-preview:-1"},"canonical":"https:\/\/dpress.ma\/fr\/2026\/04\/11\/rencontre-cineastes-et-critiques-autour-de-lexperience-du-realisateur-nour-eddine-lakhmari-les-15-et-16-avril-a-kenitra\/","og_locale":"fr_FR","og_type":"article","og_title":"Rencontre \u201cCin\u00e9astes et critiques\u201d autour de l\u2019exp\u00e9rience du r\u00e9alisateur Nour-Eddine Lakhmari, les 15 et 16 avril \u00e0 K\u00e9nitra - Dpress.ma\/fr","og_description":"Dpress Cet \u00e9v\u00e9nement, initi\u00e9 en partenariat avec la Facult\u00e9 des lettres et des sciences humaines de l\u2019Universit\u00e9 Ibn Tofail, s\u2019inscrit dans le cadre de la manifestation \u201cCin\u00e9astes et critiques\u201d, qui consacre chacune de ses \u00e9ditions \u00e0 l\u2019analyse de diff\u00e9rentes exp\u00e9riences de cin\u00e9astes marocains. Un communiqu\u00e9 de l\u2019Association indique que cette rencontre sera marqu\u00e9e par la &hellip;","og_url":"https:\/\/dpress.ma\/fr\/2026\/04\/11\/rencontre-cineastes-et-critiques-autour-de-lexperience-du-realisateur-nour-eddine-lakhmari-les-15-et-16-avril-a-kenitra\/","og_site_name":"Dpress.ma\/fr","article_published_time":"2026-04-11T09:32:17+00:00","article_modified_time":"2026-04-11T09:32:18+00:00","og_image":[{"width":2539,"height":1594,"url":"https:\/\/dpress.ma\/fr\/wp-content\/uploads\/sites\/2\/2026\/04\/452.jpg","type":"image\/jpeg"}],"author":"Dpress.ma","twitter_card":"summary_large_image","twitter_misc":{"\u00c9crit par":"Dpress.ma","Dur\u00e9e de lecture estim\u00e9e":"2 minutes"},"schema":{"@context":"https:\/\/schema.org","@graph":[{"@type":"Article","@id":"https:\/\/dpress.ma\/fr\/2026\/04\/11\/rencontre-cineastes-et-critiques-autour-de-lexperience-du-realisateur-nour-eddine-lakhmari-les-15-et-16-avril-a-kenitra\/#article","isPartOf":{"@id":"https:\/\/dpress.ma\/fr\/2026\/04\/11\/rencontre-cineastes-et-critiques-autour-de-lexperience-du-realisateur-nour-eddine-lakhmari-les-15-et-16-avril-a-kenitra\/"},"author":{"name":"Dpress.ma","@id":"https:\/\/dpress.ma\/fr\/#\/schema\/person\/4898febf3ccd59e6578d838656a306a0"},"headline":"Rencontre \u201cCin\u00e9astes et critiques\u201d autour de l\u2019exp\u00e9rience du r\u00e9alisateur Nour-Eddine Lakhmari, les 15 et 16 avril \u00e0 K\u00e9nitra","datePublished":"2026-04-11T09:32:17+00:00","dateModified":"2026-04-11T09:32:18+00:00","mainEntityOfPage":{"@id":"https:\/\/dpress.ma\/fr\/2026\/04\/11\/rencontre-cineastes-et-critiques-autour-de-lexperience-du-realisateur-nour-eddine-lakhmari-les-15-et-16-avril-a-kenitra\/"},"wordCount":262,"commentCount":0,"image":{"@id":"https:\/\/dpress.ma\/fr\/2026\/04\/11\/rencontre-cineastes-et-critiques-autour-de-lexperience-du-realisateur-nour-eddine-lakhmari-les-15-et-16-avril-a-kenitra\/#primaryimage"},"thumbnailUrl":"https:\/\/dpress.ma\/fr\/wp-content\/uploads\/sites\/2\/2026\/04\/452.jpg","articleSection":["Art et Culture"],"inLanguage":"fr-FR","potentialAction":[{"@type":"CommentAction","name":"Comment","target":["https:\/\/dpress.ma\/fr\/2026\/04\/11\/rencontre-cineastes-et-critiques-autour-de-lexperience-du-realisateur-nour-eddine-lakhmari-les-15-et-16-avril-a-kenitra\/#respond"]}]},{"@type":"WebPage","@id":"https:\/\/dpress.ma\/fr\/2026\/04\/11\/rencontre-cineastes-et-critiques-autour-de-lexperience-du-realisateur-nour-eddine-lakhmari-les-15-et-16-avril-a-kenitra\/","url":"https:\/\/dpress.ma\/fr\/2026\/04\/11\/rencontre-cineastes-et-critiques-autour-de-lexperience-du-realisateur-nour-eddine-lakhmari-les-15-et-16-avril-a-kenitra\/","name":"Rencontre \u201cCin\u00e9astes et critiques\u201d autour de l\u2019exp\u00e9rience du r\u00e9alisateur Nour-Eddine Lakhmari, les 15 et 16 avril \u00e0 K\u00e9nitra - Dpress.ma\/fr","isPartOf":{"@id":"https:\/\/dpress.ma\/fr\/#website"},"primaryImageOfPage":{"@id":"https:\/\/dpress.ma\/fr\/2026\/04\/11\/rencontre-cineastes-et-critiques-autour-de-lexperience-du-realisateur-nour-eddine-lakhmari-les-15-et-16-avril-a-kenitra\/#primaryimage"},"image":{"@id":"https:\/\/dpress.ma\/fr\/2026\/04\/11\/rencontre-cineastes-et-critiques-autour-de-lexperience-du-realisateur-nour-eddine-lakhmari-les-15-et-16-avril-a-kenitra\/#primaryimage"},"thumbnailUrl":"https:\/\/dpress.ma\/fr\/wp-content\/uploads\/sites\/2\/2026\/04\/452.jpg","datePublished":"2026-04-11T09:32:17+00:00","dateModified":"2026-04-11T09:32:18+00:00","author":{"@id":"https:\/\/dpress.ma\/fr\/#\/schema\/person\/4898febf3ccd59e6578d838656a306a0"},"breadcrumb":{"@id":"https:\/\/dpress.ma\/fr\/2026\/04\/11\/rencontre-cineastes-et-critiques-autour-de-lexperience-du-realisateur-nour-eddine-lakhmari-les-15-et-16-avril-a-kenitra\/#breadcrumb"},"inLanguage":"fr-FR","potentialAction":[{"@type":"ReadAction","target":["https:\/\/dpress.ma\/fr\/2026\/04\/11\/rencontre-cineastes-et-critiques-autour-de-lexperience-du-realisateur-nour-eddine-lakhmari-les-15-et-16-avril-a-kenitra\/"]}]},{"@type":"ImageObject","inLanguage":"fr-FR","@id":"https:\/\/dpress.ma\/fr\/2026\/04\/11\/rencontre-cineastes-et-critiques-autour-de-lexperience-du-realisateur-nour-eddine-lakhmari-les-15-et-16-avril-a-kenitra\/#primaryimage","url":"https:\/\/dpress.ma\/fr\/wp-content\/uploads\/sites\/2\/2026\/04\/452.jpg","contentUrl":"https:\/\/dpress.ma\/fr\/wp-content\/uploads\/sites\/2\/2026\/04\/452.jpg","width":2539,"height":1594},{"@type":"BreadcrumbList","@id":"https:\/\/dpress.ma\/fr\/2026\/04\/11\/rencontre-cineastes-et-critiques-autour-de-lexperience-du-realisateur-nour-eddine-lakhmari-les-15-et-16-avril-a-kenitra\/#breadcrumb","itemListElement":[{"@type":"ListItem","position":1,"name":"Home","item":"https:\/\/dpress.ma\/fr\/"},{"@type":"ListItem","position":2,"name":"Rencontre \u201cCin\u00e9astes et critiques\u201d autour de l\u2019exp\u00e9rience du r\u00e9alisateur Nour-Eddine Lakhmari, les 15 et 16 avril \u00e0 K\u00e9nitra"}]},{"@type":"WebSite","@id":"https:\/\/dpress.ma\/fr\/#website","url":"https:\/\/dpress.ma\/fr\/","name":"Dpress.ma\/fr","description":"","potentialAction":[{"@type":"SearchAction","target":{"@type":"EntryPoint","urlTemplate":"https:\/\/dpress.ma\/fr\/?s={search_term_string}"},"query-input":{"@type":"PropertyValueSpecification","valueRequired":true,"valueName":"search_term_string"}}],"inLanguage":"fr-FR"},{"@type":"Person","@id":"https:\/\/dpress.ma\/fr\/#\/schema\/person\/4898febf3ccd59e6578d838656a306a0","name":"Dpress.ma","image":{"@type":"ImageObject","inLanguage":"fr-FR","@id":"https:\/\/secure.gravatar.com\/avatar\/72ecc30e9db047a2e0e7176561eb9d564ed77c8108376495b19bd8336405198a?s=96&d=mm&r=g","url":"https:\/\/secure.gravatar.com\/avatar\/72ecc30e9db047a2e0e7176561eb9d564ed77c8108376495b19bd8336405198a?s=96&d=mm&r=g","contentUrl":"https:\/\/secure.gravatar.com\/avatar\/72ecc30e9db047a2e0e7176561eb9d564ed77c8108376495b19bd8336405198a?s=96&d=mm&r=g","caption":"Dpress.ma"},"sameAs":["https:\/\/www.dpress.ma"],"url":"https:\/\/dpress.ma\/fr\/author\/dpress-ma\/"}]}},"amp_enabled":true,"_links":{"self":[{"href":"https:\/\/dpress.ma\/fr\/wp-json\/wp\/v2\/posts\/28258","targetHints":{"allow":["GET"]}}],"collection":[{"href":"https:\/\/dpress.ma\/fr\/wp-json\/wp\/v2\/posts"}],"about":[{"href":"https:\/\/dpress.ma\/fr\/wp-json\/wp\/v2\/types\/post"}],"author":[{"embeddable":true,"href":"https:\/\/dpress.ma\/fr\/wp-json\/wp\/v2\/users\/2"}],"replies":[{"embeddable":true,"href":"https:\/\/dpress.ma\/fr\/wp-json\/wp\/v2\/comments?post=28258"}],"version-history":[{"count":1,"href":"https:\/\/dpress.ma\/fr\/wp-json\/wp\/v2\/posts\/28258\/revisions"}],"predecessor-version":[{"id":28260,"href":"https:\/\/dpress.ma\/fr\/wp-json\/wp\/v2\/posts\/28258\/revisions\/28260"}],"wp:featuredmedia":[{"embeddable":true,"href":"https:\/\/dpress.ma\/fr\/wp-json\/wp\/v2\/media\/28259"}],"wp:attachment":[{"href":"https:\/\/dpress.ma\/fr\/wp-json\/wp\/v2\/media?parent=28258"}],"wp:term":[{"taxonomy":"category","embeddable":true,"href":"https:\/\/dpress.ma\/fr\/wp-json\/wp\/v2\/categories?post=28258"},{"taxonomy":"post_tag","embeddable":true,"href":"https:\/\/dpress.ma\/fr\/wp-json\/wp\/v2\/tags?post=28258"}],"curies":[{"name":"wp","href":"https:\/\/api.w.org\/{rel}","templated":true}]}}