{"id":28255,"date":"2026-04-11T09:31:07","date_gmt":"2026-04-11T09:31:07","guid":{"rendered":"https:\/\/dpress.ma\/fr\/?p=28255"},"modified":"2026-04-11T09:31:09","modified_gmt":"2026-04-11T09:31:09","slug":"rabat-vernissage-de-lexposition-caritative-couleurs-despoir-au-profit-des-personnes-atteintes-de-la-maladie-de-parkinson","status":"publish","type":"post","link":"https:\/\/dpress.ma\/fr\/2026\/04\/11\/rabat-vernissage-de-lexposition-caritative-couleurs-despoir-au-profit-des-personnes-atteintes-de-la-maladie-de-parkinson\/","title":{"rendered":"Rabat: Vernissage de l\u2019exposition caritative \u201cCouleurs d\u2019espoir\u201d au profit des personnes atteintes de la maladie de Parkinson"},"content":{"rendered":"\n<p>Dpress<\/p>\n\n\n\n<p>La salle Mohamed El Fassi \u00e0 Rabat a abrit\u00e9 vendredi le vernissage de l\u2019exposition \u201cCouleurs d\u2019espoir\u201d qui r\u00e9unit les \u0153uvres d\u2019un parterre d\u2019artistes marocains ayant choisi de consacrer leur talent \u00e0 une cause humaine d\u2019envergure, celle des personnes atteintes de la maladie de Parkinson.<\/p>\n\n\n\n<p>Les artistes participant \u00e0 cette exposition, qui se poursuit jusqu\u2019au 21 avril, expriment, chacun \u00e0 sa mani\u00e8re, un message de soutien, de r\u00e9silience et d\u2019espoir envers une cat\u00e9gorie qui, malgr\u00e9 la souffrance, profite de la vie et savoure l\u2019art, reconnu aujourd\u2019hui comme un alli\u00e9 de la prise en charge th\u00e9rapeutique qui aide \u00e0 retrouver une meilleure qualit\u00e9 de vie.<\/p>\n\n\n\n<p>Cette exposition, organis\u00e9e par l\u2019Association marocaine pour les patients parkinsoniens (AMPP) dans le cadre de la c\u00e9l\u00e9bration de la Journ\u00e9e mondiale de la maladie de Parkinson (11 avril), vise \u00e0 sensibiliser le grand public \u00e0 cette maladie, tout en mettant en exergue le r\u00f4le de l\u2019art pour renforcer la sociabilit\u00e9 des patients.<\/p>\n\n\n\n<p>Si le corps tremble, l\u2019\u00e2me ne tremble pas. Bien au contraire: la souffrance semble aiguiser la sensibilit\u00e9 des patients vis-\u00e0-vis d\u2019eux-m\u00eames et du monde. C\u2019est ainsi que dans les diff\u00e9rents espaces de la salle, il \u00e9tait saisissant de voir un public particulier, compos\u00e9 de patients et de leurs accompagnants venus de Rabat et d\u2019autres villes, interagir avec les \u0153uvres juxtapos\u00e9es de six artistes aux langages visuels vari\u00e9s.<\/p>\n\n\n\n<p>\u201cCette exposition apporte bien plus que des \u0153uvres, elle insuffle une lumi\u00e8re, une \u00e9motion et un espoir dont nous avons tous profond\u00e9ment besoin. A travers vos cr\u00e9ations, vous touchez les c\u0153urs, \u00e9veillez les consciences et offrez un nouveau souffle \u00e0 celles et ceux qui en ont le plus besoin\u201d, souligne Dr Rabia Bouali-Benazzouz, pr\u00e9sidente de l\u2019AMPP.<\/p>\n\n\n\n<p>\u201cPartout dans le monde, cette journ\u00e9e nous rappelle que la maladie est bien pr\u00e9sente, qu\u2019elle touche des femmes et des hommes et qu\u2019elle transforme leur quotidien, sans jamais effacer la dignit\u00e9 et le courage de celles et ceux qui la vivent\u201d, dit-elle.<\/p>\n\n\n\n<p>Dr Bouali-Benazzouz, \u00e9galement chercheur \u00e0 l\u2019Institut des maladies neurod\u00e9g\u00e9n\u00e9ratives de Bordeaux, affirme que l\u2019association s\u2019attache \u00e0 int\u00e9grer, dans ses activit\u00e9s et dans la vie des patients, \u201ccet art qui a le pouvoir d\u00e9licat de dire avec douceur ce que les mots peinent parfois \u00e0 exprimer\u201d.<\/p>\n\n\n\n<p>Rafiqa Azzaoui, Said Hbicha, Sa\u00efd Qodaid, Sanae Sarghini Aida, Rachid Hanbali et Abdelhak Arzima sont les six artistes qui ont choisi de s\u2019engager dans cette initiative artistique solidaire, \u00e0 travers des \u0153uvres refl\u00e9tant la vitalit\u00e9 et la diversit\u00e9 du paysage pictural marocain.<\/p>\n\n\n\n<p>Dans cette exposition, le corps s\u2019impose comme l\u2019\u00e9l\u00e9ment central de la sc\u00e9nographie. La dimension abstraite n\u2019en demeure pas moins pr\u00e9gnante, ouvrant de vastes horizons au r\u00eave et \u00e0 l\u2019interpr\u00e9tation.<\/p>\n\n\n\n<p>L\u2019\u0153uvre artistique s\u2019adresse autant au patient qu\u2019\u00e0 l\u2019artiste atteint de la maladie de Parkinson, explique Pr Abdelhamid Benazzouz, pr\u00e9sident d\u2019honneur de l\u2019AMPP, faisant remarquer que cette pathologie affecte la motricit\u00e9 des artistes qu\u2019ils soient peintres, artisans ou sculpteurs, aggravant ainsi leur souffrance.<\/p>\n\n\n\n<p>Pr Benazzouz, qui est directeur des recherches \u00e0 l\u2019Institut des maladies neurod\u00e9g\u00e9n\u00e9ratives \u00e0 Bordeaux, a \u00e9voqu\u00e9 le cas prometteur de l\u2019un des artistes participants qui a pu renouer avec le pinceau gr\u00e2ce aux soins m\u00e9dicaux qui lui ont \u00e9t\u00e9 dispens\u00e9s dans des \u00e9tablissements hospitaliers marocains.<\/p>\n\n\n\n<p>De mani\u00e8re g\u00e9n\u00e9rale, l\u2019art constitue une activit\u00e9 stimulante qui favorise le mouvement et les \u00e9motions positives et aide, d\u00e8s lors, les patients \u00e0 am\u00e9liorer leur qualit\u00e9 de vie et \u00e0 mieux supporter le poids de la maladie, un impact qui concerne \u00e9galement les accompagnants et l\u2019entourage familial.<\/p>\n\n\n\n<p>Fond\u00e9e en 2025 au Centre hospitalier universitaire Mohammed VI de Tanger, l\u2019AMPP r\u00e9unit patients, aides-soignants, chercheurs et professionnels de sant\u00e9 dans le but de soutenir les personnes atteintes de Parkinson ainsi que leurs accompagnants.<\/p>\n\n\n\n<p>L\u2019association a pour missions de renforcer les \u00e9changes entre les patients et les m\u00e9decins sp\u00e9cialistes, offrir un accompagnement psychologique et social, faciliter l\u2019acc\u00e8s aux soins, mieux faire conna\u00eetre la maladie et promouvoir la culture de solidarit\u00e9 et de b\u00e9n\u00e9volat.<\/p>\n","protected":false},"excerpt":{"rendered":"<p>Dpress La salle Mohamed El Fassi \u00e0 Rabat a abrit\u00e9 vendredi le vernissage de l\u2019exposition \u201cCouleurs d\u2019espoir\u201d qui r\u00e9unit les \u0153uvres d\u2019un parterre d\u2019artistes marocains ayant choisi de consacrer leur talent \u00e0 une cause humaine d\u2019envergure, celle des personnes atteintes de la maladie de Parkinson. Les artistes participant \u00e0 cette exposition, qui se poursuit jusqu\u2019au &hellip;<\/p>\n","protected":false},"author":2,"featured_media":28256,"comment_status":"open","ping_status":"open","sticky":false,"template":"","format":"standard","meta":{"footnotes":""},"categories":[31],"tags":[],"class_list":["post-28255","post","type-post","status-publish","format-standard","has-post-thumbnail","hentry","category-art-et-culture"],"yoast_head":"<!-- This site is optimized with the Yoast SEO plugin v27.5 - https:\/\/yoast.com\/product\/yoast-seo-wordpress\/ -->\n<title>Rabat: Vernissage de l\u2019exposition caritative \u201cCouleurs d\u2019espoir\u201d au profit des personnes atteintes de la maladie de Parkinson - Dpress.ma\/fr<\/title>\n<meta name=\"robots\" content=\"index, follow, max-snippet:-1, max-image-preview:large, max-video-preview:-1\" \/>\n<link rel=\"canonical\" href=\"https:\/\/dpress.ma\/fr\/2026\/04\/11\/rabat-vernissage-de-lexposition-caritative-couleurs-despoir-au-profit-des-personnes-atteintes-de-la-maladie-de-parkinson\/\" \/>\n<meta property=\"og:locale\" content=\"fr_FR\" \/>\n<meta property=\"og:type\" content=\"article\" \/>\n<meta property=\"og:title\" content=\"Rabat: Vernissage de l\u2019exposition caritative \u201cCouleurs d\u2019espoir\u201d au profit des personnes atteintes de la maladie de Parkinson - Dpress.ma\/fr\" \/>\n<meta property=\"og:description\" content=\"Dpress La salle Mohamed El Fassi \u00e0 Rabat a abrit\u00e9 vendredi le vernissage de l\u2019exposition \u201cCouleurs d\u2019espoir\u201d qui r\u00e9unit les \u0153uvres d\u2019un parterre d\u2019artistes marocains ayant choisi de consacrer leur talent \u00e0 une cause humaine d\u2019envergure, celle des personnes atteintes de la maladie de Parkinson. Les artistes participant \u00e0 cette exposition, qui se poursuit jusqu\u2019au &hellip;\" \/>\n<meta property=\"og:url\" content=\"https:\/\/dpress.ma\/fr\/2026\/04\/11\/rabat-vernissage-de-lexposition-caritative-couleurs-despoir-au-profit-des-personnes-atteintes-de-la-maladie-de-parkinson\/\" \/>\n<meta property=\"og:site_name\" content=\"Dpress.ma\/fr\" \/>\n<meta property=\"article:published_time\" content=\"2026-04-11T09:31:07+00:00\" \/>\n<meta property=\"article:modified_time\" content=\"2026-04-11T09:31:09+00:00\" \/>\n<meta property=\"og:image\" content=\"https:\/\/dpress.ma\/fr\/wp-content\/uploads\/sites\/2\/2026\/04\/48-8.jpg\" \/>\n\t<meta property=\"og:image:width\" content=\"2539\" \/>\n\t<meta property=\"og:image:height\" content=\"1594\" \/>\n\t<meta property=\"og:image:type\" content=\"image\/jpeg\" \/>\n<meta name=\"author\" content=\"Dpress.ma\" \/>\n<meta name=\"twitter:card\" content=\"summary_large_image\" \/>\n<meta name=\"twitter:label1\" content=\"\u00c9crit par\" \/>\n\t<meta name=\"twitter:data1\" content=\"Dpress.ma\" \/>\n\t<meta name=\"twitter:label2\" content=\"Dur\u00e9e de lecture estim\u00e9e\" \/>\n\t<meta name=\"twitter:data2\" content=\"4 minutes\" \/>\n<script type=\"application\/ld+json\" class=\"yoast-schema-graph\">{\"@context\":\"https:\\\/\\\/schema.org\",\"@graph\":[{\"@type\":\"Article\",\"@id\":\"https:\\\/\\\/dpress.ma\\\/fr\\\/2026\\\/04\\\/11\\\/rabat-vernissage-de-lexposition-caritative-couleurs-despoir-au-profit-des-personnes-atteintes-de-la-maladie-de-parkinson\\\/#article\",\"isPartOf\":{\"@id\":\"https:\\\/\\\/dpress.ma\\\/fr\\\/2026\\\/04\\\/11\\\/rabat-vernissage-de-lexposition-caritative-couleurs-despoir-au-profit-des-personnes-atteintes-de-la-maladie-de-parkinson\\\/\"},\"author\":{\"name\":\"Dpress.ma\",\"@id\":\"https:\\\/\\\/dpress.ma\\\/fr\\\/#\\\/schema\\\/person\\\/4898febf3ccd59e6578d838656a306a0\"},\"headline\":\"Rabat: Vernissage de l\u2019exposition caritative \u201cCouleurs d\u2019espoir\u201d au profit des personnes atteintes de la maladie de Parkinson\",\"datePublished\":\"2026-04-11T09:31:07+00:00\",\"dateModified\":\"2026-04-11T09:31:09+00:00\",\"mainEntityOfPage\":{\"@id\":\"https:\\\/\\\/dpress.ma\\\/fr\\\/2026\\\/04\\\/11\\\/rabat-vernissage-de-lexposition-caritative-couleurs-despoir-au-profit-des-personnes-atteintes-de-la-maladie-de-parkinson\\\/\"},\"wordCount\":737,\"commentCount\":0,\"image\":{\"@id\":\"https:\\\/\\\/dpress.ma\\\/fr\\\/2026\\\/04\\\/11\\\/rabat-vernissage-de-lexposition-caritative-couleurs-despoir-au-profit-des-personnes-atteintes-de-la-maladie-de-parkinson\\\/#primaryimage\"},\"thumbnailUrl\":\"https:\\\/\\\/dpress.ma\\\/fr\\\/wp-content\\\/uploads\\\/sites\\\/2\\\/2026\\\/04\\\/48-8.jpg\",\"articleSection\":[\"Art et Culture\"],\"inLanguage\":\"fr-FR\",\"potentialAction\":[{\"@type\":\"CommentAction\",\"name\":\"Comment\",\"target\":[\"https:\\\/\\\/dpress.ma\\\/fr\\\/2026\\\/04\\\/11\\\/rabat-vernissage-de-lexposition-caritative-couleurs-despoir-au-profit-des-personnes-atteintes-de-la-maladie-de-parkinson\\\/#respond\"]}]},{\"@type\":\"WebPage\",\"@id\":\"https:\\\/\\\/dpress.ma\\\/fr\\\/2026\\\/04\\\/11\\\/rabat-vernissage-de-lexposition-caritative-couleurs-despoir-au-profit-des-personnes-atteintes-de-la-maladie-de-parkinson\\\/\",\"url\":\"https:\\\/\\\/dpress.ma\\\/fr\\\/2026\\\/04\\\/11\\\/rabat-vernissage-de-lexposition-caritative-couleurs-despoir-au-profit-des-personnes-atteintes-de-la-maladie-de-parkinson\\\/\",\"name\":\"Rabat: Vernissage de l\u2019exposition caritative \u201cCouleurs d\u2019espoir\u201d au profit des personnes atteintes de la maladie de Parkinson - Dpress.ma\\\/fr\",\"isPartOf\":{\"@id\":\"https:\\\/\\\/dpress.ma\\\/fr\\\/#website\"},\"primaryImageOfPage\":{\"@id\":\"https:\\\/\\\/dpress.ma\\\/fr\\\/2026\\\/04\\\/11\\\/rabat-vernissage-de-lexposition-caritative-couleurs-despoir-au-profit-des-personnes-atteintes-de-la-maladie-de-parkinson\\\/#primaryimage\"},\"image\":{\"@id\":\"https:\\\/\\\/dpress.ma\\\/fr\\\/2026\\\/04\\\/11\\\/rabat-vernissage-de-lexposition-caritative-couleurs-despoir-au-profit-des-personnes-atteintes-de-la-maladie-de-parkinson\\\/#primaryimage\"},\"thumbnailUrl\":\"https:\\\/\\\/dpress.ma\\\/fr\\\/wp-content\\\/uploads\\\/sites\\\/2\\\/2026\\\/04\\\/48-8.jpg\",\"datePublished\":\"2026-04-11T09:31:07+00:00\",\"dateModified\":\"2026-04-11T09:31:09+00:00\",\"author\":{\"@id\":\"https:\\\/\\\/dpress.ma\\\/fr\\\/#\\\/schema\\\/person\\\/4898febf3ccd59e6578d838656a306a0\"},\"breadcrumb\":{\"@id\":\"https:\\\/\\\/dpress.ma\\\/fr\\\/2026\\\/04\\\/11\\\/rabat-vernissage-de-lexposition-caritative-couleurs-despoir-au-profit-des-personnes-atteintes-de-la-maladie-de-parkinson\\\/#breadcrumb\"},\"inLanguage\":\"fr-FR\",\"potentialAction\":[{\"@type\":\"ReadAction\",\"target\":[\"https:\\\/\\\/dpress.ma\\\/fr\\\/2026\\\/04\\\/11\\\/rabat-vernissage-de-lexposition-caritative-couleurs-despoir-au-profit-des-personnes-atteintes-de-la-maladie-de-parkinson\\\/\"]}]},{\"@type\":\"ImageObject\",\"inLanguage\":\"fr-FR\",\"@id\":\"https:\\\/\\\/dpress.ma\\\/fr\\\/2026\\\/04\\\/11\\\/rabat-vernissage-de-lexposition-caritative-couleurs-despoir-au-profit-des-personnes-atteintes-de-la-maladie-de-parkinson\\\/#primaryimage\",\"url\":\"https:\\\/\\\/dpress.ma\\\/fr\\\/wp-content\\\/uploads\\\/sites\\\/2\\\/2026\\\/04\\\/48-8.jpg\",\"contentUrl\":\"https:\\\/\\\/dpress.ma\\\/fr\\\/wp-content\\\/uploads\\\/sites\\\/2\\\/2026\\\/04\\\/48-8.jpg\",\"width\":2539,\"height\":1594},{\"@type\":\"BreadcrumbList\",\"@id\":\"https:\\\/\\\/dpress.ma\\\/fr\\\/2026\\\/04\\\/11\\\/rabat-vernissage-de-lexposition-caritative-couleurs-despoir-au-profit-des-personnes-atteintes-de-la-maladie-de-parkinson\\\/#breadcrumb\",\"itemListElement\":[{\"@type\":\"ListItem\",\"position\":1,\"name\":\"Home\",\"item\":\"https:\\\/\\\/dpress.ma\\\/fr\\\/\"},{\"@type\":\"ListItem\",\"position\":2,\"name\":\"Rabat: Vernissage de l\u2019exposition caritative \u201cCouleurs d\u2019espoir\u201d au profit des personnes atteintes de la maladie de Parkinson\"}]},{\"@type\":\"WebSite\",\"@id\":\"https:\\\/\\\/dpress.ma\\\/fr\\\/#website\",\"url\":\"https:\\\/\\\/dpress.ma\\\/fr\\\/\",\"name\":\"Dpress.ma\\\/fr\",\"description\":\"\",\"potentialAction\":[{\"@type\":\"SearchAction\",\"target\":{\"@type\":\"EntryPoint\",\"urlTemplate\":\"https:\\\/\\\/dpress.ma\\\/fr\\\/?s={search_term_string}\"},\"query-input\":{\"@type\":\"PropertyValueSpecification\",\"valueRequired\":true,\"valueName\":\"search_term_string\"}}],\"inLanguage\":\"fr-FR\"},{\"@type\":\"Person\",\"@id\":\"https:\\\/\\\/dpress.ma\\\/fr\\\/#\\\/schema\\\/person\\\/4898febf3ccd59e6578d838656a306a0\",\"name\":\"Dpress.ma\",\"image\":{\"@type\":\"ImageObject\",\"inLanguage\":\"fr-FR\",\"@id\":\"https:\\\/\\\/secure.gravatar.com\\\/avatar\\\/72ecc30e9db047a2e0e7176561eb9d564ed77c8108376495b19bd8336405198a?s=96&d=mm&r=g\",\"url\":\"https:\\\/\\\/secure.gravatar.com\\\/avatar\\\/72ecc30e9db047a2e0e7176561eb9d564ed77c8108376495b19bd8336405198a?s=96&d=mm&r=g\",\"contentUrl\":\"https:\\\/\\\/secure.gravatar.com\\\/avatar\\\/72ecc30e9db047a2e0e7176561eb9d564ed77c8108376495b19bd8336405198a?s=96&d=mm&r=g\",\"caption\":\"Dpress.ma\"},\"sameAs\":[\"https:\\\/\\\/www.dpress.ma\"],\"url\":\"https:\\\/\\\/dpress.ma\\\/fr\\\/author\\\/dpress-ma\\\/\"}]}<\/script>\n<!-- \/ Yoast SEO plugin. -->","yoast_head_json":{"title":"Rabat: Vernissage de l\u2019exposition caritative \u201cCouleurs d\u2019espoir\u201d au profit des personnes atteintes de la maladie de Parkinson - Dpress.ma\/fr","robots":{"index":"index","follow":"follow","max-snippet":"max-snippet:-1","max-image-preview":"max-image-preview:large","max-video-preview":"max-video-preview:-1"},"canonical":"https:\/\/dpress.ma\/fr\/2026\/04\/11\/rabat-vernissage-de-lexposition-caritative-couleurs-despoir-au-profit-des-personnes-atteintes-de-la-maladie-de-parkinson\/","og_locale":"fr_FR","og_type":"article","og_title":"Rabat: Vernissage de l\u2019exposition caritative \u201cCouleurs d\u2019espoir\u201d au profit des personnes atteintes de la maladie de Parkinson - Dpress.ma\/fr","og_description":"Dpress La salle Mohamed El Fassi \u00e0 Rabat a abrit\u00e9 vendredi le vernissage de l\u2019exposition \u201cCouleurs d\u2019espoir\u201d qui r\u00e9unit les \u0153uvres d\u2019un parterre d\u2019artistes marocains ayant choisi de consacrer leur talent \u00e0 une cause humaine d\u2019envergure, celle des personnes atteintes de la maladie de Parkinson. Les artistes participant \u00e0 cette exposition, qui se poursuit jusqu\u2019au &hellip;","og_url":"https:\/\/dpress.ma\/fr\/2026\/04\/11\/rabat-vernissage-de-lexposition-caritative-couleurs-despoir-au-profit-des-personnes-atteintes-de-la-maladie-de-parkinson\/","og_site_name":"Dpress.ma\/fr","article_published_time":"2026-04-11T09:31:07+00:00","article_modified_time":"2026-04-11T09:31:09+00:00","og_image":[{"width":2539,"height":1594,"url":"https:\/\/dpress.ma\/fr\/wp-content\/uploads\/sites\/2\/2026\/04\/48-8.jpg","type":"image\/jpeg"}],"author":"Dpress.ma","twitter_card":"summary_large_image","twitter_misc":{"\u00c9crit par":"Dpress.ma","Dur\u00e9e de lecture estim\u00e9e":"4 minutes"},"schema":{"@context":"https:\/\/schema.org","@graph":[{"@type":"Article","@id":"https:\/\/dpress.ma\/fr\/2026\/04\/11\/rabat-vernissage-de-lexposition-caritative-couleurs-despoir-au-profit-des-personnes-atteintes-de-la-maladie-de-parkinson\/#article","isPartOf":{"@id":"https:\/\/dpress.ma\/fr\/2026\/04\/11\/rabat-vernissage-de-lexposition-caritative-couleurs-despoir-au-profit-des-personnes-atteintes-de-la-maladie-de-parkinson\/"},"author":{"name":"Dpress.ma","@id":"https:\/\/dpress.ma\/fr\/#\/schema\/person\/4898febf3ccd59e6578d838656a306a0"},"headline":"Rabat: Vernissage de l\u2019exposition caritative \u201cCouleurs d\u2019espoir\u201d au profit des personnes atteintes de la maladie de Parkinson","datePublished":"2026-04-11T09:31:07+00:00","dateModified":"2026-04-11T09:31:09+00:00","mainEntityOfPage":{"@id":"https:\/\/dpress.ma\/fr\/2026\/04\/11\/rabat-vernissage-de-lexposition-caritative-couleurs-despoir-au-profit-des-personnes-atteintes-de-la-maladie-de-parkinson\/"},"wordCount":737,"commentCount":0,"image":{"@id":"https:\/\/dpress.ma\/fr\/2026\/04\/11\/rabat-vernissage-de-lexposition-caritative-couleurs-despoir-au-profit-des-personnes-atteintes-de-la-maladie-de-parkinson\/#primaryimage"},"thumbnailUrl":"https:\/\/dpress.ma\/fr\/wp-content\/uploads\/sites\/2\/2026\/04\/48-8.jpg","articleSection":["Art et Culture"],"inLanguage":"fr-FR","potentialAction":[{"@type":"CommentAction","name":"Comment","target":["https:\/\/dpress.ma\/fr\/2026\/04\/11\/rabat-vernissage-de-lexposition-caritative-couleurs-despoir-au-profit-des-personnes-atteintes-de-la-maladie-de-parkinson\/#respond"]}]},{"@type":"WebPage","@id":"https:\/\/dpress.ma\/fr\/2026\/04\/11\/rabat-vernissage-de-lexposition-caritative-couleurs-despoir-au-profit-des-personnes-atteintes-de-la-maladie-de-parkinson\/","url":"https:\/\/dpress.ma\/fr\/2026\/04\/11\/rabat-vernissage-de-lexposition-caritative-couleurs-despoir-au-profit-des-personnes-atteintes-de-la-maladie-de-parkinson\/","name":"Rabat: Vernissage de l\u2019exposition caritative \u201cCouleurs d\u2019espoir\u201d au profit des personnes atteintes de la maladie de Parkinson - Dpress.ma\/fr","isPartOf":{"@id":"https:\/\/dpress.ma\/fr\/#website"},"primaryImageOfPage":{"@id":"https:\/\/dpress.ma\/fr\/2026\/04\/11\/rabat-vernissage-de-lexposition-caritative-couleurs-despoir-au-profit-des-personnes-atteintes-de-la-maladie-de-parkinson\/#primaryimage"},"image":{"@id":"https:\/\/dpress.ma\/fr\/2026\/04\/11\/rabat-vernissage-de-lexposition-caritative-couleurs-despoir-au-profit-des-personnes-atteintes-de-la-maladie-de-parkinson\/#primaryimage"},"thumbnailUrl":"https:\/\/dpress.ma\/fr\/wp-content\/uploads\/sites\/2\/2026\/04\/48-8.jpg","datePublished":"2026-04-11T09:31:07+00:00","dateModified":"2026-04-11T09:31:09+00:00","author":{"@id":"https:\/\/dpress.ma\/fr\/#\/schema\/person\/4898febf3ccd59e6578d838656a306a0"},"breadcrumb":{"@id":"https:\/\/dpress.ma\/fr\/2026\/04\/11\/rabat-vernissage-de-lexposition-caritative-couleurs-despoir-au-profit-des-personnes-atteintes-de-la-maladie-de-parkinson\/#breadcrumb"},"inLanguage":"fr-FR","potentialAction":[{"@type":"ReadAction","target":["https:\/\/dpress.ma\/fr\/2026\/04\/11\/rabat-vernissage-de-lexposition-caritative-couleurs-despoir-au-profit-des-personnes-atteintes-de-la-maladie-de-parkinson\/"]}]},{"@type":"ImageObject","inLanguage":"fr-FR","@id":"https:\/\/dpress.ma\/fr\/2026\/04\/11\/rabat-vernissage-de-lexposition-caritative-couleurs-despoir-au-profit-des-personnes-atteintes-de-la-maladie-de-parkinson\/#primaryimage","url":"https:\/\/dpress.ma\/fr\/wp-content\/uploads\/sites\/2\/2026\/04\/48-8.jpg","contentUrl":"https:\/\/dpress.ma\/fr\/wp-content\/uploads\/sites\/2\/2026\/04\/48-8.jpg","width":2539,"height":1594},{"@type":"BreadcrumbList","@id":"https:\/\/dpress.ma\/fr\/2026\/04\/11\/rabat-vernissage-de-lexposition-caritative-couleurs-despoir-au-profit-des-personnes-atteintes-de-la-maladie-de-parkinson\/#breadcrumb","itemListElement":[{"@type":"ListItem","position":1,"name":"Home","item":"https:\/\/dpress.ma\/fr\/"},{"@type":"ListItem","position":2,"name":"Rabat: Vernissage de l\u2019exposition caritative \u201cCouleurs d\u2019espoir\u201d au profit des personnes atteintes de la maladie de Parkinson"}]},{"@type":"WebSite","@id":"https:\/\/dpress.ma\/fr\/#website","url":"https:\/\/dpress.ma\/fr\/","name":"Dpress.ma\/fr","description":"","potentialAction":[{"@type":"SearchAction","target":{"@type":"EntryPoint","urlTemplate":"https:\/\/dpress.ma\/fr\/?s={search_term_string}"},"query-input":{"@type":"PropertyValueSpecification","valueRequired":true,"valueName":"search_term_string"}}],"inLanguage":"fr-FR"},{"@type":"Person","@id":"https:\/\/dpress.ma\/fr\/#\/schema\/person\/4898febf3ccd59e6578d838656a306a0","name":"Dpress.ma","image":{"@type":"ImageObject","inLanguage":"fr-FR","@id":"https:\/\/secure.gravatar.com\/avatar\/72ecc30e9db047a2e0e7176561eb9d564ed77c8108376495b19bd8336405198a?s=96&d=mm&r=g","url":"https:\/\/secure.gravatar.com\/avatar\/72ecc30e9db047a2e0e7176561eb9d564ed77c8108376495b19bd8336405198a?s=96&d=mm&r=g","contentUrl":"https:\/\/secure.gravatar.com\/avatar\/72ecc30e9db047a2e0e7176561eb9d564ed77c8108376495b19bd8336405198a?s=96&d=mm&r=g","caption":"Dpress.ma"},"sameAs":["https:\/\/www.dpress.ma"],"url":"https:\/\/dpress.ma\/fr\/author\/dpress-ma\/"}]}},"amp_enabled":true,"_links":{"self":[{"href":"https:\/\/dpress.ma\/fr\/wp-json\/wp\/v2\/posts\/28255","targetHints":{"allow":["GET"]}}],"collection":[{"href":"https:\/\/dpress.ma\/fr\/wp-json\/wp\/v2\/posts"}],"about":[{"href":"https:\/\/dpress.ma\/fr\/wp-json\/wp\/v2\/types\/post"}],"author":[{"embeddable":true,"href":"https:\/\/dpress.ma\/fr\/wp-json\/wp\/v2\/users\/2"}],"replies":[{"embeddable":true,"href":"https:\/\/dpress.ma\/fr\/wp-json\/wp\/v2\/comments?post=28255"}],"version-history":[{"count":1,"href":"https:\/\/dpress.ma\/fr\/wp-json\/wp\/v2\/posts\/28255\/revisions"}],"predecessor-version":[{"id":28257,"href":"https:\/\/dpress.ma\/fr\/wp-json\/wp\/v2\/posts\/28255\/revisions\/28257"}],"wp:featuredmedia":[{"embeddable":true,"href":"https:\/\/dpress.ma\/fr\/wp-json\/wp\/v2\/media\/28256"}],"wp:attachment":[{"href":"https:\/\/dpress.ma\/fr\/wp-json\/wp\/v2\/media?parent=28255"}],"wp:term":[{"taxonomy":"category","embeddable":true,"href":"https:\/\/dpress.ma\/fr\/wp-json\/wp\/v2\/categories?post=28255"},{"taxonomy":"post_tag","embeddable":true,"href":"https:\/\/dpress.ma\/fr\/wp-json\/wp\/v2\/tags?post=28255"}],"curies":[{"name":"wp","href":"https:\/\/api.w.org\/{rel}","templated":true}]}}