{"id":28248,"date":"2026-04-11T09:28:14","date_gmt":"2026-04-11T09:28:14","guid":{"rendered":"https:\/\/dpress.ma\/fr\/?p=28248"},"modified":"2026-04-11T09:28:48","modified_gmt":"2026-04-11T09:28:48","slug":"gitex-africa-morocco-les-priorites-numeriques-du-continent-au-coeur-des-debats","status":"publish","type":"post","link":"https:\/\/dpress.ma\/fr\/2026\/04\/11\/gitex-africa-morocco-les-priorites-numeriques-du-continent-au-coeur-des-debats\/","title":{"rendered":"GITEX Africa Morocco : Les priorit\u00e9s num\u00e9riques du continent au c\u0153ur des d\u00e9bats"},"content":{"rendered":"\n<p>Dpress<\/p>\n\n\n\n<p>La 4e \u00e9dition de GITEX Africa Morocco s\u2019est achev\u00e9e, jeudi \u00e0 Marrakech, au terme d\u2019une journ\u00e9e durant laquelle les participants se sont pench\u00e9s sur l\u2019avenir de l\u2019Intelligence artificielle (IA), de la connectivit\u00e9 et des infrastructures critiques.<\/p>\n\n\n\n<p>Lors de la 3e journ\u00e9e de ce rendez-vous international d\u2019envergure (7-9 avril), les \u00e9changes ont accord\u00e9 une attention particuli\u00e8re au d\u00e9veloppement d\u2019une IA souveraine, \u00e0 une modernisation pens\u00e9e d\u00e8s l\u2019origine sous l\u2019angle de la s\u00e9curit\u00e9, ainsi qu\u2019\u00e0 la construction d\u2019\u00e9cosyst\u00e8mes num\u00e9riques r\u00e9silients appel\u00e9s \u00e0 structurer la prochaine \u00e9tape de la croissance digitale du continent africain, rel\u00e8vent les organisateurs dans un communiqu\u00e9.<\/p>\n\n\n\n<p>Au fil d\u2019un programme de cl\u00f4ture particuli\u00e8rement dense, des experts internationaux, des d\u00e9cideurs publics et des dirigeants de premier plan ont examin\u00e9 la mani\u00e8re dont l\u2019Afrique peut mobiliser les technologies \u00e9mergentes pour faire progresser une innovation inclusive, consolider sa souverainet\u00e9 num\u00e9rique et prot\u00e9ger ses syst\u00e8mes critiques dans un monde de plus en plus complexe et largement fa\u00e7onn\u00e9 par l\u2019IA.<\/p>\n\n\n\n<p>Les discussions, ajoute la m\u00eame source, ont mis en \u00e9vidence l\u2019urgence d\u2019investissements coordonn\u00e9s, d\u2019une gouvernance capable d\u2019anticiper les \u00e9volutions \u00e0 venir et d\u2019une coop\u00e9ration transfrontali\u00e8re renforc\u00e9e, afin de permettre au continent non seulement de s\u2019adapter aux mutations technologiques mondiales, mais aussi d\u2019en devenir l\u2019un des acteurs qui les orientent durablement dans les ann\u00e9es \u00e0 venir.<\/p>\n\n\n\n<p>\u201cAlors que l\u2019\u00e9conomie num\u00e9rique africaine entre avec intensit\u00e9 dans une \u00e8re d\u00e9finie par l\u2019IA, les grands mod\u00e8les de langage et les syst\u00e8mes d\u2019IA agentique s\u2019imposent comme des leviers essentiels d\u2019inclusion, d\u2019accessibilit\u00e9 et d\u2019innovation adapt\u00e9e aux r\u00e9alit\u00e9s locales\u201d, souligne le communiqu\u00e9.<\/p>\n\n\n\n<p>Lors d\u2019un panel d\u00e9di\u00e9, intitul\u00e9 \u201cFinally! AI Speaks My Language: LLMs And Agentic AI for African Communities\u201d, des \u00e9quipes de recherche africaines ont pr\u00e9sent\u00e9 une nouvelle g\u00e9n\u00e9ration de solutions d\u00e9j\u00e0 d\u00e9ploy\u00e9es ou en voie de d\u00e9ploiement, fond\u00e9es sur des mod\u00e8les linguistiques locaux et sur des architectures d\u2019IA agentique.<\/p>\n\n\n\n<p>Con\u00e7us pour refl\u00e9ter avec davantage de justesse la diversit\u00e9 linguistique du continent ainsi que ses r\u00e9alit\u00e9s socio-\u00e9conomiques, ces syst\u00e8mes rendent l\u2019acc\u00e8s aux services num\u00e9riques plus intuitif, aussi bien dans les secteurs publics que commerciaux. Dans le m\u00eame mouvement, ils ouvrent la voie \u00e0 de nouveaux gains d\u2019efficacit\u00e9 gr\u00e2ce \u00e0 des capacit\u00e9s autonomes de prise de d\u00e9cision en plusieurs \u00e9tapes.<\/p>\n\n\n\n<p>Les intervenants, poursuit le communiqu\u00e9, ont mis en avant le potentiel transformateur de l\u2019IA agentique pour les services en Afrique, en particulier au sein des communaut\u00e9s sous-desservies et multilingues, gr\u00e2ce \u00e0 l\u2019int\u00e9gration du contexte local, des nuances culturelles et des sp\u00e9cificit\u00e9s linguistiques d\u00e8s la conception des syst\u00e8mes, tout en insistant sur la valeur d\u2019une coordination r\u00e9elle entre les diff\u00e9rentes parties prenantes.<\/p>\n\n\n\n<p>\u201c\u00c0 mesure que les organisations acc\u00e9l\u00e8rent leur transition vers des architectures cloud natives et des \u00e9cosyst\u00e8mes num\u00e9riques toujours plus interconnect\u00e9s, la modernisation ne peut plus \u00eatre d\u00e9finie uniquement par la vitesse ou par l\u2019innovation. Elle repose d\u00e9sormais sur la r\u00e9silience\u201d, fait savoir la m\u00eame source.<\/p>\n\n\n\n<p>C\u2019est l\u2019un des principaux enseignements qui s\u2019est d\u00e9gag\u00e9 d\u2019un autre panel majeur, intitul\u00e9 \u201cBuilding Tomorrow: Why Modernisation Requires a Security-First Mindset\u201d, au cours duquel les experts ont soulign\u00e9 que la s\u00e9curit\u00e9 devait \u00e9voluer, passant d\u2019un m\u00e9canisme de protection r\u00e9actif \u00e0 un principe structurant, int\u00e9gr\u00e9 \u00e0 chaque \u00e9tape de la transformation digitale.<\/p>\n\n\n\n<p>Les intervenants ont \u00e9galement examin\u00e9 la mani\u00e8re dont les Chief Information Security Officers red\u00e9finissent aujourd\u2019hui leur r\u00f4le afin d\u2019int\u00e9grer la s\u00e9curit\u00e9 sur l\u2019ensemble du cycle de vie des syst\u00e8mes modernes, depuis l\u2019architecture initiale jusqu\u2019au d\u00e9ploiement, puis \u00e0 l\u2019optimisation continue.<\/p>\n\n\n\n<p>Ils ont estim\u00e9 qu\u2019en adoptant une approche r\u00e9solument centr\u00e9e sur la s\u00e9curit\u00e9, les entreprises peuvent construire des infrastructures de nouvelle g\u00e9n\u00e9ration \u00e0 la fois plus agiles, plus intelligentes et intrins\u00e8quement mieux prot\u00e9g\u00e9es, capables de r\u00e9sister \u00e0 l\u2019intensification des cybermenaces tout en soutenant une croissance num\u00e9rique durable.<\/p>\n\n\n\n<p>Dans un paysage de menaces de plus en plus complexe et aliment\u00e9 par l\u2019IA, les strat\u00e9gies Zero Trust, qui s\u2019imposent d\u00e9sormais comme un levier essentiel pour prot\u00e9ger les infrastructures critiques, marquent le passage d\u2019une logique de d\u00e9fense p\u00e9rim\u00e9trique \u00e0 une v\u00e9rification continue de chaque utilisateur, de chaque appareil et de chaque syst\u00e8me, d\u00e9taille la m\u00eame source.<\/p>\n\n\n\n<p>Lors d\u2019un panel intitul\u00e9 \u201cZero Trust for Critical Infrastructure in an AI-Powered Threat Landscape\u201d, les experts ont examin\u00e9 la mani\u00e8re dont ces approches peuvent r\u00e9pondre \u00e0 des cybermenaces dop\u00e9es par l\u2019IA, toujours plus sophistiqu\u00e9es, en renfor\u00e7ant la r\u00e9silience, en limitant les mouvements lat\u00e9raux et en s\u00e9curisant \u00e0 grande \u00e9chelle les syst\u00e8mes vitaux.<\/p>\n\n\n\n<p>Alors que les acteurs africains et internationaux se sont retrouv\u00e9s \u00e0 Marrakech pour cette troisi\u00e8me et derni\u00e8re journ\u00e9e, GITEX Africa Morocco 2026 a confirm\u00e9 son r\u00f4le de plateforme mondiale o\u00f9 politiques publiques, investissements et mise en \u0153uvre technologique convergent pour accompagner l\u2019\u00e9mergence d\u2019une Afrique num\u00e9riquement souveraine, connect\u00e9e au reste du monde et comp\u00e9titive sur le plan \u00e9conomique, conclut le communiqu\u00e9<\/p>\n\n\n\n<p><\/p>\n","protected":false},"excerpt":{"rendered":"<p>Dpress La 4e \u00e9dition de GITEX Africa Morocco s\u2019est achev\u00e9e, jeudi \u00e0 Marrakech, au terme d\u2019une journ\u00e9e durant laquelle les participants se sont pench\u00e9s sur l\u2019avenir de l\u2019Intelligence artificielle (IA), de la connectivit\u00e9 et des infrastructures critiques. Lors de la 3e journ\u00e9e de ce rendez-vous international d\u2019envergure (7-9 avril), les \u00e9changes ont accord\u00e9 une attention &hellip;<\/p>\n","protected":false},"author":2,"featured_media":28249,"comment_status":"open","ping_status":"open","sticky":false,"template":"","format":"standard","meta":{"footnotes":""},"categories":[25],"tags":[],"class_list":["post-28248","post","type-post","status-publish","format-standard","has-post-thumbnail","hentry","category-economie"],"yoast_head":"<!-- This site is optimized with the Yoast SEO plugin v27.5 - https:\/\/yoast.com\/product\/yoast-seo-wordpress\/ -->\n<title>GITEX Africa Morocco : Les priorit\u00e9s num\u00e9riques du continent au c\u0153ur des d\u00e9bats - Dpress.ma\/fr<\/title>\n<meta name=\"robots\" content=\"index, follow, max-snippet:-1, max-image-preview:large, max-video-preview:-1\" \/>\n<link rel=\"canonical\" href=\"https:\/\/dpress.ma\/fr\/2026\/04\/11\/gitex-africa-morocco-les-priorites-numeriques-du-continent-au-coeur-des-debats\/\" \/>\n<meta property=\"og:locale\" content=\"fr_FR\" \/>\n<meta property=\"og:type\" content=\"article\" \/>\n<meta property=\"og:title\" content=\"GITEX Africa Morocco : Les priorit\u00e9s num\u00e9riques du continent au c\u0153ur des d\u00e9bats - Dpress.ma\/fr\" \/>\n<meta property=\"og:description\" content=\"Dpress La 4e \u00e9dition de GITEX Africa Morocco s\u2019est achev\u00e9e, jeudi \u00e0 Marrakech, au terme d\u2019une journ\u00e9e durant laquelle les participants se sont pench\u00e9s sur l\u2019avenir de l\u2019Intelligence artificielle (IA), de la connectivit\u00e9 et des infrastructures critiques. Lors de la 3e journ\u00e9e de ce rendez-vous international d\u2019envergure (7-9 avril), les \u00e9changes ont accord\u00e9 une attention &hellip;\" \/>\n<meta property=\"og:url\" content=\"https:\/\/dpress.ma\/fr\/2026\/04\/11\/gitex-africa-morocco-les-priorites-numeriques-du-continent-au-coeur-des-debats\/\" \/>\n<meta property=\"og:site_name\" content=\"Dpress.ma\/fr\" \/>\n<meta property=\"article:published_time\" content=\"2026-04-11T09:28:14+00:00\" \/>\n<meta property=\"article:modified_time\" content=\"2026-04-11T09:28:48+00:00\" \/>\n<meta property=\"og:image\" content=\"https:\/\/dpress.ma\/fr\/wp-content\/uploads\/sites\/2\/2026\/04\/43-7.jpg\" \/>\n\t<meta property=\"og:image:width\" content=\"2539\" \/>\n\t<meta property=\"og:image:height\" content=\"1594\" \/>\n\t<meta property=\"og:image:type\" content=\"image\/jpeg\" \/>\n<meta name=\"author\" content=\"Dpress.ma\" \/>\n<meta name=\"twitter:card\" content=\"summary_large_image\" \/>\n<meta name=\"twitter:label1\" content=\"\u00c9crit par\" \/>\n\t<meta name=\"twitter:data1\" content=\"Dpress.ma\" \/>\n\t<meta name=\"twitter:label2\" content=\"Dur\u00e9e de lecture estim\u00e9e\" \/>\n\t<meta name=\"twitter:data2\" content=\"5 minutes\" \/>\n<script type=\"application\/ld+json\" class=\"yoast-schema-graph\">{\"@context\":\"https:\\\/\\\/schema.org\",\"@graph\":[{\"@type\":\"Article\",\"@id\":\"https:\\\/\\\/dpress.ma\\\/fr\\\/2026\\\/04\\\/11\\\/gitex-africa-morocco-les-priorites-numeriques-du-continent-au-coeur-des-debats\\\/#article\",\"isPartOf\":{\"@id\":\"https:\\\/\\\/dpress.ma\\\/fr\\\/2026\\\/04\\\/11\\\/gitex-africa-morocco-les-priorites-numeriques-du-continent-au-coeur-des-debats\\\/\"},\"author\":{\"name\":\"Dpress.ma\",\"@id\":\"https:\\\/\\\/dpress.ma\\\/fr\\\/#\\\/schema\\\/person\\\/4898febf3ccd59e6578d838656a306a0\"},\"headline\":\"GITEX Africa Morocco : Les priorit\u00e9s num\u00e9riques du continent au c\u0153ur des d\u00e9bats\",\"datePublished\":\"2026-04-11T09:28:14+00:00\",\"dateModified\":\"2026-04-11T09:28:48+00:00\",\"mainEntityOfPage\":{\"@id\":\"https:\\\/\\\/dpress.ma\\\/fr\\\/2026\\\/04\\\/11\\\/gitex-africa-morocco-les-priorites-numeriques-du-continent-au-coeur-des-debats\\\/\"},\"wordCount\":945,\"commentCount\":0,\"image\":{\"@id\":\"https:\\\/\\\/dpress.ma\\\/fr\\\/2026\\\/04\\\/11\\\/gitex-africa-morocco-les-priorites-numeriques-du-continent-au-coeur-des-debats\\\/#primaryimage\"},\"thumbnailUrl\":\"https:\\\/\\\/dpress.ma\\\/fr\\\/wp-content\\\/uploads\\\/sites\\\/2\\\/2026\\\/04\\\/43-7.jpg\",\"articleSection\":[\"\u00c9conomie\"],\"inLanguage\":\"fr-FR\",\"potentialAction\":[{\"@type\":\"CommentAction\",\"name\":\"Comment\",\"target\":[\"https:\\\/\\\/dpress.ma\\\/fr\\\/2026\\\/04\\\/11\\\/gitex-africa-morocco-les-priorites-numeriques-du-continent-au-coeur-des-debats\\\/#respond\"]}]},{\"@type\":\"WebPage\",\"@id\":\"https:\\\/\\\/dpress.ma\\\/fr\\\/2026\\\/04\\\/11\\\/gitex-africa-morocco-les-priorites-numeriques-du-continent-au-coeur-des-debats\\\/\",\"url\":\"https:\\\/\\\/dpress.ma\\\/fr\\\/2026\\\/04\\\/11\\\/gitex-africa-morocco-les-priorites-numeriques-du-continent-au-coeur-des-debats\\\/\",\"name\":\"GITEX Africa Morocco : Les priorit\u00e9s num\u00e9riques du continent au c\u0153ur des d\u00e9bats - Dpress.ma\\\/fr\",\"isPartOf\":{\"@id\":\"https:\\\/\\\/dpress.ma\\\/fr\\\/#website\"},\"primaryImageOfPage\":{\"@id\":\"https:\\\/\\\/dpress.ma\\\/fr\\\/2026\\\/04\\\/11\\\/gitex-africa-morocco-les-priorites-numeriques-du-continent-au-coeur-des-debats\\\/#primaryimage\"},\"image\":{\"@id\":\"https:\\\/\\\/dpress.ma\\\/fr\\\/2026\\\/04\\\/11\\\/gitex-africa-morocco-les-priorites-numeriques-du-continent-au-coeur-des-debats\\\/#primaryimage\"},\"thumbnailUrl\":\"https:\\\/\\\/dpress.ma\\\/fr\\\/wp-content\\\/uploads\\\/sites\\\/2\\\/2026\\\/04\\\/43-7.jpg\",\"datePublished\":\"2026-04-11T09:28:14+00:00\",\"dateModified\":\"2026-04-11T09:28:48+00:00\",\"author\":{\"@id\":\"https:\\\/\\\/dpress.ma\\\/fr\\\/#\\\/schema\\\/person\\\/4898febf3ccd59e6578d838656a306a0\"},\"breadcrumb\":{\"@id\":\"https:\\\/\\\/dpress.ma\\\/fr\\\/2026\\\/04\\\/11\\\/gitex-africa-morocco-les-priorites-numeriques-du-continent-au-coeur-des-debats\\\/#breadcrumb\"},\"inLanguage\":\"fr-FR\",\"potentialAction\":[{\"@type\":\"ReadAction\",\"target\":[\"https:\\\/\\\/dpress.ma\\\/fr\\\/2026\\\/04\\\/11\\\/gitex-africa-morocco-les-priorites-numeriques-du-continent-au-coeur-des-debats\\\/\"]}]},{\"@type\":\"ImageObject\",\"inLanguage\":\"fr-FR\",\"@id\":\"https:\\\/\\\/dpress.ma\\\/fr\\\/2026\\\/04\\\/11\\\/gitex-africa-morocco-les-priorites-numeriques-du-continent-au-coeur-des-debats\\\/#primaryimage\",\"url\":\"https:\\\/\\\/dpress.ma\\\/fr\\\/wp-content\\\/uploads\\\/sites\\\/2\\\/2026\\\/04\\\/43-7.jpg\",\"contentUrl\":\"https:\\\/\\\/dpress.ma\\\/fr\\\/wp-content\\\/uploads\\\/sites\\\/2\\\/2026\\\/04\\\/43-7.jpg\",\"width\":2539,\"height\":1594},{\"@type\":\"BreadcrumbList\",\"@id\":\"https:\\\/\\\/dpress.ma\\\/fr\\\/2026\\\/04\\\/11\\\/gitex-africa-morocco-les-priorites-numeriques-du-continent-au-coeur-des-debats\\\/#breadcrumb\",\"itemListElement\":[{\"@type\":\"ListItem\",\"position\":1,\"name\":\"Home\",\"item\":\"https:\\\/\\\/dpress.ma\\\/fr\\\/\"},{\"@type\":\"ListItem\",\"position\":2,\"name\":\"GITEX Africa Morocco : Les priorit\u00e9s num\u00e9riques du continent au c\u0153ur des d\u00e9bats\"}]},{\"@type\":\"WebSite\",\"@id\":\"https:\\\/\\\/dpress.ma\\\/fr\\\/#website\",\"url\":\"https:\\\/\\\/dpress.ma\\\/fr\\\/\",\"name\":\"Dpress.ma\\\/fr\",\"description\":\"\",\"potentialAction\":[{\"@type\":\"SearchAction\",\"target\":{\"@type\":\"EntryPoint\",\"urlTemplate\":\"https:\\\/\\\/dpress.ma\\\/fr\\\/?s={search_term_string}\"},\"query-input\":{\"@type\":\"PropertyValueSpecification\",\"valueRequired\":true,\"valueName\":\"search_term_string\"}}],\"inLanguage\":\"fr-FR\"},{\"@type\":\"Person\",\"@id\":\"https:\\\/\\\/dpress.ma\\\/fr\\\/#\\\/schema\\\/person\\\/4898febf3ccd59e6578d838656a306a0\",\"name\":\"Dpress.ma\",\"image\":{\"@type\":\"ImageObject\",\"inLanguage\":\"fr-FR\",\"@id\":\"https:\\\/\\\/secure.gravatar.com\\\/avatar\\\/72ecc30e9db047a2e0e7176561eb9d564ed77c8108376495b19bd8336405198a?s=96&d=mm&r=g\",\"url\":\"https:\\\/\\\/secure.gravatar.com\\\/avatar\\\/72ecc30e9db047a2e0e7176561eb9d564ed77c8108376495b19bd8336405198a?s=96&d=mm&r=g\",\"contentUrl\":\"https:\\\/\\\/secure.gravatar.com\\\/avatar\\\/72ecc30e9db047a2e0e7176561eb9d564ed77c8108376495b19bd8336405198a?s=96&d=mm&r=g\",\"caption\":\"Dpress.ma\"},\"sameAs\":[\"https:\\\/\\\/www.dpress.ma\"],\"url\":\"https:\\\/\\\/dpress.ma\\\/fr\\\/author\\\/dpress-ma\\\/\"}]}<\/script>\n<!-- \/ Yoast SEO plugin. -->","yoast_head_json":{"title":"GITEX Africa Morocco : Les priorit\u00e9s num\u00e9riques du continent au c\u0153ur des d\u00e9bats - Dpress.ma\/fr","robots":{"index":"index","follow":"follow","max-snippet":"max-snippet:-1","max-image-preview":"max-image-preview:large","max-video-preview":"max-video-preview:-1"},"canonical":"https:\/\/dpress.ma\/fr\/2026\/04\/11\/gitex-africa-morocco-les-priorites-numeriques-du-continent-au-coeur-des-debats\/","og_locale":"fr_FR","og_type":"article","og_title":"GITEX Africa Morocco : Les priorit\u00e9s num\u00e9riques du continent au c\u0153ur des d\u00e9bats - Dpress.ma\/fr","og_description":"Dpress La 4e \u00e9dition de GITEX Africa Morocco s\u2019est achev\u00e9e, jeudi \u00e0 Marrakech, au terme d\u2019une journ\u00e9e durant laquelle les participants se sont pench\u00e9s sur l\u2019avenir de l\u2019Intelligence artificielle (IA), de la connectivit\u00e9 et des infrastructures critiques. Lors de la 3e journ\u00e9e de ce rendez-vous international d\u2019envergure (7-9 avril), les \u00e9changes ont accord\u00e9 une attention &hellip;","og_url":"https:\/\/dpress.ma\/fr\/2026\/04\/11\/gitex-africa-morocco-les-priorites-numeriques-du-continent-au-coeur-des-debats\/","og_site_name":"Dpress.ma\/fr","article_published_time":"2026-04-11T09:28:14+00:00","article_modified_time":"2026-04-11T09:28:48+00:00","og_image":[{"width":2539,"height":1594,"url":"https:\/\/dpress.ma\/fr\/wp-content\/uploads\/sites\/2\/2026\/04\/43-7.jpg","type":"image\/jpeg"}],"author":"Dpress.ma","twitter_card":"summary_large_image","twitter_misc":{"\u00c9crit par":"Dpress.ma","Dur\u00e9e de lecture estim\u00e9e":"5 minutes"},"schema":{"@context":"https:\/\/schema.org","@graph":[{"@type":"Article","@id":"https:\/\/dpress.ma\/fr\/2026\/04\/11\/gitex-africa-morocco-les-priorites-numeriques-du-continent-au-coeur-des-debats\/#article","isPartOf":{"@id":"https:\/\/dpress.ma\/fr\/2026\/04\/11\/gitex-africa-morocco-les-priorites-numeriques-du-continent-au-coeur-des-debats\/"},"author":{"name":"Dpress.ma","@id":"https:\/\/dpress.ma\/fr\/#\/schema\/person\/4898febf3ccd59e6578d838656a306a0"},"headline":"GITEX Africa Morocco : Les priorit\u00e9s num\u00e9riques du continent au c\u0153ur des d\u00e9bats","datePublished":"2026-04-11T09:28:14+00:00","dateModified":"2026-04-11T09:28:48+00:00","mainEntityOfPage":{"@id":"https:\/\/dpress.ma\/fr\/2026\/04\/11\/gitex-africa-morocco-les-priorites-numeriques-du-continent-au-coeur-des-debats\/"},"wordCount":945,"commentCount":0,"image":{"@id":"https:\/\/dpress.ma\/fr\/2026\/04\/11\/gitex-africa-morocco-les-priorites-numeriques-du-continent-au-coeur-des-debats\/#primaryimage"},"thumbnailUrl":"https:\/\/dpress.ma\/fr\/wp-content\/uploads\/sites\/2\/2026\/04\/43-7.jpg","articleSection":["\u00c9conomie"],"inLanguage":"fr-FR","potentialAction":[{"@type":"CommentAction","name":"Comment","target":["https:\/\/dpress.ma\/fr\/2026\/04\/11\/gitex-africa-morocco-les-priorites-numeriques-du-continent-au-coeur-des-debats\/#respond"]}]},{"@type":"WebPage","@id":"https:\/\/dpress.ma\/fr\/2026\/04\/11\/gitex-africa-morocco-les-priorites-numeriques-du-continent-au-coeur-des-debats\/","url":"https:\/\/dpress.ma\/fr\/2026\/04\/11\/gitex-africa-morocco-les-priorites-numeriques-du-continent-au-coeur-des-debats\/","name":"GITEX Africa Morocco : Les priorit\u00e9s num\u00e9riques du continent au c\u0153ur des d\u00e9bats - Dpress.ma\/fr","isPartOf":{"@id":"https:\/\/dpress.ma\/fr\/#website"},"primaryImageOfPage":{"@id":"https:\/\/dpress.ma\/fr\/2026\/04\/11\/gitex-africa-morocco-les-priorites-numeriques-du-continent-au-coeur-des-debats\/#primaryimage"},"image":{"@id":"https:\/\/dpress.ma\/fr\/2026\/04\/11\/gitex-africa-morocco-les-priorites-numeriques-du-continent-au-coeur-des-debats\/#primaryimage"},"thumbnailUrl":"https:\/\/dpress.ma\/fr\/wp-content\/uploads\/sites\/2\/2026\/04\/43-7.jpg","datePublished":"2026-04-11T09:28:14+00:00","dateModified":"2026-04-11T09:28:48+00:00","author":{"@id":"https:\/\/dpress.ma\/fr\/#\/schema\/person\/4898febf3ccd59e6578d838656a306a0"},"breadcrumb":{"@id":"https:\/\/dpress.ma\/fr\/2026\/04\/11\/gitex-africa-morocco-les-priorites-numeriques-du-continent-au-coeur-des-debats\/#breadcrumb"},"inLanguage":"fr-FR","potentialAction":[{"@type":"ReadAction","target":["https:\/\/dpress.ma\/fr\/2026\/04\/11\/gitex-africa-morocco-les-priorites-numeriques-du-continent-au-coeur-des-debats\/"]}]},{"@type":"ImageObject","inLanguage":"fr-FR","@id":"https:\/\/dpress.ma\/fr\/2026\/04\/11\/gitex-africa-morocco-les-priorites-numeriques-du-continent-au-coeur-des-debats\/#primaryimage","url":"https:\/\/dpress.ma\/fr\/wp-content\/uploads\/sites\/2\/2026\/04\/43-7.jpg","contentUrl":"https:\/\/dpress.ma\/fr\/wp-content\/uploads\/sites\/2\/2026\/04\/43-7.jpg","width":2539,"height":1594},{"@type":"BreadcrumbList","@id":"https:\/\/dpress.ma\/fr\/2026\/04\/11\/gitex-africa-morocco-les-priorites-numeriques-du-continent-au-coeur-des-debats\/#breadcrumb","itemListElement":[{"@type":"ListItem","position":1,"name":"Home","item":"https:\/\/dpress.ma\/fr\/"},{"@type":"ListItem","position":2,"name":"GITEX Africa Morocco : Les priorit\u00e9s num\u00e9riques du continent au c\u0153ur des d\u00e9bats"}]},{"@type":"WebSite","@id":"https:\/\/dpress.ma\/fr\/#website","url":"https:\/\/dpress.ma\/fr\/","name":"Dpress.ma\/fr","description":"","potentialAction":[{"@type":"SearchAction","target":{"@type":"EntryPoint","urlTemplate":"https:\/\/dpress.ma\/fr\/?s={search_term_string}"},"query-input":{"@type":"PropertyValueSpecification","valueRequired":true,"valueName":"search_term_string"}}],"inLanguage":"fr-FR"},{"@type":"Person","@id":"https:\/\/dpress.ma\/fr\/#\/schema\/person\/4898febf3ccd59e6578d838656a306a0","name":"Dpress.ma","image":{"@type":"ImageObject","inLanguage":"fr-FR","@id":"https:\/\/secure.gravatar.com\/avatar\/72ecc30e9db047a2e0e7176561eb9d564ed77c8108376495b19bd8336405198a?s=96&d=mm&r=g","url":"https:\/\/secure.gravatar.com\/avatar\/72ecc30e9db047a2e0e7176561eb9d564ed77c8108376495b19bd8336405198a?s=96&d=mm&r=g","contentUrl":"https:\/\/secure.gravatar.com\/avatar\/72ecc30e9db047a2e0e7176561eb9d564ed77c8108376495b19bd8336405198a?s=96&d=mm&r=g","caption":"Dpress.ma"},"sameAs":["https:\/\/www.dpress.ma"],"url":"https:\/\/dpress.ma\/fr\/author\/dpress-ma\/"}]}},"amp_enabled":true,"_links":{"self":[{"href":"https:\/\/dpress.ma\/fr\/wp-json\/wp\/v2\/posts\/28248","targetHints":{"allow":["GET"]}}],"collection":[{"href":"https:\/\/dpress.ma\/fr\/wp-json\/wp\/v2\/posts"}],"about":[{"href":"https:\/\/dpress.ma\/fr\/wp-json\/wp\/v2\/types\/post"}],"author":[{"embeddable":true,"href":"https:\/\/dpress.ma\/fr\/wp-json\/wp\/v2\/users\/2"}],"replies":[{"embeddable":true,"href":"https:\/\/dpress.ma\/fr\/wp-json\/wp\/v2\/comments?post=28248"}],"version-history":[{"count":2,"href":"https:\/\/dpress.ma\/fr\/wp-json\/wp\/v2\/posts\/28248\/revisions"}],"predecessor-version":[{"id":28251,"href":"https:\/\/dpress.ma\/fr\/wp-json\/wp\/v2\/posts\/28248\/revisions\/28251"}],"wp:featuredmedia":[{"embeddable":true,"href":"https:\/\/dpress.ma\/fr\/wp-json\/wp\/v2\/media\/28249"}],"wp:attachment":[{"href":"https:\/\/dpress.ma\/fr\/wp-json\/wp\/v2\/media?parent=28248"}],"wp:term":[{"taxonomy":"category","embeddable":true,"href":"https:\/\/dpress.ma\/fr\/wp-json\/wp\/v2\/categories?post=28248"},{"taxonomy":"post_tag","embeddable":true,"href":"https:\/\/dpress.ma\/fr\/wp-json\/wp\/v2\/tags?post=28248"}],"curies":[{"name":"wp","href":"https:\/\/api.w.org\/{rel}","templated":true}]}}