{"id":28229,"date":"2026-04-11T09:18:15","date_gmt":"2026-04-11T09:18:15","guid":{"rendered":"https:\/\/dpress.ma\/fr\/?p=28229"},"modified":"2026-04-11T09:18:16","modified_gmt":"2026-04-11T09:18:16","slug":"le-chef-du-gouvernement-preside-une-reunion-pour-le-suivi-de-la-mise-en-oeuvre-de-la-feuille-de-route-du-secteur-de-lemploi","status":"publish","type":"post","link":"https:\/\/dpress.ma\/fr\/2026\/04\/11\/le-chef-du-gouvernement-preside-une-reunion-pour-le-suivi-de-la-mise-en-oeuvre-de-la-feuille-de-route-du-secteur-de-lemploi\/","title":{"rendered":"Le Chef du gouvernement pr\u00e9side une r\u00e9union pour le suivi de la mise en \u0153uvre de la feuille de route du secteur de l\u2019emploi"},"content":{"rendered":"\n<p>Dpress<\/p>\n\n\n\n<p>Le Chef du gouvernement, Aziz Akhannouch, a pr\u00e9sid\u00e9, vendredi \u00e0 Rabat, une r\u00e9union consacr\u00e9e au suivi de la mise en \u0153uvre de la Feuille de route du secteur de l\u2019emploi, qui a \u00e9t\u00e9 l\u2019occasion de faire le point sur les avanc\u00e9es r\u00e9alis\u00e9es au niveau sectoriel en mati\u00e8re de cr\u00e9ation des opportunit\u00e9s dans le march\u00e9 du travail.<\/p>\n\n\n\n<p>Cette r\u00e9union a \u00e9t\u00e9 l\u2019occasion de constater la nette am\u00e9lioration enregistr\u00e9e au niveau du march\u00e9 du travail dans le Royaume, avec des indicateurs positifs, l\u2019\u00e9conomie nationale ayant ainsi connu la cr\u00e9ation de 850.000 postes d\u2019emploi dans les secteurs non agricoles, avec une moyenne annuelle de 170.000 postes d\u2019emploi cr\u00e9es, sur la p\u00e9riode 2021-2025, indique un communiqu\u00e9 du D\u00e9partement du Chef de gouvernement.<\/p>\n\n\n\n<p>En cas de poursuite de la dynamique enregistr\u00e9e au cours de l\u2019ann\u00e9e 2025, marqu\u00e9e par la cr\u00e9ation de 233.000 postes d\u2019emploi, Il est attendu la cr\u00e9ation de plus de 1 million de postes d\u2019emploi \u00e0 la fin de l\u2019ann\u00e9e 2026, sans prendre en consid\u00e9ration les postes perdus par le secteur agricole du fait de la s\u00e9cheresse.<\/p>\n\n\n\n<p>Au cours de cette r\u00e9union, les secteurs concern\u00e9s ont pr\u00e9sent\u00e9 les avanc\u00e9es r\u00e9alis\u00e9es en mati\u00e8re de mise en \u0153uvre des diff\u00e9rents programmes en relation avec la feuille de route du secteur de l\u2019emploi, notamment les secteurs de l\u2019agriculture et du tourisme. Les activit\u00e9s agricoles ont connu au cours de l\u2019actuelle campagne, une dynamique marqu\u00e9e par la cr\u00e9ation de 365 millions de journ\u00e9es de travail, en hausse de 7% par rapport \u00e0 la campagne pr\u00e9c\u00e9dente. Pour sa part, le secteur du tourisme a enregistr\u00e9 des r\u00e9sultats en d\u00e9passement des pr\u00e9visions pour l\u2019ann\u00e9e 2026, avec la cr\u00e9ation de 92.000 postes d\u2019emploi, au lieu de 80.000 postes.<\/p>\n\n\n\n<p>Concernant le r\u00e9gime de soutien d\u00e9di\u00e9 aux TPME, 170 demandes de projets ont \u00e9t\u00e9 d\u00e9pos\u00e9es, essentiellement dans les secteurs de l\u2019industrie, de l\u2019accueil et de la restauration. Un total de 21 projets ont \u00e9t\u00e9 approuv\u00e9s, repr\u00e9sentant des investissements de 312 millions de dirhams, auxquels ont \u00e9t\u00e9 accord\u00e9s 49 millions de dirhams dans le cadre du soutien aux projets.<\/p>\n\n\n\n<p>La r\u00e9union a \u00e9galement permis d\u2019examiner les mesures visant \u00e0 assurer des conditions favorables \u00e0 la contribution des TPME dans les secteurs de l\u2019\u00e9quipement et de l\u2019habitat, \u00e0 la dynamisation de l\u2019emploi au niveau territorial et la facilitation de l\u2019acc\u00e8s de ces entreprises aux march\u00e9s publics.<\/p>\n\n\n\n<p>La r\u00e9union a, par ailleurs, permis d\u2019aborder l\u2019ouverture des programmes de promotion de l\u2019emploi \u00e0 de nouveaux secteurs au profit des jeunes non dipl\u00f4m\u00e9s, \u00e0 travers les programmes \u201cIdmaj\u201d et \u201cTahfiz\u201d, en plus du lancement du programme \u201cTadarouj\u201d, qui vise la g\u00e9n\u00e9ralisation de la formation par apprentissage dans les diff\u00e9rents secteurs productifs et de services, de mani\u00e8re \u00e0 placer 100.000 stagiaires annuellement au c\u0153ur de la transformation \u00e9conomique et sociale que connait le Royaume.<\/p>\n\n\n\n<p>La r\u00e9union a \u00e9galement permis de mettre en lumi\u00e8re les mesures gouvernementales visant \u00e0 lutter contre la d\u00e9perdition scolaire et la r\u00e9duction du nombre des \u00e9l\u00e8ves en arr\u00eat de scolarit\u00e9, \u00e0 travers le renforcement des coll\u00e8ges de l\u2019excellence et l\u2019\u00e9largissement du concept des \u00e9coles de la deuxi\u00e8me chance.<\/p>\n\n\n\n<p>Dans le cadre du programme relatif aux cr\u00e8ches, la r\u00e9union a permis de relever la cr\u00e9ation de 40 cr\u00e8ches pilotes, auxquelles s\u2019ajouteront 20 cr\u00e8ches suppl\u00e9mentaires. Ce programme vise \u00e0 aplanir les entraves li\u00e9es \u00e0 l\u2019acc\u00e8s de la femme au march\u00e9 du travail, et permettre \u00e0 la femme active de concilier entre ses engagements professionnels et ses responsabilit\u00e9s familiales.<\/p>\n\n\n\n<p>Sur la base de ces indicateurs positifs, le Chef du gouvernement a relev\u00e9 que la mise en \u0153uvre des programmes adopt\u00e9s dans le cadre de la feuille de route du secteur de l\u2019emploi \u00e9volue sur la bonne voie, appelant les diff\u00e9rents secteurs \u00e0 mettre l\u2019accent sur la convergence et \u00e0 veiller \u00e0 acc\u00e9l\u00e9rer la cadence de mise en \u0153uvre des programmes, conform\u00e9ment aux objectifs arr\u00eat\u00e9s et aux \u00e9ch\u00e9anciers fix\u00e9s, particuli\u00e8rement les programmes d\u00e9di\u00e9s aux jeunes, aux femmes et aux TPME en milieu rural.<\/p>\n","protected":false},"excerpt":{"rendered":"<p>Dpress Le Chef du gouvernement, Aziz Akhannouch, a pr\u00e9sid\u00e9, vendredi \u00e0 Rabat, une r\u00e9union consacr\u00e9e au suivi de la mise en \u0153uvre de la Feuille de route du secteur de l\u2019emploi, qui a \u00e9t\u00e9 l\u2019occasion de faire le point sur les avanc\u00e9es r\u00e9alis\u00e9es au niveau sectoriel en mati\u00e8re de cr\u00e9ation des opportunit\u00e9s dans le march\u00e9 &hellip;<\/p>\n","protected":false},"author":2,"featured_media":28170,"comment_status":"open","ping_status":"open","sticky":false,"template":"","format":"standard","meta":{"footnotes":""},"categories":[26],"tags":[],"class_list":["post-28229","post","type-post","status-publish","format-standard","has-post-thumbnail","hentry","category-politiques"],"yoast_head":"<!-- This site is optimized with the Yoast SEO plugin v27.5 - https:\/\/yoast.com\/product\/yoast-seo-wordpress\/ -->\n<title>Le Chef du gouvernement pr\u00e9side une r\u00e9union pour le suivi de la mise en \u0153uvre de la feuille de route du secteur de l\u2019emploi - Dpress.ma\/fr<\/title>\n<meta name=\"robots\" content=\"index, follow, max-snippet:-1, max-image-preview:large, max-video-preview:-1\" \/>\n<link rel=\"canonical\" href=\"https:\/\/dpress.ma\/fr\/2026\/04\/11\/le-chef-du-gouvernement-preside-une-reunion-pour-le-suivi-de-la-mise-en-oeuvre-de-la-feuille-de-route-du-secteur-de-lemploi\/\" \/>\n<meta property=\"og:locale\" content=\"fr_FR\" \/>\n<meta property=\"og:type\" content=\"article\" \/>\n<meta property=\"og:title\" content=\"Le Chef du gouvernement pr\u00e9side une r\u00e9union pour le suivi de la mise en \u0153uvre de la feuille de route du secteur de l\u2019emploi - Dpress.ma\/fr\" \/>\n<meta property=\"og:description\" content=\"Dpress Le Chef du gouvernement, Aziz Akhannouch, a pr\u00e9sid\u00e9, vendredi \u00e0 Rabat, une r\u00e9union consacr\u00e9e au suivi de la mise en \u0153uvre de la Feuille de route du secteur de l\u2019emploi, qui a \u00e9t\u00e9 l\u2019occasion de faire le point sur les avanc\u00e9es r\u00e9alis\u00e9es au niveau sectoriel en mati\u00e8re de cr\u00e9ation des opportunit\u00e9s dans le march\u00e9 &hellip;\" \/>\n<meta property=\"og:url\" content=\"https:\/\/dpress.ma\/fr\/2026\/04\/11\/le-chef-du-gouvernement-preside-une-reunion-pour-le-suivi-de-la-mise-en-oeuvre-de-la-feuille-de-route-du-secteur-de-lemploi\/\" \/>\n<meta property=\"og:site_name\" content=\"Dpress.ma\/fr\" \/>\n<meta property=\"article:published_time\" content=\"2026-04-11T09:18:15+00:00\" \/>\n<meta property=\"article:modified_time\" content=\"2026-04-11T09:18:16+00:00\" \/>\n<meta property=\"og:image\" content=\"https:\/\/dpress.ma\/fr\/wp-content\/uploads\/sites\/2\/2026\/04\/40-7.jpg\" \/>\n\t<meta property=\"og:image:width\" content=\"2539\" \/>\n\t<meta property=\"og:image:height\" content=\"1594\" \/>\n\t<meta property=\"og:image:type\" content=\"image\/jpeg\" \/>\n<meta name=\"author\" content=\"Dpress.ma\" \/>\n<meta name=\"twitter:card\" content=\"summary_large_image\" \/>\n<meta name=\"twitter:label1\" content=\"\u00c9crit par\" \/>\n\t<meta name=\"twitter:data1\" content=\"Dpress.ma\" \/>\n\t<meta name=\"twitter:label2\" content=\"Dur\u00e9e de lecture estim\u00e9e\" \/>\n\t<meta name=\"twitter:data2\" content=\"4 minutes\" \/>\n<script type=\"application\/ld+json\" class=\"yoast-schema-graph\">{\"@context\":\"https:\\\/\\\/schema.org\",\"@graph\":[{\"@type\":\"Article\",\"@id\":\"https:\\\/\\\/dpress.ma\\\/fr\\\/2026\\\/04\\\/11\\\/le-chef-du-gouvernement-preside-une-reunion-pour-le-suivi-de-la-mise-en-oeuvre-de-la-feuille-de-route-du-secteur-de-lemploi\\\/#article\",\"isPartOf\":{\"@id\":\"https:\\\/\\\/dpress.ma\\\/fr\\\/2026\\\/04\\\/11\\\/le-chef-du-gouvernement-preside-une-reunion-pour-le-suivi-de-la-mise-en-oeuvre-de-la-feuille-de-route-du-secteur-de-lemploi\\\/\"},\"author\":{\"name\":\"Dpress.ma\",\"@id\":\"https:\\\/\\\/dpress.ma\\\/fr\\\/#\\\/schema\\\/person\\\/4898febf3ccd59e6578d838656a306a0\"},\"headline\":\"Le Chef du gouvernement pr\u00e9side une r\u00e9union pour le suivi de la mise en \u0153uvre de la feuille de route du secteur de l\u2019emploi\",\"datePublished\":\"2026-04-11T09:18:15+00:00\",\"dateModified\":\"2026-04-11T09:18:16+00:00\",\"mainEntityOfPage\":{\"@id\":\"https:\\\/\\\/dpress.ma\\\/fr\\\/2026\\\/04\\\/11\\\/le-chef-du-gouvernement-preside-une-reunion-pour-le-suivi-de-la-mise-en-oeuvre-de-la-feuille-de-route-du-secteur-de-lemploi\\\/\"},\"wordCount\":759,\"commentCount\":0,\"image\":{\"@id\":\"https:\\\/\\\/dpress.ma\\\/fr\\\/2026\\\/04\\\/11\\\/le-chef-du-gouvernement-preside-une-reunion-pour-le-suivi-de-la-mise-en-oeuvre-de-la-feuille-de-route-du-secteur-de-lemploi\\\/#primaryimage\"},\"thumbnailUrl\":\"https:\\\/\\\/dpress.ma\\\/fr\\\/wp-content\\\/uploads\\\/sites\\\/2\\\/2026\\\/04\\\/40-7.jpg\",\"articleSection\":[\"Politiques\"],\"inLanguage\":\"fr-FR\",\"potentialAction\":[{\"@type\":\"CommentAction\",\"name\":\"Comment\",\"target\":[\"https:\\\/\\\/dpress.ma\\\/fr\\\/2026\\\/04\\\/11\\\/le-chef-du-gouvernement-preside-une-reunion-pour-le-suivi-de-la-mise-en-oeuvre-de-la-feuille-de-route-du-secteur-de-lemploi\\\/#respond\"]}]},{\"@type\":\"WebPage\",\"@id\":\"https:\\\/\\\/dpress.ma\\\/fr\\\/2026\\\/04\\\/11\\\/le-chef-du-gouvernement-preside-une-reunion-pour-le-suivi-de-la-mise-en-oeuvre-de-la-feuille-de-route-du-secteur-de-lemploi\\\/\",\"url\":\"https:\\\/\\\/dpress.ma\\\/fr\\\/2026\\\/04\\\/11\\\/le-chef-du-gouvernement-preside-une-reunion-pour-le-suivi-de-la-mise-en-oeuvre-de-la-feuille-de-route-du-secteur-de-lemploi\\\/\",\"name\":\"Le Chef du gouvernement pr\u00e9side une r\u00e9union pour le suivi de la mise en \u0153uvre de la feuille de route du secteur de l\u2019emploi - Dpress.ma\\\/fr\",\"isPartOf\":{\"@id\":\"https:\\\/\\\/dpress.ma\\\/fr\\\/#website\"},\"primaryImageOfPage\":{\"@id\":\"https:\\\/\\\/dpress.ma\\\/fr\\\/2026\\\/04\\\/11\\\/le-chef-du-gouvernement-preside-une-reunion-pour-le-suivi-de-la-mise-en-oeuvre-de-la-feuille-de-route-du-secteur-de-lemploi\\\/#primaryimage\"},\"image\":{\"@id\":\"https:\\\/\\\/dpress.ma\\\/fr\\\/2026\\\/04\\\/11\\\/le-chef-du-gouvernement-preside-une-reunion-pour-le-suivi-de-la-mise-en-oeuvre-de-la-feuille-de-route-du-secteur-de-lemploi\\\/#primaryimage\"},\"thumbnailUrl\":\"https:\\\/\\\/dpress.ma\\\/fr\\\/wp-content\\\/uploads\\\/sites\\\/2\\\/2026\\\/04\\\/40-7.jpg\",\"datePublished\":\"2026-04-11T09:18:15+00:00\",\"dateModified\":\"2026-04-11T09:18:16+00:00\",\"author\":{\"@id\":\"https:\\\/\\\/dpress.ma\\\/fr\\\/#\\\/schema\\\/person\\\/4898febf3ccd59e6578d838656a306a0\"},\"breadcrumb\":{\"@id\":\"https:\\\/\\\/dpress.ma\\\/fr\\\/2026\\\/04\\\/11\\\/le-chef-du-gouvernement-preside-une-reunion-pour-le-suivi-de-la-mise-en-oeuvre-de-la-feuille-de-route-du-secteur-de-lemploi\\\/#breadcrumb\"},\"inLanguage\":\"fr-FR\",\"potentialAction\":[{\"@type\":\"ReadAction\",\"target\":[\"https:\\\/\\\/dpress.ma\\\/fr\\\/2026\\\/04\\\/11\\\/le-chef-du-gouvernement-preside-une-reunion-pour-le-suivi-de-la-mise-en-oeuvre-de-la-feuille-de-route-du-secteur-de-lemploi\\\/\"]}]},{\"@type\":\"ImageObject\",\"inLanguage\":\"fr-FR\",\"@id\":\"https:\\\/\\\/dpress.ma\\\/fr\\\/2026\\\/04\\\/11\\\/le-chef-du-gouvernement-preside-une-reunion-pour-le-suivi-de-la-mise-en-oeuvre-de-la-feuille-de-route-du-secteur-de-lemploi\\\/#primaryimage\",\"url\":\"https:\\\/\\\/dpress.ma\\\/fr\\\/wp-content\\\/uploads\\\/sites\\\/2\\\/2026\\\/04\\\/40-7.jpg\",\"contentUrl\":\"https:\\\/\\\/dpress.ma\\\/fr\\\/wp-content\\\/uploads\\\/sites\\\/2\\\/2026\\\/04\\\/40-7.jpg\",\"width\":2539,\"height\":1594},{\"@type\":\"BreadcrumbList\",\"@id\":\"https:\\\/\\\/dpress.ma\\\/fr\\\/2026\\\/04\\\/11\\\/le-chef-du-gouvernement-preside-une-reunion-pour-le-suivi-de-la-mise-en-oeuvre-de-la-feuille-de-route-du-secteur-de-lemploi\\\/#breadcrumb\",\"itemListElement\":[{\"@type\":\"ListItem\",\"position\":1,\"name\":\"Home\",\"item\":\"https:\\\/\\\/dpress.ma\\\/fr\\\/\"},{\"@type\":\"ListItem\",\"position\":2,\"name\":\"Le Chef du gouvernement pr\u00e9side une r\u00e9union pour le suivi de la mise en \u0153uvre de la feuille de route du secteur de l\u2019emploi\"}]},{\"@type\":\"WebSite\",\"@id\":\"https:\\\/\\\/dpress.ma\\\/fr\\\/#website\",\"url\":\"https:\\\/\\\/dpress.ma\\\/fr\\\/\",\"name\":\"Dpress.ma\\\/fr\",\"description\":\"\",\"potentialAction\":[{\"@type\":\"SearchAction\",\"target\":{\"@type\":\"EntryPoint\",\"urlTemplate\":\"https:\\\/\\\/dpress.ma\\\/fr\\\/?s={search_term_string}\"},\"query-input\":{\"@type\":\"PropertyValueSpecification\",\"valueRequired\":true,\"valueName\":\"search_term_string\"}}],\"inLanguage\":\"fr-FR\"},{\"@type\":\"Person\",\"@id\":\"https:\\\/\\\/dpress.ma\\\/fr\\\/#\\\/schema\\\/person\\\/4898febf3ccd59e6578d838656a306a0\",\"name\":\"Dpress.ma\",\"image\":{\"@type\":\"ImageObject\",\"inLanguage\":\"fr-FR\",\"@id\":\"https:\\\/\\\/secure.gravatar.com\\\/avatar\\\/72ecc30e9db047a2e0e7176561eb9d564ed77c8108376495b19bd8336405198a?s=96&d=mm&r=g\",\"url\":\"https:\\\/\\\/secure.gravatar.com\\\/avatar\\\/72ecc30e9db047a2e0e7176561eb9d564ed77c8108376495b19bd8336405198a?s=96&d=mm&r=g\",\"contentUrl\":\"https:\\\/\\\/secure.gravatar.com\\\/avatar\\\/72ecc30e9db047a2e0e7176561eb9d564ed77c8108376495b19bd8336405198a?s=96&d=mm&r=g\",\"caption\":\"Dpress.ma\"},\"sameAs\":[\"https:\\\/\\\/www.dpress.ma\"],\"url\":\"https:\\\/\\\/dpress.ma\\\/fr\\\/author\\\/dpress-ma\\\/\"}]}<\/script>\n<!-- \/ Yoast SEO plugin. -->","yoast_head_json":{"title":"Le Chef du gouvernement pr\u00e9side une r\u00e9union pour le suivi de la mise en \u0153uvre de la feuille de route du secteur de l\u2019emploi - Dpress.ma\/fr","robots":{"index":"index","follow":"follow","max-snippet":"max-snippet:-1","max-image-preview":"max-image-preview:large","max-video-preview":"max-video-preview:-1"},"canonical":"https:\/\/dpress.ma\/fr\/2026\/04\/11\/le-chef-du-gouvernement-preside-une-reunion-pour-le-suivi-de-la-mise-en-oeuvre-de-la-feuille-de-route-du-secteur-de-lemploi\/","og_locale":"fr_FR","og_type":"article","og_title":"Le Chef du gouvernement pr\u00e9side une r\u00e9union pour le suivi de la mise en \u0153uvre de la feuille de route du secteur de l\u2019emploi - Dpress.ma\/fr","og_description":"Dpress Le Chef du gouvernement, Aziz Akhannouch, a pr\u00e9sid\u00e9, vendredi \u00e0 Rabat, une r\u00e9union consacr\u00e9e au suivi de la mise en \u0153uvre de la Feuille de route du secteur de l\u2019emploi, qui a \u00e9t\u00e9 l\u2019occasion de faire le point sur les avanc\u00e9es r\u00e9alis\u00e9es au niveau sectoriel en mati\u00e8re de cr\u00e9ation des opportunit\u00e9s dans le march\u00e9 &hellip;","og_url":"https:\/\/dpress.ma\/fr\/2026\/04\/11\/le-chef-du-gouvernement-preside-une-reunion-pour-le-suivi-de-la-mise-en-oeuvre-de-la-feuille-de-route-du-secteur-de-lemploi\/","og_site_name":"Dpress.ma\/fr","article_published_time":"2026-04-11T09:18:15+00:00","article_modified_time":"2026-04-11T09:18:16+00:00","og_image":[{"width":2539,"height":1594,"url":"https:\/\/dpress.ma\/fr\/wp-content\/uploads\/sites\/2\/2026\/04\/40-7.jpg","type":"image\/jpeg"}],"author":"Dpress.ma","twitter_card":"summary_large_image","twitter_misc":{"\u00c9crit par":"Dpress.ma","Dur\u00e9e de lecture estim\u00e9e":"4 minutes"},"schema":{"@context":"https:\/\/schema.org","@graph":[{"@type":"Article","@id":"https:\/\/dpress.ma\/fr\/2026\/04\/11\/le-chef-du-gouvernement-preside-une-reunion-pour-le-suivi-de-la-mise-en-oeuvre-de-la-feuille-de-route-du-secteur-de-lemploi\/#article","isPartOf":{"@id":"https:\/\/dpress.ma\/fr\/2026\/04\/11\/le-chef-du-gouvernement-preside-une-reunion-pour-le-suivi-de-la-mise-en-oeuvre-de-la-feuille-de-route-du-secteur-de-lemploi\/"},"author":{"name":"Dpress.ma","@id":"https:\/\/dpress.ma\/fr\/#\/schema\/person\/4898febf3ccd59e6578d838656a306a0"},"headline":"Le Chef du gouvernement pr\u00e9side une r\u00e9union pour le suivi de la mise en \u0153uvre de la feuille de route du secteur de l\u2019emploi","datePublished":"2026-04-11T09:18:15+00:00","dateModified":"2026-04-11T09:18:16+00:00","mainEntityOfPage":{"@id":"https:\/\/dpress.ma\/fr\/2026\/04\/11\/le-chef-du-gouvernement-preside-une-reunion-pour-le-suivi-de-la-mise-en-oeuvre-de-la-feuille-de-route-du-secteur-de-lemploi\/"},"wordCount":759,"commentCount":0,"image":{"@id":"https:\/\/dpress.ma\/fr\/2026\/04\/11\/le-chef-du-gouvernement-preside-une-reunion-pour-le-suivi-de-la-mise-en-oeuvre-de-la-feuille-de-route-du-secteur-de-lemploi\/#primaryimage"},"thumbnailUrl":"https:\/\/dpress.ma\/fr\/wp-content\/uploads\/sites\/2\/2026\/04\/40-7.jpg","articleSection":["Politiques"],"inLanguage":"fr-FR","potentialAction":[{"@type":"CommentAction","name":"Comment","target":["https:\/\/dpress.ma\/fr\/2026\/04\/11\/le-chef-du-gouvernement-preside-une-reunion-pour-le-suivi-de-la-mise-en-oeuvre-de-la-feuille-de-route-du-secteur-de-lemploi\/#respond"]}]},{"@type":"WebPage","@id":"https:\/\/dpress.ma\/fr\/2026\/04\/11\/le-chef-du-gouvernement-preside-une-reunion-pour-le-suivi-de-la-mise-en-oeuvre-de-la-feuille-de-route-du-secteur-de-lemploi\/","url":"https:\/\/dpress.ma\/fr\/2026\/04\/11\/le-chef-du-gouvernement-preside-une-reunion-pour-le-suivi-de-la-mise-en-oeuvre-de-la-feuille-de-route-du-secteur-de-lemploi\/","name":"Le Chef du gouvernement pr\u00e9side une r\u00e9union pour le suivi de la mise en \u0153uvre de la feuille de route du secteur de l\u2019emploi - Dpress.ma\/fr","isPartOf":{"@id":"https:\/\/dpress.ma\/fr\/#website"},"primaryImageOfPage":{"@id":"https:\/\/dpress.ma\/fr\/2026\/04\/11\/le-chef-du-gouvernement-preside-une-reunion-pour-le-suivi-de-la-mise-en-oeuvre-de-la-feuille-de-route-du-secteur-de-lemploi\/#primaryimage"},"image":{"@id":"https:\/\/dpress.ma\/fr\/2026\/04\/11\/le-chef-du-gouvernement-preside-une-reunion-pour-le-suivi-de-la-mise-en-oeuvre-de-la-feuille-de-route-du-secteur-de-lemploi\/#primaryimage"},"thumbnailUrl":"https:\/\/dpress.ma\/fr\/wp-content\/uploads\/sites\/2\/2026\/04\/40-7.jpg","datePublished":"2026-04-11T09:18:15+00:00","dateModified":"2026-04-11T09:18:16+00:00","author":{"@id":"https:\/\/dpress.ma\/fr\/#\/schema\/person\/4898febf3ccd59e6578d838656a306a0"},"breadcrumb":{"@id":"https:\/\/dpress.ma\/fr\/2026\/04\/11\/le-chef-du-gouvernement-preside-une-reunion-pour-le-suivi-de-la-mise-en-oeuvre-de-la-feuille-de-route-du-secteur-de-lemploi\/#breadcrumb"},"inLanguage":"fr-FR","potentialAction":[{"@type":"ReadAction","target":["https:\/\/dpress.ma\/fr\/2026\/04\/11\/le-chef-du-gouvernement-preside-une-reunion-pour-le-suivi-de-la-mise-en-oeuvre-de-la-feuille-de-route-du-secteur-de-lemploi\/"]}]},{"@type":"ImageObject","inLanguage":"fr-FR","@id":"https:\/\/dpress.ma\/fr\/2026\/04\/11\/le-chef-du-gouvernement-preside-une-reunion-pour-le-suivi-de-la-mise-en-oeuvre-de-la-feuille-de-route-du-secteur-de-lemploi\/#primaryimage","url":"https:\/\/dpress.ma\/fr\/wp-content\/uploads\/sites\/2\/2026\/04\/40-7.jpg","contentUrl":"https:\/\/dpress.ma\/fr\/wp-content\/uploads\/sites\/2\/2026\/04\/40-7.jpg","width":2539,"height":1594},{"@type":"BreadcrumbList","@id":"https:\/\/dpress.ma\/fr\/2026\/04\/11\/le-chef-du-gouvernement-preside-une-reunion-pour-le-suivi-de-la-mise-en-oeuvre-de-la-feuille-de-route-du-secteur-de-lemploi\/#breadcrumb","itemListElement":[{"@type":"ListItem","position":1,"name":"Home","item":"https:\/\/dpress.ma\/fr\/"},{"@type":"ListItem","position":2,"name":"Le Chef du gouvernement pr\u00e9side une r\u00e9union pour le suivi de la mise en \u0153uvre de la feuille de route du secteur de l\u2019emploi"}]},{"@type":"WebSite","@id":"https:\/\/dpress.ma\/fr\/#website","url":"https:\/\/dpress.ma\/fr\/","name":"Dpress.ma\/fr","description":"","potentialAction":[{"@type":"SearchAction","target":{"@type":"EntryPoint","urlTemplate":"https:\/\/dpress.ma\/fr\/?s={search_term_string}"},"query-input":{"@type":"PropertyValueSpecification","valueRequired":true,"valueName":"search_term_string"}}],"inLanguage":"fr-FR"},{"@type":"Person","@id":"https:\/\/dpress.ma\/fr\/#\/schema\/person\/4898febf3ccd59e6578d838656a306a0","name":"Dpress.ma","image":{"@type":"ImageObject","inLanguage":"fr-FR","@id":"https:\/\/secure.gravatar.com\/avatar\/72ecc30e9db047a2e0e7176561eb9d564ed77c8108376495b19bd8336405198a?s=96&d=mm&r=g","url":"https:\/\/secure.gravatar.com\/avatar\/72ecc30e9db047a2e0e7176561eb9d564ed77c8108376495b19bd8336405198a?s=96&d=mm&r=g","contentUrl":"https:\/\/secure.gravatar.com\/avatar\/72ecc30e9db047a2e0e7176561eb9d564ed77c8108376495b19bd8336405198a?s=96&d=mm&r=g","caption":"Dpress.ma"},"sameAs":["https:\/\/www.dpress.ma"],"url":"https:\/\/dpress.ma\/fr\/author\/dpress-ma\/"}]}},"amp_enabled":true,"_links":{"self":[{"href":"https:\/\/dpress.ma\/fr\/wp-json\/wp\/v2\/posts\/28229","targetHints":{"allow":["GET"]}}],"collection":[{"href":"https:\/\/dpress.ma\/fr\/wp-json\/wp\/v2\/posts"}],"about":[{"href":"https:\/\/dpress.ma\/fr\/wp-json\/wp\/v2\/types\/post"}],"author":[{"embeddable":true,"href":"https:\/\/dpress.ma\/fr\/wp-json\/wp\/v2\/users\/2"}],"replies":[{"embeddable":true,"href":"https:\/\/dpress.ma\/fr\/wp-json\/wp\/v2\/comments?post=28229"}],"version-history":[{"count":1,"href":"https:\/\/dpress.ma\/fr\/wp-json\/wp\/v2\/posts\/28229\/revisions"}],"predecessor-version":[{"id":28230,"href":"https:\/\/dpress.ma\/fr\/wp-json\/wp\/v2\/posts\/28229\/revisions\/28230"}],"wp:featuredmedia":[{"embeddable":true,"href":"https:\/\/dpress.ma\/fr\/wp-json\/wp\/v2\/media\/28170"}],"wp:attachment":[{"href":"https:\/\/dpress.ma\/fr\/wp-json\/wp\/v2\/media?parent=28229"}],"wp:term":[{"taxonomy":"category","embeddable":true,"href":"https:\/\/dpress.ma\/fr\/wp-json\/wp\/v2\/categories?post=28229"},{"taxonomy":"post_tag","embeddable":true,"href":"https:\/\/dpress.ma\/fr\/wp-json\/wp\/v2\/tags?post=28229"}],"curies":[{"name":"wp","href":"https:\/\/api.w.org\/{rel}","templated":true}]}}