{"id":28226,"date":"2026-04-11T09:17:25","date_gmt":"2026-04-11T09:17:25","guid":{"rendered":"https:\/\/dpress.ma\/fr\/?p=28226"},"modified":"2026-04-11T09:17:27","modified_gmt":"2026-04-11T09:17:27","slug":"m-bourita-recoit-un-emissaire-du-president-de-la-republique-democratique-du-congo-porteur-dun-message-a-sm-le-roi","status":"publish","type":"post","link":"https:\/\/dpress.ma\/fr\/2026\/04\/11\/m-bourita-recoit-un-emissaire-du-president-de-la-republique-democratique-du-congo-porteur-dun-message-a-sm-le-roi\/","title":{"rendered":"M. Bourita re\u00e7oit un \u00e9missaire du Pr\u00e9sident de la R\u00e9publique d\u00e9mocratique du Congo, porteur d\u2019un message \u00e0 SM le Roi"},"content":{"rendered":"\n<p>Dpress<\/p>\n\n\n\n<p>Le ministre des Affaires \u00e9trang\u00e8res, de la Coop\u00e9ration africaine et des Marocains r\u00e9sidant \u00e0 l\u2019\u00e9tranger, Nasser Bourita a re\u00e7u, vendredi \u00e0 Rabat, le pr\u00e9sident du S\u00e9nat de la R\u00e9publique d\u00e9mocratique du Congo, Jean-Michel Sama Lukonde Kyenge, \u00e9missaire du pr\u00e9sident de la R\u00e9publique, F\u00e9lix-Antoine Tshisekedi, porteur d\u2019un message \u00e0 Sa Majest\u00e9 le Roi Mohammed VI.<\/p>\n\n\n\n<p>Dans une d\u00e9claration \u00e0 la presse \u00e0 l\u2019issue de cette rencontre, M. Lukonde Kyenge a mis en avant les relations historiques unissant le Royaume du Maroc \u00e0 la R\u00e9publique d\u00e9mocratique du Congo, saluant le soutien constant du Maroc \u00e0 la RDC.<\/p>\n\n\n\n<p>Il a saisi cette occasion pour souligner le r\u00f4le agissant du Royaume en tant qu\u2019acteur principal en Afrique, notant que cette rencontre a \u00e9t\u00e9 l\u2019occasion d\u2019aborder plusieurs questions d\u2019int\u00e9r\u00eat commun.<\/p>\n","protected":false},"excerpt":{"rendered":"<p>Dpress Le ministre des Affaires \u00e9trang\u00e8res, de la Coop\u00e9ration africaine et des Marocains r\u00e9sidant \u00e0 l\u2019\u00e9tranger, Nasser Bourita a re\u00e7u, vendredi \u00e0 Rabat, le pr\u00e9sident du S\u00e9nat de la R\u00e9publique d\u00e9mocratique du Congo, Jean-Michel Sama Lukonde Kyenge, \u00e9missaire du pr\u00e9sident de la R\u00e9publique, F\u00e9lix-Antoine Tshisekedi, porteur d\u2019un message \u00e0 Sa Majest\u00e9 le Roi Mohammed VI. &hellip;<\/p>\n","protected":false},"author":2,"featured_media":28227,"comment_status":"open","ping_status":"open","sticky":false,"template":"","format":"standard","meta":{"footnotes":""},"categories":[26],"tags":[],"class_list":["post-28226","post","type-post","status-publish","format-standard","has-post-thumbnail","hentry","category-politiques"],"yoast_head":"<!-- This site is optimized with the Yoast SEO plugin v27.5 - https:\/\/yoast.com\/product\/yoast-seo-wordpress\/ -->\n<title>M. Bourita re\u00e7oit un \u00e9missaire du Pr\u00e9sident de la R\u00e9publique d\u00e9mocratique du Congo, porteur d\u2019un message \u00e0 SM le Roi - Dpress.ma\/fr<\/title>\n<meta name=\"robots\" content=\"index, follow, max-snippet:-1, max-image-preview:large, max-video-preview:-1\" \/>\n<link rel=\"canonical\" href=\"https:\/\/dpress.ma\/fr\/2026\/04\/11\/m-bourita-recoit-un-emissaire-du-president-de-la-republique-democratique-du-congo-porteur-dun-message-a-sm-le-roi\/\" \/>\n<meta property=\"og:locale\" content=\"fr_FR\" \/>\n<meta property=\"og:type\" content=\"article\" \/>\n<meta property=\"og:title\" content=\"M. Bourita re\u00e7oit un \u00e9missaire du Pr\u00e9sident de la R\u00e9publique d\u00e9mocratique du Congo, porteur d\u2019un message \u00e0 SM le Roi - Dpress.ma\/fr\" \/>\n<meta property=\"og:description\" content=\"Dpress Le ministre des Affaires \u00e9trang\u00e8res, de la Coop\u00e9ration africaine et des Marocains r\u00e9sidant \u00e0 l\u2019\u00e9tranger, Nasser Bourita a re\u00e7u, vendredi \u00e0 Rabat, le pr\u00e9sident du S\u00e9nat de la R\u00e9publique d\u00e9mocratique du Congo, Jean-Michel Sama Lukonde Kyenge, \u00e9missaire du pr\u00e9sident de la R\u00e9publique, F\u00e9lix-Antoine Tshisekedi, porteur d\u2019un message \u00e0 Sa Majest\u00e9 le Roi Mohammed VI. &hellip;\" \/>\n<meta property=\"og:url\" content=\"https:\/\/dpress.ma\/fr\/2026\/04\/11\/m-bourita-recoit-un-emissaire-du-president-de-la-republique-democratique-du-congo-porteur-dun-message-a-sm-le-roi\/\" \/>\n<meta property=\"og:site_name\" content=\"Dpress.ma\/fr\" \/>\n<meta property=\"article:published_time\" content=\"2026-04-11T09:17:25+00:00\" \/>\n<meta property=\"article:modified_time\" content=\"2026-04-11T09:17:27+00:00\" \/>\n<meta property=\"og:image\" content=\"https:\/\/dpress.ma\/fr\/wp-content\/uploads\/sites\/2\/2026\/04\/372.jpg\" \/>\n\t<meta property=\"og:image:width\" content=\"2539\" \/>\n\t<meta property=\"og:image:height\" content=\"1594\" \/>\n\t<meta property=\"og:image:type\" content=\"image\/jpeg\" \/>\n<meta name=\"author\" content=\"Dpress.ma\" \/>\n<meta name=\"twitter:card\" content=\"summary_large_image\" \/>\n<meta name=\"twitter:label1\" content=\"\u00c9crit par\" \/>\n\t<meta name=\"twitter:data1\" content=\"Dpress.ma\" \/>\n\t<meta name=\"twitter:label2\" content=\"Dur\u00e9e de lecture estim\u00e9e\" \/>\n\t<meta name=\"twitter:data2\" content=\"1 minute\" \/>\n<script type=\"application\/ld+json\" class=\"yoast-schema-graph\">{\"@context\":\"https:\\\/\\\/schema.org\",\"@graph\":[{\"@type\":\"Article\",\"@id\":\"https:\\\/\\\/dpress.ma\\\/fr\\\/2026\\\/04\\\/11\\\/m-bourita-recoit-un-emissaire-du-president-de-la-republique-democratique-du-congo-porteur-dun-message-a-sm-le-roi\\\/#article\",\"isPartOf\":{\"@id\":\"https:\\\/\\\/dpress.ma\\\/fr\\\/2026\\\/04\\\/11\\\/m-bourita-recoit-un-emissaire-du-president-de-la-republique-democratique-du-congo-porteur-dun-message-a-sm-le-roi\\\/\"},\"author\":{\"name\":\"Dpress.ma\",\"@id\":\"https:\\\/\\\/dpress.ma\\\/fr\\\/#\\\/schema\\\/person\\\/4898febf3ccd59e6578d838656a306a0\"},\"headline\":\"M. Bourita re\u00e7oit un \u00e9missaire du Pr\u00e9sident de la R\u00e9publique d\u00e9mocratique du Congo, porteur d\u2019un message \u00e0 SM le Roi\",\"datePublished\":\"2026-04-11T09:17:25+00:00\",\"dateModified\":\"2026-04-11T09:17:27+00:00\",\"mainEntityOfPage\":{\"@id\":\"https:\\\/\\\/dpress.ma\\\/fr\\\/2026\\\/04\\\/11\\\/m-bourita-recoit-un-emissaire-du-president-de-la-republique-democratique-du-congo-porteur-dun-message-a-sm-le-roi\\\/\"},\"wordCount\":167,\"commentCount\":0,\"image\":{\"@id\":\"https:\\\/\\\/dpress.ma\\\/fr\\\/2026\\\/04\\\/11\\\/m-bourita-recoit-un-emissaire-du-president-de-la-republique-democratique-du-congo-porteur-dun-message-a-sm-le-roi\\\/#primaryimage\"},\"thumbnailUrl\":\"https:\\\/\\\/dpress.ma\\\/fr\\\/wp-content\\\/uploads\\\/sites\\\/2\\\/2026\\\/04\\\/372.jpg\",\"articleSection\":[\"Politiques\"],\"inLanguage\":\"fr-FR\",\"potentialAction\":[{\"@type\":\"CommentAction\",\"name\":\"Comment\",\"target\":[\"https:\\\/\\\/dpress.ma\\\/fr\\\/2026\\\/04\\\/11\\\/m-bourita-recoit-un-emissaire-du-president-de-la-republique-democratique-du-congo-porteur-dun-message-a-sm-le-roi\\\/#respond\"]}]},{\"@type\":\"WebPage\",\"@id\":\"https:\\\/\\\/dpress.ma\\\/fr\\\/2026\\\/04\\\/11\\\/m-bourita-recoit-un-emissaire-du-president-de-la-republique-democratique-du-congo-porteur-dun-message-a-sm-le-roi\\\/\",\"url\":\"https:\\\/\\\/dpress.ma\\\/fr\\\/2026\\\/04\\\/11\\\/m-bourita-recoit-un-emissaire-du-president-de-la-republique-democratique-du-congo-porteur-dun-message-a-sm-le-roi\\\/\",\"name\":\"M. Bourita re\u00e7oit un \u00e9missaire du Pr\u00e9sident de la R\u00e9publique d\u00e9mocratique du Congo, porteur d\u2019un message \u00e0 SM le Roi - Dpress.ma\\\/fr\",\"isPartOf\":{\"@id\":\"https:\\\/\\\/dpress.ma\\\/fr\\\/#website\"},\"primaryImageOfPage\":{\"@id\":\"https:\\\/\\\/dpress.ma\\\/fr\\\/2026\\\/04\\\/11\\\/m-bourita-recoit-un-emissaire-du-president-de-la-republique-democratique-du-congo-porteur-dun-message-a-sm-le-roi\\\/#primaryimage\"},\"image\":{\"@id\":\"https:\\\/\\\/dpress.ma\\\/fr\\\/2026\\\/04\\\/11\\\/m-bourita-recoit-un-emissaire-du-president-de-la-republique-democratique-du-congo-porteur-dun-message-a-sm-le-roi\\\/#primaryimage\"},\"thumbnailUrl\":\"https:\\\/\\\/dpress.ma\\\/fr\\\/wp-content\\\/uploads\\\/sites\\\/2\\\/2026\\\/04\\\/372.jpg\",\"datePublished\":\"2026-04-11T09:17:25+00:00\",\"dateModified\":\"2026-04-11T09:17:27+00:00\",\"author\":{\"@id\":\"https:\\\/\\\/dpress.ma\\\/fr\\\/#\\\/schema\\\/person\\\/4898febf3ccd59e6578d838656a306a0\"},\"breadcrumb\":{\"@id\":\"https:\\\/\\\/dpress.ma\\\/fr\\\/2026\\\/04\\\/11\\\/m-bourita-recoit-un-emissaire-du-president-de-la-republique-democratique-du-congo-porteur-dun-message-a-sm-le-roi\\\/#breadcrumb\"},\"inLanguage\":\"fr-FR\",\"potentialAction\":[{\"@type\":\"ReadAction\",\"target\":[\"https:\\\/\\\/dpress.ma\\\/fr\\\/2026\\\/04\\\/11\\\/m-bourita-recoit-un-emissaire-du-president-de-la-republique-democratique-du-congo-porteur-dun-message-a-sm-le-roi\\\/\"]}]},{\"@type\":\"ImageObject\",\"inLanguage\":\"fr-FR\",\"@id\":\"https:\\\/\\\/dpress.ma\\\/fr\\\/2026\\\/04\\\/11\\\/m-bourita-recoit-un-emissaire-du-president-de-la-republique-democratique-du-congo-porteur-dun-message-a-sm-le-roi\\\/#primaryimage\",\"url\":\"https:\\\/\\\/dpress.ma\\\/fr\\\/wp-content\\\/uploads\\\/sites\\\/2\\\/2026\\\/04\\\/372.jpg\",\"contentUrl\":\"https:\\\/\\\/dpress.ma\\\/fr\\\/wp-content\\\/uploads\\\/sites\\\/2\\\/2026\\\/04\\\/372.jpg\",\"width\":2539,\"height\":1594},{\"@type\":\"BreadcrumbList\",\"@id\":\"https:\\\/\\\/dpress.ma\\\/fr\\\/2026\\\/04\\\/11\\\/m-bourita-recoit-un-emissaire-du-president-de-la-republique-democratique-du-congo-porteur-dun-message-a-sm-le-roi\\\/#breadcrumb\",\"itemListElement\":[{\"@type\":\"ListItem\",\"position\":1,\"name\":\"Home\",\"item\":\"https:\\\/\\\/dpress.ma\\\/fr\\\/\"},{\"@type\":\"ListItem\",\"position\":2,\"name\":\"M. Bourita re\u00e7oit un \u00e9missaire du Pr\u00e9sident de la R\u00e9publique d\u00e9mocratique du Congo, porteur d\u2019un message \u00e0 SM le Roi\"}]},{\"@type\":\"WebSite\",\"@id\":\"https:\\\/\\\/dpress.ma\\\/fr\\\/#website\",\"url\":\"https:\\\/\\\/dpress.ma\\\/fr\\\/\",\"name\":\"Dpress.ma\\\/fr\",\"description\":\"\",\"potentialAction\":[{\"@type\":\"SearchAction\",\"target\":{\"@type\":\"EntryPoint\",\"urlTemplate\":\"https:\\\/\\\/dpress.ma\\\/fr\\\/?s={search_term_string}\"},\"query-input\":{\"@type\":\"PropertyValueSpecification\",\"valueRequired\":true,\"valueName\":\"search_term_string\"}}],\"inLanguage\":\"fr-FR\"},{\"@type\":\"Person\",\"@id\":\"https:\\\/\\\/dpress.ma\\\/fr\\\/#\\\/schema\\\/person\\\/4898febf3ccd59e6578d838656a306a0\",\"name\":\"Dpress.ma\",\"image\":{\"@type\":\"ImageObject\",\"inLanguage\":\"fr-FR\",\"@id\":\"https:\\\/\\\/secure.gravatar.com\\\/avatar\\\/72ecc30e9db047a2e0e7176561eb9d564ed77c8108376495b19bd8336405198a?s=96&d=mm&r=g\",\"url\":\"https:\\\/\\\/secure.gravatar.com\\\/avatar\\\/72ecc30e9db047a2e0e7176561eb9d564ed77c8108376495b19bd8336405198a?s=96&d=mm&r=g\",\"contentUrl\":\"https:\\\/\\\/secure.gravatar.com\\\/avatar\\\/72ecc30e9db047a2e0e7176561eb9d564ed77c8108376495b19bd8336405198a?s=96&d=mm&r=g\",\"caption\":\"Dpress.ma\"},\"sameAs\":[\"https:\\\/\\\/www.dpress.ma\"],\"url\":\"https:\\\/\\\/dpress.ma\\\/fr\\\/author\\\/dpress-ma\\\/\"}]}<\/script>\n<!-- \/ Yoast SEO plugin. -->","yoast_head_json":{"title":"M. Bourita re\u00e7oit un \u00e9missaire du Pr\u00e9sident de la R\u00e9publique d\u00e9mocratique du Congo, porteur d\u2019un message \u00e0 SM le Roi - Dpress.ma\/fr","robots":{"index":"index","follow":"follow","max-snippet":"max-snippet:-1","max-image-preview":"max-image-preview:large","max-video-preview":"max-video-preview:-1"},"canonical":"https:\/\/dpress.ma\/fr\/2026\/04\/11\/m-bourita-recoit-un-emissaire-du-president-de-la-republique-democratique-du-congo-porteur-dun-message-a-sm-le-roi\/","og_locale":"fr_FR","og_type":"article","og_title":"M. Bourita re\u00e7oit un \u00e9missaire du Pr\u00e9sident de la R\u00e9publique d\u00e9mocratique du Congo, porteur d\u2019un message \u00e0 SM le Roi - Dpress.ma\/fr","og_description":"Dpress Le ministre des Affaires \u00e9trang\u00e8res, de la Coop\u00e9ration africaine et des Marocains r\u00e9sidant \u00e0 l\u2019\u00e9tranger, Nasser Bourita a re\u00e7u, vendredi \u00e0 Rabat, le pr\u00e9sident du S\u00e9nat de la R\u00e9publique d\u00e9mocratique du Congo, Jean-Michel Sama Lukonde Kyenge, \u00e9missaire du pr\u00e9sident de la R\u00e9publique, F\u00e9lix-Antoine Tshisekedi, porteur d\u2019un message \u00e0 Sa Majest\u00e9 le Roi Mohammed VI. &hellip;","og_url":"https:\/\/dpress.ma\/fr\/2026\/04\/11\/m-bourita-recoit-un-emissaire-du-president-de-la-republique-democratique-du-congo-porteur-dun-message-a-sm-le-roi\/","og_site_name":"Dpress.ma\/fr","article_published_time":"2026-04-11T09:17:25+00:00","article_modified_time":"2026-04-11T09:17:27+00:00","og_image":[{"width":2539,"height":1594,"url":"https:\/\/dpress.ma\/fr\/wp-content\/uploads\/sites\/2\/2026\/04\/372.jpg","type":"image\/jpeg"}],"author":"Dpress.ma","twitter_card":"summary_large_image","twitter_misc":{"\u00c9crit par":"Dpress.ma","Dur\u00e9e de lecture estim\u00e9e":"1 minute"},"schema":{"@context":"https:\/\/schema.org","@graph":[{"@type":"Article","@id":"https:\/\/dpress.ma\/fr\/2026\/04\/11\/m-bourita-recoit-un-emissaire-du-president-de-la-republique-democratique-du-congo-porteur-dun-message-a-sm-le-roi\/#article","isPartOf":{"@id":"https:\/\/dpress.ma\/fr\/2026\/04\/11\/m-bourita-recoit-un-emissaire-du-president-de-la-republique-democratique-du-congo-porteur-dun-message-a-sm-le-roi\/"},"author":{"name":"Dpress.ma","@id":"https:\/\/dpress.ma\/fr\/#\/schema\/person\/4898febf3ccd59e6578d838656a306a0"},"headline":"M. Bourita re\u00e7oit un \u00e9missaire du Pr\u00e9sident de la R\u00e9publique d\u00e9mocratique du Congo, porteur d\u2019un message \u00e0 SM le Roi","datePublished":"2026-04-11T09:17:25+00:00","dateModified":"2026-04-11T09:17:27+00:00","mainEntityOfPage":{"@id":"https:\/\/dpress.ma\/fr\/2026\/04\/11\/m-bourita-recoit-un-emissaire-du-president-de-la-republique-democratique-du-congo-porteur-dun-message-a-sm-le-roi\/"},"wordCount":167,"commentCount":0,"image":{"@id":"https:\/\/dpress.ma\/fr\/2026\/04\/11\/m-bourita-recoit-un-emissaire-du-president-de-la-republique-democratique-du-congo-porteur-dun-message-a-sm-le-roi\/#primaryimage"},"thumbnailUrl":"https:\/\/dpress.ma\/fr\/wp-content\/uploads\/sites\/2\/2026\/04\/372.jpg","articleSection":["Politiques"],"inLanguage":"fr-FR","potentialAction":[{"@type":"CommentAction","name":"Comment","target":["https:\/\/dpress.ma\/fr\/2026\/04\/11\/m-bourita-recoit-un-emissaire-du-president-de-la-republique-democratique-du-congo-porteur-dun-message-a-sm-le-roi\/#respond"]}]},{"@type":"WebPage","@id":"https:\/\/dpress.ma\/fr\/2026\/04\/11\/m-bourita-recoit-un-emissaire-du-president-de-la-republique-democratique-du-congo-porteur-dun-message-a-sm-le-roi\/","url":"https:\/\/dpress.ma\/fr\/2026\/04\/11\/m-bourita-recoit-un-emissaire-du-president-de-la-republique-democratique-du-congo-porteur-dun-message-a-sm-le-roi\/","name":"M. Bourita re\u00e7oit un \u00e9missaire du Pr\u00e9sident de la R\u00e9publique d\u00e9mocratique du Congo, porteur d\u2019un message \u00e0 SM le Roi - Dpress.ma\/fr","isPartOf":{"@id":"https:\/\/dpress.ma\/fr\/#website"},"primaryImageOfPage":{"@id":"https:\/\/dpress.ma\/fr\/2026\/04\/11\/m-bourita-recoit-un-emissaire-du-president-de-la-republique-democratique-du-congo-porteur-dun-message-a-sm-le-roi\/#primaryimage"},"image":{"@id":"https:\/\/dpress.ma\/fr\/2026\/04\/11\/m-bourita-recoit-un-emissaire-du-president-de-la-republique-democratique-du-congo-porteur-dun-message-a-sm-le-roi\/#primaryimage"},"thumbnailUrl":"https:\/\/dpress.ma\/fr\/wp-content\/uploads\/sites\/2\/2026\/04\/372.jpg","datePublished":"2026-04-11T09:17:25+00:00","dateModified":"2026-04-11T09:17:27+00:00","author":{"@id":"https:\/\/dpress.ma\/fr\/#\/schema\/person\/4898febf3ccd59e6578d838656a306a0"},"breadcrumb":{"@id":"https:\/\/dpress.ma\/fr\/2026\/04\/11\/m-bourita-recoit-un-emissaire-du-president-de-la-republique-democratique-du-congo-porteur-dun-message-a-sm-le-roi\/#breadcrumb"},"inLanguage":"fr-FR","potentialAction":[{"@type":"ReadAction","target":["https:\/\/dpress.ma\/fr\/2026\/04\/11\/m-bourita-recoit-un-emissaire-du-president-de-la-republique-democratique-du-congo-porteur-dun-message-a-sm-le-roi\/"]}]},{"@type":"ImageObject","inLanguage":"fr-FR","@id":"https:\/\/dpress.ma\/fr\/2026\/04\/11\/m-bourita-recoit-un-emissaire-du-president-de-la-republique-democratique-du-congo-porteur-dun-message-a-sm-le-roi\/#primaryimage","url":"https:\/\/dpress.ma\/fr\/wp-content\/uploads\/sites\/2\/2026\/04\/372.jpg","contentUrl":"https:\/\/dpress.ma\/fr\/wp-content\/uploads\/sites\/2\/2026\/04\/372.jpg","width":2539,"height":1594},{"@type":"BreadcrumbList","@id":"https:\/\/dpress.ma\/fr\/2026\/04\/11\/m-bourita-recoit-un-emissaire-du-president-de-la-republique-democratique-du-congo-porteur-dun-message-a-sm-le-roi\/#breadcrumb","itemListElement":[{"@type":"ListItem","position":1,"name":"Home","item":"https:\/\/dpress.ma\/fr\/"},{"@type":"ListItem","position":2,"name":"M. Bourita re\u00e7oit un \u00e9missaire du Pr\u00e9sident de la R\u00e9publique d\u00e9mocratique du Congo, porteur d\u2019un message \u00e0 SM le Roi"}]},{"@type":"WebSite","@id":"https:\/\/dpress.ma\/fr\/#website","url":"https:\/\/dpress.ma\/fr\/","name":"Dpress.ma\/fr","description":"","potentialAction":[{"@type":"SearchAction","target":{"@type":"EntryPoint","urlTemplate":"https:\/\/dpress.ma\/fr\/?s={search_term_string}"},"query-input":{"@type":"PropertyValueSpecification","valueRequired":true,"valueName":"search_term_string"}}],"inLanguage":"fr-FR"},{"@type":"Person","@id":"https:\/\/dpress.ma\/fr\/#\/schema\/person\/4898febf3ccd59e6578d838656a306a0","name":"Dpress.ma","image":{"@type":"ImageObject","inLanguage":"fr-FR","@id":"https:\/\/secure.gravatar.com\/avatar\/72ecc30e9db047a2e0e7176561eb9d564ed77c8108376495b19bd8336405198a?s=96&d=mm&r=g","url":"https:\/\/secure.gravatar.com\/avatar\/72ecc30e9db047a2e0e7176561eb9d564ed77c8108376495b19bd8336405198a?s=96&d=mm&r=g","contentUrl":"https:\/\/secure.gravatar.com\/avatar\/72ecc30e9db047a2e0e7176561eb9d564ed77c8108376495b19bd8336405198a?s=96&d=mm&r=g","caption":"Dpress.ma"},"sameAs":["https:\/\/www.dpress.ma"],"url":"https:\/\/dpress.ma\/fr\/author\/dpress-ma\/"}]}},"amp_enabled":true,"_links":{"self":[{"href":"https:\/\/dpress.ma\/fr\/wp-json\/wp\/v2\/posts\/28226","targetHints":{"allow":["GET"]}}],"collection":[{"href":"https:\/\/dpress.ma\/fr\/wp-json\/wp\/v2\/posts"}],"about":[{"href":"https:\/\/dpress.ma\/fr\/wp-json\/wp\/v2\/types\/post"}],"author":[{"embeddable":true,"href":"https:\/\/dpress.ma\/fr\/wp-json\/wp\/v2\/users\/2"}],"replies":[{"embeddable":true,"href":"https:\/\/dpress.ma\/fr\/wp-json\/wp\/v2\/comments?post=28226"}],"version-history":[{"count":1,"href":"https:\/\/dpress.ma\/fr\/wp-json\/wp\/v2\/posts\/28226\/revisions"}],"predecessor-version":[{"id":28228,"href":"https:\/\/dpress.ma\/fr\/wp-json\/wp\/v2\/posts\/28226\/revisions\/28228"}],"wp:featuredmedia":[{"embeddable":true,"href":"https:\/\/dpress.ma\/fr\/wp-json\/wp\/v2\/media\/28227"}],"wp:attachment":[{"href":"https:\/\/dpress.ma\/fr\/wp-json\/wp\/v2\/media?parent=28226"}],"wp:term":[{"taxonomy":"category","embeddable":true,"href":"https:\/\/dpress.ma\/fr\/wp-json\/wp\/v2\/categories?post=28226"},{"taxonomy":"post_tag","embeddable":true,"href":"https:\/\/dpress.ma\/fr\/wp-json\/wp\/v2\/tags?post=28226"}],"curies":[{"name":"wp","href":"https:\/\/api.w.org\/{rel}","templated":true}]}}