{"id":28223,"date":"2026-04-11T09:15:54","date_gmt":"2026-04-11T09:15:54","guid":{"rendered":"https:\/\/dpress.ma\/fr\/?p=28223"},"modified":"2026-04-11T09:15:57","modified_gmt":"2026-04-11T09:15:57","slug":"m-bourita-recoit-lenvoye-special-du-president-de-la-republique-de-zambie-porteur-dun-message-a-sm-le-roi","status":"publish","type":"post","link":"https:\/\/dpress.ma\/fr\/2026\/04\/11\/m-bourita-recoit-lenvoye-special-du-president-de-la-republique-de-zambie-porteur-dun-message-a-sm-le-roi\/","title":{"rendered":"M. Bourita re\u00e7oit l\u2019envoy\u00e9 sp\u00e9cial du pr\u00e9sident de la R\u00e9publique de Zambie, porteur d\u2019un message \u00e0 SM le Roi"},"content":{"rendered":"\n<p>Dpress<\/p>\n\n\n\n<p>Le ministre des Affaires \u00e9trang\u00e8res, de la Coop\u00e9ration africaine et des Marocains r\u00e9sidant \u00e0 l\u2019\u00e9tranger, Nasser Bourita, a re\u00e7u, vendredi \u00e0 Rabat, M. Leslie Mbula, envoy\u00e9 sp\u00e9cial du Pr\u00e9sident de la R\u00e9publique de Zambie, Hakainde Hichilema, porteur d\u2019un message \u00e0 Sa Majest\u00e9 le Roi Mohammed VI.<\/p>\n\n\n\n<p>Dans une d\u00e9claration \u00e0 la presse \u00e0 l\u2019issue de cette rencontre, M. Mbula a salu\u00e9 l\u2019excellence des relations bilat\u00e9rales unissant le Royaume du Maroc \u00e0 la R\u00e9publique de la Zambie, ainsi que les liens cordiaux et mutuellement b\u00e9n\u00e9fiques entre les deux pays, fond\u00e9s sur des valeurs partag\u00e9es de paix et de solidarit\u00e9.<\/p>\n\n\n\n<p>Il a mis en avant aussi la stabilit\u00e9, la prosp\u00e9rit\u00e9 et les transformations socio-\u00e9conomiques remarquables que conna\u00eet le Maroc, sous le Leadership visionnaire de Sa Majest\u00e9 le Roi.<\/p>\n\n\n\n<p>\u201cLa Zambie salue hautement le processus impressionnant de d\u00e9veloppement du Maroc, notamment dans le cadre du Nouveau Mod\u00e8le de D\u00e9veloppement et du Plan d\u2019Acc\u00e9l\u00e9ration Industrielle ayant permis au Royaume de s\u2019\u00e9riger en leader continental dans les secteurs de l\u2019automobile et de l\u2019a\u00e9ronautique\u201d, a affirm\u00e9 M. Mbula.<\/p>\n\n\n\n<p>L\u2019envoy\u00e9 sp\u00e9cial a \u00e9galement r\u00e9it\u00e9r\u00e9 la ferme d\u00e9termination de son pays \u00e0 renforcer la coop\u00e9ration bilat\u00e9rale dans des domaines d\u2019int\u00e9r\u00eat commun, notamment la transformation num\u00e9rique, l\u2019autonomisation des jeunes et l\u2019innovation.<\/p>\n\n\n\n<p>Concernant la question du Sahara marocain, M. Mbula a soulign\u00e9 que la Zambie r\u00e9it\u00e8re son soutien sans \u00e9quivoque \u00e0 l\u2019int\u00e9grit\u00e9 territoriale et \u00e0 la souverainet\u00e9 du Royaume du Maroc sur l\u2019ensemble de son territoire, y compris le Sahara marocain.<\/p>\n\n\n\n<p>S\u2019agissant du d\u00e9veloppement sportif, il a salu\u00e9 les r\u00e9alisations du Maroc dans ce domaine, mettant en avant les infrastructures de classe mondiale dont dispose le Royaume, ce qui consolide davantage son rayonnement sur la sc\u00e8ne internationale.<\/p>\n","protected":false},"excerpt":{"rendered":"<p>Dpress Le ministre des Affaires \u00e9trang\u00e8res, de la Coop\u00e9ration africaine et des Marocains r\u00e9sidant \u00e0 l\u2019\u00e9tranger, Nasser Bourita, a re\u00e7u, vendredi \u00e0 Rabat, M. Leslie Mbula, envoy\u00e9 sp\u00e9cial du Pr\u00e9sident de la R\u00e9publique de Zambie, Hakainde Hichilema, porteur d\u2019un message \u00e0 Sa Majest\u00e9 le Roi Mohammed VI. Dans une d\u00e9claration \u00e0 la presse \u00e0 l\u2019issue &hellip;<\/p>\n","protected":false},"author":2,"featured_media":28224,"comment_status":"open","ping_status":"open","sticky":false,"template":"","format":"standard","meta":{"footnotes":""},"categories":[26],"tags":[],"class_list":["post-28223","post","type-post","status-publish","format-standard","has-post-thumbnail","hentry","category-politiques"],"yoast_head":"<!-- This site is optimized with the Yoast SEO plugin v27.5 - https:\/\/yoast.com\/product\/yoast-seo-wordpress\/ -->\n<title>M. Bourita re\u00e7oit l\u2019envoy\u00e9 sp\u00e9cial du pr\u00e9sident de la R\u00e9publique de Zambie, porteur d\u2019un message \u00e0 SM le Roi - Dpress.ma\/fr<\/title>\n<meta name=\"robots\" content=\"index, follow, max-snippet:-1, max-image-preview:large, max-video-preview:-1\" \/>\n<link rel=\"canonical\" href=\"https:\/\/dpress.ma\/fr\/2026\/04\/11\/m-bourita-recoit-lenvoye-special-du-president-de-la-republique-de-zambie-porteur-dun-message-a-sm-le-roi\/\" \/>\n<meta property=\"og:locale\" content=\"fr_FR\" \/>\n<meta property=\"og:type\" content=\"article\" \/>\n<meta property=\"og:title\" content=\"M. Bourita re\u00e7oit l\u2019envoy\u00e9 sp\u00e9cial du pr\u00e9sident de la R\u00e9publique de Zambie, porteur d\u2019un message \u00e0 SM le Roi - Dpress.ma\/fr\" \/>\n<meta property=\"og:description\" content=\"Dpress Le ministre des Affaires \u00e9trang\u00e8res, de la Coop\u00e9ration africaine et des Marocains r\u00e9sidant \u00e0 l\u2019\u00e9tranger, Nasser Bourita, a re\u00e7u, vendredi \u00e0 Rabat, M. Leslie Mbula, envoy\u00e9 sp\u00e9cial du Pr\u00e9sident de la R\u00e9publique de Zambie, Hakainde Hichilema, porteur d\u2019un message \u00e0 Sa Majest\u00e9 le Roi Mohammed VI. Dans une d\u00e9claration \u00e0 la presse \u00e0 l\u2019issue &hellip;\" \/>\n<meta property=\"og:url\" content=\"https:\/\/dpress.ma\/fr\/2026\/04\/11\/m-bourita-recoit-lenvoye-special-du-president-de-la-republique-de-zambie-porteur-dun-message-a-sm-le-roi\/\" \/>\n<meta property=\"og:site_name\" content=\"Dpress.ma\/fr\" \/>\n<meta property=\"article:published_time\" content=\"2026-04-11T09:15:54+00:00\" \/>\n<meta property=\"article:modified_time\" content=\"2026-04-11T09:15:57+00:00\" \/>\n<meta property=\"og:image\" content=\"https:\/\/dpress.ma\/fr\/wp-content\/uploads\/sites\/2\/2026\/04\/361.jpg\" \/>\n\t<meta property=\"og:image:width\" content=\"2539\" \/>\n\t<meta property=\"og:image:height\" content=\"1594\" \/>\n\t<meta property=\"og:image:type\" content=\"image\/jpeg\" \/>\n<meta name=\"author\" content=\"Dpress.ma\" \/>\n<meta name=\"twitter:card\" content=\"summary_large_image\" \/>\n<meta name=\"twitter:label1\" content=\"\u00c9crit par\" \/>\n\t<meta name=\"twitter:data1\" content=\"Dpress.ma\" \/>\n\t<meta name=\"twitter:label2\" content=\"Dur\u00e9e de lecture estim\u00e9e\" \/>\n\t<meta name=\"twitter:data2\" content=\"2 minutes\" \/>\n<script type=\"application\/ld+json\" class=\"yoast-schema-graph\">{\"@context\":\"https:\\\/\\\/schema.org\",\"@graph\":[{\"@type\":\"Article\",\"@id\":\"https:\\\/\\\/dpress.ma\\\/fr\\\/2026\\\/04\\\/11\\\/m-bourita-recoit-lenvoye-special-du-president-de-la-republique-de-zambie-porteur-dun-message-a-sm-le-roi\\\/#article\",\"isPartOf\":{\"@id\":\"https:\\\/\\\/dpress.ma\\\/fr\\\/2026\\\/04\\\/11\\\/m-bourita-recoit-lenvoye-special-du-president-de-la-republique-de-zambie-porteur-dun-message-a-sm-le-roi\\\/\"},\"author\":{\"name\":\"Dpress.ma\",\"@id\":\"https:\\\/\\\/dpress.ma\\\/fr\\\/#\\\/schema\\\/person\\\/4898febf3ccd59e6578d838656a306a0\"},\"headline\":\"M. Bourita re\u00e7oit l\u2019envoy\u00e9 sp\u00e9cial du pr\u00e9sident de la R\u00e9publique de Zambie, porteur d\u2019un message \u00e0 SM le Roi\",\"datePublished\":\"2026-04-11T09:15:54+00:00\",\"dateModified\":\"2026-04-11T09:15:57+00:00\",\"mainEntityOfPage\":{\"@id\":\"https:\\\/\\\/dpress.ma\\\/fr\\\/2026\\\/04\\\/11\\\/m-bourita-recoit-lenvoye-special-du-president-de-la-republique-de-zambie-porteur-dun-message-a-sm-le-roi\\\/\"},\"wordCount\":346,\"commentCount\":0,\"image\":{\"@id\":\"https:\\\/\\\/dpress.ma\\\/fr\\\/2026\\\/04\\\/11\\\/m-bourita-recoit-lenvoye-special-du-president-de-la-republique-de-zambie-porteur-dun-message-a-sm-le-roi\\\/#primaryimage\"},\"thumbnailUrl\":\"https:\\\/\\\/dpress.ma\\\/fr\\\/wp-content\\\/uploads\\\/sites\\\/2\\\/2026\\\/04\\\/361.jpg\",\"articleSection\":[\"Politiques\"],\"inLanguage\":\"fr-FR\",\"potentialAction\":[{\"@type\":\"CommentAction\",\"name\":\"Comment\",\"target\":[\"https:\\\/\\\/dpress.ma\\\/fr\\\/2026\\\/04\\\/11\\\/m-bourita-recoit-lenvoye-special-du-president-de-la-republique-de-zambie-porteur-dun-message-a-sm-le-roi\\\/#respond\"]}]},{\"@type\":\"WebPage\",\"@id\":\"https:\\\/\\\/dpress.ma\\\/fr\\\/2026\\\/04\\\/11\\\/m-bourita-recoit-lenvoye-special-du-president-de-la-republique-de-zambie-porteur-dun-message-a-sm-le-roi\\\/\",\"url\":\"https:\\\/\\\/dpress.ma\\\/fr\\\/2026\\\/04\\\/11\\\/m-bourita-recoit-lenvoye-special-du-president-de-la-republique-de-zambie-porteur-dun-message-a-sm-le-roi\\\/\",\"name\":\"M. Bourita re\u00e7oit l\u2019envoy\u00e9 sp\u00e9cial du pr\u00e9sident de la R\u00e9publique de Zambie, porteur d\u2019un message \u00e0 SM le Roi - Dpress.ma\\\/fr\",\"isPartOf\":{\"@id\":\"https:\\\/\\\/dpress.ma\\\/fr\\\/#website\"},\"primaryImageOfPage\":{\"@id\":\"https:\\\/\\\/dpress.ma\\\/fr\\\/2026\\\/04\\\/11\\\/m-bourita-recoit-lenvoye-special-du-president-de-la-republique-de-zambie-porteur-dun-message-a-sm-le-roi\\\/#primaryimage\"},\"image\":{\"@id\":\"https:\\\/\\\/dpress.ma\\\/fr\\\/2026\\\/04\\\/11\\\/m-bourita-recoit-lenvoye-special-du-president-de-la-republique-de-zambie-porteur-dun-message-a-sm-le-roi\\\/#primaryimage\"},\"thumbnailUrl\":\"https:\\\/\\\/dpress.ma\\\/fr\\\/wp-content\\\/uploads\\\/sites\\\/2\\\/2026\\\/04\\\/361.jpg\",\"datePublished\":\"2026-04-11T09:15:54+00:00\",\"dateModified\":\"2026-04-11T09:15:57+00:00\",\"author\":{\"@id\":\"https:\\\/\\\/dpress.ma\\\/fr\\\/#\\\/schema\\\/person\\\/4898febf3ccd59e6578d838656a306a0\"},\"breadcrumb\":{\"@id\":\"https:\\\/\\\/dpress.ma\\\/fr\\\/2026\\\/04\\\/11\\\/m-bourita-recoit-lenvoye-special-du-president-de-la-republique-de-zambie-porteur-dun-message-a-sm-le-roi\\\/#breadcrumb\"},\"inLanguage\":\"fr-FR\",\"potentialAction\":[{\"@type\":\"ReadAction\",\"target\":[\"https:\\\/\\\/dpress.ma\\\/fr\\\/2026\\\/04\\\/11\\\/m-bourita-recoit-lenvoye-special-du-president-de-la-republique-de-zambie-porteur-dun-message-a-sm-le-roi\\\/\"]}]},{\"@type\":\"ImageObject\",\"inLanguage\":\"fr-FR\",\"@id\":\"https:\\\/\\\/dpress.ma\\\/fr\\\/2026\\\/04\\\/11\\\/m-bourita-recoit-lenvoye-special-du-president-de-la-republique-de-zambie-porteur-dun-message-a-sm-le-roi\\\/#primaryimage\",\"url\":\"https:\\\/\\\/dpress.ma\\\/fr\\\/wp-content\\\/uploads\\\/sites\\\/2\\\/2026\\\/04\\\/361.jpg\",\"contentUrl\":\"https:\\\/\\\/dpress.ma\\\/fr\\\/wp-content\\\/uploads\\\/sites\\\/2\\\/2026\\\/04\\\/361.jpg\",\"width\":2539,\"height\":1594},{\"@type\":\"BreadcrumbList\",\"@id\":\"https:\\\/\\\/dpress.ma\\\/fr\\\/2026\\\/04\\\/11\\\/m-bourita-recoit-lenvoye-special-du-president-de-la-republique-de-zambie-porteur-dun-message-a-sm-le-roi\\\/#breadcrumb\",\"itemListElement\":[{\"@type\":\"ListItem\",\"position\":1,\"name\":\"Home\",\"item\":\"https:\\\/\\\/dpress.ma\\\/fr\\\/\"},{\"@type\":\"ListItem\",\"position\":2,\"name\":\"M. Bourita re\u00e7oit l\u2019envoy\u00e9 sp\u00e9cial du pr\u00e9sident de la R\u00e9publique de Zambie, porteur d\u2019un message \u00e0 SM le Roi\"}]},{\"@type\":\"WebSite\",\"@id\":\"https:\\\/\\\/dpress.ma\\\/fr\\\/#website\",\"url\":\"https:\\\/\\\/dpress.ma\\\/fr\\\/\",\"name\":\"Dpress.ma\\\/fr\",\"description\":\"\",\"potentialAction\":[{\"@type\":\"SearchAction\",\"target\":{\"@type\":\"EntryPoint\",\"urlTemplate\":\"https:\\\/\\\/dpress.ma\\\/fr\\\/?s={search_term_string}\"},\"query-input\":{\"@type\":\"PropertyValueSpecification\",\"valueRequired\":true,\"valueName\":\"search_term_string\"}}],\"inLanguage\":\"fr-FR\"},{\"@type\":\"Person\",\"@id\":\"https:\\\/\\\/dpress.ma\\\/fr\\\/#\\\/schema\\\/person\\\/4898febf3ccd59e6578d838656a306a0\",\"name\":\"Dpress.ma\",\"image\":{\"@type\":\"ImageObject\",\"inLanguage\":\"fr-FR\",\"@id\":\"https:\\\/\\\/secure.gravatar.com\\\/avatar\\\/72ecc30e9db047a2e0e7176561eb9d564ed77c8108376495b19bd8336405198a?s=96&d=mm&r=g\",\"url\":\"https:\\\/\\\/secure.gravatar.com\\\/avatar\\\/72ecc30e9db047a2e0e7176561eb9d564ed77c8108376495b19bd8336405198a?s=96&d=mm&r=g\",\"contentUrl\":\"https:\\\/\\\/secure.gravatar.com\\\/avatar\\\/72ecc30e9db047a2e0e7176561eb9d564ed77c8108376495b19bd8336405198a?s=96&d=mm&r=g\",\"caption\":\"Dpress.ma\"},\"sameAs\":[\"https:\\\/\\\/www.dpress.ma\"],\"url\":\"https:\\\/\\\/dpress.ma\\\/fr\\\/author\\\/dpress-ma\\\/\"}]}<\/script>\n<!-- \/ Yoast SEO plugin. -->","yoast_head_json":{"title":"M. Bourita re\u00e7oit l\u2019envoy\u00e9 sp\u00e9cial du pr\u00e9sident de la R\u00e9publique de Zambie, porteur d\u2019un message \u00e0 SM le Roi - Dpress.ma\/fr","robots":{"index":"index","follow":"follow","max-snippet":"max-snippet:-1","max-image-preview":"max-image-preview:large","max-video-preview":"max-video-preview:-1"},"canonical":"https:\/\/dpress.ma\/fr\/2026\/04\/11\/m-bourita-recoit-lenvoye-special-du-president-de-la-republique-de-zambie-porteur-dun-message-a-sm-le-roi\/","og_locale":"fr_FR","og_type":"article","og_title":"M. Bourita re\u00e7oit l\u2019envoy\u00e9 sp\u00e9cial du pr\u00e9sident de la R\u00e9publique de Zambie, porteur d\u2019un message \u00e0 SM le Roi - Dpress.ma\/fr","og_description":"Dpress Le ministre des Affaires \u00e9trang\u00e8res, de la Coop\u00e9ration africaine et des Marocains r\u00e9sidant \u00e0 l\u2019\u00e9tranger, Nasser Bourita, a re\u00e7u, vendredi \u00e0 Rabat, M. Leslie Mbula, envoy\u00e9 sp\u00e9cial du Pr\u00e9sident de la R\u00e9publique de Zambie, Hakainde Hichilema, porteur d\u2019un message \u00e0 Sa Majest\u00e9 le Roi Mohammed VI. Dans une d\u00e9claration \u00e0 la presse \u00e0 l\u2019issue &hellip;","og_url":"https:\/\/dpress.ma\/fr\/2026\/04\/11\/m-bourita-recoit-lenvoye-special-du-president-de-la-republique-de-zambie-porteur-dun-message-a-sm-le-roi\/","og_site_name":"Dpress.ma\/fr","article_published_time":"2026-04-11T09:15:54+00:00","article_modified_time":"2026-04-11T09:15:57+00:00","og_image":[{"width":2539,"height":1594,"url":"https:\/\/dpress.ma\/fr\/wp-content\/uploads\/sites\/2\/2026\/04\/361.jpg","type":"image\/jpeg"}],"author":"Dpress.ma","twitter_card":"summary_large_image","twitter_misc":{"\u00c9crit par":"Dpress.ma","Dur\u00e9e de lecture estim\u00e9e":"2 minutes"},"schema":{"@context":"https:\/\/schema.org","@graph":[{"@type":"Article","@id":"https:\/\/dpress.ma\/fr\/2026\/04\/11\/m-bourita-recoit-lenvoye-special-du-president-de-la-republique-de-zambie-porteur-dun-message-a-sm-le-roi\/#article","isPartOf":{"@id":"https:\/\/dpress.ma\/fr\/2026\/04\/11\/m-bourita-recoit-lenvoye-special-du-president-de-la-republique-de-zambie-porteur-dun-message-a-sm-le-roi\/"},"author":{"name":"Dpress.ma","@id":"https:\/\/dpress.ma\/fr\/#\/schema\/person\/4898febf3ccd59e6578d838656a306a0"},"headline":"M. Bourita re\u00e7oit l\u2019envoy\u00e9 sp\u00e9cial du pr\u00e9sident de la R\u00e9publique de Zambie, porteur d\u2019un message \u00e0 SM le Roi","datePublished":"2026-04-11T09:15:54+00:00","dateModified":"2026-04-11T09:15:57+00:00","mainEntityOfPage":{"@id":"https:\/\/dpress.ma\/fr\/2026\/04\/11\/m-bourita-recoit-lenvoye-special-du-president-de-la-republique-de-zambie-porteur-dun-message-a-sm-le-roi\/"},"wordCount":346,"commentCount":0,"image":{"@id":"https:\/\/dpress.ma\/fr\/2026\/04\/11\/m-bourita-recoit-lenvoye-special-du-president-de-la-republique-de-zambie-porteur-dun-message-a-sm-le-roi\/#primaryimage"},"thumbnailUrl":"https:\/\/dpress.ma\/fr\/wp-content\/uploads\/sites\/2\/2026\/04\/361.jpg","articleSection":["Politiques"],"inLanguage":"fr-FR","potentialAction":[{"@type":"CommentAction","name":"Comment","target":["https:\/\/dpress.ma\/fr\/2026\/04\/11\/m-bourita-recoit-lenvoye-special-du-president-de-la-republique-de-zambie-porteur-dun-message-a-sm-le-roi\/#respond"]}]},{"@type":"WebPage","@id":"https:\/\/dpress.ma\/fr\/2026\/04\/11\/m-bourita-recoit-lenvoye-special-du-president-de-la-republique-de-zambie-porteur-dun-message-a-sm-le-roi\/","url":"https:\/\/dpress.ma\/fr\/2026\/04\/11\/m-bourita-recoit-lenvoye-special-du-president-de-la-republique-de-zambie-porteur-dun-message-a-sm-le-roi\/","name":"M. Bourita re\u00e7oit l\u2019envoy\u00e9 sp\u00e9cial du pr\u00e9sident de la R\u00e9publique de Zambie, porteur d\u2019un message \u00e0 SM le Roi - Dpress.ma\/fr","isPartOf":{"@id":"https:\/\/dpress.ma\/fr\/#website"},"primaryImageOfPage":{"@id":"https:\/\/dpress.ma\/fr\/2026\/04\/11\/m-bourita-recoit-lenvoye-special-du-president-de-la-republique-de-zambie-porteur-dun-message-a-sm-le-roi\/#primaryimage"},"image":{"@id":"https:\/\/dpress.ma\/fr\/2026\/04\/11\/m-bourita-recoit-lenvoye-special-du-president-de-la-republique-de-zambie-porteur-dun-message-a-sm-le-roi\/#primaryimage"},"thumbnailUrl":"https:\/\/dpress.ma\/fr\/wp-content\/uploads\/sites\/2\/2026\/04\/361.jpg","datePublished":"2026-04-11T09:15:54+00:00","dateModified":"2026-04-11T09:15:57+00:00","author":{"@id":"https:\/\/dpress.ma\/fr\/#\/schema\/person\/4898febf3ccd59e6578d838656a306a0"},"breadcrumb":{"@id":"https:\/\/dpress.ma\/fr\/2026\/04\/11\/m-bourita-recoit-lenvoye-special-du-president-de-la-republique-de-zambie-porteur-dun-message-a-sm-le-roi\/#breadcrumb"},"inLanguage":"fr-FR","potentialAction":[{"@type":"ReadAction","target":["https:\/\/dpress.ma\/fr\/2026\/04\/11\/m-bourita-recoit-lenvoye-special-du-president-de-la-republique-de-zambie-porteur-dun-message-a-sm-le-roi\/"]}]},{"@type":"ImageObject","inLanguage":"fr-FR","@id":"https:\/\/dpress.ma\/fr\/2026\/04\/11\/m-bourita-recoit-lenvoye-special-du-president-de-la-republique-de-zambie-porteur-dun-message-a-sm-le-roi\/#primaryimage","url":"https:\/\/dpress.ma\/fr\/wp-content\/uploads\/sites\/2\/2026\/04\/361.jpg","contentUrl":"https:\/\/dpress.ma\/fr\/wp-content\/uploads\/sites\/2\/2026\/04\/361.jpg","width":2539,"height":1594},{"@type":"BreadcrumbList","@id":"https:\/\/dpress.ma\/fr\/2026\/04\/11\/m-bourita-recoit-lenvoye-special-du-president-de-la-republique-de-zambie-porteur-dun-message-a-sm-le-roi\/#breadcrumb","itemListElement":[{"@type":"ListItem","position":1,"name":"Home","item":"https:\/\/dpress.ma\/fr\/"},{"@type":"ListItem","position":2,"name":"M. Bourita re\u00e7oit l\u2019envoy\u00e9 sp\u00e9cial du pr\u00e9sident de la R\u00e9publique de Zambie, porteur d\u2019un message \u00e0 SM le Roi"}]},{"@type":"WebSite","@id":"https:\/\/dpress.ma\/fr\/#website","url":"https:\/\/dpress.ma\/fr\/","name":"Dpress.ma\/fr","description":"","potentialAction":[{"@type":"SearchAction","target":{"@type":"EntryPoint","urlTemplate":"https:\/\/dpress.ma\/fr\/?s={search_term_string}"},"query-input":{"@type":"PropertyValueSpecification","valueRequired":true,"valueName":"search_term_string"}}],"inLanguage":"fr-FR"},{"@type":"Person","@id":"https:\/\/dpress.ma\/fr\/#\/schema\/person\/4898febf3ccd59e6578d838656a306a0","name":"Dpress.ma","image":{"@type":"ImageObject","inLanguage":"fr-FR","@id":"https:\/\/secure.gravatar.com\/avatar\/72ecc30e9db047a2e0e7176561eb9d564ed77c8108376495b19bd8336405198a?s=96&d=mm&r=g","url":"https:\/\/secure.gravatar.com\/avatar\/72ecc30e9db047a2e0e7176561eb9d564ed77c8108376495b19bd8336405198a?s=96&d=mm&r=g","contentUrl":"https:\/\/secure.gravatar.com\/avatar\/72ecc30e9db047a2e0e7176561eb9d564ed77c8108376495b19bd8336405198a?s=96&d=mm&r=g","caption":"Dpress.ma"},"sameAs":["https:\/\/www.dpress.ma"],"url":"https:\/\/dpress.ma\/fr\/author\/dpress-ma\/"}]}},"amp_enabled":true,"_links":{"self":[{"href":"https:\/\/dpress.ma\/fr\/wp-json\/wp\/v2\/posts\/28223","targetHints":{"allow":["GET"]}}],"collection":[{"href":"https:\/\/dpress.ma\/fr\/wp-json\/wp\/v2\/posts"}],"about":[{"href":"https:\/\/dpress.ma\/fr\/wp-json\/wp\/v2\/types\/post"}],"author":[{"embeddable":true,"href":"https:\/\/dpress.ma\/fr\/wp-json\/wp\/v2\/users\/2"}],"replies":[{"embeddable":true,"href":"https:\/\/dpress.ma\/fr\/wp-json\/wp\/v2\/comments?post=28223"}],"version-history":[{"count":1,"href":"https:\/\/dpress.ma\/fr\/wp-json\/wp\/v2\/posts\/28223\/revisions"}],"predecessor-version":[{"id":28225,"href":"https:\/\/dpress.ma\/fr\/wp-json\/wp\/v2\/posts\/28223\/revisions\/28225"}],"wp:featuredmedia":[{"embeddable":true,"href":"https:\/\/dpress.ma\/fr\/wp-json\/wp\/v2\/media\/28224"}],"wp:attachment":[{"href":"https:\/\/dpress.ma\/fr\/wp-json\/wp\/v2\/media?parent=28223"}],"wp:term":[{"taxonomy":"category","embeddable":true,"href":"https:\/\/dpress.ma\/fr\/wp-json\/wp\/v2\/categories?post=28223"},{"taxonomy":"post_tag","embeddable":true,"href":"https:\/\/dpress.ma\/fr\/wp-json\/wp\/v2\/tags?post=28223"}],"curies":[{"name":"wp","href":"https:\/\/api.w.org\/{rel}","templated":true}]}}