{"id":28220,"date":"2026-04-11T09:13:48","date_gmt":"2026-04-11T09:13:48","guid":{"rendered":"https:\/\/dpress.ma\/fr\/?p=28220"},"modified":"2026-04-11T09:13:50","modified_gmt":"2026-04-11T09:13:50","slug":"les-oasis-des-systemes-ecologiques-capables-de-promouvoir-le-developpement-socio-economique","status":"publish","type":"post","link":"https:\/\/dpress.ma\/fr\/2026\/04\/11\/les-oasis-des-systemes-ecologiques-capables-de-promouvoir-le-developpement-socio-economique\/","title":{"rendered":"Les oasis, des syst\u00e8mes \u00e9cologiques capables de promouvoir le d\u00e9veloppement socio-\u00e9conomique"},"content":{"rendered":"\n<p>Dpress<\/p>\n\n\n\n<p>Les zones oasiennes constituent des syst\u00e8mes \u00e9cologiques, patrimoniaux et culturels capables de promouvoir le d\u00e9veloppement socio-\u00e9conomique, a indiqu\u00e9, vendredi \u00e0 Zagora, le ministre de l\u2019Agriculture, de la P\u00eache maritime, du D\u00e9veloppement rural et des Eaux et For\u00eats, Ahmed EL Bouari.<\/p>\n\n\n\n<p>S\u2019exprimant \u00e0 l\u2019ouverture de la premi\u00e8re \u00e9dition du Forum national des oasis, M. El Bouari a, dans ce sens, soulign\u00e9 l\u2019importance des zones oasiennes en termes notamment de la diversit\u00e9 des activit\u00e9s \u00e9conomiques, des opportunit\u00e9s d\u2019emploi et de l\u2019abondance des produits agricoles \u00e0 forte valeur ajout\u00e9e que g\u00e9n\u00e8rent ces zones.<\/p>\n\n\n\n<p>Afin de d\u00e9velopper ces zones vitales, le minist\u00e8re de l\u2019Agriculture a \u00e9labor\u00e9 et mis en \u0153uvre plusieurs projets dans le cadre du Plan Maroc Vert et de la Strat\u00e9gie G\u00e9n\u00e9ration Green, avec pour objectif la pr\u00e9servation des \u00e9cosyst\u00e8mes oasiens et la promotion d\u2019un d\u00e9veloppement durable centr\u00e9 sur le capital humain, explique M. El Bouari.<\/p>\n\n\n\n<p>Parmi les programmes et projets structur\u00e9s les plus importants entrepris par le minist\u00e8re figurent, d\u00e9taille le ministre, le Programme national de plantation de 5 millions de palmiers d\u2019ici 2030, la valorisation et la mobilisation des ressources en eau, le d\u00e9veloppement hydro-agricole, les projets agricoles solidaires, la promotion des produits locaux, le soutien et l\u2019accompagnement des organisations professionnelles, et la promotion de la recherche scientifique dans le domaine des fili\u00e8res phoenicicoles et des cha\u00eenes de production li\u00e9es aux oasis.<\/p>\n\n\n\n<p>Le ministre a, par ailleurs, soulign\u00e9 que la r\u00e9gion de Dr\u00e2a-Tafilalet, qui contribue \u00e0 hauteur de 85% de la production nationale des dattes, se veut un p\u00f4le agricole et oasien strat\u00e9gique, riche en ressources naturelles avec un patrimoine social et culturel exceptionnel qui refl\u00e8te la diversit\u00e9 de l\u2019identit\u00e9 marocaine.<\/p>\n\n\n\n<p>Au niveau de la province de Zagora, les oasis de palmiers-dattiers s\u2019\u00e9tendent sur 26.000 hectares le long des vall\u00e9es du Dr\u00e2a et du Ma\u00efder, fait savoir le ministre, notant que ces \u00e9cosyst\u00e8mes sont confront\u00e9s \u00e0 d\u2019importants d\u00e9fis, notamment le changement climatique, les transformations socio-\u00e9conomiques et les fluctuations des march\u00e9s nationaux et internationaux.<\/p>\n\n\n\n<p>A cet effet, il a \u00e9t\u00e9 proc\u00e9d\u00e9 \u00e0 la mise en place d\u2019une approche territoriale int\u00e9gr\u00e9e au niveau de la province, avec le lancement de plusieurs projets couvrant une panoplie de fili\u00e8res agricoles, a-t-il poursuivi, citant dans ce sens les efforts men\u00e9s par le d\u00e9partement de tutelle portant entre autres sur la distribution des vitro plants au profit des agriculteurs, le nettoyage des touffes de palmiers, l\u2019\u00e9quipement de plus de 24.000 hectares en syst\u00e8mes d\u2019irrigation goutte-\u00e0-goutte, l\u2019am\u00e9nagement des p\u00e9rim\u00e8tres hydrauliques et la valorisation des diff\u00e9rents produits oasiens.<\/p>\n\n\n\n<p>Le ministre, a par ailleurs, relev\u00e9 que le Forum national des oasis est l\u2019occasion de mettre en avant les projets et initiatives visant le d\u00e9veloppement des zones oasiennes, conform\u00e9ment aux Hautes Orientations Royales contenues dans le Discours Royal prononc\u00e9, le 10 octobre 2025, \u00e0 l\u2019occasion de l\u2019ouverture de la session d\u2019automne du Parlement .<\/p>\n\n\n\n<p>Ce Discours Royal, affirme le ministre, constitue une feuille de route soulignant l\u2019importance du d\u00e9veloppement et de promotion des oasis et des zones montagneuses, ainsi que l\u2019am\u00e9lioration des conditions de vie de leurs habitants, tout en accordant une attention particuli\u00e8re aux zones en situation de tr\u00e8s grande pr\u00e9carit\u00e9, en tenant compte de leurs sp\u00e9cificit\u00e9s et de la nature de leurs besoins.<\/p>\n\n\n\n<p>Organis\u00e9 par la pr\u00e9fecture de la province de Zagora, en partenariat avec notamment la Direction des affaires rurales du minist\u00e8re de l\u2019Int\u00e9rieur, le minist\u00e8re de l\u2019Agriculture, de la P\u00eache maritime, du D\u00e9veloppement rural et des Eaux et des For\u00eats, et l\u2019Agence nationale pour le d\u00e9veloppement des zones oasiennes et de l\u2019arganier (ANDZOA), la premi\u00e8re \u00e9dition du Forum national des osais s\u2019inscrit dans le cadre d\u2019une dynamique visant \u00e0 soutenir le d\u00e9veloppement des zones oasiennes et \u00e0 renforcer les fili\u00e8res de production, en particulier la fili\u00e8re phoenicicole.<\/p>\n\n\n\n<p>Plac\u00e9 sous le th\u00e8me \u201cLes oasis, enjeux de durabilit\u00e9 et de d\u00e9veloppement humain\u201d, cet \u00e9v\u00e8nement entend accro\u00eetre le rayonnement du secteur oasien et de ses produits, cr\u00e9er un espace de communication et d\u2019\u00e9change d\u2019exp\u00e9riences entre les diff\u00e9rents acteurs et promouvoir la commercialisation des produits oasiens locaux.<\/p>\n\n\n\n<p>Cet \u00e9v\u00e9nement de trois jours, offre une plateforme aux coop\u00e9ratives, associations et producteurs locaux pour pr\u00e9senter et commercialiser leurs produits, ainsi que de renforcer les capacit\u00e9s techniques et de gestion des agriculteurs.<\/p>\n","protected":false},"excerpt":{"rendered":"<p>Dpress Les zones oasiennes constituent des syst\u00e8mes \u00e9cologiques, patrimoniaux et culturels capables de promouvoir le d\u00e9veloppement socio-\u00e9conomique, a indiqu\u00e9, vendredi \u00e0 Zagora, le ministre de l\u2019Agriculture, de la P\u00eache maritime, du D\u00e9veloppement rural et des Eaux et For\u00eats, Ahmed EL Bouari. S\u2019exprimant \u00e0 l\u2019ouverture de la premi\u00e8re \u00e9dition du Forum national des oasis, M. El &hellip;<\/p>\n","protected":false},"author":2,"featured_media":28221,"comment_status":"open","ping_status":"open","sticky":false,"template":"","format":"standard","meta":{"footnotes":""},"categories":[26],"tags":[],"class_list":["post-28220","post","type-post","status-publish","format-standard","has-post-thumbnail","hentry","category-politiques"],"yoast_head":"<!-- This site is optimized with the Yoast SEO plugin v27.5 - https:\/\/yoast.com\/product\/yoast-seo-wordpress\/ -->\n<title>Les oasis, des syst\u00e8mes \u00e9cologiques capables de promouvoir le d\u00e9veloppement socio-\u00e9conomique - Dpress.ma\/fr<\/title>\n<meta name=\"robots\" content=\"index, follow, max-snippet:-1, max-image-preview:large, max-video-preview:-1\" \/>\n<link rel=\"canonical\" href=\"https:\/\/dpress.ma\/fr\/2026\/04\/11\/les-oasis-des-systemes-ecologiques-capables-de-promouvoir-le-developpement-socio-economique\/\" \/>\n<meta property=\"og:locale\" content=\"fr_FR\" \/>\n<meta property=\"og:type\" content=\"article\" \/>\n<meta property=\"og:title\" content=\"Les oasis, des syst\u00e8mes \u00e9cologiques capables de promouvoir le d\u00e9veloppement socio-\u00e9conomique - Dpress.ma\/fr\" \/>\n<meta property=\"og:description\" content=\"Dpress Les zones oasiennes constituent des syst\u00e8mes \u00e9cologiques, patrimoniaux et culturels capables de promouvoir le d\u00e9veloppement socio-\u00e9conomique, a indiqu\u00e9, vendredi \u00e0 Zagora, le ministre de l\u2019Agriculture, de la P\u00eache maritime, du D\u00e9veloppement rural et des Eaux et For\u00eats, Ahmed EL Bouari. S\u2019exprimant \u00e0 l\u2019ouverture de la premi\u00e8re \u00e9dition du Forum national des oasis, M. El &hellip;\" \/>\n<meta property=\"og:url\" content=\"https:\/\/dpress.ma\/fr\/2026\/04\/11\/les-oasis-des-systemes-ecologiques-capables-de-promouvoir-le-developpement-socio-economique\/\" \/>\n<meta property=\"og:site_name\" content=\"Dpress.ma\/fr\" \/>\n<meta property=\"article:published_time\" content=\"2026-04-11T09:13:48+00:00\" \/>\n<meta property=\"article:modified_time\" content=\"2026-04-11T09:13:50+00:00\" \/>\n<meta property=\"og:image\" content=\"https:\/\/dpress.ma\/fr\/wp-content\/uploads\/sites\/2\/2026\/04\/35-4.jpg\" \/>\n\t<meta property=\"og:image:width\" content=\"2539\" \/>\n\t<meta property=\"og:image:height\" content=\"1594\" \/>\n\t<meta property=\"og:image:type\" content=\"image\/jpeg\" \/>\n<meta name=\"author\" content=\"Dpress.ma\" \/>\n<meta name=\"twitter:card\" content=\"summary_large_image\" \/>\n<meta name=\"twitter:label1\" content=\"\u00c9crit par\" \/>\n\t<meta name=\"twitter:data1\" content=\"Dpress.ma\" \/>\n\t<meta name=\"twitter:label2\" content=\"Dur\u00e9e de lecture estim\u00e9e\" \/>\n\t<meta name=\"twitter:data2\" content=\"4 minutes\" \/>\n<script type=\"application\/ld+json\" class=\"yoast-schema-graph\">{\"@context\":\"https:\\\/\\\/schema.org\",\"@graph\":[{\"@type\":\"Article\",\"@id\":\"https:\\\/\\\/dpress.ma\\\/fr\\\/2026\\\/04\\\/11\\\/les-oasis-des-systemes-ecologiques-capables-de-promouvoir-le-developpement-socio-economique\\\/#article\",\"isPartOf\":{\"@id\":\"https:\\\/\\\/dpress.ma\\\/fr\\\/2026\\\/04\\\/11\\\/les-oasis-des-systemes-ecologiques-capables-de-promouvoir-le-developpement-socio-economique\\\/\"},\"author\":{\"name\":\"Dpress.ma\",\"@id\":\"https:\\\/\\\/dpress.ma\\\/fr\\\/#\\\/schema\\\/person\\\/4898febf3ccd59e6578d838656a306a0\"},\"headline\":\"Les oasis, des syst\u00e8mes \u00e9cologiques capables de promouvoir le d\u00e9veloppement socio-\u00e9conomique\",\"datePublished\":\"2026-04-11T09:13:48+00:00\",\"dateModified\":\"2026-04-11T09:13:50+00:00\",\"mainEntityOfPage\":{\"@id\":\"https:\\\/\\\/dpress.ma\\\/fr\\\/2026\\\/04\\\/11\\\/les-oasis-des-systemes-ecologiques-capables-de-promouvoir-le-developpement-socio-economique\\\/\"},\"wordCount\":802,\"commentCount\":0,\"image\":{\"@id\":\"https:\\\/\\\/dpress.ma\\\/fr\\\/2026\\\/04\\\/11\\\/les-oasis-des-systemes-ecologiques-capables-de-promouvoir-le-developpement-socio-economique\\\/#primaryimage\"},\"thumbnailUrl\":\"https:\\\/\\\/dpress.ma\\\/fr\\\/wp-content\\\/uploads\\\/sites\\\/2\\\/2026\\\/04\\\/35-4.jpg\",\"articleSection\":[\"Politiques\"],\"inLanguage\":\"fr-FR\",\"potentialAction\":[{\"@type\":\"CommentAction\",\"name\":\"Comment\",\"target\":[\"https:\\\/\\\/dpress.ma\\\/fr\\\/2026\\\/04\\\/11\\\/les-oasis-des-systemes-ecologiques-capables-de-promouvoir-le-developpement-socio-economique\\\/#respond\"]}]},{\"@type\":\"WebPage\",\"@id\":\"https:\\\/\\\/dpress.ma\\\/fr\\\/2026\\\/04\\\/11\\\/les-oasis-des-systemes-ecologiques-capables-de-promouvoir-le-developpement-socio-economique\\\/\",\"url\":\"https:\\\/\\\/dpress.ma\\\/fr\\\/2026\\\/04\\\/11\\\/les-oasis-des-systemes-ecologiques-capables-de-promouvoir-le-developpement-socio-economique\\\/\",\"name\":\"Les oasis, des syst\u00e8mes \u00e9cologiques capables de promouvoir le d\u00e9veloppement socio-\u00e9conomique - Dpress.ma\\\/fr\",\"isPartOf\":{\"@id\":\"https:\\\/\\\/dpress.ma\\\/fr\\\/#website\"},\"primaryImageOfPage\":{\"@id\":\"https:\\\/\\\/dpress.ma\\\/fr\\\/2026\\\/04\\\/11\\\/les-oasis-des-systemes-ecologiques-capables-de-promouvoir-le-developpement-socio-economique\\\/#primaryimage\"},\"image\":{\"@id\":\"https:\\\/\\\/dpress.ma\\\/fr\\\/2026\\\/04\\\/11\\\/les-oasis-des-systemes-ecologiques-capables-de-promouvoir-le-developpement-socio-economique\\\/#primaryimage\"},\"thumbnailUrl\":\"https:\\\/\\\/dpress.ma\\\/fr\\\/wp-content\\\/uploads\\\/sites\\\/2\\\/2026\\\/04\\\/35-4.jpg\",\"datePublished\":\"2026-04-11T09:13:48+00:00\",\"dateModified\":\"2026-04-11T09:13:50+00:00\",\"author\":{\"@id\":\"https:\\\/\\\/dpress.ma\\\/fr\\\/#\\\/schema\\\/person\\\/4898febf3ccd59e6578d838656a306a0\"},\"breadcrumb\":{\"@id\":\"https:\\\/\\\/dpress.ma\\\/fr\\\/2026\\\/04\\\/11\\\/les-oasis-des-systemes-ecologiques-capables-de-promouvoir-le-developpement-socio-economique\\\/#breadcrumb\"},\"inLanguage\":\"fr-FR\",\"potentialAction\":[{\"@type\":\"ReadAction\",\"target\":[\"https:\\\/\\\/dpress.ma\\\/fr\\\/2026\\\/04\\\/11\\\/les-oasis-des-systemes-ecologiques-capables-de-promouvoir-le-developpement-socio-economique\\\/\"]}]},{\"@type\":\"ImageObject\",\"inLanguage\":\"fr-FR\",\"@id\":\"https:\\\/\\\/dpress.ma\\\/fr\\\/2026\\\/04\\\/11\\\/les-oasis-des-systemes-ecologiques-capables-de-promouvoir-le-developpement-socio-economique\\\/#primaryimage\",\"url\":\"https:\\\/\\\/dpress.ma\\\/fr\\\/wp-content\\\/uploads\\\/sites\\\/2\\\/2026\\\/04\\\/35-4.jpg\",\"contentUrl\":\"https:\\\/\\\/dpress.ma\\\/fr\\\/wp-content\\\/uploads\\\/sites\\\/2\\\/2026\\\/04\\\/35-4.jpg\",\"width\":2539,\"height\":1594},{\"@type\":\"BreadcrumbList\",\"@id\":\"https:\\\/\\\/dpress.ma\\\/fr\\\/2026\\\/04\\\/11\\\/les-oasis-des-systemes-ecologiques-capables-de-promouvoir-le-developpement-socio-economique\\\/#breadcrumb\",\"itemListElement\":[{\"@type\":\"ListItem\",\"position\":1,\"name\":\"Home\",\"item\":\"https:\\\/\\\/dpress.ma\\\/fr\\\/\"},{\"@type\":\"ListItem\",\"position\":2,\"name\":\"Les oasis, des syst\u00e8mes \u00e9cologiques capables de promouvoir le d\u00e9veloppement socio-\u00e9conomique\"}]},{\"@type\":\"WebSite\",\"@id\":\"https:\\\/\\\/dpress.ma\\\/fr\\\/#website\",\"url\":\"https:\\\/\\\/dpress.ma\\\/fr\\\/\",\"name\":\"Dpress.ma\\\/fr\",\"description\":\"\",\"potentialAction\":[{\"@type\":\"SearchAction\",\"target\":{\"@type\":\"EntryPoint\",\"urlTemplate\":\"https:\\\/\\\/dpress.ma\\\/fr\\\/?s={search_term_string}\"},\"query-input\":{\"@type\":\"PropertyValueSpecification\",\"valueRequired\":true,\"valueName\":\"search_term_string\"}}],\"inLanguage\":\"fr-FR\"},{\"@type\":\"Person\",\"@id\":\"https:\\\/\\\/dpress.ma\\\/fr\\\/#\\\/schema\\\/person\\\/4898febf3ccd59e6578d838656a306a0\",\"name\":\"Dpress.ma\",\"image\":{\"@type\":\"ImageObject\",\"inLanguage\":\"fr-FR\",\"@id\":\"https:\\\/\\\/secure.gravatar.com\\\/avatar\\\/72ecc30e9db047a2e0e7176561eb9d564ed77c8108376495b19bd8336405198a?s=96&d=mm&r=g\",\"url\":\"https:\\\/\\\/secure.gravatar.com\\\/avatar\\\/72ecc30e9db047a2e0e7176561eb9d564ed77c8108376495b19bd8336405198a?s=96&d=mm&r=g\",\"contentUrl\":\"https:\\\/\\\/secure.gravatar.com\\\/avatar\\\/72ecc30e9db047a2e0e7176561eb9d564ed77c8108376495b19bd8336405198a?s=96&d=mm&r=g\",\"caption\":\"Dpress.ma\"},\"sameAs\":[\"https:\\\/\\\/www.dpress.ma\"],\"url\":\"https:\\\/\\\/dpress.ma\\\/fr\\\/author\\\/dpress-ma\\\/\"}]}<\/script>\n<!-- \/ Yoast SEO plugin. -->","yoast_head_json":{"title":"Les oasis, des syst\u00e8mes \u00e9cologiques capables de promouvoir le d\u00e9veloppement socio-\u00e9conomique - Dpress.ma\/fr","robots":{"index":"index","follow":"follow","max-snippet":"max-snippet:-1","max-image-preview":"max-image-preview:large","max-video-preview":"max-video-preview:-1"},"canonical":"https:\/\/dpress.ma\/fr\/2026\/04\/11\/les-oasis-des-systemes-ecologiques-capables-de-promouvoir-le-developpement-socio-economique\/","og_locale":"fr_FR","og_type":"article","og_title":"Les oasis, des syst\u00e8mes \u00e9cologiques capables de promouvoir le d\u00e9veloppement socio-\u00e9conomique - Dpress.ma\/fr","og_description":"Dpress Les zones oasiennes constituent des syst\u00e8mes \u00e9cologiques, patrimoniaux et culturels capables de promouvoir le d\u00e9veloppement socio-\u00e9conomique, a indiqu\u00e9, vendredi \u00e0 Zagora, le ministre de l\u2019Agriculture, de la P\u00eache maritime, du D\u00e9veloppement rural et des Eaux et For\u00eats, Ahmed EL Bouari. S\u2019exprimant \u00e0 l\u2019ouverture de la premi\u00e8re \u00e9dition du Forum national des oasis, M. El &hellip;","og_url":"https:\/\/dpress.ma\/fr\/2026\/04\/11\/les-oasis-des-systemes-ecologiques-capables-de-promouvoir-le-developpement-socio-economique\/","og_site_name":"Dpress.ma\/fr","article_published_time":"2026-04-11T09:13:48+00:00","article_modified_time":"2026-04-11T09:13:50+00:00","og_image":[{"width":2539,"height":1594,"url":"https:\/\/dpress.ma\/fr\/wp-content\/uploads\/sites\/2\/2026\/04\/35-4.jpg","type":"image\/jpeg"}],"author":"Dpress.ma","twitter_card":"summary_large_image","twitter_misc":{"\u00c9crit par":"Dpress.ma","Dur\u00e9e de lecture estim\u00e9e":"4 minutes"},"schema":{"@context":"https:\/\/schema.org","@graph":[{"@type":"Article","@id":"https:\/\/dpress.ma\/fr\/2026\/04\/11\/les-oasis-des-systemes-ecologiques-capables-de-promouvoir-le-developpement-socio-economique\/#article","isPartOf":{"@id":"https:\/\/dpress.ma\/fr\/2026\/04\/11\/les-oasis-des-systemes-ecologiques-capables-de-promouvoir-le-developpement-socio-economique\/"},"author":{"name":"Dpress.ma","@id":"https:\/\/dpress.ma\/fr\/#\/schema\/person\/4898febf3ccd59e6578d838656a306a0"},"headline":"Les oasis, des syst\u00e8mes \u00e9cologiques capables de promouvoir le d\u00e9veloppement socio-\u00e9conomique","datePublished":"2026-04-11T09:13:48+00:00","dateModified":"2026-04-11T09:13:50+00:00","mainEntityOfPage":{"@id":"https:\/\/dpress.ma\/fr\/2026\/04\/11\/les-oasis-des-systemes-ecologiques-capables-de-promouvoir-le-developpement-socio-economique\/"},"wordCount":802,"commentCount":0,"image":{"@id":"https:\/\/dpress.ma\/fr\/2026\/04\/11\/les-oasis-des-systemes-ecologiques-capables-de-promouvoir-le-developpement-socio-economique\/#primaryimage"},"thumbnailUrl":"https:\/\/dpress.ma\/fr\/wp-content\/uploads\/sites\/2\/2026\/04\/35-4.jpg","articleSection":["Politiques"],"inLanguage":"fr-FR","potentialAction":[{"@type":"CommentAction","name":"Comment","target":["https:\/\/dpress.ma\/fr\/2026\/04\/11\/les-oasis-des-systemes-ecologiques-capables-de-promouvoir-le-developpement-socio-economique\/#respond"]}]},{"@type":"WebPage","@id":"https:\/\/dpress.ma\/fr\/2026\/04\/11\/les-oasis-des-systemes-ecologiques-capables-de-promouvoir-le-developpement-socio-economique\/","url":"https:\/\/dpress.ma\/fr\/2026\/04\/11\/les-oasis-des-systemes-ecologiques-capables-de-promouvoir-le-developpement-socio-economique\/","name":"Les oasis, des syst\u00e8mes \u00e9cologiques capables de promouvoir le d\u00e9veloppement socio-\u00e9conomique - Dpress.ma\/fr","isPartOf":{"@id":"https:\/\/dpress.ma\/fr\/#website"},"primaryImageOfPage":{"@id":"https:\/\/dpress.ma\/fr\/2026\/04\/11\/les-oasis-des-systemes-ecologiques-capables-de-promouvoir-le-developpement-socio-economique\/#primaryimage"},"image":{"@id":"https:\/\/dpress.ma\/fr\/2026\/04\/11\/les-oasis-des-systemes-ecologiques-capables-de-promouvoir-le-developpement-socio-economique\/#primaryimage"},"thumbnailUrl":"https:\/\/dpress.ma\/fr\/wp-content\/uploads\/sites\/2\/2026\/04\/35-4.jpg","datePublished":"2026-04-11T09:13:48+00:00","dateModified":"2026-04-11T09:13:50+00:00","author":{"@id":"https:\/\/dpress.ma\/fr\/#\/schema\/person\/4898febf3ccd59e6578d838656a306a0"},"breadcrumb":{"@id":"https:\/\/dpress.ma\/fr\/2026\/04\/11\/les-oasis-des-systemes-ecologiques-capables-de-promouvoir-le-developpement-socio-economique\/#breadcrumb"},"inLanguage":"fr-FR","potentialAction":[{"@type":"ReadAction","target":["https:\/\/dpress.ma\/fr\/2026\/04\/11\/les-oasis-des-systemes-ecologiques-capables-de-promouvoir-le-developpement-socio-economique\/"]}]},{"@type":"ImageObject","inLanguage":"fr-FR","@id":"https:\/\/dpress.ma\/fr\/2026\/04\/11\/les-oasis-des-systemes-ecologiques-capables-de-promouvoir-le-developpement-socio-economique\/#primaryimage","url":"https:\/\/dpress.ma\/fr\/wp-content\/uploads\/sites\/2\/2026\/04\/35-4.jpg","contentUrl":"https:\/\/dpress.ma\/fr\/wp-content\/uploads\/sites\/2\/2026\/04\/35-4.jpg","width":2539,"height":1594},{"@type":"BreadcrumbList","@id":"https:\/\/dpress.ma\/fr\/2026\/04\/11\/les-oasis-des-systemes-ecologiques-capables-de-promouvoir-le-developpement-socio-economique\/#breadcrumb","itemListElement":[{"@type":"ListItem","position":1,"name":"Home","item":"https:\/\/dpress.ma\/fr\/"},{"@type":"ListItem","position":2,"name":"Les oasis, des syst\u00e8mes \u00e9cologiques capables de promouvoir le d\u00e9veloppement socio-\u00e9conomique"}]},{"@type":"WebSite","@id":"https:\/\/dpress.ma\/fr\/#website","url":"https:\/\/dpress.ma\/fr\/","name":"Dpress.ma\/fr","description":"","potentialAction":[{"@type":"SearchAction","target":{"@type":"EntryPoint","urlTemplate":"https:\/\/dpress.ma\/fr\/?s={search_term_string}"},"query-input":{"@type":"PropertyValueSpecification","valueRequired":true,"valueName":"search_term_string"}}],"inLanguage":"fr-FR"},{"@type":"Person","@id":"https:\/\/dpress.ma\/fr\/#\/schema\/person\/4898febf3ccd59e6578d838656a306a0","name":"Dpress.ma","image":{"@type":"ImageObject","inLanguage":"fr-FR","@id":"https:\/\/secure.gravatar.com\/avatar\/72ecc30e9db047a2e0e7176561eb9d564ed77c8108376495b19bd8336405198a?s=96&d=mm&r=g","url":"https:\/\/secure.gravatar.com\/avatar\/72ecc30e9db047a2e0e7176561eb9d564ed77c8108376495b19bd8336405198a?s=96&d=mm&r=g","contentUrl":"https:\/\/secure.gravatar.com\/avatar\/72ecc30e9db047a2e0e7176561eb9d564ed77c8108376495b19bd8336405198a?s=96&d=mm&r=g","caption":"Dpress.ma"},"sameAs":["https:\/\/www.dpress.ma"],"url":"https:\/\/dpress.ma\/fr\/author\/dpress-ma\/"}]}},"amp_enabled":true,"_links":{"self":[{"href":"https:\/\/dpress.ma\/fr\/wp-json\/wp\/v2\/posts\/28220","targetHints":{"allow":["GET"]}}],"collection":[{"href":"https:\/\/dpress.ma\/fr\/wp-json\/wp\/v2\/posts"}],"about":[{"href":"https:\/\/dpress.ma\/fr\/wp-json\/wp\/v2\/types\/post"}],"author":[{"embeddable":true,"href":"https:\/\/dpress.ma\/fr\/wp-json\/wp\/v2\/users\/2"}],"replies":[{"embeddable":true,"href":"https:\/\/dpress.ma\/fr\/wp-json\/wp\/v2\/comments?post=28220"}],"version-history":[{"count":1,"href":"https:\/\/dpress.ma\/fr\/wp-json\/wp\/v2\/posts\/28220\/revisions"}],"predecessor-version":[{"id":28222,"href":"https:\/\/dpress.ma\/fr\/wp-json\/wp\/v2\/posts\/28220\/revisions\/28222"}],"wp:featuredmedia":[{"embeddable":true,"href":"https:\/\/dpress.ma\/fr\/wp-json\/wp\/v2\/media\/28221"}],"wp:attachment":[{"href":"https:\/\/dpress.ma\/fr\/wp-json\/wp\/v2\/media?parent=28220"}],"wp:term":[{"taxonomy":"category","embeddable":true,"href":"https:\/\/dpress.ma\/fr\/wp-json\/wp\/v2\/categories?post=28220"},{"taxonomy":"post_tag","embeddable":true,"href":"https:\/\/dpress.ma\/fr\/wp-json\/wp\/v2\/tags?post=28220"}],"curies":[{"name":"wp","href":"https:\/\/api.w.org\/{rel}","templated":true}]}}