{"id":28201,"date":"2026-04-10T16:33:44","date_gmt":"2026-04-10T16:33:44","guid":{"rendered":"https:\/\/dpress.ma\/fr\/?p=28201"},"modified":"2026-04-10T16:33:45","modified_gmt":"2026-04-10T16:33:45","slug":"la-nouvelle-generation-de-programmes-de-developpement-territorial-integre-une-transformation-globale-pour-lamelioration-des-conditions-de-vie-des-citoyens-conformement-a-la-vision-royale","status":"publish","type":"post","link":"https:\/\/dpress.ma\/fr\/2026\/04\/10\/la-nouvelle-generation-de-programmes-de-developpement-territorial-integre-une-transformation-globale-pour-lamelioration-des-conditions-de-vie-des-citoyens-conformement-a-la-vision-royale\/","title":{"rendered":"La nouvelle g\u00e9n\u00e9ration de programmes de d\u00e9veloppement territorial int\u00e9gr\u00e9, une transformation globale pour l\u2019am\u00e9lioration des conditions de vie des citoyens, conform\u00e9ment \u00e0 la vision Royale"},"content":{"rendered":"\n<p>Dpress<\/p>\n\n\n\n<p>La nouvelle g\u00e9n\u00e9ration de programmes de d\u00e9veloppement territorial int\u00e9gr\u00e9, qui intervient en application de Hautes orientations de Sa Majest\u00e9 le Roi Mohammed VI, constitue une transformation op\u00e9rationnelle globale visant \u00e0 am\u00e9liorer les conditions de vie des citoyens dans les diff\u00e9rentes r\u00e9gions du Royaume, a affirm\u00e9, vendredi, le professeur de droit public \u00e0 l\u2019universit\u00e9 Cadi Ayyad de Marrakech, Atiq Essaid.<\/p>\n\n\n\n<p>Dans une d\u00e9claration \u00e0 la MAP, M. Essaid a indiqu\u00e9 que la mise en \u0153uvre de ces programmes constitue \u201cune transformation op\u00e9rationnelle globale de la gestion du territoire, reposant sur le passage des approches traditionnelles \u00e0 une approche ax\u00e9e sur la mise en \u0153uvre efficace des diff\u00e9rents projets de d\u00e9veloppement int\u00e9gr\u00e9s, afin de garantir des r\u00e9sultats concrets ayant un impact plus important sur l\u2019am\u00e9lioration du mode de vie des citoyens, dans le cadre de la cons\u00e9cration de la justice spatiale\u201d.<\/p>\n\n\n\n<p>La conception de la nouvelle g\u00e9n\u00e9ration de programmes de d\u00e9veloppement territorial repose sur un d\u00e9veloppement global des m\u00e9canismes de gestion, au service d\u2019un d\u00e9veloppement territorial juste, \u00e9quitable et ayant un impact concret sur les citoyens, a-t-il fait observer, ajoutant que ces projets doivent s\u2019inscrire dans un calendrier clair et pr\u00e9cis contribuant \u00e0 acc\u00e9l\u00e9rer la r\u00e9alisation des projets dans les diff\u00e9rentes r\u00e9gions du Royaume, pour pouvoir b\u00e9n\u00e9ficier des opportunit\u00e9s de d\u00e9veloppement durable.<\/p>\n\n\n\n<p>M. Essaid a mis en avant, dans ce cadre, la volont\u00e9 Royale de faire en sorte que ces programmes contribuent \u00e0 l\u2019am\u00e9lioration de la situation des citoyens et \u00e0 la r\u00e9alisation d\u2019un changement r\u00e9el et durable.<\/p>\n\n\n\n<p>La nouvelle g\u00e9n\u00e9ration de programmes de d\u00e9veloppement territorial int\u00e9gr\u00e9 tend \u00e0 d\u00e9passer le cadre \u00e9troit des projets \u00e0 long terme et des approches traditionnelles limit\u00e9es, a-t-il expliqu\u00e9, notant que ces programmes contribueront \u00e0 la mise en place d\u2019un syst\u00e8me int\u00e9gr\u00e9 de programmes et de services territoriaux, caract\u00e9ris\u00e9 par l\u2019\u00e9galit\u00e9 des chances et des moyens et permettant de r\u00e9duire les disparit\u00e9s sociales et \u00e9conomiques dans les diff\u00e9rentes r\u00e9gions du Royaume.<\/p>\n\n\n\n<p>Le Maroc dispose des atouts et des opportunit\u00e9s n\u00e9cessaires \u00e0 la r\u00e9alisation du d\u00e9veloppement, gr\u00e2ce \u00e0 l\u2019int\u00e9gration des principes de bonne gouvernance \u00e0 toutes les \u00e9tapes de la mise en \u0153uvre des programmes de d\u00e9veloppement territorial, a soulign\u00e9 M. Essaid, ajoutant que ces principes sont fond\u00e9s sur la valorisation des sp\u00e9cificit\u00e9s locales, la cons\u00e9cration de la r\u00e9gionalisation avanc\u00e9e, la compl\u00e9mentarit\u00e9 et la solidarit\u00e9.<\/p>\n","protected":false},"excerpt":{"rendered":"<p>Dpress La nouvelle g\u00e9n\u00e9ration de programmes de d\u00e9veloppement territorial int\u00e9gr\u00e9, qui intervient en application de Hautes orientations de Sa Majest\u00e9 le Roi Mohammed VI, constitue une transformation op\u00e9rationnelle globale visant \u00e0 am\u00e9liorer les conditions de vie des citoyens dans les diff\u00e9rentes r\u00e9gions du Royaume, a affirm\u00e9, vendredi, le professeur de droit public \u00e0 l\u2019universit\u00e9 Cadi &hellip;<\/p>\n","protected":false},"author":2,"featured_media":28202,"comment_status":"open","ping_status":"open","sticky":false,"template":"","format":"standard","meta":{"footnotes":""},"categories":[41],"tags":[],"class_list":["post-28201","post","type-post","status-publish","format-standard","has-post-thumbnail","hentry","category-opinions-et-debats"],"yoast_head":"<!-- This site is optimized with the Yoast SEO plugin v27.5 - https:\/\/yoast.com\/product\/yoast-seo-wordpress\/ -->\n<title>La nouvelle g\u00e9n\u00e9ration de programmes de d\u00e9veloppement territorial int\u00e9gr\u00e9, une transformation globale pour l\u2019am\u00e9lioration des conditions de vie des citoyens, conform\u00e9ment \u00e0 la vision Royale - Dpress.ma\/fr<\/title>\n<meta name=\"robots\" content=\"index, follow, max-snippet:-1, max-image-preview:large, max-video-preview:-1\" \/>\n<link rel=\"canonical\" href=\"https:\/\/dpress.ma\/fr\/2026\/04\/10\/la-nouvelle-generation-de-programmes-de-developpement-territorial-integre-une-transformation-globale-pour-lamelioration-des-conditions-de-vie-des-citoyens-conformement-a-la-vision-royale\/\" \/>\n<meta property=\"og:locale\" content=\"fr_FR\" \/>\n<meta property=\"og:type\" content=\"article\" \/>\n<meta property=\"og:title\" content=\"La nouvelle g\u00e9n\u00e9ration de programmes de d\u00e9veloppement territorial int\u00e9gr\u00e9, une transformation globale pour l\u2019am\u00e9lioration des conditions de vie des citoyens, conform\u00e9ment \u00e0 la vision Royale - Dpress.ma\/fr\" \/>\n<meta property=\"og:description\" content=\"Dpress La nouvelle g\u00e9n\u00e9ration de programmes de d\u00e9veloppement territorial int\u00e9gr\u00e9, qui intervient en application de Hautes orientations de Sa Majest\u00e9 le Roi Mohammed VI, constitue une transformation op\u00e9rationnelle globale visant \u00e0 am\u00e9liorer les conditions de vie des citoyens dans les diff\u00e9rentes r\u00e9gions du Royaume, a affirm\u00e9, vendredi, le professeur de droit public \u00e0 l\u2019universit\u00e9 Cadi &hellip;\" \/>\n<meta property=\"og:url\" content=\"https:\/\/dpress.ma\/fr\/2026\/04\/10\/la-nouvelle-generation-de-programmes-de-developpement-territorial-integre-une-transformation-globale-pour-lamelioration-des-conditions-de-vie-des-citoyens-conformement-a-la-vision-royale\/\" \/>\n<meta property=\"og:site_name\" content=\"Dpress.ma\/fr\" \/>\n<meta property=\"article:published_time\" content=\"2026-04-10T16:33:44+00:00\" \/>\n<meta property=\"article:modified_time\" content=\"2026-04-10T16:33:45+00:00\" \/>\n<meta property=\"og:image\" content=\"https:\/\/dpress.ma\/fr\/wp-content\/uploads\/sites\/2\/2026\/04\/50-7.jpg\" \/>\n\t<meta property=\"og:image:width\" content=\"2539\" \/>\n\t<meta property=\"og:image:height\" content=\"1594\" \/>\n\t<meta property=\"og:image:type\" content=\"image\/jpeg\" \/>\n<meta name=\"author\" content=\"Dpress.ma\" \/>\n<meta name=\"twitter:card\" content=\"summary_large_image\" \/>\n<meta name=\"twitter:label1\" content=\"\u00c9crit par\" \/>\n\t<meta name=\"twitter:data1\" content=\"Dpress.ma\" \/>\n\t<meta name=\"twitter:label2\" content=\"Dur\u00e9e de lecture estim\u00e9e\" \/>\n\t<meta name=\"twitter:data2\" content=\"2 minutes\" \/>\n<script type=\"application\/ld+json\" class=\"yoast-schema-graph\">{\"@context\":\"https:\\\/\\\/schema.org\",\"@graph\":[{\"@type\":\"Article\",\"@id\":\"https:\\\/\\\/dpress.ma\\\/fr\\\/2026\\\/04\\\/10\\\/la-nouvelle-generation-de-programmes-de-developpement-territorial-integre-une-transformation-globale-pour-lamelioration-des-conditions-de-vie-des-citoyens-conformement-a-la-vision-royale\\\/#article\",\"isPartOf\":{\"@id\":\"https:\\\/\\\/dpress.ma\\\/fr\\\/2026\\\/04\\\/10\\\/la-nouvelle-generation-de-programmes-de-developpement-territorial-integre-une-transformation-globale-pour-lamelioration-des-conditions-de-vie-des-citoyens-conformement-a-la-vision-royale\\\/\"},\"author\":{\"name\":\"Dpress.ma\",\"@id\":\"https:\\\/\\\/dpress.ma\\\/fr\\\/#\\\/schema\\\/person\\\/4898febf3ccd59e6578d838656a306a0\"},\"headline\":\"La nouvelle g\u00e9n\u00e9ration de programmes de d\u00e9veloppement territorial int\u00e9gr\u00e9, une transformation globale pour l\u2019am\u00e9lioration des conditions de vie des citoyens, conform\u00e9ment \u00e0 la vision Royale\",\"datePublished\":\"2026-04-10T16:33:44+00:00\",\"dateModified\":\"2026-04-10T16:33:45+00:00\",\"mainEntityOfPage\":{\"@id\":\"https:\\\/\\\/dpress.ma\\\/fr\\\/2026\\\/04\\\/10\\\/la-nouvelle-generation-de-programmes-de-developpement-territorial-integre-une-transformation-globale-pour-lamelioration-des-conditions-de-vie-des-citoyens-conformement-a-la-vision-royale\\\/\"},\"wordCount\":470,\"commentCount\":0,\"image\":{\"@id\":\"https:\\\/\\\/dpress.ma\\\/fr\\\/2026\\\/04\\\/10\\\/la-nouvelle-generation-de-programmes-de-developpement-territorial-integre-une-transformation-globale-pour-lamelioration-des-conditions-de-vie-des-citoyens-conformement-a-la-vision-royale\\\/#primaryimage\"},\"thumbnailUrl\":\"https:\\\/\\\/dpress.ma\\\/fr\\\/wp-content\\\/uploads\\\/sites\\\/2\\\/2026\\\/04\\\/50-7.jpg\",\"articleSection\":[\"opinions-et-debats\"],\"inLanguage\":\"fr-FR\",\"potentialAction\":[{\"@type\":\"CommentAction\",\"name\":\"Comment\",\"target\":[\"https:\\\/\\\/dpress.ma\\\/fr\\\/2026\\\/04\\\/10\\\/la-nouvelle-generation-de-programmes-de-developpement-territorial-integre-une-transformation-globale-pour-lamelioration-des-conditions-de-vie-des-citoyens-conformement-a-la-vision-royale\\\/#respond\"]}]},{\"@type\":\"WebPage\",\"@id\":\"https:\\\/\\\/dpress.ma\\\/fr\\\/2026\\\/04\\\/10\\\/la-nouvelle-generation-de-programmes-de-developpement-territorial-integre-une-transformation-globale-pour-lamelioration-des-conditions-de-vie-des-citoyens-conformement-a-la-vision-royale\\\/\",\"url\":\"https:\\\/\\\/dpress.ma\\\/fr\\\/2026\\\/04\\\/10\\\/la-nouvelle-generation-de-programmes-de-developpement-territorial-integre-une-transformation-globale-pour-lamelioration-des-conditions-de-vie-des-citoyens-conformement-a-la-vision-royale\\\/\",\"name\":\"La nouvelle g\u00e9n\u00e9ration de programmes de d\u00e9veloppement territorial int\u00e9gr\u00e9, une transformation globale pour l\u2019am\u00e9lioration des conditions de vie des citoyens, conform\u00e9ment \u00e0 la vision Royale - Dpress.ma\\\/fr\",\"isPartOf\":{\"@id\":\"https:\\\/\\\/dpress.ma\\\/fr\\\/#website\"},\"primaryImageOfPage\":{\"@id\":\"https:\\\/\\\/dpress.ma\\\/fr\\\/2026\\\/04\\\/10\\\/la-nouvelle-generation-de-programmes-de-developpement-territorial-integre-une-transformation-globale-pour-lamelioration-des-conditions-de-vie-des-citoyens-conformement-a-la-vision-royale\\\/#primaryimage\"},\"image\":{\"@id\":\"https:\\\/\\\/dpress.ma\\\/fr\\\/2026\\\/04\\\/10\\\/la-nouvelle-generation-de-programmes-de-developpement-territorial-integre-une-transformation-globale-pour-lamelioration-des-conditions-de-vie-des-citoyens-conformement-a-la-vision-royale\\\/#primaryimage\"},\"thumbnailUrl\":\"https:\\\/\\\/dpress.ma\\\/fr\\\/wp-content\\\/uploads\\\/sites\\\/2\\\/2026\\\/04\\\/50-7.jpg\",\"datePublished\":\"2026-04-10T16:33:44+00:00\",\"dateModified\":\"2026-04-10T16:33:45+00:00\",\"author\":{\"@id\":\"https:\\\/\\\/dpress.ma\\\/fr\\\/#\\\/schema\\\/person\\\/4898febf3ccd59e6578d838656a306a0\"},\"breadcrumb\":{\"@id\":\"https:\\\/\\\/dpress.ma\\\/fr\\\/2026\\\/04\\\/10\\\/la-nouvelle-generation-de-programmes-de-developpement-territorial-integre-une-transformation-globale-pour-lamelioration-des-conditions-de-vie-des-citoyens-conformement-a-la-vision-royale\\\/#breadcrumb\"},\"inLanguage\":\"fr-FR\",\"potentialAction\":[{\"@type\":\"ReadAction\",\"target\":[\"https:\\\/\\\/dpress.ma\\\/fr\\\/2026\\\/04\\\/10\\\/la-nouvelle-generation-de-programmes-de-developpement-territorial-integre-une-transformation-globale-pour-lamelioration-des-conditions-de-vie-des-citoyens-conformement-a-la-vision-royale\\\/\"]}]},{\"@type\":\"ImageObject\",\"inLanguage\":\"fr-FR\",\"@id\":\"https:\\\/\\\/dpress.ma\\\/fr\\\/2026\\\/04\\\/10\\\/la-nouvelle-generation-de-programmes-de-developpement-territorial-integre-une-transformation-globale-pour-lamelioration-des-conditions-de-vie-des-citoyens-conformement-a-la-vision-royale\\\/#primaryimage\",\"url\":\"https:\\\/\\\/dpress.ma\\\/fr\\\/wp-content\\\/uploads\\\/sites\\\/2\\\/2026\\\/04\\\/50-7.jpg\",\"contentUrl\":\"https:\\\/\\\/dpress.ma\\\/fr\\\/wp-content\\\/uploads\\\/sites\\\/2\\\/2026\\\/04\\\/50-7.jpg\",\"width\":2539,\"height\":1594},{\"@type\":\"BreadcrumbList\",\"@id\":\"https:\\\/\\\/dpress.ma\\\/fr\\\/2026\\\/04\\\/10\\\/la-nouvelle-generation-de-programmes-de-developpement-territorial-integre-une-transformation-globale-pour-lamelioration-des-conditions-de-vie-des-citoyens-conformement-a-la-vision-royale\\\/#breadcrumb\",\"itemListElement\":[{\"@type\":\"ListItem\",\"position\":1,\"name\":\"Home\",\"item\":\"https:\\\/\\\/dpress.ma\\\/fr\\\/\"},{\"@type\":\"ListItem\",\"position\":2,\"name\":\"La nouvelle g\u00e9n\u00e9ration de programmes de d\u00e9veloppement territorial int\u00e9gr\u00e9, une transformation globale pour l\u2019am\u00e9lioration des conditions de vie des citoyens, conform\u00e9ment \u00e0 la vision Royale\"}]},{\"@type\":\"WebSite\",\"@id\":\"https:\\\/\\\/dpress.ma\\\/fr\\\/#website\",\"url\":\"https:\\\/\\\/dpress.ma\\\/fr\\\/\",\"name\":\"Dpress.ma\\\/fr\",\"description\":\"\",\"potentialAction\":[{\"@type\":\"SearchAction\",\"target\":{\"@type\":\"EntryPoint\",\"urlTemplate\":\"https:\\\/\\\/dpress.ma\\\/fr\\\/?s={search_term_string}\"},\"query-input\":{\"@type\":\"PropertyValueSpecification\",\"valueRequired\":true,\"valueName\":\"search_term_string\"}}],\"inLanguage\":\"fr-FR\"},{\"@type\":\"Person\",\"@id\":\"https:\\\/\\\/dpress.ma\\\/fr\\\/#\\\/schema\\\/person\\\/4898febf3ccd59e6578d838656a306a0\",\"name\":\"Dpress.ma\",\"image\":{\"@type\":\"ImageObject\",\"inLanguage\":\"fr-FR\",\"@id\":\"https:\\\/\\\/secure.gravatar.com\\\/avatar\\\/72ecc30e9db047a2e0e7176561eb9d564ed77c8108376495b19bd8336405198a?s=96&d=mm&r=g\",\"url\":\"https:\\\/\\\/secure.gravatar.com\\\/avatar\\\/72ecc30e9db047a2e0e7176561eb9d564ed77c8108376495b19bd8336405198a?s=96&d=mm&r=g\",\"contentUrl\":\"https:\\\/\\\/secure.gravatar.com\\\/avatar\\\/72ecc30e9db047a2e0e7176561eb9d564ed77c8108376495b19bd8336405198a?s=96&d=mm&r=g\",\"caption\":\"Dpress.ma\"},\"sameAs\":[\"https:\\\/\\\/www.dpress.ma\"],\"url\":\"https:\\\/\\\/dpress.ma\\\/fr\\\/author\\\/dpress-ma\\\/\"}]}<\/script>\n<!-- \/ Yoast SEO plugin. -->","yoast_head_json":{"title":"La nouvelle g\u00e9n\u00e9ration de programmes de d\u00e9veloppement territorial int\u00e9gr\u00e9, une transformation globale pour l\u2019am\u00e9lioration des conditions de vie des citoyens, conform\u00e9ment \u00e0 la vision Royale - Dpress.ma\/fr","robots":{"index":"index","follow":"follow","max-snippet":"max-snippet:-1","max-image-preview":"max-image-preview:large","max-video-preview":"max-video-preview:-1"},"canonical":"https:\/\/dpress.ma\/fr\/2026\/04\/10\/la-nouvelle-generation-de-programmes-de-developpement-territorial-integre-une-transformation-globale-pour-lamelioration-des-conditions-de-vie-des-citoyens-conformement-a-la-vision-royale\/","og_locale":"fr_FR","og_type":"article","og_title":"La nouvelle g\u00e9n\u00e9ration de programmes de d\u00e9veloppement territorial int\u00e9gr\u00e9, une transformation globale pour l\u2019am\u00e9lioration des conditions de vie des citoyens, conform\u00e9ment \u00e0 la vision Royale - Dpress.ma\/fr","og_description":"Dpress La nouvelle g\u00e9n\u00e9ration de programmes de d\u00e9veloppement territorial int\u00e9gr\u00e9, qui intervient en application de Hautes orientations de Sa Majest\u00e9 le Roi Mohammed VI, constitue une transformation op\u00e9rationnelle globale visant \u00e0 am\u00e9liorer les conditions de vie des citoyens dans les diff\u00e9rentes r\u00e9gions du Royaume, a affirm\u00e9, vendredi, le professeur de droit public \u00e0 l\u2019universit\u00e9 Cadi &hellip;","og_url":"https:\/\/dpress.ma\/fr\/2026\/04\/10\/la-nouvelle-generation-de-programmes-de-developpement-territorial-integre-une-transformation-globale-pour-lamelioration-des-conditions-de-vie-des-citoyens-conformement-a-la-vision-royale\/","og_site_name":"Dpress.ma\/fr","article_published_time":"2026-04-10T16:33:44+00:00","article_modified_time":"2026-04-10T16:33:45+00:00","og_image":[{"width":2539,"height":1594,"url":"https:\/\/dpress.ma\/fr\/wp-content\/uploads\/sites\/2\/2026\/04\/50-7.jpg","type":"image\/jpeg"}],"author":"Dpress.ma","twitter_card":"summary_large_image","twitter_misc":{"\u00c9crit par":"Dpress.ma","Dur\u00e9e de lecture estim\u00e9e":"2 minutes"},"schema":{"@context":"https:\/\/schema.org","@graph":[{"@type":"Article","@id":"https:\/\/dpress.ma\/fr\/2026\/04\/10\/la-nouvelle-generation-de-programmes-de-developpement-territorial-integre-une-transformation-globale-pour-lamelioration-des-conditions-de-vie-des-citoyens-conformement-a-la-vision-royale\/#article","isPartOf":{"@id":"https:\/\/dpress.ma\/fr\/2026\/04\/10\/la-nouvelle-generation-de-programmes-de-developpement-territorial-integre-une-transformation-globale-pour-lamelioration-des-conditions-de-vie-des-citoyens-conformement-a-la-vision-royale\/"},"author":{"name":"Dpress.ma","@id":"https:\/\/dpress.ma\/fr\/#\/schema\/person\/4898febf3ccd59e6578d838656a306a0"},"headline":"La nouvelle g\u00e9n\u00e9ration de programmes de d\u00e9veloppement territorial int\u00e9gr\u00e9, une transformation globale pour l\u2019am\u00e9lioration des conditions de vie des citoyens, conform\u00e9ment \u00e0 la vision Royale","datePublished":"2026-04-10T16:33:44+00:00","dateModified":"2026-04-10T16:33:45+00:00","mainEntityOfPage":{"@id":"https:\/\/dpress.ma\/fr\/2026\/04\/10\/la-nouvelle-generation-de-programmes-de-developpement-territorial-integre-une-transformation-globale-pour-lamelioration-des-conditions-de-vie-des-citoyens-conformement-a-la-vision-royale\/"},"wordCount":470,"commentCount":0,"image":{"@id":"https:\/\/dpress.ma\/fr\/2026\/04\/10\/la-nouvelle-generation-de-programmes-de-developpement-territorial-integre-une-transformation-globale-pour-lamelioration-des-conditions-de-vie-des-citoyens-conformement-a-la-vision-royale\/#primaryimage"},"thumbnailUrl":"https:\/\/dpress.ma\/fr\/wp-content\/uploads\/sites\/2\/2026\/04\/50-7.jpg","articleSection":["opinions-et-debats"],"inLanguage":"fr-FR","potentialAction":[{"@type":"CommentAction","name":"Comment","target":["https:\/\/dpress.ma\/fr\/2026\/04\/10\/la-nouvelle-generation-de-programmes-de-developpement-territorial-integre-une-transformation-globale-pour-lamelioration-des-conditions-de-vie-des-citoyens-conformement-a-la-vision-royale\/#respond"]}]},{"@type":"WebPage","@id":"https:\/\/dpress.ma\/fr\/2026\/04\/10\/la-nouvelle-generation-de-programmes-de-developpement-territorial-integre-une-transformation-globale-pour-lamelioration-des-conditions-de-vie-des-citoyens-conformement-a-la-vision-royale\/","url":"https:\/\/dpress.ma\/fr\/2026\/04\/10\/la-nouvelle-generation-de-programmes-de-developpement-territorial-integre-une-transformation-globale-pour-lamelioration-des-conditions-de-vie-des-citoyens-conformement-a-la-vision-royale\/","name":"La nouvelle g\u00e9n\u00e9ration de programmes de d\u00e9veloppement territorial int\u00e9gr\u00e9, une transformation globale pour l\u2019am\u00e9lioration des conditions de vie des citoyens, conform\u00e9ment \u00e0 la vision Royale - Dpress.ma\/fr","isPartOf":{"@id":"https:\/\/dpress.ma\/fr\/#website"},"primaryImageOfPage":{"@id":"https:\/\/dpress.ma\/fr\/2026\/04\/10\/la-nouvelle-generation-de-programmes-de-developpement-territorial-integre-une-transformation-globale-pour-lamelioration-des-conditions-de-vie-des-citoyens-conformement-a-la-vision-royale\/#primaryimage"},"image":{"@id":"https:\/\/dpress.ma\/fr\/2026\/04\/10\/la-nouvelle-generation-de-programmes-de-developpement-territorial-integre-une-transformation-globale-pour-lamelioration-des-conditions-de-vie-des-citoyens-conformement-a-la-vision-royale\/#primaryimage"},"thumbnailUrl":"https:\/\/dpress.ma\/fr\/wp-content\/uploads\/sites\/2\/2026\/04\/50-7.jpg","datePublished":"2026-04-10T16:33:44+00:00","dateModified":"2026-04-10T16:33:45+00:00","author":{"@id":"https:\/\/dpress.ma\/fr\/#\/schema\/person\/4898febf3ccd59e6578d838656a306a0"},"breadcrumb":{"@id":"https:\/\/dpress.ma\/fr\/2026\/04\/10\/la-nouvelle-generation-de-programmes-de-developpement-territorial-integre-une-transformation-globale-pour-lamelioration-des-conditions-de-vie-des-citoyens-conformement-a-la-vision-royale\/#breadcrumb"},"inLanguage":"fr-FR","potentialAction":[{"@type":"ReadAction","target":["https:\/\/dpress.ma\/fr\/2026\/04\/10\/la-nouvelle-generation-de-programmes-de-developpement-territorial-integre-une-transformation-globale-pour-lamelioration-des-conditions-de-vie-des-citoyens-conformement-a-la-vision-royale\/"]}]},{"@type":"ImageObject","inLanguage":"fr-FR","@id":"https:\/\/dpress.ma\/fr\/2026\/04\/10\/la-nouvelle-generation-de-programmes-de-developpement-territorial-integre-une-transformation-globale-pour-lamelioration-des-conditions-de-vie-des-citoyens-conformement-a-la-vision-royale\/#primaryimage","url":"https:\/\/dpress.ma\/fr\/wp-content\/uploads\/sites\/2\/2026\/04\/50-7.jpg","contentUrl":"https:\/\/dpress.ma\/fr\/wp-content\/uploads\/sites\/2\/2026\/04\/50-7.jpg","width":2539,"height":1594},{"@type":"BreadcrumbList","@id":"https:\/\/dpress.ma\/fr\/2026\/04\/10\/la-nouvelle-generation-de-programmes-de-developpement-territorial-integre-une-transformation-globale-pour-lamelioration-des-conditions-de-vie-des-citoyens-conformement-a-la-vision-royale\/#breadcrumb","itemListElement":[{"@type":"ListItem","position":1,"name":"Home","item":"https:\/\/dpress.ma\/fr\/"},{"@type":"ListItem","position":2,"name":"La nouvelle g\u00e9n\u00e9ration de programmes de d\u00e9veloppement territorial int\u00e9gr\u00e9, une transformation globale pour l\u2019am\u00e9lioration des conditions de vie des citoyens, conform\u00e9ment \u00e0 la vision Royale"}]},{"@type":"WebSite","@id":"https:\/\/dpress.ma\/fr\/#website","url":"https:\/\/dpress.ma\/fr\/","name":"Dpress.ma\/fr","description":"","potentialAction":[{"@type":"SearchAction","target":{"@type":"EntryPoint","urlTemplate":"https:\/\/dpress.ma\/fr\/?s={search_term_string}"},"query-input":{"@type":"PropertyValueSpecification","valueRequired":true,"valueName":"search_term_string"}}],"inLanguage":"fr-FR"},{"@type":"Person","@id":"https:\/\/dpress.ma\/fr\/#\/schema\/person\/4898febf3ccd59e6578d838656a306a0","name":"Dpress.ma","image":{"@type":"ImageObject","inLanguage":"fr-FR","@id":"https:\/\/secure.gravatar.com\/avatar\/72ecc30e9db047a2e0e7176561eb9d564ed77c8108376495b19bd8336405198a?s=96&d=mm&r=g","url":"https:\/\/secure.gravatar.com\/avatar\/72ecc30e9db047a2e0e7176561eb9d564ed77c8108376495b19bd8336405198a?s=96&d=mm&r=g","contentUrl":"https:\/\/secure.gravatar.com\/avatar\/72ecc30e9db047a2e0e7176561eb9d564ed77c8108376495b19bd8336405198a?s=96&d=mm&r=g","caption":"Dpress.ma"},"sameAs":["https:\/\/www.dpress.ma"],"url":"https:\/\/dpress.ma\/fr\/author\/dpress-ma\/"}]}},"amp_enabled":true,"_links":{"self":[{"href":"https:\/\/dpress.ma\/fr\/wp-json\/wp\/v2\/posts\/28201","targetHints":{"allow":["GET"]}}],"collection":[{"href":"https:\/\/dpress.ma\/fr\/wp-json\/wp\/v2\/posts"}],"about":[{"href":"https:\/\/dpress.ma\/fr\/wp-json\/wp\/v2\/types\/post"}],"author":[{"embeddable":true,"href":"https:\/\/dpress.ma\/fr\/wp-json\/wp\/v2\/users\/2"}],"replies":[{"embeddable":true,"href":"https:\/\/dpress.ma\/fr\/wp-json\/wp\/v2\/comments?post=28201"}],"version-history":[{"count":1,"href":"https:\/\/dpress.ma\/fr\/wp-json\/wp\/v2\/posts\/28201\/revisions"}],"predecessor-version":[{"id":28203,"href":"https:\/\/dpress.ma\/fr\/wp-json\/wp\/v2\/posts\/28201\/revisions\/28203"}],"wp:featuredmedia":[{"embeddable":true,"href":"https:\/\/dpress.ma\/fr\/wp-json\/wp\/v2\/media\/28202"}],"wp:attachment":[{"href":"https:\/\/dpress.ma\/fr\/wp-json\/wp\/v2\/media?parent=28201"}],"wp:term":[{"taxonomy":"category","embeddable":true,"href":"https:\/\/dpress.ma\/fr\/wp-json\/wp\/v2\/categories?post=28201"},{"taxonomy":"post_tag","embeddable":true,"href":"https:\/\/dpress.ma\/fr\/wp-json\/wp\/v2\/tags?post=28201"}],"curies":[{"name":"wp","href":"https:\/\/api.w.org\/{rel}","templated":true}]}}