{"id":2820,"date":"2022-12-08T16:42:28","date_gmt":"2022-12-08T16:42:28","guid":{"rendered":"https:\/\/dpress.ma\/fr\/?p=2820"},"modified":"2022-12-08T16:42:29","modified_gmt":"2022-12-08T16:42:29","slug":"le-conseil-de-gouvernement-prend-connaissance-du-statut-du-centre-africain-pour-le-developpement-des-ressources-minerales","status":"publish","type":"post","link":"https:\/\/dpress.ma\/fr\/2022\/12\/08\/le-conseil-de-gouvernement-prend-connaissance-du-statut-du-centre-africain-pour-le-developpement-des-ressources-minerales\/","title":{"rendered":"Le Conseil de gouvernement prend connaissance du statut du Centre africain pour le d\u00e9veloppement des ressources min\u00e9rales"},"content":{"rendered":"\n<p>Dpress<\/p>\n\n\n\n<p>Le Conseil de gouvernement, r\u00e9uni jeudi sous la pr\u00e9sidence du Chef du gouvernement Aziz Akhannouch, a pris connaissance du statut du Centre africain pour le d\u00e9veloppement des ressources min\u00e9rales, adopt\u00e9 le 31 janvier 2016 \u00e0 Addis-Abeba (\u00c9thiopie), et du projet de loi N\u00b0 56.22 portant approbation dudit statut.<\/p>\n\n\n\n<p>Les deux textes ont \u00e9t\u00e9 pr\u00e9sent\u00e9s par le ministre d\u00e9l\u00e9gu\u00e9 aupr\u00e8s du Chef du gouvernement, charg\u00e9 des Relations avec le Parlement, porte-parole du gouvernement, Mustapha Baitas, au nom du ministre des Affaires \u00e9trang\u00e8res, de la Coop\u00e9ration africaine et des Marocains r\u00e9sidant \u00e0 l\u2019\u00e9tranger, Nasser Bourita.<\/p>\n\n\n\n<p>Ce statut vise la coordination et la supervision de la vision mini\u00e8re africaine et du plan d\u2019action y aff\u00e9rent dans le but de permettre au secteur minier de jouer pleinement son r\u00f4le dans le processus de transformation sociale et \u00e9conomique ainsi que dans le d\u00e9veloppement global et la croissance durable des \u00e9conomies africaines, en collaboration avec les \u00c9tats membres, les groupements \u00e9conomiques r\u00e9gionaux, le secteur priv\u00e9 et les organisations de la soci\u00e9t\u00e9 civile, a expliqu\u00e9 M. Baitas lors d\u2019un point de presse \u00e0 l\u2019issue du Conseil de gouvernement. Et de souligner que la r\u00e9alisation de cet objectif passe par la mise en place de politiques coh\u00e9rentes et d\u2019un arsenal r\u00e9glementaire et juridique solide au niveau national et adapt\u00e9 aux contextes r\u00e9gional et continental, ainsi que par le d\u00e9veloppement d\u2019une industrie mini\u00e8re africaine diversifi\u00e9e et comp\u00e9titive au niveau international, qui soit en mesure de contribuer au d\u00e9veloppement socio-\u00e9conomique.<\/p>\n","protected":false},"excerpt":{"rendered":"<p>Dpress Le Conseil de gouvernement, r\u00e9uni jeudi sous la pr\u00e9sidence du Chef du gouvernement Aziz Akhannouch, a pris connaissance du statut du Centre africain pour le d\u00e9veloppement des ressources min\u00e9rales, adopt\u00e9 le 31 janvier 2016 \u00e0 Addis-Abeba (\u00c9thiopie), et du projet de loi N\u00b0 56.22 portant approbation dudit statut. Les deux textes ont \u00e9t\u00e9 pr\u00e9sent\u00e9s &hellip;<\/p>\n","protected":false},"author":2,"featured_media":2821,"comment_status":"open","ping_status":"open","sticky":false,"template":"","format":"standard","meta":{"footnotes":""},"categories":[26],"tags":[],"class_list":["post-2820","post","type-post","status-publish","format-standard","has-post-thumbnail","hentry","category-politiques"],"yoast_head":"<!-- This site is optimized with the Yoast SEO plugin v27.5 - https:\/\/yoast.com\/product\/yoast-seo-wordpress\/ -->\n<title>Le Conseil de gouvernement prend connaissance du statut du Centre africain pour le d\u00e9veloppement des ressources min\u00e9rales - Dpress.ma\/fr<\/title>\n<meta name=\"description\" content=\"Le Conseil de gouvernement, r\u00e9uni jeudi sous la pr\u00e9sidence du Chef du gouvernement Aziz Akhannouch, a pris connaissance du statut du Centre africain pour le d\u00e9veloppement des ressources min\u00e9rales, adopt\u00e9 le 31 janvier 2016 \u00e0 Addis-Abeba (\u00c9thiopie), et du projet de loi N\u00b0 56.22 portant approbation dudit statut.\" \/>\n<meta name=\"robots\" content=\"index, follow, max-snippet:-1, max-image-preview:large, max-video-preview:-1\" \/>\n<link rel=\"canonical\" href=\"https:\/\/dpress.ma\/fr\/2022\/12\/08\/le-conseil-de-gouvernement-prend-connaissance-du-statut-du-centre-africain-pour-le-developpement-des-ressources-minerales\/\" \/>\n<meta property=\"og:locale\" content=\"fr_FR\" \/>\n<meta property=\"og:type\" content=\"article\" \/>\n<meta property=\"og:title\" content=\"Le Conseil de gouvernement prend connaissance du statut du Centre africain pour le d\u00e9veloppement des ressources min\u00e9rales - Dpress.ma\/fr\" \/>\n<meta property=\"og:description\" content=\"Le Conseil de gouvernement, r\u00e9uni jeudi sous la pr\u00e9sidence du Chef du gouvernement Aziz Akhannouch, a pris connaissance du statut du Centre africain pour le d\u00e9veloppement des ressources min\u00e9rales, adopt\u00e9 le 31 janvier 2016 \u00e0 Addis-Abeba (\u00c9thiopie), et du projet de loi N\u00b0 56.22 portant approbation dudit statut.\" \/>\n<meta property=\"og:url\" content=\"https:\/\/dpress.ma\/fr\/2022\/12\/08\/le-conseil-de-gouvernement-prend-connaissance-du-statut-du-centre-africain-pour-le-developpement-des-ressources-minerales\/\" \/>\n<meta property=\"og:site_name\" content=\"Dpress.ma\/fr\" \/>\n<meta property=\"article:published_time\" content=\"2022-12-08T16:42:28+00:00\" \/>\n<meta property=\"article:modified_time\" content=\"2022-12-08T16:42:29+00:00\" \/>\n<meta property=\"og:image\" content=\"https:\/\/dpress.ma\/fr\/wp-content\/uploads\/sites\/2\/2022\/12\/dimensions2-28.jpg\" \/>\n\t<meta property=\"og:image:width\" content=\"2539\" \/>\n\t<meta property=\"og:image:height\" content=\"1594\" \/>\n\t<meta property=\"og:image:type\" content=\"image\/jpeg\" \/>\n<meta name=\"author\" content=\"Dpress.ma\" \/>\n<meta name=\"twitter:card\" content=\"summary_large_image\" \/>\n<meta name=\"twitter:label1\" content=\"\u00c9crit par\" \/>\n\t<meta name=\"twitter:data1\" content=\"Dpress.ma\" \/>\n\t<meta name=\"twitter:label2\" content=\"Dur\u00e9e de lecture estim\u00e9e\" \/>\n\t<meta name=\"twitter:data2\" content=\"2 minutes\" \/>\n<script type=\"application\/ld+json\" class=\"yoast-schema-graph\">{\"@context\":\"https:\\\/\\\/schema.org\",\"@graph\":[{\"@type\":\"Article\",\"@id\":\"https:\\\/\\\/dpress.ma\\\/fr\\\/2022\\\/12\\\/08\\\/le-conseil-de-gouvernement-prend-connaissance-du-statut-du-centre-africain-pour-le-developpement-des-ressources-minerales\\\/#article\",\"isPartOf\":{\"@id\":\"https:\\\/\\\/dpress.ma\\\/fr\\\/2022\\\/12\\\/08\\\/le-conseil-de-gouvernement-prend-connaissance-du-statut-du-centre-africain-pour-le-developpement-des-ressources-minerales\\\/\"},\"author\":{\"name\":\"Dpress.ma\",\"@id\":\"https:\\\/\\\/dpress.ma\\\/fr\\\/#\\\/schema\\\/person\\\/4898febf3ccd59e6578d838656a306a0\"},\"headline\":\"Le Conseil de gouvernement prend connaissance du statut du Centre africain pour le d\u00e9veloppement des ressources min\u00e9rales\",\"datePublished\":\"2022-12-08T16:42:28+00:00\",\"dateModified\":\"2022-12-08T16:42:29+00:00\",\"mainEntityOfPage\":{\"@id\":\"https:\\\/\\\/dpress.ma\\\/fr\\\/2022\\\/12\\\/08\\\/le-conseil-de-gouvernement-prend-connaissance-du-statut-du-centre-africain-pour-le-developpement-des-ressources-minerales\\\/\"},\"wordCount\":288,\"commentCount\":0,\"image\":{\"@id\":\"https:\\\/\\\/dpress.ma\\\/fr\\\/2022\\\/12\\\/08\\\/le-conseil-de-gouvernement-prend-connaissance-du-statut-du-centre-africain-pour-le-developpement-des-ressources-minerales\\\/#primaryimage\"},\"thumbnailUrl\":\"https:\\\/\\\/dpress.ma\\\/fr\\\/wp-content\\\/uploads\\\/sites\\\/2\\\/2022\\\/12\\\/dimensions2-28.jpg\",\"articleSection\":[\"Politiques\"],\"inLanguage\":\"fr-FR\",\"potentialAction\":[{\"@type\":\"CommentAction\",\"name\":\"Comment\",\"target\":[\"https:\\\/\\\/dpress.ma\\\/fr\\\/2022\\\/12\\\/08\\\/le-conseil-de-gouvernement-prend-connaissance-du-statut-du-centre-africain-pour-le-developpement-des-ressources-minerales\\\/#respond\"]}]},{\"@type\":\"WebPage\",\"@id\":\"https:\\\/\\\/dpress.ma\\\/fr\\\/2022\\\/12\\\/08\\\/le-conseil-de-gouvernement-prend-connaissance-du-statut-du-centre-africain-pour-le-developpement-des-ressources-minerales\\\/\",\"url\":\"https:\\\/\\\/dpress.ma\\\/fr\\\/2022\\\/12\\\/08\\\/le-conseil-de-gouvernement-prend-connaissance-du-statut-du-centre-africain-pour-le-developpement-des-ressources-minerales\\\/\",\"name\":\"Le Conseil de gouvernement prend connaissance du statut du Centre africain pour le d\u00e9veloppement des ressources min\u00e9rales - Dpress.ma\\\/fr\",\"isPartOf\":{\"@id\":\"https:\\\/\\\/dpress.ma\\\/fr\\\/#website\"},\"primaryImageOfPage\":{\"@id\":\"https:\\\/\\\/dpress.ma\\\/fr\\\/2022\\\/12\\\/08\\\/le-conseil-de-gouvernement-prend-connaissance-du-statut-du-centre-africain-pour-le-developpement-des-ressources-minerales\\\/#primaryimage\"},\"image\":{\"@id\":\"https:\\\/\\\/dpress.ma\\\/fr\\\/2022\\\/12\\\/08\\\/le-conseil-de-gouvernement-prend-connaissance-du-statut-du-centre-africain-pour-le-developpement-des-ressources-minerales\\\/#primaryimage\"},\"thumbnailUrl\":\"https:\\\/\\\/dpress.ma\\\/fr\\\/wp-content\\\/uploads\\\/sites\\\/2\\\/2022\\\/12\\\/dimensions2-28.jpg\",\"datePublished\":\"2022-12-08T16:42:28+00:00\",\"dateModified\":\"2022-12-08T16:42:29+00:00\",\"author\":{\"@id\":\"https:\\\/\\\/dpress.ma\\\/fr\\\/#\\\/schema\\\/person\\\/4898febf3ccd59e6578d838656a306a0\"},\"description\":\"Le Conseil de gouvernement, r\u00e9uni jeudi sous la pr\u00e9sidence du Chef du gouvernement Aziz Akhannouch, a pris connaissance du statut du Centre africain pour le d\u00e9veloppement des ressources min\u00e9rales, adopt\u00e9 le 31 janvier 2016 \u00e0 Addis-Abeba (\u00c9thiopie), et du projet de loi N\u00b0 56.22 portant approbation dudit statut.\",\"breadcrumb\":{\"@id\":\"https:\\\/\\\/dpress.ma\\\/fr\\\/2022\\\/12\\\/08\\\/le-conseil-de-gouvernement-prend-connaissance-du-statut-du-centre-africain-pour-le-developpement-des-ressources-minerales\\\/#breadcrumb\"},\"inLanguage\":\"fr-FR\",\"potentialAction\":[{\"@type\":\"ReadAction\",\"target\":[\"https:\\\/\\\/dpress.ma\\\/fr\\\/2022\\\/12\\\/08\\\/le-conseil-de-gouvernement-prend-connaissance-du-statut-du-centre-africain-pour-le-developpement-des-ressources-minerales\\\/\"]}]},{\"@type\":\"ImageObject\",\"inLanguage\":\"fr-FR\",\"@id\":\"https:\\\/\\\/dpress.ma\\\/fr\\\/2022\\\/12\\\/08\\\/le-conseil-de-gouvernement-prend-connaissance-du-statut-du-centre-africain-pour-le-developpement-des-ressources-minerales\\\/#primaryimage\",\"url\":\"https:\\\/\\\/dpress.ma\\\/fr\\\/wp-content\\\/uploads\\\/sites\\\/2\\\/2022\\\/12\\\/dimensions2-28.jpg\",\"contentUrl\":\"https:\\\/\\\/dpress.ma\\\/fr\\\/wp-content\\\/uploads\\\/sites\\\/2\\\/2022\\\/12\\\/dimensions2-28.jpg\",\"width\":2539,\"height\":1594},{\"@type\":\"BreadcrumbList\",\"@id\":\"https:\\\/\\\/dpress.ma\\\/fr\\\/2022\\\/12\\\/08\\\/le-conseil-de-gouvernement-prend-connaissance-du-statut-du-centre-africain-pour-le-developpement-des-ressources-minerales\\\/#breadcrumb\",\"itemListElement\":[{\"@type\":\"ListItem\",\"position\":1,\"name\":\"Home\",\"item\":\"https:\\\/\\\/dpress.ma\\\/fr\\\/\"},{\"@type\":\"ListItem\",\"position\":2,\"name\":\"Le Conseil de gouvernement prend connaissance du statut du Centre africain pour le d\u00e9veloppement des ressources min\u00e9rales\"}]},{\"@type\":\"WebSite\",\"@id\":\"https:\\\/\\\/dpress.ma\\\/fr\\\/#website\",\"url\":\"https:\\\/\\\/dpress.ma\\\/fr\\\/\",\"name\":\"Dpress.ma\\\/fr\",\"description\":\"\",\"potentialAction\":[{\"@type\":\"SearchAction\",\"target\":{\"@type\":\"EntryPoint\",\"urlTemplate\":\"https:\\\/\\\/dpress.ma\\\/fr\\\/?s={search_term_string}\"},\"query-input\":{\"@type\":\"PropertyValueSpecification\",\"valueRequired\":true,\"valueName\":\"search_term_string\"}}],\"inLanguage\":\"fr-FR\"},{\"@type\":\"Person\",\"@id\":\"https:\\\/\\\/dpress.ma\\\/fr\\\/#\\\/schema\\\/person\\\/4898febf3ccd59e6578d838656a306a0\",\"name\":\"Dpress.ma\",\"image\":{\"@type\":\"ImageObject\",\"inLanguage\":\"fr-FR\",\"@id\":\"https:\\\/\\\/secure.gravatar.com\\\/avatar\\\/72ecc30e9db047a2e0e7176561eb9d564ed77c8108376495b19bd8336405198a?s=96&d=mm&r=g\",\"url\":\"https:\\\/\\\/secure.gravatar.com\\\/avatar\\\/72ecc30e9db047a2e0e7176561eb9d564ed77c8108376495b19bd8336405198a?s=96&d=mm&r=g\",\"contentUrl\":\"https:\\\/\\\/secure.gravatar.com\\\/avatar\\\/72ecc30e9db047a2e0e7176561eb9d564ed77c8108376495b19bd8336405198a?s=96&d=mm&r=g\",\"caption\":\"Dpress.ma\"},\"sameAs\":[\"https:\\\/\\\/www.dpress.ma\"],\"url\":\"https:\\\/\\\/dpress.ma\\\/fr\\\/author\\\/dpress-ma\\\/\"}]}<\/script>\n<!-- \/ Yoast SEO plugin. -->","yoast_head_json":{"title":"Le Conseil de gouvernement prend connaissance du statut du Centre africain pour le d\u00e9veloppement des ressources min\u00e9rales - Dpress.ma\/fr","description":"Le Conseil de gouvernement, r\u00e9uni jeudi sous la pr\u00e9sidence du Chef du gouvernement Aziz Akhannouch, a pris connaissance du statut du Centre africain pour le d\u00e9veloppement des ressources min\u00e9rales, adopt\u00e9 le 31 janvier 2016 \u00e0 Addis-Abeba (\u00c9thiopie), et du projet de loi N\u00b0 56.22 portant approbation dudit statut.","robots":{"index":"index","follow":"follow","max-snippet":"max-snippet:-1","max-image-preview":"max-image-preview:large","max-video-preview":"max-video-preview:-1"},"canonical":"https:\/\/dpress.ma\/fr\/2022\/12\/08\/le-conseil-de-gouvernement-prend-connaissance-du-statut-du-centre-africain-pour-le-developpement-des-ressources-minerales\/","og_locale":"fr_FR","og_type":"article","og_title":"Le Conseil de gouvernement prend connaissance du statut du Centre africain pour le d\u00e9veloppement des ressources min\u00e9rales - Dpress.ma\/fr","og_description":"Le Conseil de gouvernement, r\u00e9uni jeudi sous la pr\u00e9sidence du Chef du gouvernement Aziz Akhannouch, a pris connaissance du statut du Centre africain pour le d\u00e9veloppement des ressources min\u00e9rales, adopt\u00e9 le 31 janvier 2016 \u00e0 Addis-Abeba (\u00c9thiopie), et du projet de loi N\u00b0 56.22 portant approbation dudit statut.","og_url":"https:\/\/dpress.ma\/fr\/2022\/12\/08\/le-conseil-de-gouvernement-prend-connaissance-du-statut-du-centre-africain-pour-le-developpement-des-ressources-minerales\/","og_site_name":"Dpress.ma\/fr","article_published_time":"2022-12-08T16:42:28+00:00","article_modified_time":"2022-12-08T16:42:29+00:00","og_image":[{"width":2539,"height":1594,"url":"https:\/\/dpress.ma\/fr\/wp-content\/uploads\/sites\/2\/2022\/12\/dimensions2-28.jpg","type":"image\/jpeg"}],"author":"Dpress.ma","twitter_card":"summary_large_image","twitter_misc":{"\u00c9crit par":"Dpress.ma","Dur\u00e9e de lecture estim\u00e9e":"2 minutes"},"schema":{"@context":"https:\/\/schema.org","@graph":[{"@type":"Article","@id":"https:\/\/dpress.ma\/fr\/2022\/12\/08\/le-conseil-de-gouvernement-prend-connaissance-du-statut-du-centre-africain-pour-le-developpement-des-ressources-minerales\/#article","isPartOf":{"@id":"https:\/\/dpress.ma\/fr\/2022\/12\/08\/le-conseil-de-gouvernement-prend-connaissance-du-statut-du-centre-africain-pour-le-developpement-des-ressources-minerales\/"},"author":{"name":"Dpress.ma","@id":"https:\/\/dpress.ma\/fr\/#\/schema\/person\/4898febf3ccd59e6578d838656a306a0"},"headline":"Le Conseil de gouvernement prend connaissance du statut du Centre africain pour le d\u00e9veloppement des ressources min\u00e9rales","datePublished":"2022-12-08T16:42:28+00:00","dateModified":"2022-12-08T16:42:29+00:00","mainEntityOfPage":{"@id":"https:\/\/dpress.ma\/fr\/2022\/12\/08\/le-conseil-de-gouvernement-prend-connaissance-du-statut-du-centre-africain-pour-le-developpement-des-ressources-minerales\/"},"wordCount":288,"commentCount":0,"image":{"@id":"https:\/\/dpress.ma\/fr\/2022\/12\/08\/le-conseil-de-gouvernement-prend-connaissance-du-statut-du-centre-africain-pour-le-developpement-des-ressources-minerales\/#primaryimage"},"thumbnailUrl":"https:\/\/dpress.ma\/fr\/wp-content\/uploads\/sites\/2\/2022\/12\/dimensions2-28.jpg","articleSection":["Politiques"],"inLanguage":"fr-FR","potentialAction":[{"@type":"CommentAction","name":"Comment","target":["https:\/\/dpress.ma\/fr\/2022\/12\/08\/le-conseil-de-gouvernement-prend-connaissance-du-statut-du-centre-africain-pour-le-developpement-des-ressources-minerales\/#respond"]}]},{"@type":"WebPage","@id":"https:\/\/dpress.ma\/fr\/2022\/12\/08\/le-conseil-de-gouvernement-prend-connaissance-du-statut-du-centre-africain-pour-le-developpement-des-ressources-minerales\/","url":"https:\/\/dpress.ma\/fr\/2022\/12\/08\/le-conseil-de-gouvernement-prend-connaissance-du-statut-du-centre-africain-pour-le-developpement-des-ressources-minerales\/","name":"Le Conseil de gouvernement prend connaissance du statut du Centre africain pour le d\u00e9veloppement des ressources min\u00e9rales - Dpress.ma\/fr","isPartOf":{"@id":"https:\/\/dpress.ma\/fr\/#website"},"primaryImageOfPage":{"@id":"https:\/\/dpress.ma\/fr\/2022\/12\/08\/le-conseil-de-gouvernement-prend-connaissance-du-statut-du-centre-africain-pour-le-developpement-des-ressources-minerales\/#primaryimage"},"image":{"@id":"https:\/\/dpress.ma\/fr\/2022\/12\/08\/le-conseil-de-gouvernement-prend-connaissance-du-statut-du-centre-africain-pour-le-developpement-des-ressources-minerales\/#primaryimage"},"thumbnailUrl":"https:\/\/dpress.ma\/fr\/wp-content\/uploads\/sites\/2\/2022\/12\/dimensions2-28.jpg","datePublished":"2022-12-08T16:42:28+00:00","dateModified":"2022-12-08T16:42:29+00:00","author":{"@id":"https:\/\/dpress.ma\/fr\/#\/schema\/person\/4898febf3ccd59e6578d838656a306a0"},"description":"Le Conseil de gouvernement, r\u00e9uni jeudi sous la pr\u00e9sidence du Chef du gouvernement Aziz Akhannouch, a pris connaissance du statut du Centre africain pour le d\u00e9veloppement des ressources min\u00e9rales, adopt\u00e9 le 31 janvier 2016 \u00e0 Addis-Abeba (\u00c9thiopie), et du projet de loi N\u00b0 56.22 portant approbation dudit statut.","breadcrumb":{"@id":"https:\/\/dpress.ma\/fr\/2022\/12\/08\/le-conseil-de-gouvernement-prend-connaissance-du-statut-du-centre-africain-pour-le-developpement-des-ressources-minerales\/#breadcrumb"},"inLanguage":"fr-FR","potentialAction":[{"@type":"ReadAction","target":["https:\/\/dpress.ma\/fr\/2022\/12\/08\/le-conseil-de-gouvernement-prend-connaissance-du-statut-du-centre-africain-pour-le-developpement-des-ressources-minerales\/"]}]},{"@type":"ImageObject","inLanguage":"fr-FR","@id":"https:\/\/dpress.ma\/fr\/2022\/12\/08\/le-conseil-de-gouvernement-prend-connaissance-du-statut-du-centre-africain-pour-le-developpement-des-ressources-minerales\/#primaryimage","url":"https:\/\/dpress.ma\/fr\/wp-content\/uploads\/sites\/2\/2022\/12\/dimensions2-28.jpg","contentUrl":"https:\/\/dpress.ma\/fr\/wp-content\/uploads\/sites\/2\/2022\/12\/dimensions2-28.jpg","width":2539,"height":1594},{"@type":"BreadcrumbList","@id":"https:\/\/dpress.ma\/fr\/2022\/12\/08\/le-conseil-de-gouvernement-prend-connaissance-du-statut-du-centre-africain-pour-le-developpement-des-ressources-minerales\/#breadcrumb","itemListElement":[{"@type":"ListItem","position":1,"name":"Home","item":"https:\/\/dpress.ma\/fr\/"},{"@type":"ListItem","position":2,"name":"Le Conseil de gouvernement prend connaissance du statut du Centre africain pour le d\u00e9veloppement des ressources min\u00e9rales"}]},{"@type":"WebSite","@id":"https:\/\/dpress.ma\/fr\/#website","url":"https:\/\/dpress.ma\/fr\/","name":"Dpress.ma\/fr","description":"","potentialAction":[{"@type":"SearchAction","target":{"@type":"EntryPoint","urlTemplate":"https:\/\/dpress.ma\/fr\/?s={search_term_string}"},"query-input":{"@type":"PropertyValueSpecification","valueRequired":true,"valueName":"search_term_string"}}],"inLanguage":"fr-FR"},{"@type":"Person","@id":"https:\/\/dpress.ma\/fr\/#\/schema\/person\/4898febf3ccd59e6578d838656a306a0","name":"Dpress.ma","image":{"@type":"ImageObject","inLanguage":"fr-FR","@id":"https:\/\/secure.gravatar.com\/avatar\/72ecc30e9db047a2e0e7176561eb9d564ed77c8108376495b19bd8336405198a?s=96&d=mm&r=g","url":"https:\/\/secure.gravatar.com\/avatar\/72ecc30e9db047a2e0e7176561eb9d564ed77c8108376495b19bd8336405198a?s=96&d=mm&r=g","contentUrl":"https:\/\/secure.gravatar.com\/avatar\/72ecc30e9db047a2e0e7176561eb9d564ed77c8108376495b19bd8336405198a?s=96&d=mm&r=g","caption":"Dpress.ma"},"sameAs":["https:\/\/www.dpress.ma"],"url":"https:\/\/dpress.ma\/fr\/author\/dpress-ma\/"}]}},"amp_enabled":true,"_links":{"self":[{"href":"https:\/\/dpress.ma\/fr\/wp-json\/wp\/v2\/posts\/2820","targetHints":{"allow":["GET"]}}],"collection":[{"href":"https:\/\/dpress.ma\/fr\/wp-json\/wp\/v2\/posts"}],"about":[{"href":"https:\/\/dpress.ma\/fr\/wp-json\/wp\/v2\/types\/post"}],"author":[{"embeddable":true,"href":"https:\/\/dpress.ma\/fr\/wp-json\/wp\/v2\/users\/2"}],"replies":[{"embeddable":true,"href":"https:\/\/dpress.ma\/fr\/wp-json\/wp\/v2\/comments?post=2820"}],"version-history":[{"count":1,"href":"https:\/\/dpress.ma\/fr\/wp-json\/wp\/v2\/posts\/2820\/revisions"}],"predecessor-version":[{"id":2822,"href":"https:\/\/dpress.ma\/fr\/wp-json\/wp\/v2\/posts\/2820\/revisions\/2822"}],"wp:featuredmedia":[{"embeddable":true,"href":"https:\/\/dpress.ma\/fr\/wp-json\/wp\/v2\/media\/2821"}],"wp:attachment":[{"href":"https:\/\/dpress.ma\/fr\/wp-json\/wp\/v2\/media?parent=2820"}],"wp:term":[{"taxonomy":"category","embeddable":true,"href":"https:\/\/dpress.ma\/fr\/wp-json\/wp\/v2\/categories?post=2820"},{"taxonomy":"post_tag","embeddable":true,"href":"https:\/\/dpress.ma\/fr\/wp-json\/wp\/v2\/tags?post=2820"}],"curies":[{"name":"wp","href":"https:\/\/api.w.org\/{rel}","templated":true}]}}