{"id":28195,"date":"2026-04-10T16:31:29","date_gmt":"2026-04-10T16:31:29","guid":{"rendered":"https:\/\/dpress.ma\/fr\/?p=28195"},"modified":"2026-04-10T16:31:31","modified_gmt":"2026-04-10T16:31:31","slug":"lever-de-rideau-sur-la-33eme-edition-du-festival-de-la-musique-gharnati-doujda","status":"publish","type":"post","link":"https:\/\/dpress.ma\/fr\/2026\/04\/10\/lever-de-rideau-sur-la-33eme-edition-du-festival-de-la-musique-gharnati-doujda\/","title":{"rendered":"Lever de rideau sur la 33\u00e8me \u00e9dition du Festival de la musique gharnati d\u2019Oujda"},"content":{"rendered":"\n<p>Dpress<\/p>\n\n\n\n<p>La 33\u00e8me \u00e9dition du Festival de la musique gharnati d\u2019Oujda s\u2019est ouverte, jeudi soir au Th\u00e9\u00e2tre Mohammed VI, sous le Haut Patronage de SM le Roi Mohammed VI.<\/p>\n\n\n\n<p>Organis\u00e9e par le minist\u00e8re de la jeunesse, de la culture et de la communication (d\u00e9partement de la Culture), cette manifestation culturelle, qui se poursuit jusqu\u2019au 11 avril sous le signe \u201cLa musique gharnati : Pouls de la m\u00e9moire et noubas de beaut\u00e9 renouvel\u00e9e\u201d, s\u2019est ouverte en pr\u00e9sence du wali de la r\u00e9gion de l\u2019Oriental, gouverneur de la province d\u2019Oujda-Angad, Mhamed Atfaoui, ainsi que de plusieurs personnalit\u00e9s civiles et militaires, d\u2019\u00e9lus et d\u2019acteurs du monde de la culture.<\/p>\n\n\n\n<p>Lors de la soir\u00e9e d\u2019ouverture, le public a \u00e9t\u00e9 convi\u00e9 \u00e0 un voyage m\u00e9lodieux \u00e0 travers des prestations raffin\u00e9es pr\u00e9sent\u00e9es par le Grand ensemble de la musique andalouse cuivr\u00e9e, l\u2019Association andalouse de musique, de th\u00e9\u00e2tre et de litt\u00e9rature, ainsi que l\u2019Association f\u00e9minine Kholoud. Ces \u00e9quipe musicales ont brillamment interpr\u00e9t\u00e9 un r\u00e9pertoire vari\u00e9 de cet art s\u00e9culaire, alliant authenticit\u00e9 de l\u2019interpr\u00e9tation et virtuosit\u00e9 instrumentale.<\/p>\n\n\n\n<p>Dans une d\u00e9claration \u00e0 la MAP, le directeur r\u00e9gional de la Culture dans l\u2019Oriental par int\u00e9rim, Yassine Abdellaoui, a soulign\u00e9 que cette \u00e9dition constitue une \u00e9tape renouvel\u00e9e pour la promotion et le rayonnement du Gharnati. Il a pr\u00e9cis\u00e9 que le festival vise \u00e0 pr\u00e9server ce patrimoine immat\u00e9riel qui repr\u00e9sente un syst\u00e8me culturel et social int\u00e9gr\u00e9, liant le pass\u00e9 au pr\u00e9sent dans un \u201cvoyage de beaut\u00e9 \u00e9ternelle\u201d.<\/p>\n\n\n\n<p>De son c\u00f4t\u00e9, le pr\u00e9sident de l\u2019Association andalouse de musique, de th\u00e9\u00e2tre et de litt\u00e9rature, Mohamed Chaabane, a mis l\u2019accent sur l\u2019importance des approches interactives pour faire aimer cet art aux jeunes, estimant que l\u2019alliance entre le chant et la pratique instrumentale contribue \u00e0 renforcer l\u2019attachement \u00e9motionnel des g\u00e9n\u00e9rations montantes \u00e0 cet h\u00e9ritage ancestral.<\/p>\n\n\n\n<p>Cette soir\u00e9e a \u00e9galement \u00e9t\u00e9 marqu\u00e9e par un hommage vibrant rendu \u00e0 deux figures embl\u00e9matiques de la sc\u00e8ne artistique de la cit\u00e9 mill\u00e9naire, \u00e0 savoir l\u2019artiste El Haj Mohammed Haida et l\u2019artiste Narimane Bekioui, en reconnaissance de leurs parcours distingu\u00e9s et de leurs contributions \u00e0 la pr\u00e9servation du patrimoine Gharnati.<\/p>\n\n\n\n<p>\u00c0 cette occasion, Mme Bekioui a exprim\u00e9 sa fiert\u00e9 pour cette distinction, la consid\u00e9rant comme un catalyseur pour poursuivre sa cr\u00e9ativit\u00e9, fid\u00e8le au legs qu\u2019elle a re\u00e7u des ma\u00eetres et pionniers du Gharnati et du Melhoun.<\/p>\n\n\n\n<p>Outre les soir\u00e9es musicales, le programme de cette \u00e9dition pr\u00e9voit des expositions th\u00e9matiques d\u00e9di\u00e9es \u00e0 la lutherie et aux ouvrages sur la musique andalouse, ainsi qu\u2019un colloque intellectuel mettant en lumi\u00e8re les dimensions esth\u00e9tiques et cognitives de cet art, pilier fondamental de l\u2019identit\u00e9 civilisationnelle du Royaume.<\/p>\n\n\n\n<p>\u00c0 travers ce rendez-vous annuel, les organisateurs ambitionnent de pr\u00e9server l\u2019authenticit\u00e9 du Tarab Gharnati et de renforcer le rayonnement culturel d\u2019Oujda en tant que berceau du patrimoine, pont de dialogue civilisationnel et espace de coexistence.<\/p>\n","protected":false},"excerpt":{"rendered":"<p>Dpress La 33\u00e8me \u00e9dition du Festival de la musique gharnati d\u2019Oujda s\u2019est ouverte, jeudi soir au Th\u00e9\u00e2tre Mohammed VI, sous le Haut Patronage de SM le Roi Mohammed VI. Organis\u00e9e par le minist\u00e8re de la jeunesse, de la culture et de la communication (d\u00e9partement de la Culture), cette manifestation culturelle, qui se poursuit jusqu\u2019au 11 &hellip;<\/p>\n","protected":false},"author":2,"featured_media":28196,"comment_status":"open","ping_status":"open","sticky":false,"template":"","format":"standard","meta":{"footnotes":""},"categories":[31],"tags":[],"class_list":["post-28195","post","type-post","status-publish","format-standard","has-post-thumbnail","hentry","category-art-et-culture"],"yoast_head":"<!-- This site is optimized with the Yoast SEO plugin v27.5 - https:\/\/yoast.com\/product\/yoast-seo-wordpress\/ -->\n<title>Lever de rideau sur la 33\u00e8me \u00e9dition du Festival de la musique gharnati d\u2019Oujda - Dpress.ma\/fr<\/title>\n<meta name=\"robots\" content=\"index, follow, max-snippet:-1, max-image-preview:large, max-video-preview:-1\" \/>\n<link rel=\"canonical\" href=\"https:\/\/dpress.ma\/fr\/2026\/04\/10\/lever-de-rideau-sur-la-33eme-edition-du-festival-de-la-musique-gharnati-doujda\/\" \/>\n<meta property=\"og:locale\" content=\"fr_FR\" \/>\n<meta property=\"og:type\" content=\"article\" \/>\n<meta property=\"og:title\" content=\"Lever de rideau sur la 33\u00e8me \u00e9dition du Festival de la musique gharnati d\u2019Oujda - Dpress.ma\/fr\" \/>\n<meta property=\"og:description\" content=\"Dpress La 33\u00e8me \u00e9dition du Festival de la musique gharnati d\u2019Oujda s\u2019est ouverte, jeudi soir au Th\u00e9\u00e2tre Mohammed VI, sous le Haut Patronage de SM le Roi Mohammed VI. Organis\u00e9e par le minist\u00e8re de la jeunesse, de la culture et de la communication (d\u00e9partement de la Culture), cette manifestation culturelle, qui se poursuit jusqu\u2019au 11 &hellip;\" \/>\n<meta property=\"og:url\" content=\"https:\/\/dpress.ma\/fr\/2026\/04\/10\/lever-de-rideau-sur-la-33eme-edition-du-festival-de-la-musique-gharnati-doujda\/\" \/>\n<meta property=\"og:site_name\" content=\"Dpress.ma\/fr\" \/>\n<meta property=\"article:published_time\" content=\"2026-04-10T16:31:29+00:00\" \/>\n<meta property=\"article:modified_time\" content=\"2026-04-10T16:31:31+00:00\" \/>\n<meta property=\"og:image\" content=\"https:\/\/dpress.ma\/fr\/wp-content\/uploads\/sites\/2\/2026\/04\/48-7.jpg\" \/>\n\t<meta property=\"og:image:width\" content=\"2539\" \/>\n\t<meta property=\"og:image:height\" content=\"1594\" \/>\n\t<meta property=\"og:image:type\" content=\"image\/jpeg\" \/>\n<meta name=\"author\" content=\"Dpress.ma\" \/>\n<meta name=\"twitter:card\" content=\"summary_large_image\" \/>\n<meta name=\"twitter:label1\" content=\"\u00c9crit par\" \/>\n\t<meta name=\"twitter:data1\" content=\"Dpress.ma\" \/>\n\t<meta name=\"twitter:label2\" content=\"Dur\u00e9e de lecture estim\u00e9e\" \/>\n\t<meta name=\"twitter:data2\" content=\"3 minutes\" \/>\n<script type=\"application\/ld+json\" class=\"yoast-schema-graph\">{\"@context\":\"https:\\\/\\\/schema.org\",\"@graph\":[{\"@type\":\"Article\",\"@id\":\"https:\\\/\\\/dpress.ma\\\/fr\\\/2026\\\/04\\\/10\\\/lever-de-rideau-sur-la-33eme-edition-du-festival-de-la-musique-gharnati-doujda\\\/#article\",\"isPartOf\":{\"@id\":\"https:\\\/\\\/dpress.ma\\\/fr\\\/2026\\\/04\\\/10\\\/lever-de-rideau-sur-la-33eme-edition-du-festival-de-la-musique-gharnati-doujda\\\/\"},\"author\":{\"name\":\"Dpress.ma\",\"@id\":\"https:\\\/\\\/dpress.ma\\\/fr\\\/#\\\/schema\\\/person\\\/4898febf3ccd59e6578d838656a306a0\"},\"headline\":\"Lever de rideau sur la 33\u00e8me \u00e9dition du Festival de la musique gharnati d\u2019Oujda\",\"datePublished\":\"2026-04-10T16:31:29+00:00\",\"dateModified\":\"2026-04-10T16:31:31+00:00\",\"mainEntityOfPage\":{\"@id\":\"https:\\\/\\\/dpress.ma\\\/fr\\\/2026\\\/04\\\/10\\\/lever-de-rideau-sur-la-33eme-edition-du-festival-de-la-musique-gharnati-doujda\\\/\"},\"wordCount\":542,\"commentCount\":0,\"image\":{\"@id\":\"https:\\\/\\\/dpress.ma\\\/fr\\\/2026\\\/04\\\/10\\\/lever-de-rideau-sur-la-33eme-edition-du-festival-de-la-musique-gharnati-doujda\\\/#primaryimage\"},\"thumbnailUrl\":\"https:\\\/\\\/dpress.ma\\\/fr\\\/wp-content\\\/uploads\\\/sites\\\/2\\\/2026\\\/04\\\/48-7.jpg\",\"articleSection\":[\"Art et Culture\"],\"inLanguage\":\"fr-FR\",\"potentialAction\":[{\"@type\":\"CommentAction\",\"name\":\"Comment\",\"target\":[\"https:\\\/\\\/dpress.ma\\\/fr\\\/2026\\\/04\\\/10\\\/lever-de-rideau-sur-la-33eme-edition-du-festival-de-la-musique-gharnati-doujda\\\/#respond\"]}]},{\"@type\":\"WebPage\",\"@id\":\"https:\\\/\\\/dpress.ma\\\/fr\\\/2026\\\/04\\\/10\\\/lever-de-rideau-sur-la-33eme-edition-du-festival-de-la-musique-gharnati-doujda\\\/\",\"url\":\"https:\\\/\\\/dpress.ma\\\/fr\\\/2026\\\/04\\\/10\\\/lever-de-rideau-sur-la-33eme-edition-du-festival-de-la-musique-gharnati-doujda\\\/\",\"name\":\"Lever de rideau sur la 33\u00e8me \u00e9dition du Festival de la musique gharnati d\u2019Oujda - Dpress.ma\\\/fr\",\"isPartOf\":{\"@id\":\"https:\\\/\\\/dpress.ma\\\/fr\\\/#website\"},\"primaryImageOfPage\":{\"@id\":\"https:\\\/\\\/dpress.ma\\\/fr\\\/2026\\\/04\\\/10\\\/lever-de-rideau-sur-la-33eme-edition-du-festival-de-la-musique-gharnati-doujda\\\/#primaryimage\"},\"image\":{\"@id\":\"https:\\\/\\\/dpress.ma\\\/fr\\\/2026\\\/04\\\/10\\\/lever-de-rideau-sur-la-33eme-edition-du-festival-de-la-musique-gharnati-doujda\\\/#primaryimage\"},\"thumbnailUrl\":\"https:\\\/\\\/dpress.ma\\\/fr\\\/wp-content\\\/uploads\\\/sites\\\/2\\\/2026\\\/04\\\/48-7.jpg\",\"datePublished\":\"2026-04-10T16:31:29+00:00\",\"dateModified\":\"2026-04-10T16:31:31+00:00\",\"author\":{\"@id\":\"https:\\\/\\\/dpress.ma\\\/fr\\\/#\\\/schema\\\/person\\\/4898febf3ccd59e6578d838656a306a0\"},\"breadcrumb\":{\"@id\":\"https:\\\/\\\/dpress.ma\\\/fr\\\/2026\\\/04\\\/10\\\/lever-de-rideau-sur-la-33eme-edition-du-festival-de-la-musique-gharnati-doujda\\\/#breadcrumb\"},\"inLanguage\":\"fr-FR\",\"potentialAction\":[{\"@type\":\"ReadAction\",\"target\":[\"https:\\\/\\\/dpress.ma\\\/fr\\\/2026\\\/04\\\/10\\\/lever-de-rideau-sur-la-33eme-edition-du-festival-de-la-musique-gharnati-doujda\\\/\"]}]},{\"@type\":\"ImageObject\",\"inLanguage\":\"fr-FR\",\"@id\":\"https:\\\/\\\/dpress.ma\\\/fr\\\/2026\\\/04\\\/10\\\/lever-de-rideau-sur-la-33eme-edition-du-festival-de-la-musique-gharnati-doujda\\\/#primaryimage\",\"url\":\"https:\\\/\\\/dpress.ma\\\/fr\\\/wp-content\\\/uploads\\\/sites\\\/2\\\/2026\\\/04\\\/48-7.jpg\",\"contentUrl\":\"https:\\\/\\\/dpress.ma\\\/fr\\\/wp-content\\\/uploads\\\/sites\\\/2\\\/2026\\\/04\\\/48-7.jpg\",\"width\":2539,\"height\":1594},{\"@type\":\"BreadcrumbList\",\"@id\":\"https:\\\/\\\/dpress.ma\\\/fr\\\/2026\\\/04\\\/10\\\/lever-de-rideau-sur-la-33eme-edition-du-festival-de-la-musique-gharnati-doujda\\\/#breadcrumb\",\"itemListElement\":[{\"@type\":\"ListItem\",\"position\":1,\"name\":\"Home\",\"item\":\"https:\\\/\\\/dpress.ma\\\/fr\\\/\"},{\"@type\":\"ListItem\",\"position\":2,\"name\":\"Lever de rideau sur la 33\u00e8me \u00e9dition du Festival de la musique gharnati d\u2019Oujda\"}]},{\"@type\":\"WebSite\",\"@id\":\"https:\\\/\\\/dpress.ma\\\/fr\\\/#website\",\"url\":\"https:\\\/\\\/dpress.ma\\\/fr\\\/\",\"name\":\"Dpress.ma\\\/fr\",\"description\":\"\",\"potentialAction\":[{\"@type\":\"SearchAction\",\"target\":{\"@type\":\"EntryPoint\",\"urlTemplate\":\"https:\\\/\\\/dpress.ma\\\/fr\\\/?s={search_term_string}\"},\"query-input\":{\"@type\":\"PropertyValueSpecification\",\"valueRequired\":true,\"valueName\":\"search_term_string\"}}],\"inLanguage\":\"fr-FR\"},{\"@type\":\"Person\",\"@id\":\"https:\\\/\\\/dpress.ma\\\/fr\\\/#\\\/schema\\\/person\\\/4898febf3ccd59e6578d838656a306a0\",\"name\":\"Dpress.ma\",\"image\":{\"@type\":\"ImageObject\",\"inLanguage\":\"fr-FR\",\"@id\":\"https:\\\/\\\/secure.gravatar.com\\\/avatar\\\/72ecc30e9db047a2e0e7176561eb9d564ed77c8108376495b19bd8336405198a?s=96&d=mm&r=g\",\"url\":\"https:\\\/\\\/secure.gravatar.com\\\/avatar\\\/72ecc30e9db047a2e0e7176561eb9d564ed77c8108376495b19bd8336405198a?s=96&d=mm&r=g\",\"contentUrl\":\"https:\\\/\\\/secure.gravatar.com\\\/avatar\\\/72ecc30e9db047a2e0e7176561eb9d564ed77c8108376495b19bd8336405198a?s=96&d=mm&r=g\",\"caption\":\"Dpress.ma\"},\"sameAs\":[\"https:\\\/\\\/www.dpress.ma\"],\"url\":\"https:\\\/\\\/dpress.ma\\\/fr\\\/author\\\/dpress-ma\\\/\"}]}<\/script>\n<!-- \/ Yoast SEO plugin. -->","yoast_head_json":{"title":"Lever de rideau sur la 33\u00e8me \u00e9dition du Festival de la musique gharnati d\u2019Oujda - Dpress.ma\/fr","robots":{"index":"index","follow":"follow","max-snippet":"max-snippet:-1","max-image-preview":"max-image-preview:large","max-video-preview":"max-video-preview:-1"},"canonical":"https:\/\/dpress.ma\/fr\/2026\/04\/10\/lever-de-rideau-sur-la-33eme-edition-du-festival-de-la-musique-gharnati-doujda\/","og_locale":"fr_FR","og_type":"article","og_title":"Lever de rideau sur la 33\u00e8me \u00e9dition du Festival de la musique gharnati d\u2019Oujda - Dpress.ma\/fr","og_description":"Dpress La 33\u00e8me \u00e9dition du Festival de la musique gharnati d\u2019Oujda s\u2019est ouverte, jeudi soir au Th\u00e9\u00e2tre Mohammed VI, sous le Haut Patronage de SM le Roi Mohammed VI. Organis\u00e9e par le minist\u00e8re de la jeunesse, de la culture et de la communication (d\u00e9partement de la Culture), cette manifestation culturelle, qui se poursuit jusqu\u2019au 11 &hellip;","og_url":"https:\/\/dpress.ma\/fr\/2026\/04\/10\/lever-de-rideau-sur-la-33eme-edition-du-festival-de-la-musique-gharnati-doujda\/","og_site_name":"Dpress.ma\/fr","article_published_time":"2026-04-10T16:31:29+00:00","article_modified_time":"2026-04-10T16:31:31+00:00","og_image":[{"width":2539,"height":1594,"url":"https:\/\/dpress.ma\/fr\/wp-content\/uploads\/sites\/2\/2026\/04\/48-7.jpg","type":"image\/jpeg"}],"author":"Dpress.ma","twitter_card":"summary_large_image","twitter_misc":{"\u00c9crit par":"Dpress.ma","Dur\u00e9e de lecture estim\u00e9e":"3 minutes"},"schema":{"@context":"https:\/\/schema.org","@graph":[{"@type":"Article","@id":"https:\/\/dpress.ma\/fr\/2026\/04\/10\/lever-de-rideau-sur-la-33eme-edition-du-festival-de-la-musique-gharnati-doujda\/#article","isPartOf":{"@id":"https:\/\/dpress.ma\/fr\/2026\/04\/10\/lever-de-rideau-sur-la-33eme-edition-du-festival-de-la-musique-gharnati-doujda\/"},"author":{"name":"Dpress.ma","@id":"https:\/\/dpress.ma\/fr\/#\/schema\/person\/4898febf3ccd59e6578d838656a306a0"},"headline":"Lever de rideau sur la 33\u00e8me \u00e9dition du Festival de la musique gharnati d\u2019Oujda","datePublished":"2026-04-10T16:31:29+00:00","dateModified":"2026-04-10T16:31:31+00:00","mainEntityOfPage":{"@id":"https:\/\/dpress.ma\/fr\/2026\/04\/10\/lever-de-rideau-sur-la-33eme-edition-du-festival-de-la-musique-gharnati-doujda\/"},"wordCount":542,"commentCount":0,"image":{"@id":"https:\/\/dpress.ma\/fr\/2026\/04\/10\/lever-de-rideau-sur-la-33eme-edition-du-festival-de-la-musique-gharnati-doujda\/#primaryimage"},"thumbnailUrl":"https:\/\/dpress.ma\/fr\/wp-content\/uploads\/sites\/2\/2026\/04\/48-7.jpg","articleSection":["Art et Culture"],"inLanguage":"fr-FR","potentialAction":[{"@type":"CommentAction","name":"Comment","target":["https:\/\/dpress.ma\/fr\/2026\/04\/10\/lever-de-rideau-sur-la-33eme-edition-du-festival-de-la-musique-gharnati-doujda\/#respond"]}]},{"@type":"WebPage","@id":"https:\/\/dpress.ma\/fr\/2026\/04\/10\/lever-de-rideau-sur-la-33eme-edition-du-festival-de-la-musique-gharnati-doujda\/","url":"https:\/\/dpress.ma\/fr\/2026\/04\/10\/lever-de-rideau-sur-la-33eme-edition-du-festival-de-la-musique-gharnati-doujda\/","name":"Lever de rideau sur la 33\u00e8me \u00e9dition du Festival de la musique gharnati d\u2019Oujda - Dpress.ma\/fr","isPartOf":{"@id":"https:\/\/dpress.ma\/fr\/#website"},"primaryImageOfPage":{"@id":"https:\/\/dpress.ma\/fr\/2026\/04\/10\/lever-de-rideau-sur-la-33eme-edition-du-festival-de-la-musique-gharnati-doujda\/#primaryimage"},"image":{"@id":"https:\/\/dpress.ma\/fr\/2026\/04\/10\/lever-de-rideau-sur-la-33eme-edition-du-festival-de-la-musique-gharnati-doujda\/#primaryimage"},"thumbnailUrl":"https:\/\/dpress.ma\/fr\/wp-content\/uploads\/sites\/2\/2026\/04\/48-7.jpg","datePublished":"2026-04-10T16:31:29+00:00","dateModified":"2026-04-10T16:31:31+00:00","author":{"@id":"https:\/\/dpress.ma\/fr\/#\/schema\/person\/4898febf3ccd59e6578d838656a306a0"},"breadcrumb":{"@id":"https:\/\/dpress.ma\/fr\/2026\/04\/10\/lever-de-rideau-sur-la-33eme-edition-du-festival-de-la-musique-gharnati-doujda\/#breadcrumb"},"inLanguage":"fr-FR","potentialAction":[{"@type":"ReadAction","target":["https:\/\/dpress.ma\/fr\/2026\/04\/10\/lever-de-rideau-sur-la-33eme-edition-du-festival-de-la-musique-gharnati-doujda\/"]}]},{"@type":"ImageObject","inLanguage":"fr-FR","@id":"https:\/\/dpress.ma\/fr\/2026\/04\/10\/lever-de-rideau-sur-la-33eme-edition-du-festival-de-la-musique-gharnati-doujda\/#primaryimage","url":"https:\/\/dpress.ma\/fr\/wp-content\/uploads\/sites\/2\/2026\/04\/48-7.jpg","contentUrl":"https:\/\/dpress.ma\/fr\/wp-content\/uploads\/sites\/2\/2026\/04\/48-7.jpg","width":2539,"height":1594},{"@type":"BreadcrumbList","@id":"https:\/\/dpress.ma\/fr\/2026\/04\/10\/lever-de-rideau-sur-la-33eme-edition-du-festival-de-la-musique-gharnati-doujda\/#breadcrumb","itemListElement":[{"@type":"ListItem","position":1,"name":"Home","item":"https:\/\/dpress.ma\/fr\/"},{"@type":"ListItem","position":2,"name":"Lever de rideau sur la 33\u00e8me \u00e9dition du Festival de la musique gharnati d\u2019Oujda"}]},{"@type":"WebSite","@id":"https:\/\/dpress.ma\/fr\/#website","url":"https:\/\/dpress.ma\/fr\/","name":"Dpress.ma\/fr","description":"","potentialAction":[{"@type":"SearchAction","target":{"@type":"EntryPoint","urlTemplate":"https:\/\/dpress.ma\/fr\/?s={search_term_string}"},"query-input":{"@type":"PropertyValueSpecification","valueRequired":true,"valueName":"search_term_string"}}],"inLanguage":"fr-FR"},{"@type":"Person","@id":"https:\/\/dpress.ma\/fr\/#\/schema\/person\/4898febf3ccd59e6578d838656a306a0","name":"Dpress.ma","image":{"@type":"ImageObject","inLanguage":"fr-FR","@id":"https:\/\/secure.gravatar.com\/avatar\/72ecc30e9db047a2e0e7176561eb9d564ed77c8108376495b19bd8336405198a?s=96&d=mm&r=g","url":"https:\/\/secure.gravatar.com\/avatar\/72ecc30e9db047a2e0e7176561eb9d564ed77c8108376495b19bd8336405198a?s=96&d=mm&r=g","contentUrl":"https:\/\/secure.gravatar.com\/avatar\/72ecc30e9db047a2e0e7176561eb9d564ed77c8108376495b19bd8336405198a?s=96&d=mm&r=g","caption":"Dpress.ma"},"sameAs":["https:\/\/www.dpress.ma"],"url":"https:\/\/dpress.ma\/fr\/author\/dpress-ma\/"}]}},"amp_enabled":true,"_links":{"self":[{"href":"https:\/\/dpress.ma\/fr\/wp-json\/wp\/v2\/posts\/28195","targetHints":{"allow":["GET"]}}],"collection":[{"href":"https:\/\/dpress.ma\/fr\/wp-json\/wp\/v2\/posts"}],"about":[{"href":"https:\/\/dpress.ma\/fr\/wp-json\/wp\/v2\/types\/post"}],"author":[{"embeddable":true,"href":"https:\/\/dpress.ma\/fr\/wp-json\/wp\/v2\/users\/2"}],"replies":[{"embeddable":true,"href":"https:\/\/dpress.ma\/fr\/wp-json\/wp\/v2\/comments?post=28195"}],"version-history":[{"count":1,"href":"https:\/\/dpress.ma\/fr\/wp-json\/wp\/v2\/posts\/28195\/revisions"}],"predecessor-version":[{"id":28197,"href":"https:\/\/dpress.ma\/fr\/wp-json\/wp\/v2\/posts\/28195\/revisions\/28197"}],"wp:featuredmedia":[{"embeddable":true,"href":"https:\/\/dpress.ma\/fr\/wp-json\/wp\/v2\/media\/28196"}],"wp:attachment":[{"href":"https:\/\/dpress.ma\/fr\/wp-json\/wp\/v2\/media?parent=28195"}],"wp:term":[{"taxonomy":"category","embeddable":true,"href":"https:\/\/dpress.ma\/fr\/wp-json\/wp\/v2\/categories?post=28195"},{"taxonomy":"post_tag","embeddable":true,"href":"https:\/\/dpress.ma\/fr\/wp-json\/wp\/v2\/tags?post=28195"}],"curies":[{"name":"wp","href":"https:\/\/api.w.org\/{rel}","templated":true}]}}