{"id":28189,"date":"2026-04-10T16:29:09","date_gmt":"2026-04-10T16:29:09","guid":{"rendered":"https:\/\/dpress.ma\/fr\/?p=28189"},"modified":"2026-04-10T16:29:11","modified_gmt":"2026-04-10T16:29:11","slug":"programme-forsa-le-30-avril-dernier-delai-pour-la-signature-des-avenants-de-report-decheances","status":"publish","type":"post","link":"https:\/\/dpress.ma\/fr\/2026\/04\/10\/programme-forsa-le-30-avril-dernier-delai-pour-la-signature-des-avenants-de-report-decheances\/","title":{"rendered":"Programme \u201cForsa\u201d : le 30 avril, dernier d\u00e9lai pour la signature des avenants de report d\u2019\u00e9ch\u00e9ances"},"content":{"rendered":"\n<p>Dpress<\/p>\n\n\n\n<p>Les b\u00e9n\u00e9ficiaires d\u2019un report de 12 \u00e9ch\u00e9ances dans le cadre du programme \u201cForsa\u201d doivent signer leur avenant aupr\u00e8s de leur institution de financement avant le jeudi 30 avril 2026, rappelle le minist\u00e8re du Tourisme, de l\u2019Artisanat et de l\u2019\u00c9conomie sociale et solidaire.<\/p>\n\n\n\n<p>\u201cLes demandeurs concern\u00e9s sont invit\u00e9s \u00e0 se rapprocher sans d\u00e9lai de leur institution de financement pour proc\u00e9der \u00e0 la signature de leur avenant\u201d, fait savoir le minist\u00e8re dans un communiqu\u00e9.<\/p>\n\n\n\n<p>Pass\u00e9 le 30 avril 2026, toute demande non formalis\u00e9e par un avenant sign\u00e9 sera consid\u00e9r\u00e9e caduque, avertit la m\u00eame source.<\/p>\n\n\n\n<p>Sur les 21.000 porteurs de projets que compte le programme, pr\u00e8s de 4.600 demandes de report ont \u00e9t\u00e9 valid\u00e9es. A ce jour, pr\u00e8s de 1.400 demandeurs ont d\u00e9j\u00e0 sign\u00e9 leurs avenants et peuvent d\u00e9sormais b\u00e9n\u00e9ficier du report de leurs \u00e9ch\u00e9ances.<\/p>\n\n\n\n<p>Pour rappel, ce dispositif permet la suspension des \u00e9ch\u00e9ances pendant 12 mois, avec r\u00e9\u00e9chelonnement automatique du calendrier de remboursement, sans d\u00e9marche suppl\u00e9mentaire de la part du b\u00e9n\u00e9ficiaire.<\/p>\n","protected":false},"excerpt":{"rendered":"<p>Dpress Les b\u00e9n\u00e9ficiaires d\u2019un report de 12 \u00e9ch\u00e9ances dans le cadre du programme \u201cForsa\u201d doivent signer leur avenant aupr\u00e8s de leur institution de financement avant le jeudi 30 avril 2026, rappelle le minist\u00e8re du Tourisme, de l\u2019Artisanat et de l\u2019\u00c9conomie sociale et solidaire. \u201cLes demandeurs concern\u00e9s sont invit\u00e9s \u00e0 se rapprocher sans d\u00e9lai de leur &hellip;<\/p>\n","protected":false},"author":2,"featured_media":28190,"comment_status":"open","ping_status":"open","sticky":false,"template":"","format":"standard","meta":{"footnotes":""},"categories":[25],"tags":[],"class_list":["post-28189","post","type-post","status-publish","format-standard","has-post-thumbnail","hentry","category-economie"],"yoast_head":"<!-- This site is optimized with the Yoast SEO plugin v27.5 - https:\/\/yoast.com\/product\/yoast-seo-wordpress\/ -->\n<title>Programme \u201cForsa\u201d : le 30 avril, dernier d\u00e9lai pour la signature des avenants de report d\u2019\u00e9ch\u00e9ances - Dpress.ma\/fr<\/title>\n<meta name=\"robots\" content=\"index, follow, max-snippet:-1, max-image-preview:large, max-video-preview:-1\" \/>\n<link rel=\"canonical\" href=\"https:\/\/dpress.ma\/fr\/2026\/04\/10\/programme-forsa-le-30-avril-dernier-delai-pour-la-signature-des-avenants-de-report-decheances\/\" \/>\n<meta property=\"og:locale\" content=\"fr_FR\" \/>\n<meta property=\"og:type\" content=\"article\" \/>\n<meta property=\"og:title\" content=\"Programme \u201cForsa\u201d : le 30 avril, dernier d\u00e9lai pour la signature des avenants de report d\u2019\u00e9ch\u00e9ances - Dpress.ma\/fr\" \/>\n<meta property=\"og:description\" content=\"Dpress Les b\u00e9n\u00e9ficiaires d\u2019un report de 12 \u00e9ch\u00e9ances dans le cadre du programme \u201cForsa\u201d doivent signer leur avenant aupr\u00e8s de leur institution de financement avant le jeudi 30 avril 2026, rappelle le minist\u00e8re du Tourisme, de l\u2019Artisanat et de l\u2019\u00c9conomie sociale et solidaire. \u201cLes demandeurs concern\u00e9s sont invit\u00e9s \u00e0 se rapprocher sans d\u00e9lai de leur &hellip;\" \/>\n<meta property=\"og:url\" content=\"https:\/\/dpress.ma\/fr\/2026\/04\/10\/programme-forsa-le-30-avril-dernier-delai-pour-la-signature-des-avenants-de-report-decheances\/\" \/>\n<meta property=\"og:site_name\" content=\"Dpress.ma\/fr\" \/>\n<meta property=\"article:published_time\" content=\"2026-04-10T16:29:09+00:00\" \/>\n<meta property=\"article:modified_time\" content=\"2026-04-10T16:29:11+00:00\" \/>\n<meta property=\"og:image\" content=\"https:\/\/dpress.ma\/fr\/wp-content\/uploads\/sites\/2\/2026\/04\/46-7.jpg\" \/>\n\t<meta property=\"og:image:width\" content=\"2539\" \/>\n\t<meta property=\"og:image:height\" content=\"1594\" \/>\n\t<meta property=\"og:image:type\" content=\"image\/jpeg\" \/>\n<meta name=\"author\" content=\"Dpress.ma\" \/>\n<meta name=\"twitter:card\" content=\"summary_large_image\" \/>\n<meta name=\"twitter:label1\" content=\"\u00c9crit par\" \/>\n\t<meta name=\"twitter:data1\" content=\"Dpress.ma\" \/>\n\t<meta name=\"twitter:label2\" content=\"Dur\u00e9e de lecture estim\u00e9e\" \/>\n\t<meta name=\"twitter:data2\" content=\"2 minutes\" \/>\n<script type=\"application\/ld+json\" class=\"yoast-schema-graph\">{\"@context\":\"https:\\\/\\\/schema.org\",\"@graph\":[{\"@type\":\"Article\",\"@id\":\"https:\\\/\\\/dpress.ma\\\/fr\\\/2026\\\/04\\\/10\\\/programme-forsa-le-30-avril-dernier-delai-pour-la-signature-des-avenants-de-report-decheances\\\/#article\",\"isPartOf\":{\"@id\":\"https:\\\/\\\/dpress.ma\\\/fr\\\/2026\\\/04\\\/10\\\/programme-forsa-le-30-avril-dernier-delai-pour-la-signature-des-avenants-de-report-decheances\\\/\"},\"author\":{\"name\":\"Dpress.ma\",\"@id\":\"https:\\\/\\\/dpress.ma\\\/fr\\\/#\\\/schema\\\/person\\\/4898febf3ccd59e6578d838656a306a0\"},\"headline\":\"Programme \u201cForsa\u201d : le 30 avril, dernier d\u00e9lai pour la signature des avenants de report d\u2019\u00e9ch\u00e9ances\",\"datePublished\":\"2026-04-10T16:29:09+00:00\",\"dateModified\":\"2026-04-10T16:29:11+00:00\",\"mainEntityOfPage\":{\"@id\":\"https:\\\/\\\/dpress.ma\\\/fr\\\/2026\\\/04\\\/10\\\/programme-forsa-le-30-avril-dernier-delai-pour-la-signature-des-avenants-de-report-decheances\\\/\"},\"wordCount\":197,\"commentCount\":0,\"image\":{\"@id\":\"https:\\\/\\\/dpress.ma\\\/fr\\\/2026\\\/04\\\/10\\\/programme-forsa-le-30-avril-dernier-delai-pour-la-signature-des-avenants-de-report-decheances\\\/#primaryimage\"},\"thumbnailUrl\":\"https:\\\/\\\/dpress.ma\\\/fr\\\/wp-content\\\/uploads\\\/sites\\\/2\\\/2026\\\/04\\\/46-7.jpg\",\"articleSection\":[\"\u00c9conomie\"],\"inLanguage\":\"fr-FR\",\"potentialAction\":[{\"@type\":\"CommentAction\",\"name\":\"Comment\",\"target\":[\"https:\\\/\\\/dpress.ma\\\/fr\\\/2026\\\/04\\\/10\\\/programme-forsa-le-30-avril-dernier-delai-pour-la-signature-des-avenants-de-report-decheances\\\/#respond\"]}]},{\"@type\":\"WebPage\",\"@id\":\"https:\\\/\\\/dpress.ma\\\/fr\\\/2026\\\/04\\\/10\\\/programme-forsa-le-30-avril-dernier-delai-pour-la-signature-des-avenants-de-report-decheances\\\/\",\"url\":\"https:\\\/\\\/dpress.ma\\\/fr\\\/2026\\\/04\\\/10\\\/programme-forsa-le-30-avril-dernier-delai-pour-la-signature-des-avenants-de-report-decheances\\\/\",\"name\":\"Programme \u201cForsa\u201d : le 30 avril, dernier d\u00e9lai pour la signature des avenants de report d\u2019\u00e9ch\u00e9ances - Dpress.ma\\\/fr\",\"isPartOf\":{\"@id\":\"https:\\\/\\\/dpress.ma\\\/fr\\\/#website\"},\"primaryImageOfPage\":{\"@id\":\"https:\\\/\\\/dpress.ma\\\/fr\\\/2026\\\/04\\\/10\\\/programme-forsa-le-30-avril-dernier-delai-pour-la-signature-des-avenants-de-report-decheances\\\/#primaryimage\"},\"image\":{\"@id\":\"https:\\\/\\\/dpress.ma\\\/fr\\\/2026\\\/04\\\/10\\\/programme-forsa-le-30-avril-dernier-delai-pour-la-signature-des-avenants-de-report-decheances\\\/#primaryimage\"},\"thumbnailUrl\":\"https:\\\/\\\/dpress.ma\\\/fr\\\/wp-content\\\/uploads\\\/sites\\\/2\\\/2026\\\/04\\\/46-7.jpg\",\"datePublished\":\"2026-04-10T16:29:09+00:00\",\"dateModified\":\"2026-04-10T16:29:11+00:00\",\"author\":{\"@id\":\"https:\\\/\\\/dpress.ma\\\/fr\\\/#\\\/schema\\\/person\\\/4898febf3ccd59e6578d838656a306a0\"},\"breadcrumb\":{\"@id\":\"https:\\\/\\\/dpress.ma\\\/fr\\\/2026\\\/04\\\/10\\\/programme-forsa-le-30-avril-dernier-delai-pour-la-signature-des-avenants-de-report-decheances\\\/#breadcrumb\"},\"inLanguage\":\"fr-FR\",\"potentialAction\":[{\"@type\":\"ReadAction\",\"target\":[\"https:\\\/\\\/dpress.ma\\\/fr\\\/2026\\\/04\\\/10\\\/programme-forsa-le-30-avril-dernier-delai-pour-la-signature-des-avenants-de-report-decheances\\\/\"]}]},{\"@type\":\"ImageObject\",\"inLanguage\":\"fr-FR\",\"@id\":\"https:\\\/\\\/dpress.ma\\\/fr\\\/2026\\\/04\\\/10\\\/programme-forsa-le-30-avril-dernier-delai-pour-la-signature-des-avenants-de-report-decheances\\\/#primaryimage\",\"url\":\"https:\\\/\\\/dpress.ma\\\/fr\\\/wp-content\\\/uploads\\\/sites\\\/2\\\/2026\\\/04\\\/46-7.jpg\",\"contentUrl\":\"https:\\\/\\\/dpress.ma\\\/fr\\\/wp-content\\\/uploads\\\/sites\\\/2\\\/2026\\\/04\\\/46-7.jpg\",\"width\":2539,\"height\":1594},{\"@type\":\"BreadcrumbList\",\"@id\":\"https:\\\/\\\/dpress.ma\\\/fr\\\/2026\\\/04\\\/10\\\/programme-forsa-le-30-avril-dernier-delai-pour-la-signature-des-avenants-de-report-decheances\\\/#breadcrumb\",\"itemListElement\":[{\"@type\":\"ListItem\",\"position\":1,\"name\":\"Home\",\"item\":\"https:\\\/\\\/dpress.ma\\\/fr\\\/\"},{\"@type\":\"ListItem\",\"position\":2,\"name\":\"Programme \u201cForsa\u201d : le 30 avril, dernier d\u00e9lai pour la signature des avenants de report d\u2019\u00e9ch\u00e9ances\"}]},{\"@type\":\"WebSite\",\"@id\":\"https:\\\/\\\/dpress.ma\\\/fr\\\/#website\",\"url\":\"https:\\\/\\\/dpress.ma\\\/fr\\\/\",\"name\":\"Dpress.ma\\\/fr\",\"description\":\"\",\"potentialAction\":[{\"@type\":\"SearchAction\",\"target\":{\"@type\":\"EntryPoint\",\"urlTemplate\":\"https:\\\/\\\/dpress.ma\\\/fr\\\/?s={search_term_string}\"},\"query-input\":{\"@type\":\"PropertyValueSpecification\",\"valueRequired\":true,\"valueName\":\"search_term_string\"}}],\"inLanguage\":\"fr-FR\"},{\"@type\":\"Person\",\"@id\":\"https:\\\/\\\/dpress.ma\\\/fr\\\/#\\\/schema\\\/person\\\/4898febf3ccd59e6578d838656a306a0\",\"name\":\"Dpress.ma\",\"image\":{\"@type\":\"ImageObject\",\"inLanguage\":\"fr-FR\",\"@id\":\"https:\\\/\\\/secure.gravatar.com\\\/avatar\\\/72ecc30e9db047a2e0e7176561eb9d564ed77c8108376495b19bd8336405198a?s=96&d=mm&r=g\",\"url\":\"https:\\\/\\\/secure.gravatar.com\\\/avatar\\\/72ecc30e9db047a2e0e7176561eb9d564ed77c8108376495b19bd8336405198a?s=96&d=mm&r=g\",\"contentUrl\":\"https:\\\/\\\/secure.gravatar.com\\\/avatar\\\/72ecc30e9db047a2e0e7176561eb9d564ed77c8108376495b19bd8336405198a?s=96&d=mm&r=g\",\"caption\":\"Dpress.ma\"},\"sameAs\":[\"https:\\\/\\\/www.dpress.ma\"],\"url\":\"https:\\\/\\\/dpress.ma\\\/fr\\\/author\\\/dpress-ma\\\/\"}]}<\/script>\n<!-- \/ Yoast SEO plugin. -->","yoast_head_json":{"title":"Programme \u201cForsa\u201d : le 30 avril, dernier d\u00e9lai pour la signature des avenants de report d\u2019\u00e9ch\u00e9ances - Dpress.ma\/fr","robots":{"index":"index","follow":"follow","max-snippet":"max-snippet:-1","max-image-preview":"max-image-preview:large","max-video-preview":"max-video-preview:-1"},"canonical":"https:\/\/dpress.ma\/fr\/2026\/04\/10\/programme-forsa-le-30-avril-dernier-delai-pour-la-signature-des-avenants-de-report-decheances\/","og_locale":"fr_FR","og_type":"article","og_title":"Programme \u201cForsa\u201d : le 30 avril, dernier d\u00e9lai pour la signature des avenants de report d\u2019\u00e9ch\u00e9ances - Dpress.ma\/fr","og_description":"Dpress Les b\u00e9n\u00e9ficiaires d\u2019un report de 12 \u00e9ch\u00e9ances dans le cadre du programme \u201cForsa\u201d doivent signer leur avenant aupr\u00e8s de leur institution de financement avant le jeudi 30 avril 2026, rappelle le minist\u00e8re du Tourisme, de l\u2019Artisanat et de l\u2019\u00c9conomie sociale et solidaire. \u201cLes demandeurs concern\u00e9s sont invit\u00e9s \u00e0 se rapprocher sans d\u00e9lai de leur &hellip;","og_url":"https:\/\/dpress.ma\/fr\/2026\/04\/10\/programme-forsa-le-30-avril-dernier-delai-pour-la-signature-des-avenants-de-report-decheances\/","og_site_name":"Dpress.ma\/fr","article_published_time":"2026-04-10T16:29:09+00:00","article_modified_time":"2026-04-10T16:29:11+00:00","og_image":[{"width":2539,"height":1594,"url":"https:\/\/dpress.ma\/fr\/wp-content\/uploads\/sites\/2\/2026\/04\/46-7.jpg","type":"image\/jpeg"}],"author":"Dpress.ma","twitter_card":"summary_large_image","twitter_misc":{"\u00c9crit par":"Dpress.ma","Dur\u00e9e de lecture estim\u00e9e":"2 minutes"},"schema":{"@context":"https:\/\/schema.org","@graph":[{"@type":"Article","@id":"https:\/\/dpress.ma\/fr\/2026\/04\/10\/programme-forsa-le-30-avril-dernier-delai-pour-la-signature-des-avenants-de-report-decheances\/#article","isPartOf":{"@id":"https:\/\/dpress.ma\/fr\/2026\/04\/10\/programme-forsa-le-30-avril-dernier-delai-pour-la-signature-des-avenants-de-report-decheances\/"},"author":{"name":"Dpress.ma","@id":"https:\/\/dpress.ma\/fr\/#\/schema\/person\/4898febf3ccd59e6578d838656a306a0"},"headline":"Programme \u201cForsa\u201d : le 30 avril, dernier d\u00e9lai pour la signature des avenants de report d\u2019\u00e9ch\u00e9ances","datePublished":"2026-04-10T16:29:09+00:00","dateModified":"2026-04-10T16:29:11+00:00","mainEntityOfPage":{"@id":"https:\/\/dpress.ma\/fr\/2026\/04\/10\/programme-forsa-le-30-avril-dernier-delai-pour-la-signature-des-avenants-de-report-decheances\/"},"wordCount":197,"commentCount":0,"image":{"@id":"https:\/\/dpress.ma\/fr\/2026\/04\/10\/programme-forsa-le-30-avril-dernier-delai-pour-la-signature-des-avenants-de-report-decheances\/#primaryimage"},"thumbnailUrl":"https:\/\/dpress.ma\/fr\/wp-content\/uploads\/sites\/2\/2026\/04\/46-7.jpg","articleSection":["\u00c9conomie"],"inLanguage":"fr-FR","potentialAction":[{"@type":"CommentAction","name":"Comment","target":["https:\/\/dpress.ma\/fr\/2026\/04\/10\/programme-forsa-le-30-avril-dernier-delai-pour-la-signature-des-avenants-de-report-decheances\/#respond"]}]},{"@type":"WebPage","@id":"https:\/\/dpress.ma\/fr\/2026\/04\/10\/programme-forsa-le-30-avril-dernier-delai-pour-la-signature-des-avenants-de-report-decheances\/","url":"https:\/\/dpress.ma\/fr\/2026\/04\/10\/programme-forsa-le-30-avril-dernier-delai-pour-la-signature-des-avenants-de-report-decheances\/","name":"Programme \u201cForsa\u201d : le 30 avril, dernier d\u00e9lai pour la signature des avenants de report d\u2019\u00e9ch\u00e9ances - Dpress.ma\/fr","isPartOf":{"@id":"https:\/\/dpress.ma\/fr\/#website"},"primaryImageOfPage":{"@id":"https:\/\/dpress.ma\/fr\/2026\/04\/10\/programme-forsa-le-30-avril-dernier-delai-pour-la-signature-des-avenants-de-report-decheances\/#primaryimage"},"image":{"@id":"https:\/\/dpress.ma\/fr\/2026\/04\/10\/programme-forsa-le-30-avril-dernier-delai-pour-la-signature-des-avenants-de-report-decheances\/#primaryimage"},"thumbnailUrl":"https:\/\/dpress.ma\/fr\/wp-content\/uploads\/sites\/2\/2026\/04\/46-7.jpg","datePublished":"2026-04-10T16:29:09+00:00","dateModified":"2026-04-10T16:29:11+00:00","author":{"@id":"https:\/\/dpress.ma\/fr\/#\/schema\/person\/4898febf3ccd59e6578d838656a306a0"},"breadcrumb":{"@id":"https:\/\/dpress.ma\/fr\/2026\/04\/10\/programme-forsa-le-30-avril-dernier-delai-pour-la-signature-des-avenants-de-report-decheances\/#breadcrumb"},"inLanguage":"fr-FR","potentialAction":[{"@type":"ReadAction","target":["https:\/\/dpress.ma\/fr\/2026\/04\/10\/programme-forsa-le-30-avril-dernier-delai-pour-la-signature-des-avenants-de-report-decheances\/"]}]},{"@type":"ImageObject","inLanguage":"fr-FR","@id":"https:\/\/dpress.ma\/fr\/2026\/04\/10\/programme-forsa-le-30-avril-dernier-delai-pour-la-signature-des-avenants-de-report-decheances\/#primaryimage","url":"https:\/\/dpress.ma\/fr\/wp-content\/uploads\/sites\/2\/2026\/04\/46-7.jpg","contentUrl":"https:\/\/dpress.ma\/fr\/wp-content\/uploads\/sites\/2\/2026\/04\/46-7.jpg","width":2539,"height":1594},{"@type":"BreadcrumbList","@id":"https:\/\/dpress.ma\/fr\/2026\/04\/10\/programme-forsa-le-30-avril-dernier-delai-pour-la-signature-des-avenants-de-report-decheances\/#breadcrumb","itemListElement":[{"@type":"ListItem","position":1,"name":"Home","item":"https:\/\/dpress.ma\/fr\/"},{"@type":"ListItem","position":2,"name":"Programme \u201cForsa\u201d : le 30 avril, dernier d\u00e9lai pour la signature des avenants de report d\u2019\u00e9ch\u00e9ances"}]},{"@type":"WebSite","@id":"https:\/\/dpress.ma\/fr\/#website","url":"https:\/\/dpress.ma\/fr\/","name":"Dpress.ma\/fr","description":"","potentialAction":[{"@type":"SearchAction","target":{"@type":"EntryPoint","urlTemplate":"https:\/\/dpress.ma\/fr\/?s={search_term_string}"},"query-input":{"@type":"PropertyValueSpecification","valueRequired":true,"valueName":"search_term_string"}}],"inLanguage":"fr-FR"},{"@type":"Person","@id":"https:\/\/dpress.ma\/fr\/#\/schema\/person\/4898febf3ccd59e6578d838656a306a0","name":"Dpress.ma","image":{"@type":"ImageObject","inLanguage":"fr-FR","@id":"https:\/\/secure.gravatar.com\/avatar\/72ecc30e9db047a2e0e7176561eb9d564ed77c8108376495b19bd8336405198a?s=96&d=mm&r=g","url":"https:\/\/secure.gravatar.com\/avatar\/72ecc30e9db047a2e0e7176561eb9d564ed77c8108376495b19bd8336405198a?s=96&d=mm&r=g","contentUrl":"https:\/\/secure.gravatar.com\/avatar\/72ecc30e9db047a2e0e7176561eb9d564ed77c8108376495b19bd8336405198a?s=96&d=mm&r=g","caption":"Dpress.ma"},"sameAs":["https:\/\/www.dpress.ma"],"url":"https:\/\/dpress.ma\/fr\/author\/dpress-ma\/"}]}},"amp_enabled":true,"_links":{"self":[{"href":"https:\/\/dpress.ma\/fr\/wp-json\/wp\/v2\/posts\/28189","targetHints":{"allow":["GET"]}}],"collection":[{"href":"https:\/\/dpress.ma\/fr\/wp-json\/wp\/v2\/posts"}],"about":[{"href":"https:\/\/dpress.ma\/fr\/wp-json\/wp\/v2\/types\/post"}],"author":[{"embeddable":true,"href":"https:\/\/dpress.ma\/fr\/wp-json\/wp\/v2\/users\/2"}],"replies":[{"embeddable":true,"href":"https:\/\/dpress.ma\/fr\/wp-json\/wp\/v2\/comments?post=28189"}],"version-history":[{"count":1,"href":"https:\/\/dpress.ma\/fr\/wp-json\/wp\/v2\/posts\/28189\/revisions"}],"predecessor-version":[{"id":28191,"href":"https:\/\/dpress.ma\/fr\/wp-json\/wp\/v2\/posts\/28189\/revisions\/28191"}],"wp:featuredmedia":[{"embeddable":true,"href":"https:\/\/dpress.ma\/fr\/wp-json\/wp\/v2\/media\/28190"}],"wp:attachment":[{"href":"https:\/\/dpress.ma\/fr\/wp-json\/wp\/v2\/media?parent=28189"}],"wp:term":[{"taxonomy":"category","embeddable":true,"href":"https:\/\/dpress.ma\/fr\/wp-json\/wp\/v2\/categories?post=28189"},{"taxonomy":"post_tag","embeddable":true,"href":"https:\/\/dpress.ma\/fr\/wp-json\/wp\/v2\/tags?post=28189"}],"curies":[{"name":"wp","href":"https:\/\/api.w.org\/{rel}","templated":true}]}}