{"id":28186,"date":"2026-04-10T16:27:26","date_gmt":"2026-04-10T16:27:26","guid":{"rendered":"https:\/\/dpress.ma\/fr\/?p=28186"},"modified":"2026-04-10T16:27:28","modified_gmt":"2026-04-10T16:27:28","slug":"tanger-commemoration-du-79e-anniversaire-de-la-visite-historique-de-feu-sm-mohammed-v","status":"publish","type":"post","link":"https:\/\/dpress.ma\/fr\/2026\/04\/10\/tanger-commemoration-du-79e-anniversaire-de-la-visite-historique-de-feu-sm-mohammed-v\/","title":{"rendered":"Tanger : Comm\u00e9moration du 79\u00e8 anniversaire de la visite historique de feu SM Mohammed V"},"content":{"rendered":"\n<p>Dpress<\/p>\n\n\n\n<p>Le Haut-Commissariat aux anciens r\u00e9sistants et anciens membres de l\u2019arm\u00e9e de lib\u00e9ration a organis\u00e9, jeudi \u00e0 Tanger, une c\u00e9r\u00e9monie comm\u00e9morant le 79e anniversaire de la visite historique de feu SM Mohammed V dans la ville, le 9 avril 1947.<\/p>\n\n\n\n<p>S\u2019exprimant lors de cette c\u00e9r\u00e9monie organis\u00e9e \u00e0 l\u2019espace de la Mendoubia de Tanger, o\u00f9 feu SM Mohammed V avait prononc\u00e9 son discours historique, le Haut-Commissaire aux anciens r\u00e9sistants et anciens membres de l\u2019arm\u00e9e de lib\u00e9ration, Mustapha El Ktiri, a soulign\u00e9 que la visite royale dans la ville du d\u00e9troit a constitu\u00e9 un moment charni\u00e8re dans la lutte du Maroc pour le recouvrement de son ind\u00e9pendance, de sa souverainet\u00e9 et la cons\u00e9cration de son unit\u00e9 nationale.<\/p>\n\n\n\n<p>Il a rappel\u00e9 que feu SM Mohammed V avait tenu \u00e0 effectuer ce d\u00e9placement par voie terrestre, partant de la zone sultanienne, traversant la zone khalifienne pour rejoindre la zone internationale, brisant ainsi les fronti\u00e8res artificielles impos\u00e9es par le colonisateur, dans un geste hautement symbolique consacrant l\u2019int\u00e9grit\u00e9 territoriale du Royaume.<\/p>\n\n\n\n<p>La visite de feu SM Mohammed V \u00e0 Tanger a illustr\u00e9 l\u2019unit\u00e9 du Maroc et constitu\u00e9 une occasion idoine pour revendiquer haut et fort l\u2019ind\u00e9pendance du pays, sa libert\u00e9 et sa souverainet\u00e9, a-t-il ajout\u00e9, notant que ce d\u00e9placement, qui a \u00e9galement permis de briser les entraves impos\u00e9es par les autorit\u00e9s coloniales, t\u00e9moigne de la forte symbiose entre le glorieux Tr\u00f4ne alaouite et le peuple marocain.<\/p>\n\n\n\n<p>Il a \u00e9galement mis l\u2019accent sur l\u2019impact, aux niveaux national et international, des activit\u00e9s royales et princi\u00e8res lors de cette visite \u00e0 Tanger, laquelle a repr\u00e9sent\u00e9 une \u00e9tape lumineuse dans le processus de lutte nationale pour le recouvrement de la libert\u00e9 et de l\u2019ind\u00e9pendance.<\/p>\n\n\n\n<p>Il a, en outre, rappel\u00e9 les \u00e9volutions diplomatiques qu\u2019a connues la question du Sahara marocain, notamment la r\u00e9solution onusienne n\u00b0 2797 adopt\u00e9e le 31 octobre 2025, consacrant la souverainet\u00e9 du Maroc sur son Sahara dans le cadre du plan d\u2019autonomie, soulignant que cette dynamique s\u2019inscrit dans la continuit\u00e9 du combat national pour la d\u00e9fense de l\u2019int\u00e9grit\u00e9 territoriale du Royaume.<\/p>\n\n\n\n<p>Cette c\u00e9r\u00e9monie, qui s\u2019est d\u00e9roul\u00e9e en pr\u00e9sence notamment du wali de la r\u00e9gion Tanger-T\u00e9touan-Al Hoceima, Younes Tazi, d\u2019\u00e9lus, de membres des familles des anciens r\u00e9sistants et anciens membres de l\u2019arm\u00e9e de lib\u00e9ration ainsi que de repr\u00e9sentants de la soci\u00e9t\u00e9 civile, a \u00e9t\u00e9 marqu\u00e9e par une visite de la place du 9 avril, un hommage \u00e0 dix anciens r\u00e9sistants et anciens membres de l\u2019arm\u00e9e de lib\u00e9ration de Tanger, ainsi que par la remise d\u2019aides financi\u00e8res \u00e0 douze ayants droit de la famille de la r\u00e9sistance et de l\u2019arm\u00e9e de lib\u00e9ration.<\/p>\n\n\n\n<p>\u00c0 cette occasion, l\u2019assistance a \u00e9lev\u00e9 des pri\u00e8res implorant Dieu de pr\u00e9server SM le Roi Mohammed VI et de combler le Souverain en les personnes de SAR le Prince H\u00e9ritier Moulay El Hassan et de SAR le Prince Moulay Rachid, ainsi que de l\u2019ensemble des membres de l\u2019illustre Famille Royale.<\/p>\n\n\n\n<p>Des pri\u00e8res ont \u00e9galement \u00e9t\u00e9 \u00e9lev\u00e9es pour le repos de l\u2019\u00e2me des regrett\u00e9s Souverains, SM Mohammed V et SM Hassan II.<\/p>\n","protected":false},"excerpt":{"rendered":"<p>Dpress Le Haut-Commissariat aux anciens r\u00e9sistants et anciens membres de l\u2019arm\u00e9e de lib\u00e9ration a organis\u00e9, jeudi \u00e0 Tanger, une c\u00e9r\u00e9monie comm\u00e9morant le 79e anniversaire de la visite historique de feu SM Mohammed V dans la ville, le 9 avril 1947. S\u2019exprimant lors de cette c\u00e9r\u00e9monie organis\u00e9e \u00e0 l\u2019espace de la Mendoubia de Tanger, o\u00f9 feu &hellip;<\/p>\n","protected":false},"author":2,"featured_media":28187,"comment_status":"open","ping_status":"open","sticky":false,"template":"","format":"standard","meta":{"footnotes":""},"categories":[40],"tags":[],"class_list":["post-28186","post","type-post","status-publish","format-standard","has-post-thumbnail","hentry","category-societe-et-regions"],"yoast_head":"<!-- This site is optimized with the Yoast SEO plugin v27.5 - https:\/\/yoast.com\/product\/yoast-seo-wordpress\/ -->\n<title>Tanger : Comm\u00e9moration du 79\u00e8 anniversaire de la visite historique de feu SM Mohammed V - Dpress.ma\/fr<\/title>\n<meta name=\"robots\" content=\"index, follow, max-snippet:-1, max-image-preview:large, max-video-preview:-1\" \/>\n<link rel=\"canonical\" href=\"https:\/\/dpress.ma\/fr\/2026\/04\/10\/tanger-commemoration-du-79e-anniversaire-de-la-visite-historique-de-feu-sm-mohammed-v\/\" \/>\n<meta property=\"og:locale\" content=\"fr_FR\" \/>\n<meta property=\"og:type\" content=\"article\" \/>\n<meta property=\"og:title\" content=\"Tanger : Comm\u00e9moration du 79\u00e8 anniversaire de la visite historique de feu SM Mohammed V - Dpress.ma\/fr\" \/>\n<meta property=\"og:description\" content=\"Dpress Le Haut-Commissariat aux anciens r\u00e9sistants et anciens membres de l\u2019arm\u00e9e de lib\u00e9ration a organis\u00e9, jeudi \u00e0 Tanger, une c\u00e9r\u00e9monie comm\u00e9morant le 79e anniversaire de la visite historique de feu SM Mohammed V dans la ville, le 9 avril 1947. S\u2019exprimant lors de cette c\u00e9r\u00e9monie organis\u00e9e \u00e0 l\u2019espace de la Mendoubia de Tanger, o\u00f9 feu &hellip;\" \/>\n<meta property=\"og:url\" content=\"https:\/\/dpress.ma\/fr\/2026\/04\/10\/tanger-commemoration-du-79e-anniversaire-de-la-visite-historique-de-feu-sm-mohammed-v\/\" \/>\n<meta property=\"og:site_name\" content=\"Dpress.ma\/fr\" \/>\n<meta property=\"article:published_time\" content=\"2026-04-10T16:27:26+00:00\" \/>\n<meta property=\"article:modified_time\" content=\"2026-04-10T16:27:28+00:00\" \/>\n<meta property=\"og:image\" content=\"https:\/\/dpress.ma\/fr\/wp-content\/uploads\/sites\/2\/2026\/04\/45-7.jpg\" \/>\n\t<meta property=\"og:image:width\" content=\"2539\" \/>\n\t<meta property=\"og:image:height\" content=\"1594\" \/>\n\t<meta property=\"og:image:type\" content=\"image\/jpeg\" \/>\n<meta name=\"author\" content=\"Dpress.ma\" \/>\n<meta name=\"twitter:card\" content=\"summary_large_image\" \/>\n<meta name=\"twitter:label1\" content=\"\u00c9crit par\" \/>\n\t<meta name=\"twitter:data1\" content=\"Dpress.ma\" \/>\n\t<meta name=\"twitter:label2\" content=\"Dur\u00e9e de lecture estim\u00e9e\" \/>\n\t<meta name=\"twitter:data2\" content=\"3 minutes\" \/>\n<script type=\"application\/ld+json\" class=\"yoast-schema-graph\">{\"@context\":\"https:\\\/\\\/schema.org\",\"@graph\":[{\"@type\":\"Article\",\"@id\":\"https:\\\/\\\/dpress.ma\\\/fr\\\/2026\\\/04\\\/10\\\/tanger-commemoration-du-79e-anniversaire-de-la-visite-historique-de-feu-sm-mohammed-v\\\/#article\",\"isPartOf\":{\"@id\":\"https:\\\/\\\/dpress.ma\\\/fr\\\/2026\\\/04\\\/10\\\/tanger-commemoration-du-79e-anniversaire-de-la-visite-historique-de-feu-sm-mohammed-v\\\/\"},\"author\":{\"name\":\"Dpress.ma\",\"@id\":\"https:\\\/\\\/dpress.ma\\\/fr\\\/#\\\/schema\\\/person\\\/4898febf3ccd59e6578d838656a306a0\"},\"headline\":\"Tanger : Comm\u00e9moration du 79\u00e8 anniversaire de la visite historique de feu SM Mohammed V\",\"datePublished\":\"2026-04-10T16:27:26+00:00\",\"dateModified\":\"2026-04-10T16:27:28+00:00\",\"mainEntityOfPage\":{\"@id\":\"https:\\\/\\\/dpress.ma\\\/fr\\\/2026\\\/04\\\/10\\\/tanger-commemoration-du-79e-anniversaire-de-la-visite-historique-de-feu-sm-mohammed-v\\\/\"},\"wordCount\":577,\"commentCount\":0,\"image\":{\"@id\":\"https:\\\/\\\/dpress.ma\\\/fr\\\/2026\\\/04\\\/10\\\/tanger-commemoration-du-79e-anniversaire-de-la-visite-historique-de-feu-sm-mohammed-v\\\/#primaryimage\"},\"thumbnailUrl\":\"https:\\\/\\\/dpress.ma\\\/fr\\\/wp-content\\\/uploads\\\/sites\\\/2\\\/2026\\\/04\\\/45-7.jpg\",\"articleSection\":[\"societe et regions\"],\"inLanguage\":\"fr-FR\",\"potentialAction\":[{\"@type\":\"CommentAction\",\"name\":\"Comment\",\"target\":[\"https:\\\/\\\/dpress.ma\\\/fr\\\/2026\\\/04\\\/10\\\/tanger-commemoration-du-79e-anniversaire-de-la-visite-historique-de-feu-sm-mohammed-v\\\/#respond\"]}]},{\"@type\":\"WebPage\",\"@id\":\"https:\\\/\\\/dpress.ma\\\/fr\\\/2026\\\/04\\\/10\\\/tanger-commemoration-du-79e-anniversaire-de-la-visite-historique-de-feu-sm-mohammed-v\\\/\",\"url\":\"https:\\\/\\\/dpress.ma\\\/fr\\\/2026\\\/04\\\/10\\\/tanger-commemoration-du-79e-anniversaire-de-la-visite-historique-de-feu-sm-mohammed-v\\\/\",\"name\":\"Tanger : Comm\u00e9moration du 79\u00e8 anniversaire de la visite historique de feu SM Mohammed V - Dpress.ma\\\/fr\",\"isPartOf\":{\"@id\":\"https:\\\/\\\/dpress.ma\\\/fr\\\/#website\"},\"primaryImageOfPage\":{\"@id\":\"https:\\\/\\\/dpress.ma\\\/fr\\\/2026\\\/04\\\/10\\\/tanger-commemoration-du-79e-anniversaire-de-la-visite-historique-de-feu-sm-mohammed-v\\\/#primaryimage\"},\"image\":{\"@id\":\"https:\\\/\\\/dpress.ma\\\/fr\\\/2026\\\/04\\\/10\\\/tanger-commemoration-du-79e-anniversaire-de-la-visite-historique-de-feu-sm-mohammed-v\\\/#primaryimage\"},\"thumbnailUrl\":\"https:\\\/\\\/dpress.ma\\\/fr\\\/wp-content\\\/uploads\\\/sites\\\/2\\\/2026\\\/04\\\/45-7.jpg\",\"datePublished\":\"2026-04-10T16:27:26+00:00\",\"dateModified\":\"2026-04-10T16:27:28+00:00\",\"author\":{\"@id\":\"https:\\\/\\\/dpress.ma\\\/fr\\\/#\\\/schema\\\/person\\\/4898febf3ccd59e6578d838656a306a0\"},\"breadcrumb\":{\"@id\":\"https:\\\/\\\/dpress.ma\\\/fr\\\/2026\\\/04\\\/10\\\/tanger-commemoration-du-79e-anniversaire-de-la-visite-historique-de-feu-sm-mohammed-v\\\/#breadcrumb\"},\"inLanguage\":\"fr-FR\",\"potentialAction\":[{\"@type\":\"ReadAction\",\"target\":[\"https:\\\/\\\/dpress.ma\\\/fr\\\/2026\\\/04\\\/10\\\/tanger-commemoration-du-79e-anniversaire-de-la-visite-historique-de-feu-sm-mohammed-v\\\/\"]}]},{\"@type\":\"ImageObject\",\"inLanguage\":\"fr-FR\",\"@id\":\"https:\\\/\\\/dpress.ma\\\/fr\\\/2026\\\/04\\\/10\\\/tanger-commemoration-du-79e-anniversaire-de-la-visite-historique-de-feu-sm-mohammed-v\\\/#primaryimage\",\"url\":\"https:\\\/\\\/dpress.ma\\\/fr\\\/wp-content\\\/uploads\\\/sites\\\/2\\\/2026\\\/04\\\/45-7.jpg\",\"contentUrl\":\"https:\\\/\\\/dpress.ma\\\/fr\\\/wp-content\\\/uploads\\\/sites\\\/2\\\/2026\\\/04\\\/45-7.jpg\",\"width\":2539,\"height\":1594},{\"@type\":\"BreadcrumbList\",\"@id\":\"https:\\\/\\\/dpress.ma\\\/fr\\\/2026\\\/04\\\/10\\\/tanger-commemoration-du-79e-anniversaire-de-la-visite-historique-de-feu-sm-mohammed-v\\\/#breadcrumb\",\"itemListElement\":[{\"@type\":\"ListItem\",\"position\":1,\"name\":\"Home\",\"item\":\"https:\\\/\\\/dpress.ma\\\/fr\\\/\"},{\"@type\":\"ListItem\",\"position\":2,\"name\":\"Tanger : Comm\u00e9moration du 79\u00e8 anniversaire de la visite historique de feu SM Mohammed V\"}]},{\"@type\":\"WebSite\",\"@id\":\"https:\\\/\\\/dpress.ma\\\/fr\\\/#website\",\"url\":\"https:\\\/\\\/dpress.ma\\\/fr\\\/\",\"name\":\"Dpress.ma\\\/fr\",\"description\":\"\",\"potentialAction\":[{\"@type\":\"SearchAction\",\"target\":{\"@type\":\"EntryPoint\",\"urlTemplate\":\"https:\\\/\\\/dpress.ma\\\/fr\\\/?s={search_term_string}\"},\"query-input\":{\"@type\":\"PropertyValueSpecification\",\"valueRequired\":true,\"valueName\":\"search_term_string\"}}],\"inLanguage\":\"fr-FR\"},{\"@type\":\"Person\",\"@id\":\"https:\\\/\\\/dpress.ma\\\/fr\\\/#\\\/schema\\\/person\\\/4898febf3ccd59e6578d838656a306a0\",\"name\":\"Dpress.ma\",\"image\":{\"@type\":\"ImageObject\",\"inLanguage\":\"fr-FR\",\"@id\":\"https:\\\/\\\/secure.gravatar.com\\\/avatar\\\/72ecc30e9db047a2e0e7176561eb9d564ed77c8108376495b19bd8336405198a?s=96&d=mm&r=g\",\"url\":\"https:\\\/\\\/secure.gravatar.com\\\/avatar\\\/72ecc30e9db047a2e0e7176561eb9d564ed77c8108376495b19bd8336405198a?s=96&d=mm&r=g\",\"contentUrl\":\"https:\\\/\\\/secure.gravatar.com\\\/avatar\\\/72ecc30e9db047a2e0e7176561eb9d564ed77c8108376495b19bd8336405198a?s=96&d=mm&r=g\",\"caption\":\"Dpress.ma\"},\"sameAs\":[\"https:\\\/\\\/www.dpress.ma\"],\"url\":\"https:\\\/\\\/dpress.ma\\\/fr\\\/author\\\/dpress-ma\\\/\"}]}<\/script>\n<!-- \/ Yoast SEO plugin. -->","yoast_head_json":{"title":"Tanger : Comm\u00e9moration du 79\u00e8 anniversaire de la visite historique de feu SM Mohammed V - Dpress.ma\/fr","robots":{"index":"index","follow":"follow","max-snippet":"max-snippet:-1","max-image-preview":"max-image-preview:large","max-video-preview":"max-video-preview:-1"},"canonical":"https:\/\/dpress.ma\/fr\/2026\/04\/10\/tanger-commemoration-du-79e-anniversaire-de-la-visite-historique-de-feu-sm-mohammed-v\/","og_locale":"fr_FR","og_type":"article","og_title":"Tanger : Comm\u00e9moration du 79\u00e8 anniversaire de la visite historique de feu SM Mohammed V - Dpress.ma\/fr","og_description":"Dpress Le Haut-Commissariat aux anciens r\u00e9sistants et anciens membres de l\u2019arm\u00e9e de lib\u00e9ration a organis\u00e9, jeudi \u00e0 Tanger, une c\u00e9r\u00e9monie comm\u00e9morant le 79e anniversaire de la visite historique de feu SM Mohammed V dans la ville, le 9 avril 1947. S\u2019exprimant lors de cette c\u00e9r\u00e9monie organis\u00e9e \u00e0 l\u2019espace de la Mendoubia de Tanger, o\u00f9 feu &hellip;","og_url":"https:\/\/dpress.ma\/fr\/2026\/04\/10\/tanger-commemoration-du-79e-anniversaire-de-la-visite-historique-de-feu-sm-mohammed-v\/","og_site_name":"Dpress.ma\/fr","article_published_time":"2026-04-10T16:27:26+00:00","article_modified_time":"2026-04-10T16:27:28+00:00","og_image":[{"width":2539,"height":1594,"url":"https:\/\/dpress.ma\/fr\/wp-content\/uploads\/sites\/2\/2026\/04\/45-7.jpg","type":"image\/jpeg"}],"author":"Dpress.ma","twitter_card":"summary_large_image","twitter_misc":{"\u00c9crit par":"Dpress.ma","Dur\u00e9e de lecture estim\u00e9e":"3 minutes"},"schema":{"@context":"https:\/\/schema.org","@graph":[{"@type":"Article","@id":"https:\/\/dpress.ma\/fr\/2026\/04\/10\/tanger-commemoration-du-79e-anniversaire-de-la-visite-historique-de-feu-sm-mohammed-v\/#article","isPartOf":{"@id":"https:\/\/dpress.ma\/fr\/2026\/04\/10\/tanger-commemoration-du-79e-anniversaire-de-la-visite-historique-de-feu-sm-mohammed-v\/"},"author":{"name":"Dpress.ma","@id":"https:\/\/dpress.ma\/fr\/#\/schema\/person\/4898febf3ccd59e6578d838656a306a0"},"headline":"Tanger : Comm\u00e9moration du 79\u00e8 anniversaire de la visite historique de feu SM Mohammed V","datePublished":"2026-04-10T16:27:26+00:00","dateModified":"2026-04-10T16:27:28+00:00","mainEntityOfPage":{"@id":"https:\/\/dpress.ma\/fr\/2026\/04\/10\/tanger-commemoration-du-79e-anniversaire-de-la-visite-historique-de-feu-sm-mohammed-v\/"},"wordCount":577,"commentCount":0,"image":{"@id":"https:\/\/dpress.ma\/fr\/2026\/04\/10\/tanger-commemoration-du-79e-anniversaire-de-la-visite-historique-de-feu-sm-mohammed-v\/#primaryimage"},"thumbnailUrl":"https:\/\/dpress.ma\/fr\/wp-content\/uploads\/sites\/2\/2026\/04\/45-7.jpg","articleSection":["societe et regions"],"inLanguage":"fr-FR","potentialAction":[{"@type":"CommentAction","name":"Comment","target":["https:\/\/dpress.ma\/fr\/2026\/04\/10\/tanger-commemoration-du-79e-anniversaire-de-la-visite-historique-de-feu-sm-mohammed-v\/#respond"]}]},{"@type":"WebPage","@id":"https:\/\/dpress.ma\/fr\/2026\/04\/10\/tanger-commemoration-du-79e-anniversaire-de-la-visite-historique-de-feu-sm-mohammed-v\/","url":"https:\/\/dpress.ma\/fr\/2026\/04\/10\/tanger-commemoration-du-79e-anniversaire-de-la-visite-historique-de-feu-sm-mohammed-v\/","name":"Tanger : Comm\u00e9moration du 79\u00e8 anniversaire de la visite historique de feu SM Mohammed V - Dpress.ma\/fr","isPartOf":{"@id":"https:\/\/dpress.ma\/fr\/#website"},"primaryImageOfPage":{"@id":"https:\/\/dpress.ma\/fr\/2026\/04\/10\/tanger-commemoration-du-79e-anniversaire-de-la-visite-historique-de-feu-sm-mohammed-v\/#primaryimage"},"image":{"@id":"https:\/\/dpress.ma\/fr\/2026\/04\/10\/tanger-commemoration-du-79e-anniversaire-de-la-visite-historique-de-feu-sm-mohammed-v\/#primaryimage"},"thumbnailUrl":"https:\/\/dpress.ma\/fr\/wp-content\/uploads\/sites\/2\/2026\/04\/45-7.jpg","datePublished":"2026-04-10T16:27:26+00:00","dateModified":"2026-04-10T16:27:28+00:00","author":{"@id":"https:\/\/dpress.ma\/fr\/#\/schema\/person\/4898febf3ccd59e6578d838656a306a0"},"breadcrumb":{"@id":"https:\/\/dpress.ma\/fr\/2026\/04\/10\/tanger-commemoration-du-79e-anniversaire-de-la-visite-historique-de-feu-sm-mohammed-v\/#breadcrumb"},"inLanguage":"fr-FR","potentialAction":[{"@type":"ReadAction","target":["https:\/\/dpress.ma\/fr\/2026\/04\/10\/tanger-commemoration-du-79e-anniversaire-de-la-visite-historique-de-feu-sm-mohammed-v\/"]}]},{"@type":"ImageObject","inLanguage":"fr-FR","@id":"https:\/\/dpress.ma\/fr\/2026\/04\/10\/tanger-commemoration-du-79e-anniversaire-de-la-visite-historique-de-feu-sm-mohammed-v\/#primaryimage","url":"https:\/\/dpress.ma\/fr\/wp-content\/uploads\/sites\/2\/2026\/04\/45-7.jpg","contentUrl":"https:\/\/dpress.ma\/fr\/wp-content\/uploads\/sites\/2\/2026\/04\/45-7.jpg","width":2539,"height":1594},{"@type":"BreadcrumbList","@id":"https:\/\/dpress.ma\/fr\/2026\/04\/10\/tanger-commemoration-du-79e-anniversaire-de-la-visite-historique-de-feu-sm-mohammed-v\/#breadcrumb","itemListElement":[{"@type":"ListItem","position":1,"name":"Home","item":"https:\/\/dpress.ma\/fr\/"},{"@type":"ListItem","position":2,"name":"Tanger : Comm\u00e9moration du 79\u00e8 anniversaire de la visite historique de feu SM Mohammed V"}]},{"@type":"WebSite","@id":"https:\/\/dpress.ma\/fr\/#website","url":"https:\/\/dpress.ma\/fr\/","name":"Dpress.ma\/fr","description":"","potentialAction":[{"@type":"SearchAction","target":{"@type":"EntryPoint","urlTemplate":"https:\/\/dpress.ma\/fr\/?s={search_term_string}"},"query-input":{"@type":"PropertyValueSpecification","valueRequired":true,"valueName":"search_term_string"}}],"inLanguage":"fr-FR"},{"@type":"Person","@id":"https:\/\/dpress.ma\/fr\/#\/schema\/person\/4898febf3ccd59e6578d838656a306a0","name":"Dpress.ma","image":{"@type":"ImageObject","inLanguage":"fr-FR","@id":"https:\/\/secure.gravatar.com\/avatar\/72ecc30e9db047a2e0e7176561eb9d564ed77c8108376495b19bd8336405198a?s=96&d=mm&r=g","url":"https:\/\/secure.gravatar.com\/avatar\/72ecc30e9db047a2e0e7176561eb9d564ed77c8108376495b19bd8336405198a?s=96&d=mm&r=g","contentUrl":"https:\/\/secure.gravatar.com\/avatar\/72ecc30e9db047a2e0e7176561eb9d564ed77c8108376495b19bd8336405198a?s=96&d=mm&r=g","caption":"Dpress.ma"},"sameAs":["https:\/\/www.dpress.ma"],"url":"https:\/\/dpress.ma\/fr\/author\/dpress-ma\/"}]}},"amp_enabled":true,"_links":{"self":[{"href":"https:\/\/dpress.ma\/fr\/wp-json\/wp\/v2\/posts\/28186","targetHints":{"allow":["GET"]}}],"collection":[{"href":"https:\/\/dpress.ma\/fr\/wp-json\/wp\/v2\/posts"}],"about":[{"href":"https:\/\/dpress.ma\/fr\/wp-json\/wp\/v2\/types\/post"}],"author":[{"embeddable":true,"href":"https:\/\/dpress.ma\/fr\/wp-json\/wp\/v2\/users\/2"}],"replies":[{"embeddable":true,"href":"https:\/\/dpress.ma\/fr\/wp-json\/wp\/v2\/comments?post=28186"}],"version-history":[{"count":1,"href":"https:\/\/dpress.ma\/fr\/wp-json\/wp\/v2\/posts\/28186\/revisions"}],"predecessor-version":[{"id":28188,"href":"https:\/\/dpress.ma\/fr\/wp-json\/wp\/v2\/posts\/28186\/revisions\/28188"}],"wp:featuredmedia":[{"embeddable":true,"href":"https:\/\/dpress.ma\/fr\/wp-json\/wp\/v2\/media\/28187"}],"wp:attachment":[{"href":"https:\/\/dpress.ma\/fr\/wp-json\/wp\/v2\/media?parent=28186"}],"wp:term":[{"taxonomy":"category","embeddable":true,"href":"https:\/\/dpress.ma\/fr\/wp-json\/wp\/v2\/categories?post=28186"},{"taxonomy":"post_tag","embeddable":true,"href":"https:\/\/dpress.ma\/fr\/wp-json\/wp\/v2\/tags?post=28186"}],"curies":[{"name":"wp","href":"https:\/\/api.w.org\/{rel}","templated":true}]}}