{"id":28183,"date":"2026-04-10T16:26:07","date_gmt":"2026-04-10T16:26:07","guid":{"rendered":"https:\/\/dpress.ma\/fr\/?p=28183"},"modified":"2026-04-10T16:26:08","modified_gmt":"2026-04-10T16:26:08","slug":"taounate-plus-de-4-700-eleves-beneficient-de-la-2e-caravane-de-programmation-pour-tous","status":"publish","type":"post","link":"https:\/\/dpress.ma\/fr\/2026\/04\/10\/taounate-plus-de-4-700-eleves-beneficient-de-la-2e-caravane-de-programmation-pour-tous\/","title":{"rendered":"Taounate : Plus de 4.700 \u00e9l\u00e8ves b\u00e9n\u00e9ficient de la 2\u00e8 \u201dCaravane de programmation pour tous\u201d"},"content":{"rendered":"\n<p>Dpress<\/p>\n\n\n\n<p>Un total de 4.771 \u00e9l\u00e8ves de la province de Taounate b\u00e9n\u00e9ficient de la \u201cCaravane de programmation pour tous\u201d dans sa deuxi\u00e8me \u00e9dition, dont le coup d\u2019envoi a \u00e9t\u00e9 donn\u00e9, mercredi, \u00e0 l\u2019\u00e9cole communautaire pionni\u00e8re de la commune territoriale de Zrizer.<\/p>\n\n\n\n<p>Ce projet, fruit d\u2019un partenariat entre le Comit\u00e9 provincial de d\u00e9veloppement humain, l\u2019Acad\u00e9mie r\u00e9gionale d\u2019\u00e9ducation et de formation de F\u00e8s-Mekn\u00e8s et l\u2019association \u201dJeunes de l\u2019Avenir pour le D\u00e9veloppement\u201d, vise \u00e0 renforcer l\u2019apprentissage des comp\u00e9tences d\u00e8s le plus jeune \u00e2ge au profit des \u00e9l\u00e8ves des 5\u00e8 et 6\u00e8 ann\u00e9es du primaire, ainsi qu\u2019\u00e0 d\u00e9velopper leur cr\u00e9ativit\u00e9 et leur esprit critique.<\/p>\n\n\n\n<p>Cette initiative, dot\u00e9e d\u2019une enveloppe budg\u00e9taire d\u2019environ 780.000 dirhams, concerne 96 \u00e9tablissements scolaires, dont 81 en milieu rural relevant de 37 communes territoriales. Elle a pour objectif de permettre aux \u00e9l\u00e8ves b\u00e9n\u00e9ficiaires d\u2019acqu\u00e9rir des comp\u00e9tences en programmation, en robotique et de s\u2019initier \u00e0 l\u2019intelligence artificielle, ainsi que de participer \u00e0 des activit\u00e9s parall\u00e8les favorisant le d\u00e9veloppement de leurs comp\u00e9tences de vie.<\/p>\n\n\n\n<p>La c\u00e9r\u00e9monie de lancement de cette caravane, \u00e0 laquelle ont assist\u00e9 le gouverneur de la province de Taounate, Abdelkrim Ghanami, ainsi que le directeur provincial de l\u2019\u00c9ducation nationale, Ibrahim Ouahmou,&nbsp;a \u00e9t\u00e9 marqu\u00e9e par la pr\u00e9sentation de ce projet d\u2019envergure et la visite d\u2019ateliers de robotique, de Scratch et d\u2019intelligence artificielle, en plus d\u2019une unit\u00e9 d\u00e9di\u00e9e au pr\u00e9scolaire.<\/p>\n\n\n\n<p>Cette op\u00e9ration, qui s\u2019inscrit dans le cadre du programme d\u2019impulsion du capital humain des g\u00e9n\u00e9rations montantes relevant de la troisi\u00e8me phase de l\u2019Initiative Nationale pour le D\u00e9veloppement Humain (INDH), a \u00e9galement \u00e9t\u00e9 suivie \u00e0 distance par les \u00e9l\u00e8ves des \u00e9tablissements scolaires engag\u00e9s dans ce programme \u00e0 l\u2019\u00e9chelle de la province.<\/p>\n\n\n\n<p>Dans une d\u00e9claration \u00e0 la MAP, le chef de la division de l\u2019action sociale \u00e0 la province de Taounate, Amine Noufel Majid, a soulign\u00e9 que cette caravane, qui b\u00e9n\u00e9ficie \u00e0 96 \u00e9tablissements scolaires de la province, vise \u00e0 permettre aux \u00e9l\u00e8ves du milieu rural d\u2019acqu\u00e9rir des comp\u00e9tences en robotique et de se familiariser avec les outils de l\u2019intelligence artificielle.<\/p>\n\n\n\n<p>Il a ajout\u00e9 que la premi\u00e8re \u00e9dition de cette caravane a connu un grand succ\u00e8s, ouvrant la voie \u00e0 la participation de plusieurs \u00e9l\u00e8ves \u00e0 des manifestations r\u00e9gionales, nationales et internationales.<\/p>\n\n\n\n<p>De son c\u00f4t\u00e9, le directeur provincial de l\u2019\u00c9ducation nationale a indiqu\u00e9, dans une d\u00e9claration similaire, que cette caravane s\u2019inscrit dans les objectifs strat\u00e9giques de la feuille de route de la r\u00e9forme du syst\u00e8me \u00e9ducatif, notamment en ce qui concerne l\u2019am\u00e9lioration des acquis des \u00e9l\u00e8ves, le renforcement de leurs comp\u00e9tences de vie et l\u2019\u00e9l\u00e9vation de leur rendement scolaire.<\/p>\n\n\n\n<p>Le responsable a \u00e9galement affirm\u00e9 que cette initiative contribuera au d\u00e9veloppement des comp\u00e9tences des \u00e9l\u00e8ves en programmation et en robotique, tout en les aidant \u00e0 se familiariser avec les outils de l\u2019intelligence artificielle.<\/p>\n\n\n\n<p>Pour sa part, le Secr\u00e9taire g\u00e9n\u00e9ral de l\u2019association \u201dJeunes de l\u2019Avenir pour le D\u00e9veloppement\u201d, Hamza Houadi, a soulign\u00e9 que la caravane vise principalement \u00e0 d\u00e9velopper le sens de la cr\u00e9ativit\u00e9 et de l\u2019esprit critique chez les \u00e9l\u00e8ves, ainsi qu\u2019\u00e0 renforcer leurs capacit\u00e9s dans les domaines du num\u00e9rique et de la technologie.<\/p>\n\n\n\n<p>A rappeler que les enseignants de la mati\u00e8re \u201cactivit\u00e9 scientifique\u201d dans les \u00e9tablissements concern\u00e9s ont b\u00e9n\u00e9fici\u00e9 d\u2019une formation sur les bases de la programmation, de l\u2019intelligence artificielle et des robots p\u00e9dagogiques.<\/p>\n","protected":false},"excerpt":{"rendered":"<p>Dpress Un total de 4.771 \u00e9l\u00e8ves de la province de Taounate b\u00e9n\u00e9ficient de la \u201cCaravane de programmation pour tous\u201d dans sa deuxi\u00e8me \u00e9dition, dont le coup d\u2019envoi a \u00e9t\u00e9 donn\u00e9, mercredi, \u00e0 l\u2019\u00e9cole communautaire pionni\u00e8re de la commune territoriale de Zrizer. Ce projet, fruit d\u2019un partenariat entre le Comit\u00e9 provincial de d\u00e9veloppement humain, l\u2019Acad\u00e9mie r\u00e9gionale &hellip;<\/p>\n","protected":false},"author":2,"featured_media":28184,"comment_status":"open","ping_status":"open","sticky":false,"template":"","format":"standard","meta":{"footnotes":""},"categories":[40],"tags":[],"class_list":["post-28183","post","type-post","status-publish","format-standard","has-post-thumbnail","hentry","category-societe-et-regions"],"yoast_head":"<!-- This site is optimized with the Yoast SEO plugin v27.5 - https:\/\/yoast.com\/product\/yoast-seo-wordpress\/ -->\n<title>Taounate : Plus de 4.700 \u00e9l\u00e8ves b\u00e9n\u00e9ficient de la 2\u00e8 \u201dCaravane de programmation pour tous\u201d - Dpress.ma\/fr<\/title>\n<meta name=\"robots\" content=\"index, follow, max-snippet:-1, max-image-preview:large, max-video-preview:-1\" \/>\n<link rel=\"canonical\" href=\"https:\/\/dpress.ma\/fr\/2026\/04\/10\/taounate-plus-de-4-700-eleves-beneficient-de-la-2e-caravane-de-programmation-pour-tous\/\" \/>\n<meta property=\"og:locale\" content=\"fr_FR\" \/>\n<meta property=\"og:type\" content=\"article\" \/>\n<meta property=\"og:title\" content=\"Taounate : Plus de 4.700 \u00e9l\u00e8ves b\u00e9n\u00e9ficient de la 2\u00e8 \u201dCaravane de programmation pour tous\u201d - Dpress.ma\/fr\" \/>\n<meta property=\"og:description\" content=\"Dpress Un total de 4.771 \u00e9l\u00e8ves de la province de Taounate b\u00e9n\u00e9ficient de la \u201cCaravane de programmation pour tous\u201d dans sa deuxi\u00e8me \u00e9dition, dont le coup d\u2019envoi a \u00e9t\u00e9 donn\u00e9, mercredi, \u00e0 l\u2019\u00e9cole communautaire pionni\u00e8re de la commune territoriale de Zrizer. Ce projet, fruit d\u2019un partenariat entre le Comit\u00e9 provincial de d\u00e9veloppement humain, l\u2019Acad\u00e9mie r\u00e9gionale &hellip;\" \/>\n<meta property=\"og:url\" content=\"https:\/\/dpress.ma\/fr\/2026\/04\/10\/taounate-plus-de-4-700-eleves-beneficient-de-la-2e-caravane-de-programmation-pour-tous\/\" \/>\n<meta property=\"og:site_name\" content=\"Dpress.ma\/fr\" \/>\n<meta property=\"article:published_time\" content=\"2026-04-10T16:26:07+00:00\" \/>\n<meta property=\"article:modified_time\" content=\"2026-04-10T16:26:08+00:00\" \/>\n<meta property=\"og:image\" content=\"https:\/\/dpress.ma\/fr\/wp-content\/uploads\/sites\/2\/2026\/04\/44-6.jpg\" \/>\n\t<meta property=\"og:image:width\" content=\"2539\" \/>\n\t<meta property=\"og:image:height\" content=\"1594\" \/>\n\t<meta property=\"og:image:type\" content=\"image\/jpeg\" \/>\n<meta name=\"author\" content=\"Dpress.ma\" \/>\n<meta name=\"twitter:card\" content=\"summary_large_image\" \/>\n<meta name=\"twitter:label1\" content=\"\u00c9crit par\" \/>\n\t<meta name=\"twitter:data1\" content=\"Dpress.ma\" \/>\n\t<meta name=\"twitter:label2\" content=\"Dur\u00e9e de lecture estim\u00e9e\" \/>\n\t<meta name=\"twitter:data2\" content=\"3 minutes\" \/>\n<script type=\"application\/ld+json\" class=\"yoast-schema-graph\">{\"@context\":\"https:\\\/\\\/schema.org\",\"@graph\":[{\"@type\":\"Article\",\"@id\":\"https:\\\/\\\/dpress.ma\\\/fr\\\/2026\\\/04\\\/10\\\/taounate-plus-de-4-700-eleves-beneficient-de-la-2e-caravane-de-programmation-pour-tous\\\/#article\",\"isPartOf\":{\"@id\":\"https:\\\/\\\/dpress.ma\\\/fr\\\/2026\\\/04\\\/10\\\/taounate-plus-de-4-700-eleves-beneficient-de-la-2e-caravane-de-programmation-pour-tous\\\/\"},\"author\":{\"name\":\"Dpress.ma\",\"@id\":\"https:\\\/\\\/dpress.ma\\\/fr\\\/#\\\/schema\\\/person\\\/4898febf3ccd59e6578d838656a306a0\"},\"headline\":\"Taounate : Plus de 4.700 \u00e9l\u00e8ves b\u00e9n\u00e9ficient de la 2\u00e8 \u201dCaravane de programmation pour tous\u201d\",\"datePublished\":\"2026-04-10T16:26:07+00:00\",\"dateModified\":\"2026-04-10T16:26:08+00:00\",\"mainEntityOfPage\":{\"@id\":\"https:\\\/\\\/dpress.ma\\\/fr\\\/2026\\\/04\\\/10\\\/taounate-plus-de-4-700-eleves-beneficient-de-la-2e-caravane-de-programmation-pour-tous\\\/\"},\"wordCount\":637,\"commentCount\":0,\"image\":{\"@id\":\"https:\\\/\\\/dpress.ma\\\/fr\\\/2026\\\/04\\\/10\\\/taounate-plus-de-4-700-eleves-beneficient-de-la-2e-caravane-de-programmation-pour-tous\\\/#primaryimage\"},\"thumbnailUrl\":\"https:\\\/\\\/dpress.ma\\\/fr\\\/wp-content\\\/uploads\\\/sites\\\/2\\\/2026\\\/04\\\/44-6.jpg\",\"articleSection\":[\"societe et regions\"],\"inLanguage\":\"fr-FR\",\"potentialAction\":[{\"@type\":\"CommentAction\",\"name\":\"Comment\",\"target\":[\"https:\\\/\\\/dpress.ma\\\/fr\\\/2026\\\/04\\\/10\\\/taounate-plus-de-4-700-eleves-beneficient-de-la-2e-caravane-de-programmation-pour-tous\\\/#respond\"]}]},{\"@type\":\"WebPage\",\"@id\":\"https:\\\/\\\/dpress.ma\\\/fr\\\/2026\\\/04\\\/10\\\/taounate-plus-de-4-700-eleves-beneficient-de-la-2e-caravane-de-programmation-pour-tous\\\/\",\"url\":\"https:\\\/\\\/dpress.ma\\\/fr\\\/2026\\\/04\\\/10\\\/taounate-plus-de-4-700-eleves-beneficient-de-la-2e-caravane-de-programmation-pour-tous\\\/\",\"name\":\"Taounate : Plus de 4.700 \u00e9l\u00e8ves b\u00e9n\u00e9ficient de la 2\u00e8 \u201dCaravane de programmation pour tous\u201d - Dpress.ma\\\/fr\",\"isPartOf\":{\"@id\":\"https:\\\/\\\/dpress.ma\\\/fr\\\/#website\"},\"primaryImageOfPage\":{\"@id\":\"https:\\\/\\\/dpress.ma\\\/fr\\\/2026\\\/04\\\/10\\\/taounate-plus-de-4-700-eleves-beneficient-de-la-2e-caravane-de-programmation-pour-tous\\\/#primaryimage\"},\"image\":{\"@id\":\"https:\\\/\\\/dpress.ma\\\/fr\\\/2026\\\/04\\\/10\\\/taounate-plus-de-4-700-eleves-beneficient-de-la-2e-caravane-de-programmation-pour-tous\\\/#primaryimage\"},\"thumbnailUrl\":\"https:\\\/\\\/dpress.ma\\\/fr\\\/wp-content\\\/uploads\\\/sites\\\/2\\\/2026\\\/04\\\/44-6.jpg\",\"datePublished\":\"2026-04-10T16:26:07+00:00\",\"dateModified\":\"2026-04-10T16:26:08+00:00\",\"author\":{\"@id\":\"https:\\\/\\\/dpress.ma\\\/fr\\\/#\\\/schema\\\/person\\\/4898febf3ccd59e6578d838656a306a0\"},\"breadcrumb\":{\"@id\":\"https:\\\/\\\/dpress.ma\\\/fr\\\/2026\\\/04\\\/10\\\/taounate-plus-de-4-700-eleves-beneficient-de-la-2e-caravane-de-programmation-pour-tous\\\/#breadcrumb\"},\"inLanguage\":\"fr-FR\",\"potentialAction\":[{\"@type\":\"ReadAction\",\"target\":[\"https:\\\/\\\/dpress.ma\\\/fr\\\/2026\\\/04\\\/10\\\/taounate-plus-de-4-700-eleves-beneficient-de-la-2e-caravane-de-programmation-pour-tous\\\/\"]}]},{\"@type\":\"ImageObject\",\"inLanguage\":\"fr-FR\",\"@id\":\"https:\\\/\\\/dpress.ma\\\/fr\\\/2026\\\/04\\\/10\\\/taounate-plus-de-4-700-eleves-beneficient-de-la-2e-caravane-de-programmation-pour-tous\\\/#primaryimage\",\"url\":\"https:\\\/\\\/dpress.ma\\\/fr\\\/wp-content\\\/uploads\\\/sites\\\/2\\\/2026\\\/04\\\/44-6.jpg\",\"contentUrl\":\"https:\\\/\\\/dpress.ma\\\/fr\\\/wp-content\\\/uploads\\\/sites\\\/2\\\/2026\\\/04\\\/44-6.jpg\",\"width\":2539,\"height\":1594},{\"@type\":\"BreadcrumbList\",\"@id\":\"https:\\\/\\\/dpress.ma\\\/fr\\\/2026\\\/04\\\/10\\\/taounate-plus-de-4-700-eleves-beneficient-de-la-2e-caravane-de-programmation-pour-tous\\\/#breadcrumb\",\"itemListElement\":[{\"@type\":\"ListItem\",\"position\":1,\"name\":\"Home\",\"item\":\"https:\\\/\\\/dpress.ma\\\/fr\\\/\"},{\"@type\":\"ListItem\",\"position\":2,\"name\":\"Taounate : Plus de 4.700 \u00e9l\u00e8ves b\u00e9n\u00e9ficient de la 2\u00e8 \u201dCaravane de programmation pour tous\u201d\"}]},{\"@type\":\"WebSite\",\"@id\":\"https:\\\/\\\/dpress.ma\\\/fr\\\/#website\",\"url\":\"https:\\\/\\\/dpress.ma\\\/fr\\\/\",\"name\":\"Dpress.ma\\\/fr\",\"description\":\"\",\"potentialAction\":[{\"@type\":\"SearchAction\",\"target\":{\"@type\":\"EntryPoint\",\"urlTemplate\":\"https:\\\/\\\/dpress.ma\\\/fr\\\/?s={search_term_string}\"},\"query-input\":{\"@type\":\"PropertyValueSpecification\",\"valueRequired\":true,\"valueName\":\"search_term_string\"}}],\"inLanguage\":\"fr-FR\"},{\"@type\":\"Person\",\"@id\":\"https:\\\/\\\/dpress.ma\\\/fr\\\/#\\\/schema\\\/person\\\/4898febf3ccd59e6578d838656a306a0\",\"name\":\"Dpress.ma\",\"image\":{\"@type\":\"ImageObject\",\"inLanguage\":\"fr-FR\",\"@id\":\"https:\\\/\\\/secure.gravatar.com\\\/avatar\\\/72ecc30e9db047a2e0e7176561eb9d564ed77c8108376495b19bd8336405198a?s=96&d=mm&r=g\",\"url\":\"https:\\\/\\\/secure.gravatar.com\\\/avatar\\\/72ecc30e9db047a2e0e7176561eb9d564ed77c8108376495b19bd8336405198a?s=96&d=mm&r=g\",\"contentUrl\":\"https:\\\/\\\/secure.gravatar.com\\\/avatar\\\/72ecc30e9db047a2e0e7176561eb9d564ed77c8108376495b19bd8336405198a?s=96&d=mm&r=g\",\"caption\":\"Dpress.ma\"},\"sameAs\":[\"https:\\\/\\\/www.dpress.ma\"],\"url\":\"https:\\\/\\\/dpress.ma\\\/fr\\\/author\\\/dpress-ma\\\/\"}]}<\/script>\n<!-- \/ Yoast SEO plugin. -->","yoast_head_json":{"title":"Taounate : Plus de 4.700 \u00e9l\u00e8ves b\u00e9n\u00e9ficient de la 2\u00e8 \u201dCaravane de programmation pour tous\u201d - Dpress.ma\/fr","robots":{"index":"index","follow":"follow","max-snippet":"max-snippet:-1","max-image-preview":"max-image-preview:large","max-video-preview":"max-video-preview:-1"},"canonical":"https:\/\/dpress.ma\/fr\/2026\/04\/10\/taounate-plus-de-4-700-eleves-beneficient-de-la-2e-caravane-de-programmation-pour-tous\/","og_locale":"fr_FR","og_type":"article","og_title":"Taounate : Plus de 4.700 \u00e9l\u00e8ves b\u00e9n\u00e9ficient de la 2\u00e8 \u201dCaravane de programmation pour tous\u201d - Dpress.ma\/fr","og_description":"Dpress Un total de 4.771 \u00e9l\u00e8ves de la province de Taounate b\u00e9n\u00e9ficient de la \u201cCaravane de programmation pour tous\u201d dans sa deuxi\u00e8me \u00e9dition, dont le coup d\u2019envoi a \u00e9t\u00e9 donn\u00e9, mercredi, \u00e0 l\u2019\u00e9cole communautaire pionni\u00e8re de la commune territoriale de Zrizer. Ce projet, fruit d\u2019un partenariat entre le Comit\u00e9 provincial de d\u00e9veloppement humain, l\u2019Acad\u00e9mie r\u00e9gionale &hellip;","og_url":"https:\/\/dpress.ma\/fr\/2026\/04\/10\/taounate-plus-de-4-700-eleves-beneficient-de-la-2e-caravane-de-programmation-pour-tous\/","og_site_name":"Dpress.ma\/fr","article_published_time":"2026-04-10T16:26:07+00:00","article_modified_time":"2026-04-10T16:26:08+00:00","og_image":[{"width":2539,"height":1594,"url":"https:\/\/dpress.ma\/fr\/wp-content\/uploads\/sites\/2\/2026\/04\/44-6.jpg","type":"image\/jpeg"}],"author":"Dpress.ma","twitter_card":"summary_large_image","twitter_misc":{"\u00c9crit par":"Dpress.ma","Dur\u00e9e de lecture estim\u00e9e":"3 minutes"},"schema":{"@context":"https:\/\/schema.org","@graph":[{"@type":"Article","@id":"https:\/\/dpress.ma\/fr\/2026\/04\/10\/taounate-plus-de-4-700-eleves-beneficient-de-la-2e-caravane-de-programmation-pour-tous\/#article","isPartOf":{"@id":"https:\/\/dpress.ma\/fr\/2026\/04\/10\/taounate-plus-de-4-700-eleves-beneficient-de-la-2e-caravane-de-programmation-pour-tous\/"},"author":{"name":"Dpress.ma","@id":"https:\/\/dpress.ma\/fr\/#\/schema\/person\/4898febf3ccd59e6578d838656a306a0"},"headline":"Taounate : Plus de 4.700 \u00e9l\u00e8ves b\u00e9n\u00e9ficient de la 2\u00e8 \u201dCaravane de programmation pour tous\u201d","datePublished":"2026-04-10T16:26:07+00:00","dateModified":"2026-04-10T16:26:08+00:00","mainEntityOfPage":{"@id":"https:\/\/dpress.ma\/fr\/2026\/04\/10\/taounate-plus-de-4-700-eleves-beneficient-de-la-2e-caravane-de-programmation-pour-tous\/"},"wordCount":637,"commentCount":0,"image":{"@id":"https:\/\/dpress.ma\/fr\/2026\/04\/10\/taounate-plus-de-4-700-eleves-beneficient-de-la-2e-caravane-de-programmation-pour-tous\/#primaryimage"},"thumbnailUrl":"https:\/\/dpress.ma\/fr\/wp-content\/uploads\/sites\/2\/2026\/04\/44-6.jpg","articleSection":["societe et regions"],"inLanguage":"fr-FR","potentialAction":[{"@type":"CommentAction","name":"Comment","target":["https:\/\/dpress.ma\/fr\/2026\/04\/10\/taounate-plus-de-4-700-eleves-beneficient-de-la-2e-caravane-de-programmation-pour-tous\/#respond"]}]},{"@type":"WebPage","@id":"https:\/\/dpress.ma\/fr\/2026\/04\/10\/taounate-plus-de-4-700-eleves-beneficient-de-la-2e-caravane-de-programmation-pour-tous\/","url":"https:\/\/dpress.ma\/fr\/2026\/04\/10\/taounate-plus-de-4-700-eleves-beneficient-de-la-2e-caravane-de-programmation-pour-tous\/","name":"Taounate : Plus de 4.700 \u00e9l\u00e8ves b\u00e9n\u00e9ficient de la 2\u00e8 \u201dCaravane de programmation pour tous\u201d - Dpress.ma\/fr","isPartOf":{"@id":"https:\/\/dpress.ma\/fr\/#website"},"primaryImageOfPage":{"@id":"https:\/\/dpress.ma\/fr\/2026\/04\/10\/taounate-plus-de-4-700-eleves-beneficient-de-la-2e-caravane-de-programmation-pour-tous\/#primaryimage"},"image":{"@id":"https:\/\/dpress.ma\/fr\/2026\/04\/10\/taounate-plus-de-4-700-eleves-beneficient-de-la-2e-caravane-de-programmation-pour-tous\/#primaryimage"},"thumbnailUrl":"https:\/\/dpress.ma\/fr\/wp-content\/uploads\/sites\/2\/2026\/04\/44-6.jpg","datePublished":"2026-04-10T16:26:07+00:00","dateModified":"2026-04-10T16:26:08+00:00","author":{"@id":"https:\/\/dpress.ma\/fr\/#\/schema\/person\/4898febf3ccd59e6578d838656a306a0"},"breadcrumb":{"@id":"https:\/\/dpress.ma\/fr\/2026\/04\/10\/taounate-plus-de-4-700-eleves-beneficient-de-la-2e-caravane-de-programmation-pour-tous\/#breadcrumb"},"inLanguage":"fr-FR","potentialAction":[{"@type":"ReadAction","target":["https:\/\/dpress.ma\/fr\/2026\/04\/10\/taounate-plus-de-4-700-eleves-beneficient-de-la-2e-caravane-de-programmation-pour-tous\/"]}]},{"@type":"ImageObject","inLanguage":"fr-FR","@id":"https:\/\/dpress.ma\/fr\/2026\/04\/10\/taounate-plus-de-4-700-eleves-beneficient-de-la-2e-caravane-de-programmation-pour-tous\/#primaryimage","url":"https:\/\/dpress.ma\/fr\/wp-content\/uploads\/sites\/2\/2026\/04\/44-6.jpg","contentUrl":"https:\/\/dpress.ma\/fr\/wp-content\/uploads\/sites\/2\/2026\/04\/44-6.jpg","width":2539,"height":1594},{"@type":"BreadcrumbList","@id":"https:\/\/dpress.ma\/fr\/2026\/04\/10\/taounate-plus-de-4-700-eleves-beneficient-de-la-2e-caravane-de-programmation-pour-tous\/#breadcrumb","itemListElement":[{"@type":"ListItem","position":1,"name":"Home","item":"https:\/\/dpress.ma\/fr\/"},{"@type":"ListItem","position":2,"name":"Taounate : Plus de 4.700 \u00e9l\u00e8ves b\u00e9n\u00e9ficient de la 2\u00e8 \u201dCaravane de programmation pour tous\u201d"}]},{"@type":"WebSite","@id":"https:\/\/dpress.ma\/fr\/#website","url":"https:\/\/dpress.ma\/fr\/","name":"Dpress.ma\/fr","description":"","potentialAction":[{"@type":"SearchAction","target":{"@type":"EntryPoint","urlTemplate":"https:\/\/dpress.ma\/fr\/?s={search_term_string}"},"query-input":{"@type":"PropertyValueSpecification","valueRequired":true,"valueName":"search_term_string"}}],"inLanguage":"fr-FR"},{"@type":"Person","@id":"https:\/\/dpress.ma\/fr\/#\/schema\/person\/4898febf3ccd59e6578d838656a306a0","name":"Dpress.ma","image":{"@type":"ImageObject","inLanguage":"fr-FR","@id":"https:\/\/secure.gravatar.com\/avatar\/72ecc30e9db047a2e0e7176561eb9d564ed77c8108376495b19bd8336405198a?s=96&d=mm&r=g","url":"https:\/\/secure.gravatar.com\/avatar\/72ecc30e9db047a2e0e7176561eb9d564ed77c8108376495b19bd8336405198a?s=96&d=mm&r=g","contentUrl":"https:\/\/secure.gravatar.com\/avatar\/72ecc30e9db047a2e0e7176561eb9d564ed77c8108376495b19bd8336405198a?s=96&d=mm&r=g","caption":"Dpress.ma"},"sameAs":["https:\/\/www.dpress.ma"],"url":"https:\/\/dpress.ma\/fr\/author\/dpress-ma\/"}]}},"amp_enabled":true,"_links":{"self":[{"href":"https:\/\/dpress.ma\/fr\/wp-json\/wp\/v2\/posts\/28183","targetHints":{"allow":["GET"]}}],"collection":[{"href":"https:\/\/dpress.ma\/fr\/wp-json\/wp\/v2\/posts"}],"about":[{"href":"https:\/\/dpress.ma\/fr\/wp-json\/wp\/v2\/types\/post"}],"author":[{"embeddable":true,"href":"https:\/\/dpress.ma\/fr\/wp-json\/wp\/v2\/users\/2"}],"replies":[{"embeddable":true,"href":"https:\/\/dpress.ma\/fr\/wp-json\/wp\/v2\/comments?post=28183"}],"version-history":[{"count":1,"href":"https:\/\/dpress.ma\/fr\/wp-json\/wp\/v2\/posts\/28183\/revisions"}],"predecessor-version":[{"id":28185,"href":"https:\/\/dpress.ma\/fr\/wp-json\/wp\/v2\/posts\/28183\/revisions\/28185"}],"wp:featuredmedia":[{"embeddable":true,"href":"https:\/\/dpress.ma\/fr\/wp-json\/wp\/v2\/media\/28184"}],"wp:attachment":[{"href":"https:\/\/dpress.ma\/fr\/wp-json\/wp\/v2\/media?parent=28183"}],"wp:term":[{"taxonomy":"category","embeddable":true,"href":"https:\/\/dpress.ma\/fr\/wp-json\/wp\/v2\/categories?post=28183"},{"taxonomy":"post_tag","embeddable":true,"href":"https:\/\/dpress.ma\/fr\/wp-json\/wp\/v2\/tags?post=28183"}],"curies":[{"name":"wp","href":"https:\/\/api.w.org\/{rel}","templated":true}]}}