{"id":28172,"date":"2026-04-10T16:19:45","date_gmt":"2026-04-10T16:19:45","guid":{"rendered":"https:\/\/dpress.ma\/fr\/?p=28172"},"modified":"2026-04-10T16:19:47","modified_gmt":"2026-04-10T16:19:47","slug":"m-laftit-recoit-le-ministre-delegue-aupres-du-premier-ministre-charge-de-la-coordination-des-services-speciaux-de-pologne","status":"publish","type":"post","link":"https:\/\/dpress.ma\/fr\/2026\/04\/10\/m-laftit-recoit-le-ministre-delegue-aupres-du-premier-ministre-charge-de-la-coordination-des-services-speciaux-de-pologne\/","title":{"rendered":"M. Laftit re\u00e7oit le ministre d\u00e9l\u00e9gu\u00e9 aupr\u00e8s du Premier ministre, charg\u00e9 de la coordination des Services sp\u00e9ciaux de Pologne"},"content":{"rendered":"\n<p>Dpress<\/p>\n\n\n\n<p>Le ministre de l\u2019Int\u00e9rieur, Abdelouafi Laftit, a re\u00e7u, vendredi \u00e0 Rabat, le ministre d\u00e9l\u00e9gu\u00e9 aupr\u00e8s du Premier ministre, charg\u00e9 de la coordination des Services sp\u00e9ciaux de Pologne, Tomasz Siemoniak, en visite de travail dans le Royaume.<\/p>\n\n\n\n<p>Cette rencontre qui s\u2019inscrit dans le cadre du renforcement des liens d\u2019amiti\u00e9 et du partenariat bilat\u00e9ral entre le Royaume du Maroc et la R\u00e9publique de Pologne, a donn\u00e9 lieu \u00e0 des \u00e9changes approfondis portant sur les axes prioritaires communs, notamment les questions de migration et de s\u00e9curit\u00e9 frontali\u00e8re, les dynamiques des mouvements en Afrique, en Afrique du Nord, au Sahel et en Europe, ainsi que les domaines li\u00e9s \u00e0 la formation et \u00e0 l\u2019\u00e9change de comp\u00e9tences, indique le minist\u00e8re de l\u2019Int\u00e9rieur dans un communiqu\u00e9.<\/p>\n\n\n\n<p>Les deux parties ont, en outre, soulign\u00e9 l\u2019importance du partage des expertises et des bonnes pratiques, ainsi que du d\u00e9veloppement d\u2019op\u00e9rations conjointes fond\u00e9es sur l\u2019int\u00e9r\u00eat commun, ajoute la m\u00eame source.<\/p>\n\n\n\n<p>Au terme de ces entretiens, les deux ministres ont r\u00e9affirm\u00e9 leur d\u00e9termination \u00e0 renforcer davantage la coop\u00e9ration s\u00e9curitaire entre les deux pays et \u00e0 mettre en \u0153uvre des initiatives conjointes au service de la stabilit\u00e9, de la s\u00e9curit\u00e9 et du d\u00e9veloppement, tout en exprimant leur volont\u00e9 commune de consolider et de diversifier les relations bilat\u00e9rales dans les domaines d\u2019int\u00e9r\u00eat partag\u00e9.<\/p>\n","protected":false},"excerpt":{"rendered":"<p>Dpress Le ministre de l\u2019Int\u00e9rieur, Abdelouafi Laftit, a re\u00e7u, vendredi \u00e0 Rabat, le ministre d\u00e9l\u00e9gu\u00e9 aupr\u00e8s du Premier ministre, charg\u00e9 de la coordination des Services sp\u00e9ciaux de Pologne, Tomasz Siemoniak, en visite de travail dans le Royaume. Cette rencontre qui s\u2019inscrit dans le cadre du renforcement des liens d\u2019amiti\u00e9 et du partenariat bilat\u00e9ral entre le &hellip;<\/p>\n","protected":false},"author":2,"featured_media":28173,"comment_status":"open","ping_status":"open","sticky":false,"template":"","format":"standard","meta":{"footnotes":""},"categories":[33],"tags":[],"class_list":["post-28172","post","type-post","status-publish","format-standard","has-post-thumbnail","hentry","category-diplomatie-parallele"],"yoast_head":"<!-- This site is optimized with the Yoast SEO plugin v27.5 - https:\/\/yoast.com\/product\/yoast-seo-wordpress\/ -->\n<title>M. Laftit re\u00e7oit le ministre d\u00e9l\u00e9gu\u00e9 aupr\u00e8s du Premier ministre, charg\u00e9 de la coordination des Services sp\u00e9ciaux de Pologne - Dpress.ma\/fr<\/title>\n<meta name=\"robots\" content=\"index, follow, max-snippet:-1, max-image-preview:large, max-video-preview:-1\" \/>\n<link rel=\"canonical\" href=\"https:\/\/dpress.ma\/fr\/2026\/04\/10\/m-laftit-recoit-le-ministre-delegue-aupres-du-premier-ministre-charge-de-la-coordination-des-services-speciaux-de-pologne\/\" \/>\n<meta property=\"og:locale\" content=\"fr_FR\" \/>\n<meta property=\"og:type\" content=\"article\" \/>\n<meta property=\"og:title\" content=\"M. Laftit re\u00e7oit le ministre d\u00e9l\u00e9gu\u00e9 aupr\u00e8s du Premier ministre, charg\u00e9 de la coordination des Services sp\u00e9ciaux de Pologne - Dpress.ma\/fr\" \/>\n<meta property=\"og:description\" content=\"Dpress Le ministre de l\u2019Int\u00e9rieur, Abdelouafi Laftit, a re\u00e7u, vendredi \u00e0 Rabat, le ministre d\u00e9l\u00e9gu\u00e9 aupr\u00e8s du Premier ministre, charg\u00e9 de la coordination des Services sp\u00e9ciaux de Pologne, Tomasz Siemoniak, en visite de travail dans le Royaume. Cette rencontre qui s\u2019inscrit dans le cadre du renforcement des liens d\u2019amiti\u00e9 et du partenariat bilat\u00e9ral entre le &hellip;\" \/>\n<meta property=\"og:url\" content=\"https:\/\/dpress.ma\/fr\/2026\/04\/10\/m-laftit-recoit-le-ministre-delegue-aupres-du-premier-ministre-charge-de-la-coordination-des-services-speciaux-de-pologne\/\" \/>\n<meta property=\"og:site_name\" content=\"Dpress.ma\/fr\" \/>\n<meta property=\"article:published_time\" content=\"2026-04-10T16:19:45+00:00\" \/>\n<meta property=\"article:modified_time\" content=\"2026-04-10T16:19:47+00:00\" \/>\n<meta property=\"og:image\" content=\"https:\/\/dpress.ma\/fr\/wp-content\/uploads\/sites\/2\/2026\/04\/41-7.jpg\" \/>\n\t<meta property=\"og:image:width\" content=\"2539\" \/>\n\t<meta property=\"og:image:height\" content=\"1594\" \/>\n\t<meta property=\"og:image:type\" content=\"image\/jpeg\" \/>\n<meta name=\"author\" content=\"Dpress.ma\" \/>\n<meta name=\"twitter:card\" content=\"summary_large_image\" \/>\n<meta name=\"twitter:label1\" content=\"\u00c9crit par\" \/>\n\t<meta name=\"twitter:data1\" content=\"Dpress.ma\" \/>\n\t<meta name=\"twitter:label2\" content=\"Dur\u00e9e de lecture estim\u00e9e\" \/>\n\t<meta name=\"twitter:data2\" content=\"2 minutes\" \/>\n<script type=\"application\/ld+json\" class=\"yoast-schema-graph\">{\"@context\":\"https:\\\/\\\/schema.org\",\"@graph\":[{\"@type\":\"Article\",\"@id\":\"https:\\\/\\\/dpress.ma\\\/fr\\\/2026\\\/04\\\/10\\\/m-laftit-recoit-le-ministre-delegue-aupres-du-premier-ministre-charge-de-la-coordination-des-services-speciaux-de-pologne\\\/#article\",\"isPartOf\":{\"@id\":\"https:\\\/\\\/dpress.ma\\\/fr\\\/2026\\\/04\\\/10\\\/m-laftit-recoit-le-ministre-delegue-aupres-du-premier-ministre-charge-de-la-coordination-des-services-speciaux-de-pologne\\\/\"},\"author\":{\"name\":\"Dpress.ma\",\"@id\":\"https:\\\/\\\/dpress.ma\\\/fr\\\/#\\\/schema\\\/person\\\/4898febf3ccd59e6578d838656a306a0\"},\"headline\":\"M. Laftit re\u00e7oit le ministre d\u00e9l\u00e9gu\u00e9 aupr\u00e8s du Premier ministre, charg\u00e9 de la coordination des Services sp\u00e9ciaux de Pologne\",\"datePublished\":\"2026-04-10T16:19:45+00:00\",\"dateModified\":\"2026-04-10T16:19:47+00:00\",\"mainEntityOfPage\":{\"@id\":\"https:\\\/\\\/dpress.ma\\\/fr\\\/2026\\\/04\\\/10\\\/m-laftit-recoit-le-ministre-delegue-aupres-du-premier-ministre-charge-de-la-coordination-des-services-speciaux-de-pologne\\\/\"},\"wordCount\":267,\"commentCount\":0,\"image\":{\"@id\":\"https:\\\/\\\/dpress.ma\\\/fr\\\/2026\\\/04\\\/10\\\/m-laftit-recoit-le-ministre-delegue-aupres-du-premier-ministre-charge-de-la-coordination-des-services-speciaux-de-pologne\\\/#primaryimage\"},\"thumbnailUrl\":\"https:\\\/\\\/dpress.ma\\\/fr\\\/wp-content\\\/uploads\\\/sites\\\/2\\\/2026\\\/04\\\/41-7.jpg\",\"articleSection\":[\"Diplomatie Parall\u00e8le\"],\"inLanguage\":\"fr-FR\",\"potentialAction\":[{\"@type\":\"CommentAction\",\"name\":\"Comment\",\"target\":[\"https:\\\/\\\/dpress.ma\\\/fr\\\/2026\\\/04\\\/10\\\/m-laftit-recoit-le-ministre-delegue-aupres-du-premier-ministre-charge-de-la-coordination-des-services-speciaux-de-pologne\\\/#respond\"]}]},{\"@type\":\"WebPage\",\"@id\":\"https:\\\/\\\/dpress.ma\\\/fr\\\/2026\\\/04\\\/10\\\/m-laftit-recoit-le-ministre-delegue-aupres-du-premier-ministre-charge-de-la-coordination-des-services-speciaux-de-pologne\\\/\",\"url\":\"https:\\\/\\\/dpress.ma\\\/fr\\\/2026\\\/04\\\/10\\\/m-laftit-recoit-le-ministre-delegue-aupres-du-premier-ministre-charge-de-la-coordination-des-services-speciaux-de-pologne\\\/\",\"name\":\"M. Laftit re\u00e7oit le ministre d\u00e9l\u00e9gu\u00e9 aupr\u00e8s du Premier ministre, charg\u00e9 de la coordination des Services sp\u00e9ciaux de Pologne - Dpress.ma\\\/fr\",\"isPartOf\":{\"@id\":\"https:\\\/\\\/dpress.ma\\\/fr\\\/#website\"},\"primaryImageOfPage\":{\"@id\":\"https:\\\/\\\/dpress.ma\\\/fr\\\/2026\\\/04\\\/10\\\/m-laftit-recoit-le-ministre-delegue-aupres-du-premier-ministre-charge-de-la-coordination-des-services-speciaux-de-pologne\\\/#primaryimage\"},\"image\":{\"@id\":\"https:\\\/\\\/dpress.ma\\\/fr\\\/2026\\\/04\\\/10\\\/m-laftit-recoit-le-ministre-delegue-aupres-du-premier-ministre-charge-de-la-coordination-des-services-speciaux-de-pologne\\\/#primaryimage\"},\"thumbnailUrl\":\"https:\\\/\\\/dpress.ma\\\/fr\\\/wp-content\\\/uploads\\\/sites\\\/2\\\/2026\\\/04\\\/41-7.jpg\",\"datePublished\":\"2026-04-10T16:19:45+00:00\",\"dateModified\":\"2026-04-10T16:19:47+00:00\",\"author\":{\"@id\":\"https:\\\/\\\/dpress.ma\\\/fr\\\/#\\\/schema\\\/person\\\/4898febf3ccd59e6578d838656a306a0\"},\"breadcrumb\":{\"@id\":\"https:\\\/\\\/dpress.ma\\\/fr\\\/2026\\\/04\\\/10\\\/m-laftit-recoit-le-ministre-delegue-aupres-du-premier-ministre-charge-de-la-coordination-des-services-speciaux-de-pologne\\\/#breadcrumb\"},\"inLanguage\":\"fr-FR\",\"potentialAction\":[{\"@type\":\"ReadAction\",\"target\":[\"https:\\\/\\\/dpress.ma\\\/fr\\\/2026\\\/04\\\/10\\\/m-laftit-recoit-le-ministre-delegue-aupres-du-premier-ministre-charge-de-la-coordination-des-services-speciaux-de-pologne\\\/\"]}]},{\"@type\":\"ImageObject\",\"inLanguage\":\"fr-FR\",\"@id\":\"https:\\\/\\\/dpress.ma\\\/fr\\\/2026\\\/04\\\/10\\\/m-laftit-recoit-le-ministre-delegue-aupres-du-premier-ministre-charge-de-la-coordination-des-services-speciaux-de-pologne\\\/#primaryimage\",\"url\":\"https:\\\/\\\/dpress.ma\\\/fr\\\/wp-content\\\/uploads\\\/sites\\\/2\\\/2026\\\/04\\\/41-7.jpg\",\"contentUrl\":\"https:\\\/\\\/dpress.ma\\\/fr\\\/wp-content\\\/uploads\\\/sites\\\/2\\\/2026\\\/04\\\/41-7.jpg\",\"width\":2539,\"height\":1594},{\"@type\":\"BreadcrumbList\",\"@id\":\"https:\\\/\\\/dpress.ma\\\/fr\\\/2026\\\/04\\\/10\\\/m-laftit-recoit-le-ministre-delegue-aupres-du-premier-ministre-charge-de-la-coordination-des-services-speciaux-de-pologne\\\/#breadcrumb\",\"itemListElement\":[{\"@type\":\"ListItem\",\"position\":1,\"name\":\"Home\",\"item\":\"https:\\\/\\\/dpress.ma\\\/fr\\\/\"},{\"@type\":\"ListItem\",\"position\":2,\"name\":\"M. Laftit re\u00e7oit le ministre d\u00e9l\u00e9gu\u00e9 aupr\u00e8s du Premier ministre, charg\u00e9 de la coordination des Services sp\u00e9ciaux de Pologne\"}]},{\"@type\":\"WebSite\",\"@id\":\"https:\\\/\\\/dpress.ma\\\/fr\\\/#website\",\"url\":\"https:\\\/\\\/dpress.ma\\\/fr\\\/\",\"name\":\"Dpress.ma\\\/fr\",\"description\":\"\",\"potentialAction\":[{\"@type\":\"SearchAction\",\"target\":{\"@type\":\"EntryPoint\",\"urlTemplate\":\"https:\\\/\\\/dpress.ma\\\/fr\\\/?s={search_term_string}\"},\"query-input\":{\"@type\":\"PropertyValueSpecification\",\"valueRequired\":true,\"valueName\":\"search_term_string\"}}],\"inLanguage\":\"fr-FR\"},{\"@type\":\"Person\",\"@id\":\"https:\\\/\\\/dpress.ma\\\/fr\\\/#\\\/schema\\\/person\\\/4898febf3ccd59e6578d838656a306a0\",\"name\":\"Dpress.ma\",\"image\":{\"@type\":\"ImageObject\",\"inLanguage\":\"fr-FR\",\"@id\":\"https:\\\/\\\/secure.gravatar.com\\\/avatar\\\/72ecc30e9db047a2e0e7176561eb9d564ed77c8108376495b19bd8336405198a?s=96&d=mm&r=g\",\"url\":\"https:\\\/\\\/secure.gravatar.com\\\/avatar\\\/72ecc30e9db047a2e0e7176561eb9d564ed77c8108376495b19bd8336405198a?s=96&d=mm&r=g\",\"contentUrl\":\"https:\\\/\\\/secure.gravatar.com\\\/avatar\\\/72ecc30e9db047a2e0e7176561eb9d564ed77c8108376495b19bd8336405198a?s=96&d=mm&r=g\",\"caption\":\"Dpress.ma\"},\"sameAs\":[\"https:\\\/\\\/www.dpress.ma\"],\"url\":\"https:\\\/\\\/dpress.ma\\\/fr\\\/author\\\/dpress-ma\\\/\"}]}<\/script>\n<!-- \/ Yoast SEO plugin. -->","yoast_head_json":{"title":"M. Laftit re\u00e7oit le ministre d\u00e9l\u00e9gu\u00e9 aupr\u00e8s du Premier ministre, charg\u00e9 de la coordination des Services sp\u00e9ciaux de Pologne - Dpress.ma\/fr","robots":{"index":"index","follow":"follow","max-snippet":"max-snippet:-1","max-image-preview":"max-image-preview:large","max-video-preview":"max-video-preview:-1"},"canonical":"https:\/\/dpress.ma\/fr\/2026\/04\/10\/m-laftit-recoit-le-ministre-delegue-aupres-du-premier-ministre-charge-de-la-coordination-des-services-speciaux-de-pologne\/","og_locale":"fr_FR","og_type":"article","og_title":"M. Laftit re\u00e7oit le ministre d\u00e9l\u00e9gu\u00e9 aupr\u00e8s du Premier ministre, charg\u00e9 de la coordination des Services sp\u00e9ciaux de Pologne - Dpress.ma\/fr","og_description":"Dpress Le ministre de l\u2019Int\u00e9rieur, Abdelouafi Laftit, a re\u00e7u, vendredi \u00e0 Rabat, le ministre d\u00e9l\u00e9gu\u00e9 aupr\u00e8s du Premier ministre, charg\u00e9 de la coordination des Services sp\u00e9ciaux de Pologne, Tomasz Siemoniak, en visite de travail dans le Royaume. Cette rencontre qui s\u2019inscrit dans le cadre du renforcement des liens d\u2019amiti\u00e9 et du partenariat bilat\u00e9ral entre le &hellip;","og_url":"https:\/\/dpress.ma\/fr\/2026\/04\/10\/m-laftit-recoit-le-ministre-delegue-aupres-du-premier-ministre-charge-de-la-coordination-des-services-speciaux-de-pologne\/","og_site_name":"Dpress.ma\/fr","article_published_time":"2026-04-10T16:19:45+00:00","article_modified_time":"2026-04-10T16:19:47+00:00","og_image":[{"width":2539,"height":1594,"url":"https:\/\/dpress.ma\/fr\/wp-content\/uploads\/sites\/2\/2026\/04\/41-7.jpg","type":"image\/jpeg"}],"author":"Dpress.ma","twitter_card":"summary_large_image","twitter_misc":{"\u00c9crit par":"Dpress.ma","Dur\u00e9e de lecture estim\u00e9e":"2 minutes"},"schema":{"@context":"https:\/\/schema.org","@graph":[{"@type":"Article","@id":"https:\/\/dpress.ma\/fr\/2026\/04\/10\/m-laftit-recoit-le-ministre-delegue-aupres-du-premier-ministre-charge-de-la-coordination-des-services-speciaux-de-pologne\/#article","isPartOf":{"@id":"https:\/\/dpress.ma\/fr\/2026\/04\/10\/m-laftit-recoit-le-ministre-delegue-aupres-du-premier-ministre-charge-de-la-coordination-des-services-speciaux-de-pologne\/"},"author":{"name":"Dpress.ma","@id":"https:\/\/dpress.ma\/fr\/#\/schema\/person\/4898febf3ccd59e6578d838656a306a0"},"headline":"M. Laftit re\u00e7oit le ministre d\u00e9l\u00e9gu\u00e9 aupr\u00e8s du Premier ministre, charg\u00e9 de la coordination des Services sp\u00e9ciaux de Pologne","datePublished":"2026-04-10T16:19:45+00:00","dateModified":"2026-04-10T16:19:47+00:00","mainEntityOfPage":{"@id":"https:\/\/dpress.ma\/fr\/2026\/04\/10\/m-laftit-recoit-le-ministre-delegue-aupres-du-premier-ministre-charge-de-la-coordination-des-services-speciaux-de-pologne\/"},"wordCount":267,"commentCount":0,"image":{"@id":"https:\/\/dpress.ma\/fr\/2026\/04\/10\/m-laftit-recoit-le-ministre-delegue-aupres-du-premier-ministre-charge-de-la-coordination-des-services-speciaux-de-pologne\/#primaryimage"},"thumbnailUrl":"https:\/\/dpress.ma\/fr\/wp-content\/uploads\/sites\/2\/2026\/04\/41-7.jpg","articleSection":["Diplomatie Parall\u00e8le"],"inLanguage":"fr-FR","potentialAction":[{"@type":"CommentAction","name":"Comment","target":["https:\/\/dpress.ma\/fr\/2026\/04\/10\/m-laftit-recoit-le-ministre-delegue-aupres-du-premier-ministre-charge-de-la-coordination-des-services-speciaux-de-pologne\/#respond"]}]},{"@type":"WebPage","@id":"https:\/\/dpress.ma\/fr\/2026\/04\/10\/m-laftit-recoit-le-ministre-delegue-aupres-du-premier-ministre-charge-de-la-coordination-des-services-speciaux-de-pologne\/","url":"https:\/\/dpress.ma\/fr\/2026\/04\/10\/m-laftit-recoit-le-ministre-delegue-aupres-du-premier-ministre-charge-de-la-coordination-des-services-speciaux-de-pologne\/","name":"M. Laftit re\u00e7oit le ministre d\u00e9l\u00e9gu\u00e9 aupr\u00e8s du Premier ministre, charg\u00e9 de la coordination des Services sp\u00e9ciaux de Pologne - Dpress.ma\/fr","isPartOf":{"@id":"https:\/\/dpress.ma\/fr\/#website"},"primaryImageOfPage":{"@id":"https:\/\/dpress.ma\/fr\/2026\/04\/10\/m-laftit-recoit-le-ministre-delegue-aupres-du-premier-ministre-charge-de-la-coordination-des-services-speciaux-de-pologne\/#primaryimage"},"image":{"@id":"https:\/\/dpress.ma\/fr\/2026\/04\/10\/m-laftit-recoit-le-ministre-delegue-aupres-du-premier-ministre-charge-de-la-coordination-des-services-speciaux-de-pologne\/#primaryimage"},"thumbnailUrl":"https:\/\/dpress.ma\/fr\/wp-content\/uploads\/sites\/2\/2026\/04\/41-7.jpg","datePublished":"2026-04-10T16:19:45+00:00","dateModified":"2026-04-10T16:19:47+00:00","author":{"@id":"https:\/\/dpress.ma\/fr\/#\/schema\/person\/4898febf3ccd59e6578d838656a306a0"},"breadcrumb":{"@id":"https:\/\/dpress.ma\/fr\/2026\/04\/10\/m-laftit-recoit-le-ministre-delegue-aupres-du-premier-ministre-charge-de-la-coordination-des-services-speciaux-de-pologne\/#breadcrumb"},"inLanguage":"fr-FR","potentialAction":[{"@type":"ReadAction","target":["https:\/\/dpress.ma\/fr\/2026\/04\/10\/m-laftit-recoit-le-ministre-delegue-aupres-du-premier-ministre-charge-de-la-coordination-des-services-speciaux-de-pologne\/"]}]},{"@type":"ImageObject","inLanguage":"fr-FR","@id":"https:\/\/dpress.ma\/fr\/2026\/04\/10\/m-laftit-recoit-le-ministre-delegue-aupres-du-premier-ministre-charge-de-la-coordination-des-services-speciaux-de-pologne\/#primaryimage","url":"https:\/\/dpress.ma\/fr\/wp-content\/uploads\/sites\/2\/2026\/04\/41-7.jpg","contentUrl":"https:\/\/dpress.ma\/fr\/wp-content\/uploads\/sites\/2\/2026\/04\/41-7.jpg","width":2539,"height":1594},{"@type":"BreadcrumbList","@id":"https:\/\/dpress.ma\/fr\/2026\/04\/10\/m-laftit-recoit-le-ministre-delegue-aupres-du-premier-ministre-charge-de-la-coordination-des-services-speciaux-de-pologne\/#breadcrumb","itemListElement":[{"@type":"ListItem","position":1,"name":"Home","item":"https:\/\/dpress.ma\/fr\/"},{"@type":"ListItem","position":2,"name":"M. Laftit re\u00e7oit le ministre d\u00e9l\u00e9gu\u00e9 aupr\u00e8s du Premier ministre, charg\u00e9 de la coordination des Services sp\u00e9ciaux de Pologne"}]},{"@type":"WebSite","@id":"https:\/\/dpress.ma\/fr\/#website","url":"https:\/\/dpress.ma\/fr\/","name":"Dpress.ma\/fr","description":"","potentialAction":[{"@type":"SearchAction","target":{"@type":"EntryPoint","urlTemplate":"https:\/\/dpress.ma\/fr\/?s={search_term_string}"},"query-input":{"@type":"PropertyValueSpecification","valueRequired":true,"valueName":"search_term_string"}}],"inLanguage":"fr-FR"},{"@type":"Person","@id":"https:\/\/dpress.ma\/fr\/#\/schema\/person\/4898febf3ccd59e6578d838656a306a0","name":"Dpress.ma","image":{"@type":"ImageObject","inLanguage":"fr-FR","@id":"https:\/\/secure.gravatar.com\/avatar\/72ecc30e9db047a2e0e7176561eb9d564ed77c8108376495b19bd8336405198a?s=96&d=mm&r=g","url":"https:\/\/secure.gravatar.com\/avatar\/72ecc30e9db047a2e0e7176561eb9d564ed77c8108376495b19bd8336405198a?s=96&d=mm&r=g","contentUrl":"https:\/\/secure.gravatar.com\/avatar\/72ecc30e9db047a2e0e7176561eb9d564ed77c8108376495b19bd8336405198a?s=96&d=mm&r=g","caption":"Dpress.ma"},"sameAs":["https:\/\/www.dpress.ma"],"url":"https:\/\/dpress.ma\/fr\/author\/dpress-ma\/"}]}},"amp_enabled":true,"_links":{"self":[{"href":"https:\/\/dpress.ma\/fr\/wp-json\/wp\/v2\/posts\/28172","targetHints":{"allow":["GET"]}}],"collection":[{"href":"https:\/\/dpress.ma\/fr\/wp-json\/wp\/v2\/posts"}],"about":[{"href":"https:\/\/dpress.ma\/fr\/wp-json\/wp\/v2\/types\/post"}],"author":[{"embeddable":true,"href":"https:\/\/dpress.ma\/fr\/wp-json\/wp\/v2\/users\/2"}],"replies":[{"embeddable":true,"href":"https:\/\/dpress.ma\/fr\/wp-json\/wp\/v2\/comments?post=28172"}],"version-history":[{"count":1,"href":"https:\/\/dpress.ma\/fr\/wp-json\/wp\/v2\/posts\/28172\/revisions"}],"predecessor-version":[{"id":28174,"href":"https:\/\/dpress.ma\/fr\/wp-json\/wp\/v2\/posts\/28172\/revisions\/28174"}],"wp:featuredmedia":[{"embeddable":true,"href":"https:\/\/dpress.ma\/fr\/wp-json\/wp\/v2\/media\/28173"}],"wp:attachment":[{"href":"https:\/\/dpress.ma\/fr\/wp-json\/wp\/v2\/media?parent=28172"}],"wp:term":[{"taxonomy":"category","embeddable":true,"href":"https:\/\/dpress.ma\/fr\/wp-json\/wp\/v2\/categories?post=28172"},{"taxonomy":"post_tag","embeddable":true,"href":"https:\/\/dpress.ma\/fr\/wp-json\/wp\/v2\/tags?post=28172"}],"curies":[{"name":"wp","href":"https:\/\/api.w.org\/{rel}","templated":true}]}}