{"id":28166,"date":"2026-04-10T16:17:27","date_gmt":"2026-04-10T16:17:27","guid":{"rendered":"https:\/\/dpress.ma\/fr\/?p=28166"},"modified":"2026-04-10T16:17:29","modified_gmt":"2026-04-10T16:17:29","slug":"seance-pleniere-commune-des-deux-chambres-du-parlement-mercredi-prochain-pour-la-presentation-du-bilan-de-laction-gouvernementale","status":"publish","type":"post","link":"https:\/\/dpress.ma\/fr\/2026\/04\/10\/seance-pleniere-commune-des-deux-chambres-du-parlement-mercredi-prochain-pour-la-presentation-du-bilan-de-laction-gouvernementale\/","title":{"rendered":"S\u00e9ance pl\u00e9ni\u00e8re commune des deux Chambres du Parlement, mercredi prochain, pour la pr\u00e9sentation du bilan de l\u2019action gouvernementale"},"content":{"rendered":"\n<p>Dpress<\/p>\n\n\n\n<p>Le Parlement avec ses deux Chambres tiendra, mercredi prochain, une s\u00e9ance pl\u00e9ni\u00e8re commune consacr\u00e9e \u00e0 la pr\u00e9sentation du bilan de l\u2019action gouvernementale.<\/p>\n\n\n\n<p>Cette s\u00e9ance, qui se tient conform\u00e9ment aux dispositions de l\u2019article 101 de la Constitution, d\u00e9butera \u00e0 10H30 dans la grande salle des s\u00e9ances de la Chambre des repr\u00e9sentants, indique un communiqu\u00e9 conjoint de la Chambre des repr\u00e9sentants et de la Chambre des conseillers.<\/p>\n","protected":false},"excerpt":{"rendered":"<p>Dpress Le Parlement avec ses deux Chambres tiendra, mercredi prochain, une s\u00e9ance pl\u00e9ni\u00e8re commune consacr\u00e9e \u00e0 la pr\u00e9sentation du bilan de l\u2019action gouvernementale. Cette s\u00e9ance, qui se tient conform\u00e9ment aux dispositions de l\u2019article 101 de la Constitution, d\u00e9butera \u00e0 10H30 dans la grande salle des s\u00e9ances de la Chambre des repr\u00e9sentants, indique un communiqu\u00e9 conjoint &hellip;<\/p>\n","protected":false},"author":2,"featured_media":28167,"comment_status":"open","ping_status":"open","sticky":false,"template":"","format":"standard","meta":{"footnotes":""},"categories":[26],"tags":[],"class_list":["post-28166","post","type-post","status-publish","format-standard","has-post-thumbnail","hentry","category-politiques"],"yoast_head":"<!-- This site is optimized with the Yoast SEO plugin v27.5 - https:\/\/yoast.com\/product\/yoast-seo-wordpress\/ -->\n<title>S\u00e9ance pl\u00e9ni\u00e8re commune des deux Chambres du Parlement, mercredi prochain, pour la pr\u00e9sentation du bilan de l\u2019action gouvernementale - Dpress.ma\/fr<\/title>\n<meta name=\"robots\" content=\"index, follow, max-snippet:-1, max-image-preview:large, max-video-preview:-1\" \/>\n<link rel=\"canonical\" href=\"https:\/\/dpress.ma\/fr\/2026\/04\/10\/seance-pleniere-commune-des-deux-chambres-du-parlement-mercredi-prochain-pour-la-presentation-du-bilan-de-laction-gouvernementale\/\" \/>\n<meta property=\"og:locale\" content=\"fr_FR\" \/>\n<meta property=\"og:type\" content=\"article\" \/>\n<meta property=\"og:title\" content=\"S\u00e9ance pl\u00e9ni\u00e8re commune des deux Chambres du Parlement, mercredi prochain, pour la pr\u00e9sentation du bilan de l\u2019action gouvernementale - Dpress.ma\/fr\" \/>\n<meta property=\"og:description\" content=\"Dpress Le Parlement avec ses deux Chambres tiendra, mercredi prochain, une s\u00e9ance pl\u00e9ni\u00e8re commune consacr\u00e9e \u00e0 la pr\u00e9sentation du bilan de l\u2019action gouvernementale. Cette s\u00e9ance, qui se tient conform\u00e9ment aux dispositions de l\u2019article 101 de la Constitution, d\u00e9butera \u00e0 10H30 dans la grande salle des s\u00e9ances de la Chambre des repr\u00e9sentants, indique un communiqu\u00e9 conjoint &hellip;\" \/>\n<meta property=\"og:url\" content=\"https:\/\/dpress.ma\/fr\/2026\/04\/10\/seance-pleniere-commune-des-deux-chambres-du-parlement-mercredi-prochain-pour-la-presentation-du-bilan-de-laction-gouvernementale\/\" \/>\n<meta property=\"og:site_name\" content=\"Dpress.ma\/fr\" \/>\n<meta property=\"article:published_time\" content=\"2026-04-10T16:17:27+00:00\" \/>\n<meta property=\"article:modified_time\" content=\"2026-04-10T16:17:29+00:00\" \/>\n<meta property=\"og:image\" content=\"https:\/\/dpress.ma\/fr\/wp-content\/uploads\/sites\/2\/2026\/04\/39-7.jpg\" \/>\n\t<meta property=\"og:image:width\" content=\"2539\" \/>\n\t<meta property=\"og:image:height\" content=\"1594\" \/>\n\t<meta property=\"og:image:type\" content=\"image\/jpeg\" \/>\n<meta name=\"author\" content=\"Dpress.ma\" \/>\n<meta name=\"twitter:card\" content=\"summary_large_image\" \/>\n<meta name=\"twitter:label1\" content=\"\u00c9crit par\" \/>\n\t<meta name=\"twitter:data1\" content=\"Dpress.ma\" \/>\n\t<meta name=\"twitter:label2\" content=\"Dur\u00e9e de lecture estim\u00e9e\" \/>\n\t<meta name=\"twitter:data2\" content=\"1 minute\" \/>\n<script type=\"application\/ld+json\" class=\"yoast-schema-graph\">{\"@context\":\"https:\\\/\\\/schema.org\",\"@graph\":[{\"@type\":\"Article\",\"@id\":\"https:\\\/\\\/dpress.ma\\\/fr\\\/2026\\\/04\\\/10\\\/seance-pleniere-commune-des-deux-chambres-du-parlement-mercredi-prochain-pour-la-presentation-du-bilan-de-laction-gouvernementale\\\/#article\",\"isPartOf\":{\"@id\":\"https:\\\/\\\/dpress.ma\\\/fr\\\/2026\\\/04\\\/10\\\/seance-pleniere-commune-des-deux-chambres-du-parlement-mercredi-prochain-pour-la-presentation-du-bilan-de-laction-gouvernementale\\\/\"},\"author\":{\"name\":\"Dpress.ma\",\"@id\":\"https:\\\/\\\/dpress.ma\\\/fr\\\/#\\\/schema\\\/person\\\/4898febf3ccd59e6578d838656a306a0\"},\"headline\":\"S\u00e9ance pl\u00e9ni\u00e8re commune des deux Chambres du Parlement, mercredi prochain, pour la pr\u00e9sentation du bilan de l\u2019action gouvernementale\",\"datePublished\":\"2026-04-10T16:17:27+00:00\",\"dateModified\":\"2026-04-10T16:17:29+00:00\",\"mainEntityOfPage\":{\"@id\":\"https:\\\/\\\/dpress.ma\\\/fr\\\/2026\\\/04\\\/10\\\/seance-pleniere-commune-des-deux-chambres-du-parlement-mercredi-prochain-pour-la-presentation-du-bilan-de-laction-gouvernementale\\\/\"},\"wordCount\":99,\"commentCount\":0,\"image\":{\"@id\":\"https:\\\/\\\/dpress.ma\\\/fr\\\/2026\\\/04\\\/10\\\/seance-pleniere-commune-des-deux-chambres-du-parlement-mercredi-prochain-pour-la-presentation-du-bilan-de-laction-gouvernementale\\\/#primaryimage\"},\"thumbnailUrl\":\"https:\\\/\\\/dpress.ma\\\/fr\\\/wp-content\\\/uploads\\\/sites\\\/2\\\/2026\\\/04\\\/39-7.jpg\",\"articleSection\":[\"Politiques\"],\"inLanguage\":\"fr-FR\",\"potentialAction\":[{\"@type\":\"CommentAction\",\"name\":\"Comment\",\"target\":[\"https:\\\/\\\/dpress.ma\\\/fr\\\/2026\\\/04\\\/10\\\/seance-pleniere-commune-des-deux-chambres-du-parlement-mercredi-prochain-pour-la-presentation-du-bilan-de-laction-gouvernementale\\\/#respond\"]}]},{\"@type\":\"WebPage\",\"@id\":\"https:\\\/\\\/dpress.ma\\\/fr\\\/2026\\\/04\\\/10\\\/seance-pleniere-commune-des-deux-chambres-du-parlement-mercredi-prochain-pour-la-presentation-du-bilan-de-laction-gouvernementale\\\/\",\"url\":\"https:\\\/\\\/dpress.ma\\\/fr\\\/2026\\\/04\\\/10\\\/seance-pleniere-commune-des-deux-chambres-du-parlement-mercredi-prochain-pour-la-presentation-du-bilan-de-laction-gouvernementale\\\/\",\"name\":\"S\u00e9ance pl\u00e9ni\u00e8re commune des deux Chambres du Parlement, mercredi prochain, pour la pr\u00e9sentation du bilan de l\u2019action gouvernementale - Dpress.ma\\\/fr\",\"isPartOf\":{\"@id\":\"https:\\\/\\\/dpress.ma\\\/fr\\\/#website\"},\"primaryImageOfPage\":{\"@id\":\"https:\\\/\\\/dpress.ma\\\/fr\\\/2026\\\/04\\\/10\\\/seance-pleniere-commune-des-deux-chambres-du-parlement-mercredi-prochain-pour-la-presentation-du-bilan-de-laction-gouvernementale\\\/#primaryimage\"},\"image\":{\"@id\":\"https:\\\/\\\/dpress.ma\\\/fr\\\/2026\\\/04\\\/10\\\/seance-pleniere-commune-des-deux-chambres-du-parlement-mercredi-prochain-pour-la-presentation-du-bilan-de-laction-gouvernementale\\\/#primaryimage\"},\"thumbnailUrl\":\"https:\\\/\\\/dpress.ma\\\/fr\\\/wp-content\\\/uploads\\\/sites\\\/2\\\/2026\\\/04\\\/39-7.jpg\",\"datePublished\":\"2026-04-10T16:17:27+00:00\",\"dateModified\":\"2026-04-10T16:17:29+00:00\",\"author\":{\"@id\":\"https:\\\/\\\/dpress.ma\\\/fr\\\/#\\\/schema\\\/person\\\/4898febf3ccd59e6578d838656a306a0\"},\"breadcrumb\":{\"@id\":\"https:\\\/\\\/dpress.ma\\\/fr\\\/2026\\\/04\\\/10\\\/seance-pleniere-commune-des-deux-chambres-du-parlement-mercredi-prochain-pour-la-presentation-du-bilan-de-laction-gouvernementale\\\/#breadcrumb\"},\"inLanguage\":\"fr-FR\",\"potentialAction\":[{\"@type\":\"ReadAction\",\"target\":[\"https:\\\/\\\/dpress.ma\\\/fr\\\/2026\\\/04\\\/10\\\/seance-pleniere-commune-des-deux-chambres-du-parlement-mercredi-prochain-pour-la-presentation-du-bilan-de-laction-gouvernementale\\\/\"]}]},{\"@type\":\"ImageObject\",\"inLanguage\":\"fr-FR\",\"@id\":\"https:\\\/\\\/dpress.ma\\\/fr\\\/2026\\\/04\\\/10\\\/seance-pleniere-commune-des-deux-chambres-du-parlement-mercredi-prochain-pour-la-presentation-du-bilan-de-laction-gouvernementale\\\/#primaryimage\",\"url\":\"https:\\\/\\\/dpress.ma\\\/fr\\\/wp-content\\\/uploads\\\/sites\\\/2\\\/2026\\\/04\\\/39-7.jpg\",\"contentUrl\":\"https:\\\/\\\/dpress.ma\\\/fr\\\/wp-content\\\/uploads\\\/sites\\\/2\\\/2026\\\/04\\\/39-7.jpg\",\"width\":2539,\"height\":1594},{\"@type\":\"BreadcrumbList\",\"@id\":\"https:\\\/\\\/dpress.ma\\\/fr\\\/2026\\\/04\\\/10\\\/seance-pleniere-commune-des-deux-chambres-du-parlement-mercredi-prochain-pour-la-presentation-du-bilan-de-laction-gouvernementale\\\/#breadcrumb\",\"itemListElement\":[{\"@type\":\"ListItem\",\"position\":1,\"name\":\"Home\",\"item\":\"https:\\\/\\\/dpress.ma\\\/fr\\\/\"},{\"@type\":\"ListItem\",\"position\":2,\"name\":\"S\u00e9ance pl\u00e9ni\u00e8re commune des deux Chambres du Parlement, mercredi prochain, pour la pr\u00e9sentation du bilan de l\u2019action gouvernementale\"}]},{\"@type\":\"WebSite\",\"@id\":\"https:\\\/\\\/dpress.ma\\\/fr\\\/#website\",\"url\":\"https:\\\/\\\/dpress.ma\\\/fr\\\/\",\"name\":\"Dpress.ma\\\/fr\",\"description\":\"\",\"potentialAction\":[{\"@type\":\"SearchAction\",\"target\":{\"@type\":\"EntryPoint\",\"urlTemplate\":\"https:\\\/\\\/dpress.ma\\\/fr\\\/?s={search_term_string}\"},\"query-input\":{\"@type\":\"PropertyValueSpecification\",\"valueRequired\":true,\"valueName\":\"search_term_string\"}}],\"inLanguage\":\"fr-FR\"},{\"@type\":\"Person\",\"@id\":\"https:\\\/\\\/dpress.ma\\\/fr\\\/#\\\/schema\\\/person\\\/4898febf3ccd59e6578d838656a306a0\",\"name\":\"Dpress.ma\",\"image\":{\"@type\":\"ImageObject\",\"inLanguage\":\"fr-FR\",\"@id\":\"https:\\\/\\\/secure.gravatar.com\\\/avatar\\\/72ecc30e9db047a2e0e7176561eb9d564ed77c8108376495b19bd8336405198a?s=96&d=mm&r=g\",\"url\":\"https:\\\/\\\/secure.gravatar.com\\\/avatar\\\/72ecc30e9db047a2e0e7176561eb9d564ed77c8108376495b19bd8336405198a?s=96&d=mm&r=g\",\"contentUrl\":\"https:\\\/\\\/secure.gravatar.com\\\/avatar\\\/72ecc30e9db047a2e0e7176561eb9d564ed77c8108376495b19bd8336405198a?s=96&d=mm&r=g\",\"caption\":\"Dpress.ma\"},\"sameAs\":[\"https:\\\/\\\/www.dpress.ma\"],\"url\":\"https:\\\/\\\/dpress.ma\\\/fr\\\/author\\\/dpress-ma\\\/\"}]}<\/script>\n<!-- \/ Yoast SEO plugin. -->","yoast_head_json":{"title":"S\u00e9ance pl\u00e9ni\u00e8re commune des deux Chambres du Parlement, mercredi prochain, pour la pr\u00e9sentation du bilan de l\u2019action gouvernementale - Dpress.ma\/fr","robots":{"index":"index","follow":"follow","max-snippet":"max-snippet:-1","max-image-preview":"max-image-preview:large","max-video-preview":"max-video-preview:-1"},"canonical":"https:\/\/dpress.ma\/fr\/2026\/04\/10\/seance-pleniere-commune-des-deux-chambres-du-parlement-mercredi-prochain-pour-la-presentation-du-bilan-de-laction-gouvernementale\/","og_locale":"fr_FR","og_type":"article","og_title":"S\u00e9ance pl\u00e9ni\u00e8re commune des deux Chambres du Parlement, mercredi prochain, pour la pr\u00e9sentation du bilan de l\u2019action gouvernementale - Dpress.ma\/fr","og_description":"Dpress Le Parlement avec ses deux Chambres tiendra, mercredi prochain, une s\u00e9ance pl\u00e9ni\u00e8re commune consacr\u00e9e \u00e0 la pr\u00e9sentation du bilan de l\u2019action gouvernementale. Cette s\u00e9ance, qui se tient conform\u00e9ment aux dispositions de l\u2019article 101 de la Constitution, d\u00e9butera \u00e0 10H30 dans la grande salle des s\u00e9ances de la Chambre des repr\u00e9sentants, indique un communiqu\u00e9 conjoint &hellip;","og_url":"https:\/\/dpress.ma\/fr\/2026\/04\/10\/seance-pleniere-commune-des-deux-chambres-du-parlement-mercredi-prochain-pour-la-presentation-du-bilan-de-laction-gouvernementale\/","og_site_name":"Dpress.ma\/fr","article_published_time":"2026-04-10T16:17:27+00:00","article_modified_time":"2026-04-10T16:17:29+00:00","og_image":[{"width":2539,"height":1594,"url":"https:\/\/dpress.ma\/fr\/wp-content\/uploads\/sites\/2\/2026\/04\/39-7.jpg","type":"image\/jpeg"}],"author":"Dpress.ma","twitter_card":"summary_large_image","twitter_misc":{"\u00c9crit par":"Dpress.ma","Dur\u00e9e de lecture estim\u00e9e":"1 minute"},"schema":{"@context":"https:\/\/schema.org","@graph":[{"@type":"Article","@id":"https:\/\/dpress.ma\/fr\/2026\/04\/10\/seance-pleniere-commune-des-deux-chambres-du-parlement-mercredi-prochain-pour-la-presentation-du-bilan-de-laction-gouvernementale\/#article","isPartOf":{"@id":"https:\/\/dpress.ma\/fr\/2026\/04\/10\/seance-pleniere-commune-des-deux-chambres-du-parlement-mercredi-prochain-pour-la-presentation-du-bilan-de-laction-gouvernementale\/"},"author":{"name":"Dpress.ma","@id":"https:\/\/dpress.ma\/fr\/#\/schema\/person\/4898febf3ccd59e6578d838656a306a0"},"headline":"S\u00e9ance pl\u00e9ni\u00e8re commune des deux Chambres du Parlement, mercredi prochain, pour la pr\u00e9sentation du bilan de l\u2019action gouvernementale","datePublished":"2026-04-10T16:17:27+00:00","dateModified":"2026-04-10T16:17:29+00:00","mainEntityOfPage":{"@id":"https:\/\/dpress.ma\/fr\/2026\/04\/10\/seance-pleniere-commune-des-deux-chambres-du-parlement-mercredi-prochain-pour-la-presentation-du-bilan-de-laction-gouvernementale\/"},"wordCount":99,"commentCount":0,"image":{"@id":"https:\/\/dpress.ma\/fr\/2026\/04\/10\/seance-pleniere-commune-des-deux-chambres-du-parlement-mercredi-prochain-pour-la-presentation-du-bilan-de-laction-gouvernementale\/#primaryimage"},"thumbnailUrl":"https:\/\/dpress.ma\/fr\/wp-content\/uploads\/sites\/2\/2026\/04\/39-7.jpg","articleSection":["Politiques"],"inLanguage":"fr-FR","potentialAction":[{"@type":"CommentAction","name":"Comment","target":["https:\/\/dpress.ma\/fr\/2026\/04\/10\/seance-pleniere-commune-des-deux-chambres-du-parlement-mercredi-prochain-pour-la-presentation-du-bilan-de-laction-gouvernementale\/#respond"]}]},{"@type":"WebPage","@id":"https:\/\/dpress.ma\/fr\/2026\/04\/10\/seance-pleniere-commune-des-deux-chambres-du-parlement-mercredi-prochain-pour-la-presentation-du-bilan-de-laction-gouvernementale\/","url":"https:\/\/dpress.ma\/fr\/2026\/04\/10\/seance-pleniere-commune-des-deux-chambres-du-parlement-mercredi-prochain-pour-la-presentation-du-bilan-de-laction-gouvernementale\/","name":"S\u00e9ance pl\u00e9ni\u00e8re commune des deux Chambres du Parlement, mercredi prochain, pour la pr\u00e9sentation du bilan de l\u2019action gouvernementale - Dpress.ma\/fr","isPartOf":{"@id":"https:\/\/dpress.ma\/fr\/#website"},"primaryImageOfPage":{"@id":"https:\/\/dpress.ma\/fr\/2026\/04\/10\/seance-pleniere-commune-des-deux-chambres-du-parlement-mercredi-prochain-pour-la-presentation-du-bilan-de-laction-gouvernementale\/#primaryimage"},"image":{"@id":"https:\/\/dpress.ma\/fr\/2026\/04\/10\/seance-pleniere-commune-des-deux-chambres-du-parlement-mercredi-prochain-pour-la-presentation-du-bilan-de-laction-gouvernementale\/#primaryimage"},"thumbnailUrl":"https:\/\/dpress.ma\/fr\/wp-content\/uploads\/sites\/2\/2026\/04\/39-7.jpg","datePublished":"2026-04-10T16:17:27+00:00","dateModified":"2026-04-10T16:17:29+00:00","author":{"@id":"https:\/\/dpress.ma\/fr\/#\/schema\/person\/4898febf3ccd59e6578d838656a306a0"},"breadcrumb":{"@id":"https:\/\/dpress.ma\/fr\/2026\/04\/10\/seance-pleniere-commune-des-deux-chambres-du-parlement-mercredi-prochain-pour-la-presentation-du-bilan-de-laction-gouvernementale\/#breadcrumb"},"inLanguage":"fr-FR","potentialAction":[{"@type":"ReadAction","target":["https:\/\/dpress.ma\/fr\/2026\/04\/10\/seance-pleniere-commune-des-deux-chambres-du-parlement-mercredi-prochain-pour-la-presentation-du-bilan-de-laction-gouvernementale\/"]}]},{"@type":"ImageObject","inLanguage":"fr-FR","@id":"https:\/\/dpress.ma\/fr\/2026\/04\/10\/seance-pleniere-commune-des-deux-chambres-du-parlement-mercredi-prochain-pour-la-presentation-du-bilan-de-laction-gouvernementale\/#primaryimage","url":"https:\/\/dpress.ma\/fr\/wp-content\/uploads\/sites\/2\/2026\/04\/39-7.jpg","contentUrl":"https:\/\/dpress.ma\/fr\/wp-content\/uploads\/sites\/2\/2026\/04\/39-7.jpg","width":2539,"height":1594},{"@type":"BreadcrumbList","@id":"https:\/\/dpress.ma\/fr\/2026\/04\/10\/seance-pleniere-commune-des-deux-chambres-du-parlement-mercredi-prochain-pour-la-presentation-du-bilan-de-laction-gouvernementale\/#breadcrumb","itemListElement":[{"@type":"ListItem","position":1,"name":"Home","item":"https:\/\/dpress.ma\/fr\/"},{"@type":"ListItem","position":2,"name":"S\u00e9ance pl\u00e9ni\u00e8re commune des deux Chambres du Parlement, mercredi prochain, pour la pr\u00e9sentation du bilan de l\u2019action gouvernementale"}]},{"@type":"WebSite","@id":"https:\/\/dpress.ma\/fr\/#website","url":"https:\/\/dpress.ma\/fr\/","name":"Dpress.ma\/fr","description":"","potentialAction":[{"@type":"SearchAction","target":{"@type":"EntryPoint","urlTemplate":"https:\/\/dpress.ma\/fr\/?s={search_term_string}"},"query-input":{"@type":"PropertyValueSpecification","valueRequired":true,"valueName":"search_term_string"}}],"inLanguage":"fr-FR"},{"@type":"Person","@id":"https:\/\/dpress.ma\/fr\/#\/schema\/person\/4898febf3ccd59e6578d838656a306a0","name":"Dpress.ma","image":{"@type":"ImageObject","inLanguage":"fr-FR","@id":"https:\/\/secure.gravatar.com\/avatar\/72ecc30e9db047a2e0e7176561eb9d564ed77c8108376495b19bd8336405198a?s=96&d=mm&r=g","url":"https:\/\/secure.gravatar.com\/avatar\/72ecc30e9db047a2e0e7176561eb9d564ed77c8108376495b19bd8336405198a?s=96&d=mm&r=g","contentUrl":"https:\/\/secure.gravatar.com\/avatar\/72ecc30e9db047a2e0e7176561eb9d564ed77c8108376495b19bd8336405198a?s=96&d=mm&r=g","caption":"Dpress.ma"},"sameAs":["https:\/\/www.dpress.ma"],"url":"https:\/\/dpress.ma\/fr\/author\/dpress-ma\/"}]}},"amp_enabled":true,"_links":{"self":[{"href":"https:\/\/dpress.ma\/fr\/wp-json\/wp\/v2\/posts\/28166","targetHints":{"allow":["GET"]}}],"collection":[{"href":"https:\/\/dpress.ma\/fr\/wp-json\/wp\/v2\/posts"}],"about":[{"href":"https:\/\/dpress.ma\/fr\/wp-json\/wp\/v2\/types\/post"}],"author":[{"embeddable":true,"href":"https:\/\/dpress.ma\/fr\/wp-json\/wp\/v2\/users\/2"}],"replies":[{"embeddable":true,"href":"https:\/\/dpress.ma\/fr\/wp-json\/wp\/v2\/comments?post=28166"}],"version-history":[{"count":1,"href":"https:\/\/dpress.ma\/fr\/wp-json\/wp\/v2\/posts\/28166\/revisions"}],"predecessor-version":[{"id":28168,"href":"https:\/\/dpress.ma\/fr\/wp-json\/wp\/v2\/posts\/28166\/revisions\/28168"}],"wp:featuredmedia":[{"embeddable":true,"href":"https:\/\/dpress.ma\/fr\/wp-json\/wp\/v2\/media\/28167"}],"wp:attachment":[{"href":"https:\/\/dpress.ma\/fr\/wp-json\/wp\/v2\/media?parent=28166"}],"wp:term":[{"taxonomy":"category","embeddable":true,"href":"https:\/\/dpress.ma\/fr\/wp-json\/wp\/v2\/categories?post=28166"},{"taxonomy":"post_tag","embeddable":true,"href":"https:\/\/dpress.ma\/fr\/wp-json\/wp\/v2\/tags?post=28166"}],"curies":[{"name":"wp","href":"https:\/\/api.w.org\/{rel}","templated":true}]}}