{"id":28163,"date":"2026-04-10T09:48:28","date_gmt":"2026-04-10T09:48:28","guid":{"rendered":"https:\/\/dpress.ma\/fr\/?p=28163"},"modified":"2026-04-10T09:48:30","modified_gmt":"2026-04-10T09:48:30","slug":"sidi-slimane-inauguration-dun-centre-dedie-aux-personnes-a-besoins-specifiques-a-la-commune-de-kceibya","status":"publish","type":"post","link":"https:\/\/dpress.ma\/fr\/2026\/04\/10\/sidi-slimane-inauguration-dun-centre-dedie-aux-personnes-a-besoins-specifiques-a-la-commune-de-kceibya\/","title":{"rendered":"Sidi Slimane : inauguration d\u2019un centre d\u00e9di\u00e9 aux personnes \u00e0 besoins sp\u00e9cifiques \u00e0 la commune de Kceibya"},"content":{"rendered":"\n<p>Dpress<\/p>\n\n\n\n<p>Un centre d\u00e9di\u00e9 aux personnes \u00e0 besoins sp\u00e9cifiques a \u00e9t\u00e9 inaugur\u00e9, jeudi \u00e0 la commune de Kceibya relevant de la province de Sidi Slimane, dans le cadre&nbsp;de la troisi\u00e8me phase du programme de soutien aux personnes vuln\u00e9rables de&nbsp;l\u2019Initiative nationale pour le d\u00e9veloppement humain (INDH).<\/p>\n\n\n\n<p>Ce centre, dont la c\u00e9r\u00e9monie d\u2019inauguration a \u00e9t\u00e9 pr\u00e9sid\u00e9e par le Gouverneur de la province de Sidi Slimane,&nbsp;Driss Rubio, vise \u00e0 am\u00e9liorer la qualit\u00e9 de vie des personnes en situation de handicap et \u00e0 renforcer leur int\u00e9gration sociale et \u00e9conomique au sein de la soci\u00e9t\u00e9, en mettent \u00e0 leur disposition divers services de proximit\u00e9.<\/p>\n\n\n\n<p>Le co\u00fbt de construction et d\u2019\u00e9quipement du centre a atteint environ 2,18 millions de dirhams, avec une contribution de l\u2019INDH \u00e0 hauteur de 1,21 million de dirhams pour la construction, et de 0,97 million de dirhams pour l\u2019\u00e9quipement. Ce nouveau \u00e9difice comprend notamment des salles de r\u00e9\u00e9ducation motrice, de scolarisation et d\u2019orthophonie, outre un bureau d\u2019assistance sociale.<\/p>\n\n\n\n<p>Le centre propose aussi des services de kin\u00e9sith\u00e9rapie pour am\u00e9liorer les capacit\u00e9s physiques des personnes \u00e0 besoins sp\u00e9cifiques et renforcer leur autonomie, ainsi que des services d\u2019orthophonie pour traiter les troubles du langage chez les enfants, en plus d\u2019une assistance sociale pour accompagner les b\u00e9n\u00e9ficiaires et leurs familles et faciliter leur acc\u00e8s \u00e0 l\u2019ensemble des services sociaux.<\/p>\n\n\n\n<p>Il \u0153uvre \u00e9galement \u00e0 appuyer la scolarisation des enfants en situation de handicap via des programmes \u00e9ducatifs et de qualification qui facilitent leur insertion dans le parcours scolaire, en plus de soutenir leurs familles \u00e0 travers l\u2019orientation et l\u2019accompagnement psychologique et social.<\/p>\n\n\n\n<p>Dans ce sens, la cheffe du service de la communication \u00e0 la pr\u00e9fecture de Sidi Slimane, Amal Benabdi a soulign\u00e9 que la cr\u00e9ation du centre pour personnes \u00e0 besoins sp\u00e9cifiques intervient dans le cadre du renforcement de l\u2019offre de services destin\u00e9e \u00e0 cette cat\u00e9gorie de la soci\u00e9t\u00e9 au niveau de la province, particuli\u00e8rement au profit de la population du monde rural qui reste en besoin de services de proximit\u00e9 dans les domaines de l\u2019accompagnement, de la qualification et du soutien social.<\/p>\n\n\n\n<p>Elle a, en outre, indiqu\u00e9 dans une d\u00e9claration \u00e0 la MAP, que ce centre remplira des r\u00f4les sociaux et \u00e9ducatifs, et contribuera de mani\u00e8re significative \u00e0 faciliter l\u2019acc\u00e8s de cette frange aux services de soins sans avoir besoin de se d\u00e9placer vers les provinces voisines ou d\u2019autres centres.<\/p>\n\n\n\n<p>Ce nouveau espace vise \u00e9galement \u00e0 travailler de mani\u00e8re coordonn\u00e9e et compl\u00e9mentaire avec le centre r\u00e9gional situ\u00e9 dans la ville de Sidi Slimane, afin de garantir la compl\u00e9mentarit\u00e9 des services et d\u2019am\u00e9liorer la qualit\u00e9 de la prise en charge des b\u00e9n\u00e9ficiaires.<\/p>\n\n\n\n<p>De son c\u00f4t\u00e9,&nbsp;le directeur provincial de l\u2019Entraide Nationale de la province de Sidi Slimane, Houcine Ferdaous, a pr\u00e9cis\u00e9 que l\u2019inauguration de ce centre est le fruit d\u2019une coop\u00e9ration et d\u2019un partenariat entre plusieurs intervenants, visant \u00e0 mettre \u00e0 la disposition des personnes \u00e0 besoins sp\u00e9cifiques des services de proximit\u00e9 vitaux et dans diverses sp\u00e9cialit\u00e9s.<\/p>\n\n\n\n<p>Ces services sont \u00e0 m\u00eame de rapprocher et de faciliter l\u2019acc\u00e8s aux aides m\u00e9dicales au profit des personnes \u00e0 besoins sp\u00e9cifiques de la r\u00e9gion, a-t-il ajout\u00e9.<\/p>\n\n\n\n<p>Ce centre constituera une structure sp\u00e9cialis\u00e9e garantissant un accueil et une prise en charge int\u00e9gr\u00e9e pour cette frange de la soci\u00e9t\u00e9 au niveau de la commune rurale de Kceibya, en adoptant une approche participative et de coordination entre les diff\u00e9rents intervenants afin d\u2019am\u00e9liorer les services fournis \u00e0 cette cat\u00e9gorie.<\/p>\n","protected":false},"excerpt":{"rendered":"<p>Dpress Un centre d\u00e9di\u00e9 aux personnes \u00e0 besoins sp\u00e9cifiques a \u00e9t\u00e9 inaugur\u00e9, jeudi \u00e0 la commune de Kceibya relevant de la province de Sidi Slimane, dans le cadre&nbsp;de la troisi\u00e8me phase du programme de soutien aux personnes vuln\u00e9rables de&nbsp;l\u2019Initiative nationale pour le d\u00e9veloppement humain (INDH). Ce centre, dont la c\u00e9r\u00e9monie d\u2019inauguration a \u00e9t\u00e9 pr\u00e9sid\u00e9e par &hellip;<\/p>\n","protected":false},"author":2,"featured_media":28164,"comment_status":"open","ping_status":"open","sticky":false,"template":"","format":"standard","meta":{"footnotes":""},"categories":[40],"tags":[],"class_list":["post-28163","post","type-post","status-publish","format-standard","has-post-thumbnail","hentry","category-societe-et-regions"],"yoast_head":"<!-- This site is optimized with the Yoast SEO plugin v27.5 - https:\/\/yoast.com\/product\/yoast-seo-wordpress\/ -->\n<title>Sidi Slimane : inauguration d\u2019un centre d\u00e9di\u00e9 aux personnes \u00e0 besoins sp\u00e9cifiques \u00e0 la commune de Kceibya - Dpress.ma\/fr<\/title>\n<meta name=\"robots\" content=\"index, follow, max-snippet:-1, max-image-preview:large, max-video-preview:-1\" \/>\n<link rel=\"canonical\" href=\"https:\/\/dpress.ma\/fr\/2026\/04\/10\/sidi-slimane-inauguration-dun-centre-dedie-aux-personnes-a-besoins-specifiques-a-la-commune-de-kceibya\/\" \/>\n<meta property=\"og:locale\" content=\"fr_FR\" \/>\n<meta property=\"og:type\" content=\"article\" \/>\n<meta property=\"og:title\" content=\"Sidi Slimane : inauguration d\u2019un centre d\u00e9di\u00e9 aux personnes \u00e0 besoins sp\u00e9cifiques \u00e0 la commune de Kceibya - Dpress.ma\/fr\" \/>\n<meta property=\"og:description\" content=\"Dpress Un centre d\u00e9di\u00e9 aux personnes \u00e0 besoins sp\u00e9cifiques a \u00e9t\u00e9 inaugur\u00e9, jeudi \u00e0 la commune de Kceibya relevant de la province de Sidi Slimane, dans le cadre&nbsp;de la troisi\u00e8me phase du programme de soutien aux personnes vuln\u00e9rables de&nbsp;l\u2019Initiative nationale pour le d\u00e9veloppement humain (INDH). Ce centre, dont la c\u00e9r\u00e9monie d\u2019inauguration a \u00e9t\u00e9 pr\u00e9sid\u00e9e par &hellip;\" \/>\n<meta property=\"og:url\" content=\"https:\/\/dpress.ma\/fr\/2026\/04\/10\/sidi-slimane-inauguration-dun-centre-dedie-aux-personnes-a-besoins-specifiques-a-la-commune-de-kceibya\/\" \/>\n<meta property=\"og:site_name\" content=\"Dpress.ma\/fr\" \/>\n<meta property=\"article:published_time\" content=\"2026-04-10T09:48:28+00:00\" \/>\n<meta property=\"article:modified_time\" content=\"2026-04-10T09:48:30+00:00\" \/>\n<meta property=\"og:image\" content=\"https:\/\/dpress.ma\/fr\/wp-content\/uploads\/sites\/2\/2026\/04\/45-6.jpg\" \/>\n\t<meta property=\"og:image:width\" content=\"2539\" \/>\n\t<meta property=\"og:image:height\" content=\"1594\" \/>\n\t<meta property=\"og:image:type\" content=\"image\/jpeg\" \/>\n<meta name=\"author\" content=\"Dpress.ma\" \/>\n<meta name=\"twitter:card\" content=\"summary_large_image\" \/>\n<meta name=\"twitter:label1\" content=\"\u00c9crit par\" \/>\n\t<meta name=\"twitter:data1\" content=\"Dpress.ma\" \/>\n\t<meta name=\"twitter:label2\" content=\"Dur\u00e9e de lecture estim\u00e9e\" \/>\n\t<meta name=\"twitter:data2\" content=\"4 minutes\" \/>\n<script type=\"application\/ld+json\" class=\"yoast-schema-graph\">{\"@context\":\"https:\\\/\\\/schema.org\",\"@graph\":[{\"@type\":\"Article\",\"@id\":\"https:\\\/\\\/dpress.ma\\\/fr\\\/2026\\\/04\\\/10\\\/sidi-slimane-inauguration-dun-centre-dedie-aux-personnes-a-besoins-specifiques-a-la-commune-de-kceibya\\\/#article\",\"isPartOf\":{\"@id\":\"https:\\\/\\\/dpress.ma\\\/fr\\\/2026\\\/04\\\/10\\\/sidi-slimane-inauguration-dun-centre-dedie-aux-personnes-a-besoins-specifiques-a-la-commune-de-kceibya\\\/\"},\"author\":{\"name\":\"Dpress.ma\",\"@id\":\"https:\\\/\\\/dpress.ma\\\/fr\\\/#\\\/schema\\\/person\\\/4898febf3ccd59e6578d838656a306a0\"},\"headline\":\"Sidi Slimane : inauguration d\u2019un centre d\u00e9di\u00e9 aux personnes \u00e0 besoins sp\u00e9cifiques \u00e0 la commune de Kceibya\",\"datePublished\":\"2026-04-10T09:48:28+00:00\",\"dateModified\":\"2026-04-10T09:48:30+00:00\",\"mainEntityOfPage\":{\"@id\":\"https:\\\/\\\/dpress.ma\\\/fr\\\/2026\\\/04\\\/10\\\/sidi-slimane-inauguration-dun-centre-dedie-aux-personnes-a-besoins-specifiques-a-la-commune-de-kceibya\\\/\"},\"wordCount\":638,\"commentCount\":0,\"image\":{\"@id\":\"https:\\\/\\\/dpress.ma\\\/fr\\\/2026\\\/04\\\/10\\\/sidi-slimane-inauguration-dun-centre-dedie-aux-personnes-a-besoins-specifiques-a-la-commune-de-kceibya\\\/#primaryimage\"},\"thumbnailUrl\":\"https:\\\/\\\/dpress.ma\\\/fr\\\/wp-content\\\/uploads\\\/sites\\\/2\\\/2026\\\/04\\\/45-6.jpg\",\"articleSection\":[\"societe et regions\"],\"inLanguage\":\"fr-FR\",\"potentialAction\":[{\"@type\":\"CommentAction\",\"name\":\"Comment\",\"target\":[\"https:\\\/\\\/dpress.ma\\\/fr\\\/2026\\\/04\\\/10\\\/sidi-slimane-inauguration-dun-centre-dedie-aux-personnes-a-besoins-specifiques-a-la-commune-de-kceibya\\\/#respond\"]}]},{\"@type\":\"WebPage\",\"@id\":\"https:\\\/\\\/dpress.ma\\\/fr\\\/2026\\\/04\\\/10\\\/sidi-slimane-inauguration-dun-centre-dedie-aux-personnes-a-besoins-specifiques-a-la-commune-de-kceibya\\\/\",\"url\":\"https:\\\/\\\/dpress.ma\\\/fr\\\/2026\\\/04\\\/10\\\/sidi-slimane-inauguration-dun-centre-dedie-aux-personnes-a-besoins-specifiques-a-la-commune-de-kceibya\\\/\",\"name\":\"Sidi Slimane : inauguration d\u2019un centre d\u00e9di\u00e9 aux personnes \u00e0 besoins sp\u00e9cifiques \u00e0 la commune de Kceibya - Dpress.ma\\\/fr\",\"isPartOf\":{\"@id\":\"https:\\\/\\\/dpress.ma\\\/fr\\\/#website\"},\"primaryImageOfPage\":{\"@id\":\"https:\\\/\\\/dpress.ma\\\/fr\\\/2026\\\/04\\\/10\\\/sidi-slimane-inauguration-dun-centre-dedie-aux-personnes-a-besoins-specifiques-a-la-commune-de-kceibya\\\/#primaryimage\"},\"image\":{\"@id\":\"https:\\\/\\\/dpress.ma\\\/fr\\\/2026\\\/04\\\/10\\\/sidi-slimane-inauguration-dun-centre-dedie-aux-personnes-a-besoins-specifiques-a-la-commune-de-kceibya\\\/#primaryimage\"},\"thumbnailUrl\":\"https:\\\/\\\/dpress.ma\\\/fr\\\/wp-content\\\/uploads\\\/sites\\\/2\\\/2026\\\/04\\\/45-6.jpg\",\"datePublished\":\"2026-04-10T09:48:28+00:00\",\"dateModified\":\"2026-04-10T09:48:30+00:00\",\"author\":{\"@id\":\"https:\\\/\\\/dpress.ma\\\/fr\\\/#\\\/schema\\\/person\\\/4898febf3ccd59e6578d838656a306a0\"},\"breadcrumb\":{\"@id\":\"https:\\\/\\\/dpress.ma\\\/fr\\\/2026\\\/04\\\/10\\\/sidi-slimane-inauguration-dun-centre-dedie-aux-personnes-a-besoins-specifiques-a-la-commune-de-kceibya\\\/#breadcrumb\"},\"inLanguage\":\"fr-FR\",\"potentialAction\":[{\"@type\":\"ReadAction\",\"target\":[\"https:\\\/\\\/dpress.ma\\\/fr\\\/2026\\\/04\\\/10\\\/sidi-slimane-inauguration-dun-centre-dedie-aux-personnes-a-besoins-specifiques-a-la-commune-de-kceibya\\\/\"]}]},{\"@type\":\"ImageObject\",\"inLanguage\":\"fr-FR\",\"@id\":\"https:\\\/\\\/dpress.ma\\\/fr\\\/2026\\\/04\\\/10\\\/sidi-slimane-inauguration-dun-centre-dedie-aux-personnes-a-besoins-specifiques-a-la-commune-de-kceibya\\\/#primaryimage\",\"url\":\"https:\\\/\\\/dpress.ma\\\/fr\\\/wp-content\\\/uploads\\\/sites\\\/2\\\/2026\\\/04\\\/45-6.jpg\",\"contentUrl\":\"https:\\\/\\\/dpress.ma\\\/fr\\\/wp-content\\\/uploads\\\/sites\\\/2\\\/2026\\\/04\\\/45-6.jpg\",\"width\":2539,\"height\":1594},{\"@type\":\"BreadcrumbList\",\"@id\":\"https:\\\/\\\/dpress.ma\\\/fr\\\/2026\\\/04\\\/10\\\/sidi-slimane-inauguration-dun-centre-dedie-aux-personnes-a-besoins-specifiques-a-la-commune-de-kceibya\\\/#breadcrumb\",\"itemListElement\":[{\"@type\":\"ListItem\",\"position\":1,\"name\":\"Home\",\"item\":\"https:\\\/\\\/dpress.ma\\\/fr\\\/\"},{\"@type\":\"ListItem\",\"position\":2,\"name\":\"Sidi Slimane : inauguration d\u2019un centre d\u00e9di\u00e9 aux personnes \u00e0 besoins sp\u00e9cifiques \u00e0 la commune de Kceibya\"}]},{\"@type\":\"WebSite\",\"@id\":\"https:\\\/\\\/dpress.ma\\\/fr\\\/#website\",\"url\":\"https:\\\/\\\/dpress.ma\\\/fr\\\/\",\"name\":\"Dpress.ma\\\/fr\",\"description\":\"\",\"potentialAction\":[{\"@type\":\"SearchAction\",\"target\":{\"@type\":\"EntryPoint\",\"urlTemplate\":\"https:\\\/\\\/dpress.ma\\\/fr\\\/?s={search_term_string}\"},\"query-input\":{\"@type\":\"PropertyValueSpecification\",\"valueRequired\":true,\"valueName\":\"search_term_string\"}}],\"inLanguage\":\"fr-FR\"},{\"@type\":\"Person\",\"@id\":\"https:\\\/\\\/dpress.ma\\\/fr\\\/#\\\/schema\\\/person\\\/4898febf3ccd59e6578d838656a306a0\",\"name\":\"Dpress.ma\",\"image\":{\"@type\":\"ImageObject\",\"inLanguage\":\"fr-FR\",\"@id\":\"https:\\\/\\\/secure.gravatar.com\\\/avatar\\\/72ecc30e9db047a2e0e7176561eb9d564ed77c8108376495b19bd8336405198a?s=96&d=mm&r=g\",\"url\":\"https:\\\/\\\/secure.gravatar.com\\\/avatar\\\/72ecc30e9db047a2e0e7176561eb9d564ed77c8108376495b19bd8336405198a?s=96&d=mm&r=g\",\"contentUrl\":\"https:\\\/\\\/secure.gravatar.com\\\/avatar\\\/72ecc30e9db047a2e0e7176561eb9d564ed77c8108376495b19bd8336405198a?s=96&d=mm&r=g\",\"caption\":\"Dpress.ma\"},\"sameAs\":[\"https:\\\/\\\/www.dpress.ma\"],\"url\":\"https:\\\/\\\/dpress.ma\\\/fr\\\/author\\\/dpress-ma\\\/\"}]}<\/script>\n<!-- \/ Yoast SEO plugin. -->","yoast_head_json":{"title":"Sidi Slimane : inauguration d\u2019un centre d\u00e9di\u00e9 aux personnes \u00e0 besoins sp\u00e9cifiques \u00e0 la commune de Kceibya - Dpress.ma\/fr","robots":{"index":"index","follow":"follow","max-snippet":"max-snippet:-1","max-image-preview":"max-image-preview:large","max-video-preview":"max-video-preview:-1"},"canonical":"https:\/\/dpress.ma\/fr\/2026\/04\/10\/sidi-slimane-inauguration-dun-centre-dedie-aux-personnes-a-besoins-specifiques-a-la-commune-de-kceibya\/","og_locale":"fr_FR","og_type":"article","og_title":"Sidi Slimane : inauguration d\u2019un centre d\u00e9di\u00e9 aux personnes \u00e0 besoins sp\u00e9cifiques \u00e0 la commune de Kceibya - Dpress.ma\/fr","og_description":"Dpress Un centre d\u00e9di\u00e9 aux personnes \u00e0 besoins sp\u00e9cifiques a \u00e9t\u00e9 inaugur\u00e9, jeudi \u00e0 la commune de Kceibya relevant de la province de Sidi Slimane, dans le cadre&nbsp;de la troisi\u00e8me phase du programme de soutien aux personnes vuln\u00e9rables de&nbsp;l\u2019Initiative nationale pour le d\u00e9veloppement humain (INDH). Ce centre, dont la c\u00e9r\u00e9monie d\u2019inauguration a \u00e9t\u00e9 pr\u00e9sid\u00e9e par &hellip;","og_url":"https:\/\/dpress.ma\/fr\/2026\/04\/10\/sidi-slimane-inauguration-dun-centre-dedie-aux-personnes-a-besoins-specifiques-a-la-commune-de-kceibya\/","og_site_name":"Dpress.ma\/fr","article_published_time":"2026-04-10T09:48:28+00:00","article_modified_time":"2026-04-10T09:48:30+00:00","og_image":[{"width":2539,"height":1594,"url":"https:\/\/dpress.ma\/fr\/wp-content\/uploads\/sites\/2\/2026\/04\/45-6.jpg","type":"image\/jpeg"}],"author":"Dpress.ma","twitter_card":"summary_large_image","twitter_misc":{"\u00c9crit par":"Dpress.ma","Dur\u00e9e de lecture estim\u00e9e":"4 minutes"},"schema":{"@context":"https:\/\/schema.org","@graph":[{"@type":"Article","@id":"https:\/\/dpress.ma\/fr\/2026\/04\/10\/sidi-slimane-inauguration-dun-centre-dedie-aux-personnes-a-besoins-specifiques-a-la-commune-de-kceibya\/#article","isPartOf":{"@id":"https:\/\/dpress.ma\/fr\/2026\/04\/10\/sidi-slimane-inauguration-dun-centre-dedie-aux-personnes-a-besoins-specifiques-a-la-commune-de-kceibya\/"},"author":{"name":"Dpress.ma","@id":"https:\/\/dpress.ma\/fr\/#\/schema\/person\/4898febf3ccd59e6578d838656a306a0"},"headline":"Sidi Slimane : inauguration d\u2019un centre d\u00e9di\u00e9 aux personnes \u00e0 besoins sp\u00e9cifiques \u00e0 la commune de Kceibya","datePublished":"2026-04-10T09:48:28+00:00","dateModified":"2026-04-10T09:48:30+00:00","mainEntityOfPage":{"@id":"https:\/\/dpress.ma\/fr\/2026\/04\/10\/sidi-slimane-inauguration-dun-centre-dedie-aux-personnes-a-besoins-specifiques-a-la-commune-de-kceibya\/"},"wordCount":638,"commentCount":0,"image":{"@id":"https:\/\/dpress.ma\/fr\/2026\/04\/10\/sidi-slimane-inauguration-dun-centre-dedie-aux-personnes-a-besoins-specifiques-a-la-commune-de-kceibya\/#primaryimage"},"thumbnailUrl":"https:\/\/dpress.ma\/fr\/wp-content\/uploads\/sites\/2\/2026\/04\/45-6.jpg","articleSection":["societe et regions"],"inLanguage":"fr-FR","potentialAction":[{"@type":"CommentAction","name":"Comment","target":["https:\/\/dpress.ma\/fr\/2026\/04\/10\/sidi-slimane-inauguration-dun-centre-dedie-aux-personnes-a-besoins-specifiques-a-la-commune-de-kceibya\/#respond"]}]},{"@type":"WebPage","@id":"https:\/\/dpress.ma\/fr\/2026\/04\/10\/sidi-slimane-inauguration-dun-centre-dedie-aux-personnes-a-besoins-specifiques-a-la-commune-de-kceibya\/","url":"https:\/\/dpress.ma\/fr\/2026\/04\/10\/sidi-slimane-inauguration-dun-centre-dedie-aux-personnes-a-besoins-specifiques-a-la-commune-de-kceibya\/","name":"Sidi Slimane : inauguration d\u2019un centre d\u00e9di\u00e9 aux personnes \u00e0 besoins sp\u00e9cifiques \u00e0 la commune de Kceibya - Dpress.ma\/fr","isPartOf":{"@id":"https:\/\/dpress.ma\/fr\/#website"},"primaryImageOfPage":{"@id":"https:\/\/dpress.ma\/fr\/2026\/04\/10\/sidi-slimane-inauguration-dun-centre-dedie-aux-personnes-a-besoins-specifiques-a-la-commune-de-kceibya\/#primaryimage"},"image":{"@id":"https:\/\/dpress.ma\/fr\/2026\/04\/10\/sidi-slimane-inauguration-dun-centre-dedie-aux-personnes-a-besoins-specifiques-a-la-commune-de-kceibya\/#primaryimage"},"thumbnailUrl":"https:\/\/dpress.ma\/fr\/wp-content\/uploads\/sites\/2\/2026\/04\/45-6.jpg","datePublished":"2026-04-10T09:48:28+00:00","dateModified":"2026-04-10T09:48:30+00:00","author":{"@id":"https:\/\/dpress.ma\/fr\/#\/schema\/person\/4898febf3ccd59e6578d838656a306a0"},"breadcrumb":{"@id":"https:\/\/dpress.ma\/fr\/2026\/04\/10\/sidi-slimane-inauguration-dun-centre-dedie-aux-personnes-a-besoins-specifiques-a-la-commune-de-kceibya\/#breadcrumb"},"inLanguage":"fr-FR","potentialAction":[{"@type":"ReadAction","target":["https:\/\/dpress.ma\/fr\/2026\/04\/10\/sidi-slimane-inauguration-dun-centre-dedie-aux-personnes-a-besoins-specifiques-a-la-commune-de-kceibya\/"]}]},{"@type":"ImageObject","inLanguage":"fr-FR","@id":"https:\/\/dpress.ma\/fr\/2026\/04\/10\/sidi-slimane-inauguration-dun-centre-dedie-aux-personnes-a-besoins-specifiques-a-la-commune-de-kceibya\/#primaryimage","url":"https:\/\/dpress.ma\/fr\/wp-content\/uploads\/sites\/2\/2026\/04\/45-6.jpg","contentUrl":"https:\/\/dpress.ma\/fr\/wp-content\/uploads\/sites\/2\/2026\/04\/45-6.jpg","width":2539,"height":1594},{"@type":"BreadcrumbList","@id":"https:\/\/dpress.ma\/fr\/2026\/04\/10\/sidi-slimane-inauguration-dun-centre-dedie-aux-personnes-a-besoins-specifiques-a-la-commune-de-kceibya\/#breadcrumb","itemListElement":[{"@type":"ListItem","position":1,"name":"Home","item":"https:\/\/dpress.ma\/fr\/"},{"@type":"ListItem","position":2,"name":"Sidi Slimane : inauguration d\u2019un centre d\u00e9di\u00e9 aux personnes \u00e0 besoins sp\u00e9cifiques \u00e0 la commune de Kceibya"}]},{"@type":"WebSite","@id":"https:\/\/dpress.ma\/fr\/#website","url":"https:\/\/dpress.ma\/fr\/","name":"Dpress.ma\/fr","description":"","potentialAction":[{"@type":"SearchAction","target":{"@type":"EntryPoint","urlTemplate":"https:\/\/dpress.ma\/fr\/?s={search_term_string}"},"query-input":{"@type":"PropertyValueSpecification","valueRequired":true,"valueName":"search_term_string"}}],"inLanguage":"fr-FR"},{"@type":"Person","@id":"https:\/\/dpress.ma\/fr\/#\/schema\/person\/4898febf3ccd59e6578d838656a306a0","name":"Dpress.ma","image":{"@type":"ImageObject","inLanguage":"fr-FR","@id":"https:\/\/secure.gravatar.com\/avatar\/72ecc30e9db047a2e0e7176561eb9d564ed77c8108376495b19bd8336405198a?s=96&d=mm&r=g","url":"https:\/\/secure.gravatar.com\/avatar\/72ecc30e9db047a2e0e7176561eb9d564ed77c8108376495b19bd8336405198a?s=96&d=mm&r=g","contentUrl":"https:\/\/secure.gravatar.com\/avatar\/72ecc30e9db047a2e0e7176561eb9d564ed77c8108376495b19bd8336405198a?s=96&d=mm&r=g","caption":"Dpress.ma"},"sameAs":["https:\/\/www.dpress.ma"],"url":"https:\/\/dpress.ma\/fr\/author\/dpress-ma\/"}]}},"amp_enabled":true,"_links":{"self":[{"href":"https:\/\/dpress.ma\/fr\/wp-json\/wp\/v2\/posts\/28163","targetHints":{"allow":["GET"]}}],"collection":[{"href":"https:\/\/dpress.ma\/fr\/wp-json\/wp\/v2\/posts"}],"about":[{"href":"https:\/\/dpress.ma\/fr\/wp-json\/wp\/v2\/types\/post"}],"author":[{"embeddable":true,"href":"https:\/\/dpress.ma\/fr\/wp-json\/wp\/v2\/users\/2"}],"replies":[{"embeddable":true,"href":"https:\/\/dpress.ma\/fr\/wp-json\/wp\/v2\/comments?post=28163"}],"version-history":[{"count":1,"href":"https:\/\/dpress.ma\/fr\/wp-json\/wp\/v2\/posts\/28163\/revisions"}],"predecessor-version":[{"id":28165,"href":"https:\/\/dpress.ma\/fr\/wp-json\/wp\/v2\/posts\/28163\/revisions\/28165"}],"wp:featuredmedia":[{"embeddable":true,"href":"https:\/\/dpress.ma\/fr\/wp-json\/wp\/v2\/media\/28164"}],"wp:attachment":[{"href":"https:\/\/dpress.ma\/fr\/wp-json\/wp\/v2\/media?parent=28163"}],"wp:term":[{"taxonomy":"category","embeddable":true,"href":"https:\/\/dpress.ma\/fr\/wp-json\/wp\/v2\/categories?post=28163"},{"taxonomy":"post_tag","embeddable":true,"href":"https:\/\/dpress.ma\/fr\/wp-json\/wp\/v2\/tags?post=28163"}],"curies":[{"name":"wp","href":"https:\/\/api.w.org\/{rel}","templated":true}]}}