{"id":28160,"date":"2026-04-10T09:43:58","date_gmt":"2026-04-10T09:43:58","guid":{"rendered":"https:\/\/dpress.ma\/fr\/?p=28160"},"modified":"2026-04-10T09:43:59","modified_gmt":"2026-04-10T09:43:59","slug":"le-digital-appele-a-devenir-un-levier-strategique-du-developpement-economique-et-social","status":"publish","type":"post","link":"https:\/\/dpress.ma\/fr\/2026\/04\/10\/le-digital-appele-a-devenir-un-levier-strategique-du-developpement-economique-et-social\/","title":{"rendered":"Le digital appel\u00e9 \u00e0 devenir un levier strat\u00e9gique du d\u00e9veloppement \u00e9conomique et social"},"content":{"rendered":"\n<p>Dpress<\/p>\n\n\n\n<p>Le digital est appel\u00e9 \u00e0 devenir un levier de d\u00e9veloppement \u00e9conomique et social conciliant modernit\u00e9 num\u00e9rique, int\u00e9r\u00eat g\u00e9n\u00e9ral, souverainet\u00e9 culturelle et soutenabilit\u00e9 d\u00e9mocratique, a indiqu\u00e9, jeudi \u00e0 Rabat, la pr\u00e9sidente de la Haute Autorit\u00e9 de la Communication Audiovisuelle (HACA), Latifa Akharbach.<\/p>\n\n\n\n<p>S\u2019exprimant \u00e0 l\u2019occasion d\u2019une conf\u00e9rence organis\u00e9e par l\u2019Ecole Nationale Sup\u00e9rieure d\u2019Administration (ENSA) sous le th\u00e8me \u201cL\u2019espace m\u00e9diatique comme espace public: Enjeux de r\u00e9gulation, de libert\u00e9 et de protection de l\u2019int\u00e9r\u00eat g\u00e9n\u00e9ral\u201d, Mme Akharbach a mis en lumi\u00e8re les principales ruptures induites par le digital, notamment la d\u00e9sinterm\u00e9diation de l\u2019acc\u00e8s \u00e0 l\u2019information, l\u2019acc\u00e9l\u00e9ration du temps m\u00e9diatique, la mont\u00e9e en puissance des grandes plateformes comme acteurs structurants de l\u2019espace public et la fragmentation croissante des publics.<\/p>\n\n\n\n<p>Elle a ainsi soulign\u00e9 que ces mutations ont contribu\u00e9 \u00e0 l\u2019essor de la d\u00e9sinformation, \u00e0 la fragilisation du journalisme professionnel et \u00e0 l\u2019\u00e9mergence de nouvelles logiques de visibilit\u00e9 et de l\u00e9gitimit\u00e9 de la parole publique, relevant que celles-ci s\u2019inscrivent dans un contexte marqu\u00e9 par un d\u00e9s\u00e9quilibre croissant entre vitesse et r\u00e9flexion, o\u00f9 la r\u00e9action pr\u00e9vaut sur l\u2019analyse et o\u00f9 le commentaire pr\u00e9c\u00e8de fr\u00e9quemment la v\u00e9rification de l\u2019information.<\/p>\n\n\n\n<p>De m\u00eame, la pr\u00e9sidente de la HACA a fait savoir que l\u2019espace public m\u00e9diatique conna\u00eet une transformation profonde \u00e0 l\u2019\u00e8re num\u00e9rique, qualifiant cette \u00e9volution de \u201cquestion d\u2019une acuit\u00e9 particuli\u00e8re\u201d, tant au niveau national, o\u00f9 elle se situe au c\u0153ur des pr\u00e9occupations, qu\u2019au regard des d\u00e9bats mondiaux sur la d\u00e9mocratie, l\u2019information et la coh\u00e9sion sociale.<\/p>\n\n\n\n<p>Et d\u2019ajouter que cet espace \u201cne saurait \u00eatre r\u00e9duit \u00e0 un simple canal de diffusion des discours, ni \u00e0 un accessoire de la vie d\u00e9mocratique\u201d, le qualifiant plut\u00f4t de \u201cv\u00e9ritable infrastructure civique essentielle\u201d.<\/p>\n\n\n\n<p>Mme Akharbach a \u00e9galement mis en garde contre le r\u00f4le structurant des algorithmes, pr\u00e9cisant que ces derniers ne sont pas neutres, dans la mesure o\u00f9 ils hi\u00e9rarchisent et valorisent les contenus selon leurs propres logiques, imposant des mod\u00e8les fond\u00e9s sur l\u2019\u00e9motion et le sensationnalisme, au d\u00e9triment de la pens\u00e9e complexe et du d\u00e9bat \u00e9clair\u00e9.<\/p>\n\n\n\n<p>Par ailleurs, elle a observ\u00e9 une transformation profonde des m\u00e9canismes de l\u00e9gitimit\u00e9 dans l\u2019espace m\u00e9diatique, soulignant qu&rsquo;\u201dalors que la l\u00e9gitimit\u00e9 reposait auparavant sur l\u2019expertise et l\u2019autorit\u00e9 institutionnelle, elle tend aujourd\u2019hui \u00e0 \u00eatre conditionn\u00e9e par la viralit\u00e9 et la performance algorithmique\u201d.<\/p>\n\n\n\n<p>S\u2019appuyant sur des donn\u00e9es r\u00e9centes, Mme Akharbach a fait \u00e9tat de pr\u00e8s de 78% des Marocains s\u2019informant d\u00e9sormais en ligne, dont 60% via les r\u00e9seaux sociaux, ainsi que de 58% d\u2019entre eux exprimant des inqui\u00e9tudes quant \u00e0 leur capacit\u00e9 \u00e0 distinguer le vrai du faux.<\/p>\n\n\n\n<p>Elle a, par ailleurs, affirm\u00e9 que la HACA consid\u00e8re qu\u2019il y a d\u00e9sormais dans notre pays une conscience collective de la n\u00e9cessit\u00e9 d\u2019adopter une approche renouvel\u00e9e de la r\u00e9gulation. Cette approche, a-t-elle dit, \u201cdevrait \u00eatre fond\u00e9e sur une r\u00e9ponse syst\u00e9mique contre la d\u00e9sinformation, le renforcement des m\u00e9dias d\u2019int\u00e9r\u00eat g\u00e9n\u00e9ral et de l\u2019audiovisuel public, ainsi que la promotion de la litt\u00e9ratie m\u00e9diatique et num\u00e9rique\u201d.<\/p>\n\n\n\n<p>Mme Akharbach a salu\u00e9 la trajectoire num\u00e9rique \u201cambitieuse et volontariste\u201d engag\u00e9e par le Maroc, mettant l\u2019accent sur la n\u00e9cessit\u00e9 d&rsquo;\u201dadosser cette agilit\u00e9 op\u00e9rationnelle \u00e0 une r\u00e9flexion strat\u00e9gique renouvel\u00e9e\u201d, \u00e0 m\u00eame d\u2019assurer un \u00e9quilibre entre innovation technologique, qualit\u00e9 de l\u2019information et pr\u00e9servation des valeurs d\u00e9mocratiques.<\/p>\n\n\n\n<p>De son c\u00f4t\u00e9, la directrice g\u00e9n\u00e9rale de l\u2019ENSA, Nada Biaz, a affirm\u00e9, dans une d\u00e9claration \u00e0 la MAP, que cette rencontre s\u2019inscrit dans le cadre d\u2019une s\u00e9rie de conf\u00e9rences qui consacrent le r\u00f4le de l\u2019\u00c9cole comme plateforme de d\u00e9bat public et d\u2019analyses sur des sujets d\u2019actualit\u00e9 et d\u2019importance strat\u00e9gique.<\/p>\n\n\n\n<p>Le d\u00e9veloppement dans les technologies de l\u2019intelligence artificielle et des r\u00e9seaux sociaux, entra\u00eenant un flux d\u2019informations, qu\u2019elles soient vraies ou fausses, confirme l\u2019importance de la r\u00e9gulation, du contr\u00f4le et d\u2019une bonne gouvernance dans le domaine de la gestion de l\u2019information et de la communication, a estim\u00e9 Mme Biaz.<\/p>\n\n\n\n<p>Le cycle de conf\u00e9rence \u201cJeud\u2019ENSA\u201d s\u2019inscrit dans la volont\u00e9 de l\u2019ENSA de contribuer \u00e0 l\u2019instauration d\u2019un espace permanent de r\u00e9flexion strat\u00e9gique, de dialogue institutionnel et de partage d\u2019exp\u00e9riences autour des grands enjeux de l\u2019action publique.<\/p>\n\n\n\n<p>Ce cycle est con\u00e7u comme une plateforme de d\u00e9bat r\u00e9unissant d\u00e9cideurs publics, responsables politiques, experts nationaux et internationaux, enseignants chercheurs et hauts cadres de l\u2019administration.<\/p>\n","protected":false},"excerpt":{"rendered":"<p>Dpress Le digital est appel\u00e9 \u00e0 devenir un levier de d\u00e9veloppement \u00e9conomique et social conciliant modernit\u00e9 num\u00e9rique, int\u00e9r\u00eat g\u00e9n\u00e9ral, souverainet\u00e9 culturelle et soutenabilit\u00e9 d\u00e9mocratique, a indiqu\u00e9, jeudi \u00e0 Rabat, la pr\u00e9sidente de la Haute Autorit\u00e9 de la Communication Audiovisuelle (HACA), Latifa Akharbach. S\u2019exprimant \u00e0 l\u2019occasion d\u2019une conf\u00e9rence organis\u00e9e par l\u2019Ecole Nationale Sup\u00e9rieure d\u2019Administration (ENSA) sous &hellip;<\/p>\n","protected":false},"author":2,"featured_media":28161,"comment_status":"open","ping_status":"open","sticky":false,"template":"","format":"standard","meta":{"footnotes":""},"categories":[41],"tags":[],"class_list":["post-28160","post","type-post","status-publish","format-standard","has-post-thumbnail","hentry","category-opinions-et-debats"],"yoast_head":"<!-- This site is optimized with the Yoast SEO plugin v27.5 - https:\/\/yoast.com\/product\/yoast-seo-wordpress\/ -->\n<title>Le digital appel\u00e9 \u00e0 devenir un levier strat\u00e9gique du d\u00e9veloppement \u00e9conomique et social - Dpress.ma\/fr<\/title>\n<meta name=\"robots\" content=\"index, follow, max-snippet:-1, max-image-preview:large, max-video-preview:-1\" \/>\n<link rel=\"canonical\" href=\"https:\/\/dpress.ma\/fr\/2026\/04\/10\/le-digital-appele-a-devenir-un-levier-strategique-du-developpement-economique-et-social\/\" \/>\n<meta property=\"og:locale\" content=\"fr_FR\" \/>\n<meta property=\"og:type\" content=\"article\" \/>\n<meta property=\"og:title\" content=\"Le digital appel\u00e9 \u00e0 devenir un levier strat\u00e9gique du d\u00e9veloppement \u00e9conomique et social - Dpress.ma\/fr\" \/>\n<meta property=\"og:description\" content=\"Dpress Le digital est appel\u00e9 \u00e0 devenir un levier de d\u00e9veloppement \u00e9conomique et social conciliant modernit\u00e9 num\u00e9rique, int\u00e9r\u00eat g\u00e9n\u00e9ral, souverainet\u00e9 culturelle et soutenabilit\u00e9 d\u00e9mocratique, a indiqu\u00e9, jeudi \u00e0 Rabat, la pr\u00e9sidente de la Haute Autorit\u00e9 de la Communication Audiovisuelle (HACA), Latifa Akharbach. S\u2019exprimant \u00e0 l\u2019occasion d\u2019une conf\u00e9rence organis\u00e9e par l\u2019Ecole Nationale Sup\u00e9rieure d\u2019Administration (ENSA) sous &hellip;\" \/>\n<meta property=\"og:url\" content=\"https:\/\/dpress.ma\/fr\/2026\/04\/10\/le-digital-appele-a-devenir-un-levier-strategique-du-developpement-economique-et-social\/\" \/>\n<meta property=\"og:site_name\" content=\"Dpress.ma\/fr\" \/>\n<meta property=\"article:published_time\" content=\"2026-04-10T09:43:58+00:00\" \/>\n<meta property=\"article:modified_time\" content=\"2026-04-10T09:43:59+00:00\" \/>\n<meta property=\"og:image\" content=\"https:\/\/dpress.ma\/fr\/wp-content\/uploads\/sites\/2\/2026\/04\/42-6.jpg\" \/>\n\t<meta property=\"og:image:width\" content=\"2539\" \/>\n\t<meta property=\"og:image:height\" content=\"1594\" \/>\n\t<meta property=\"og:image:type\" content=\"image\/jpeg\" \/>\n<meta name=\"author\" content=\"Dpress.ma\" \/>\n<meta name=\"twitter:card\" content=\"summary_large_image\" \/>\n<meta name=\"twitter:label1\" content=\"\u00c9crit par\" \/>\n\t<meta name=\"twitter:data1\" content=\"Dpress.ma\" \/>\n\t<meta name=\"twitter:label2\" content=\"Dur\u00e9e de lecture estim\u00e9e\" \/>\n\t<meta name=\"twitter:data2\" content=\"4 minutes\" \/>\n<script type=\"application\/ld+json\" class=\"yoast-schema-graph\">{\"@context\":\"https:\\\/\\\/schema.org\",\"@graph\":[{\"@type\":\"Article\",\"@id\":\"https:\\\/\\\/dpress.ma\\\/fr\\\/2026\\\/04\\\/10\\\/le-digital-appele-a-devenir-un-levier-strategique-du-developpement-economique-et-social\\\/#article\",\"isPartOf\":{\"@id\":\"https:\\\/\\\/dpress.ma\\\/fr\\\/2026\\\/04\\\/10\\\/le-digital-appele-a-devenir-un-levier-strategique-du-developpement-economique-et-social\\\/\"},\"author\":{\"name\":\"Dpress.ma\",\"@id\":\"https:\\\/\\\/dpress.ma\\\/fr\\\/#\\\/schema\\\/person\\\/4898febf3ccd59e6578d838656a306a0\"},\"headline\":\"Le digital appel\u00e9 \u00e0 devenir un levier strat\u00e9gique du d\u00e9veloppement \u00e9conomique et social\",\"datePublished\":\"2026-04-10T09:43:58+00:00\",\"dateModified\":\"2026-04-10T09:43:59+00:00\",\"mainEntityOfPage\":{\"@id\":\"https:\\\/\\\/dpress.ma\\\/fr\\\/2026\\\/04\\\/10\\\/le-digital-appele-a-devenir-un-levier-strategique-du-developpement-economique-et-social\\\/\"},\"wordCount\":847,\"commentCount\":0,\"image\":{\"@id\":\"https:\\\/\\\/dpress.ma\\\/fr\\\/2026\\\/04\\\/10\\\/le-digital-appele-a-devenir-un-levier-strategique-du-developpement-economique-et-social\\\/#primaryimage\"},\"thumbnailUrl\":\"https:\\\/\\\/dpress.ma\\\/fr\\\/wp-content\\\/uploads\\\/sites\\\/2\\\/2026\\\/04\\\/42-6.jpg\",\"articleSection\":[\"opinions-et-debats\"],\"inLanguage\":\"fr-FR\",\"potentialAction\":[{\"@type\":\"CommentAction\",\"name\":\"Comment\",\"target\":[\"https:\\\/\\\/dpress.ma\\\/fr\\\/2026\\\/04\\\/10\\\/le-digital-appele-a-devenir-un-levier-strategique-du-developpement-economique-et-social\\\/#respond\"]}]},{\"@type\":\"WebPage\",\"@id\":\"https:\\\/\\\/dpress.ma\\\/fr\\\/2026\\\/04\\\/10\\\/le-digital-appele-a-devenir-un-levier-strategique-du-developpement-economique-et-social\\\/\",\"url\":\"https:\\\/\\\/dpress.ma\\\/fr\\\/2026\\\/04\\\/10\\\/le-digital-appele-a-devenir-un-levier-strategique-du-developpement-economique-et-social\\\/\",\"name\":\"Le digital appel\u00e9 \u00e0 devenir un levier strat\u00e9gique du d\u00e9veloppement \u00e9conomique et social - Dpress.ma\\\/fr\",\"isPartOf\":{\"@id\":\"https:\\\/\\\/dpress.ma\\\/fr\\\/#website\"},\"primaryImageOfPage\":{\"@id\":\"https:\\\/\\\/dpress.ma\\\/fr\\\/2026\\\/04\\\/10\\\/le-digital-appele-a-devenir-un-levier-strategique-du-developpement-economique-et-social\\\/#primaryimage\"},\"image\":{\"@id\":\"https:\\\/\\\/dpress.ma\\\/fr\\\/2026\\\/04\\\/10\\\/le-digital-appele-a-devenir-un-levier-strategique-du-developpement-economique-et-social\\\/#primaryimage\"},\"thumbnailUrl\":\"https:\\\/\\\/dpress.ma\\\/fr\\\/wp-content\\\/uploads\\\/sites\\\/2\\\/2026\\\/04\\\/42-6.jpg\",\"datePublished\":\"2026-04-10T09:43:58+00:00\",\"dateModified\":\"2026-04-10T09:43:59+00:00\",\"author\":{\"@id\":\"https:\\\/\\\/dpress.ma\\\/fr\\\/#\\\/schema\\\/person\\\/4898febf3ccd59e6578d838656a306a0\"},\"breadcrumb\":{\"@id\":\"https:\\\/\\\/dpress.ma\\\/fr\\\/2026\\\/04\\\/10\\\/le-digital-appele-a-devenir-un-levier-strategique-du-developpement-economique-et-social\\\/#breadcrumb\"},\"inLanguage\":\"fr-FR\",\"potentialAction\":[{\"@type\":\"ReadAction\",\"target\":[\"https:\\\/\\\/dpress.ma\\\/fr\\\/2026\\\/04\\\/10\\\/le-digital-appele-a-devenir-un-levier-strategique-du-developpement-economique-et-social\\\/\"]}]},{\"@type\":\"ImageObject\",\"inLanguage\":\"fr-FR\",\"@id\":\"https:\\\/\\\/dpress.ma\\\/fr\\\/2026\\\/04\\\/10\\\/le-digital-appele-a-devenir-un-levier-strategique-du-developpement-economique-et-social\\\/#primaryimage\",\"url\":\"https:\\\/\\\/dpress.ma\\\/fr\\\/wp-content\\\/uploads\\\/sites\\\/2\\\/2026\\\/04\\\/42-6.jpg\",\"contentUrl\":\"https:\\\/\\\/dpress.ma\\\/fr\\\/wp-content\\\/uploads\\\/sites\\\/2\\\/2026\\\/04\\\/42-6.jpg\",\"width\":2539,\"height\":1594},{\"@type\":\"BreadcrumbList\",\"@id\":\"https:\\\/\\\/dpress.ma\\\/fr\\\/2026\\\/04\\\/10\\\/le-digital-appele-a-devenir-un-levier-strategique-du-developpement-economique-et-social\\\/#breadcrumb\",\"itemListElement\":[{\"@type\":\"ListItem\",\"position\":1,\"name\":\"Home\",\"item\":\"https:\\\/\\\/dpress.ma\\\/fr\\\/\"},{\"@type\":\"ListItem\",\"position\":2,\"name\":\"Le digital appel\u00e9 \u00e0 devenir un levier strat\u00e9gique du d\u00e9veloppement \u00e9conomique et social\"}]},{\"@type\":\"WebSite\",\"@id\":\"https:\\\/\\\/dpress.ma\\\/fr\\\/#website\",\"url\":\"https:\\\/\\\/dpress.ma\\\/fr\\\/\",\"name\":\"Dpress.ma\\\/fr\",\"description\":\"\",\"potentialAction\":[{\"@type\":\"SearchAction\",\"target\":{\"@type\":\"EntryPoint\",\"urlTemplate\":\"https:\\\/\\\/dpress.ma\\\/fr\\\/?s={search_term_string}\"},\"query-input\":{\"@type\":\"PropertyValueSpecification\",\"valueRequired\":true,\"valueName\":\"search_term_string\"}}],\"inLanguage\":\"fr-FR\"},{\"@type\":\"Person\",\"@id\":\"https:\\\/\\\/dpress.ma\\\/fr\\\/#\\\/schema\\\/person\\\/4898febf3ccd59e6578d838656a306a0\",\"name\":\"Dpress.ma\",\"image\":{\"@type\":\"ImageObject\",\"inLanguage\":\"fr-FR\",\"@id\":\"https:\\\/\\\/secure.gravatar.com\\\/avatar\\\/72ecc30e9db047a2e0e7176561eb9d564ed77c8108376495b19bd8336405198a?s=96&d=mm&r=g\",\"url\":\"https:\\\/\\\/secure.gravatar.com\\\/avatar\\\/72ecc30e9db047a2e0e7176561eb9d564ed77c8108376495b19bd8336405198a?s=96&d=mm&r=g\",\"contentUrl\":\"https:\\\/\\\/secure.gravatar.com\\\/avatar\\\/72ecc30e9db047a2e0e7176561eb9d564ed77c8108376495b19bd8336405198a?s=96&d=mm&r=g\",\"caption\":\"Dpress.ma\"},\"sameAs\":[\"https:\\\/\\\/www.dpress.ma\"],\"url\":\"https:\\\/\\\/dpress.ma\\\/fr\\\/author\\\/dpress-ma\\\/\"}]}<\/script>\n<!-- \/ Yoast SEO plugin. -->","yoast_head_json":{"title":"Le digital appel\u00e9 \u00e0 devenir un levier strat\u00e9gique du d\u00e9veloppement \u00e9conomique et social - Dpress.ma\/fr","robots":{"index":"index","follow":"follow","max-snippet":"max-snippet:-1","max-image-preview":"max-image-preview:large","max-video-preview":"max-video-preview:-1"},"canonical":"https:\/\/dpress.ma\/fr\/2026\/04\/10\/le-digital-appele-a-devenir-un-levier-strategique-du-developpement-economique-et-social\/","og_locale":"fr_FR","og_type":"article","og_title":"Le digital appel\u00e9 \u00e0 devenir un levier strat\u00e9gique du d\u00e9veloppement \u00e9conomique et social - Dpress.ma\/fr","og_description":"Dpress Le digital est appel\u00e9 \u00e0 devenir un levier de d\u00e9veloppement \u00e9conomique et social conciliant modernit\u00e9 num\u00e9rique, int\u00e9r\u00eat g\u00e9n\u00e9ral, souverainet\u00e9 culturelle et soutenabilit\u00e9 d\u00e9mocratique, a indiqu\u00e9, jeudi \u00e0 Rabat, la pr\u00e9sidente de la Haute Autorit\u00e9 de la Communication Audiovisuelle (HACA), Latifa Akharbach. S\u2019exprimant \u00e0 l\u2019occasion d\u2019une conf\u00e9rence organis\u00e9e par l\u2019Ecole Nationale Sup\u00e9rieure d\u2019Administration (ENSA) sous &hellip;","og_url":"https:\/\/dpress.ma\/fr\/2026\/04\/10\/le-digital-appele-a-devenir-un-levier-strategique-du-developpement-economique-et-social\/","og_site_name":"Dpress.ma\/fr","article_published_time":"2026-04-10T09:43:58+00:00","article_modified_time":"2026-04-10T09:43:59+00:00","og_image":[{"width":2539,"height":1594,"url":"https:\/\/dpress.ma\/fr\/wp-content\/uploads\/sites\/2\/2026\/04\/42-6.jpg","type":"image\/jpeg"}],"author":"Dpress.ma","twitter_card":"summary_large_image","twitter_misc":{"\u00c9crit par":"Dpress.ma","Dur\u00e9e de lecture estim\u00e9e":"4 minutes"},"schema":{"@context":"https:\/\/schema.org","@graph":[{"@type":"Article","@id":"https:\/\/dpress.ma\/fr\/2026\/04\/10\/le-digital-appele-a-devenir-un-levier-strategique-du-developpement-economique-et-social\/#article","isPartOf":{"@id":"https:\/\/dpress.ma\/fr\/2026\/04\/10\/le-digital-appele-a-devenir-un-levier-strategique-du-developpement-economique-et-social\/"},"author":{"name":"Dpress.ma","@id":"https:\/\/dpress.ma\/fr\/#\/schema\/person\/4898febf3ccd59e6578d838656a306a0"},"headline":"Le digital appel\u00e9 \u00e0 devenir un levier strat\u00e9gique du d\u00e9veloppement \u00e9conomique et social","datePublished":"2026-04-10T09:43:58+00:00","dateModified":"2026-04-10T09:43:59+00:00","mainEntityOfPage":{"@id":"https:\/\/dpress.ma\/fr\/2026\/04\/10\/le-digital-appele-a-devenir-un-levier-strategique-du-developpement-economique-et-social\/"},"wordCount":847,"commentCount":0,"image":{"@id":"https:\/\/dpress.ma\/fr\/2026\/04\/10\/le-digital-appele-a-devenir-un-levier-strategique-du-developpement-economique-et-social\/#primaryimage"},"thumbnailUrl":"https:\/\/dpress.ma\/fr\/wp-content\/uploads\/sites\/2\/2026\/04\/42-6.jpg","articleSection":["opinions-et-debats"],"inLanguage":"fr-FR","potentialAction":[{"@type":"CommentAction","name":"Comment","target":["https:\/\/dpress.ma\/fr\/2026\/04\/10\/le-digital-appele-a-devenir-un-levier-strategique-du-developpement-economique-et-social\/#respond"]}]},{"@type":"WebPage","@id":"https:\/\/dpress.ma\/fr\/2026\/04\/10\/le-digital-appele-a-devenir-un-levier-strategique-du-developpement-economique-et-social\/","url":"https:\/\/dpress.ma\/fr\/2026\/04\/10\/le-digital-appele-a-devenir-un-levier-strategique-du-developpement-economique-et-social\/","name":"Le digital appel\u00e9 \u00e0 devenir un levier strat\u00e9gique du d\u00e9veloppement \u00e9conomique et social - Dpress.ma\/fr","isPartOf":{"@id":"https:\/\/dpress.ma\/fr\/#website"},"primaryImageOfPage":{"@id":"https:\/\/dpress.ma\/fr\/2026\/04\/10\/le-digital-appele-a-devenir-un-levier-strategique-du-developpement-economique-et-social\/#primaryimage"},"image":{"@id":"https:\/\/dpress.ma\/fr\/2026\/04\/10\/le-digital-appele-a-devenir-un-levier-strategique-du-developpement-economique-et-social\/#primaryimage"},"thumbnailUrl":"https:\/\/dpress.ma\/fr\/wp-content\/uploads\/sites\/2\/2026\/04\/42-6.jpg","datePublished":"2026-04-10T09:43:58+00:00","dateModified":"2026-04-10T09:43:59+00:00","author":{"@id":"https:\/\/dpress.ma\/fr\/#\/schema\/person\/4898febf3ccd59e6578d838656a306a0"},"breadcrumb":{"@id":"https:\/\/dpress.ma\/fr\/2026\/04\/10\/le-digital-appele-a-devenir-un-levier-strategique-du-developpement-economique-et-social\/#breadcrumb"},"inLanguage":"fr-FR","potentialAction":[{"@type":"ReadAction","target":["https:\/\/dpress.ma\/fr\/2026\/04\/10\/le-digital-appele-a-devenir-un-levier-strategique-du-developpement-economique-et-social\/"]}]},{"@type":"ImageObject","inLanguage":"fr-FR","@id":"https:\/\/dpress.ma\/fr\/2026\/04\/10\/le-digital-appele-a-devenir-un-levier-strategique-du-developpement-economique-et-social\/#primaryimage","url":"https:\/\/dpress.ma\/fr\/wp-content\/uploads\/sites\/2\/2026\/04\/42-6.jpg","contentUrl":"https:\/\/dpress.ma\/fr\/wp-content\/uploads\/sites\/2\/2026\/04\/42-6.jpg","width":2539,"height":1594},{"@type":"BreadcrumbList","@id":"https:\/\/dpress.ma\/fr\/2026\/04\/10\/le-digital-appele-a-devenir-un-levier-strategique-du-developpement-economique-et-social\/#breadcrumb","itemListElement":[{"@type":"ListItem","position":1,"name":"Home","item":"https:\/\/dpress.ma\/fr\/"},{"@type":"ListItem","position":2,"name":"Le digital appel\u00e9 \u00e0 devenir un levier strat\u00e9gique du d\u00e9veloppement \u00e9conomique et social"}]},{"@type":"WebSite","@id":"https:\/\/dpress.ma\/fr\/#website","url":"https:\/\/dpress.ma\/fr\/","name":"Dpress.ma\/fr","description":"","potentialAction":[{"@type":"SearchAction","target":{"@type":"EntryPoint","urlTemplate":"https:\/\/dpress.ma\/fr\/?s={search_term_string}"},"query-input":{"@type":"PropertyValueSpecification","valueRequired":true,"valueName":"search_term_string"}}],"inLanguage":"fr-FR"},{"@type":"Person","@id":"https:\/\/dpress.ma\/fr\/#\/schema\/person\/4898febf3ccd59e6578d838656a306a0","name":"Dpress.ma","image":{"@type":"ImageObject","inLanguage":"fr-FR","@id":"https:\/\/secure.gravatar.com\/avatar\/72ecc30e9db047a2e0e7176561eb9d564ed77c8108376495b19bd8336405198a?s=96&d=mm&r=g","url":"https:\/\/secure.gravatar.com\/avatar\/72ecc30e9db047a2e0e7176561eb9d564ed77c8108376495b19bd8336405198a?s=96&d=mm&r=g","contentUrl":"https:\/\/secure.gravatar.com\/avatar\/72ecc30e9db047a2e0e7176561eb9d564ed77c8108376495b19bd8336405198a?s=96&d=mm&r=g","caption":"Dpress.ma"},"sameAs":["https:\/\/www.dpress.ma"],"url":"https:\/\/dpress.ma\/fr\/author\/dpress-ma\/"}]}},"amp_enabled":true,"_links":{"self":[{"href":"https:\/\/dpress.ma\/fr\/wp-json\/wp\/v2\/posts\/28160","targetHints":{"allow":["GET"]}}],"collection":[{"href":"https:\/\/dpress.ma\/fr\/wp-json\/wp\/v2\/posts"}],"about":[{"href":"https:\/\/dpress.ma\/fr\/wp-json\/wp\/v2\/types\/post"}],"author":[{"embeddable":true,"href":"https:\/\/dpress.ma\/fr\/wp-json\/wp\/v2\/users\/2"}],"replies":[{"embeddable":true,"href":"https:\/\/dpress.ma\/fr\/wp-json\/wp\/v2\/comments?post=28160"}],"version-history":[{"count":1,"href":"https:\/\/dpress.ma\/fr\/wp-json\/wp\/v2\/posts\/28160\/revisions"}],"predecessor-version":[{"id":28162,"href":"https:\/\/dpress.ma\/fr\/wp-json\/wp\/v2\/posts\/28160\/revisions\/28162"}],"wp:featuredmedia":[{"embeddable":true,"href":"https:\/\/dpress.ma\/fr\/wp-json\/wp\/v2\/media\/28161"}],"wp:attachment":[{"href":"https:\/\/dpress.ma\/fr\/wp-json\/wp\/v2\/media?parent=28160"}],"wp:term":[{"taxonomy":"category","embeddable":true,"href":"https:\/\/dpress.ma\/fr\/wp-json\/wp\/v2\/categories?post=28160"},{"taxonomy":"post_tag","embeddable":true,"href":"https:\/\/dpress.ma\/fr\/wp-json\/wp\/v2\/tags?post=28160"}],"curies":[{"name":"wp","href":"https:\/\/api.w.org\/{rel}","templated":true}]}}