{"id":28157,"date":"2026-04-10T09:42:40","date_gmt":"2026-04-10T09:42:40","guid":{"rendered":"https:\/\/dpress.ma\/fr\/?p=28157"},"modified":"2026-04-10T09:42:42","modified_gmt":"2026-04-10T09:42:42","slug":"la-caf-est-pleinement-engagee-a-developper-le-football-africain","status":"publish","type":"post","link":"https:\/\/dpress.ma\/fr\/2026\/04\/10\/la-caf-est-pleinement-engagee-a-developper-le-football-africain\/","title":{"rendered":"La CAF est pleinement engag\u00e9e \u00e0 d\u00e9velopper le football africain"},"content":{"rendered":"\n<p>Dpress<\/p>\n\n\n\n<p>&nbsp;Le pr\u00e9sident de la Conf\u00e9d\u00e9ration africaine de football (CAF), Patrice Motsepe, a affirm\u00e9, jeudi \u00e0 Sal\u00e9, que l\u2019instance fa\u00eeti\u00e8re du football africain est pleinement engag\u00e9e dans le d\u00e9veloppement du football sur le continent.<\/p>\n\n\n\n<p>\u201cLa CAF a une volont\u00e9 et un engagement profonds de travailler avec l\u2019ensemble de ses membres afin de d\u00e9velopper et faire \u00e9voluer le football en Afrique\u201d, a soulign\u00e9 M. Mostepe lors d\u2019une conf\u00e9rence de presse tenue au Complexe Mohammed VI de football.<\/p>\n\n\n\n<p>Mettant en avant les progr\u00e8s significatifs du ballon rond africain, M. Motsepe a insist\u00e9 sur l\u2019am\u00e9lioration de la situation financi\u00e8re de la CAF, fruit des efforts conjoints de toutes les F\u00e9d\u00e9rations membres.<\/p>\n\n\n\n<p>Il a \u00e9galement affirm\u00e9 que le Maroc a organis\u00e9 la Coupe d\u2019Afrique des Nations (CAN) la plus r\u00e9ussie de l\u2019histoire \u00e0 tous les niveaux, pr\u00e9cisant que le Royaume a plac\u00e9 la barre tr\u00e8s haut, que ce soit en termes d\u2019infrastructures sportives, de logistique, de s\u00e9curit\u00e9 ou d\u2019accueil.<\/p>\n\n\n\n<p>\u201cLes pays africains doivent s\u2019inspirer du niveau d\u2019organisation atteint par le Maroc lors des comp\u00e9titions de la CAF\u201d, a-t-il ajout\u00e9, saluant l\u2019engagement du Royaume ainsi que les contributions de la F\u00e9d\u00e9ration royale marocaine de football au d\u00e9veloppement du football africain.<\/p>\n\n\n\n<p>\u00c9voquant la prochaine CAN pr\u00e9vue en 2027, il a indiqu\u00e9 que la CAF travaillera en \u00e9troite collaboration avec les trois pays organisateurs (Le Kenya, l\u2019Ouganda et la Tanzanie) afin d\u2019assurer une organisation r\u00e9ussie.<\/p>\n\n\n\n<p>Par ailleurs, M. Motsepe a soulign\u00e9 les progr\u00e8s r\u00e9alis\u00e9s en mati\u00e8re d\u2019arbitrage, gr\u00e2ce notamment \u00e0 un partenariat avec la FIFA, visant \u00e0 renforcer les comp\u00e9tences des arbitres africains et \u00e0 les hisser au rang d\u2019arbitres de classe mondiale.<\/p>\n\n\n\n<p>Il a, en outre, estim\u00e9 que les r\u00e8glements doivent continuer \u00e0 \u00e9voluer afin d\u2019accompagner la dynamique de d\u00e9veloppement du football africain<\/p>\n","protected":false},"excerpt":{"rendered":"<p>Dpress &nbsp;Le pr\u00e9sident de la Conf\u00e9d\u00e9ration africaine de football (CAF), Patrice Motsepe, a affirm\u00e9, jeudi \u00e0 Sal\u00e9, que l\u2019instance fa\u00eeti\u00e8re du football africain est pleinement engag\u00e9e dans le d\u00e9veloppement du football sur le continent. \u201cLa CAF a une volont\u00e9 et un engagement profonds de travailler avec l\u2019ensemble de ses membres afin de d\u00e9velopper et faire &hellip;<\/p>\n","protected":false},"author":2,"featured_media":28158,"comment_status":"open","ping_status":"open","sticky":false,"template":"","format":"standard","meta":{"footnotes":""},"categories":[27],"tags":[],"class_list":["post-28157","post","type-post","status-publish","format-standard","has-post-thumbnail","hentry","category-sport"],"yoast_head":"<!-- This site is optimized with the Yoast SEO plugin v27.5 - https:\/\/yoast.com\/product\/yoast-seo-wordpress\/ -->\n<title>La CAF est pleinement engag\u00e9e \u00e0 d\u00e9velopper le football africain - Dpress.ma\/fr<\/title>\n<meta name=\"robots\" content=\"index, follow, max-snippet:-1, max-image-preview:large, max-video-preview:-1\" \/>\n<link rel=\"canonical\" href=\"https:\/\/dpress.ma\/fr\/2026\/04\/10\/la-caf-est-pleinement-engagee-a-developper-le-football-africain\/\" \/>\n<meta property=\"og:locale\" content=\"fr_FR\" \/>\n<meta property=\"og:type\" content=\"article\" \/>\n<meta property=\"og:title\" content=\"La CAF est pleinement engag\u00e9e \u00e0 d\u00e9velopper le football africain - Dpress.ma\/fr\" \/>\n<meta property=\"og:description\" content=\"Dpress &nbsp;Le pr\u00e9sident de la Conf\u00e9d\u00e9ration africaine de football (CAF), Patrice Motsepe, a affirm\u00e9, jeudi \u00e0 Sal\u00e9, que l\u2019instance fa\u00eeti\u00e8re du football africain est pleinement engag\u00e9e dans le d\u00e9veloppement du football sur le continent. \u201cLa CAF a une volont\u00e9 et un engagement profonds de travailler avec l\u2019ensemble de ses membres afin de d\u00e9velopper et faire &hellip;\" \/>\n<meta property=\"og:url\" content=\"https:\/\/dpress.ma\/fr\/2026\/04\/10\/la-caf-est-pleinement-engagee-a-developper-le-football-africain\/\" \/>\n<meta property=\"og:site_name\" content=\"Dpress.ma\/fr\" \/>\n<meta property=\"article:published_time\" content=\"2026-04-10T09:42:40+00:00\" \/>\n<meta property=\"article:modified_time\" content=\"2026-04-10T09:42:42+00:00\" \/>\n<meta property=\"og:image\" content=\"https:\/\/dpress.ma\/fr\/wp-content\/uploads\/sites\/2\/2026\/04\/41-6.jpg\" \/>\n\t<meta property=\"og:image:width\" content=\"2539\" \/>\n\t<meta property=\"og:image:height\" content=\"1594\" \/>\n\t<meta property=\"og:image:type\" content=\"image\/jpeg\" \/>\n<meta name=\"author\" content=\"Dpress.ma\" \/>\n<meta name=\"twitter:card\" content=\"summary_large_image\" \/>\n<meta name=\"twitter:label1\" content=\"\u00c9crit par\" \/>\n\t<meta name=\"twitter:data1\" content=\"Dpress.ma\" \/>\n\t<meta name=\"twitter:label2\" content=\"Dur\u00e9e de lecture estim\u00e9e\" \/>\n\t<meta name=\"twitter:data2\" content=\"2 minutes\" \/>\n<script type=\"application\/ld+json\" class=\"yoast-schema-graph\">{\"@context\":\"https:\\\/\\\/schema.org\",\"@graph\":[{\"@type\":\"Article\",\"@id\":\"https:\\\/\\\/dpress.ma\\\/fr\\\/2026\\\/04\\\/10\\\/la-caf-est-pleinement-engagee-a-developper-le-football-africain\\\/#article\",\"isPartOf\":{\"@id\":\"https:\\\/\\\/dpress.ma\\\/fr\\\/2026\\\/04\\\/10\\\/la-caf-est-pleinement-engagee-a-developper-le-football-africain\\\/\"},\"author\":{\"name\":\"Dpress.ma\",\"@id\":\"https:\\\/\\\/dpress.ma\\\/fr\\\/#\\\/schema\\\/person\\\/4898febf3ccd59e6578d838656a306a0\"},\"headline\":\"La CAF est pleinement engag\u00e9e \u00e0 d\u00e9velopper le football africain\",\"datePublished\":\"2026-04-10T09:42:40+00:00\",\"dateModified\":\"2026-04-10T09:42:42+00:00\",\"mainEntityOfPage\":{\"@id\":\"https:\\\/\\\/dpress.ma\\\/fr\\\/2026\\\/04\\\/10\\\/la-caf-est-pleinement-engagee-a-developper-le-football-africain\\\/\"},\"wordCount\":340,\"commentCount\":0,\"image\":{\"@id\":\"https:\\\/\\\/dpress.ma\\\/fr\\\/2026\\\/04\\\/10\\\/la-caf-est-pleinement-engagee-a-developper-le-football-africain\\\/#primaryimage\"},\"thumbnailUrl\":\"https:\\\/\\\/dpress.ma\\\/fr\\\/wp-content\\\/uploads\\\/sites\\\/2\\\/2026\\\/04\\\/41-6.jpg\",\"articleSection\":[\"Sport\"],\"inLanguage\":\"fr-FR\",\"potentialAction\":[{\"@type\":\"CommentAction\",\"name\":\"Comment\",\"target\":[\"https:\\\/\\\/dpress.ma\\\/fr\\\/2026\\\/04\\\/10\\\/la-caf-est-pleinement-engagee-a-developper-le-football-africain\\\/#respond\"]}]},{\"@type\":\"WebPage\",\"@id\":\"https:\\\/\\\/dpress.ma\\\/fr\\\/2026\\\/04\\\/10\\\/la-caf-est-pleinement-engagee-a-developper-le-football-africain\\\/\",\"url\":\"https:\\\/\\\/dpress.ma\\\/fr\\\/2026\\\/04\\\/10\\\/la-caf-est-pleinement-engagee-a-developper-le-football-africain\\\/\",\"name\":\"La CAF est pleinement engag\u00e9e \u00e0 d\u00e9velopper le football africain - Dpress.ma\\\/fr\",\"isPartOf\":{\"@id\":\"https:\\\/\\\/dpress.ma\\\/fr\\\/#website\"},\"primaryImageOfPage\":{\"@id\":\"https:\\\/\\\/dpress.ma\\\/fr\\\/2026\\\/04\\\/10\\\/la-caf-est-pleinement-engagee-a-developper-le-football-africain\\\/#primaryimage\"},\"image\":{\"@id\":\"https:\\\/\\\/dpress.ma\\\/fr\\\/2026\\\/04\\\/10\\\/la-caf-est-pleinement-engagee-a-developper-le-football-africain\\\/#primaryimage\"},\"thumbnailUrl\":\"https:\\\/\\\/dpress.ma\\\/fr\\\/wp-content\\\/uploads\\\/sites\\\/2\\\/2026\\\/04\\\/41-6.jpg\",\"datePublished\":\"2026-04-10T09:42:40+00:00\",\"dateModified\":\"2026-04-10T09:42:42+00:00\",\"author\":{\"@id\":\"https:\\\/\\\/dpress.ma\\\/fr\\\/#\\\/schema\\\/person\\\/4898febf3ccd59e6578d838656a306a0\"},\"breadcrumb\":{\"@id\":\"https:\\\/\\\/dpress.ma\\\/fr\\\/2026\\\/04\\\/10\\\/la-caf-est-pleinement-engagee-a-developper-le-football-africain\\\/#breadcrumb\"},\"inLanguage\":\"fr-FR\",\"potentialAction\":[{\"@type\":\"ReadAction\",\"target\":[\"https:\\\/\\\/dpress.ma\\\/fr\\\/2026\\\/04\\\/10\\\/la-caf-est-pleinement-engagee-a-developper-le-football-africain\\\/\"]}]},{\"@type\":\"ImageObject\",\"inLanguage\":\"fr-FR\",\"@id\":\"https:\\\/\\\/dpress.ma\\\/fr\\\/2026\\\/04\\\/10\\\/la-caf-est-pleinement-engagee-a-developper-le-football-africain\\\/#primaryimage\",\"url\":\"https:\\\/\\\/dpress.ma\\\/fr\\\/wp-content\\\/uploads\\\/sites\\\/2\\\/2026\\\/04\\\/41-6.jpg\",\"contentUrl\":\"https:\\\/\\\/dpress.ma\\\/fr\\\/wp-content\\\/uploads\\\/sites\\\/2\\\/2026\\\/04\\\/41-6.jpg\",\"width\":2539,\"height\":1594},{\"@type\":\"BreadcrumbList\",\"@id\":\"https:\\\/\\\/dpress.ma\\\/fr\\\/2026\\\/04\\\/10\\\/la-caf-est-pleinement-engagee-a-developper-le-football-africain\\\/#breadcrumb\",\"itemListElement\":[{\"@type\":\"ListItem\",\"position\":1,\"name\":\"Home\",\"item\":\"https:\\\/\\\/dpress.ma\\\/fr\\\/\"},{\"@type\":\"ListItem\",\"position\":2,\"name\":\"La CAF est pleinement engag\u00e9e \u00e0 d\u00e9velopper le football africain\"}]},{\"@type\":\"WebSite\",\"@id\":\"https:\\\/\\\/dpress.ma\\\/fr\\\/#website\",\"url\":\"https:\\\/\\\/dpress.ma\\\/fr\\\/\",\"name\":\"Dpress.ma\\\/fr\",\"description\":\"\",\"potentialAction\":[{\"@type\":\"SearchAction\",\"target\":{\"@type\":\"EntryPoint\",\"urlTemplate\":\"https:\\\/\\\/dpress.ma\\\/fr\\\/?s={search_term_string}\"},\"query-input\":{\"@type\":\"PropertyValueSpecification\",\"valueRequired\":true,\"valueName\":\"search_term_string\"}}],\"inLanguage\":\"fr-FR\"},{\"@type\":\"Person\",\"@id\":\"https:\\\/\\\/dpress.ma\\\/fr\\\/#\\\/schema\\\/person\\\/4898febf3ccd59e6578d838656a306a0\",\"name\":\"Dpress.ma\",\"image\":{\"@type\":\"ImageObject\",\"inLanguage\":\"fr-FR\",\"@id\":\"https:\\\/\\\/secure.gravatar.com\\\/avatar\\\/72ecc30e9db047a2e0e7176561eb9d564ed77c8108376495b19bd8336405198a?s=96&d=mm&r=g\",\"url\":\"https:\\\/\\\/secure.gravatar.com\\\/avatar\\\/72ecc30e9db047a2e0e7176561eb9d564ed77c8108376495b19bd8336405198a?s=96&d=mm&r=g\",\"contentUrl\":\"https:\\\/\\\/secure.gravatar.com\\\/avatar\\\/72ecc30e9db047a2e0e7176561eb9d564ed77c8108376495b19bd8336405198a?s=96&d=mm&r=g\",\"caption\":\"Dpress.ma\"},\"sameAs\":[\"https:\\\/\\\/www.dpress.ma\"],\"url\":\"https:\\\/\\\/dpress.ma\\\/fr\\\/author\\\/dpress-ma\\\/\"}]}<\/script>\n<!-- \/ Yoast SEO plugin. -->","yoast_head_json":{"title":"La CAF est pleinement engag\u00e9e \u00e0 d\u00e9velopper le football africain - Dpress.ma\/fr","robots":{"index":"index","follow":"follow","max-snippet":"max-snippet:-1","max-image-preview":"max-image-preview:large","max-video-preview":"max-video-preview:-1"},"canonical":"https:\/\/dpress.ma\/fr\/2026\/04\/10\/la-caf-est-pleinement-engagee-a-developper-le-football-africain\/","og_locale":"fr_FR","og_type":"article","og_title":"La CAF est pleinement engag\u00e9e \u00e0 d\u00e9velopper le football africain - Dpress.ma\/fr","og_description":"Dpress &nbsp;Le pr\u00e9sident de la Conf\u00e9d\u00e9ration africaine de football (CAF), Patrice Motsepe, a affirm\u00e9, jeudi \u00e0 Sal\u00e9, que l\u2019instance fa\u00eeti\u00e8re du football africain est pleinement engag\u00e9e dans le d\u00e9veloppement du football sur le continent. \u201cLa CAF a une volont\u00e9 et un engagement profonds de travailler avec l\u2019ensemble de ses membres afin de d\u00e9velopper et faire &hellip;","og_url":"https:\/\/dpress.ma\/fr\/2026\/04\/10\/la-caf-est-pleinement-engagee-a-developper-le-football-africain\/","og_site_name":"Dpress.ma\/fr","article_published_time":"2026-04-10T09:42:40+00:00","article_modified_time":"2026-04-10T09:42:42+00:00","og_image":[{"width":2539,"height":1594,"url":"https:\/\/dpress.ma\/fr\/wp-content\/uploads\/sites\/2\/2026\/04\/41-6.jpg","type":"image\/jpeg"}],"author":"Dpress.ma","twitter_card":"summary_large_image","twitter_misc":{"\u00c9crit par":"Dpress.ma","Dur\u00e9e de lecture estim\u00e9e":"2 minutes"},"schema":{"@context":"https:\/\/schema.org","@graph":[{"@type":"Article","@id":"https:\/\/dpress.ma\/fr\/2026\/04\/10\/la-caf-est-pleinement-engagee-a-developper-le-football-africain\/#article","isPartOf":{"@id":"https:\/\/dpress.ma\/fr\/2026\/04\/10\/la-caf-est-pleinement-engagee-a-developper-le-football-africain\/"},"author":{"name":"Dpress.ma","@id":"https:\/\/dpress.ma\/fr\/#\/schema\/person\/4898febf3ccd59e6578d838656a306a0"},"headline":"La CAF est pleinement engag\u00e9e \u00e0 d\u00e9velopper le football africain","datePublished":"2026-04-10T09:42:40+00:00","dateModified":"2026-04-10T09:42:42+00:00","mainEntityOfPage":{"@id":"https:\/\/dpress.ma\/fr\/2026\/04\/10\/la-caf-est-pleinement-engagee-a-developper-le-football-africain\/"},"wordCount":340,"commentCount":0,"image":{"@id":"https:\/\/dpress.ma\/fr\/2026\/04\/10\/la-caf-est-pleinement-engagee-a-developper-le-football-africain\/#primaryimage"},"thumbnailUrl":"https:\/\/dpress.ma\/fr\/wp-content\/uploads\/sites\/2\/2026\/04\/41-6.jpg","articleSection":["Sport"],"inLanguage":"fr-FR","potentialAction":[{"@type":"CommentAction","name":"Comment","target":["https:\/\/dpress.ma\/fr\/2026\/04\/10\/la-caf-est-pleinement-engagee-a-developper-le-football-africain\/#respond"]}]},{"@type":"WebPage","@id":"https:\/\/dpress.ma\/fr\/2026\/04\/10\/la-caf-est-pleinement-engagee-a-developper-le-football-africain\/","url":"https:\/\/dpress.ma\/fr\/2026\/04\/10\/la-caf-est-pleinement-engagee-a-developper-le-football-africain\/","name":"La CAF est pleinement engag\u00e9e \u00e0 d\u00e9velopper le football africain - Dpress.ma\/fr","isPartOf":{"@id":"https:\/\/dpress.ma\/fr\/#website"},"primaryImageOfPage":{"@id":"https:\/\/dpress.ma\/fr\/2026\/04\/10\/la-caf-est-pleinement-engagee-a-developper-le-football-africain\/#primaryimage"},"image":{"@id":"https:\/\/dpress.ma\/fr\/2026\/04\/10\/la-caf-est-pleinement-engagee-a-developper-le-football-africain\/#primaryimage"},"thumbnailUrl":"https:\/\/dpress.ma\/fr\/wp-content\/uploads\/sites\/2\/2026\/04\/41-6.jpg","datePublished":"2026-04-10T09:42:40+00:00","dateModified":"2026-04-10T09:42:42+00:00","author":{"@id":"https:\/\/dpress.ma\/fr\/#\/schema\/person\/4898febf3ccd59e6578d838656a306a0"},"breadcrumb":{"@id":"https:\/\/dpress.ma\/fr\/2026\/04\/10\/la-caf-est-pleinement-engagee-a-developper-le-football-africain\/#breadcrumb"},"inLanguage":"fr-FR","potentialAction":[{"@type":"ReadAction","target":["https:\/\/dpress.ma\/fr\/2026\/04\/10\/la-caf-est-pleinement-engagee-a-developper-le-football-africain\/"]}]},{"@type":"ImageObject","inLanguage":"fr-FR","@id":"https:\/\/dpress.ma\/fr\/2026\/04\/10\/la-caf-est-pleinement-engagee-a-developper-le-football-africain\/#primaryimage","url":"https:\/\/dpress.ma\/fr\/wp-content\/uploads\/sites\/2\/2026\/04\/41-6.jpg","contentUrl":"https:\/\/dpress.ma\/fr\/wp-content\/uploads\/sites\/2\/2026\/04\/41-6.jpg","width":2539,"height":1594},{"@type":"BreadcrumbList","@id":"https:\/\/dpress.ma\/fr\/2026\/04\/10\/la-caf-est-pleinement-engagee-a-developper-le-football-africain\/#breadcrumb","itemListElement":[{"@type":"ListItem","position":1,"name":"Home","item":"https:\/\/dpress.ma\/fr\/"},{"@type":"ListItem","position":2,"name":"La CAF est pleinement engag\u00e9e \u00e0 d\u00e9velopper le football africain"}]},{"@type":"WebSite","@id":"https:\/\/dpress.ma\/fr\/#website","url":"https:\/\/dpress.ma\/fr\/","name":"Dpress.ma\/fr","description":"","potentialAction":[{"@type":"SearchAction","target":{"@type":"EntryPoint","urlTemplate":"https:\/\/dpress.ma\/fr\/?s={search_term_string}"},"query-input":{"@type":"PropertyValueSpecification","valueRequired":true,"valueName":"search_term_string"}}],"inLanguage":"fr-FR"},{"@type":"Person","@id":"https:\/\/dpress.ma\/fr\/#\/schema\/person\/4898febf3ccd59e6578d838656a306a0","name":"Dpress.ma","image":{"@type":"ImageObject","inLanguage":"fr-FR","@id":"https:\/\/secure.gravatar.com\/avatar\/72ecc30e9db047a2e0e7176561eb9d564ed77c8108376495b19bd8336405198a?s=96&d=mm&r=g","url":"https:\/\/secure.gravatar.com\/avatar\/72ecc30e9db047a2e0e7176561eb9d564ed77c8108376495b19bd8336405198a?s=96&d=mm&r=g","contentUrl":"https:\/\/secure.gravatar.com\/avatar\/72ecc30e9db047a2e0e7176561eb9d564ed77c8108376495b19bd8336405198a?s=96&d=mm&r=g","caption":"Dpress.ma"},"sameAs":["https:\/\/www.dpress.ma"],"url":"https:\/\/dpress.ma\/fr\/author\/dpress-ma\/"}]}},"amp_enabled":true,"_links":{"self":[{"href":"https:\/\/dpress.ma\/fr\/wp-json\/wp\/v2\/posts\/28157","targetHints":{"allow":["GET"]}}],"collection":[{"href":"https:\/\/dpress.ma\/fr\/wp-json\/wp\/v2\/posts"}],"about":[{"href":"https:\/\/dpress.ma\/fr\/wp-json\/wp\/v2\/types\/post"}],"author":[{"embeddable":true,"href":"https:\/\/dpress.ma\/fr\/wp-json\/wp\/v2\/users\/2"}],"replies":[{"embeddable":true,"href":"https:\/\/dpress.ma\/fr\/wp-json\/wp\/v2\/comments?post=28157"}],"version-history":[{"count":1,"href":"https:\/\/dpress.ma\/fr\/wp-json\/wp\/v2\/posts\/28157\/revisions"}],"predecessor-version":[{"id":28159,"href":"https:\/\/dpress.ma\/fr\/wp-json\/wp\/v2\/posts\/28157\/revisions\/28159"}],"wp:featuredmedia":[{"embeddable":true,"href":"https:\/\/dpress.ma\/fr\/wp-json\/wp\/v2\/media\/28158"}],"wp:attachment":[{"href":"https:\/\/dpress.ma\/fr\/wp-json\/wp\/v2\/media?parent=28157"}],"wp:term":[{"taxonomy":"category","embeddable":true,"href":"https:\/\/dpress.ma\/fr\/wp-json\/wp\/v2\/categories?post=28157"},{"taxonomy":"post_tag","embeddable":true,"href":"https:\/\/dpress.ma\/fr\/wp-json\/wp\/v2\/tags?post=28157"}],"curies":[{"name":"wp","href":"https:\/\/api.w.org\/{rel}","templated":true}]}}