{"id":28151,"date":"2026-04-10T09:40:22","date_gmt":"2026-04-10T09:40:22","guid":{"rendered":"https:\/\/dpress.ma\/fr\/?p=28151"},"modified":"2026-04-10T09:40:24","modified_gmt":"2026-04-10T09:40:24","slug":"casablanca-vernissage-de-lexposition-from-the-homeland-de-lartiste-noureddine-ouarhim","status":"publish","type":"post","link":"https:\/\/dpress.ma\/fr\/2026\/04\/10\/casablanca-vernissage-de-lexposition-from-the-homeland-de-lartiste-noureddine-ouarhim\/","title":{"rendered":"Casablanca : Vernissage de l\u2019exposition \u201cFrom The Homeland\u201d de l\u2019artiste Noureddine Ouarhim"},"content":{"rendered":"\n<p>Dpress<\/p>\n\n\n\n<p>Le vernissage de l\u2019exposition \u201cFrom The Homeland\/Oudarnegh\u201d, de l\u2019artiste plasticien marocain Noureddine Ouarhim, a eu lieu jeudi soir au American arts center de Casablanca, en pr\u00e9sence d\u2019artistes, de critiques d\u2019art et d\u2019amateurs de cr\u00e9ation contemporaine.<\/p>\n\n\n\n<p>Cette exposition individuelle, qui se poursuit jusqu\u2019au 8 mai, pr\u00e9sente une trentaine d\u2019\u0153uvres explorant les th\u00e9matiques de l\u2019identit\u00e9, de la m\u00e9moire et de l\u2019appartenance, \u00e0 travers l\u2019utilisation de mat\u00e9riaux organiques et naturels tels que la terre, la chaux, les racines, le fusain et le charbon. Elle invite le visiteur \u00e0 une immersion dans une v\u00e9ritable \u201cg\u00e9ographie de l\u2019\u00e2me\u201d, o\u00f9 la mati\u00e8re devient porteuse d\u2019histoire et de sens.<\/p>\n\n\n\n<p>Dans une d\u00e9claration \u00e0 la MAP, l\u2019artiste plasticien Noureddine Ouarhim, originaire de la r\u00e9gion de Haha dans la province d\u2019Essaouira, a indiqu\u00e9 que le terme amazigh \u201cOudarnegh\u201d, signifiant \u201cde nous\u201d ou \u201cnous appartient\u201d, constitue une r\u00e9flexion sur l\u2019appartenance et les racines dans un contexte o\u00f9 ces rep\u00e8res tendent \u00e0 s\u2019estomper, pr\u00e9cisant que cette d\u00e9marche s\u2019inscrit dans la continuit\u00e9 de sa pr\u00e9c\u00e9dente exposition \u201cTighmi\u201d, qui faisait r\u00e9f\u00e9rence \u00e0 la maison rurale, symbole du miroir de l\u2019identit\u00e9 et de la m\u00e9moire collective.<\/p>\n\n\n\n<p>Il a soulign\u00e9 avoir privil\u00e9gi\u00e9 dans ses \u0153uvres des \u00e9l\u00e9ments bruts et naturels, en particulier la chaux, \u00e9troitement li\u00e9e \u00e0 l\u2019architecture traditionnelle des maisons dans les douars, notant que la superposition de ses couches symbolise la m\u00e9moire, l\u2019histoire et l\u2019\u00e2me des lieux.<\/p>\n\n\n\n<p>Concernant les \u00e9motions suscit\u00e9es par ses cr\u00e9ations, l\u2019artiste a exprim\u00e9 son souhait d\u2019inviter les visiteurs \u00e0 un retour aux sources et \u00e0 leurs origines, expliquant que l\u2019utilisation de couleurs terreuses et d\u2019\u00e9l\u00e9ments inspir\u00e9s de la nature vise \u00e0 recr\u00e9er un sentiment d\u2019appartenance et de connexion \u00e0 la terre.<\/p>\n\n\n\n<p>De son c\u00f4t\u00e9, la galeriste et curatrice de l\u2019exposition, Selma Naguib, cofondatrice d\u2019Art First Gallery, a relev\u00e9 que ce premier solo show de Nourreddine Ouarhim \u00e0 Casablanca offre une exploration profonde de la mati\u00e8re organique, du temps et de l\u2019effacement, soulignant que les \u0153uvres de l\u2019artiste, qui m\u00ealent textures min\u00e9rales, fibres v\u00e9g\u00e9tales et portraits au fusain, proposent une narration puissante sur l\u2019humain et son empreinte.<\/p>\n\n\n\n<p>Mme Naguib a ajout\u00e9 que la d\u00e9marche artistique de Noureddine Ouarhim s\u2019inscrit dans une v\u00e9ritable \u201carch\u00e9ologie de la m\u00e9moire\u201d, o\u00f9 chaque \u0153uvre t\u00e9moigne d\u2019un dialogue intime entre l\u2019Homme et son environnement, faisant remarquer que l\u2019artiste parvient \u00e0 transformer des \u00e9l\u00e9ments simples et bruts en un langage plastique universel, capable de toucher le spectateur au-del\u00e0 des fronti\u00e8res culturelles et g\u00e9ographiques.<\/p>\n\n\n\n<p>Elle a \u00e9galement mis en avant la dualit\u00e9 entre la rigueur acad\u00e9mique de la formation de l\u2019artiste \u00e0 l\u2019Institut national des beaux-arts (INBA) de T\u00e9touan et l\u2019organicit\u00e9 de ses racines dans la province d\u2019Essaouira, notant que cette compl\u00e9mentarit\u00e9 conf\u00e8re \u00e0 son travail une profondeur esth\u00e9tique et conceptuelle singuli\u00e8re.<\/p>\n\n\n\n<p>\u201c\u00c0 travers cette exposition, le public est invit\u00e9 \u00e0 une r\u00e9flexion sensible sur la notion d\u2019appartenance et sur la mani\u00e8re dont la terre, en tant que matrice originelle, fa\u00e7onne l\u2019identit\u00e9 individuelle et collective\u201d, a-t-elle affirm\u00e9.<\/p>\n\n\n\n<p>N\u00e9 dans la r\u00e9gion de Haha, Noureddine Ouarhim est dipl\u00f4m\u00e9 de l\u2019INBA de T\u00e9touan. Sa pratique artistique interroge la relation profonde entre l\u2019Homme nomade et son environnement, faisant de la transformation de la mati\u00e8re un langage visuel destin\u00e9 \u00e0 \u00e9voquer la m\u00e9moire enfouie dans la terre et \u00e0 jeter un pont entre les \u00eatres humains et leurs origines.<\/p>\n","protected":false},"excerpt":{"rendered":"<p>Dpress Le vernissage de l\u2019exposition \u201cFrom The Homeland\/Oudarnegh\u201d, de l\u2019artiste plasticien marocain Noureddine Ouarhim, a eu lieu jeudi soir au American arts center de Casablanca, en pr\u00e9sence d\u2019artistes, de critiques d\u2019art et d\u2019amateurs de cr\u00e9ation contemporaine. Cette exposition individuelle, qui se poursuit jusqu\u2019au 8 mai, pr\u00e9sente une trentaine d\u2019\u0153uvres explorant les th\u00e9matiques de l\u2019identit\u00e9, de &hellip;<\/p>\n","protected":false},"author":2,"featured_media":28152,"comment_status":"open","ping_status":"open","sticky":false,"template":"","format":"standard","meta":{"footnotes":""},"categories":[31],"tags":[],"class_list":["post-28151","post","type-post","status-publish","format-standard","has-post-thumbnail","hentry","category-art-et-culture"],"yoast_head":"<!-- This site is optimized with the Yoast SEO plugin v27.5 - https:\/\/yoast.com\/product\/yoast-seo-wordpress\/ -->\n<title>Casablanca : Vernissage de l\u2019exposition \u201cFrom The Homeland\u201d de l\u2019artiste Noureddine Ouarhim - Dpress.ma\/fr<\/title>\n<meta name=\"robots\" content=\"index, follow, max-snippet:-1, max-image-preview:large, max-video-preview:-1\" \/>\n<link rel=\"canonical\" href=\"https:\/\/dpress.ma\/fr\/2026\/04\/10\/casablanca-vernissage-de-lexposition-from-the-homeland-de-lartiste-noureddine-ouarhim\/\" \/>\n<meta property=\"og:locale\" content=\"fr_FR\" \/>\n<meta property=\"og:type\" content=\"article\" \/>\n<meta property=\"og:title\" content=\"Casablanca : Vernissage de l\u2019exposition \u201cFrom The Homeland\u201d de l\u2019artiste Noureddine Ouarhim - Dpress.ma\/fr\" \/>\n<meta property=\"og:description\" content=\"Dpress Le vernissage de l\u2019exposition \u201cFrom The Homeland\/Oudarnegh\u201d, de l\u2019artiste plasticien marocain Noureddine Ouarhim, a eu lieu jeudi soir au American arts center de Casablanca, en pr\u00e9sence d\u2019artistes, de critiques d\u2019art et d\u2019amateurs de cr\u00e9ation contemporaine. Cette exposition individuelle, qui se poursuit jusqu\u2019au 8 mai, pr\u00e9sente une trentaine d\u2019\u0153uvres explorant les th\u00e9matiques de l\u2019identit\u00e9, de &hellip;\" \/>\n<meta property=\"og:url\" content=\"https:\/\/dpress.ma\/fr\/2026\/04\/10\/casablanca-vernissage-de-lexposition-from-the-homeland-de-lartiste-noureddine-ouarhim\/\" \/>\n<meta property=\"og:site_name\" content=\"Dpress.ma\/fr\" \/>\n<meta property=\"article:published_time\" content=\"2026-04-10T09:40:22+00:00\" \/>\n<meta property=\"article:modified_time\" content=\"2026-04-10T09:40:24+00:00\" \/>\n<meta property=\"og:image\" content=\"https:\/\/dpress.ma\/fr\/wp-content\/uploads\/sites\/2\/2026\/04\/39-6.jpg\" \/>\n\t<meta property=\"og:image:width\" content=\"2539\" \/>\n\t<meta property=\"og:image:height\" content=\"1594\" \/>\n\t<meta property=\"og:image:type\" content=\"image\/jpeg\" \/>\n<meta name=\"author\" content=\"Dpress.ma\" \/>\n<meta name=\"twitter:card\" content=\"summary_large_image\" \/>\n<meta name=\"twitter:label1\" content=\"\u00c9crit par\" \/>\n\t<meta name=\"twitter:data1\" content=\"Dpress.ma\" \/>\n\t<meta name=\"twitter:label2\" content=\"Dur\u00e9e de lecture estim\u00e9e\" \/>\n\t<meta name=\"twitter:data2\" content=\"3 minutes\" \/>\n<script type=\"application\/ld+json\" class=\"yoast-schema-graph\">{\"@context\":\"https:\\\/\\\/schema.org\",\"@graph\":[{\"@type\":\"Article\",\"@id\":\"https:\\\/\\\/dpress.ma\\\/fr\\\/2026\\\/04\\\/10\\\/casablanca-vernissage-de-lexposition-from-the-homeland-de-lartiste-noureddine-ouarhim\\\/#article\",\"isPartOf\":{\"@id\":\"https:\\\/\\\/dpress.ma\\\/fr\\\/2026\\\/04\\\/10\\\/casablanca-vernissage-de-lexposition-from-the-homeland-de-lartiste-noureddine-ouarhim\\\/\"},\"author\":{\"name\":\"Dpress.ma\",\"@id\":\"https:\\\/\\\/dpress.ma\\\/fr\\\/#\\\/schema\\\/person\\\/4898febf3ccd59e6578d838656a306a0\"},\"headline\":\"Casablanca : Vernissage de l\u2019exposition \u201cFrom The Homeland\u201d de l\u2019artiste Noureddine Ouarhim\",\"datePublished\":\"2026-04-10T09:40:22+00:00\",\"dateModified\":\"2026-04-10T09:40:24+00:00\",\"mainEntityOfPage\":{\"@id\":\"https:\\\/\\\/dpress.ma\\\/fr\\\/2026\\\/04\\\/10\\\/casablanca-vernissage-de-lexposition-from-the-homeland-de-lartiste-noureddine-ouarhim\\\/\"},\"wordCount\":633,\"commentCount\":0,\"image\":{\"@id\":\"https:\\\/\\\/dpress.ma\\\/fr\\\/2026\\\/04\\\/10\\\/casablanca-vernissage-de-lexposition-from-the-homeland-de-lartiste-noureddine-ouarhim\\\/#primaryimage\"},\"thumbnailUrl\":\"https:\\\/\\\/dpress.ma\\\/fr\\\/wp-content\\\/uploads\\\/sites\\\/2\\\/2026\\\/04\\\/39-6.jpg\",\"articleSection\":[\"Art et Culture\"],\"inLanguage\":\"fr-FR\",\"potentialAction\":[{\"@type\":\"CommentAction\",\"name\":\"Comment\",\"target\":[\"https:\\\/\\\/dpress.ma\\\/fr\\\/2026\\\/04\\\/10\\\/casablanca-vernissage-de-lexposition-from-the-homeland-de-lartiste-noureddine-ouarhim\\\/#respond\"]}]},{\"@type\":\"WebPage\",\"@id\":\"https:\\\/\\\/dpress.ma\\\/fr\\\/2026\\\/04\\\/10\\\/casablanca-vernissage-de-lexposition-from-the-homeland-de-lartiste-noureddine-ouarhim\\\/\",\"url\":\"https:\\\/\\\/dpress.ma\\\/fr\\\/2026\\\/04\\\/10\\\/casablanca-vernissage-de-lexposition-from-the-homeland-de-lartiste-noureddine-ouarhim\\\/\",\"name\":\"Casablanca : Vernissage de l\u2019exposition \u201cFrom The Homeland\u201d de l\u2019artiste Noureddine Ouarhim - Dpress.ma\\\/fr\",\"isPartOf\":{\"@id\":\"https:\\\/\\\/dpress.ma\\\/fr\\\/#website\"},\"primaryImageOfPage\":{\"@id\":\"https:\\\/\\\/dpress.ma\\\/fr\\\/2026\\\/04\\\/10\\\/casablanca-vernissage-de-lexposition-from-the-homeland-de-lartiste-noureddine-ouarhim\\\/#primaryimage\"},\"image\":{\"@id\":\"https:\\\/\\\/dpress.ma\\\/fr\\\/2026\\\/04\\\/10\\\/casablanca-vernissage-de-lexposition-from-the-homeland-de-lartiste-noureddine-ouarhim\\\/#primaryimage\"},\"thumbnailUrl\":\"https:\\\/\\\/dpress.ma\\\/fr\\\/wp-content\\\/uploads\\\/sites\\\/2\\\/2026\\\/04\\\/39-6.jpg\",\"datePublished\":\"2026-04-10T09:40:22+00:00\",\"dateModified\":\"2026-04-10T09:40:24+00:00\",\"author\":{\"@id\":\"https:\\\/\\\/dpress.ma\\\/fr\\\/#\\\/schema\\\/person\\\/4898febf3ccd59e6578d838656a306a0\"},\"breadcrumb\":{\"@id\":\"https:\\\/\\\/dpress.ma\\\/fr\\\/2026\\\/04\\\/10\\\/casablanca-vernissage-de-lexposition-from-the-homeland-de-lartiste-noureddine-ouarhim\\\/#breadcrumb\"},\"inLanguage\":\"fr-FR\",\"potentialAction\":[{\"@type\":\"ReadAction\",\"target\":[\"https:\\\/\\\/dpress.ma\\\/fr\\\/2026\\\/04\\\/10\\\/casablanca-vernissage-de-lexposition-from-the-homeland-de-lartiste-noureddine-ouarhim\\\/\"]}]},{\"@type\":\"ImageObject\",\"inLanguage\":\"fr-FR\",\"@id\":\"https:\\\/\\\/dpress.ma\\\/fr\\\/2026\\\/04\\\/10\\\/casablanca-vernissage-de-lexposition-from-the-homeland-de-lartiste-noureddine-ouarhim\\\/#primaryimage\",\"url\":\"https:\\\/\\\/dpress.ma\\\/fr\\\/wp-content\\\/uploads\\\/sites\\\/2\\\/2026\\\/04\\\/39-6.jpg\",\"contentUrl\":\"https:\\\/\\\/dpress.ma\\\/fr\\\/wp-content\\\/uploads\\\/sites\\\/2\\\/2026\\\/04\\\/39-6.jpg\",\"width\":2539,\"height\":1594},{\"@type\":\"BreadcrumbList\",\"@id\":\"https:\\\/\\\/dpress.ma\\\/fr\\\/2026\\\/04\\\/10\\\/casablanca-vernissage-de-lexposition-from-the-homeland-de-lartiste-noureddine-ouarhim\\\/#breadcrumb\",\"itemListElement\":[{\"@type\":\"ListItem\",\"position\":1,\"name\":\"Home\",\"item\":\"https:\\\/\\\/dpress.ma\\\/fr\\\/\"},{\"@type\":\"ListItem\",\"position\":2,\"name\":\"Casablanca : Vernissage de l\u2019exposition \u201cFrom The Homeland\u201d de l\u2019artiste Noureddine Ouarhim\"}]},{\"@type\":\"WebSite\",\"@id\":\"https:\\\/\\\/dpress.ma\\\/fr\\\/#website\",\"url\":\"https:\\\/\\\/dpress.ma\\\/fr\\\/\",\"name\":\"Dpress.ma\\\/fr\",\"description\":\"\",\"potentialAction\":[{\"@type\":\"SearchAction\",\"target\":{\"@type\":\"EntryPoint\",\"urlTemplate\":\"https:\\\/\\\/dpress.ma\\\/fr\\\/?s={search_term_string}\"},\"query-input\":{\"@type\":\"PropertyValueSpecification\",\"valueRequired\":true,\"valueName\":\"search_term_string\"}}],\"inLanguage\":\"fr-FR\"},{\"@type\":\"Person\",\"@id\":\"https:\\\/\\\/dpress.ma\\\/fr\\\/#\\\/schema\\\/person\\\/4898febf3ccd59e6578d838656a306a0\",\"name\":\"Dpress.ma\",\"image\":{\"@type\":\"ImageObject\",\"inLanguage\":\"fr-FR\",\"@id\":\"https:\\\/\\\/secure.gravatar.com\\\/avatar\\\/72ecc30e9db047a2e0e7176561eb9d564ed77c8108376495b19bd8336405198a?s=96&d=mm&r=g\",\"url\":\"https:\\\/\\\/secure.gravatar.com\\\/avatar\\\/72ecc30e9db047a2e0e7176561eb9d564ed77c8108376495b19bd8336405198a?s=96&d=mm&r=g\",\"contentUrl\":\"https:\\\/\\\/secure.gravatar.com\\\/avatar\\\/72ecc30e9db047a2e0e7176561eb9d564ed77c8108376495b19bd8336405198a?s=96&d=mm&r=g\",\"caption\":\"Dpress.ma\"},\"sameAs\":[\"https:\\\/\\\/www.dpress.ma\"],\"url\":\"https:\\\/\\\/dpress.ma\\\/fr\\\/author\\\/dpress-ma\\\/\"}]}<\/script>\n<!-- \/ Yoast SEO plugin. -->","yoast_head_json":{"title":"Casablanca : Vernissage de l\u2019exposition \u201cFrom The Homeland\u201d de l\u2019artiste Noureddine Ouarhim - Dpress.ma\/fr","robots":{"index":"index","follow":"follow","max-snippet":"max-snippet:-1","max-image-preview":"max-image-preview:large","max-video-preview":"max-video-preview:-1"},"canonical":"https:\/\/dpress.ma\/fr\/2026\/04\/10\/casablanca-vernissage-de-lexposition-from-the-homeland-de-lartiste-noureddine-ouarhim\/","og_locale":"fr_FR","og_type":"article","og_title":"Casablanca : Vernissage de l\u2019exposition \u201cFrom The Homeland\u201d de l\u2019artiste Noureddine Ouarhim - Dpress.ma\/fr","og_description":"Dpress Le vernissage de l\u2019exposition \u201cFrom The Homeland\/Oudarnegh\u201d, de l\u2019artiste plasticien marocain Noureddine Ouarhim, a eu lieu jeudi soir au American arts center de Casablanca, en pr\u00e9sence d\u2019artistes, de critiques d\u2019art et d\u2019amateurs de cr\u00e9ation contemporaine. Cette exposition individuelle, qui se poursuit jusqu\u2019au 8 mai, pr\u00e9sente une trentaine d\u2019\u0153uvres explorant les th\u00e9matiques de l\u2019identit\u00e9, de &hellip;","og_url":"https:\/\/dpress.ma\/fr\/2026\/04\/10\/casablanca-vernissage-de-lexposition-from-the-homeland-de-lartiste-noureddine-ouarhim\/","og_site_name":"Dpress.ma\/fr","article_published_time":"2026-04-10T09:40:22+00:00","article_modified_time":"2026-04-10T09:40:24+00:00","og_image":[{"width":2539,"height":1594,"url":"https:\/\/dpress.ma\/fr\/wp-content\/uploads\/sites\/2\/2026\/04\/39-6.jpg","type":"image\/jpeg"}],"author":"Dpress.ma","twitter_card":"summary_large_image","twitter_misc":{"\u00c9crit par":"Dpress.ma","Dur\u00e9e de lecture estim\u00e9e":"3 minutes"},"schema":{"@context":"https:\/\/schema.org","@graph":[{"@type":"Article","@id":"https:\/\/dpress.ma\/fr\/2026\/04\/10\/casablanca-vernissage-de-lexposition-from-the-homeland-de-lartiste-noureddine-ouarhim\/#article","isPartOf":{"@id":"https:\/\/dpress.ma\/fr\/2026\/04\/10\/casablanca-vernissage-de-lexposition-from-the-homeland-de-lartiste-noureddine-ouarhim\/"},"author":{"name":"Dpress.ma","@id":"https:\/\/dpress.ma\/fr\/#\/schema\/person\/4898febf3ccd59e6578d838656a306a0"},"headline":"Casablanca : Vernissage de l\u2019exposition \u201cFrom The Homeland\u201d de l\u2019artiste Noureddine Ouarhim","datePublished":"2026-04-10T09:40:22+00:00","dateModified":"2026-04-10T09:40:24+00:00","mainEntityOfPage":{"@id":"https:\/\/dpress.ma\/fr\/2026\/04\/10\/casablanca-vernissage-de-lexposition-from-the-homeland-de-lartiste-noureddine-ouarhim\/"},"wordCount":633,"commentCount":0,"image":{"@id":"https:\/\/dpress.ma\/fr\/2026\/04\/10\/casablanca-vernissage-de-lexposition-from-the-homeland-de-lartiste-noureddine-ouarhim\/#primaryimage"},"thumbnailUrl":"https:\/\/dpress.ma\/fr\/wp-content\/uploads\/sites\/2\/2026\/04\/39-6.jpg","articleSection":["Art et Culture"],"inLanguage":"fr-FR","potentialAction":[{"@type":"CommentAction","name":"Comment","target":["https:\/\/dpress.ma\/fr\/2026\/04\/10\/casablanca-vernissage-de-lexposition-from-the-homeland-de-lartiste-noureddine-ouarhim\/#respond"]}]},{"@type":"WebPage","@id":"https:\/\/dpress.ma\/fr\/2026\/04\/10\/casablanca-vernissage-de-lexposition-from-the-homeland-de-lartiste-noureddine-ouarhim\/","url":"https:\/\/dpress.ma\/fr\/2026\/04\/10\/casablanca-vernissage-de-lexposition-from-the-homeland-de-lartiste-noureddine-ouarhim\/","name":"Casablanca : Vernissage de l\u2019exposition \u201cFrom The Homeland\u201d de l\u2019artiste Noureddine Ouarhim - Dpress.ma\/fr","isPartOf":{"@id":"https:\/\/dpress.ma\/fr\/#website"},"primaryImageOfPage":{"@id":"https:\/\/dpress.ma\/fr\/2026\/04\/10\/casablanca-vernissage-de-lexposition-from-the-homeland-de-lartiste-noureddine-ouarhim\/#primaryimage"},"image":{"@id":"https:\/\/dpress.ma\/fr\/2026\/04\/10\/casablanca-vernissage-de-lexposition-from-the-homeland-de-lartiste-noureddine-ouarhim\/#primaryimage"},"thumbnailUrl":"https:\/\/dpress.ma\/fr\/wp-content\/uploads\/sites\/2\/2026\/04\/39-6.jpg","datePublished":"2026-04-10T09:40:22+00:00","dateModified":"2026-04-10T09:40:24+00:00","author":{"@id":"https:\/\/dpress.ma\/fr\/#\/schema\/person\/4898febf3ccd59e6578d838656a306a0"},"breadcrumb":{"@id":"https:\/\/dpress.ma\/fr\/2026\/04\/10\/casablanca-vernissage-de-lexposition-from-the-homeland-de-lartiste-noureddine-ouarhim\/#breadcrumb"},"inLanguage":"fr-FR","potentialAction":[{"@type":"ReadAction","target":["https:\/\/dpress.ma\/fr\/2026\/04\/10\/casablanca-vernissage-de-lexposition-from-the-homeland-de-lartiste-noureddine-ouarhim\/"]}]},{"@type":"ImageObject","inLanguage":"fr-FR","@id":"https:\/\/dpress.ma\/fr\/2026\/04\/10\/casablanca-vernissage-de-lexposition-from-the-homeland-de-lartiste-noureddine-ouarhim\/#primaryimage","url":"https:\/\/dpress.ma\/fr\/wp-content\/uploads\/sites\/2\/2026\/04\/39-6.jpg","contentUrl":"https:\/\/dpress.ma\/fr\/wp-content\/uploads\/sites\/2\/2026\/04\/39-6.jpg","width":2539,"height":1594},{"@type":"BreadcrumbList","@id":"https:\/\/dpress.ma\/fr\/2026\/04\/10\/casablanca-vernissage-de-lexposition-from-the-homeland-de-lartiste-noureddine-ouarhim\/#breadcrumb","itemListElement":[{"@type":"ListItem","position":1,"name":"Home","item":"https:\/\/dpress.ma\/fr\/"},{"@type":"ListItem","position":2,"name":"Casablanca : Vernissage de l\u2019exposition \u201cFrom The Homeland\u201d de l\u2019artiste Noureddine Ouarhim"}]},{"@type":"WebSite","@id":"https:\/\/dpress.ma\/fr\/#website","url":"https:\/\/dpress.ma\/fr\/","name":"Dpress.ma\/fr","description":"","potentialAction":[{"@type":"SearchAction","target":{"@type":"EntryPoint","urlTemplate":"https:\/\/dpress.ma\/fr\/?s={search_term_string}"},"query-input":{"@type":"PropertyValueSpecification","valueRequired":true,"valueName":"search_term_string"}}],"inLanguage":"fr-FR"},{"@type":"Person","@id":"https:\/\/dpress.ma\/fr\/#\/schema\/person\/4898febf3ccd59e6578d838656a306a0","name":"Dpress.ma","image":{"@type":"ImageObject","inLanguage":"fr-FR","@id":"https:\/\/secure.gravatar.com\/avatar\/72ecc30e9db047a2e0e7176561eb9d564ed77c8108376495b19bd8336405198a?s=96&d=mm&r=g","url":"https:\/\/secure.gravatar.com\/avatar\/72ecc30e9db047a2e0e7176561eb9d564ed77c8108376495b19bd8336405198a?s=96&d=mm&r=g","contentUrl":"https:\/\/secure.gravatar.com\/avatar\/72ecc30e9db047a2e0e7176561eb9d564ed77c8108376495b19bd8336405198a?s=96&d=mm&r=g","caption":"Dpress.ma"},"sameAs":["https:\/\/www.dpress.ma"],"url":"https:\/\/dpress.ma\/fr\/author\/dpress-ma\/"}]}},"amp_enabled":true,"_links":{"self":[{"href":"https:\/\/dpress.ma\/fr\/wp-json\/wp\/v2\/posts\/28151","targetHints":{"allow":["GET"]}}],"collection":[{"href":"https:\/\/dpress.ma\/fr\/wp-json\/wp\/v2\/posts"}],"about":[{"href":"https:\/\/dpress.ma\/fr\/wp-json\/wp\/v2\/types\/post"}],"author":[{"embeddable":true,"href":"https:\/\/dpress.ma\/fr\/wp-json\/wp\/v2\/users\/2"}],"replies":[{"embeddable":true,"href":"https:\/\/dpress.ma\/fr\/wp-json\/wp\/v2\/comments?post=28151"}],"version-history":[{"count":1,"href":"https:\/\/dpress.ma\/fr\/wp-json\/wp\/v2\/posts\/28151\/revisions"}],"predecessor-version":[{"id":28153,"href":"https:\/\/dpress.ma\/fr\/wp-json\/wp\/v2\/posts\/28151\/revisions\/28153"}],"wp:featuredmedia":[{"embeddable":true,"href":"https:\/\/dpress.ma\/fr\/wp-json\/wp\/v2\/media\/28152"}],"wp:attachment":[{"href":"https:\/\/dpress.ma\/fr\/wp-json\/wp\/v2\/media?parent=28151"}],"wp:term":[{"taxonomy":"category","embeddable":true,"href":"https:\/\/dpress.ma\/fr\/wp-json\/wp\/v2\/categories?post=28151"},{"taxonomy":"post_tag","embeddable":true,"href":"https:\/\/dpress.ma\/fr\/wp-json\/wp\/v2\/tags?post=28151"}],"curies":[{"name":"wp","href":"https:\/\/api.w.org\/{rel}","templated":true}]}}